{"id":64115,"date":"2023-10-30T05:40:12","date_gmt":"2023-10-30T12:40:12","guid":{"rendered":"https:\/\/fuentesfidedignas.com.mx\/?p=64115"},"modified":"2023-10-29T14:40:38","modified_gmt":"2023-10-29T21:40:38","slug":"hombre-maneja-a-exceso-de-velocidad-y-su-yerno-extranjero-le-dice-no-trae-vacas","status":"publish","type":"post","link":"https:\/\/fuentesfidedignas.com.mx\/index.php\/2023\/10\/30\/hombre-maneja-a-exceso-de-velocidad-y-su-yerno-extranjero-le-dice-no-trae-vacas\/","title":{"rendered":"Hombre maneja a exceso de velocidad y su yerno extranjero le dice &#8220;no trae vacas&#8221;"},"content":{"rendered":"\n<p><strong><em>El chico alem\u00e1n se rob\u00f3 el coraz\u00f3n de los usuarios de TikTok por su divertida frase.<\/em><\/strong><\/p>\n\n\n\n<p>En TikTok se volvi\u00f3 viral un video de un chico alem\u00e1n que, al ver que su suegro mexicano va manejando a exceso de velocidad, lanza un gracioso comentario que hizo re\u00edr a toda la familia.<\/p>\n\n\n\n<p>El clip adquiri\u00f3 popularidad r\u00e1pidamente en la plataforma, en donde ahora cuenta con novecientas cincuenta mil visualizaciones.<\/p>\n\n\n\n<p>Esto fue lo que dijo<br>El video fue compartido por la tiktoker mexicana @yarelyatrian, quien suele compartir contenido acerca de su vida diaria y algunos de los tiernos momentos que vive con Marvin, su novio alem\u00e1n.<\/p>\n\n\n\n<p>Para una de sus recientes publicaciones, la joven comparti\u00f3 una grabaci\u00f3n que fue captada al interior del auto de su padre, cuando ella, su novio y su familia viajaban en la por las calles de Ciudad de M\u00e9xico.<\/p>\n\n\n\n<p>En dicho metraje se puede observar que su padre va manejando a gran velocidad y su novio, quien va en el asiento del copiloto y est\u00e1 aprendiendo espa\u00f1ol, le dice: &#8220;No traes vacas&#8221;, refiri\u00e9ndose a que no est\u00e1 transportando ganado y por lo tanto no deber\u00eda de conducir tan r\u00e1pido.<\/p>\n\n\n\n<p>\u00c9sta expresi\u00f3n caus\u00f3 divirti\u00f3 a toda la familia, quienes no pudieron contener la risa, incluso el padre de la chica contin\u00fao con el chiste y le pregunto a su hija: &#8220;\u00bfQu\u00e9 onda con tu cuate? \u00bfDe d\u00f3nde sac\u00f3 eso?&#8221;.<\/p>\n\n\n\n<p>Por si fuera poco, el momento lleg\u00f3 hasta redes sociales, en donde m\u00faltiples usuarios simpatizaron con el novio y dejaron varios comentarios al respecto.<\/p>\n\n\n\n<p>&#8220;&#8216;No traes vacas, no traes ganado&#8217;, muy nuestra frase pa los del norte jaja&#8221;, &#8220;Quiero uno as\u00ed&#8221;, &#8220;Necesito un novio alem\u00e1n&#8221;, &#8220;Cansada de ser espectadora&#8221;, escribieron algunas personas.<\/p>\n\n\n\n<blockquote class=\"tiktok-embed\" cite=\"https:\/\/www.tiktok.com\/@yarelyatrian\/video\/7291012985953275142\" data-video-id=\"7291012985953275142\" style=\"max-width: 605px;min-width: 325px;\" > <section> <a target=\"_blank\" title=\"@yarelyatrian\" href=\"https:\/\/www.tiktok.com\/@yarelyatrian?refer=embed\" rel=\"noopener\">@yarelyatrian<\/a> Es q si maneja muy r\u00e1pido jajsj\ud83d\ude14 <a title=\"fyp\" target=\"_blank\" href=\"https:\/\/www.tiktok.com\/tag\/fyp?refer=embed\" rel=\"noopener\">#fyp<\/a> <a title=\"parati\" target=\"_blank\" href=\"https:\/\/www.tiktok.com\/tag\/parati?refer=embed\" rel=\"noopener\">#parati<\/a> <a title=\"boyfriend\" target=\"_blank\" href=\"https:\/\/www.tiktok.com\/tag\/boyfriend?refer=embed\" rel=\"noopener\">#boyfriend<\/a> <a title=\"mexico\" target=\"_blank\" href=\"https:\/\/www.tiktok.com\/tag\/mexico?refer=embed\" rel=\"noopener\">#mexico<\/a> <a title=\"family\" target=\"_blank\" href=\"https:\/\/www.tiktok.com\/tag\/family?refer=embed\" rel=\"noopener\">#family<\/a> <a target=\"_blank\" title=\"\u266c sonido original - Yarely\ud83e\uddf8\ud83d\udc97\" href=\"https:\/\/www.tiktok.com\/music\/sonido-original-7291013013620771590?refer=embed\" rel=\"noopener\">\u266c sonido original &#8211; Yarely\ud83e\uddf8\ud83d\udc97<\/a> <\/section> <\/blockquote> <script async src=\"https:\/\/www.tiktok.com\/embed.js\"><\/script>\n\n\n\n<p>Hasta ahora el video ha acumulado m\u00e1s de noventa mil &#8216;me gusta&#8217; en TikTok.<\/p>\n","protected":false},"excerpt":{"rendered":"<p>El chico alem\u00e1n se rob\u00f3 el coraz\u00f3n de los usuarios de TikTok por su divertida frase. En TikTok se volvi\u00f3 viral un video de un chico alem\u00e1n que, al ver que su suegro mexicano va manejando a exceso de velocidad, lanza un gracioso comentario que hizo re\u00edr a toda la familia. El clip adquiri\u00f3 popularidad [&hellip;]<\/p>\n","protected":false},"author":9,"featured_media":64116,"comment_status":"open","ping_status":"open","sticky":false,"template":"","format":"standard","meta":{"tdm_status":"","tdm_grid_status":"","footnotes":""},"categories":[40],"tags":[],"class_list":{"0":"post-64115","1":"post","2":"type-post","3":"status-publish","4":"format-standard","5":"has-post-thumbnail","7":"category-las-asombrosas"},"yoast_head":"<!-- This site is optimized with the Yoast SEO plugin v27.4 - https:\/\/yoast.com\/product\/yoast-seo-wordpress\/ -->\n<title>Hombre maneja a exceso de velocidad y su yerno extranjero le dice &quot;no trae vacas&quot; - Fuentes Fidedignas<\/title>\n<meta name=\"robots\" content=\"index, follow, max-snippet:-1, max-image-preview:large, max-video-preview:-1\" \/>\n<link rel=\"canonical\" href=\"https:\/\/fuentesfidedignas.com.mx\/index.php\/2023\/10\/30\/hombre-maneja-a-exceso-de-velocidad-y-su-yerno-extranjero-le-dice-no-trae-vacas\/\" \/>\n<meta property=\"og:locale\" content=\"es_MX\" \/>\n<meta property=\"og:type\" content=\"article\" \/>\n<meta property=\"og:title\" content=\"Hombre maneja a exceso de velocidad y su yerno extranjero le dice &quot;no trae vacas&quot; - Fuentes Fidedignas\" \/>\n<meta property=\"og:description\" content=\"El chico alem\u00e1n se rob\u00f3 el coraz\u00f3n de los usuarios de TikTok por su divertida frase. En TikTok se volvi\u00f3 viral un video de un chico alem\u00e1n que, al ver que su suegro mexicano va manejando a exceso de velocidad, lanza un gracioso comentario que hizo re\u00edr a toda la familia. El clip adquiri\u00f3 popularidad [&hellip;]\" \/>\n<meta property=\"og:url\" content=\"https:\/\/fuentesfidedignas.com.mx\/index.php\/2023\/10\/30\/hombre-maneja-a-exceso-de-velocidad-y-su-yerno-extranjero-le-dice-no-trae-vacas\/\" \/>\n<meta property=\"og:site_name\" content=\"Fuentes Fidedignas\" \/>\n<meta property=\"article:publisher\" content=\"https:\/\/www.facebook.com\/Fuentes-Fidedignas-368234489921644\" \/>\n<meta property=\"article:published_time\" content=\"2023-10-30T12:40:12+00:00\" \/>\n<meta property=\"og:image\" content=\"https:\/\/fuentesfidedignas.com.mx\/wp-content\/uploads\/2023\/10\/NOVIO_VACAS.jpg\" \/>\n\t<meta property=\"og:image:width\" content=\"1069\" \/>\n\t<meta property=\"og:image:height\" content=\"715\" \/>\n\t<meta property=\"og:image:type\" content=\"image\/jpeg\" \/>\n<meta name=\"author\" content=\"Milenio\" \/>\n<meta name=\"twitter:card\" content=\"summary_large_image\" \/>\n<meta name=\"twitter:creator\" content=\"@fidedignas\" \/>\n<meta name=\"twitter:site\" content=\"@fidedignas\" \/>\n<meta name=\"twitter:label1\" content=\"Escrito por\" \/>\n\t<meta name=\"twitter:data1\" content=\"Milenio\" \/>\n\t<meta name=\"twitter:label2\" content=\"Tiempo de lectura\" \/>\n\t<meta name=\"twitter:data2\" content=\"2 minutos\" \/>\n<script type=\"application\/ld+json\" class=\"yoast-schema-graph\">{\"@context\":\"https:\\\/\\\/schema.org\",\"@graph\":[{\"@type\":\"Article\",\"@id\":\"https:\\\/\\\/fuentesfidedignas.com.mx\\\/index.php\\\/2023\\\/10\\\/30\\\/hombre-maneja-a-exceso-de-velocidad-y-su-yerno-extranjero-le-dice-no-trae-vacas\\\/#article\",\"isPartOf\":{\"@id\":\"https:\\\/\\\/fuentesfidedignas.com.mx\\\/index.php\\\/2023\\\/10\\\/30\\\/hombre-maneja-a-exceso-de-velocidad-y-su-yerno-extranjero-le-dice-no-trae-vacas\\\/\"},\"author\":{\"name\":\"Milenio\",\"@id\":\"https:\\\/\\\/fuentesfidedignas.com.mx\\\/#\\\/schema\\\/person\\\/47ec0135738f4b0c7495f06a77a2c976\"},\"headline\":\"Hombre maneja a exceso de velocidad y su yerno extranjero le dice &#8220;no trae vacas&#8221;\",\"datePublished\":\"2023-10-30T12:40:12+00:00\",\"mainEntityOfPage\":{\"@id\":\"https:\\\/\\\/fuentesfidedignas.com.mx\\\/index.php\\\/2023\\\/10\\\/30\\\/hombre-maneja-a-exceso-de-velocidad-y-su-yerno-extranjero-le-dice-no-trae-vacas\\\/\"},\"wordCount\":347,\"commentCount\":0,\"publisher\":{\"@id\":\"https:\\\/\\\/fuentesfidedignas.com.mx\\\/#organization\"},\"image\":{\"@id\":\"https:\\\/\\\/fuentesfidedignas.com.mx\\\/index.php\\\/2023\\\/10\\\/30\\\/hombre-maneja-a-exceso-de-velocidad-y-su-yerno-extranjero-le-dice-no-trae-vacas\\\/#primaryimage\"},\"thumbnailUrl\":\"https:\\\/\\\/fuentesfidedignas.com.mx\\\/wp-content\\\/uploads\\\/2023\\\/10\\\/NOVIO_VACAS.jpg\",\"articleSection\":[\"LAS ASOMBROSAS\"],\"inLanguage\":\"es\",\"potentialAction\":[{\"@type\":\"CommentAction\",\"name\":\"Comment\",\"target\":[\"https:\\\/\\\/fuentesfidedignas.com.mx\\\/index.php\\\/2023\\\/10\\\/30\\\/hombre-maneja-a-exceso-de-velocidad-y-su-yerno-extranjero-le-dice-no-trae-vacas\\\/#respond\"]}]},{\"@type\":\"WebPage\",\"@id\":\"https:\\\/\\\/fuentesfidedignas.com.mx\\\/index.php\\\/2023\\\/10\\\/30\\\/hombre-maneja-a-exceso-de-velocidad-y-su-yerno-extranjero-le-dice-no-trae-vacas\\\/\",\"url\":\"https:\\\/\\\/fuentesfidedignas.com.mx\\\/index.php\\\/2023\\\/10\\\/30\\\/hombre-maneja-a-exceso-de-velocidad-y-su-yerno-extranjero-le-dice-no-trae-vacas\\\/\",\"name\":\"Hombre maneja a exceso de velocidad y su yerno extranjero le dice \\\"no trae vacas\\\" - Fuentes Fidedignas\",\"isPartOf\":{\"@id\":\"https:\\\/\\\/fuentesfidedignas.com.mx\\\/#website\"},\"primaryImageOfPage\":{\"@id\":\"https:\\\/\\\/fuentesfidedignas.com.mx\\\/index.php\\\/2023\\\/10\\\/30\\\/hombre-maneja-a-exceso-de-velocidad-y-su-yerno-extranjero-le-dice-no-trae-vacas\\\/#primaryimage\"},\"image\":{\"@id\":\"https:\\\/\\\/fuentesfidedignas.com.mx\\\/index.php\\\/2023\\\/10\\\/30\\\/hombre-maneja-a-exceso-de-velocidad-y-su-yerno-extranjero-le-dice-no-trae-vacas\\\/#primaryimage\"},\"thumbnailUrl\":\"https:\\\/\\\/fuentesfidedignas.com.mx\\\/wp-content\\\/uploads\\\/2023\\\/10\\\/NOVIO_VACAS.jpg\",\"datePublished\":\"2023-10-30T12:40:12+00:00\",\"breadcrumb\":{\"@id\":\"https:\\\/\\\/fuentesfidedignas.com.mx\\\/index.php\\\/2023\\\/10\\\/30\\\/hombre-maneja-a-exceso-de-velocidad-y-su-yerno-extranjero-le-dice-no-trae-vacas\\\/#breadcrumb\"},\"inLanguage\":\"es\",\"potentialAction\":[{\"@type\":\"ReadAction\",\"target\":[\"https:\\\/\\\/fuentesfidedignas.com.mx\\\/index.php\\\/2023\\\/10\\\/30\\\/hombre-maneja-a-exceso-de-velocidad-y-su-yerno-extranjero-le-dice-no-trae-vacas\\\/\"]}]},{\"@type\":\"ImageObject\",\"inLanguage\":\"es\",\"@id\":\"https:\\\/\\\/fuentesfidedignas.com.mx\\\/index.php\\\/2023\\\/10\\\/30\\\/hombre-maneja-a-exceso-de-velocidad-y-su-yerno-extranjero-le-dice-no-trae-vacas\\\/#primaryimage\",\"url\":\"https:\\\/\\\/fuentesfidedignas.com.mx\\\/wp-content\\\/uploads\\\/2023\\\/10\\\/NOVIO_VACAS.jpg\",\"contentUrl\":\"https:\\\/\\\/fuentesfidedignas.com.mx\\\/wp-content\\\/uploads\\\/2023\\\/10\\\/NOVIO_VACAS.jpg\",\"width\":1069,\"height\":715},{\"@type\":\"BreadcrumbList\",\"@id\":\"https:\\\/\\\/fuentesfidedignas.com.mx\\\/index.php\\\/2023\\\/10\\\/30\\\/hombre-maneja-a-exceso-de-velocidad-y-su-yerno-extranjero-le-dice-no-trae-vacas\\\/#breadcrumb\",\"itemListElement\":[{\"@type\":\"ListItem\",\"position\":1,\"name\":\"Inicio\",\"item\":\"https:\\\/\\\/fuentesfidedignas.com.mx\\\/\"},{\"@type\":\"ListItem\",\"position\":2,\"name\":\"Hombre maneja a exceso de velocidad y su yerno extranjero le dice &#8220;no trae vacas&#8221;\"}]},{\"@type\":\"WebSite\",\"@id\":\"https:\\\/\\\/fuentesfidedignas.com.mx\\\/#website\",\"url\":\"https:\\\/\\\/fuentesfidedignas.com.mx\\\/\",\"name\":\"Fuentes Fidedignas\",\"description\":\"Otro sitio realizado con WordPress\",\"publisher\":{\"@id\":\"https:\\\/\\\/fuentesfidedignas.com.mx\\\/#organization\"},\"potentialAction\":[{\"@type\":\"SearchAction\",\"target\":{\"@type\":\"EntryPoint\",\"urlTemplate\":\"https:\\\/\\\/fuentesfidedignas.com.mx\\\/?s={search_term_string}\"},\"query-input\":{\"@type\":\"PropertyValueSpecification\",\"valueRequired\":true,\"valueName\":\"search_term_string\"}}],\"inLanguage\":\"es\"},{\"@type\":\"Organization\",\"@id\":\"https:\\\/\\\/fuentesfidedignas.com.mx\\\/#organization\",\"name\":\"Fuentes Fidedignas\",\"url\":\"https:\\\/\\\/fuentesfidedignas.com.mx\\\/\",\"logo\":{\"@type\":\"ImageObject\",\"inLanguage\":\"es\",\"@id\":\"https:\\\/\\\/fuentesfidedignas.com.mx\\\/#\\\/schema\\\/logo\\\/image\\\/\",\"url\":\"https:\\\/\\\/fuentesfidedignas.com.mx\\\/wp-content\\\/uploads\\\/2021\\\/04\\\/logo-retina.png\",\"contentUrl\":\"https:\\\/\\\/fuentesfidedignas.com.mx\\\/wp-content\\\/uploads\\\/2021\\\/04\\\/logo-retina.png\",\"width\":280,\"height\":51,\"caption\":\"Fuentes Fidedignas\"},\"image\":{\"@id\":\"https:\\\/\\\/fuentesfidedignas.com.mx\\\/#\\\/schema\\\/logo\\\/image\\\/\"},\"sameAs\":[\"https:\\\/\\\/www.facebook.com\\\/Fuentes-Fidedignas-368234489921644\",\"https:\\\/\\\/x.com\\\/fidedignas\"]},{\"@type\":\"Person\",\"@id\":\"https:\\\/\\\/fuentesfidedignas.com.mx\\\/#\\\/schema\\\/person\\\/47ec0135738f4b0c7495f06a77a2c976\",\"name\":\"Milenio\",\"image\":{\"@type\":\"ImageObject\",\"inLanguage\":\"es\",\"@id\":\"https:\\\/\\\/secure.gravatar.com\\\/avatar\\\/acabf7b54753e51c2c76457954577c236b3b764789b19879565769739d1e4a75?s=96&d=mm&r=g\",\"url\":\"https:\\\/\\\/secure.gravatar.com\\\/avatar\\\/acabf7b54753e51c2c76457954577c236b3b764789b19879565769739d1e4a75?s=96&d=mm&r=g\",\"contentUrl\":\"https:\\\/\\\/secure.gravatar.com\\\/avatar\\\/acabf7b54753e51c2c76457954577c236b3b764789b19879565769739d1e4a75?s=96&d=mm&r=g\",\"caption\":\"Milenio\"},\"url\":\"https:\\\/\\\/fuentesfidedignas.com.mx\\\/index.php\\\/author\\\/milenio\\\/\"}]}<\/script>\n<!-- \/ Yoast SEO plugin. -->","yoast_head_json":{"title":"Hombre maneja a exceso de velocidad y su yerno extranjero le dice \"no trae vacas\" - Fuentes Fidedignas","robots":{"index":"index","follow":"follow","max-snippet":"max-snippet:-1","max-image-preview":"max-image-preview:large","max-video-preview":"max-video-preview:-1"},"canonical":"https:\/\/fuentesfidedignas.com.mx\/index.php\/2023\/10\/30\/hombre-maneja-a-exceso-de-velocidad-y-su-yerno-extranjero-le-dice-no-trae-vacas\/","og_locale":"es_MX","og_type":"article","og_title":"Hombre maneja a exceso de velocidad y su yerno extranjero le dice \"no trae vacas\" - Fuentes Fidedignas","og_description":"El chico alem\u00e1n se rob\u00f3 el coraz\u00f3n de los usuarios de TikTok por su divertida frase. En TikTok se volvi\u00f3 viral un video de un chico alem\u00e1n que, al ver que su suegro mexicano va manejando a exceso de velocidad, lanza un gracioso comentario que hizo re\u00edr a toda la familia. El clip adquiri\u00f3 popularidad [&hellip;]","og_url":"https:\/\/fuentesfidedignas.com.mx\/index.php\/2023\/10\/30\/hombre-maneja-a-exceso-de-velocidad-y-su-yerno-extranjero-le-dice-no-trae-vacas\/","og_site_name":"Fuentes Fidedignas","article_publisher":"https:\/\/www.facebook.com\/Fuentes-Fidedignas-368234489921644","article_published_time":"2023-10-30T12:40:12+00:00","og_image":[{"width":1069,"height":715,"url":"https:\/\/fuentesfidedignas.com.mx\/wp-content\/uploads\/2023\/10\/NOVIO_VACAS.jpg","type":"image\/jpeg"}],"author":"Milenio","twitter_card":"summary_large_image","twitter_creator":"@fidedignas","twitter_site":"@fidedignas","twitter_misc":{"Escrito por":"Milenio","Tiempo de lectura":"2 minutos"},"schema":{"@context":"https:\/\/schema.org","@graph":[{"@type":"Article","@id":"https:\/\/fuentesfidedignas.com.mx\/index.php\/2023\/10\/30\/hombre-maneja-a-exceso-de-velocidad-y-su-yerno-extranjero-le-dice-no-trae-vacas\/#article","isPartOf":{"@id":"https:\/\/fuentesfidedignas.com.mx\/index.php\/2023\/10\/30\/hombre-maneja-a-exceso-de-velocidad-y-su-yerno-extranjero-le-dice-no-trae-vacas\/"},"author":{"name":"Milenio","@id":"https:\/\/fuentesfidedignas.com.mx\/#\/schema\/person\/47ec0135738f4b0c7495f06a77a2c976"},"headline":"Hombre maneja a exceso de velocidad y su yerno extranjero le dice &#8220;no trae vacas&#8221;","datePublished":"2023-10-30T12:40:12+00:00","mainEntityOfPage":{"@id":"https:\/\/fuentesfidedignas.com.mx\/index.php\/2023\/10\/30\/hombre-maneja-a-exceso-de-velocidad-y-su-yerno-extranjero-le-dice-no-trae-vacas\/"},"wordCount":347,"commentCount":0,"publisher":{"@id":"https:\/\/fuentesfidedignas.com.mx\/#organization"},"image":{"@id":"https:\/\/fuentesfidedignas.com.mx\/index.php\/2023\/10\/30\/hombre-maneja-a-exceso-de-velocidad-y-su-yerno-extranjero-le-dice-no-trae-vacas\/#primaryimage"},"thumbnailUrl":"https:\/\/fuentesfidedignas.com.mx\/wp-content\/uploads\/2023\/10\/NOVIO_VACAS.jpg","articleSection":["LAS ASOMBROSAS"],"inLanguage":"es","potentialAction":[{"@type":"CommentAction","name":"Comment","target":["https:\/\/fuentesfidedignas.com.mx\/index.php\/2023\/10\/30\/hombre-maneja-a-exceso-de-velocidad-y-su-yerno-extranjero-le-dice-no-trae-vacas\/#respond"]}]},{"@type":"WebPage","@id":"https:\/\/fuentesfidedignas.com.mx\/index.php\/2023\/10\/30\/hombre-maneja-a-exceso-de-velocidad-y-su-yerno-extranjero-le-dice-no-trae-vacas\/","url":"https:\/\/fuentesfidedignas.com.mx\/index.php\/2023\/10\/30\/hombre-maneja-a-exceso-de-velocidad-y-su-yerno-extranjero-le-dice-no-trae-vacas\/","name":"Hombre maneja a exceso de velocidad y su yerno extranjero le dice \"no trae vacas\" - Fuentes Fidedignas","isPartOf":{"@id":"https:\/\/fuentesfidedignas.com.mx\/#website"},"primaryImageOfPage":{"@id":"https:\/\/fuentesfidedignas.com.mx\/index.php\/2023\/10\/30\/hombre-maneja-a-exceso-de-velocidad-y-su-yerno-extranjero-le-dice-no-trae-vacas\/#primaryimage"},"image":{"@id":"https:\/\/fuentesfidedignas.com.mx\/index.php\/2023\/10\/30\/hombre-maneja-a-exceso-de-velocidad-y-su-yerno-extranjero-le-dice-no-trae-vacas\/#primaryimage"},"thumbnailUrl":"https:\/\/fuentesfidedignas.com.mx\/wp-content\/uploads\/2023\/10\/NOVIO_VACAS.jpg","datePublished":"2023-10-30T12:40:12+00:00","breadcrumb":{"@id":"https:\/\/fuentesfidedignas.com.mx\/index.php\/2023\/10\/30\/hombre-maneja-a-exceso-de-velocidad-y-su-yerno-extranjero-le-dice-no-trae-vacas\/#breadcrumb"},"inLanguage":"es","potentialAction":[{"@type":"ReadAction","target":["https:\/\/fuentesfidedignas.com.mx\/index.php\/2023\/10\/30\/hombre-maneja-a-exceso-de-velocidad-y-su-yerno-extranjero-le-dice-no-trae-vacas\/"]}]},{"@type":"ImageObject","inLanguage":"es","@id":"https:\/\/fuentesfidedignas.com.mx\/index.php\/2023\/10\/30\/hombre-maneja-a-exceso-de-velocidad-y-su-yerno-extranjero-le-dice-no-trae-vacas\/#primaryimage","url":"https:\/\/fuentesfidedignas.com.mx\/wp-content\/uploads\/2023\/10\/NOVIO_VACAS.jpg","contentUrl":"https:\/\/fuentesfidedignas.com.mx\/wp-content\/uploads\/2023\/10\/NOVIO_VACAS.jpg","width":1069,"height":715},{"@type":"BreadcrumbList","@id":"https:\/\/fuentesfidedignas.com.mx\/index.php\/2023\/10\/30\/hombre-maneja-a-exceso-de-velocidad-y-su-yerno-extranjero-le-dice-no-trae-vacas\/#breadcrumb","itemListElement":[{"@type":"ListItem","position":1,"name":"Inicio","item":"https:\/\/fuentesfidedignas.com.mx\/"},{"@type":"ListItem","position":2,"name":"Hombre maneja a exceso de velocidad y su yerno extranjero le dice &#8220;no trae vacas&#8221;"}]},{"@type":"WebSite","@id":"https:\/\/fuentesfidedignas.com.mx\/#website","url":"https:\/\/fuentesfidedignas.com.mx\/","name":"Fuentes Fidedignas","description":"Otro sitio realizado con WordPress","publisher":{"@id":"https:\/\/fuentesfidedignas.com.mx\/#organization"},"potentialAction":[{"@type":"SearchAction","target":{"@type":"EntryPoint","urlTemplate":"https:\/\/fuentesfidedignas.com.mx\/?s={search_term_string}"},"query-input":{"@type":"PropertyValueSpecification","valueRequired":true,"valueName":"search_term_string"}}],"inLanguage":"es"},{"@type":"Organization","@id":"https:\/\/fuentesfidedignas.com.mx\/#organization","name":"Fuentes Fidedignas","url":"https:\/\/fuentesfidedignas.com.mx\/","logo":{"@type":"ImageObject","inLanguage":"es","@id":"https:\/\/fuentesfidedignas.com.mx\/#\/schema\/logo\/image\/","url":"https:\/\/fuentesfidedignas.com.mx\/wp-content\/uploads\/2021\/04\/logo-retina.png","contentUrl":"https:\/\/fuentesfidedignas.com.mx\/wp-content\/uploads\/2021\/04\/logo-retina.png","width":280,"height":51,"caption":"Fuentes Fidedignas"},"image":{"@id":"https:\/\/fuentesfidedignas.com.mx\/#\/schema\/logo\/image\/"},"sameAs":["https:\/\/www.facebook.com\/Fuentes-Fidedignas-368234489921644","https:\/\/x.com\/fidedignas"]},{"@type":"Person","@id":"https:\/\/fuentesfidedignas.com.mx\/#\/schema\/person\/47ec0135738f4b0c7495f06a77a2c976","name":"Milenio","image":{"@type":"ImageObject","inLanguage":"es","@id":"https:\/\/secure.gravatar.com\/avatar\/acabf7b54753e51c2c76457954577c236b3b764789b19879565769739d1e4a75?s=96&d=mm&r=g","url":"https:\/\/secure.gravatar.com\/avatar\/acabf7b54753e51c2c76457954577c236b3b764789b19879565769739d1e4a75?s=96&d=mm&r=g","contentUrl":"https:\/\/secure.gravatar.com\/avatar\/acabf7b54753e51c2c76457954577c236b3b764789b19879565769739d1e4a75?s=96&d=mm&r=g","caption":"Milenio"},"url":"https:\/\/fuentesfidedignas.com.mx\/index.php\/author\/milenio\/"}]}},"_links":{"self":[{"href":"https:\/\/fuentesfidedignas.com.mx\/index.php\/wp-json\/wp\/v2\/posts\/64115","targetHints":{"allow":["GET"]}}],"collection":[{"href":"https:\/\/fuentesfidedignas.com.mx\/index.php\/wp-json\/wp\/v2\/posts"}],"about":[{"href":"https:\/\/fuentesfidedignas.com.mx\/index.php\/wp-json\/wp\/v2\/types\/post"}],"author":[{"embeddable":true,"href":"https:\/\/fuentesfidedignas.com.mx\/index.php\/wp-json\/wp\/v2\/users\/9"}],"replies":[{"embeddable":true,"href":"https:\/\/fuentesfidedignas.com.mx\/index.php\/wp-json\/wp\/v2\/comments?post=64115"}],"version-history":[{"count":1,"href":"https:\/\/fuentesfidedignas.com.mx\/index.php\/wp-json\/wp\/v2\/posts\/64115\/revisions"}],"predecessor-version":[{"id":64117,"href":"https:\/\/fuentesfidedignas.com.mx\/index.php\/wp-json\/wp\/v2\/posts\/64115\/revisions\/64117"}],"wp:featuredmedia":[{"embeddable":true,"href":"https:\/\/fuentesfidedignas.com.mx\/index.php\/wp-json\/wp\/v2\/media\/64116"}],"wp:attachment":[{"href":"https:\/\/fuentesfidedignas.com.mx\/index.php\/wp-json\/wp\/v2\/media?parent=64115"}],"wp:term":[{"taxonomy":"category","embeddable":true,"href":"https:\/\/fuentesfidedignas.com.mx\/index.php\/wp-json\/wp\/v2\/categories?post=64115"},{"taxonomy":"post_tag","embeddable":true,"href":"https:\/\/fuentesfidedignas.com.mx\/index.php\/wp-json\/wp\/v2\/tags?post=64115"}],"curies":[{"name":"wp","href":"https:\/\/api.w.org\/{rel}","templated":true}]}}