{"id":64107,"date":"2023-10-30T07:17:54","date_gmt":"2023-10-30T14:17:54","guid":{"rendered":"https:\/\/fuentesfidedignas.com.mx\/?p=64107"},"modified":"2023-10-30T07:19:08","modified_gmt":"2023-10-30T14:19:08","slug":"especialista-pide-vacunarse-contra-influenza-ante-el-incremento-de-casos-graves","status":"publish","type":"post","link":"https:\/\/fuentesfidedignas.com.mx\/index.php\/2023\/10\/30\/especialista-pide-vacunarse-contra-influenza-ante-el-incremento-de-casos-graves\/","title":{"rendered":"Especialista pide vacunarse contra influenza ante el incremento de casos graves"},"content":{"rendered":"\n<p><strong><em>El m\u00e9dico Jaime Unda advirti\u00f3 que el a\u00f1o pasado aumentaron de manera preocupante los casos de influenza, por lo que exhorta a vacunarse<\/em><\/strong><\/p>\n\n\n\n<p>Ciudad de M\u00e9xico.- Los casos graves de influenza y defunciones relacionadas con esta enfermedad se quintuplicaron en 2022 con respecto a la temporada invernal de 2021, por lo que es importante tener al mayor n\u00famero de personas vacunadas, advirti\u00f3 el m\u00e9dico Jaime Unda G\u00f3mez a prop\u00f3sito del inicio de la temporada invernal.<\/p>\n\n\n\n<p>En entrevista con EFE, el especialista pediatra del Hospital Puerta de Hierro en Guadalajara, capital del estado de Jalisco, afirm\u00f3 que, debido al periodo de aislamiento por la pandemia de COVID-19, el n\u00famero de casos de influenza disminuy\u00f3, \u201cpero el a\u00f1o pasado los servicios m\u00e9dicos registraron un aumento preocupante\u201d.<\/p>\n\n\n\n<p>Explic\u00f3 que en 2023 esperan paliar este incremento con el reforzamiento de la vacunaci\u00f3n a grupos vulnerables como los menores de 5 a\u00f1os, personas mayores de 60 a\u00f1os, mujeres embarazadas o quienes tienen alguna comorbilidad como diabetes, hipertensi\u00f3n, afecciones cardiacas o a quienes padecen c\u00e1ncer o enfermedad renal.<\/p>\n\n\n\n<p>De acuerdo con datos de la Secretar\u00eda de Salud, para la temporada invernal de 2020-2021 fueron registrados 7 casos de influenza, mientras que para la temporada 2021-2022 hubo un aumento de esta enfermedad en 3 mil 179 casos y para 2022-2023 hubo 9 mil 412 casos con datos hasta la semana 15, correspondiente a mediados de abril.<\/p>\n\n\n\n<p>En cuanto a las defunciones, en 2020-2021 hubo 1, en 2021-2022 se acumularon 155 y 287 para la semana 15 de la temporada 2022-2023, seg\u00fan el registro epidemiol\u00f3gico de la Secretar\u00eda de Salud.<\/p>\n\n\n\n<p>Unda G\u00f3mez record\u00f3 que la vacuna contra la influenza es segura y disminuye hasta en un 50 por ciento la posibilidad de que una mujer embarazada y su beb\u00e9 puedan adquirir influenza adem\u00e1s de prevenir en el menor infecciones de o\u00eddos hasta en un 31 por ciento.<\/p>\n\n\n\n<p>Expuso que \u201cen quienes padecen una enfermedad cardiovascular, contraer influenza sin estar vacunado aumenta hasta 10 veces la posibilidad de tener un infarto al coraz\u00f3n, y hasta 6 veces el riesgo de un accidente cerebrovascular\u201d.<\/p>\n\n\n\n<p>Debido a que la Organizaci\u00f3n Mundial de la Salud monitorea las cepas que podr\u00edan circular durante cada temporada, este a\u00f1o la vacuna proteger\u00e1 contra la influenza de tipo H3N2 y H1N1 y dos tipos de influenza B.<\/p>\n\n\n\n<p>\u201cEs una vacuna cuadrivalente muy segura y reduce, igual que el COVID-19, la severidad de los cuadros a\u00fan cuando no sea la misma cepa, esto hace que sea una vacuna que realmente tiene un impacto mayor\u201d, explic\u00f3.<\/p>\n\n\n\n<p>El especialista recomend\u00f3 a todas las personas vacunarse y tomar medidas de prevenci\u00f3n como usar cubrebocas en lugares cerrados, lavarse las manos, hacer saludo de etiqueta, comer sano y practicar ejercicio para favorecer el sistema inmunol\u00f3gico.<\/p>\n","protected":false},"excerpt":{"rendered":"<p>El m\u00e9dico Jaime Unda advirti\u00f3 que el a\u00f1o pasado aumentaron de manera preocupante los casos de influenza, por lo que exhorta a vacunarse Ciudad de M\u00e9xico.- Los casos graves de influenza y defunciones relacionadas con esta enfermedad se quintuplicaron en 2022 con respecto a la temporada invernal de 2021, por lo que es importante tener [&hellip;]<\/p>\n","protected":false},"author":47,"featured_media":2678,"comment_status":"open","ping_status":"open","sticky":false,"template":"","format":"standard","meta":{"tdm_status":"","tdm_grid_status":"","footnotes":""},"categories":[39],"tags":[],"class_list":{"0":"post-64107","1":"post","2":"type-post","3":"status-publish","4":"format-standard","5":"has-post-thumbnail","7":"category-noticias-nacionales"},"yoast_head":"<!-- This site is optimized with the Yoast SEO plugin v27.5 - https:\/\/yoast.com\/product\/yoast-seo-wordpress\/ -->\n<title>Especialista pide vacunarse contra influenza ante el incremento de casos graves - Fuentes Fidedignas<\/title>\n<meta name=\"robots\" content=\"index, follow, max-snippet:-1, max-image-preview:large, max-video-preview:-1\" \/>\n<link rel=\"canonical\" href=\"https:\/\/fuentesfidedignas.com.mx\/index.php\/2023\/10\/30\/especialista-pide-vacunarse-contra-influenza-ante-el-incremento-de-casos-graves\/\" \/>\n<meta property=\"og:locale\" content=\"es_MX\" \/>\n<meta property=\"og:type\" content=\"article\" \/>\n<meta property=\"og:title\" content=\"Especialista pide vacunarse contra influenza ante el incremento de casos graves - Fuentes Fidedignas\" \/>\n<meta property=\"og:description\" content=\"El m\u00e9dico Jaime Unda advirti\u00f3 que el a\u00f1o pasado aumentaron de manera preocupante los casos de influenza, por lo que exhorta a vacunarse Ciudad de M\u00e9xico.- Los casos graves de influenza y defunciones relacionadas con esta enfermedad se quintuplicaron en 2022 con respecto a la temporada invernal de 2021, por lo que es importante tener [&hellip;]\" \/>\n<meta property=\"og:url\" content=\"https:\/\/fuentesfidedignas.com.mx\/index.php\/2023\/10\/30\/especialista-pide-vacunarse-contra-influenza-ante-el-incremento-de-casos-graves\/\" \/>\n<meta property=\"og:site_name\" content=\"Fuentes Fidedignas\" \/>\n<meta property=\"article:publisher\" content=\"https:\/\/www.facebook.com\/Fuentes-Fidedignas-368234489921644\" \/>\n<meta property=\"article:published_time\" content=\"2023-10-30T14:17:54+00:00\" \/>\n<meta property=\"article:modified_time\" content=\"2023-10-30T14:19:08+00:00\" \/>\n<meta property=\"og:image\" content=\"https:\/\/fuentesfidedignas.com.mx\/wp-content\/uploads\/2021\/05\/VACUNACION-FMI.jpg\" \/>\n\t<meta property=\"og:image:width\" content=\"700\" \/>\n\t<meta property=\"og:image:height\" content=\"478\" \/>\n\t<meta property=\"og:image:type\" content=\"image\/jpeg\" \/>\n<meta name=\"author\" content=\"L\u00f3pez D\u00f3riga\" \/>\n<meta name=\"twitter:card\" content=\"summary_large_image\" \/>\n<meta name=\"twitter:creator\" content=\"@fidedignas\" \/>\n<meta name=\"twitter:site\" content=\"@fidedignas\" \/>\n<meta name=\"twitter:label1\" content=\"Escrito por\" \/>\n\t<meta name=\"twitter:data1\" content=\"L\u00f3pez D\u00f3riga\" \/>\n\t<meta name=\"twitter:label2\" content=\"Tiempo de lectura\" \/>\n\t<meta name=\"twitter:data2\" content=\"3 minutos\" \/>\n<script type=\"application\/ld+json\" class=\"yoast-schema-graph\">{\"@context\":\"https:\\\/\\\/schema.org\",\"@graph\":[{\"@type\":\"Article\",\"@id\":\"https:\\\/\\\/fuentesfidedignas.com.mx\\\/index.php\\\/2023\\\/10\\\/30\\\/especialista-pide-vacunarse-contra-influenza-ante-el-incremento-de-casos-graves\\\/#article\",\"isPartOf\":{\"@id\":\"https:\\\/\\\/fuentesfidedignas.com.mx\\\/index.php\\\/2023\\\/10\\\/30\\\/especialista-pide-vacunarse-contra-influenza-ante-el-incremento-de-casos-graves\\\/\"},\"author\":{\"name\":\"L\u00f3pez D\u00f3riga\",\"@id\":\"https:\\\/\\\/fuentesfidedignas.com.mx\\\/#\\\/schema\\\/person\\\/67d852f0557c8509146a4b9ddebd543a\"},\"headline\":\"Especialista pide vacunarse contra influenza ante el incremento de casos graves\",\"datePublished\":\"2023-10-30T14:17:54+00:00\",\"dateModified\":\"2023-10-30T14:19:08+00:00\",\"mainEntityOfPage\":{\"@id\":\"https:\\\/\\\/fuentesfidedignas.com.mx\\\/index.php\\\/2023\\\/10\\\/30\\\/especialista-pide-vacunarse-contra-influenza-ante-el-incremento-de-casos-graves\\\/\"},\"wordCount\":478,\"commentCount\":0,\"publisher\":{\"@id\":\"https:\\\/\\\/fuentesfidedignas.com.mx\\\/#organization\"},\"image\":{\"@id\":\"https:\\\/\\\/fuentesfidedignas.com.mx\\\/index.php\\\/2023\\\/10\\\/30\\\/especialista-pide-vacunarse-contra-influenza-ante-el-incremento-de-casos-graves\\\/#primaryimage\"},\"thumbnailUrl\":\"https:\\\/\\\/fuentesfidedignas.com.mx\\\/wp-content\\\/uploads\\\/2021\\\/05\\\/VACUNACION-FMI.jpg\",\"articleSection\":[\"NOTICIAS NACIONALES\"],\"inLanguage\":\"es\",\"potentialAction\":[{\"@type\":\"CommentAction\",\"name\":\"Comment\",\"target\":[\"https:\\\/\\\/fuentesfidedignas.com.mx\\\/index.php\\\/2023\\\/10\\\/30\\\/especialista-pide-vacunarse-contra-influenza-ante-el-incremento-de-casos-graves\\\/#respond\"]}]},{\"@type\":\"WebPage\",\"@id\":\"https:\\\/\\\/fuentesfidedignas.com.mx\\\/index.php\\\/2023\\\/10\\\/30\\\/especialista-pide-vacunarse-contra-influenza-ante-el-incremento-de-casos-graves\\\/\",\"url\":\"https:\\\/\\\/fuentesfidedignas.com.mx\\\/index.php\\\/2023\\\/10\\\/30\\\/especialista-pide-vacunarse-contra-influenza-ante-el-incremento-de-casos-graves\\\/\",\"name\":\"Especialista pide vacunarse contra influenza ante el incremento de casos graves - Fuentes Fidedignas\",\"isPartOf\":{\"@id\":\"https:\\\/\\\/fuentesfidedignas.com.mx\\\/#website\"},\"primaryImageOfPage\":{\"@id\":\"https:\\\/\\\/fuentesfidedignas.com.mx\\\/index.php\\\/2023\\\/10\\\/30\\\/especialista-pide-vacunarse-contra-influenza-ante-el-incremento-de-casos-graves\\\/#primaryimage\"},\"image\":{\"@id\":\"https:\\\/\\\/fuentesfidedignas.com.mx\\\/index.php\\\/2023\\\/10\\\/30\\\/especialista-pide-vacunarse-contra-influenza-ante-el-incremento-de-casos-graves\\\/#primaryimage\"},\"thumbnailUrl\":\"https:\\\/\\\/fuentesfidedignas.com.mx\\\/wp-content\\\/uploads\\\/2021\\\/05\\\/VACUNACION-FMI.jpg\",\"datePublished\":\"2023-10-30T14:17:54+00:00\",\"dateModified\":\"2023-10-30T14:19:08+00:00\",\"breadcrumb\":{\"@id\":\"https:\\\/\\\/fuentesfidedignas.com.mx\\\/index.php\\\/2023\\\/10\\\/30\\\/especialista-pide-vacunarse-contra-influenza-ante-el-incremento-de-casos-graves\\\/#breadcrumb\"},\"inLanguage\":\"es\",\"potentialAction\":[{\"@type\":\"ReadAction\",\"target\":[\"https:\\\/\\\/fuentesfidedignas.com.mx\\\/index.php\\\/2023\\\/10\\\/30\\\/especialista-pide-vacunarse-contra-influenza-ante-el-incremento-de-casos-graves\\\/\"]}]},{\"@type\":\"ImageObject\",\"inLanguage\":\"es\",\"@id\":\"https:\\\/\\\/fuentesfidedignas.com.mx\\\/index.php\\\/2023\\\/10\\\/30\\\/especialista-pide-vacunarse-contra-influenza-ante-el-incremento-de-casos-graves\\\/#primaryimage\",\"url\":\"https:\\\/\\\/fuentesfidedignas.com.mx\\\/wp-content\\\/uploads\\\/2021\\\/05\\\/VACUNACION-FMI.jpg\",\"contentUrl\":\"https:\\\/\\\/fuentesfidedignas.com.mx\\\/wp-content\\\/uploads\\\/2021\\\/05\\\/VACUNACION-FMI.jpg\",\"width\":700,\"height\":478},{\"@type\":\"BreadcrumbList\",\"@id\":\"https:\\\/\\\/fuentesfidedignas.com.mx\\\/index.php\\\/2023\\\/10\\\/30\\\/especialista-pide-vacunarse-contra-influenza-ante-el-incremento-de-casos-graves\\\/#breadcrumb\",\"itemListElement\":[{\"@type\":\"ListItem\",\"position\":1,\"name\":\"Inicio\",\"item\":\"https:\\\/\\\/fuentesfidedignas.com.mx\\\/\"},{\"@type\":\"ListItem\",\"position\":2,\"name\":\"Especialista pide vacunarse contra influenza ante el incremento de casos graves\"}]},{\"@type\":\"WebSite\",\"@id\":\"https:\\\/\\\/fuentesfidedignas.com.mx\\\/#website\",\"url\":\"https:\\\/\\\/fuentesfidedignas.com.mx\\\/\",\"name\":\"Fuentes Fidedignas\",\"description\":\"Otro sitio realizado con WordPress\",\"publisher\":{\"@id\":\"https:\\\/\\\/fuentesfidedignas.com.mx\\\/#organization\"},\"potentialAction\":[{\"@type\":\"SearchAction\",\"target\":{\"@type\":\"EntryPoint\",\"urlTemplate\":\"https:\\\/\\\/fuentesfidedignas.com.mx\\\/?s={search_term_string}\"},\"query-input\":{\"@type\":\"PropertyValueSpecification\",\"valueRequired\":true,\"valueName\":\"search_term_string\"}}],\"inLanguage\":\"es\"},{\"@type\":\"Organization\",\"@id\":\"https:\\\/\\\/fuentesfidedignas.com.mx\\\/#organization\",\"name\":\"Fuentes Fidedignas\",\"url\":\"https:\\\/\\\/fuentesfidedignas.com.mx\\\/\",\"logo\":{\"@type\":\"ImageObject\",\"inLanguage\":\"es\",\"@id\":\"https:\\\/\\\/fuentesfidedignas.com.mx\\\/#\\\/schema\\\/logo\\\/image\\\/\",\"url\":\"https:\\\/\\\/fuentesfidedignas.com.mx\\\/wp-content\\\/uploads\\\/2021\\\/04\\\/logo-retina.png\",\"contentUrl\":\"https:\\\/\\\/fuentesfidedignas.com.mx\\\/wp-content\\\/uploads\\\/2021\\\/04\\\/logo-retina.png\",\"width\":280,\"height\":51,\"caption\":\"Fuentes Fidedignas\"},\"image\":{\"@id\":\"https:\\\/\\\/fuentesfidedignas.com.mx\\\/#\\\/schema\\\/logo\\\/image\\\/\"},\"sameAs\":[\"https:\\\/\\\/www.facebook.com\\\/Fuentes-Fidedignas-368234489921644\",\"https:\\\/\\\/x.com\\\/fidedignas\"]},{\"@type\":\"Person\",\"@id\":\"https:\\\/\\\/fuentesfidedignas.com.mx\\\/#\\\/schema\\\/person\\\/67d852f0557c8509146a4b9ddebd543a\",\"name\":\"L\u00f3pez D\u00f3riga\",\"image\":{\"@type\":\"ImageObject\",\"inLanguage\":\"es\",\"@id\":\"https:\\\/\\\/secure.gravatar.com\\\/avatar\\\/e525b06574ca18b33cded59dfe5778d6c823b9513154eff47da551b0551bdd1e?s=96&d=mm&r=g\",\"url\":\"https:\\\/\\\/secure.gravatar.com\\\/avatar\\\/e525b06574ca18b33cded59dfe5778d6c823b9513154eff47da551b0551bdd1e?s=96&d=mm&r=g\",\"contentUrl\":\"https:\\\/\\\/secure.gravatar.com\\\/avatar\\\/e525b06574ca18b33cded59dfe5778d6c823b9513154eff47da551b0551bdd1e?s=96&d=mm&r=g\",\"caption\":\"L\u00f3pez D\u00f3riga\"},\"url\":\"https:\\\/\\\/fuentesfidedignas.com.mx\\\/index.php\\\/author\\\/doriga\\\/\"}]}<\/script>\n<!-- \/ Yoast SEO plugin. -->","yoast_head_json":{"title":"Especialista pide vacunarse contra influenza ante el incremento de casos graves - Fuentes Fidedignas","robots":{"index":"index","follow":"follow","max-snippet":"max-snippet:-1","max-image-preview":"max-image-preview:large","max-video-preview":"max-video-preview:-1"},"canonical":"https:\/\/fuentesfidedignas.com.mx\/index.php\/2023\/10\/30\/especialista-pide-vacunarse-contra-influenza-ante-el-incremento-de-casos-graves\/","og_locale":"es_MX","og_type":"article","og_title":"Especialista pide vacunarse contra influenza ante el incremento de casos graves - Fuentes Fidedignas","og_description":"El m\u00e9dico Jaime Unda advirti\u00f3 que el a\u00f1o pasado aumentaron de manera preocupante los casos de influenza, por lo que exhorta a vacunarse Ciudad de M\u00e9xico.- Los casos graves de influenza y defunciones relacionadas con esta enfermedad se quintuplicaron en 2022 con respecto a la temporada invernal de 2021, por lo que es importante tener [&hellip;]","og_url":"https:\/\/fuentesfidedignas.com.mx\/index.php\/2023\/10\/30\/especialista-pide-vacunarse-contra-influenza-ante-el-incremento-de-casos-graves\/","og_site_name":"Fuentes Fidedignas","article_publisher":"https:\/\/www.facebook.com\/Fuentes-Fidedignas-368234489921644","article_published_time":"2023-10-30T14:17:54+00:00","article_modified_time":"2023-10-30T14:19:08+00:00","og_image":[{"width":700,"height":478,"url":"https:\/\/fuentesfidedignas.com.mx\/wp-content\/uploads\/2021\/05\/VACUNACION-FMI.jpg","type":"image\/jpeg"}],"author":"L\u00f3pez D\u00f3riga","twitter_card":"summary_large_image","twitter_creator":"@fidedignas","twitter_site":"@fidedignas","twitter_misc":{"Escrito por":"L\u00f3pez D\u00f3riga","Tiempo de lectura":"3 minutos"},"schema":{"@context":"https:\/\/schema.org","@graph":[{"@type":"Article","@id":"https:\/\/fuentesfidedignas.com.mx\/index.php\/2023\/10\/30\/especialista-pide-vacunarse-contra-influenza-ante-el-incremento-de-casos-graves\/#article","isPartOf":{"@id":"https:\/\/fuentesfidedignas.com.mx\/index.php\/2023\/10\/30\/especialista-pide-vacunarse-contra-influenza-ante-el-incremento-de-casos-graves\/"},"author":{"name":"L\u00f3pez D\u00f3riga","@id":"https:\/\/fuentesfidedignas.com.mx\/#\/schema\/person\/67d852f0557c8509146a4b9ddebd543a"},"headline":"Especialista pide vacunarse contra influenza ante el incremento de casos graves","datePublished":"2023-10-30T14:17:54+00:00","dateModified":"2023-10-30T14:19:08+00:00","mainEntityOfPage":{"@id":"https:\/\/fuentesfidedignas.com.mx\/index.php\/2023\/10\/30\/especialista-pide-vacunarse-contra-influenza-ante-el-incremento-de-casos-graves\/"},"wordCount":478,"commentCount":0,"publisher":{"@id":"https:\/\/fuentesfidedignas.com.mx\/#organization"},"image":{"@id":"https:\/\/fuentesfidedignas.com.mx\/index.php\/2023\/10\/30\/especialista-pide-vacunarse-contra-influenza-ante-el-incremento-de-casos-graves\/#primaryimage"},"thumbnailUrl":"https:\/\/fuentesfidedignas.com.mx\/wp-content\/uploads\/2021\/05\/VACUNACION-FMI.jpg","articleSection":["NOTICIAS NACIONALES"],"inLanguage":"es","potentialAction":[{"@type":"CommentAction","name":"Comment","target":["https:\/\/fuentesfidedignas.com.mx\/index.php\/2023\/10\/30\/especialista-pide-vacunarse-contra-influenza-ante-el-incremento-de-casos-graves\/#respond"]}]},{"@type":"WebPage","@id":"https:\/\/fuentesfidedignas.com.mx\/index.php\/2023\/10\/30\/especialista-pide-vacunarse-contra-influenza-ante-el-incremento-de-casos-graves\/","url":"https:\/\/fuentesfidedignas.com.mx\/index.php\/2023\/10\/30\/especialista-pide-vacunarse-contra-influenza-ante-el-incremento-de-casos-graves\/","name":"Especialista pide vacunarse contra influenza ante el incremento de casos graves - Fuentes Fidedignas","isPartOf":{"@id":"https:\/\/fuentesfidedignas.com.mx\/#website"},"primaryImageOfPage":{"@id":"https:\/\/fuentesfidedignas.com.mx\/index.php\/2023\/10\/30\/especialista-pide-vacunarse-contra-influenza-ante-el-incremento-de-casos-graves\/#primaryimage"},"image":{"@id":"https:\/\/fuentesfidedignas.com.mx\/index.php\/2023\/10\/30\/especialista-pide-vacunarse-contra-influenza-ante-el-incremento-de-casos-graves\/#primaryimage"},"thumbnailUrl":"https:\/\/fuentesfidedignas.com.mx\/wp-content\/uploads\/2021\/05\/VACUNACION-FMI.jpg","datePublished":"2023-10-30T14:17:54+00:00","dateModified":"2023-10-30T14:19:08+00:00","breadcrumb":{"@id":"https:\/\/fuentesfidedignas.com.mx\/index.php\/2023\/10\/30\/especialista-pide-vacunarse-contra-influenza-ante-el-incremento-de-casos-graves\/#breadcrumb"},"inLanguage":"es","potentialAction":[{"@type":"ReadAction","target":["https:\/\/fuentesfidedignas.com.mx\/index.php\/2023\/10\/30\/especialista-pide-vacunarse-contra-influenza-ante-el-incremento-de-casos-graves\/"]}]},{"@type":"ImageObject","inLanguage":"es","@id":"https:\/\/fuentesfidedignas.com.mx\/index.php\/2023\/10\/30\/especialista-pide-vacunarse-contra-influenza-ante-el-incremento-de-casos-graves\/#primaryimage","url":"https:\/\/fuentesfidedignas.com.mx\/wp-content\/uploads\/2021\/05\/VACUNACION-FMI.jpg","contentUrl":"https:\/\/fuentesfidedignas.com.mx\/wp-content\/uploads\/2021\/05\/VACUNACION-FMI.jpg","width":700,"height":478},{"@type":"BreadcrumbList","@id":"https:\/\/fuentesfidedignas.com.mx\/index.php\/2023\/10\/30\/especialista-pide-vacunarse-contra-influenza-ante-el-incremento-de-casos-graves\/#breadcrumb","itemListElement":[{"@type":"ListItem","position":1,"name":"Inicio","item":"https:\/\/fuentesfidedignas.com.mx\/"},{"@type":"ListItem","position":2,"name":"Especialista pide vacunarse contra influenza ante el incremento de casos graves"}]},{"@type":"WebSite","@id":"https:\/\/fuentesfidedignas.com.mx\/#website","url":"https:\/\/fuentesfidedignas.com.mx\/","name":"Fuentes Fidedignas","description":"Otro sitio realizado con WordPress","publisher":{"@id":"https:\/\/fuentesfidedignas.com.mx\/#organization"},"potentialAction":[{"@type":"SearchAction","target":{"@type":"EntryPoint","urlTemplate":"https:\/\/fuentesfidedignas.com.mx\/?s={search_term_string}"},"query-input":{"@type":"PropertyValueSpecification","valueRequired":true,"valueName":"search_term_string"}}],"inLanguage":"es"},{"@type":"Organization","@id":"https:\/\/fuentesfidedignas.com.mx\/#organization","name":"Fuentes Fidedignas","url":"https:\/\/fuentesfidedignas.com.mx\/","logo":{"@type":"ImageObject","inLanguage":"es","@id":"https:\/\/fuentesfidedignas.com.mx\/#\/schema\/logo\/image\/","url":"https:\/\/fuentesfidedignas.com.mx\/wp-content\/uploads\/2021\/04\/logo-retina.png","contentUrl":"https:\/\/fuentesfidedignas.com.mx\/wp-content\/uploads\/2021\/04\/logo-retina.png","width":280,"height":51,"caption":"Fuentes Fidedignas"},"image":{"@id":"https:\/\/fuentesfidedignas.com.mx\/#\/schema\/logo\/image\/"},"sameAs":["https:\/\/www.facebook.com\/Fuentes-Fidedignas-368234489921644","https:\/\/x.com\/fidedignas"]},{"@type":"Person","@id":"https:\/\/fuentesfidedignas.com.mx\/#\/schema\/person\/67d852f0557c8509146a4b9ddebd543a","name":"L\u00f3pez D\u00f3riga","image":{"@type":"ImageObject","inLanguage":"es","@id":"https:\/\/secure.gravatar.com\/avatar\/e525b06574ca18b33cded59dfe5778d6c823b9513154eff47da551b0551bdd1e?s=96&d=mm&r=g","url":"https:\/\/secure.gravatar.com\/avatar\/e525b06574ca18b33cded59dfe5778d6c823b9513154eff47da551b0551bdd1e?s=96&d=mm&r=g","contentUrl":"https:\/\/secure.gravatar.com\/avatar\/e525b06574ca18b33cded59dfe5778d6c823b9513154eff47da551b0551bdd1e?s=96&d=mm&r=g","caption":"L\u00f3pez D\u00f3riga"},"url":"https:\/\/fuentesfidedignas.com.mx\/index.php\/author\/doriga\/"}]}},"_links":{"self":[{"href":"https:\/\/fuentesfidedignas.com.mx\/index.php\/wp-json\/wp\/v2\/posts\/64107","targetHints":{"allow":["GET"]}}],"collection":[{"href":"https:\/\/fuentesfidedignas.com.mx\/index.php\/wp-json\/wp\/v2\/posts"}],"about":[{"href":"https:\/\/fuentesfidedignas.com.mx\/index.php\/wp-json\/wp\/v2\/types\/post"}],"author":[{"embeddable":true,"href":"https:\/\/fuentesfidedignas.com.mx\/index.php\/wp-json\/wp\/v2\/users\/47"}],"replies":[{"embeddable":true,"href":"https:\/\/fuentesfidedignas.com.mx\/index.php\/wp-json\/wp\/v2\/comments?post=64107"}],"version-history":[{"count":1,"href":"https:\/\/fuentesfidedignas.com.mx\/index.php\/wp-json\/wp\/v2\/posts\/64107\/revisions"}],"predecessor-version":[{"id":64108,"href":"https:\/\/fuentesfidedignas.com.mx\/index.php\/wp-json\/wp\/v2\/posts\/64107\/revisions\/64108"}],"wp:featuredmedia":[{"embeddable":true,"href":"https:\/\/fuentesfidedignas.com.mx\/index.php\/wp-json\/wp\/v2\/media\/2678"}],"wp:attachment":[{"href":"https:\/\/fuentesfidedignas.com.mx\/index.php\/wp-json\/wp\/v2\/media?parent=64107"}],"wp:term":[{"taxonomy":"category","embeddable":true,"href":"https:\/\/fuentesfidedignas.com.mx\/index.php\/wp-json\/wp\/v2\/categories?post=64107"},{"taxonomy":"post_tag","embeddable":true,"href":"https:\/\/fuentesfidedignas.com.mx\/index.php\/wp-json\/wp\/v2\/tags?post=64107"}],"curies":[{"name":"wp","href":"https:\/\/api.w.org\/{rel}","templated":true}]}}