{"id":64100,"date":"2023-10-29T13:34:01","date_gmt":"2023-10-29T20:34:01","guid":{"rendered":"https:\/\/fuentesfidedignas.com.mx\/?p=64100"},"modified":"2023-10-29T13:34:14","modified_gmt":"2023-10-29T20:34:14","slug":"doce-personas-mueren-por-caida-de-avion-pequeno-en-brasil","status":"publish","type":"post","link":"https:\/\/fuentesfidedignas.com.mx\/index.php\/2023\/10\/29\/doce-personas-mueren-por-caida-de-avion-pequeno-en-brasil\/","title":{"rendered":"Doce personas mueren por ca\u00edda de avi\u00f3n peque\u00f1o en Brasil"},"content":{"rendered":"\n<p><strong><em>Primeros informes sostienen que el avi\u00f3n peque\u00f1o explot\u00f3 en el aire poco despu\u00e9s de despegar del aeropuerto de R\u00edo Branco y se incendi\u00f3 tras caer a tierra<\/em><\/strong><\/p>\n\n\n\n<p>Un avi\u00f3n peque\u00f1o se estrell\u00f3 cerca del aeropuerto de R\u00edo Branco y las doce personas que estaban a bordo murieron, seg\u00fan confirmaron las autoridades del estado de Acre, en la Amazon\u00eda brasile\u00f1a.<\/p>\n\n\n\n<blockquote class=\"twitter-tweet\"><p lang=\"pt\" dir=\"ltr\">Um avi\u00e3o Caravan acaba de cair perto da pista do Aeroporto Pl\u00e1cido de Castro, em Rio Branco, procedente do Amazonas. Todas as nove pessoas que estavam no avi\u00e3o morreram. <a href=\"https:\/\/t.co\/VR2wFtCWm8\">pic.twitter.com\/VR2wFtCWm8<\/a><\/p>&mdash; Altino Machado (@AltinoMachado) <a href=\"https:\/\/twitter.com\/AltinoMachado\/status\/1718622959642759179?ref_src=twsrc%5Etfw\">October 29, 2023<\/a><\/blockquote> <script async src=\"https:\/\/platform.twitter.com\/widgets.js\" charset=\"utf-8\"><\/script>\n\n\n\n<p>De acuerdo con el gobierno regional de Acre, cuya capital es R\u00edo Branco, entre las v\u00edctimas figuran ocho hombres, tres mujeres y un beb\u00e9 de un a\u00f1o y siete meses.<\/p>\n\n\n\n<p>El accidente ocurri\u00f3 por razones a\u00fan no establecidas, pero seg\u00fan testigos citados por medios locales, el avi\u00f3n peque\u00f1o explot\u00f3 en el aire poco despu\u00e9s de despegar del aeropuerto de R\u00edo Branco y se incendi\u00f3 una vez que cay\u00f3 a tierra.<\/p>\n\n\n\n<blockquote class=\"twitter-tweet\"><p lang=\"pt\" dir=\"ltr\">Um avi\u00e3o Caravan acaba de cair perto da pista do Aeroporto Pl\u00e1cido de Castro, em Rio Branco, procedente do Amazonas. Todas as nove pessoas que estavam no avi\u00e3o morreram. <a href=\"https:\/\/t.co\/klKnVME2M8\">pic.twitter.com\/klKnVME2M8<\/a><\/p>&mdash; Altino Machado (@AltinoMachado) <a href=\"https:\/\/twitter.com\/AltinoMachado\/status\/1718622217678839883?ref_src=twsrc%5Etfw\">October 29, 2023<\/a><\/blockquote> <script async src=\"https:\/\/platform.twitter.com\/widgets.js\" charset=\"utf-8\"><\/script>\n\n\n\n<p>\u201cLo que se sabe hasta el momento es que las v\u00edctimas murieron carbonizadas\u201d, inform\u00f3 el gobierno de Acre en una nota oficial, en la cual precis\u00f3 que la avioneta era una Cessna 208 modelo \u201cCaravan\u201d, que pertenec\u00eda a una empresa de taxi a\u00e9reo.<\/p>\n","protected":false},"excerpt":{"rendered":"<p>Primeros informes sostienen que el avi\u00f3n peque\u00f1o explot\u00f3 en el aire poco despu\u00e9s de despegar del aeropuerto de R\u00edo Branco y se incendi\u00f3 tras caer a tierra Un avi\u00f3n peque\u00f1o se estrell\u00f3 cerca del aeropuerto de R\u00edo Branco y las doce personas que estaban a bordo murieron, seg\u00fan confirmaron las autoridades del estado de Acre, [&hellip;]<\/p>\n","protected":false},"author":47,"featured_media":64101,"comment_status":"open","ping_status":"open","sticky":false,"template":"","format":"standard","meta":{"tdm_status":"","tdm_grid_status":"","footnotes":""},"categories":[39],"tags":[],"class_list":{"0":"post-64100","1":"post","2":"type-post","3":"status-publish","4":"format-standard","5":"has-post-thumbnail","7":"category-noticias-nacionales"},"yoast_head":"<!-- This site is optimized with the Yoast SEO plugin v27.5 - https:\/\/yoast.com\/product\/yoast-seo-wordpress\/ -->\n<title>Doce personas mueren por ca\u00edda de avi\u00f3n peque\u00f1o en Brasil - Fuentes Fidedignas<\/title>\n<meta name=\"robots\" content=\"index, follow, max-snippet:-1, max-image-preview:large, max-video-preview:-1\" \/>\n<link rel=\"canonical\" href=\"https:\/\/fuentesfidedignas.com.mx\/index.php\/2023\/10\/29\/doce-personas-mueren-por-caida-de-avion-pequeno-en-brasil\/\" \/>\n<meta property=\"og:locale\" content=\"es_MX\" \/>\n<meta property=\"og:type\" content=\"article\" \/>\n<meta property=\"og:title\" content=\"Doce personas mueren por ca\u00edda de avi\u00f3n peque\u00f1o en Brasil - Fuentes Fidedignas\" \/>\n<meta property=\"og:description\" content=\"Primeros informes sostienen que el avi\u00f3n peque\u00f1o explot\u00f3 en el aire poco despu\u00e9s de despegar del aeropuerto de R\u00edo Branco y se incendi\u00f3 tras caer a tierra Un avi\u00f3n peque\u00f1o se estrell\u00f3 cerca del aeropuerto de R\u00edo Branco y las doce personas que estaban a bordo murieron, seg\u00fan confirmaron las autoridades del estado de Acre, [&hellip;]\" \/>\n<meta property=\"og:url\" content=\"https:\/\/fuentesfidedignas.com.mx\/index.php\/2023\/10\/29\/doce-personas-mueren-por-caida-de-avion-pequeno-en-brasil\/\" \/>\n<meta property=\"og:site_name\" content=\"Fuentes Fidedignas\" \/>\n<meta property=\"article:publisher\" content=\"https:\/\/www.facebook.com\/Fuentes-Fidedignas-368234489921644\" \/>\n<meta property=\"article:published_time\" content=\"2023-10-29T20:34:01+00:00\" \/>\n<meta property=\"article:modified_time\" content=\"2023-10-29T20:34:14+00:00\" \/>\n<meta property=\"og:image\" content=\"https:\/\/fuentesfidedignas.com.mx\/wp-content\/uploads\/2023\/10\/AVION_BRASIL.jpg\" \/>\n\t<meta property=\"og:image:width\" content=\"900\" \/>\n\t<meta property=\"og:image:height\" content=\"450\" \/>\n\t<meta property=\"og:image:type\" content=\"image\/jpeg\" \/>\n<meta name=\"author\" content=\"L\u00f3pez D\u00f3riga\" \/>\n<meta name=\"twitter:card\" content=\"summary_large_image\" \/>\n<meta name=\"twitter:creator\" content=\"@fidedignas\" \/>\n<meta name=\"twitter:site\" content=\"@fidedignas\" \/>\n<meta name=\"twitter:label1\" content=\"Escrito por\" \/>\n\t<meta name=\"twitter:data1\" content=\"L\u00f3pez D\u00f3riga\" \/>\n\t<meta name=\"twitter:label2\" content=\"Tiempo de lectura\" \/>\n\t<meta name=\"twitter:data2\" content=\"1 minuto\" \/>\n<script type=\"application\/ld+json\" class=\"yoast-schema-graph\">{\"@context\":\"https:\\\/\\\/schema.org\",\"@graph\":[{\"@type\":\"Article\",\"@id\":\"https:\\\/\\\/fuentesfidedignas.com.mx\\\/index.php\\\/2023\\\/10\\\/29\\\/doce-personas-mueren-por-caida-de-avion-pequeno-en-brasil\\\/#article\",\"isPartOf\":{\"@id\":\"https:\\\/\\\/fuentesfidedignas.com.mx\\\/index.php\\\/2023\\\/10\\\/29\\\/doce-personas-mueren-por-caida-de-avion-pequeno-en-brasil\\\/\"},\"author\":{\"name\":\"L\u00f3pez D\u00f3riga\",\"@id\":\"https:\\\/\\\/fuentesfidedignas.com.mx\\\/#\\\/schema\\\/person\\\/67d852f0557c8509146a4b9ddebd543a\"},\"headline\":\"Doce personas mueren por ca\u00edda de avi\u00f3n peque\u00f1o en Brasil\",\"datePublished\":\"2023-10-29T20:34:01+00:00\",\"dateModified\":\"2023-10-29T20:34:14+00:00\",\"mainEntityOfPage\":{\"@id\":\"https:\\\/\\\/fuentesfidedignas.com.mx\\\/index.php\\\/2023\\\/10\\\/29\\\/doce-personas-mueren-por-caida-de-avion-pequeno-en-brasil\\\/\"},\"wordCount\":290,\"commentCount\":0,\"publisher\":{\"@id\":\"https:\\\/\\\/fuentesfidedignas.com.mx\\\/#organization\"},\"image\":{\"@id\":\"https:\\\/\\\/fuentesfidedignas.com.mx\\\/index.php\\\/2023\\\/10\\\/29\\\/doce-personas-mueren-por-caida-de-avion-pequeno-en-brasil\\\/#primaryimage\"},\"thumbnailUrl\":\"https:\\\/\\\/fuentesfidedignas.com.mx\\\/wp-content\\\/uploads\\\/2023\\\/10\\\/AVION_BRASIL.jpg\",\"articleSection\":[\"NOTICIAS NACIONALES\"],\"inLanguage\":\"es\",\"potentialAction\":[{\"@type\":\"CommentAction\",\"name\":\"Comment\",\"target\":[\"https:\\\/\\\/fuentesfidedignas.com.mx\\\/index.php\\\/2023\\\/10\\\/29\\\/doce-personas-mueren-por-caida-de-avion-pequeno-en-brasil\\\/#respond\"]}]},{\"@type\":\"WebPage\",\"@id\":\"https:\\\/\\\/fuentesfidedignas.com.mx\\\/index.php\\\/2023\\\/10\\\/29\\\/doce-personas-mueren-por-caida-de-avion-pequeno-en-brasil\\\/\",\"url\":\"https:\\\/\\\/fuentesfidedignas.com.mx\\\/index.php\\\/2023\\\/10\\\/29\\\/doce-personas-mueren-por-caida-de-avion-pequeno-en-brasil\\\/\",\"name\":\"Doce personas mueren por ca\u00edda de avi\u00f3n peque\u00f1o en Brasil - Fuentes Fidedignas\",\"isPartOf\":{\"@id\":\"https:\\\/\\\/fuentesfidedignas.com.mx\\\/#website\"},\"primaryImageOfPage\":{\"@id\":\"https:\\\/\\\/fuentesfidedignas.com.mx\\\/index.php\\\/2023\\\/10\\\/29\\\/doce-personas-mueren-por-caida-de-avion-pequeno-en-brasil\\\/#primaryimage\"},\"image\":{\"@id\":\"https:\\\/\\\/fuentesfidedignas.com.mx\\\/index.php\\\/2023\\\/10\\\/29\\\/doce-personas-mueren-por-caida-de-avion-pequeno-en-brasil\\\/#primaryimage\"},\"thumbnailUrl\":\"https:\\\/\\\/fuentesfidedignas.com.mx\\\/wp-content\\\/uploads\\\/2023\\\/10\\\/AVION_BRASIL.jpg\",\"datePublished\":\"2023-10-29T20:34:01+00:00\",\"dateModified\":\"2023-10-29T20:34:14+00:00\",\"breadcrumb\":{\"@id\":\"https:\\\/\\\/fuentesfidedignas.com.mx\\\/index.php\\\/2023\\\/10\\\/29\\\/doce-personas-mueren-por-caida-de-avion-pequeno-en-brasil\\\/#breadcrumb\"},\"inLanguage\":\"es\",\"potentialAction\":[{\"@type\":\"ReadAction\",\"target\":[\"https:\\\/\\\/fuentesfidedignas.com.mx\\\/index.php\\\/2023\\\/10\\\/29\\\/doce-personas-mueren-por-caida-de-avion-pequeno-en-brasil\\\/\"]}]},{\"@type\":\"ImageObject\",\"inLanguage\":\"es\",\"@id\":\"https:\\\/\\\/fuentesfidedignas.com.mx\\\/index.php\\\/2023\\\/10\\\/29\\\/doce-personas-mueren-por-caida-de-avion-pequeno-en-brasil\\\/#primaryimage\",\"url\":\"https:\\\/\\\/fuentesfidedignas.com.mx\\\/wp-content\\\/uploads\\\/2023\\\/10\\\/AVION_BRASIL.jpg\",\"contentUrl\":\"https:\\\/\\\/fuentesfidedignas.com.mx\\\/wp-content\\\/uploads\\\/2023\\\/10\\\/AVION_BRASIL.jpg\",\"width\":900,\"height\":450},{\"@type\":\"BreadcrumbList\",\"@id\":\"https:\\\/\\\/fuentesfidedignas.com.mx\\\/index.php\\\/2023\\\/10\\\/29\\\/doce-personas-mueren-por-caida-de-avion-pequeno-en-brasil\\\/#breadcrumb\",\"itemListElement\":[{\"@type\":\"ListItem\",\"position\":1,\"name\":\"Inicio\",\"item\":\"https:\\\/\\\/fuentesfidedignas.com.mx\\\/\"},{\"@type\":\"ListItem\",\"position\":2,\"name\":\"Doce personas mueren por ca\u00edda de avi\u00f3n peque\u00f1o en Brasil\"}]},{\"@type\":\"WebSite\",\"@id\":\"https:\\\/\\\/fuentesfidedignas.com.mx\\\/#website\",\"url\":\"https:\\\/\\\/fuentesfidedignas.com.mx\\\/\",\"name\":\"Fuentes Fidedignas\",\"description\":\"Otro sitio realizado con WordPress\",\"publisher\":{\"@id\":\"https:\\\/\\\/fuentesfidedignas.com.mx\\\/#organization\"},\"potentialAction\":[{\"@type\":\"SearchAction\",\"target\":{\"@type\":\"EntryPoint\",\"urlTemplate\":\"https:\\\/\\\/fuentesfidedignas.com.mx\\\/?s={search_term_string}\"},\"query-input\":{\"@type\":\"PropertyValueSpecification\",\"valueRequired\":true,\"valueName\":\"search_term_string\"}}],\"inLanguage\":\"es\"},{\"@type\":\"Organization\",\"@id\":\"https:\\\/\\\/fuentesfidedignas.com.mx\\\/#organization\",\"name\":\"Fuentes Fidedignas\",\"url\":\"https:\\\/\\\/fuentesfidedignas.com.mx\\\/\",\"logo\":{\"@type\":\"ImageObject\",\"inLanguage\":\"es\",\"@id\":\"https:\\\/\\\/fuentesfidedignas.com.mx\\\/#\\\/schema\\\/logo\\\/image\\\/\",\"url\":\"https:\\\/\\\/fuentesfidedignas.com.mx\\\/wp-content\\\/uploads\\\/2021\\\/04\\\/logo-retina.png\",\"contentUrl\":\"https:\\\/\\\/fuentesfidedignas.com.mx\\\/wp-content\\\/uploads\\\/2021\\\/04\\\/logo-retina.png\",\"width\":280,\"height\":51,\"caption\":\"Fuentes Fidedignas\"},\"image\":{\"@id\":\"https:\\\/\\\/fuentesfidedignas.com.mx\\\/#\\\/schema\\\/logo\\\/image\\\/\"},\"sameAs\":[\"https:\\\/\\\/www.facebook.com\\\/Fuentes-Fidedignas-368234489921644\",\"https:\\\/\\\/x.com\\\/fidedignas\"]},{\"@type\":\"Person\",\"@id\":\"https:\\\/\\\/fuentesfidedignas.com.mx\\\/#\\\/schema\\\/person\\\/67d852f0557c8509146a4b9ddebd543a\",\"name\":\"L\u00f3pez D\u00f3riga\",\"image\":{\"@type\":\"ImageObject\",\"inLanguage\":\"es\",\"@id\":\"https:\\\/\\\/secure.gravatar.com\\\/avatar\\\/e525b06574ca18b33cded59dfe5778d6c823b9513154eff47da551b0551bdd1e?s=96&d=mm&r=g\",\"url\":\"https:\\\/\\\/secure.gravatar.com\\\/avatar\\\/e525b06574ca18b33cded59dfe5778d6c823b9513154eff47da551b0551bdd1e?s=96&d=mm&r=g\",\"contentUrl\":\"https:\\\/\\\/secure.gravatar.com\\\/avatar\\\/e525b06574ca18b33cded59dfe5778d6c823b9513154eff47da551b0551bdd1e?s=96&d=mm&r=g\",\"caption\":\"L\u00f3pez D\u00f3riga\"},\"url\":\"https:\\\/\\\/fuentesfidedignas.com.mx\\\/index.php\\\/author\\\/doriga\\\/\"}]}<\/script>\n<!-- \/ Yoast SEO plugin. -->","yoast_head_json":{"title":"Doce personas mueren por ca\u00edda de avi\u00f3n peque\u00f1o en Brasil - Fuentes Fidedignas","robots":{"index":"index","follow":"follow","max-snippet":"max-snippet:-1","max-image-preview":"max-image-preview:large","max-video-preview":"max-video-preview:-1"},"canonical":"https:\/\/fuentesfidedignas.com.mx\/index.php\/2023\/10\/29\/doce-personas-mueren-por-caida-de-avion-pequeno-en-brasil\/","og_locale":"es_MX","og_type":"article","og_title":"Doce personas mueren por ca\u00edda de avi\u00f3n peque\u00f1o en Brasil - Fuentes Fidedignas","og_description":"Primeros informes sostienen que el avi\u00f3n peque\u00f1o explot\u00f3 en el aire poco despu\u00e9s de despegar del aeropuerto de R\u00edo Branco y se incendi\u00f3 tras caer a tierra Un avi\u00f3n peque\u00f1o se estrell\u00f3 cerca del aeropuerto de R\u00edo Branco y las doce personas que estaban a bordo murieron, seg\u00fan confirmaron las autoridades del estado de Acre, [&hellip;]","og_url":"https:\/\/fuentesfidedignas.com.mx\/index.php\/2023\/10\/29\/doce-personas-mueren-por-caida-de-avion-pequeno-en-brasil\/","og_site_name":"Fuentes Fidedignas","article_publisher":"https:\/\/www.facebook.com\/Fuentes-Fidedignas-368234489921644","article_published_time":"2023-10-29T20:34:01+00:00","article_modified_time":"2023-10-29T20:34:14+00:00","og_image":[{"width":900,"height":450,"url":"https:\/\/fuentesfidedignas.com.mx\/wp-content\/uploads\/2023\/10\/AVION_BRASIL.jpg","type":"image\/jpeg"}],"author":"L\u00f3pez D\u00f3riga","twitter_card":"summary_large_image","twitter_creator":"@fidedignas","twitter_site":"@fidedignas","twitter_misc":{"Escrito por":"L\u00f3pez D\u00f3riga","Tiempo de lectura":"1 minuto"},"schema":{"@context":"https:\/\/schema.org","@graph":[{"@type":"Article","@id":"https:\/\/fuentesfidedignas.com.mx\/index.php\/2023\/10\/29\/doce-personas-mueren-por-caida-de-avion-pequeno-en-brasil\/#article","isPartOf":{"@id":"https:\/\/fuentesfidedignas.com.mx\/index.php\/2023\/10\/29\/doce-personas-mueren-por-caida-de-avion-pequeno-en-brasil\/"},"author":{"name":"L\u00f3pez D\u00f3riga","@id":"https:\/\/fuentesfidedignas.com.mx\/#\/schema\/person\/67d852f0557c8509146a4b9ddebd543a"},"headline":"Doce personas mueren por ca\u00edda de avi\u00f3n peque\u00f1o en Brasil","datePublished":"2023-10-29T20:34:01+00:00","dateModified":"2023-10-29T20:34:14+00:00","mainEntityOfPage":{"@id":"https:\/\/fuentesfidedignas.com.mx\/index.php\/2023\/10\/29\/doce-personas-mueren-por-caida-de-avion-pequeno-en-brasil\/"},"wordCount":290,"commentCount":0,"publisher":{"@id":"https:\/\/fuentesfidedignas.com.mx\/#organization"},"image":{"@id":"https:\/\/fuentesfidedignas.com.mx\/index.php\/2023\/10\/29\/doce-personas-mueren-por-caida-de-avion-pequeno-en-brasil\/#primaryimage"},"thumbnailUrl":"https:\/\/fuentesfidedignas.com.mx\/wp-content\/uploads\/2023\/10\/AVION_BRASIL.jpg","articleSection":["NOTICIAS NACIONALES"],"inLanguage":"es","potentialAction":[{"@type":"CommentAction","name":"Comment","target":["https:\/\/fuentesfidedignas.com.mx\/index.php\/2023\/10\/29\/doce-personas-mueren-por-caida-de-avion-pequeno-en-brasil\/#respond"]}]},{"@type":"WebPage","@id":"https:\/\/fuentesfidedignas.com.mx\/index.php\/2023\/10\/29\/doce-personas-mueren-por-caida-de-avion-pequeno-en-brasil\/","url":"https:\/\/fuentesfidedignas.com.mx\/index.php\/2023\/10\/29\/doce-personas-mueren-por-caida-de-avion-pequeno-en-brasil\/","name":"Doce personas mueren por ca\u00edda de avi\u00f3n peque\u00f1o en Brasil - Fuentes Fidedignas","isPartOf":{"@id":"https:\/\/fuentesfidedignas.com.mx\/#website"},"primaryImageOfPage":{"@id":"https:\/\/fuentesfidedignas.com.mx\/index.php\/2023\/10\/29\/doce-personas-mueren-por-caida-de-avion-pequeno-en-brasil\/#primaryimage"},"image":{"@id":"https:\/\/fuentesfidedignas.com.mx\/index.php\/2023\/10\/29\/doce-personas-mueren-por-caida-de-avion-pequeno-en-brasil\/#primaryimage"},"thumbnailUrl":"https:\/\/fuentesfidedignas.com.mx\/wp-content\/uploads\/2023\/10\/AVION_BRASIL.jpg","datePublished":"2023-10-29T20:34:01+00:00","dateModified":"2023-10-29T20:34:14+00:00","breadcrumb":{"@id":"https:\/\/fuentesfidedignas.com.mx\/index.php\/2023\/10\/29\/doce-personas-mueren-por-caida-de-avion-pequeno-en-brasil\/#breadcrumb"},"inLanguage":"es","potentialAction":[{"@type":"ReadAction","target":["https:\/\/fuentesfidedignas.com.mx\/index.php\/2023\/10\/29\/doce-personas-mueren-por-caida-de-avion-pequeno-en-brasil\/"]}]},{"@type":"ImageObject","inLanguage":"es","@id":"https:\/\/fuentesfidedignas.com.mx\/index.php\/2023\/10\/29\/doce-personas-mueren-por-caida-de-avion-pequeno-en-brasil\/#primaryimage","url":"https:\/\/fuentesfidedignas.com.mx\/wp-content\/uploads\/2023\/10\/AVION_BRASIL.jpg","contentUrl":"https:\/\/fuentesfidedignas.com.mx\/wp-content\/uploads\/2023\/10\/AVION_BRASIL.jpg","width":900,"height":450},{"@type":"BreadcrumbList","@id":"https:\/\/fuentesfidedignas.com.mx\/index.php\/2023\/10\/29\/doce-personas-mueren-por-caida-de-avion-pequeno-en-brasil\/#breadcrumb","itemListElement":[{"@type":"ListItem","position":1,"name":"Inicio","item":"https:\/\/fuentesfidedignas.com.mx\/"},{"@type":"ListItem","position":2,"name":"Doce personas mueren por ca\u00edda de avi\u00f3n peque\u00f1o en Brasil"}]},{"@type":"WebSite","@id":"https:\/\/fuentesfidedignas.com.mx\/#website","url":"https:\/\/fuentesfidedignas.com.mx\/","name":"Fuentes Fidedignas","description":"Otro sitio realizado con WordPress","publisher":{"@id":"https:\/\/fuentesfidedignas.com.mx\/#organization"},"potentialAction":[{"@type":"SearchAction","target":{"@type":"EntryPoint","urlTemplate":"https:\/\/fuentesfidedignas.com.mx\/?s={search_term_string}"},"query-input":{"@type":"PropertyValueSpecification","valueRequired":true,"valueName":"search_term_string"}}],"inLanguage":"es"},{"@type":"Organization","@id":"https:\/\/fuentesfidedignas.com.mx\/#organization","name":"Fuentes Fidedignas","url":"https:\/\/fuentesfidedignas.com.mx\/","logo":{"@type":"ImageObject","inLanguage":"es","@id":"https:\/\/fuentesfidedignas.com.mx\/#\/schema\/logo\/image\/","url":"https:\/\/fuentesfidedignas.com.mx\/wp-content\/uploads\/2021\/04\/logo-retina.png","contentUrl":"https:\/\/fuentesfidedignas.com.mx\/wp-content\/uploads\/2021\/04\/logo-retina.png","width":280,"height":51,"caption":"Fuentes Fidedignas"},"image":{"@id":"https:\/\/fuentesfidedignas.com.mx\/#\/schema\/logo\/image\/"},"sameAs":["https:\/\/www.facebook.com\/Fuentes-Fidedignas-368234489921644","https:\/\/x.com\/fidedignas"]},{"@type":"Person","@id":"https:\/\/fuentesfidedignas.com.mx\/#\/schema\/person\/67d852f0557c8509146a4b9ddebd543a","name":"L\u00f3pez D\u00f3riga","image":{"@type":"ImageObject","inLanguage":"es","@id":"https:\/\/secure.gravatar.com\/avatar\/e525b06574ca18b33cded59dfe5778d6c823b9513154eff47da551b0551bdd1e?s=96&d=mm&r=g","url":"https:\/\/secure.gravatar.com\/avatar\/e525b06574ca18b33cded59dfe5778d6c823b9513154eff47da551b0551bdd1e?s=96&d=mm&r=g","contentUrl":"https:\/\/secure.gravatar.com\/avatar\/e525b06574ca18b33cded59dfe5778d6c823b9513154eff47da551b0551bdd1e?s=96&d=mm&r=g","caption":"L\u00f3pez D\u00f3riga"},"url":"https:\/\/fuentesfidedignas.com.mx\/index.php\/author\/doriga\/"}]}},"_links":{"self":[{"href":"https:\/\/fuentesfidedignas.com.mx\/index.php\/wp-json\/wp\/v2\/posts\/64100","targetHints":{"allow":["GET"]}}],"collection":[{"href":"https:\/\/fuentesfidedignas.com.mx\/index.php\/wp-json\/wp\/v2\/posts"}],"about":[{"href":"https:\/\/fuentesfidedignas.com.mx\/index.php\/wp-json\/wp\/v2\/types\/post"}],"author":[{"embeddable":true,"href":"https:\/\/fuentesfidedignas.com.mx\/index.php\/wp-json\/wp\/v2\/users\/47"}],"replies":[{"embeddable":true,"href":"https:\/\/fuentesfidedignas.com.mx\/index.php\/wp-json\/wp\/v2\/comments?post=64100"}],"version-history":[{"count":1,"href":"https:\/\/fuentesfidedignas.com.mx\/index.php\/wp-json\/wp\/v2\/posts\/64100\/revisions"}],"predecessor-version":[{"id":64102,"href":"https:\/\/fuentesfidedignas.com.mx\/index.php\/wp-json\/wp\/v2\/posts\/64100\/revisions\/64102"}],"wp:featuredmedia":[{"embeddable":true,"href":"https:\/\/fuentesfidedignas.com.mx\/index.php\/wp-json\/wp\/v2\/media\/64101"}],"wp:attachment":[{"href":"https:\/\/fuentesfidedignas.com.mx\/index.php\/wp-json\/wp\/v2\/media?parent=64100"}],"wp:term":[{"taxonomy":"category","embeddable":true,"href":"https:\/\/fuentesfidedignas.com.mx\/index.php\/wp-json\/wp\/v2\/categories?post=64100"},{"taxonomy":"post_tag","embeddable":true,"href":"https:\/\/fuentesfidedignas.com.mx\/index.php\/wp-json\/wp\/v2\/tags?post=64100"}],"curies":[{"name":"wp","href":"https:\/\/api.w.org\/{rel}","templated":true}]}}