{"id":64097,"date":"2023-10-29T13:20:21","date_gmt":"2023-10-29T20:20:21","guid":{"rendered":"https:\/\/fuentesfidedignas.com.mx\/?p=64097"},"modified":"2023-10-30T10:07:15","modified_gmt":"2023-10-30T17:07:15","slug":"celebra-cuen-ojeda-su-cumpleanos-rodeado-de-familia-amigos-y-6-mil-pasistas","status":"publish","type":"post","link":"https:\/\/fuentesfidedignas.com.mx\/index.php\/2023\/10\/29\/celebra-cuen-ojeda-su-cumpleanos-rodeado-de-familia-amigos-y-6-mil-pasistas\/","title":{"rendered":"Celebra Cu\u00e9n Ojeda su cumplea\u00f1os rodeado de familia, amigos y m\u00e1s de 6 mil pasistas"},"content":{"rendered":"\n<p><strong><em>El l\u00edder del PAS entre aplausos, risas y festejo se logro relajar y disfrutar de un maravilloso cumplea\u00f1os organizado por su esposa Angelica Diaz Qui\u00f1onez<\/em><\/strong><\/p>\n\n\n\n<p>Culiac\u00e1n, Sin.- Varias horas duro la interminable fila para saludar y tomarse la foto con el festejado mas de 6 mil pasistas se dieron cita en el rancho Huertos del Sol donde degustaron de una rica barbacoa muy al estilo tradicional de Sinaloa.<\/p>\n\n\n\n<p>El l\u00edder del PAS entre aplausos, risas y festejo se logro relajar y disfrutar de un maravilloso cumplea\u00f1os organizado por su esposa Angelica Diaz Qui\u00f1onez quien ha sido su gran amiga y compa\u00f1era de vida a quien no desaprovecha ning\u00fan momento para agradecerle siempre el apoyo que ha recibido durante todos estos a\u00f1os.<\/p>\n\n\n\n<p>La familia Cu\u00e9n Diaz se dio cita para acompa\u00f1ar al se\u00f1or de la casa y por supuesto sus hijos, nietos, hermanos, primos todos posaron para la foto y agradecer a dios un a\u00f1o m\u00e1s en compa\u00f1\u00eda del exrector, presidente del Partido Sinaloense pero sobre todo gran padre de familia y abuelo argumentaron sus nietos.<\/p>\n\n\n\n<p>Para el PAS fue un d\u00eda especial donde se logro sacudir todo el agravio pol\u00edtico que se ha vivido en el estado, solo hab\u00eda una regla para todos los asistentes pasistas, dejar en la oficia el trabajo y venir solo a disfrutar, re\u00edr y pasar una linda tarde. \u00a1Ya ma\u00f1ana ser\u00e1 otro d\u00eda! Se escuchaba entre los asistentes hoy venimos a festejar al maestro Cu\u00e9n y nada m\u00e1s.<\/p>\n\n\n\n<p>\u00a1Feliz Cumplea\u00f1os Maestro Cu\u00e9n Ojeda! Que siga cumpliendo mucho m\u00e1s\u2026<\/p>\n\n\n\n<iframe loading=\"lazy\" src=\"https:\/\/www.facebook.com\/plugins\/video.php?height=314&#038;href=https%3A%2F%2Fwww.facebook.com%2Fhectormelesiocuen%2Fvideos%2F3579223735680574%2F&#038;show_text=false&#038;width=560&#038;t=0\" width=\"560\" height=\"314\" style=\"border:none;overflow:hidden\" scrolling=\"no\" frameborder=\"0\" allowfullscreen=\"true\" allow=\"autoplay; clipboard-write; encrypted-media; picture-in-picture; web-share\" allowFullScreen=\"true\"><\/iframe>\n\n\n\n<iframe loading=\"lazy\" src=\"https:\/\/www.facebook.com\/plugins\/post.php?href=https%3A%2F%2Fwww.facebook.com%2Fhectormelesiocuen%2Fposts%2Fpfbid02pPdHVwfAEthRrpreZWL662tzWQkw7yyZD6XU7RAbK9DYXdyNbShNJAoGQFAhTcBpl&#038;show_text=true&#038;width=500\" width=\"500\" height=\"648\" style=\"border:none;overflow:hidden\" scrolling=\"no\" frameborder=\"0\" allowfullscreen=\"true\" allow=\"autoplay; clipboard-write; encrypted-media; picture-in-picture; web-share\"><\/iframe>\n\n\n\n<iframe loading=\"lazy\" src=\"https:\/\/www.facebook.com\/plugins\/post.php?href=https%3A%2F%2Fwww.facebook.com%2Fhectormelesiocuen%2Fposts%2Fpfbid0HgC5E1gWGTxZD3cikx68Q6CV9mjDKueae41xG3MeVPABrfG2tX3s7vLGKVwMf7zLl&#038;show_text=true&#038;width=500\" width=\"500\" height=\"608\" style=\"border:none;overflow:hidden\" scrolling=\"no\" frameborder=\"0\" allowfullscreen=\"true\" allow=\"autoplay; clipboard-write; encrypted-media; picture-in-picture; web-share\"><\/iframe>\n","protected":false},"excerpt":{"rendered":"<p>El l\u00edder del PAS entre aplausos, risas y festejo se logro relajar y disfrutar de un maravilloso cumplea\u00f1os organizado por su esposa Angelica Diaz Qui\u00f1onez Culiac\u00e1n, Sin.- Varias horas duro la interminable fila para saludar y tomarse la foto con el festejado mas de 6 mil pasistas se dieron cita en el rancho Huertos del [&hellip;]<\/p>\n","protected":false},"author":4,"featured_media":64098,"comment_status":"open","ping_status":"open","sticky":false,"template":"","format":"standard","meta":{"tdm_status":"","tdm_grid_status":"","footnotes":""},"categories":[1],"tags":[],"class_list":{"0":"post-64097","1":"post","2":"type-post","3":"status-publish","4":"format-standard","5":"has-post-thumbnail","7":"category-sin-categoria"},"yoast_head":"<!-- This site is optimized with the Yoast SEO plugin v27.5 - https:\/\/yoast.com\/product\/yoast-seo-wordpress\/ -->\n<title>Celebra Cu\u00e9n Ojeda su cumplea\u00f1os rodeado de familia, amigos y m\u00e1s de 6 mil pasistas - Fuentes Fidedignas<\/title>\n<meta name=\"robots\" content=\"index, follow, max-snippet:-1, max-image-preview:large, max-video-preview:-1\" \/>\n<link rel=\"canonical\" href=\"https:\/\/fuentesfidedignas.com.mx\/index.php\/2023\/10\/29\/celebra-cuen-ojeda-su-cumpleanos-rodeado-de-familia-amigos-y-6-mil-pasistas\/\" \/>\n<meta property=\"og:locale\" content=\"es_MX\" \/>\n<meta property=\"og:type\" content=\"article\" \/>\n<meta property=\"og:title\" content=\"Celebra Cu\u00e9n Ojeda su cumplea\u00f1os rodeado de familia, amigos y m\u00e1s de 6 mil pasistas - Fuentes Fidedignas\" \/>\n<meta property=\"og:description\" content=\"El l\u00edder del PAS entre aplausos, risas y festejo se logro relajar y disfrutar de un maravilloso cumplea\u00f1os organizado por su esposa Angelica Diaz Qui\u00f1onez Culiac\u00e1n, Sin.- Varias horas duro la interminable fila para saludar y tomarse la foto con el festejado mas de 6 mil pasistas se dieron cita en el rancho Huertos del [&hellip;]\" \/>\n<meta property=\"og:url\" content=\"https:\/\/fuentesfidedignas.com.mx\/index.php\/2023\/10\/29\/celebra-cuen-ojeda-su-cumpleanos-rodeado-de-familia-amigos-y-6-mil-pasistas\/\" \/>\n<meta property=\"og:site_name\" content=\"Fuentes Fidedignas\" \/>\n<meta property=\"article:publisher\" content=\"https:\/\/www.facebook.com\/Fuentes-Fidedignas-368234489921644\" \/>\n<meta property=\"article:published_time\" content=\"2023-10-29T20:20:21+00:00\" \/>\n<meta property=\"article:modified_time\" content=\"2023-10-30T17:07:15+00:00\" \/>\n<meta property=\"og:image\" content=\"https:\/\/fuentesfidedignas.com.mx\/wp-content\/uploads\/2023\/10\/WhatsApp-Image-2023-10-29-at-1.06.56-PM.jpeg\" \/>\n\t<meta property=\"og:image:width\" content=\"1600\" \/>\n\t<meta property=\"og:image:height\" content=\"1066\" \/>\n\t<meta property=\"og:image:type\" content=\"image\/jpeg\" \/>\n<meta name=\"author\" content=\"Redacci\u00f3n\" \/>\n<meta name=\"twitter:card\" content=\"summary_large_image\" \/>\n<meta name=\"twitter:creator\" content=\"@fidedignas\" \/>\n<meta name=\"twitter:site\" content=\"@fidedignas\" \/>\n<meta name=\"twitter:label1\" content=\"Escrito por\" \/>\n\t<meta name=\"twitter:data1\" content=\"Redacci\u00f3n\" \/>\n\t<meta name=\"twitter:label2\" content=\"Tiempo de lectura\" \/>\n\t<meta name=\"twitter:data2\" content=\"2 minutos\" \/>\n<script type=\"application\/ld+json\" class=\"yoast-schema-graph\">{\"@context\":\"https:\\\/\\\/schema.org\",\"@graph\":[{\"@type\":\"Article\",\"@id\":\"https:\\\/\\\/fuentesfidedignas.com.mx\\\/index.php\\\/2023\\\/10\\\/29\\\/celebra-cuen-ojeda-su-cumpleanos-rodeado-de-familia-amigos-y-6-mil-pasistas\\\/#article\",\"isPartOf\":{\"@id\":\"https:\\\/\\\/fuentesfidedignas.com.mx\\\/index.php\\\/2023\\\/10\\\/29\\\/celebra-cuen-ojeda-su-cumpleanos-rodeado-de-familia-amigos-y-6-mil-pasistas\\\/\"},\"author\":{\"name\":\"Redacci\u00f3n\",\"@id\":\"https:\\\/\\\/fuentesfidedignas.com.mx\\\/#\\\/schema\\\/person\\\/331be9283d37198e2acd5750279085b0\"},\"headline\":\"Celebra Cu\u00e9n Ojeda su cumplea\u00f1os rodeado de familia, amigos y m\u00e1s de 6 mil pasistas\",\"datePublished\":\"2023-10-29T20:20:21+00:00\",\"dateModified\":\"2023-10-30T17:07:15+00:00\",\"mainEntityOfPage\":{\"@id\":\"https:\\\/\\\/fuentesfidedignas.com.mx\\\/index.php\\\/2023\\\/10\\\/29\\\/celebra-cuen-ojeda-su-cumpleanos-rodeado-de-familia-amigos-y-6-mil-pasistas\\\/\"},\"wordCount\":297,\"commentCount\":0,\"publisher\":{\"@id\":\"https:\\\/\\\/fuentesfidedignas.com.mx\\\/#organization\"},\"image\":{\"@id\":\"https:\\\/\\\/fuentesfidedignas.com.mx\\\/index.php\\\/2023\\\/10\\\/29\\\/celebra-cuen-ojeda-su-cumpleanos-rodeado-de-familia-amigos-y-6-mil-pasistas\\\/#primaryimage\"},\"thumbnailUrl\":\"https:\\\/\\\/fuentesfidedignas.com.mx\\\/wp-content\\\/uploads\\\/2023\\\/10\\\/WhatsApp-Image-2023-10-29-at-1.06.56-PM.jpeg\",\"inLanguage\":\"es\",\"potentialAction\":[{\"@type\":\"CommentAction\",\"name\":\"Comment\",\"target\":[\"https:\\\/\\\/fuentesfidedignas.com.mx\\\/index.php\\\/2023\\\/10\\\/29\\\/celebra-cuen-ojeda-su-cumpleanos-rodeado-de-familia-amigos-y-6-mil-pasistas\\\/#respond\"]}]},{\"@type\":\"WebPage\",\"@id\":\"https:\\\/\\\/fuentesfidedignas.com.mx\\\/index.php\\\/2023\\\/10\\\/29\\\/celebra-cuen-ojeda-su-cumpleanos-rodeado-de-familia-amigos-y-6-mil-pasistas\\\/\",\"url\":\"https:\\\/\\\/fuentesfidedignas.com.mx\\\/index.php\\\/2023\\\/10\\\/29\\\/celebra-cuen-ojeda-su-cumpleanos-rodeado-de-familia-amigos-y-6-mil-pasistas\\\/\",\"name\":\"Celebra Cu\u00e9n Ojeda su cumplea\u00f1os rodeado de familia, amigos y m\u00e1s de 6 mil pasistas - Fuentes Fidedignas\",\"isPartOf\":{\"@id\":\"https:\\\/\\\/fuentesfidedignas.com.mx\\\/#website\"},\"primaryImageOfPage\":{\"@id\":\"https:\\\/\\\/fuentesfidedignas.com.mx\\\/index.php\\\/2023\\\/10\\\/29\\\/celebra-cuen-ojeda-su-cumpleanos-rodeado-de-familia-amigos-y-6-mil-pasistas\\\/#primaryimage\"},\"image\":{\"@id\":\"https:\\\/\\\/fuentesfidedignas.com.mx\\\/index.php\\\/2023\\\/10\\\/29\\\/celebra-cuen-ojeda-su-cumpleanos-rodeado-de-familia-amigos-y-6-mil-pasistas\\\/#primaryimage\"},\"thumbnailUrl\":\"https:\\\/\\\/fuentesfidedignas.com.mx\\\/wp-content\\\/uploads\\\/2023\\\/10\\\/WhatsApp-Image-2023-10-29-at-1.06.56-PM.jpeg\",\"datePublished\":\"2023-10-29T20:20:21+00:00\",\"dateModified\":\"2023-10-30T17:07:15+00:00\",\"breadcrumb\":{\"@id\":\"https:\\\/\\\/fuentesfidedignas.com.mx\\\/index.php\\\/2023\\\/10\\\/29\\\/celebra-cuen-ojeda-su-cumpleanos-rodeado-de-familia-amigos-y-6-mil-pasistas\\\/#breadcrumb\"},\"inLanguage\":\"es\",\"potentialAction\":[{\"@type\":\"ReadAction\",\"target\":[\"https:\\\/\\\/fuentesfidedignas.com.mx\\\/index.php\\\/2023\\\/10\\\/29\\\/celebra-cuen-ojeda-su-cumpleanos-rodeado-de-familia-amigos-y-6-mil-pasistas\\\/\"]}]},{\"@type\":\"ImageObject\",\"inLanguage\":\"es\",\"@id\":\"https:\\\/\\\/fuentesfidedignas.com.mx\\\/index.php\\\/2023\\\/10\\\/29\\\/celebra-cuen-ojeda-su-cumpleanos-rodeado-de-familia-amigos-y-6-mil-pasistas\\\/#primaryimage\",\"url\":\"https:\\\/\\\/fuentesfidedignas.com.mx\\\/wp-content\\\/uploads\\\/2023\\\/10\\\/WhatsApp-Image-2023-10-29-at-1.06.56-PM.jpeg\",\"contentUrl\":\"https:\\\/\\\/fuentesfidedignas.com.mx\\\/wp-content\\\/uploads\\\/2023\\\/10\\\/WhatsApp-Image-2023-10-29-at-1.06.56-PM.jpeg\",\"width\":1600,\"height\":1066},{\"@type\":\"BreadcrumbList\",\"@id\":\"https:\\\/\\\/fuentesfidedignas.com.mx\\\/index.php\\\/2023\\\/10\\\/29\\\/celebra-cuen-ojeda-su-cumpleanos-rodeado-de-familia-amigos-y-6-mil-pasistas\\\/#breadcrumb\",\"itemListElement\":[{\"@type\":\"ListItem\",\"position\":1,\"name\":\"Inicio\",\"item\":\"https:\\\/\\\/fuentesfidedignas.com.mx\\\/\"},{\"@type\":\"ListItem\",\"position\":2,\"name\":\"Celebra Cu\u00e9n Ojeda su cumplea\u00f1os rodeado de familia, amigos y m\u00e1s de 6 mil pasistas\"}]},{\"@type\":\"WebSite\",\"@id\":\"https:\\\/\\\/fuentesfidedignas.com.mx\\\/#website\",\"url\":\"https:\\\/\\\/fuentesfidedignas.com.mx\\\/\",\"name\":\"Fuentes Fidedignas\",\"description\":\"Otro sitio realizado con WordPress\",\"publisher\":{\"@id\":\"https:\\\/\\\/fuentesfidedignas.com.mx\\\/#organization\"},\"potentialAction\":[{\"@type\":\"SearchAction\",\"target\":{\"@type\":\"EntryPoint\",\"urlTemplate\":\"https:\\\/\\\/fuentesfidedignas.com.mx\\\/?s={search_term_string}\"},\"query-input\":{\"@type\":\"PropertyValueSpecification\",\"valueRequired\":true,\"valueName\":\"search_term_string\"}}],\"inLanguage\":\"es\"},{\"@type\":\"Organization\",\"@id\":\"https:\\\/\\\/fuentesfidedignas.com.mx\\\/#organization\",\"name\":\"Fuentes Fidedignas\",\"url\":\"https:\\\/\\\/fuentesfidedignas.com.mx\\\/\",\"logo\":{\"@type\":\"ImageObject\",\"inLanguage\":\"es\",\"@id\":\"https:\\\/\\\/fuentesfidedignas.com.mx\\\/#\\\/schema\\\/logo\\\/image\\\/\",\"url\":\"https:\\\/\\\/fuentesfidedignas.com.mx\\\/wp-content\\\/uploads\\\/2021\\\/04\\\/logo-retina.png\",\"contentUrl\":\"https:\\\/\\\/fuentesfidedignas.com.mx\\\/wp-content\\\/uploads\\\/2021\\\/04\\\/logo-retina.png\",\"width\":280,\"height\":51,\"caption\":\"Fuentes Fidedignas\"},\"image\":{\"@id\":\"https:\\\/\\\/fuentesfidedignas.com.mx\\\/#\\\/schema\\\/logo\\\/image\\\/\"},\"sameAs\":[\"https:\\\/\\\/www.facebook.com\\\/Fuentes-Fidedignas-368234489921644\",\"https:\\\/\\\/x.com\\\/fidedignas\"]},{\"@type\":\"Person\",\"@id\":\"https:\\\/\\\/fuentesfidedignas.com.mx\\\/#\\\/schema\\\/person\\\/331be9283d37198e2acd5750279085b0\",\"name\":\"Redacci\u00f3n\",\"image\":{\"@type\":\"ImageObject\",\"inLanguage\":\"es\",\"@id\":\"https:\\\/\\\/secure.gravatar.com\\\/avatar\\\/f6d8782c11d12b2d4ad3fbb6931aeab5309937a4d6cd2fc9cfaa28a6396a5aec?s=96&d=mm&r=g\",\"url\":\"https:\\\/\\\/secure.gravatar.com\\\/avatar\\\/f6d8782c11d12b2d4ad3fbb6931aeab5309937a4d6cd2fc9cfaa28a6396a5aec?s=96&d=mm&r=g\",\"contentUrl\":\"https:\\\/\\\/secure.gravatar.com\\\/avatar\\\/f6d8782c11d12b2d4ad3fbb6931aeab5309937a4d6cd2fc9cfaa28a6396a5aec?s=96&d=mm&r=g\",\"caption\":\"Redacci\u00f3n\"},\"url\":\"https:\\\/\\\/fuentesfidedignas.com.mx\\\/index.php\\\/author\\\/redaccion\\\/\"}]}<\/script>\n<!-- \/ Yoast SEO plugin. -->","yoast_head_json":{"title":"Celebra Cu\u00e9n Ojeda su cumplea\u00f1os rodeado de familia, amigos y m\u00e1s de 6 mil pasistas - Fuentes Fidedignas","robots":{"index":"index","follow":"follow","max-snippet":"max-snippet:-1","max-image-preview":"max-image-preview:large","max-video-preview":"max-video-preview:-1"},"canonical":"https:\/\/fuentesfidedignas.com.mx\/index.php\/2023\/10\/29\/celebra-cuen-ojeda-su-cumpleanos-rodeado-de-familia-amigos-y-6-mil-pasistas\/","og_locale":"es_MX","og_type":"article","og_title":"Celebra Cu\u00e9n Ojeda su cumplea\u00f1os rodeado de familia, amigos y m\u00e1s de 6 mil pasistas - Fuentes Fidedignas","og_description":"El l\u00edder del PAS entre aplausos, risas y festejo se logro relajar y disfrutar de un maravilloso cumplea\u00f1os organizado por su esposa Angelica Diaz Qui\u00f1onez Culiac\u00e1n, Sin.- Varias horas duro la interminable fila para saludar y tomarse la foto con el festejado mas de 6 mil pasistas se dieron cita en el rancho Huertos del [&hellip;]","og_url":"https:\/\/fuentesfidedignas.com.mx\/index.php\/2023\/10\/29\/celebra-cuen-ojeda-su-cumpleanos-rodeado-de-familia-amigos-y-6-mil-pasistas\/","og_site_name":"Fuentes Fidedignas","article_publisher":"https:\/\/www.facebook.com\/Fuentes-Fidedignas-368234489921644","article_published_time":"2023-10-29T20:20:21+00:00","article_modified_time":"2023-10-30T17:07:15+00:00","og_image":[{"width":1600,"height":1066,"url":"https:\/\/fuentesfidedignas.com.mx\/wp-content\/uploads\/2023\/10\/WhatsApp-Image-2023-10-29-at-1.06.56-PM.jpeg","type":"image\/jpeg"}],"author":"Redacci\u00f3n","twitter_card":"summary_large_image","twitter_creator":"@fidedignas","twitter_site":"@fidedignas","twitter_misc":{"Escrito por":"Redacci\u00f3n","Tiempo de lectura":"2 minutos"},"schema":{"@context":"https:\/\/schema.org","@graph":[{"@type":"Article","@id":"https:\/\/fuentesfidedignas.com.mx\/index.php\/2023\/10\/29\/celebra-cuen-ojeda-su-cumpleanos-rodeado-de-familia-amigos-y-6-mil-pasistas\/#article","isPartOf":{"@id":"https:\/\/fuentesfidedignas.com.mx\/index.php\/2023\/10\/29\/celebra-cuen-ojeda-su-cumpleanos-rodeado-de-familia-amigos-y-6-mil-pasistas\/"},"author":{"name":"Redacci\u00f3n","@id":"https:\/\/fuentesfidedignas.com.mx\/#\/schema\/person\/331be9283d37198e2acd5750279085b0"},"headline":"Celebra Cu\u00e9n Ojeda su cumplea\u00f1os rodeado de familia, amigos y m\u00e1s de 6 mil pasistas","datePublished":"2023-10-29T20:20:21+00:00","dateModified":"2023-10-30T17:07:15+00:00","mainEntityOfPage":{"@id":"https:\/\/fuentesfidedignas.com.mx\/index.php\/2023\/10\/29\/celebra-cuen-ojeda-su-cumpleanos-rodeado-de-familia-amigos-y-6-mil-pasistas\/"},"wordCount":297,"commentCount":0,"publisher":{"@id":"https:\/\/fuentesfidedignas.com.mx\/#organization"},"image":{"@id":"https:\/\/fuentesfidedignas.com.mx\/index.php\/2023\/10\/29\/celebra-cuen-ojeda-su-cumpleanos-rodeado-de-familia-amigos-y-6-mil-pasistas\/#primaryimage"},"thumbnailUrl":"https:\/\/fuentesfidedignas.com.mx\/wp-content\/uploads\/2023\/10\/WhatsApp-Image-2023-10-29-at-1.06.56-PM.jpeg","inLanguage":"es","potentialAction":[{"@type":"CommentAction","name":"Comment","target":["https:\/\/fuentesfidedignas.com.mx\/index.php\/2023\/10\/29\/celebra-cuen-ojeda-su-cumpleanos-rodeado-de-familia-amigos-y-6-mil-pasistas\/#respond"]}]},{"@type":"WebPage","@id":"https:\/\/fuentesfidedignas.com.mx\/index.php\/2023\/10\/29\/celebra-cuen-ojeda-su-cumpleanos-rodeado-de-familia-amigos-y-6-mil-pasistas\/","url":"https:\/\/fuentesfidedignas.com.mx\/index.php\/2023\/10\/29\/celebra-cuen-ojeda-su-cumpleanos-rodeado-de-familia-amigos-y-6-mil-pasistas\/","name":"Celebra Cu\u00e9n Ojeda su cumplea\u00f1os rodeado de familia, amigos y m\u00e1s de 6 mil pasistas - Fuentes Fidedignas","isPartOf":{"@id":"https:\/\/fuentesfidedignas.com.mx\/#website"},"primaryImageOfPage":{"@id":"https:\/\/fuentesfidedignas.com.mx\/index.php\/2023\/10\/29\/celebra-cuen-ojeda-su-cumpleanos-rodeado-de-familia-amigos-y-6-mil-pasistas\/#primaryimage"},"image":{"@id":"https:\/\/fuentesfidedignas.com.mx\/index.php\/2023\/10\/29\/celebra-cuen-ojeda-su-cumpleanos-rodeado-de-familia-amigos-y-6-mil-pasistas\/#primaryimage"},"thumbnailUrl":"https:\/\/fuentesfidedignas.com.mx\/wp-content\/uploads\/2023\/10\/WhatsApp-Image-2023-10-29-at-1.06.56-PM.jpeg","datePublished":"2023-10-29T20:20:21+00:00","dateModified":"2023-10-30T17:07:15+00:00","breadcrumb":{"@id":"https:\/\/fuentesfidedignas.com.mx\/index.php\/2023\/10\/29\/celebra-cuen-ojeda-su-cumpleanos-rodeado-de-familia-amigos-y-6-mil-pasistas\/#breadcrumb"},"inLanguage":"es","potentialAction":[{"@type":"ReadAction","target":["https:\/\/fuentesfidedignas.com.mx\/index.php\/2023\/10\/29\/celebra-cuen-ojeda-su-cumpleanos-rodeado-de-familia-amigos-y-6-mil-pasistas\/"]}]},{"@type":"ImageObject","inLanguage":"es","@id":"https:\/\/fuentesfidedignas.com.mx\/index.php\/2023\/10\/29\/celebra-cuen-ojeda-su-cumpleanos-rodeado-de-familia-amigos-y-6-mil-pasistas\/#primaryimage","url":"https:\/\/fuentesfidedignas.com.mx\/wp-content\/uploads\/2023\/10\/WhatsApp-Image-2023-10-29-at-1.06.56-PM.jpeg","contentUrl":"https:\/\/fuentesfidedignas.com.mx\/wp-content\/uploads\/2023\/10\/WhatsApp-Image-2023-10-29-at-1.06.56-PM.jpeg","width":1600,"height":1066},{"@type":"BreadcrumbList","@id":"https:\/\/fuentesfidedignas.com.mx\/index.php\/2023\/10\/29\/celebra-cuen-ojeda-su-cumpleanos-rodeado-de-familia-amigos-y-6-mil-pasistas\/#breadcrumb","itemListElement":[{"@type":"ListItem","position":1,"name":"Inicio","item":"https:\/\/fuentesfidedignas.com.mx\/"},{"@type":"ListItem","position":2,"name":"Celebra Cu\u00e9n Ojeda su cumplea\u00f1os rodeado de familia, amigos y m\u00e1s de 6 mil pasistas"}]},{"@type":"WebSite","@id":"https:\/\/fuentesfidedignas.com.mx\/#website","url":"https:\/\/fuentesfidedignas.com.mx\/","name":"Fuentes Fidedignas","description":"Otro sitio realizado con WordPress","publisher":{"@id":"https:\/\/fuentesfidedignas.com.mx\/#organization"},"potentialAction":[{"@type":"SearchAction","target":{"@type":"EntryPoint","urlTemplate":"https:\/\/fuentesfidedignas.com.mx\/?s={search_term_string}"},"query-input":{"@type":"PropertyValueSpecification","valueRequired":true,"valueName":"search_term_string"}}],"inLanguage":"es"},{"@type":"Organization","@id":"https:\/\/fuentesfidedignas.com.mx\/#organization","name":"Fuentes Fidedignas","url":"https:\/\/fuentesfidedignas.com.mx\/","logo":{"@type":"ImageObject","inLanguage":"es","@id":"https:\/\/fuentesfidedignas.com.mx\/#\/schema\/logo\/image\/","url":"https:\/\/fuentesfidedignas.com.mx\/wp-content\/uploads\/2021\/04\/logo-retina.png","contentUrl":"https:\/\/fuentesfidedignas.com.mx\/wp-content\/uploads\/2021\/04\/logo-retina.png","width":280,"height":51,"caption":"Fuentes Fidedignas"},"image":{"@id":"https:\/\/fuentesfidedignas.com.mx\/#\/schema\/logo\/image\/"},"sameAs":["https:\/\/www.facebook.com\/Fuentes-Fidedignas-368234489921644","https:\/\/x.com\/fidedignas"]},{"@type":"Person","@id":"https:\/\/fuentesfidedignas.com.mx\/#\/schema\/person\/331be9283d37198e2acd5750279085b0","name":"Redacci\u00f3n","image":{"@type":"ImageObject","inLanguage":"es","@id":"https:\/\/secure.gravatar.com\/avatar\/f6d8782c11d12b2d4ad3fbb6931aeab5309937a4d6cd2fc9cfaa28a6396a5aec?s=96&d=mm&r=g","url":"https:\/\/secure.gravatar.com\/avatar\/f6d8782c11d12b2d4ad3fbb6931aeab5309937a4d6cd2fc9cfaa28a6396a5aec?s=96&d=mm&r=g","contentUrl":"https:\/\/secure.gravatar.com\/avatar\/f6d8782c11d12b2d4ad3fbb6931aeab5309937a4d6cd2fc9cfaa28a6396a5aec?s=96&d=mm&r=g","caption":"Redacci\u00f3n"},"url":"https:\/\/fuentesfidedignas.com.mx\/index.php\/author\/redaccion\/"}]}},"_links":{"self":[{"href":"https:\/\/fuentesfidedignas.com.mx\/index.php\/wp-json\/wp\/v2\/posts\/64097","targetHints":{"allow":["GET"]}}],"collection":[{"href":"https:\/\/fuentesfidedignas.com.mx\/index.php\/wp-json\/wp\/v2\/posts"}],"about":[{"href":"https:\/\/fuentesfidedignas.com.mx\/index.php\/wp-json\/wp\/v2\/types\/post"}],"author":[{"embeddable":true,"href":"https:\/\/fuentesfidedignas.com.mx\/index.php\/wp-json\/wp\/v2\/users\/4"}],"replies":[{"embeddable":true,"href":"https:\/\/fuentesfidedignas.com.mx\/index.php\/wp-json\/wp\/v2\/comments?post=64097"}],"version-history":[{"count":2,"href":"https:\/\/fuentesfidedignas.com.mx\/index.php\/wp-json\/wp\/v2\/posts\/64097\/revisions"}],"predecessor-version":[{"id":64103,"href":"https:\/\/fuentesfidedignas.com.mx\/index.php\/wp-json\/wp\/v2\/posts\/64097\/revisions\/64103"}],"wp:featuredmedia":[{"embeddable":true,"href":"https:\/\/fuentesfidedignas.com.mx\/index.php\/wp-json\/wp\/v2\/media\/64098"}],"wp:attachment":[{"href":"https:\/\/fuentesfidedignas.com.mx\/index.php\/wp-json\/wp\/v2\/media?parent=64097"}],"wp:term":[{"taxonomy":"category","embeddable":true,"href":"https:\/\/fuentesfidedignas.com.mx\/index.php\/wp-json\/wp\/v2\/categories?post=64097"},{"taxonomy":"post_tag","embeddable":true,"href":"https:\/\/fuentesfidedignas.com.mx\/index.php\/wp-json\/wp\/v2\/tags?post=64097"}],"curies":[{"name":"wp","href":"https:\/\/api.w.org\/{rel}","templated":true}]}}