{"id":64090,"date":"2023-10-29T12:16:28","date_gmt":"2023-10-29T19:16:28","guid":{"rendered":"https:\/\/fuentesfidedignas.com.mx\/?p=64090"},"modified":"2023-10-30T10:07:29","modified_gmt":"2023-10-30T17:07:29","slug":"gran-cierre-del-festival-este-domingo-con-la-ossla-y-la-sonora-santanera","status":"publish","type":"post","link":"https:\/\/fuentesfidedignas.com.mx\/index.php\/2023\/10\/29\/gran-cierre-del-festival-este-domingo-con-la-ossla-y-la-sonora-santanera\/","title":{"rendered":"\u00a1Gran cierre del Festival, este domingo en Culiac\u00e1n con la OSSLA y la Sonora Santanera!"},"content":{"rendered":"\n<p><strong><em>Adem\u00e1s, \u201cErase una vez una operita\u201d en el TPV y II Festival del Horror en las Artes en Mazatl\u00e1n<\/em><\/strong><\/p>\n\n\n\n<p>Culiac\u00e1n, Sin.- Con un gran espect\u00e1culo al aire libre, este domingo cierra el Festival Cultural Sinaloa 2023, a partir de las 19:00 horas en la explanada de Palacio de Gobierno, con la presencia de la Sonora Santanera como parte de su gira Tour Sinf\u00f3nico, en un megaconcierto con la Orquesta Sinf\u00f3nica Sinaloa de las Artes.<\/p>\n\n\n\n<p>La Sonora Santanera, que en junio del 2022 logr\u00f3 llenos totales con su \u201cTour Sinf\u00f3nico\u201d en el Auditorio Nacional logrando est\u00e1 hoy nominada al Latin Grammy por su disco sinf\u00f3nico en la categor\u00eda como \u201cMejor \u00c1lbum Tropical Tradicional\u201d, que se entregar\u00e1 en Sevilla, Espa\u00f1a, y es lo escucharemos este domingo con la OSSLA.<\/p>\n\n\n\n<p>Se trata de una de las agrupaciones m\u00e1s tradicionales y famosas de la m\u00fasica tropical mexicana, que incluye en su repertorio el danz\u00f3n, el mambo, el bolero, la rumba, el chachach\u00e1, la guaracha y la cumbia y que ha colaborado con m\u00faltiples cantantes y artistas nacionales.<\/p>\n\n\n\n<p>Adem\u00e1s, en la apertura para este domingo a las 12:00 horas, en el Teatro Socorro Astol del ISIC, se presenta el concierto \u201c\u00c9rase una vez una operita&#8221;, a cargo de la Compa\u00f1\u00eda L\u00edrica Universitaria, direcci\u00f3n de Perla Orrantia y con un grupo de vocalistas de s\u00f3lidas voces en un espect\u00e1culo para toda la familia.<\/p>\n\n\n\n<p>Mientras, en Mazatl\u00e1n, este domingo se inaugura el II Festival del Horror en las Artes, con sede en el en el Museo de Arte de Mazatl\u00e1n, un evento totalmente gratuito, donde se har\u00e1 presente la danza, la m\u00fasica, el teatro, as\u00ed como talleres y la Premiaci\u00f3n Estatal de Artes Visuales y Cuento de Horror 2023.<\/p>\n\n\n\n<p>Y en Los Mochis, el Festival cierra a las 18:00 horas en el Parque Sinaloa, con el espect\u00e1culo \u201cRock para ni\u00f1os\u201d, a cargo de la banda culichi Pistache, en un magn\u00edfico concierto con el que celebran 10 a\u00f1os de trayectoria.<\/p>\n\n\n\n<iframe loading=\"lazy\" src=\"https:\/\/www.facebook.com\/plugins\/post.php?href=https%3A%2F%2Fwww.facebook.com%2FInstitutoSinaloenseDeCulturaISIC%2Fposts%2Fpfbid024nyY3NXSmekA4yMmiVuV8j2ZvSTaF4wxKF2Tu4nFp515ekjT84yaEUKx7RFyPsAYl&#038;show_text=true&#038;width=500\" width=\"500\" height=\"515\" style=\"border:none;overflow:hidden\" scrolling=\"no\" frameborder=\"0\" allowfullscreen=\"true\" allow=\"autoplay; clipboard-write; encrypted-media; picture-in-picture; web-share\"><\/iframe>\n","protected":false},"excerpt":{"rendered":"<p>Adem\u00e1s, \u201cErase una vez una operita\u201d en el TPV y II Festival del Horror en las Artes en Mazatl\u00e1n Culiac\u00e1n, Sin.- Con un gran espect\u00e1culo al aire libre, este domingo cierra el Festival Cultural Sinaloa 2023, a partir de las 19:00 horas en la explanada de Palacio de Gobierno, con la presencia de la Sonora [&hellip;]<\/p>\n","protected":false},"author":4,"featured_media":64091,"comment_status":"open","ping_status":"open","sticky":false,"template":"","format":"standard","meta":{"tdm_status":"","tdm_grid_status":"","footnotes":""},"categories":[1],"tags":[],"class_list":{"0":"post-64090","1":"post","2":"type-post","3":"status-publish","4":"format-standard","5":"has-post-thumbnail","7":"category-sin-categoria"},"yoast_head":"<!-- This site is optimized with the Yoast SEO plugin v27.5 - https:\/\/yoast.com\/product\/yoast-seo-wordpress\/ -->\n<title>\u00a1Gran cierre del Festival, este domingo en Culiac\u00e1n con la OSSLA y la Sonora Santanera! - Fuentes Fidedignas<\/title>\n<meta name=\"robots\" content=\"index, follow, max-snippet:-1, max-image-preview:large, max-video-preview:-1\" \/>\n<link rel=\"canonical\" href=\"https:\/\/fuentesfidedignas.com.mx\/index.php\/2023\/10\/29\/gran-cierre-del-festival-este-domingo-con-la-ossla-y-la-sonora-santanera\/\" \/>\n<meta property=\"og:locale\" content=\"es_MX\" \/>\n<meta property=\"og:type\" content=\"article\" \/>\n<meta property=\"og:title\" content=\"\u00a1Gran cierre del Festival, este domingo en Culiac\u00e1n con la OSSLA y la Sonora Santanera! - Fuentes Fidedignas\" \/>\n<meta property=\"og:description\" content=\"Adem\u00e1s, \u201cErase una vez una operita\u201d en el TPV y II Festival del Horror en las Artes en Mazatl\u00e1n Culiac\u00e1n, Sin.- Con un gran espect\u00e1culo al aire libre, este domingo cierra el Festival Cultural Sinaloa 2023, a partir de las 19:00 horas en la explanada de Palacio de Gobierno, con la presencia de la Sonora [&hellip;]\" \/>\n<meta property=\"og:url\" content=\"https:\/\/fuentesfidedignas.com.mx\/index.php\/2023\/10\/29\/gran-cierre-del-festival-este-domingo-con-la-ossla-y-la-sonora-santanera\/\" \/>\n<meta property=\"og:site_name\" content=\"Fuentes Fidedignas\" \/>\n<meta property=\"article:publisher\" content=\"https:\/\/www.facebook.com\/Fuentes-Fidedignas-368234489921644\" \/>\n<meta property=\"article:published_time\" content=\"2023-10-29T19:16:28+00:00\" \/>\n<meta property=\"article:modified_time\" content=\"2023-10-30T17:07:29+00:00\" \/>\n<meta property=\"og:image\" content=\"https:\/\/fuentesfidedignas.com.mx\/wp-content\/uploads\/2023\/10\/SONORA_ISIC.jpg\" \/>\n\t<meta property=\"og:image:width\" content=\"915\" \/>\n\t<meta property=\"og:image:height\" content=\"769\" \/>\n\t<meta property=\"og:image:type\" content=\"image\/jpeg\" \/>\n<meta name=\"author\" content=\"Redacci\u00f3n\" \/>\n<meta name=\"twitter:card\" content=\"summary_large_image\" \/>\n<meta name=\"twitter:creator\" content=\"@fidedignas\" \/>\n<meta name=\"twitter:site\" content=\"@fidedignas\" \/>\n<meta name=\"twitter:label1\" content=\"Escrito por\" \/>\n\t<meta name=\"twitter:data1\" content=\"Redacci\u00f3n\" \/>\n\t<meta name=\"twitter:label2\" content=\"Tiempo de lectura\" \/>\n\t<meta name=\"twitter:data2\" content=\"2 minutos\" \/>\n<script type=\"application\/ld+json\" class=\"yoast-schema-graph\">{\"@context\":\"https:\\\/\\\/schema.org\",\"@graph\":[{\"@type\":\"Article\",\"@id\":\"https:\\\/\\\/fuentesfidedignas.com.mx\\\/index.php\\\/2023\\\/10\\\/29\\\/gran-cierre-del-festival-este-domingo-con-la-ossla-y-la-sonora-santanera\\\/#article\",\"isPartOf\":{\"@id\":\"https:\\\/\\\/fuentesfidedignas.com.mx\\\/index.php\\\/2023\\\/10\\\/29\\\/gran-cierre-del-festival-este-domingo-con-la-ossla-y-la-sonora-santanera\\\/\"},\"author\":{\"name\":\"Redacci\u00f3n\",\"@id\":\"https:\\\/\\\/fuentesfidedignas.com.mx\\\/#\\\/schema\\\/person\\\/331be9283d37198e2acd5750279085b0\"},\"headline\":\"\u00a1Gran cierre del Festival, este domingo en Culiac\u00e1n con la OSSLA y la Sonora Santanera!\",\"datePublished\":\"2023-10-29T19:16:28+00:00\",\"dateModified\":\"2023-10-30T17:07:29+00:00\",\"mainEntityOfPage\":{\"@id\":\"https:\\\/\\\/fuentesfidedignas.com.mx\\\/index.php\\\/2023\\\/10\\\/29\\\/gran-cierre-del-festival-este-domingo-con-la-ossla-y-la-sonora-santanera\\\/\"},\"wordCount\":360,\"commentCount\":0,\"publisher\":{\"@id\":\"https:\\\/\\\/fuentesfidedignas.com.mx\\\/#organization\"},\"image\":{\"@id\":\"https:\\\/\\\/fuentesfidedignas.com.mx\\\/index.php\\\/2023\\\/10\\\/29\\\/gran-cierre-del-festival-este-domingo-con-la-ossla-y-la-sonora-santanera\\\/#primaryimage\"},\"thumbnailUrl\":\"https:\\\/\\\/fuentesfidedignas.com.mx\\\/wp-content\\\/uploads\\\/2023\\\/10\\\/SONORA_ISIC.jpg\",\"inLanguage\":\"es\",\"potentialAction\":[{\"@type\":\"CommentAction\",\"name\":\"Comment\",\"target\":[\"https:\\\/\\\/fuentesfidedignas.com.mx\\\/index.php\\\/2023\\\/10\\\/29\\\/gran-cierre-del-festival-este-domingo-con-la-ossla-y-la-sonora-santanera\\\/#respond\"]}]},{\"@type\":\"WebPage\",\"@id\":\"https:\\\/\\\/fuentesfidedignas.com.mx\\\/index.php\\\/2023\\\/10\\\/29\\\/gran-cierre-del-festival-este-domingo-con-la-ossla-y-la-sonora-santanera\\\/\",\"url\":\"https:\\\/\\\/fuentesfidedignas.com.mx\\\/index.php\\\/2023\\\/10\\\/29\\\/gran-cierre-del-festival-este-domingo-con-la-ossla-y-la-sonora-santanera\\\/\",\"name\":\"\u00a1Gran cierre del Festival, este domingo en Culiac\u00e1n con la OSSLA y la Sonora Santanera! - Fuentes Fidedignas\",\"isPartOf\":{\"@id\":\"https:\\\/\\\/fuentesfidedignas.com.mx\\\/#website\"},\"primaryImageOfPage\":{\"@id\":\"https:\\\/\\\/fuentesfidedignas.com.mx\\\/index.php\\\/2023\\\/10\\\/29\\\/gran-cierre-del-festival-este-domingo-con-la-ossla-y-la-sonora-santanera\\\/#primaryimage\"},\"image\":{\"@id\":\"https:\\\/\\\/fuentesfidedignas.com.mx\\\/index.php\\\/2023\\\/10\\\/29\\\/gran-cierre-del-festival-este-domingo-con-la-ossla-y-la-sonora-santanera\\\/#primaryimage\"},\"thumbnailUrl\":\"https:\\\/\\\/fuentesfidedignas.com.mx\\\/wp-content\\\/uploads\\\/2023\\\/10\\\/SONORA_ISIC.jpg\",\"datePublished\":\"2023-10-29T19:16:28+00:00\",\"dateModified\":\"2023-10-30T17:07:29+00:00\",\"breadcrumb\":{\"@id\":\"https:\\\/\\\/fuentesfidedignas.com.mx\\\/index.php\\\/2023\\\/10\\\/29\\\/gran-cierre-del-festival-este-domingo-con-la-ossla-y-la-sonora-santanera\\\/#breadcrumb\"},\"inLanguage\":\"es\",\"potentialAction\":[{\"@type\":\"ReadAction\",\"target\":[\"https:\\\/\\\/fuentesfidedignas.com.mx\\\/index.php\\\/2023\\\/10\\\/29\\\/gran-cierre-del-festival-este-domingo-con-la-ossla-y-la-sonora-santanera\\\/\"]}]},{\"@type\":\"ImageObject\",\"inLanguage\":\"es\",\"@id\":\"https:\\\/\\\/fuentesfidedignas.com.mx\\\/index.php\\\/2023\\\/10\\\/29\\\/gran-cierre-del-festival-este-domingo-con-la-ossla-y-la-sonora-santanera\\\/#primaryimage\",\"url\":\"https:\\\/\\\/fuentesfidedignas.com.mx\\\/wp-content\\\/uploads\\\/2023\\\/10\\\/SONORA_ISIC.jpg\",\"contentUrl\":\"https:\\\/\\\/fuentesfidedignas.com.mx\\\/wp-content\\\/uploads\\\/2023\\\/10\\\/SONORA_ISIC.jpg\",\"width\":915,\"height\":769},{\"@type\":\"BreadcrumbList\",\"@id\":\"https:\\\/\\\/fuentesfidedignas.com.mx\\\/index.php\\\/2023\\\/10\\\/29\\\/gran-cierre-del-festival-este-domingo-con-la-ossla-y-la-sonora-santanera\\\/#breadcrumb\",\"itemListElement\":[{\"@type\":\"ListItem\",\"position\":1,\"name\":\"Inicio\",\"item\":\"https:\\\/\\\/fuentesfidedignas.com.mx\\\/\"},{\"@type\":\"ListItem\",\"position\":2,\"name\":\"\u00a1Gran cierre del Festival, este domingo en Culiac\u00e1n con la OSSLA y la Sonora Santanera!\"}]},{\"@type\":\"WebSite\",\"@id\":\"https:\\\/\\\/fuentesfidedignas.com.mx\\\/#website\",\"url\":\"https:\\\/\\\/fuentesfidedignas.com.mx\\\/\",\"name\":\"Fuentes Fidedignas\",\"description\":\"Otro sitio realizado con WordPress\",\"publisher\":{\"@id\":\"https:\\\/\\\/fuentesfidedignas.com.mx\\\/#organization\"},\"potentialAction\":[{\"@type\":\"SearchAction\",\"target\":{\"@type\":\"EntryPoint\",\"urlTemplate\":\"https:\\\/\\\/fuentesfidedignas.com.mx\\\/?s={search_term_string}\"},\"query-input\":{\"@type\":\"PropertyValueSpecification\",\"valueRequired\":true,\"valueName\":\"search_term_string\"}}],\"inLanguage\":\"es\"},{\"@type\":\"Organization\",\"@id\":\"https:\\\/\\\/fuentesfidedignas.com.mx\\\/#organization\",\"name\":\"Fuentes Fidedignas\",\"url\":\"https:\\\/\\\/fuentesfidedignas.com.mx\\\/\",\"logo\":{\"@type\":\"ImageObject\",\"inLanguage\":\"es\",\"@id\":\"https:\\\/\\\/fuentesfidedignas.com.mx\\\/#\\\/schema\\\/logo\\\/image\\\/\",\"url\":\"https:\\\/\\\/fuentesfidedignas.com.mx\\\/wp-content\\\/uploads\\\/2021\\\/04\\\/logo-retina.png\",\"contentUrl\":\"https:\\\/\\\/fuentesfidedignas.com.mx\\\/wp-content\\\/uploads\\\/2021\\\/04\\\/logo-retina.png\",\"width\":280,\"height\":51,\"caption\":\"Fuentes Fidedignas\"},\"image\":{\"@id\":\"https:\\\/\\\/fuentesfidedignas.com.mx\\\/#\\\/schema\\\/logo\\\/image\\\/\"},\"sameAs\":[\"https:\\\/\\\/www.facebook.com\\\/Fuentes-Fidedignas-368234489921644\",\"https:\\\/\\\/x.com\\\/fidedignas\"]},{\"@type\":\"Person\",\"@id\":\"https:\\\/\\\/fuentesfidedignas.com.mx\\\/#\\\/schema\\\/person\\\/331be9283d37198e2acd5750279085b0\",\"name\":\"Redacci\u00f3n\",\"image\":{\"@type\":\"ImageObject\",\"inLanguage\":\"es\",\"@id\":\"https:\\\/\\\/secure.gravatar.com\\\/avatar\\\/f6d8782c11d12b2d4ad3fbb6931aeab5309937a4d6cd2fc9cfaa28a6396a5aec?s=96&d=mm&r=g\",\"url\":\"https:\\\/\\\/secure.gravatar.com\\\/avatar\\\/f6d8782c11d12b2d4ad3fbb6931aeab5309937a4d6cd2fc9cfaa28a6396a5aec?s=96&d=mm&r=g\",\"contentUrl\":\"https:\\\/\\\/secure.gravatar.com\\\/avatar\\\/f6d8782c11d12b2d4ad3fbb6931aeab5309937a4d6cd2fc9cfaa28a6396a5aec?s=96&d=mm&r=g\",\"caption\":\"Redacci\u00f3n\"},\"url\":\"https:\\\/\\\/fuentesfidedignas.com.mx\\\/index.php\\\/author\\\/redaccion\\\/\"}]}<\/script>\n<!-- \/ Yoast SEO plugin. -->","yoast_head_json":{"title":"\u00a1Gran cierre del Festival, este domingo en Culiac\u00e1n con la OSSLA y la Sonora Santanera! - Fuentes Fidedignas","robots":{"index":"index","follow":"follow","max-snippet":"max-snippet:-1","max-image-preview":"max-image-preview:large","max-video-preview":"max-video-preview:-1"},"canonical":"https:\/\/fuentesfidedignas.com.mx\/index.php\/2023\/10\/29\/gran-cierre-del-festival-este-domingo-con-la-ossla-y-la-sonora-santanera\/","og_locale":"es_MX","og_type":"article","og_title":"\u00a1Gran cierre del Festival, este domingo en Culiac\u00e1n con la OSSLA y la Sonora Santanera! - Fuentes Fidedignas","og_description":"Adem\u00e1s, \u201cErase una vez una operita\u201d en el TPV y II Festival del Horror en las Artes en Mazatl\u00e1n Culiac\u00e1n, Sin.- Con un gran espect\u00e1culo al aire libre, este domingo cierra el Festival Cultural Sinaloa 2023, a partir de las 19:00 horas en la explanada de Palacio de Gobierno, con la presencia de la Sonora [&hellip;]","og_url":"https:\/\/fuentesfidedignas.com.mx\/index.php\/2023\/10\/29\/gran-cierre-del-festival-este-domingo-con-la-ossla-y-la-sonora-santanera\/","og_site_name":"Fuentes Fidedignas","article_publisher":"https:\/\/www.facebook.com\/Fuentes-Fidedignas-368234489921644","article_published_time":"2023-10-29T19:16:28+00:00","article_modified_time":"2023-10-30T17:07:29+00:00","og_image":[{"width":915,"height":769,"url":"https:\/\/fuentesfidedignas.com.mx\/wp-content\/uploads\/2023\/10\/SONORA_ISIC.jpg","type":"image\/jpeg"}],"author":"Redacci\u00f3n","twitter_card":"summary_large_image","twitter_creator":"@fidedignas","twitter_site":"@fidedignas","twitter_misc":{"Escrito por":"Redacci\u00f3n","Tiempo de lectura":"2 minutos"},"schema":{"@context":"https:\/\/schema.org","@graph":[{"@type":"Article","@id":"https:\/\/fuentesfidedignas.com.mx\/index.php\/2023\/10\/29\/gran-cierre-del-festival-este-domingo-con-la-ossla-y-la-sonora-santanera\/#article","isPartOf":{"@id":"https:\/\/fuentesfidedignas.com.mx\/index.php\/2023\/10\/29\/gran-cierre-del-festival-este-domingo-con-la-ossla-y-la-sonora-santanera\/"},"author":{"name":"Redacci\u00f3n","@id":"https:\/\/fuentesfidedignas.com.mx\/#\/schema\/person\/331be9283d37198e2acd5750279085b0"},"headline":"\u00a1Gran cierre del Festival, este domingo en Culiac\u00e1n con la OSSLA y la Sonora Santanera!","datePublished":"2023-10-29T19:16:28+00:00","dateModified":"2023-10-30T17:07:29+00:00","mainEntityOfPage":{"@id":"https:\/\/fuentesfidedignas.com.mx\/index.php\/2023\/10\/29\/gran-cierre-del-festival-este-domingo-con-la-ossla-y-la-sonora-santanera\/"},"wordCount":360,"commentCount":0,"publisher":{"@id":"https:\/\/fuentesfidedignas.com.mx\/#organization"},"image":{"@id":"https:\/\/fuentesfidedignas.com.mx\/index.php\/2023\/10\/29\/gran-cierre-del-festival-este-domingo-con-la-ossla-y-la-sonora-santanera\/#primaryimage"},"thumbnailUrl":"https:\/\/fuentesfidedignas.com.mx\/wp-content\/uploads\/2023\/10\/SONORA_ISIC.jpg","inLanguage":"es","potentialAction":[{"@type":"CommentAction","name":"Comment","target":["https:\/\/fuentesfidedignas.com.mx\/index.php\/2023\/10\/29\/gran-cierre-del-festival-este-domingo-con-la-ossla-y-la-sonora-santanera\/#respond"]}]},{"@type":"WebPage","@id":"https:\/\/fuentesfidedignas.com.mx\/index.php\/2023\/10\/29\/gran-cierre-del-festival-este-domingo-con-la-ossla-y-la-sonora-santanera\/","url":"https:\/\/fuentesfidedignas.com.mx\/index.php\/2023\/10\/29\/gran-cierre-del-festival-este-domingo-con-la-ossla-y-la-sonora-santanera\/","name":"\u00a1Gran cierre del Festival, este domingo en Culiac\u00e1n con la OSSLA y la Sonora Santanera! - Fuentes Fidedignas","isPartOf":{"@id":"https:\/\/fuentesfidedignas.com.mx\/#website"},"primaryImageOfPage":{"@id":"https:\/\/fuentesfidedignas.com.mx\/index.php\/2023\/10\/29\/gran-cierre-del-festival-este-domingo-con-la-ossla-y-la-sonora-santanera\/#primaryimage"},"image":{"@id":"https:\/\/fuentesfidedignas.com.mx\/index.php\/2023\/10\/29\/gran-cierre-del-festival-este-domingo-con-la-ossla-y-la-sonora-santanera\/#primaryimage"},"thumbnailUrl":"https:\/\/fuentesfidedignas.com.mx\/wp-content\/uploads\/2023\/10\/SONORA_ISIC.jpg","datePublished":"2023-10-29T19:16:28+00:00","dateModified":"2023-10-30T17:07:29+00:00","breadcrumb":{"@id":"https:\/\/fuentesfidedignas.com.mx\/index.php\/2023\/10\/29\/gran-cierre-del-festival-este-domingo-con-la-ossla-y-la-sonora-santanera\/#breadcrumb"},"inLanguage":"es","potentialAction":[{"@type":"ReadAction","target":["https:\/\/fuentesfidedignas.com.mx\/index.php\/2023\/10\/29\/gran-cierre-del-festival-este-domingo-con-la-ossla-y-la-sonora-santanera\/"]}]},{"@type":"ImageObject","inLanguage":"es","@id":"https:\/\/fuentesfidedignas.com.mx\/index.php\/2023\/10\/29\/gran-cierre-del-festival-este-domingo-con-la-ossla-y-la-sonora-santanera\/#primaryimage","url":"https:\/\/fuentesfidedignas.com.mx\/wp-content\/uploads\/2023\/10\/SONORA_ISIC.jpg","contentUrl":"https:\/\/fuentesfidedignas.com.mx\/wp-content\/uploads\/2023\/10\/SONORA_ISIC.jpg","width":915,"height":769},{"@type":"BreadcrumbList","@id":"https:\/\/fuentesfidedignas.com.mx\/index.php\/2023\/10\/29\/gran-cierre-del-festival-este-domingo-con-la-ossla-y-la-sonora-santanera\/#breadcrumb","itemListElement":[{"@type":"ListItem","position":1,"name":"Inicio","item":"https:\/\/fuentesfidedignas.com.mx\/"},{"@type":"ListItem","position":2,"name":"\u00a1Gran cierre del Festival, este domingo en Culiac\u00e1n con la OSSLA y la Sonora Santanera!"}]},{"@type":"WebSite","@id":"https:\/\/fuentesfidedignas.com.mx\/#website","url":"https:\/\/fuentesfidedignas.com.mx\/","name":"Fuentes Fidedignas","description":"Otro sitio realizado con WordPress","publisher":{"@id":"https:\/\/fuentesfidedignas.com.mx\/#organization"},"potentialAction":[{"@type":"SearchAction","target":{"@type":"EntryPoint","urlTemplate":"https:\/\/fuentesfidedignas.com.mx\/?s={search_term_string}"},"query-input":{"@type":"PropertyValueSpecification","valueRequired":true,"valueName":"search_term_string"}}],"inLanguage":"es"},{"@type":"Organization","@id":"https:\/\/fuentesfidedignas.com.mx\/#organization","name":"Fuentes Fidedignas","url":"https:\/\/fuentesfidedignas.com.mx\/","logo":{"@type":"ImageObject","inLanguage":"es","@id":"https:\/\/fuentesfidedignas.com.mx\/#\/schema\/logo\/image\/","url":"https:\/\/fuentesfidedignas.com.mx\/wp-content\/uploads\/2021\/04\/logo-retina.png","contentUrl":"https:\/\/fuentesfidedignas.com.mx\/wp-content\/uploads\/2021\/04\/logo-retina.png","width":280,"height":51,"caption":"Fuentes Fidedignas"},"image":{"@id":"https:\/\/fuentesfidedignas.com.mx\/#\/schema\/logo\/image\/"},"sameAs":["https:\/\/www.facebook.com\/Fuentes-Fidedignas-368234489921644","https:\/\/x.com\/fidedignas"]},{"@type":"Person","@id":"https:\/\/fuentesfidedignas.com.mx\/#\/schema\/person\/331be9283d37198e2acd5750279085b0","name":"Redacci\u00f3n","image":{"@type":"ImageObject","inLanguage":"es","@id":"https:\/\/secure.gravatar.com\/avatar\/f6d8782c11d12b2d4ad3fbb6931aeab5309937a4d6cd2fc9cfaa28a6396a5aec?s=96&d=mm&r=g","url":"https:\/\/secure.gravatar.com\/avatar\/f6d8782c11d12b2d4ad3fbb6931aeab5309937a4d6cd2fc9cfaa28a6396a5aec?s=96&d=mm&r=g","contentUrl":"https:\/\/secure.gravatar.com\/avatar\/f6d8782c11d12b2d4ad3fbb6931aeab5309937a4d6cd2fc9cfaa28a6396a5aec?s=96&d=mm&r=g","caption":"Redacci\u00f3n"},"url":"https:\/\/fuentesfidedignas.com.mx\/index.php\/author\/redaccion\/"}]}},"_links":{"self":[{"href":"https:\/\/fuentesfidedignas.com.mx\/index.php\/wp-json\/wp\/v2\/posts\/64090","targetHints":{"allow":["GET"]}}],"collection":[{"href":"https:\/\/fuentesfidedignas.com.mx\/index.php\/wp-json\/wp\/v2\/posts"}],"about":[{"href":"https:\/\/fuentesfidedignas.com.mx\/index.php\/wp-json\/wp\/v2\/types\/post"}],"author":[{"embeddable":true,"href":"https:\/\/fuentesfidedignas.com.mx\/index.php\/wp-json\/wp\/v2\/users\/4"}],"replies":[{"embeddable":true,"href":"https:\/\/fuentesfidedignas.com.mx\/index.php\/wp-json\/wp\/v2\/comments?post=64090"}],"version-history":[{"count":2,"href":"https:\/\/fuentesfidedignas.com.mx\/index.php\/wp-json\/wp\/v2\/posts\/64090\/revisions"}],"predecessor-version":[{"id":64093,"href":"https:\/\/fuentesfidedignas.com.mx\/index.php\/wp-json\/wp\/v2\/posts\/64090\/revisions\/64093"}],"wp:featuredmedia":[{"embeddable":true,"href":"https:\/\/fuentesfidedignas.com.mx\/index.php\/wp-json\/wp\/v2\/media\/64091"}],"wp:attachment":[{"href":"https:\/\/fuentesfidedignas.com.mx\/index.php\/wp-json\/wp\/v2\/media?parent=64090"}],"wp:term":[{"taxonomy":"category","embeddable":true,"href":"https:\/\/fuentesfidedignas.com.mx\/index.php\/wp-json\/wp\/v2\/categories?post=64090"},{"taxonomy":"post_tag","embeddable":true,"href":"https:\/\/fuentesfidedignas.com.mx\/index.php\/wp-json\/wp\/v2\/tags?post=64090"}],"curies":[{"name":"wp","href":"https:\/\/api.w.org\/{rel}","templated":true}]}}