{"id":64064,"date":"2023-10-28T12:43:56","date_gmt":"2023-10-28T19:43:56","guid":{"rendered":"https:\/\/fuentesfidedignas.com.mx\/?p=64064"},"modified":"2023-10-28T12:45:54","modified_gmt":"2023-10-28T19:45:54","slug":"avanza-reparacion-de-calles-caminos-y-carreteras-danados-en-elota-por-norma","status":"publish","type":"post","link":"https:\/\/fuentesfidedignas.com.mx\/index.php\/2023\/10\/28\/avanza-reparacion-de-calles-caminos-y-carreteras-danados-en-elota-por-norma\/","title":{"rendered":"Avanza reparaci\u00f3n de calles, caminos y carreteras da\u00f1ados en Elota por \u201cNorma\u201d"},"content":{"rendered":"\n<ul class=\"wp-block-list\">\n<li><em><strong>La Direcci\u00f3n de Desarrollo Urbano, Obras y Servicios P\u00fablicos del Ayuntamiento trabaja a marchas forzadas en las vialidades del municipio<\/strong><\/em><\/li>\n<\/ul>\n\n\n\n<p>La Cruz, Elota. La reparaci\u00f3n de calles, caminos y carreteras da\u00f1adas por la tormenta tropical \u201cNorma\u201d avanza a marchas forzadas en el municipio de Elota, inform\u00f3 el director de Desarrollo Urbano, Obras y Servicios P\u00fablicos, Alberto P\u00e9rez Salazar.<\/p>\n\n\n\n<p>Con apoyo de maquinaria, cuadrillas de la dependencia municipal llevan a cabo trabajos de bacheo y nivelaci\u00f3n de las vialidades en las comunidades rurales y la cabecera municipal.<\/p>\n\n\n\n<figure class=\"wp-block-image size-large is-resized\"><img decoding=\"async\" width=\"1024\" height=\"760\" src=\"https:\/\/fuentesfidedignas.com.mx\/wp-content\/uploads\/2023\/10\/Screenshot_20231028_124337_WhatsApp-1024x760.jpg\" alt=\"\" class=\"wp-image-64065\" style=\"aspect-ratio:1.3473684210526315;width:403px;height:auto\" srcset=\"https:\/\/fuentesfidedignas.com.mx\/wp-content\/uploads\/2023\/10\/Screenshot_20231028_124337_WhatsApp-1024x760.jpg 1024w, https:\/\/fuentesfidedignas.com.mx\/wp-content\/uploads\/2023\/10\/Screenshot_20231028_124337_WhatsApp-300x223.jpg 300w, https:\/\/fuentesfidedignas.com.mx\/wp-content\/uploads\/2023\/10\/Screenshot_20231028_124337_WhatsApp-768x570.jpg 768w, https:\/\/fuentesfidedignas.com.mx\/wp-content\/uploads\/2023\/10\/Screenshot_20231028_124337_WhatsApp-485x360.jpg 485w, https:\/\/fuentesfidedignas.com.mx\/wp-content\/uploads\/2023\/10\/Screenshot_20231028_124337_WhatsApp-696x517.jpg 696w, https:\/\/fuentesfidedignas.com.mx\/wp-content\/uploads\/2023\/10\/Screenshot_20231028_124337_WhatsApp-1068x793.jpg 1068w, https:\/\/fuentesfidedignas.com.mx\/wp-content\/uploads\/2023\/10\/Screenshot_20231028_124337_WhatsApp-566x420.jpg 566w, https:\/\/fuentesfidedignas.com.mx\/wp-content\/uploads\/2023\/10\/Screenshot_20231028_124337_WhatsApp-80x60.jpg 80w, https:\/\/fuentesfidedignas.com.mx\/wp-content\/uploads\/2023\/10\/Screenshot_20231028_124337_WhatsApp-265x198.jpg 265w, https:\/\/fuentesfidedignas.com.mx\/wp-content\/uploads\/2023\/10\/Screenshot_20231028_124337_WhatsApp.jpg 1080w\" sizes=\"(max-width: 1024px) 100vw, 1024px\" \/><\/figure>\n\n\n\n<p>P\u00e9rez Salazar resalt\u00f3 que gran parte de las carreteras resultaron afectadas por el fen\u00f3meno natural y requieren bacheo y reencarpetado.<\/p>\n\n\n\n<p>Indic\u00f3 que terminaron por destruirse los puentes de Los Mecates y Bellavista, y los puentes de Aguamarga y la Vinater\u00eda presentaron socavones, los cuales una vez terminadas las lluvias fueron reparados de manera provisional para abrir el acceso vehicular.<\/p>\n\n\n\n<p>\u201cEl bacheo es en todas las carreteras, tenemos problema de baches en todas las carreteras. Tenemos detectadas tres carreteras que esas ocupan reencarpetado, que vienen siendo la Maxipista por el Ejido Culiac\u00e1n, la otra es la de la M\u00e9xico 15-26 de Enero-Emiliano Zapata hasta Potrerillos, que ocupa tambi\u00e9n reencarpetado, son demasiados baches, y la otra son ciertos tramos de aqu\u00ed de La Cruz a El Roble\u201d, detall\u00f3.<\/p>\n\n\n\n<p>El funcionario municipal inform\u00f3 que actualmente se bachea la carretera La Cruz-M\u00e9xico 15.<\/p>\n\n\n\n<p>En el caso de las calles, se\u00f1al\u00f3 que se atienden las colonias Montebello, Vicente Escobar, Miramar y Palos Blancos, de la ciudad de La Cruz, y la comunidad de El Salado.<\/p>\n\n\n\n<p>El director del \u00e1rea hizo hincapi\u00e9 que la encomienda de la alcaldesa Ana Karen Val Medina, es reparar todas las vialidades da\u00f1adas por \u201cNorma\u201d.<\/p>\n","protected":false},"excerpt":{"rendered":"<p>La Cruz, Elota. La reparaci\u00f3n de calles, caminos y carreteras da\u00f1adas por la tormenta tropical \u201cNorma\u201d avanza a marchas forzadas en el municipio de Elota, inform\u00f3 el director de Desarrollo Urbano, Obras y Servicios P\u00fablicos, Alberto P\u00e9rez Salazar. Con apoyo de maquinaria, cuadrillas de la dependencia municipal llevan a cabo trabajos de bacheo y nivelaci\u00f3n [&hellip;]<\/p>\n","protected":false},"author":4,"featured_media":64067,"comment_status":"open","ping_status":"open","sticky":false,"template":"","format":"standard","meta":{"tdm_status":"","tdm_grid_status":"","footnotes":""},"categories":[38,1],"tags":[],"class_list":{"0":"post-64064","1":"post","2":"type-post","3":"status-publish","4":"format-standard","5":"has-post-thumbnail","7":"category-noticias-locales","8":"category-sin-categoria"},"yoast_head":"<!-- This site is optimized with the Yoast SEO plugin v27.5 - https:\/\/yoast.com\/product\/yoast-seo-wordpress\/ -->\n<title>Avanza reparaci\u00f3n de calles, caminos y carreteras da\u00f1ados en Elota por \u201cNorma\u201d - Fuentes Fidedignas<\/title>\n<meta name=\"robots\" content=\"index, follow, max-snippet:-1, max-image-preview:large, max-video-preview:-1\" \/>\n<link rel=\"canonical\" href=\"https:\/\/fuentesfidedignas.com.mx\/index.php\/2023\/10\/28\/avanza-reparacion-de-calles-caminos-y-carreteras-danados-en-elota-por-norma\/\" \/>\n<meta property=\"og:locale\" content=\"es_MX\" \/>\n<meta property=\"og:type\" content=\"article\" \/>\n<meta property=\"og:title\" content=\"Avanza reparaci\u00f3n de calles, caminos y carreteras da\u00f1ados en Elota por \u201cNorma\u201d - Fuentes Fidedignas\" \/>\n<meta property=\"og:description\" content=\"La Cruz, Elota. La reparaci\u00f3n de calles, caminos y carreteras da\u00f1adas por la tormenta tropical \u201cNorma\u201d avanza a marchas forzadas en el municipio de Elota, inform\u00f3 el director de Desarrollo Urbano, Obras y Servicios P\u00fablicos, Alberto P\u00e9rez Salazar. Con apoyo de maquinaria, cuadrillas de la dependencia municipal llevan a cabo trabajos de bacheo y nivelaci\u00f3n [&hellip;]\" \/>\n<meta property=\"og:url\" content=\"https:\/\/fuentesfidedignas.com.mx\/index.php\/2023\/10\/28\/avanza-reparacion-de-calles-caminos-y-carreteras-danados-en-elota-por-norma\/\" \/>\n<meta property=\"og:site_name\" content=\"Fuentes Fidedignas\" \/>\n<meta property=\"article:publisher\" content=\"https:\/\/www.facebook.com\/Fuentes-Fidedignas-368234489921644\" \/>\n<meta property=\"article:published_time\" content=\"2023-10-28T19:43:56+00:00\" \/>\n<meta property=\"article:modified_time\" content=\"2023-10-28T19:45:54+00:00\" \/>\n<meta property=\"og:image\" content=\"https:\/\/fuentesfidedignas.com.mx\/wp-content\/uploads\/2023\/10\/Screenshot_20231028_124314_WhatsApp.jpg\" \/>\n\t<meta property=\"og:image:width\" content=\"1080\" \/>\n\t<meta property=\"og:image:height\" content=\"777\" \/>\n\t<meta property=\"og:image:type\" content=\"image\/jpeg\" \/>\n<meta name=\"author\" content=\"Redacci\u00f3n\" \/>\n<meta name=\"twitter:card\" content=\"summary_large_image\" \/>\n<meta name=\"twitter:creator\" content=\"@fidedignas\" \/>\n<meta name=\"twitter:site\" content=\"@fidedignas\" \/>\n<meta name=\"twitter:label1\" content=\"Escrito por\" \/>\n\t<meta name=\"twitter:data1\" content=\"Redacci\u00f3n\" \/>\n\t<meta name=\"twitter:label2\" content=\"Tiempo de lectura\" \/>\n\t<meta name=\"twitter:data2\" content=\"2 minutos\" \/>\n<script type=\"application\/ld+json\" class=\"yoast-schema-graph\">{\"@context\":\"https:\\\/\\\/schema.org\",\"@graph\":[{\"@type\":\"Article\",\"@id\":\"https:\\\/\\\/fuentesfidedignas.com.mx\\\/index.php\\\/2023\\\/10\\\/28\\\/avanza-reparacion-de-calles-caminos-y-carreteras-danados-en-elota-por-norma\\\/#article\",\"isPartOf\":{\"@id\":\"https:\\\/\\\/fuentesfidedignas.com.mx\\\/index.php\\\/2023\\\/10\\\/28\\\/avanza-reparacion-de-calles-caminos-y-carreteras-danados-en-elota-por-norma\\\/\"},\"author\":{\"name\":\"Redacci\u00f3n\",\"@id\":\"https:\\\/\\\/fuentesfidedignas.com.mx\\\/#\\\/schema\\\/person\\\/331be9283d37198e2acd5750279085b0\"},\"headline\":\"Avanza reparaci\u00f3n de calles, caminos y carreteras da\u00f1ados en Elota por \u201cNorma\u201d\",\"datePublished\":\"2023-10-28T19:43:56+00:00\",\"dateModified\":\"2023-10-28T19:45:54+00:00\",\"mainEntityOfPage\":{\"@id\":\"https:\\\/\\\/fuentesfidedignas.com.mx\\\/index.php\\\/2023\\\/10\\\/28\\\/avanza-reparacion-de-calles-caminos-y-carreteras-danados-en-elota-por-norma\\\/\"},\"wordCount\":309,\"commentCount\":0,\"publisher\":{\"@id\":\"https:\\\/\\\/fuentesfidedignas.com.mx\\\/#organization\"},\"image\":{\"@id\":\"https:\\\/\\\/fuentesfidedignas.com.mx\\\/index.php\\\/2023\\\/10\\\/28\\\/avanza-reparacion-de-calles-caminos-y-carreteras-danados-en-elota-por-norma\\\/#primaryimage\"},\"thumbnailUrl\":\"https:\\\/\\\/fuentesfidedignas.com.mx\\\/wp-content\\\/uploads\\\/2023\\\/10\\\/Screenshot_20231028_124314_WhatsApp.jpg\",\"articleSection\":[\"NOTICIAS LOCALES\"],\"inLanguage\":\"es\",\"potentialAction\":[{\"@type\":\"CommentAction\",\"name\":\"Comment\",\"target\":[\"https:\\\/\\\/fuentesfidedignas.com.mx\\\/index.php\\\/2023\\\/10\\\/28\\\/avanza-reparacion-de-calles-caminos-y-carreteras-danados-en-elota-por-norma\\\/#respond\"]}]},{\"@type\":\"WebPage\",\"@id\":\"https:\\\/\\\/fuentesfidedignas.com.mx\\\/index.php\\\/2023\\\/10\\\/28\\\/avanza-reparacion-de-calles-caminos-y-carreteras-danados-en-elota-por-norma\\\/\",\"url\":\"https:\\\/\\\/fuentesfidedignas.com.mx\\\/index.php\\\/2023\\\/10\\\/28\\\/avanza-reparacion-de-calles-caminos-y-carreteras-danados-en-elota-por-norma\\\/\",\"name\":\"Avanza reparaci\u00f3n de calles, caminos y carreteras da\u00f1ados en Elota por \u201cNorma\u201d - Fuentes Fidedignas\",\"isPartOf\":{\"@id\":\"https:\\\/\\\/fuentesfidedignas.com.mx\\\/#website\"},\"primaryImageOfPage\":{\"@id\":\"https:\\\/\\\/fuentesfidedignas.com.mx\\\/index.php\\\/2023\\\/10\\\/28\\\/avanza-reparacion-de-calles-caminos-y-carreteras-danados-en-elota-por-norma\\\/#primaryimage\"},\"image\":{\"@id\":\"https:\\\/\\\/fuentesfidedignas.com.mx\\\/index.php\\\/2023\\\/10\\\/28\\\/avanza-reparacion-de-calles-caminos-y-carreteras-danados-en-elota-por-norma\\\/#primaryimage\"},\"thumbnailUrl\":\"https:\\\/\\\/fuentesfidedignas.com.mx\\\/wp-content\\\/uploads\\\/2023\\\/10\\\/Screenshot_20231028_124314_WhatsApp.jpg\",\"datePublished\":\"2023-10-28T19:43:56+00:00\",\"dateModified\":\"2023-10-28T19:45:54+00:00\",\"breadcrumb\":{\"@id\":\"https:\\\/\\\/fuentesfidedignas.com.mx\\\/index.php\\\/2023\\\/10\\\/28\\\/avanza-reparacion-de-calles-caminos-y-carreteras-danados-en-elota-por-norma\\\/#breadcrumb\"},\"inLanguage\":\"es\",\"potentialAction\":[{\"@type\":\"ReadAction\",\"target\":[\"https:\\\/\\\/fuentesfidedignas.com.mx\\\/index.php\\\/2023\\\/10\\\/28\\\/avanza-reparacion-de-calles-caminos-y-carreteras-danados-en-elota-por-norma\\\/\"]}]},{\"@type\":\"ImageObject\",\"inLanguage\":\"es\",\"@id\":\"https:\\\/\\\/fuentesfidedignas.com.mx\\\/index.php\\\/2023\\\/10\\\/28\\\/avanza-reparacion-de-calles-caminos-y-carreteras-danados-en-elota-por-norma\\\/#primaryimage\",\"url\":\"https:\\\/\\\/fuentesfidedignas.com.mx\\\/wp-content\\\/uploads\\\/2023\\\/10\\\/Screenshot_20231028_124314_WhatsApp.jpg\",\"contentUrl\":\"https:\\\/\\\/fuentesfidedignas.com.mx\\\/wp-content\\\/uploads\\\/2023\\\/10\\\/Screenshot_20231028_124314_WhatsApp.jpg\",\"width\":1080,\"height\":777},{\"@type\":\"BreadcrumbList\",\"@id\":\"https:\\\/\\\/fuentesfidedignas.com.mx\\\/index.php\\\/2023\\\/10\\\/28\\\/avanza-reparacion-de-calles-caminos-y-carreteras-danados-en-elota-por-norma\\\/#breadcrumb\",\"itemListElement\":[{\"@type\":\"ListItem\",\"position\":1,\"name\":\"Inicio\",\"item\":\"https:\\\/\\\/fuentesfidedignas.com.mx\\\/\"},{\"@type\":\"ListItem\",\"position\":2,\"name\":\"Avanza reparaci\u00f3n de calles, caminos y carreteras da\u00f1ados en Elota por \u201cNorma\u201d\"}]},{\"@type\":\"WebSite\",\"@id\":\"https:\\\/\\\/fuentesfidedignas.com.mx\\\/#website\",\"url\":\"https:\\\/\\\/fuentesfidedignas.com.mx\\\/\",\"name\":\"Fuentes Fidedignas\",\"description\":\"Otro sitio realizado con WordPress\",\"publisher\":{\"@id\":\"https:\\\/\\\/fuentesfidedignas.com.mx\\\/#organization\"},\"potentialAction\":[{\"@type\":\"SearchAction\",\"target\":{\"@type\":\"EntryPoint\",\"urlTemplate\":\"https:\\\/\\\/fuentesfidedignas.com.mx\\\/?s={search_term_string}\"},\"query-input\":{\"@type\":\"PropertyValueSpecification\",\"valueRequired\":true,\"valueName\":\"search_term_string\"}}],\"inLanguage\":\"es\"},{\"@type\":\"Organization\",\"@id\":\"https:\\\/\\\/fuentesfidedignas.com.mx\\\/#organization\",\"name\":\"Fuentes Fidedignas\",\"url\":\"https:\\\/\\\/fuentesfidedignas.com.mx\\\/\",\"logo\":{\"@type\":\"ImageObject\",\"inLanguage\":\"es\",\"@id\":\"https:\\\/\\\/fuentesfidedignas.com.mx\\\/#\\\/schema\\\/logo\\\/image\\\/\",\"url\":\"https:\\\/\\\/fuentesfidedignas.com.mx\\\/wp-content\\\/uploads\\\/2021\\\/04\\\/logo-retina.png\",\"contentUrl\":\"https:\\\/\\\/fuentesfidedignas.com.mx\\\/wp-content\\\/uploads\\\/2021\\\/04\\\/logo-retina.png\",\"width\":280,\"height\":51,\"caption\":\"Fuentes Fidedignas\"},\"image\":{\"@id\":\"https:\\\/\\\/fuentesfidedignas.com.mx\\\/#\\\/schema\\\/logo\\\/image\\\/\"},\"sameAs\":[\"https:\\\/\\\/www.facebook.com\\\/Fuentes-Fidedignas-368234489921644\",\"https:\\\/\\\/x.com\\\/fidedignas\"]},{\"@type\":\"Person\",\"@id\":\"https:\\\/\\\/fuentesfidedignas.com.mx\\\/#\\\/schema\\\/person\\\/331be9283d37198e2acd5750279085b0\",\"name\":\"Redacci\u00f3n\",\"image\":{\"@type\":\"ImageObject\",\"inLanguage\":\"es\",\"@id\":\"https:\\\/\\\/secure.gravatar.com\\\/avatar\\\/f6d8782c11d12b2d4ad3fbb6931aeab5309937a4d6cd2fc9cfaa28a6396a5aec?s=96&d=mm&r=g\",\"url\":\"https:\\\/\\\/secure.gravatar.com\\\/avatar\\\/f6d8782c11d12b2d4ad3fbb6931aeab5309937a4d6cd2fc9cfaa28a6396a5aec?s=96&d=mm&r=g\",\"contentUrl\":\"https:\\\/\\\/secure.gravatar.com\\\/avatar\\\/f6d8782c11d12b2d4ad3fbb6931aeab5309937a4d6cd2fc9cfaa28a6396a5aec?s=96&d=mm&r=g\",\"caption\":\"Redacci\u00f3n\"},\"url\":\"https:\\\/\\\/fuentesfidedignas.com.mx\\\/index.php\\\/author\\\/redaccion\\\/\"}]}<\/script>\n<!-- \/ Yoast SEO plugin. -->","yoast_head_json":{"title":"Avanza reparaci\u00f3n de calles, caminos y carreteras da\u00f1ados en Elota por \u201cNorma\u201d - Fuentes Fidedignas","robots":{"index":"index","follow":"follow","max-snippet":"max-snippet:-1","max-image-preview":"max-image-preview:large","max-video-preview":"max-video-preview:-1"},"canonical":"https:\/\/fuentesfidedignas.com.mx\/index.php\/2023\/10\/28\/avanza-reparacion-de-calles-caminos-y-carreteras-danados-en-elota-por-norma\/","og_locale":"es_MX","og_type":"article","og_title":"Avanza reparaci\u00f3n de calles, caminos y carreteras da\u00f1ados en Elota por \u201cNorma\u201d - Fuentes Fidedignas","og_description":"La Cruz, Elota. La reparaci\u00f3n de calles, caminos y carreteras da\u00f1adas por la tormenta tropical \u201cNorma\u201d avanza a marchas forzadas en el municipio de Elota, inform\u00f3 el director de Desarrollo Urbano, Obras y Servicios P\u00fablicos, Alberto P\u00e9rez Salazar. Con apoyo de maquinaria, cuadrillas de la dependencia municipal llevan a cabo trabajos de bacheo y nivelaci\u00f3n [&hellip;]","og_url":"https:\/\/fuentesfidedignas.com.mx\/index.php\/2023\/10\/28\/avanza-reparacion-de-calles-caminos-y-carreteras-danados-en-elota-por-norma\/","og_site_name":"Fuentes Fidedignas","article_publisher":"https:\/\/www.facebook.com\/Fuentes-Fidedignas-368234489921644","article_published_time":"2023-10-28T19:43:56+00:00","article_modified_time":"2023-10-28T19:45:54+00:00","og_image":[{"width":1080,"height":777,"url":"https:\/\/fuentesfidedignas.com.mx\/wp-content\/uploads\/2023\/10\/Screenshot_20231028_124314_WhatsApp.jpg","type":"image\/jpeg"}],"author":"Redacci\u00f3n","twitter_card":"summary_large_image","twitter_creator":"@fidedignas","twitter_site":"@fidedignas","twitter_misc":{"Escrito por":"Redacci\u00f3n","Tiempo de lectura":"2 minutos"},"schema":{"@context":"https:\/\/schema.org","@graph":[{"@type":"Article","@id":"https:\/\/fuentesfidedignas.com.mx\/index.php\/2023\/10\/28\/avanza-reparacion-de-calles-caminos-y-carreteras-danados-en-elota-por-norma\/#article","isPartOf":{"@id":"https:\/\/fuentesfidedignas.com.mx\/index.php\/2023\/10\/28\/avanza-reparacion-de-calles-caminos-y-carreteras-danados-en-elota-por-norma\/"},"author":{"name":"Redacci\u00f3n","@id":"https:\/\/fuentesfidedignas.com.mx\/#\/schema\/person\/331be9283d37198e2acd5750279085b0"},"headline":"Avanza reparaci\u00f3n de calles, caminos y carreteras da\u00f1ados en Elota por \u201cNorma\u201d","datePublished":"2023-10-28T19:43:56+00:00","dateModified":"2023-10-28T19:45:54+00:00","mainEntityOfPage":{"@id":"https:\/\/fuentesfidedignas.com.mx\/index.php\/2023\/10\/28\/avanza-reparacion-de-calles-caminos-y-carreteras-danados-en-elota-por-norma\/"},"wordCount":309,"commentCount":0,"publisher":{"@id":"https:\/\/fuentesfidedignas.com.mx\/#organization"},"image":{"@id":"https:\/\/fuentesfidedignas.com.mx\/index.php\/2023\/10\/28\/avanza-reparacion-de-calles-caminos-y-carreteras-danados-en-elota-por-norma\/#primaryimage"},"thumbnailUrl":"https:\/\/fuentesfidedignas.com.mx\/wp-content\/uploads\/2023\/10\/Screenshot_20231028_124314_WhatsApp.jpg","articleSection":["NOTICIAS LOCALES"],"inLanguage":"es","potentialAction":[{"@type":"CommentAction","name":"Comment","target":["https:\/\/fuentesfidedignas.com.mx\/index.php\/2023\/10\/28\/avanza-reparacion-de-calles-caminos-y-carreteras-danados-en-elota-por-norma\/#respond"]}]},{"@type":"WebPage","@id":"https:\/\/fuentesfidedignas.com.mx\/index.php\/2023\/10\/28\/avanza-reparacion-de-calles-caminos-y-carreteras-danados-en-elota-por-norma\/","url":"https:\/\/fuentesfidedignas.com.mx\/index.php\/2023\/10\/28\/avanza-reparacion-de-calles-caminos-y-carreteras-danados-en-elota-por-norma\/","name":"Avanza reparaci\u00f3n de calles, caminos y carreteras da\u00f1ados en Elota por \u201cNorma\u201d - Fuentes Fidedignas","isPartOf":{"@id":"https:\/\/fuentesfidedignas.com.mx\/#website"},"primaryImageOfPage":{"@id":"https:\/\/fuentesfidedignas.com.mx\/index.php\/2023\/10\/28\/avanza-reparacion-de-calles-caminos-y-carreteras-danados-en-elota-por-norma\/#primaryimage"},"image":{"@id":"https:\/\/fuentesfidedignas.com.mx\/index.php\/2023\/10\/28\/avanza-reparacion-de-calles-caminos-y-carreteras-danados-en-elota-por-norma\/#primaryimage"},"thumbnailUrl":"https:\/\/fuentesfidedignas.com.mx\/wp-content\/uploads\/2023\/10\/Screenshot_20231028_124314_WhatsApp.jpg","datePublished":"2023-10-28T19:43:56+00:00","dateModified":"2023-10-28T19:45:54+00:00","breadcrumb":{"@id":"https:\/\/fuentesfidedignas.com.mx\/index.php\/2023\/10\/28\/avanza-reparacion-de-calles-caminos-y-carreteras-danados-en-elota-por-norma\/#breadcrumb"},"inLanguage":"es","potentialAction":[{"@type":"ReadAction","target":["https:\/\/fuentesfidedignas.com.mx\/index.php\/2023\/10\/28\/avanza-reparacion-de-calles-caminos-y-carreteras-danados-en-elota-por-norma\/"]}]},{"@type":"ImageObject","inLanguage":"es","@id":"https:\/\/fuentesfidedignas.com.mx\/index.php\/2023\/10\/28\/avanza-reparacion-de-calles-caminos-y-carreteras-danados-en-elota-por-norma\/#primaryimage","url":"https:\/\/fuentesfidedignas.com.mx\/wp-content\/uploads\/2023\/10\/Screenshot_20231028_124314_WhatsApp.jpg","contentUrl":"https:\/\/fuentesfidedignas.com.mx\/wp-content\/uploads\/2023\/10\/Screenshot_20231028_124314_WhatsApp.jpg","width":1080,"height":777},{"@type":"BreadcrumbList","@id":"https:\/\/fuentesfidedignas.com.mx\/index.php\/2023\/10\/28\/avanza-reparacion-de-calles-caminos-y-carreteras-danados-en-elota-por-norma\/#breadcrumb","itemListElement":[{"@type":"ListItem","position":1,"name":"Inicio","item":"https:\/\/fuentesfidedignas.com.mx\/"},{"@type":"ListItem","position":2,"name":"Avanza reparaci\u00f3n de calles, caminos y carreteras da\u00f1ados en Elota por \u201cNorma\u201d"}]},{"@type":"WebSite","@id":"https:\/\/fuentesfidedignas.com.mx\/#website","url":"https:\/\/fuentesfidedignas.com.mx\/","name":"Fuentes Fidedignas","description":"Otro sitio realizado con WordPress","publisher":{"@id":"https:\/\/fuentesfidedignas.com.mx\/#organization"},"potentialAction":[{"@type":"SearchAction","target":{"@type":"EntryPoint","urlTemplate":"https:\/\/fuentesfidedignas.com.mx\/?s={search_term_string}"},"query-input":{"@type":"PropertyValueSpecification","valueRequired":true,"valueName":"search_term_string"}}],"inLanguage":"es"},{"@type":"Organization","@id":"https:\/\/fuentesfidedignas.com.mx\/#organization","name":"Fuentes Fidedignas","url":"https:\/\/fuentesfidedignas.com.mx\/","logo":{"@type":"ImageObject","inLanguage":"es","@id":"https:\/\/fuentesfidedignas.com.mx\/#\/schema\/logo\/image\/","url":"https:\/\/fuentesfidedignas.com.mx\/wp-content\/uploads\/2021\/04\/logo-retina.png","contentUrl":"https:\/\/fuentesfidedignas.com.mx\/wp-content\/uploads\/2021\/04\/logo-retina.png","width":280,"height":51,"caption":"Fuentes Fidedignas"},"image":{"@id":"https:\/\/fuentesfidedignas.com.mx\/#\/schema\/logo\/image\/"},"sameAs":["https:\/\/www.facebook.com\/Fuentes-Fidedignas-368234489921644","https:\/\/x.com\/fidedignas"]},{"@type":"Person","@id":"https:\/\/fuentesfidedignas.com.mx\/#\/schema\/person\/331be9283d37198e2acd5750279085b0","name":"Redacci\u00f3n","image":{"@type":"ImageObject","inLanguage":"es","@id":"https:\/\/secure.gravatar.com\/avatar\/f6d8782c11d12b2d4ad3fbb6931aeab5309937a4d6cd2fc9cfaa28a6396a5aec?s=96&d=mm&r=g","url":"https:\/\/secure.gravatar.com\/avatar\/f6d8782c11d12b2d4ad3fbb6931aeab5309937a4d6cd2fc9cfaa28a6396a5aec?s=96&d=mm&r=g","contentUrl":"https:\/\/secure.gravatar.com\/avatar\/f6d8782c11d12b2d4ad3fbb6931aeab5309937a4d6cd2fc9cfaa28a6396a5aec?s=96&d=mm&r=g","caption":"Redacci\u00f3n"},"url":"https:\/\/fuentesfidedignas.com.mx\/index.php\/author\/redaccion\/"}]}},"_links":{"self":[{"href":"https:\/\/fuentesfidedignas.com.mx\/index.php\/wp-json\/wp\/v2\/posts\/64064","targetHints":{"allow":["GET"]}}],"collection":[{"href":"https:\/\/fuentesfidedignas.com.mx\/index.php\/wp-json\/wp\/v2\/posts"}],"about":[{"href":"https:\/\/fuentesfidedignas.com.mx\/index.php\/wp-json\/wp\/v2\/types\/post"}],"author":[{"embeddable":true,"href":"https:\/\/fuentesfidedignas.com.mx\/index.php\/wp-json\/wp\/v2\/users\/4"}],"replies":[{"embeddable":true,"href":"https:\/\/fuentesfidedignas.com.mx\/index.php\/wp-json\/wp\/v2\/comments?post=64064"}],"version-history":[{"count":1,"href":"https:\/\/fuentesfidedignas.com.mx\/index.php\/wp-json\/wp\/v2\/posts\/64064\/revisions"}],"predecessor-version":[{"id":64066,"href":"https:\/\/fuentesfidedignas.com.mx\/index.php\/wp-json\/wp\/v2\/posts\/64064\/revisions\/64066"}],"wp:featuredmedia":[{"embeddable":true,"href":"https:\/\/fuentesfidedignas.com.mx\/index.php\/wp-json\/wp\/v2\/media\/64067"}],"wp:attachment":[{"href":"https:\/\/fuentesfidedignas.com.mx\/index.php\/wp-json\/wp\/v2\/media?parent=64064"}],"wp:term":[{"taxonomy":"category","embeddable":true,"href":"https:\/\/fuentesfidedignas.com.mx\/index.php\/wp-json\/wp\/v2\/categories?post=64064"},{"taxonomy":"post_tag","embeddable":true,"href":"https:\/\/fuentesfidedignas.com.mx\/index.php\/wp-json\/wp\/v2\/tags?post=64064"}],"curies":[{"name":"wp","href":"https:\/\/api.w.org\/{rel}","templated":true}]}}