{"id":63962,"date":"2023-10-27T15:39:40","date_gmt":"2023-10-27T22:39:40","guid":{"rendered":"https:\/\/fuentesfidedignas.com.mx\/?p=63962"},"modified":"2023-10-27T16:13:29","modified_gmt":"2023-10-27T23:13:29","slug":"el-pas-va-fuerte-y-se-encuentra-listo-para-el-2024-cuen-ojeda","status":"publish","type":"post","link":"https:\/\/fuentesfidedignas.com.mx\/index.php\/2023\/10\/27\/el-pas-va-fuerte-y-se-encuentra-listo-para-el-2024-cuen-ojeda\/","title":{"rendered":"El PAS va fuerte y se encuentra listo para el 2024: Cu\u00e9n Ojeda"},"content":{"rendered":"\n<p><strong><em>H\u00e9ctor Melesio Cu\u00e9n Ojeda, Presidente estatal del Partido Sinaloense, afirma estar m\u00e1s que listo para el 2024<\/em><\/strong><\/p>\n\n\n\n<p>Culiac\u00e1n, Sin. El l\u00edder pol\u00edtico inform\u00f3 que, en el \u00faltimo resultado del INE sobre los afiliados a un partido pol\u00edtico en el Estado de Sinaloa, son alrededor de 166 mil 800 o m\u00e1s, comprendiendo un 57% afiliado al Partido Sinaloense.<\/p>\n\n\n\n<p>En ese sentido mencion\u00f3 que han tomado protesta en 20 municipios a 777 subcomit\u00e9s y resalt\u00f3 que no \u00fanicamente est\u00e1n tomando protesta a los comit\u00e9s seccionales, sino que tambi\u00e9n se les est\u00e1 capacitando, de tal manera, asegur\u00f3 que el trabajo del PAS est\u00e1 listo para la competencia del 2024.<\/p>\n\n\n\n<p>Adem\u00e1s, comparti\u00f3 c\u00f3mo el Gobierno Estatal en apoyo de algunos medios de comunicaci\u00f3n, ventilaban que el Partido Sinaloense se encontraba desbaratado tras la salida de Presidentes Municipales y Diputados.<\/p>\n\n\n\n<p>\u201cAlgunos medios de comunicaci\u00f3n que ellos tienen comprados, dicen que se est\u00e1 desbaratando el PAS y resulta que, de 140 mil afiliados pasamos a casi 167 mil. La gente se da cuenta cuando el Gobierno enga\u00f1a\u201d, expres\u00f3.<\/p>\n\n\n\n<p>Concluy\u00f3 Cu\u00e9n Ojeda acusando que el Gobierno del Estado se entromete en situaciones pol\u00edticas, en vez de ser Gobierno de todos los Sinaloenses, son Presidentes de su partido en igual de Gobernadores.<\/p>\n","protected":false},"excerpt":{"rendered":"<p>H\u00e9ctor Melesio Cu\u00e9n Ojeda, Presidente estatal del Partido Sinaloense, afirma estar m\u00e1s que listo para el 2024 Culiac\u00e1n, Sin. El l\u00edder pol\u00edtico inform\u00f3 que, en el \u00faltimo resultado del INE sobre los afiliados a un partido pol\u00edtico en el Estado de Sinaloa, son alrededor de 166 mil 800 o m\u00e1s, comprendiendo un 57% afiliado al [&hellip;]<\/p>\n","protected":false},"author":4,"featured_media":63964,"comment_status":"open","ping_status":"open","sticky":false,"template":"","format":"standard","meta":{"tdm_status":"","tdm_grid_status":"","footnotes":""},"categories":[37,1],"tags":[],"class_list":{"0":"post-63962","1":"post","2":"type-post","3":"status-publish","4":"format-standard","5":"has-post-thumbnail","7":"category-nota-principal","8":"category-sin-categoria"},"yoast_head":"<!-- This site is optimized with the Yoast SEO plugin v27.5 - https:\/\/yoast.com\/product\/yoast-seo-wordpress\/ -->\n<title>El PAS va fuerte y se encuentra listo para el 2024: Cu\u00e9n Ojeda - Fuentes Fidedignas<\/title>\n<meta name=\"robots\" content=\"index, follow, max-snippet:-1, max-image-preview:large, max-video-preview:-1\" \/>\n<link rel=\"canonical\" href=\"https:\/\/fuentesfidedignas.com.mx\/index.php\/2023\/10\/27\/el-pas-va-fuerte-y-se-encuentra-listo-para-el-2024-cuen-ojeda\/\" \/>\n<meta property=\"og:locale\" content=\"es_MX\" \/>\n<meta property=\"og:type\" content=\"article\" \/>\n<meta property=\"og:title\" content=\"El PAS va fuerte y se encuentra listo para el 2024: Cu\u00e9n Ojeda - Fuentes Fidedignas\" \/>\n<meta property=\"og:description\" content=\"H\u00e9ctor Melesio Cu\u00e9n Ojeda, Presidente estatal del Partido Sinaloense, afirma estar m\u00e1s que listo para el 2024 Culiac\u00e1n, Sin. El l\u00edder pol\u00edtico inform\u00f3 que, en el \u00faltimo resultado del INE sobre los afiliados a un partido pol\u00edtico en el Estado de Sinaloa, son alrededor de 166 mil 800 o m\u00e1s, comprendiendo un 57% afiliado al [&hellip;]\" \/>\n<meta property=\"og:url\" content=\"https:\/\/fuentesfidedignas.com.mx\/index.php\/2023\/10\/27\/el-pas-va-fuerte-y-se-encuentra-listo-para-el-2024-cuen-ojeda\/\" \/>\n<meta property=\"og:site_name\" content=\"Fuentes Fidedignas\" \/>\n<meta property=\"article:publisher\" content=\"https:\/\/www.facebook.com\/Fuentes-Fidedignas-368234489921644\" \/>\n<meta property=\"article:published_time\" content=\"2023-10-27T22:39:40+00:00\" \/>\n<meta property=\"article:modified_time\" content=\"2023-10-27T23:13:29+00:00\" \/>\n<meta property=\"og:image\" content=\"https:\/\/fuentesfidedignas.com.mx\/wp-content\/uploads\/2023\/10\/IMG-20230513-WA0019.jpg\" \/>\n\t<meta property=\"og:image:width\" content=\"614\" \/>\n\t<meta property=\"og:image:height\" content=\"491\" \/>\n\t<meta property=\"og:image:type\" content=\"image\/jpeg\" \/>\n<meta name=\"author\" content=\"Redacci\u00f3n\" \/>\n<meta name=\"twitter:card\" content=\"summary_large_image\" \/>\n<meta name=\"twitter:creator\" content=\"@fidedignas\" \/>\n<meta name=\"twitter:site\" content=\"@fidedignas\" \/>\n<meta name=\"twitter:label1\" content=\"Escrito por\" \/>\n\t<meta name=\"twitter:data1\" content=\"Redacci\u00f3n\" \/>\n\t<meta name=\"twitter:label2\" content=\"Tiempo de lectura\" \/>\n\t<meta name=\"twitter:data2\" content=\"1 minuto\" \/>\n<script type=\"application\/ld+json\" class=\"yoast-schema-graph\">{\"@context\":\"https:\\\/\\\/schema.org\",\"@graph\":[{\"@type\":\"Article\",\"@id\":\"https:\\\/\\\/fuentesfidedignas.com.mx\\\/index.php\\\/2023\\\/10\\\/27\\\/el-pas-va-fuerte-y-se-encuentra-listo-para-el-2024-cuen-ojeda\\\/#article\",\"isPartOf\":{\"@id\":\"https:\\\/\\\/fuentesfidedignas.com.mx\\\/index.php\\\/2023\\\/10\\\/27\\\/el-pas-va-fuerte-y-se-encuentra-listo-para-el-2024-cuen-ojeda\\\/\"},\"author\":{\"name\":\"Redacci\u00f3n\",\"@id\":\"https:\\\/\\\/fuentesfidedignas.com.mx\\\/#\\\/schema\\\/person\\\/331be9283d37198e2acd5750279085b0\"},\"headline\":\"El PAS va fuerte y se encuentra listo para el 2024: Cu\u00e9n Ojeda\",\"datePublished\":\"2023-10-27T22:39:40+00:00\",\"dateModified\":\"2023-10-27T23:13:29+00:00\",\"mainEntityOfPage\":{\"@id\":\"https:\\\/\\\/fuentesfidedignas.com.mx\\\/index.php\\\/2023\\\/10\\\/27\\\/el-pas-va-fuerte-y-se-encuentra-listo-para-el-2024-cuen-ojeda\\\/\"},\"wordCount\":227,\"commentCount\":0,\"publisher\":{\"@id\":\"https:\\\/\\\/fuentesfidedignas.com.mx\\\/#organization\"},\"image\":{\"@id\":\"https:\\\/\\\/fuentesfidedignas.com.mx\\\/index.php\\\/2023\\\/10\\\/27\\\/el-pas-va-fuerte-y-se-encuentra-listo-para-el-2024-cuen-ojeda\\\/#primaryimage\"},\"thumbnailUrl\":\"https:\\\/\\\/fuentesfidedignas.com.mx\\\/wp-content\\\/uploads\\\/2023\\\/10\\\/IMG-20230513-WA0019.jpg\",\"articleSection\":[\"NOTA PRINCIPAL\"],\"inLanguage\":\"es\",\"potentialAction\":[{\"@type\":\"CommentAction\",\"name\":\"Comment\",\"target\":[\"https:\\\/\\\/fuentesfidedignas.com.mx\\\/index.php\\\/2023\\\/10\\\/27\\\/el-pas-va-fuerte-y-se-encuentra-listo-para-el-2024-cuen-ojeda\\\/#respond\"]}]},{\"@type\":\"WebPage\",\"@id\":\"https:\\\/\\\/fuentesfidedignas.com.mx\\\/index.php\\\/2023\\\/10\\\/27\\\/el-pas-va-fuerte-y-se-encuentra-listo-para-el-2024-cuen-ojeda\\\/\",\"url\":\"https:\\\/\\\/fuentesfidedignas.com.mx\\\/index.php\\\/2023\\\/10\\\/27\\\/el-pas-va-fuerte-y-se-encuentra-listo-para-el-2024-cuen-ojeda\\\/\",\"name\":\"El PAS va fuerte y se encuentra listo para el 2024: Cu\u00e9n Ojeda - Fuentes Fidedignas\",\"isPartOf\":{\"@id\":\"https:\\\/\\\/fuentesfidedignas.com.mx\\\/#website\"},\"primaryImageOfPage\":{\"@id\":\"https:\\\/\\\/fuentesfidedignas.com.mx\\\/index.php\\\/2023\\\/10\\\/27\\\/el-pas-va-fuerte-y-se-encuentra-listo-para-el-2024-cuen-ojeda\\\/#primaryimage\"},\"image\":{\"@id\":\"https:\\\/\\\/fuentesfidedignas.com.mx\\\/index.php\\\/2023\\\/10\\\/27\\\/el-pas-va-fuerte-y-se-encuentra-listo-para-el-2024-cuen-ojeda\\\/#primaryimage\"},\"thumbnailUrl\":\"https:\\\/\\\/fuentesfidedignas.com.mx\\\/wp-content\\\/uploads\\\/2023\\\/10\\\/IMG-20230513-WA0019.jpg\",\"datePublished\":\"2023-10-27T22:39:40+00:00\",\"dateModified\":\"2023-10-27T23:13:29+00:00\",\"breadcrumb\":{\"@id\":\"https:\\\/\\\/fuentesfidedignas.com.mx\\\/index.php\\\/2023\\\/10\\\/27\\\/el-pas-va-fuerte-y-se-encuentra-listo-para-el-2024-cuen-ojeda\\\/#breadcrumb\"},\"inLanguage\":\"es\",\"potentialAction\":[{\"@type\":\"ReadAction\",\"target\":[\"https:\\\/\\\/fuentesfidedignas.com.mx\\\/index.php\\\/2023\\\/10\\\/27\\\/el-pas-va-fuerte-y-se-encuentra-listo-para-el-2024-cuen-ojeda\\\/\"]}]},{\"@type\":\"ImageObject\",\"inLanguage\":\"es\",\"@id\":\"https:\\\/\\\/fuentesfidedignas.com.mx\\\/index.php\\\/2023\\\/10\\\/27\\\/el-pas-va-fuerte-y-se-encuentra-listo-para-el-2024-cuen-ojeda\\\/#primaryimage\",\"url\":\"https:\\\/\\\/fuentesfidedignas.com.mx\\\/wp-content\\\/uploads\\\/2023\\\/10\\\/IMG-20230513-WA0019.jpg\",\"contentUrl\":\"https:\\\/\\\/fuentesfidedignas.com.mx\\\/wp-content\\\/uploads\\\/2023\\\/10\\\/IMG-20230513-WA0019.jpg\",\"width\":614,\"height\":491},{\"@type\":\"BreadcrumbList\",\"@id\":\"https:\\\/\\\/fuentesfidedignas.com.mx\\\/index.php\\\/2023\\\/10\\\/27\\\/el-pas-va-fuerte-y-se-encuentra-listo-para-el-2024-cuen-ojeda\\\/#breadcrumb\",\"itemListElement\":[{\"@type\":\"ListItem\",\"position\":1,\"name\":\"Inicio\",\"item\":\"https:\\\/\\\/fuentesfidedignas.com.mx\\\/\"},{\"@type\":\"ListItem\",\"position\":2,\"name\":\"El PAS va fuerte y se encuentra listo para el 2024: Cu\u00e9n Ojeda\"}]},{\"@type\":\"WebSite\",\"@id\":\"https:\\\/\\\/fuentesfidedignas.com.mx\\\/#website\",\"url\":\"https:\\\/\\\/fuentesfidedignas.com.mx\\\/\",\"name\":\"Fuentes Fidedignas\",\"description\":\"Otro sitio realizado con WordPress\",\"publisher\":{\"@id\":\"https:\\\/\\\/fuentesfidedignas.com.mx\\\/#organization\"},\"potentialAction\":[{\"@type\":\"SearchAction\",\"target\":{\"@type\":\"EntryPoint\",\"urlTemplate\":\"https:\\\/\\\/fuentesfidedignas.com.mx\\\/?s={search_term_string}\"},\"query-input\":{\"@type\":\"PropertyValueSpecification\",\"valueRequired\":true,\"valueName\":\"search_term_string\"}}],\"inLanguage\":\"es\"},{\"@type\":\"Organization\",\"@id\":\"https:\\\/\\\/fuentesfidedignas.com.mx\\\/#organization\",\"name\":\"Fuentes Fidedignas\",\"url\":\"https:\\\/\\\/fuentesfidedignas.com.mx\\\/\",\"logo\":{\"@type\":\"ImageObject\",\"inLanguage\":\"es\",\"@id\":\"https:\\\/\\\/fuentesfidedignas.com.mx\\\/#\\\/schema\\\/logo\\\/image\\\/\",\"url\":\"https:\\\/\\\/fuentesfidedignas.com.mx\\\/wp-content\\\/uploads\\\/2021\\\/04\\\/logo-retina.png\",\"contentUrl\":\"https:\\\/\\\/fuentesfidedignas.com.mx\\\/wp-content\\\/uploads\\\/2021\\\/04\\\/logo-retina.png\",\"width\":280,\"height\":51,\"caption\":\"Fuentes Fidedignas\"},\"image\":{\"@id\":\"https:\\\/\\\/fuentesfidedignas.com.mx\\\/#\\\/schema\\\/logo\\\/image\\\/\"},\"sameAs\":[\"https:\\\/\\\/www.facebook.com\\\/Fuentes-Fidedignas-368234489921644\",\"https:\\\/\\\/x.com\\\/fidedignas\"]},{\"@type\":\"Person\",\"@id\":\"https:\\\/\\\/fuentesfidedignas.com.mx\\\/#\\\/schema\\\/person\\\/331be9283d37198e2acd5750279085b0\",\"name\":\"Redacci\u00f3n\",\"image\":{\"@type\":\"ImageObject\",\"inLanguage\":\"es\",\"@id\":\"https:\\\/\\\/secure.gravatar.com\\\/avatar\\\/f6d8782c11d12b2d4ad3fbb6931aeab5309937a4d6cd2fc9cfaa28a6396a5aec?s=96&d=mm&r=g\",\"url\":\"https:\\\/\\\/secure.gravatar.com\\\/avatar\\\/f6d8782c11d12b2d4ad3fbb6931aeab5309937a4d6cd2fc9cfaa28a6396a5aec?s=96&d=mm&r=g\",\"contentUrl\":\"https:\\\/\\\/secure.gravatar.com\\\/avatar\\\/f6d8782c11d12b2d4ad3fbb6931aeab5309937a4d6cd2fc9cfaa28a6396a5aec?s=96&d=mm&r=g\",\"caption\":\"Redacci\u00f3n\"},\"url\":\"https:\\\/\\\/fuentesfidedignas.com.mx\\\/index.php\\\/author\\\/redaccion\\\/\"}]}<\/script>\n<!-- \/ Yoast SEO plugin. -->","yoast_head_json":{"title":"El PAS va fuerte y se encuentra listo para el 2024: Cu\u00e9n Ojeda - Fuentes Fidedignas","robots":{"index":"index","follow":"follow","max-snippet":"max-snippet:-1","max-image-preview":"max-image-preview:large","max-video-preview":"max-video-preview:-1"},"canonical":"https:\/\/fuentesfidedignas.com.mx\/index.php\/2023\/10\/27\/el-pas-va-fuerte-y-se-encuentra-listo-para-el-2024-cuen-ojeda\/","og_locale":"es_MX","og_type":"article","og_title":"El PAS va fuerte y se encuentra listo para el 2024: Cu\u00e9n Ojeda - Fuentes Fidedignas","og_description":"H\u00e9ctor Melesio Cu\u00e9n Ojeda, Presidente estatal del Partido Sinaloense, afirma estar m\u00e1s que listo para el 2024 Culiac\u00e1n, Sin. El l\u00edder pol\u00edtico inform\u00f3 que, en el \u00faltimo resultado del INE sobre los afiliados a un partido pol\u00edtico en el Estado de Sinaloa, son alrededor de 166 mil 800 o m\u00e1s, comprendiendo un 57% afiliado al [&hellip;]","og_url":"https:\/\/fuentesfidedignas.com.mx\/index.php\/2023\/10\/27\/el-pas-va-fuerte-y-se-encuentra-listo-para-el-2024-cuen-ojeda\/","og_site_name":"Fuentes Fidedignas","article_publisher":"https:\/\/www.facebook.com\/Fuentes-Fidedignas-368234489921644","article_published_time":"2023-10-27T22:39:40+00:00","article_modified_time":"2023-10-27T23:13:29+00:00","og_image":[{"width":614,"height":491,"url":"https:\/\/fuentesfidedignas.com.mx\/wp-content\/uploads\/2023\/10\/IMG-20230513-WA0019.jpg","type":"image\/jpeg"}],"author":"Redacci\u00f3n","twitter_card":"summary_large_image","twitter_creator":"@fidedignas","twitter_site":"@fidedignas","twitter_misc":{"Escrito por":"Redacci\u00f3n","Tiempo de lectura":"1 minuto"},"schema":{"@context":"https:\/\/schema.org","@graph":[{"@type":"Article","@id":"https:\/\/fuentesfidedignas.com.mx\/index.php\/2023\/10\/27\/el-pas-va-fuerte-y-se-encuentra-listo-para-el-2024-cuen-ojeda\/#article","isPartOf":{"@id":"https:\/\/fuentesfidedignas.com.mx\/index.php\/2023\/10\/27\/el-pas-va-fuerte-y-se-encuentra-listo-para-el-2024-cuen-ojeda\/"},"author":{"name":"Redacci\u00f3n","@id":"https:\/\/fuentesfidedignas.com.mx\/#\/schema\/person\/331be9283d37198e2acd5750279085b0"},"headline":"El PAS va fuerte y se encuentra listo para el 2024: Cu\u00e9n Ojeda","datePublished":"2023-10-27T22:39:40+00:00","dateModified":"2023-10-27T23:13:29+00:00","mainEntityOfPage":{"@id":"https:\/\/fuentesfidedignas.com.mx\/index.php\/2023\/10\/27\/el-pas-va-fuerte-y-se-encuentra-listo-para-el-2024-cuen-ojeda\/"},"wordCount":227,"commentCount":0,"publisher":{"@id":"https:\/\/fuentesfidedignas.com.mx\/#organization"},"image":{"@id":"https:\/\/fuentesfidedignas.com.mx\/index.php\/2023\/10\/27\/el-pas-va-fuerte-y-se-encuentra-listo-para-el-2024-cuen-ojeda\/#primaryimage"},"thumbnailUrl":"https:\/\/fuentesfidedignas.com.mx\/wp-content\/uploads\/2023\/10\/IMG-20230513-WA0019.jpg","articleSection":["NOTA PRINCIPAL"],"inLanguage":"es","potentialAction":[{"@type":"CommentAction","name":"Comment","target":["https:\/\/fuentesfidedignas.com.mx\/index.php\/2023\/10\/27\/el-pas-va-fuerte-y-se-encuentra-listo-para-el-2024-cuen-ojeda\/#respond"]}]},{"@type":"WebPage","@id":"https:\/\/fuentesfidedignas.com.mx\/index.php\/2023\/10\/27\/el-pas-va-fuerte-y-se-encuentra-listo-para-el-2024-cuen-ojeda\/","url":"https:\/\/fuentesfidedignas.com.mx\/index.php\/2023\/10\/27\/el-pas-va-fuerte-y-se-encuentra-listo-para-el-2024-cuen-ojeda\/","name":"El PAS va fuerte y se encuentra listo para el 2024: Cu\u00e9n Ojeda - Fuentes Fidedignas","isPartOf":{"@id":"https:\/\/fuentesfidedignas.com.mx\/#website"},"primaryImageOfPage":{"@id":"https:\/\/fuentesfidedignas.com.mx\/index.php\/2023\/10\/27\/el-pas-va-fuerte-y-se-encuentra-listo-para-el-2024-cuen-ojeda\/#primaryimage"},"image":{"@id":"https:\/\/fuentesfidedignas.com.mx\/index.php\/2023\/10\/27\/el-pas-va-fuerte-y-se-encuentra-listo-para-el-2024-cuen-ojeda\/#primaryimage"},"thumbnailUrl":"https:\/\/fuentesfidedignas.com.mx\/wp-content\/uploads\/2023\/10\/IMG-20230513-WA0019.jpg","datePublished":"2023-10-27T22:39:40+00:00","dateModified":"2023-10-27T23:13:29+00:00","breadcrumb":{"@id":"https:\/\/fuentesfidedignas.com.mx\/index.php\/2023\/10\/27\/el-pas-va-fuerte-y-se-encuentra-listo-para-el-2024-cuen-ojeda\/#breadcrumb"},"inLanguage":"es","potentialAction":[{"@type":"ReadAction","target":["https:\/\/fuentesfidedignas.com.mx\/index.php\/2023\/10\/27\/el-pas-va-fuerte-y-se-encuentra-listo-para-el-2024-cuen-ojeda\/"]}]},{"@type":"ImageObject","inLanguage":"es","@id":"https:\/\/fuentesfidedignas.com.mx\/index.php\/2023\/10\/27\/el-pas-va-fuerte-y-se-encuentra-listo-para-el-2024-cuen-ojeda\/#primaryimage","url":"https:\/\/fuentesfidedignas.com.mx\/wp-content\/uploads\/2023\/10\/IMG-20230513-WA0019.jpg","contentUrl":"https:\/\/fuentesfidedignas.com.mx\/wp-content\/uploads\/2023\/10\/IMG-20230513-WA0019.jpg","width":614,"height":491},{"@type":"BreadcrumbList","@id":"https:\/\/fuentesfidedignas.com.mx\/index.php\/2023\/10\/27\/el-pas-va-fuerte-y-se-encuentra-listo-para-el-2024-cuen-ojeda\/#breadcrumb","itemListElement":[{"@type":"ListItem","position":1,"name":"Inicio","item":"https:\/\/fuentesfidedignas.com.mx\/"},{"@type":"ListItem","position":2,"name":"El PAS va fuerte y se encuentra listo para el 2024: Cu\u00e9n Ojeda"}]},{"@type":"WebSite","@id":"https:\/\/fuentesfidedignas.com.mx\/#website","url":"https:\/\/fuentesfidedignas.com.mx\/","name":"Fuentes Fidedignas","description":"Otro sitio realizado con WordPress","publisher":{"@id":"https:\/\/fuentesfidedignas.com.mx\/#organization"},"potentialAction":[{"@type":"SearchAction","target":{"@type":"EntryPoint","urlTemplate":"https:\/\/fuentesfidedignas.com.mx\/?s={search_term_string}"},"query-input":{"@type":"PropertyValueSpecification","valueRequired":true,"valueName":"search_term_string"}}],"inLanguage":"es"},{"@type":"Organization","@id":"https:\/\/fuentesfidedignas.com.mx\/#organization","name":"Fuentes Fidedignas","url":"https:\/\/fuentesfidedignas.com.mx\/","logo":{"@type":"ImageObject","inLanguage":"es","@id":"https:\/\/fuentesfidedignas.com.mx\/#\/schema\/logo\/image\/","url":"https:\/\/fuentesfidedignas.com.mx\/wp-content\/uploads\/2021\/04\/logo-retina.png","contentUrl":"https:\/\/fuentesfidedignas.com.mx\/wp-content\/uploads\/2021\/04\/logo-retina.png","width":280,"height":51,"caption":"Fuentes Fidedignas"},"image":{"@id":"https:\/\/fuentesfidedignas.com.mx\/#\/schema\/logo\/image\/"},"sameAs":["https:\/\/www.facebook.com\/Fuentes-Fidedignas-368234489921644","https:\/\/x.com\/fidedignas"]},{"@type":"Person","@id":"https:\/\/fuentesfidedignas.com.mx\/#\/schema\/person\/331be9283d37198e2acd5750279085b0","name":"Redacci\u00f3n","image":{"@type":"ImageObject","inLanguage":"es","@id":"https:\/\/secure.gravatar.com\/avatar\/f6d8782c11d12b2d4ad3fbb6931aeab5309937a4d6cd2fc9cfaa28a6396a5aec?s=96&d=mm&r=g","url":"https:\/\/secure.gravatar.com\/avatar\/f6d8782c11d12b2d4ad3fbb6931aeab5309937a4d6cd2fc9cfaa28a6396a5aec?s=96&d=mm&r=g","contentUrl":"https:\/\/secure.gravatar.com\/avatar\/f6d8782c11d12b2d4ad3fbb6931aeab5309937a4d6cd2fc9cfaa28a6396a5aec?s=96&d=mm&r=g","caption":"Redacci\u00f3n"},"url":"https:\/\/fuentesfidedignas.com.mx\/index.php\/author\/redaccion\/"}]}},"_links":{"self":[{"href":"https:\/\/fuentesfidedignas.com.mx\/index.php\/wp-json\/wp\/v2\/posts\/63962","targetHints":{"allow":["GET"]}}],"collection":[{"href":"https:\/\/fuentesfidedignas.com.mx\/index.php\/wp-json\/wp\/v2\/posts"}],"about":[{"href":"https:\/\/fuentesfidedignas.com.mx\/index.php\/wp-json\/wp\/v2\/types\/post"}],"author":[{"embeddable":true,"href":"https:\/\/fuentesfidedignas.com.mx\/index.php\/wp-json\/wp\/v2\/users\/4"}],"replies":[{"embeddable":true,"href":"https:\/\/fuentesfidedignas.com.mx\/index.php\/wp-json\/wp\/v2\/comments?post=63962"}],"version-history":[{"count":1,"href":"https:\/\/fuentesfidedignas.com.mx\/index.php\/wp-json\/wp\/v2\/posts\/63962\/revisions"}],"predecessor-version":[{"id":63963,"href":"https:\/\/fuentesfidedignas.com.mx\/index.php\/wp-json\/wp\/v2\/posts\/63962\/revisions\/63963"}],"wp:featuredmedia":[{"embeddable":true,"href":"https:\/\/fuentesfidedignas.com.mx\/index.php\/wp-json\/wp\/v2\/media\/63964"}],"wp:attachment":[{"href":"https:\/\/fuentesfidedignas.com.mx\/index.php\/wp-json\/wp\/v2\/media?parent=63962"}],"wp:term":[{"taxonomy":"category","embeddable":true,"href":"https:\/\/fuentesfidedignas.com.mx\/index.php\/wp-json\/wp\/v2\/categories?post=63962"},{"taxonomy":"post_tag","embeddable":true,"href":"https:\/\/fuentesfidedignas.com.mx\/index.php\/wp-json\/wp\/v2\/tags?post=63962"}],"curies":[{"name":"wp","href":"https:\/\/api.w.org\/{rel}","templated":true}]}}