{"id":63922,"date":"2023-10-27T12:55:10","date_gmt":"2023-10-27T19:55:10","guid":{"rendered":"https:\/\/fuentesfidedignas.com.mx\/?p=63922"},"modified":"2023-10-27T12:55:54","modified_gmt":"2023-10-27T19:55:54","slug":"checo-perez-es-tercero-en-practica-1-del-gp-de-mexico","status":"publish","type":"post","link":"https:\/\/fuentesfidedignas.com.mx\/index.php\/2023\/10\/27\/checo-perez-es-tercero-en-practica-1-del-gp-de-mexico\/","title":{"rendered":"\u2018Checo\u2019 P\u00e9rez es tercero en pr\u00e1ctica 1 del GP de M\u00e9xico"},"content":{"rendered":"\n<p><br><strong><em>El piloto tapat\u00edo finaliz\u00f3 en la tercera posici\u00f3n, mientras que Max Verstappen fue el m\u00e1s r\u00e1pido. La sorpresa de la sesi\u00f3n la dio Alexander Albon al quedar segundo<\/em><\/strong><\/p>\n\n\n\n<p><strong>Max Verstappen<\/strong>\u00a0domin\u00f3 la primera pr\u00e1ctica del\u00a0<a href=\"https:\/\/www.excelsior.com.mx\/adrenalina\/gran-premio-de-mexico-2023\" target=\"_blank\" rel=\"noreferrer noopener\">Gran Premio de M\u00e9xico 2023<\/a>\u00a0de la F1, donde el tapat\u00edo\u00a0<strong>Sergio \u2018Checo\u2019 P\u00e9rez<\/strong>\u00a0finaliz\u00f3 en tercera posici\u00f3n en el Aut\u00f3dromo Hermanos Rodr\u00edguez.<\/p>\n\n\n\n<p>Aunque en su primer intento, Verstappen no pudo colocarse en la primera posici\u00f3n, fue en las siguientes vueltas que tom\u00f3 el mando de la sesi\u00f3n.<\/p>\n\n\n\n<p>En dos ocasiones, \u2018Checo\u2019 P\u00e9rez se puso al frente de los tiempos, pero su coequipero lo mejor\u00f3 de inmediato.<\/p>\n\n\n\n<figure class=\"wp-block-embed is-type-rich is-provider-twitter wp-block-embed-twitter\"><div class=\"wp-block-embed__wrapper\">\n<blockquote class=\"twitter-tweet\" data-width=\"550\" data-dnt=\"true\"><p lang=\"en\" dir=\"ltr\">Alex Albon COOKED in FP1 \ud83d\ude2e\u200d\ud83d\udca8<a href=\"https:\/\/twitter.com\/hashtag\/MexicoGP?src=hash&amp;ref_src=twsrc%5Etfw\">#MexicoGP<\/a> <a href=\"https:\/\/twitter.com\/hashtag\/F1?src=hash&amp;ref_src=twsrc%5Etfw\">#F1<\/a> <a href=\"https:\/\/t.co\/grI3m8vyUN\">pic.twitter.com\/grI3m8vyUN<\/a><\/p>&mdash; Formula 1 (@F1) <a href=\"https:\/\/twitter.com\/F1\/status\/1717989559299117124?ref_src=twsrc%5Etfw\">October 27, 2023<\/a><\/blockquote><script async src=\"https:\/\/platform.twitter.com\/widgets.js\" charset=\"utf-8\"><\/script>\n<\/div><\/figure>\n\n\n\n<p>Faltando menos de 20 minutos para que acabara la sesi\u00f3n, Verstappen y \u2018Checo\u2019 P\u00e9rez hac\u00edan el 1-2, pero despu\u00e9s Alexander Albon se meti\u00f3 entre ambos para ocupar el segundo puesto.<\/p>\n\n\n\n<p>Carlos Sainz se recuper\u00f3 de su estado de salud y sali\u00f3 a correr al Aut\u00f3dromo, finalizando en la s\u00e9ptima posici\u00f3n.<\/p>\n\n\n\n<p>McLaren tuvo buenas sensaciones con sus pilotos sobre el trazado mexicano. Lando Norris acab\u00f3 cuarto y Oscar Piastri sexto.<\/p>\n\n\n\n<p>Charles Leclerc termin\u00f3 quinto.<\/p>\n\n\n\n<p>Daniel Ricciardo fue octavo, Esteban Ocon noveno y Lance Stroll complet\u00f3 el Top 10.<\/p>\n","protected":false},"excerpt":{"rendered":"<p>El piloto tapat\u00edo finaliz\u00f3 en la tercera posici\u00f3n, mientras que Max Verstappen fue el m\u00e1s r\u00e1pido. La sorpresa de la sesi\u00f3n la dio Alexander Albon al quedar segundo Max Verstappen\u00a0domin\u00f3 la primera pr\u00e1ctica del\u00a0Gran Premio de M\u00e9xico 2023\u00a0de la F1, donde el tapat\u00edo\u00a0Sergio \u2018Checo\u2019 P\u00e9rez\u00a0finaliz\u00f3 en tercera posici\u00f3n en el Aut\u00f3dromo Hermanos Rodr\u00edguez. Aunque en [&hellip;]<\/p>\n","protected":false},"author":123,"featured_media":63924,"comment_status":"open","ping_status":"open","sticky":false,"template":"","format":"standard","meta":{"tdm_status":"","tdm_grid_status":"","footnotes":""},"categories":[39,1],"tags":[],"class_list":{"0":"post-63922","1":"post","2":"type-post","3":"status-publish","4":"format-standard","5":"has-post-thumbnail","7":"category-noticias-nacionales","8":"category-sin-categoria"},"yoast_head":"<!-- This site is optimized with the Yoast SEO plugin v27.5 - https:\/\/yoast.com\/product\/yoast-seo-wordpress\/ -->\n<title>\u2018Checo\u2019 P\u00e9rez es tercero en pr\u00e1ctica 1 del GP de M\u00e9xico - Fuentes Fidedignas<\/title>\n<meta name=\"robots\" content=\"index, follow, max-snippet:-1, max-image-preview:large, max-video-preview:-1\" \/>\n<link rel=\"canonical\" href=\"https:\/\/fuentesfidedignas.com.mx\/index.php\/2023\/10\/27\/checo-perez-es-tercero-en-practica-1-del-gp-de-mexico\/\" \/>\n<meta property=\"og:locale\" content=\"es_MX\" \/>\n<meta property=\"og:type\" content=\"article\" \/>\n<meta property=\"og:title\" content=\"\u2018Checo\u2019 P\u00e9rez es tercero en pr\u00e1ctica 1 del GP de M\u00e9xico - Fuentes Fidedignas\" \/>\n<meta property=\"og:description\" content=\"El piloto tapat\u00edo finaliz\u00f3 en la tercera posici\u00f3n, mientras que Max Verstappen fue el m\u00e1s r\u00e1pido. La sorpresa de la sesi\u00f3n la dio Alexander Albon al quedar segundo Max Verstappen\u00a0domin\u00f3 la primera pr\u00e1ctica del\u00a0Gran Premio de M\u00e9xico 2023\u00a0de la F1, donde el tapat\u00edo\u00a0Sergio \u2018Checo\u2019 P\u00e9rez\u00a0finaliz\u00f3 en tercera posici\u00f3n en el Aut\u00f3dromo Hermanos Rodr\u00edguez. Aunque en [&hellip;]\" \/>\n<meta property=\"og:url\" content=\"https:\/\/fuentesfidedignas.com.mx\/index.php\/2023\/10\/27\/checo-perez-es-tercero-en-practica-1-del-gp-de-mexico\/\" \/>\n<meta property=\"og:site_name\" content=\"Fuentes Fidedignas\" \/>\n<meta property=\"article:publisher\" content=\"https:\/\/www.facebook.com\/Fuentes-Fidedignas-368234489921644\" \/>\n<meta property=\"article:published_time\" content=\"2023-10-27T19:55:10+00:00\" \/>\n<meta property=\"article:modified_time\" content=\"2023-10-27T19:55:54+00:00\" \/>\n<meta property=\"og:image\" content=\"https:\/\/fuentesfidedignas.com.mx\/wp-content\/uploads\/2023\/10\/3024982.jpg\" \/>\n\t<meta property=\"og:image:width\" content=\"664\" \/>\n\t<meta property=\"og:image:height\" content=\"498\" \/>\n\t<meta property=\"og:image:type\" content=\"image\/jpeg\" \/>\n<meta name=\"author\" content=\"Adrenalina\" \/>\n<meta name=\"twitter:card\" content=\"summary_large_image\" \/>\n<meta name=\"twitter:creator\" content=\"@fidedignas\" \/>\n<meta name=\"twitter:site\" content=\"@fidedignas\" \/>\n<meta name=\"twitter:label1\" content=\"Escrito por\" \/>\n\t<meta name=\"twitter:data1\" content=\"Adrenalina\" \/>\n\t<meta name=\"twitter:label2\" content=\"Tiempo de lectura\" \/>\n\t<meta name=\"twitter:data2\" content=\"1 minuto\" \/>\n<script type=\"application\/ld+json\" class=\"yoast-schema-graph\">{\"@context\":\"https:\\\/\\\/schema.org\",\"@graph\":[{\"@type\":\"Article\",\"@id\":\"https:\\\/\\\/fuentesfidedignas.com.mx\\\/index.php\\\/2023\\\/10\\\/27\\\/checo-perez-es-tercero-en-practica-1-del-gp-de-mexico\\\/#article\",\"isPartOf\":{\"@id\":\"https:\\\/\\\/fuentesfidedignas.com.mx\\\/index.php\\\/2023\\\/10\\\/27\\\/checo-perez-es-tercero-en-practica-1-del-gp-de-mexico\\\/\"},\"author\":{\"name\":\"Adrenalina\",\"@id\":\"https:\\\/\\\/fuentesfidedignas.com.mx\\\/#\\\/schema\\\/person\\\/2d428574a5422b6bceea38751c96d3d3\"},\"headline\":\"\u2018Checo\u2019 P\u00e9rez es tercero en pr\u00e1ctica 1 del GP de M\u00e9xico\",\"datePublished\":\"2023-10-27T19:55:10+00:00\",\"dateModified\":\"2023-10-27T19:55:54+00:00\",\"mainEntityOfPage\":{\"@id\":\"https:\\\/\\\/fuentesfidedignas.com.mx\\\/index.php\\\/2023\\\/10\\\/27\\\/checo-perez-es-tercero-en-practica-1-del-gp-de-mexico\\\/\"},\"wordCount\":233,\"commentCount\":0,\"publisher\":{\"@id\":\"https:\\\/\\\/fuentesfidedignas.com.mx\\\/#organization\"},\"image\":{\"@id\":\"https:\\\/\\\/fuentesfidedignas.com.mx\\\/index.php\\\/2023\\\/10\\\/27\\\/checo-perez-es-tercero-en-practica-1-del-gp-de-mexico\\\/#primaryimage\"},\"thumbnailUrl\":\"https:\\\/\\\/fuentesfidedignas.com.mx\\\/wp-content\\\/uploads\\\/2023\\\/10\\\/3024982.jpg\",\"articleSection\":[\"NOTICIAS NACIONALES\"],\"inLanguage\":\"es\",\"potentialAction\":[{\"@type\":\"CommentAction\",\"name\":\"Comment\",\"target\":[\"https:\\\/\\\/fuentesfidedignas.com.mx\\\/index.php\\\/2023\\\/10\\\/27\\\/checo-perez-es-tercero-en-practica-1-del-gp-de-mexico\\\/#respond\"]}]},{\"@type\":\"WebPage\",\"@id\":\"https:\\\/\\\/fuentesfidedignas.com.mx\\\/index.php\\\/2023\\\/10\\\/27\\\/checo-perez-es-tercero-en-practica-1-del-gp-de-mexico\\\/\",\"url\":\"https:\\\/\\\/fuentesfidedignas.com.mx\\\/index.php\\\/2023\\\/10\\\/27\\\/checo-perez-es-tercero-en-practica-1-del-gp-de-mexico\\\/\",\"name\":\"\u2018Checo\u2019 P\u00e9rez es tercero en pr\u00e1ctica 1 del GP de M\u00e9xico - Fuentes Fidedignas\",\"isPartOf\":{\"@id\":\"https:\\\/\\\/fuentesfidedignas.com.mx\\\/#website\"},\"primaryImageOfPage\":{\"@id\":\"https:\\\/\\\/fuentesfidedignas.com.mx\\\/index.php\\\/2023\\\/10\\\/27\\\/checo-perez-es-tercero-en-practica-1-del-gp-de-mexico\\\/#primaryimage\"},\"image\":{\"@id\":\"https:\\\/\\\/fuentesfidedignas.com.mx\\\/index.php\\\/2023\\\/10\\\/27\\\/checo-perez-es-tercero-en-practica-1-del-gp-de-mexico\\\/#primaryimage\"},\"thumbnailUrl\":\"https:\\\/\\\/fuentesfidedignas.com.mx\\\/wp-content\\\/uploads\\\/2023\\\/10\\\/3024982.jpg\",\"datePublished\":\"2023-10-27T19:55:10+00:00\",\"dateModified\":\"2023-10-27T19:55:54+00:00\",\"breadcrumb\":{\"@id\":\"https:\\\/\\\/fuentesfidedignas.com.mx\\\/index.php\\\/2023\\\/10\\\/27\\\/checo-perez-es-tercero-en-practica-1-del-gp-de-mexico\\\/#breadcrumb\"},\"inLanguage\":\"es\",\"potentialAction\":[{\"@type\":\"ReadAction\",\"target\":[\"https:\\\/\\\/fuentesfidedignas.com.mx\\\/index.php\\\/2023\\\/10\\\/27\\\/checo-perez-es-tercero-en-practica-1-del-gp-de-mexico\\\/\"]}]},{\"@type\":\"ImageObject\",\"inLanguage\":\"es\",\"@id\":\"https:\\\/\\\/fuentesfidedignas.com.mx\\\/index.php\\\/2023\\\/10\\\/27\\\/checo-perez-es-tercero-en-practica-1-del-gp-de-mexico\\\/#primaryimage\",\"url\":\"https:\\\/\\\/fuentesfidedignas.com.mx\\\/wp-content\\\/uploads\\\/2023\\\/10\\\/3024982.jpg\",\"contentUrl\":\"https:\\\/\\\/fuentesfidedignas.com.mx\\\/wp-content\\\/uploads\\\/2023\\\/10\\\/3024982.jpg\",\"width\":664,\"height\":498},{\"@type\":\"BreadcrumbList\",\"@id\":\"https:\\\/\\\/fuentesfidedignas.com.mx\\\/index.php\\\/2023\\\/10\\\/27\\\/checo-perez-es-tercero-en-practica-1-del-gp-de-mexico\\\/#breadcrumb\",\"itemListElement\":[{\"@type\":\"ListItem\",\"position\":1,\"name\":\"Inicio\",\"item\":\"https:\\\/\\\/fuentesfidedignas.com.mx\\\/\"},{\"@type\":\"ListItem\",\"position\":2,\"name\":\"\u2018Checo\u2019 P\u00e9rez es tercero en pr\u00e1ctica 1 del GP de M\u00e9xico\"}]},{\"@type\":\"WebSite\",\"@id\":\"https:\\\/\\\/fuentesfidedignas.com.mx\\\/#website\",\"url\":\"https:\\\/\\\/fuentesfidedignas.com.mx\\\/\",\"name\":\"Fuentes Fidedignas\",\"description\":\"Otro sitio realizado con WordPress\",\"publisher\":{\"@id\":\"https:\\\/\\\/fuentesfidedignas.com.mx\\\/#organization\"},\"potentialAction\":[{\"@type\":\"SearchAction\",\"target\":{\"@type\":\"EntryPoint\",\"urlTemplate\":\"https:\\\/\\\/fuentesfidedignas.com.mx\\\/?s={search_term_string}\"},\"query-input\":{\"@type\":\"PropertyValueSpecification\",\"valueRequired\":true,\"valueName\":\"search_term_string\"}}],\"inLanguage\":\"es\"},{\"@type\":\"Organization\",\"@id\":\"https:\\\/\\\/fuentesfidedignas.com.mx\\\/#organization\",\"name\":\"Fuentes Fidedignas\",\"url\":\"https:\\\/\\\/fuentesfidedignas.com.mx\\\/\",\"logo\":{\"@type\":\"ImageObject\",\"inLanguage\":\"es\",\"@id\":\"https:\\\/\\\/fuentesfidedignas.com.mx\\\/#\\\/schema\\\/logo\\\/image\\\/\",\"url\":\"https:\\\/\\\/fuentesfidedignas.com.mx\\\/wp-content\\\/uploads\\\/2021\\\/04\\\/logo-retina.png\",\"contentUrl\":\"https:\\\/\\\/fuentesfidedignas.com.mx\\\/wp-content\\\/uploads\\\/2021\\\/04\\\/logo-retina.png\",\"width\":280,\"height\":51,\"caption\":\"Fuentes Fidedignas\"},\"image\":{\"@id\":\"https:\\\/\\\/fuentesfidedignas.com.mx\\\/#\\\/schema\\\/logo\\\/image\\\/\"},\"sameAs\":[\"https:\\\/\\\/www.facebook.com\\\/Fuentes-Fidedignas-368234489921644\",\"https:\\\/\\\/x.com\\\/fidedignas\"]},{\"@type\":\"Person\",\"@id\":\"https:\\\/\\\/fuentesfidedignas.com.mx\\\/#\\\/schema\\\/person\\\/2d428574a5422b6bceea38751c96d3d3\",\"name\":\"Adrenalina\",\"image\":{\"@type\":\"ImageObject\",\"inLanguage\":\"es\",\"@id\":\"https:\\\/\\\/secure.gravatar.com\\\/avatar\\\/16314b67761a38fa2534276f5eaca1785bf1af123d37aca3bbd9f504af51c00a?s=96&d=mm&r=g\",\"url\":\"https:\\\/\\\/secure.gravatar.com\\\/avatar\\\/16314b67761a38fa2534276f5eaca1785bf1af123d37aca3bbd9f504af51c00a?s=96&d=mm&r=g\",\"contentUrl\":\"https:\\\/\\\/secure.gravatar.com\\\/avatar\\\/16314b67761a38fa2534276f5eaca1785bf1af123d37aca3bbd9f504af51c00a?s=96&d=mm&r=g\",\"caption\":\"Adrenalina\"},\"url\":\"https:\\\/\\\/fuentesfidedignas.com.mx\\\/index.php\\\/author\\\/adrenalina\\\/\"}]}<\/script>\n<!-- \/ Yoast SEO plugin. -->","yoast_head_json":{"title":"\u2018Checo\u2019 P\u00e9rez es tercero en pr\u00e1ctica 1 del GP de M\u00e9xico - Fuentes Fidedignas","robots":{"index":"index","follow":"follow","max-snippet":"max-snippet:-1","max-image-preview":"max-image-preview:large","max-video-preview":"max-video-preview:-1"},"canonical":"https:\/\/fuentesfidedignas.com.mx\/index.php\/2023\/10\/27\/checo-perez-es-tercero-en-practica-1-del-gp-de-mexico\/","og_locale":"es_MX","og_type":"article","og_title":"\u2018Checo\u2019 P\u00e9rez es tercero en pr\u00e1ctica 1 del GP de M\u00e9xico - Fuentes Fidedignas","og_description":"El piloto tapat\u00edo finaliz\u00f3 en la tercera posici\u00f3n, mientras que Max Verstappen fue el m\u00e1s r\u00e1pido. La sorpresa de la sesi\u00f3n la dio Alexander Albon al quedar segundo Max Verstappen\u00a0domin\u00f3 la primera pr\u00e1ctica del\u00a0Gran Premio de M\u00e9xico 2023\u00a0de la F1, donde el tapat\u00edo\u00a0Sergio \u2018Checo\u2019 P\u00e9rez\u00a0finaliz\u00f3 en tercera posici\u00f3n en el Aut\u00f3dromo Hermanos Rodr\u00edguez. Aunque en [&hellip;]","og_url":"https:\/\/fuentesfidedignas.com.mx\/index.php\/2023\/10\/27\/checo-perez-es-tercero-en-practica-1-del-gp-de-mexico\/","og_site_name":"Fuentes Fidedignas","article_publisher":"https:\/\/www.facebook.com\/Fuentes-Fidedignas-368234489921644","article_published_time":"2023-10-27T19:55:10+00:00","article_modified_time":"2023-10-27T19:55:54+00:00","og_image":[{"width":664,"height":498,"url":"https:\/\/fuentesfidedignas.com.mx\/wp-content\/uploads\/2023\/10\/3024982.jpg","type":"image\/jpeg"}],"author":"Adrenalina","twitter_card":"summary_large_image","twitter_creator":"@fidedignas","twitter_site":"@fidedignas","twitter_misc":{"Escrito por":"Adrenalina","Tiempo de lectura":"1 minuto"},"schema":{"@context":"https:\/\/schema.org","@graph":[{"@type":"Article","@id":"https:\/\/fuentesfidedignas.com.mx\/index.php\/2023\/10\/27\/checo-perez-es-tercero-en-practica-1-del-gp-de-mexico\/#article","isPartOf":{"@id":"https:\/\/fuentesfidedignas.com.mx\/index.php\/2023\/10\/27\/checo-perez-es-tercero-en-practica-1-del-gp-de-mexico\/"},"author":{"name":"Adrenalina","@id":"https:\/\/fuentesfidedignas.com.mx\/#\/schema\/person\/2d428574a5422b6bceea38751c96d3d3"},"headline":"\u2018Checo\u2019 P\u00e9rez es tercero en pr\u00e1ctica 1 del GP de M\u00e9xico","datePublished":"2023-10-27T19:55:10+00:00","dateModified":"2023-10-27T19:55:54+00:00","mainEntityOfPage":{"@id":"https:\/\/fuentesfidedignas.com.mx\/index.php\/2023\/10\/27\/checo-perez-es-tercero-en-practica-1-del-gp-de-mexico\/"},"wordCount":233,"commentCount":0,"publisher":{"@id":"https:\/\/fuentesfidedignas.com.mx\/#organization"},"image":{"@id":"https:\/\/fuentesfidedignas.com.mx\/index.php\/2023\/10\/27\/checo-perez-es-tercero-en-practica-1-del-gp-de-mexico\/#primaryimage"},"thumbnailUrl":"https:\/\/fuentesfidedignas.com.mx\/wp-content\/uploads\/2023\/10\/3024982.jpg","articleSection":["NOTICIAS NACIONALES"],"inLanguage":"es","potentialAction":[{"@type":"CommentAction","name":"Comment","target":["https:\/\/fuentesfidedignas.com.mx\/index.php\/2023\/10\/27\/checo-perez-es-tercero-en-practica-1-del-gp-de-mexico\/#respond"]}]},{"@type":"WebPage","@id":"https:\/\/fuentesfidedignas.com.mx\/index.php\/2023\/10\/27\/checo-perez-es-tercero-en-practica-1-del-gp-de-mexico\/","url":"https:\/\/fuentesfidedignas.com.mx\/index.php\/2023\/10\/27\/checo-perez-es-tercero-en-practica-1-del-gp-de-mexico\/","name":"\u2018Checo\u2019 P\u00e9rez es tercero en pr\u00e1ctica 1 del GP de M\u00e9xico - Fuentes Fidedignas","isPartOf":{"@id":"https:\/\/fuentesfidedignas.com.mx\/#website"},"primaryImageOfPage":{"@id":"https:\/\/fuentesfidedignas.com.mx\/index.php\/2023\/10\/27\/checo-perez-es-tercero-en-practica-1-del-gp-de-mexico\/#primaryimage"},"image":{"@id":"https:\/\/fuentesfidedignas.com.mx\/index.php\/2023\/10\/27\/checo-perez-es-tercero-en-practica-1-del-gp-de-mexico\/#primaryimage"},"thumbnailUrl":"https:\/\/fuentesfidedignas.com.mx\/wp-content\/uploads\/2023\/10\/3024982.jpg","datePublished":"2023-10-27T19:55:10+00:00","dateModified":"2023-10-27T19:55:54+00:00","breadcrumb":{"@id":"https:\/\/fuentesfidedignas.com.mx\/index.php\/2023\/10\/27\/checo-perez-es-tercero-en-practica-1-del-gp-de-mexico\/#breadcrumb"},"inLanguage":"es","potentialAction":[{"@type":"ReadAction","target":["https:\/\/fuentesfidedignas.com.mx\/index.php\/2023\/10\/27\/checo-perez-es-tercero-en-practica-1-del-gp-de-mexico\/"]}]},{"@type":"ImageObject","inLanguage":"es","@id":"https:\/\/fuentesfidedignas.com.mx\/index.php\/2023\/10\/27\/checo-perez-es-tercero-en-practica-1-del-gp-de-mexico\/#primaryimage","url":"https:\/\/fuentesfidedignas.com.mx\/wp-content\/uploads\/2023\/10\/3024982.jpg","contentUrl":"https:\/\/fuentesfidedignas.com.mx\/wp-content\/uploads\/2023\/10\/3024982.jpg","width":664,"height":498},{"@type":"BreadcrumbList","@id":"https:\/\/fuentesfidedignas.com.mx\/index.php\/2023\/10\/27\/checo-perez-es-tercero-en-practica-1-del-gp-de-mexico\/#breadcrumb","itemListElement":[{"@type":"ListItem","position":1,"name":"Inicio","item":"https:\/\/fuentesfidedignas.com.mx\/"},{"@type":"ListItem","position":2,"name":"\u2018Checo\u2019 P\u00e9rez es tercero en pr\u00e1ctica 1 del GP de M\u00e9xico"}]},{"@type":"WebSite","@id":"https:\/\/fuentesfidedignas.com.mx\/#website","url":"https:\/\/fuentesfidedignas.com.mx\/","name":"Fuentes Fidedignas","description":"Otro sitio realizado con WordPress","publisher":{"@id":"https:\/\/fuentesfidedignas.com.mx\/#organization"},"potentialAction":[{"@type":"SearchAction","target":{"@type":"EntryPoint","urlTemplate":"https:\/\/fuentesfidedignas.com.mx\/?s={search_term_string}"},"query-input":{"@type":"PropertyValueSpecification","valueRequired":true,"valueName":"search_term_string"}}],"inLanguage":"es"},{"@type":"Organization","@id":"https:\/\/fuentesfidedignas.com.mx\/#organization","name":"Fuentes Fidedignas","url":"https:\/\/fuentesfidedignas.com.mx\/","logo":{"@type":"ImageObject","inLanguage":"es","@id":"https:\/\/fuentesfidedignas.com.mx\/#\/schema\/logo\/image\/","url":"https:\/\/fuentesfidedignas.com.mx\/wp-content\/uploads\/2021\/04\/logo-retina.png","contentUrl":"https:\/\/fuentesfidedignas.com.mx\/wp-content\/uploads\/2021\/04\/logo-retina.png","width":280,"height":51,"caption":"Fuentes Fidedignas"},"image":{"@id":"https:\/\/fuentesfidedignas.com.mx\/#\/schema\/logo\/image\/"},"sameAs":["https:\/\/www.facebook.com\/Fuentes-Fidedignas-368234489921644","https:\/\/x.com\/fidedignas"]},{"@type":"Person","@id":"https:\/\/fuentesfidedignas.com.mx\/#\/schema\/person\/2d428574a5422b6bceea38751c96d3d3","name":"Adrenalina","image":{"@type":"ImageObject","inLanguage":"es","@id":"https:\/\/secure.gravatar.com\/avatar\/16314b67761a38fa2534276f5eaca1785bf1af123d37aca3bbd9f504af51c00a?s=96&d=mm&r=g","url":"https:\/\/secure.gravatar.com\/avatar\/16314b67761a38fa2534276f5eaca1785bf1af123d37aca3bbd9f504af51c00a?s=96&d=mm&r=g","contentUrl":"https:\/\/secure.gravatar.com\/avatar\/16314b67761a38fa2534276f5eaca1785bf1af123d37aca3bbd9f504af51c00a?s=96&d=mm&r=g","caption":"Adrenalina"},"url":"https:\/\/fuentesfidedignas.com.mx\/index.php\/author\/adrenalina\/"}]}},"_links":{"self":[{"href":"https:\/\/fuentesfidedignas.com.mx\/index.php\/wp-json\/wp\/v2\/posts\/63922","targetHints":{"allow":["GET"]}}],"collection":[{"href":"https:\/\/fuentesfidedignas.com.mx\/index.php\/wp-json\/wp\/v2\/posts"}],"about":[{"href":"https:\/\/fuentesfidedignas.com.mx\/index.php\/wp-json\/wp\/v2\/types\/post"}],"author":[{"embeddable":true,"href":"https:\/\/fuentesfidedignas.com.mx\/index.php\/wp-json\/wp\/v2\/users\/123"}],"replies":[{"embeddable":true,"href":"https:\/\/fuentesfidedignas.com.mx\/index.php\/wp-json\/wp\/v2\/comments?post=63922"}],"version-history":[{"count":1,"href":"https:\/\/fuentesfidedignas.com.mx\/index.php\/wp-json\/wp\/v2\/posts\/63922\/revisions"}],"predecessor-version":[{"id":63923,"href":"https:\/\/fuentesfidedignas.com.mx\/index.php\/wp-json\/wp\/v2\/posts\/63922\/revisions\/63923"}],"wp:featuredmedia":[{"embeddable":true,"href":"https:\/\/fuentesfidedignas.com.mx\/index.php\/wp-json\/wp\/v2\/media\/63924"}],"wp:attachment":[{"href":"https:\/\/fuentesfidedignas.com.mx\/index.php\/wp-json\/wp\/v2\/media?parent=63922"}],"wp:term":[{"taxonomy":"category","embeddable":true,"href":"https:\/\/fuentesfidedignas.com.mx\/index.php\/wp-json\/wp\/v2\/categories?post=63922"},{"taxonomy":"post_tag","embeddable":true,"href":"https:\/\/fuentesfidedignas.com.mx\/index.php\/wp-json\/wp\/v2\/tags?post=63922"}],"curies":[{"name":"wp","href":"https:\/\/api.w.org\/{rel}","templated":true}]}}