{"id":63919,"date":"2023-10-27T12:45:46","date_gmt":"2023-10-27T19:45:46","guid":{"rendered":"https:\/\/fuentesfidedignas.com.mx\/?p=63919"},"modified":"2023-10-27T20:01:27","modified_gmt":"2023-10-28T03:01:27","slug":"regresa-a-salvo-seleccion-de-softbol-de-sinaloa-varada-en-acapulco","status":"publish","type":"post","link":"https:\/\/fuentesfidedignas.com.mx\/index.php\/2023\/10\/27\/regresa-a-salvo-seleccion-de-softbol-de-sinaloa-varada-en-acapulco\/","title":{"rendered":"Regresa a salvo Selecci\u00f3n de Softbol de Sinaloa varada en Acapulco"},"content":{"rendered":"\n<p><em><strong>Arriban hoy viernes a Culiac\u00e1n, en punto de las 4:45 de la tarde, en vuelo de Aerom\u00e9xico<\/strong><\/em><\/p>\n\n\n\n<p>Culiac\u00e1n, Sin.- Despu\u00e9s de pasar un viacrucis en el puerto de Acapulco a media semana donde el hurac\u00e1n Otis categor\u00eda 5 destruy\u00f3 casi completamente dicha ciudad, hoy regresa a la capital sinaloense la primera parte de la selecci\u00f3n estatal de Softbol categor\u00eda libre, que asisti\u00f3 a un campeonato nacional de la especialidad.<\/p>\n\n\n\n<p>El gobernador del estado Rub\u00e9n Rocha Moya, ha estado atendiendo personalmente de manera inmediata a las familias afectadas por la Depresi\u00f3n Norma aqu\u00ed en Sinaloa, y de la misma manera atiende a los sinaloenses que quedaron varados en Acapulco Guerrero, tras el embate del hurac\u00e1n Otis: \u201cpor eso en cuanto se pudo tener comunicaci\u00f3n con ellos, se organiz\u00f3 su regreso a casa, con su familia\u201d, dijo Julio Cascajares, director del Instituto Sinaloense del Deporte.<\/p>\n\n\n\n<p>Es as\u00ed como hoy viernes en punto de las 4:45 de la tarde, arribar\u00e1n a Culiac\u00e1n procedentes de la CDMX en un vuelo de Aerom\u00e9xico y por fin dejar atr\u00e1s est\u00e1 terrible experiencia producto de un fen\u00f3meno natural.<\/p>\n\n\n\n<p>Es un compromiso del Instituto Sinaloense de Cultura F\u00edsica y el Deporte apoyar, proteger y cuidar a todos sus deportistas en cualquier situaci\u00f3n que se presente y este es y ser\u00e1 siempre el compromiso del gobierno del doctor Rub\u00e9n Rocha Moya y el director del ISDE Julio C\u00e9sar Cascajares Ram\u00edrez.<\/p>\n\n\n\n<p>La semana anterior, la selecci\u00f3n Sinaloa compiti\u00f3 en Acapulco, Guerrero en este importante evento y por cierto logro el Campeonato. Concluido el torneo, el pasado lunes 16 de octubre ten\u00edan su vuelo de regreso pero este fue cancelado por no haber condiciones en el aeropuerto internacional de Culiac\u00e1n tras el desarrollo de la tormenta tropical Norma, de manera que su vuelo fue reprogramado para el mi\u00e9rcoles 18 de octubre.<\/p>\n\n\n\n<p>Ah\u00ed se establece el contacto entre el manager de la selecci\u00f3n Sinaloa Jes\u00fas Alfredo Lerma Mart\u00ednez con el director del Instituto Sinaloense de Cultura F\u00edsica y el Deporte Julio C\u00e9sar Cascajares Ram\u00edrez para solicitar el apoyo al ISDE porque hay dos noches de hospedaje que resolver e inmediatamente inician los tr\u00e1mites en apoyo de los deportistas, pero la impactante llegada del Hurac\u00e1n Otis a Acapulco, cort\u00f3 toda comunicaci\u00f3n entre los sinaloenses, el ISDE e incluso sus familias.<\/p>\n\n\n\n<p>Pero una vez recuperada la comunicaci\u00f3n y saber que los 8 sinaloenses all\u00e1 varados estaban sanos y salvos, el gobierno del estado de Sinaloa por medio del director del ISDE Julio C\u00e9sar Cascajares Ram\u00edrez coordin\u00f3 absolutamente todo lo necesario para traer con bien a casa a todos estos deportistas.<\/p>\n\n\n\n<p>Jes\u00fas Alfredo Lerma Mart\u00ednez, Jes\u00fas Ren\u00e9 Cardona Bustamante, Jes\u00fas Jonathan Cardona Bustamante, Carlos Alexis Garc\u00eda L\u00f3pez, Rodolfo Peraza Jim\u00e9nez, Montserrat Espinoza Anguis, Beatriz Reyes Camacho y la peque\u00f1a Alia Montserrat Cardona Espinoza qui\u00e9n acompa\u00f1a a sus pap\u00e1s, son quienes hoy ya podr\u00e1n estar con sus familias.<\/p>\n","protected":false},"excerpt":{"rendered":"<p>Arriban hoy viernes a Culiac\u00e1n, en punto de las 4:45 de la tarde, en vuelo de Aerom\u00e9xico Culiac\u00e1n, Sin.- Despu\u00e9s de pasar un viacrucis en el puerto de Acapulco a media semana donde el hurac\u00e1n Otis categor\u00eda 5 destruy\u00f3 casi completamente dicha ciudad, hoy regresa a la capital sinaloense la primera parte de la selecci\u00f3n [&hellip;]<\/p>\n","protected":false},"author":4,"featured_media":63921,"comment_status":"open","ping_status":"open","sticky":false,"template":"","format":"standard","meta":{"tdm_status":"","tdm_grid_status":"","footnotes":""},"categories":[38,1],"tags":[],"class_list":{"0":"post-63919","1":"post","2":"type-post","3":"status-publish","4":"format-standard","5":"has-post-thumbnail","7":"category-noticias-locales","8":"category-sin-categoria"},"yoast_head":"<!-- This site is optimized with the Yoast SEO plugin v27.5 - https:\/\/yoast.com\/product\/yoast-seo-wordpress\/ -->\n<title>Regresa a salvo Selecci\u00f3n de Softbol de Sinaloa varada en Acapulco - Fuentes Fidedignas<\/title>\n<meta name=\"robots\" content=\"index, follow, max-snippet:-1, max-image-preview:large, max-video-preview:-1\" \/>\n<link rel=\"canonical\" href=\"https:\/\/fuentesfidedignas.com.mx\/index.php\/2023\/10\/27\/regresa-a-salvo-seleccion-de-softbol-de-sinaloa-varada-en-acapulco\/\" \/>\n<meta property=\"og:locale\" content=\"es_MX\" \/>\n<meta property=\"og:type\" content=\"article\" \/>\n<meta property=\"og:title\" content=\"Regresa a salvo Selecci\u00f3n de Softbol de Sinaloa varada en Acapulco - Fuentes Fidedignas\" \/>\n<meta property=\"og:description\" content=\"Arriban hoy viernes a Culiac\u00e1n, en punto de las 4:45 de la tarde, en vuelo de Aerom\u00e9xico Culiac\u00e1n, Sin.- Despu\u00e9s de pasar un viacrucis en el puerto de Acapulco a media semana donde el hurac\u00e1n Otis categor\u00eda 5 destruy\u00f3 casi completamente dicha ciudad, hoy regresa a la capital sinaloense la primera parte de la selecci\u00f3n [&hellip;]\" \/>\n<meta property=\"og:url\" content=\"https:\/\/fuentesfidedignas.com.mx\/index.php\/2023\/10\/27\/regresa-a-salvo-seleccion-de-softbol-de-sinaloa-varada-en-acapulco\/\" \/>\n<meta property=\"og:site_name\" content=\"Fuentes Fidedignas\" \/>\n<meta property=\"article:publisher\" content=\"https:\/\/www.facebook.com\/Fuentes-Fidedignas-368234489921644\" \/>\n<meta property=\"article:published_time\" content=\"2023-10-27T19:45:46+00:00\" \/>\n<meta property=\"article:modified_time\" content=\"2023-10-28T03:01:27+00:00\" \/>\n<meta property=\"og:image\" content=\"https:\/\/fuentesfidedignas.com.mx\/wp-content\/uploads\/2023\/10\/IMG-20231027-WA0006.jpg\" \/>\n\t<meta property=\"og:image:width\" content=\"768\" \/>\n\t<meta property=\"og:image:height\" content=\"666\" \/>\n\t<meta property=\"og:image:type\" content=\"image\/jpeg\" \/>\n<meta name=\"author\" content=\"Redacci\u00f3n\" \/>\n<meta name=\"twitter:card\" content=\"summary_large_image\" \/>\n<meta name=\"twitter:creator\" content=\"@fidedignas\" \/>\n<meta name=\"twitter:site\" content=\"@fidedignas\" \/>\n<meta name=\"twitter:label1\" content=\"Escrito por\" \/>\n\t<meta name=\"twitter:data1\" content=\"Redacci\u00f3n\" \/>\n\t<meta name=\"twitter:label2\" content=\"Tiempo de lectura\" \/>\n\t<meta name=\"twitter:data2\" content=\"3 minutos\" \/>\n<script type=\"application\/ld+json\" class=\"yoast-schema-graph\">{\"@context\":\"https:\\\/\\\/schema.org\",\"@graph\":[{\"@type\":\"Article\",\"@id\":\"https:\\\/\\\/fuentesfidedignas.com.mx\\\/index.php\\\/2023\\\/10\\\/27\\\/regresa-a-salvo-seleccion-de-softbol-de-sinaloa-varada-en-acapulco\\\/#article\",\"isPartOf\":{\"@id\":\"https:\\\/\\\/fuentesfidedignas.com.mx\\\/index.php\\\/2023\\\/10\\\/27\\\/regresa-a-salvo-seleccion-de-softbol-de-sinaloa-varada-en-acapulco\\\/\"},\"author\":{\"name\":\"Redacci\u00f3n\",\"@id\":\"https:\\\/\\\/fuentesfidedignas.com.mx\\\/#\\\/schema\\\/person\\\/331be9283d37198e2acd5750279085b0\"},\"headline\":\"Regresa a salvo Selecci\u00f3n de Softbol de Sinaloa varada en Acapulco\",\"datePublished\":\"2023-10-27T19:45:46+00:00\",\"dateModified\":\"2023-10-28T03:01:27+00:00\",\"mainEntityOfPage\":{\"@id\":\"https:\\\/\\\/fuentesfidedignas.com.mx\\\/index.php\\\/2023\\\/10\\\/27\\\/regresa-a-salvo-seleccion-de-softbol-de-sinaloa-varada-en-acapulco\\\/\"},\"wordCount\":529,\"commentCount\":0,\"publisher\":{\"@id\":\"https:\\\/\\\/fuentesfidedignas.com.mx\\\/#organization\"},\"image\":{\"@id\":\"https:\\\/\\\/fuentesfidedignas.com.mx\\\/index.php\\\/2023\\\/10\\\/27\\\/regresa-a-salvo-seleccion-de-softbol-de-sinaloa-varada-en-acapulco\\\/#primaryimage\"},\"thumbnailUrl\":\"https:\\\/\\\/fuentesfidedignas.com.mx\\\/wp-content\\\/uploads\\\/2023\\\/10\\\/IMG-20231027-WA0006.jpg\",\"articleSection\":[\"NOTICIAS LOCALES\"],\"inLanguage\":\"es\",\"potentialAction\":[{\"@type\":\"CommentAction\",\"name\":\"Comment\",\"target\":[\"https:\\\/\\\/fuentesfidedignas.com.mx\\\/index.php\\\/2023\\\/10\\\/27\\\/regresa-a-salvo-seleccion-de-softbol-de-sinaloa-varada-en-acapulco\\\/#respond\"]}]},{\"@type\":\"WebPage\",\"@id\":\"https:\\\/\\\/fuentesfidedignas.com.mx\\\/index.php\\\/2023\\\/10\\\/27\\\/regresa-a-salvo-seleccion-de-softbol-de-sinaloa-varada-en-acapulco\\\/\",\"url\":\"https:\\\/\\\/fuentesfidedignas.com.mx\\\/index.php\\\/2023\\\/10\\\/27\\\/regresa-a-salvo-seleccion-de-softbol-de-sinaloa-varada-en-acapulco\\\/\",\"name\":\"Regresa a salvo Selecci\u00f3n de Softbol de Sinaloa varada en Acapulco - Fuentes Fidedignas\",\"isPartOf\":{\"@id\":\"https:\\\/\\\/fuentesfidedignas.com.mx\\\/#website\"},\"primaryImageOfPage\":{\"@id\":\"https:\\\/\\\/fuentesfidedignas.com.mx\\\/index.php\\\/2023\\\/10\\\/27\\\/regresa-a-salvo-seleccion-de-softbol-de-sinaloa-varada-en-acapulco\\\/#primaryimage\"},\"image\":{\"@id\":\"https:\\\/\\\/fuentesfidedignas.com.mx\\\/index.php\\\/2023\\\/10\\\/27\\\/regresa-a-salvo-seleccion-de-softbol-de-sinaloa-varada-en-acapulco\\\/#primaryimage\"},\"thumbnailUrl\":\"https:\\\/\\\/fuentesfidedignas.com.mx\\\/wp-content\\\/uploads\\\/2023\\\/10\\\/IMG-20231027-WA0006.jpg\",\"datePublished\":\"2023-10-27T19:45:46+00:00\",\"dateModified\":\"2023-10-28T03:01:27+00:00\",\"breadcrumb\":{\"@id\":\"https:\\\/\\\/fuentesfidedignas.com.mx\\\/index.php\\\/2023\\\/10\\\/27\\\/regresa-a-salvo-seleccion-de-softbol-de-sinaloa-varada-en-acapulco\\\/#breadcrumb\"},\"inLanguage\":\"es\",\"potentialAction\":[{\"@type\":\"ReadAction\",\"target\":[\"https:\\\/\\\/fuentesfidedignas.com.mx\\\/index.php\\\/2023\\\/10\\\/27\\\/regresa-a-salvo-seleccion-de-softbol-de-sinaloa-varada-en-acapulco\\\/\"]}]},{\"@type\":\"ImageObject\",\"inLanguage\":\"es\",\"@id\":\"https:\\\/\\\/fuentesfidedignas.com.mx\\\/index.php\\\/2023\\\/10\\\/27\\\/regresa-a-salvo-seleccion-de-softbol-de-sinaloa-varada-en-acapulco\\\/#primaryimage\",\"url\":\"https:\\\/\\\/fuentesfidedignas.com.mx\\\/wp-content\\\/uploads\\\/2023\\\/10\\\/IMG-20231027-WA0006.jpg\",\"contentUrl\":\"https:\\\/\\\/fuentesfidedignas.com.mx\\\/wp-content\\\/uploads\\\/2023\\\/10\\\/IMG-20231027-WA0006.jpg\",\"width\":768,\"height\":666},{\"@type\":\"BreadcrumbList\",\"@id\":\"https:\\\/\\\/fuentesfidedignas.com.mx\\\/index.php\\\/2023\\\/10\\\/27\\\/regresa-a-salvo-seleccion-de-softbol-de-sinaloa-varada-en-acapulco\\\/#breadcrumb\",\"itemListElement\":[{\"@type\":\"ListItem\",\"position\":1,\"name\":\"Inicio\",\"item\":\"https:\\\/\\\/fuentesfidedignas.com.mx\\\/\"},{\"@type\":\"ListItem\",\"position\":2,\"name\":\"Regresa a salvo Selecci\u00f3n de Softbol de Sinaloa varada en Acapulco\"}]},{\"@type\":\"WebSite\",\"@id\":\"https:\\\/\\\/fuentesfidedignas.com.mx\\\/#website\",\"url\":\"https:\\\/\\\/fuentesfidedignas.com.mx\\\/\",\"name\":\"Fuentes Fidedignas\",\"description\":\"Otro sitio realizado con WordPress\",\"publisher\":{\"@id\":\"https:\\\/\\\/fuentesfidedignas.com.mx\\\/#organization\"},\"potentialAction\":[{\"@type\":\"SearchAction\",\"target\":{\"@type\":\"EntryPoint\",\"urlTemplate\":\"https:\\\/\\\/fuentesfidedignas.com.mx\\\/?s={search_term_string}\"},\"query-input\":{\"@type\":\"PropertyValueSpecification\",\"valueRequired\":true,\"valueName\":\"search_term_string\"}}],\"inLanguage\":\"es\"},{\"@type\":\"Organization\",\"@id\":\"https:\\\/\\\/fuentesfidedignas.com.mx\\\/#organization\",\"name\":\"Fuentes Fidedignas\",\"url\":\"https:\\\/\\\/fuentesfidedignas.com.mx\\\/\",\"logo\":{\"@type\":\"ImageObject\",\"inLanguage\":\"es\",\"@id\":\"https:\\\/\\\/fuentesfidedignas.com.mx\\\/#\\\/schema\\\/logo\\\/image\\\/\",\"url\":\"https:\\\/\\\/fuentesfidedignas.com.mx\\\/wp-content\\\/uploads\\\/2021\\\/04\\\/logo-retina.png\",\"contentUrl\":\"https:\\\/\\\/fuentesfidedignas.com.mx\\\/wp-content\\\/uploads\\\/2021\\\/04\\\/logo-retina.png\",\"width\":280,\"height\":51,\"caption\":\"Fuentes Fidedignas\"},\"image\":{\"@id\":\"https:\\\/\\\/fuentesfidedignas.com.mx\\\/#\\\/schema\\\/logo\\\/image\\\/\"},\"sameAs\":[\"https:\\\/\\\/www.facebook.com\\\/Fuentes-Fidedignas-368234489921644\",\"https:\\\/\\\/x.com\\\/fidedignas\"]},{\"@type\":\"Person\",\"@id\":\"https:\\\/\\\/fuentesfidedignas.com.mx\\\/#\\\/schema\\\/person\\\/331be9283d37198e2acd5750279085b0\",\"name\":\"Redacci\u00f3n\",\"image\":{\"@type\":\"ImageObject\",\"inLanguage\":\"es\",\"@id\":\"https:\\\/\\\/secure.gravatar.com\\\/avatar\\\/f6d8782c11d12b2d4ad3fbb6931aeab5309937a4d6cd2fc9cfaa28a6396a5aec?s=96&d=mm&r=g\",\"url\":\"https:\\\/\\\/secure.gravatar.com\\\/avatar\\\/f6d8782c11d12b2d4ad3fbb6931aeab5309937a4d6cd2fc9cfaa28a6396a5aec?s=96&d=mm&r=g\",\"contentUrl\":\"https:\\\/\\\/secure.gravatar.com\\\/avatar\\\/f6d8782c11d12b2d4ad3fbb6931aeab5309937a4d6cd2fc9cfaa28a6396a5aec?s=96&d=mm&r=g\",\"caption\":\"Redacci\u00f3n\"},\"url\":\"https:\\\/\\\/fuentesfidedignas.com.mx\\\/index.php\\\/author\\\/redaccion\\\/\"}]}<\/script>\n<!-- \/ Yoast SEO plugin. -->","yoast_head_json":{"title":"Regresa a salvo Selecci\u00f3n de Softbol de Sinaloa varada en Acapulco - Fuentes Fidedignas","robots":{"index":"index","follow":"follow","max-snippet":"max-snippet:-1","max-image-preview":"max-image-preview:large","max-video-preview":"max-video-preview:-1"},"canonical":"https:\/\/fuentesfidedignas.com.mx\/index.php\/2023\/10\/27\/regresa-a-salvo-seleccion-de-softbol-de-sinaloa-varada-en-acapulco\/","og_locale":"es_MX","og_type":"article","og_title":"Regresa a salvo Selecci\u00f3n de Softbol de Sinaloa varada en Acapulco - Fuentes Fidedignas","og_description":"Arriban hoy viernes a Culiac\u00e1n, en punto de las 4:45 de la tarde, en vuelo de Aerom\u00e9xico Culiac\u00e1n, Sin.- Despu\u00e9s de pasar un viacrucis en el puerto de Acapulco a media semana donde el hurac\u00e1n Otis categor\u00eda 5 destruy\u00f3 casi completamente dicha ciudad, hoy regresa a la capital sinaloense la primera parte de la selecci\u00f3n [&hellip;]","og_url":"https:\/\/fuentesfidedignas.com.mx\/index.php\/2023\/10\/27\/regresa-a-salvo-seleccion-de-softbol-de-sinaloa-varada-en-acapulco\/","og_site_name":"Fuentes Fidedignas","article_publisher":"https:\/\/www.facebook.com\/Fuentes-Fidedignas-368234489921644","article_published_time":"2023-10-27T19:45:46+00:00","article_modified_time":"2023-10-28T03:01:27+00:00","og_image":[{"width":768,"height":666,"url":"https:\/\/fuentesfidedignas.com.mx\/wp-content\/uploads\/2023\/10\/IMG-20231027-WA0006.jpg","type":"image\/jpeg"}],"author":"Redacci\u00f3n","twitter_card":"summary_large_image","twitter_creator":"@fidedignas","twitter_site":"@fidedignas","twitter_misc":{"Escrito por":"Redacci\u00f3n","Tiempo de lectura":"3 minutos"},"schema":{"@context":"https:\/\/schema.org","@graph":[{"@type":"Article","@id":"https:\/\/fuentesfidedignas.com.mx\/index.php\/2023\/10\/27\/regresa-a-salvo-seleccion-de-softbol-de-sinaloa-varada-en-acapulco\/#article","isPartOf":{"@id":"https:\/\/fuentesfidedignas.com.mx\/index.php\/2023\/10\/27\/regresa-a-salvo-seleccion-de-softbol-de-sinaloa-varada-en-acapulco\/"},"author":{"name":"Redacci\u00f3n","@id":"https:\/\/fuentesfidedignas.com.mx\/#\/schema\/person\/331be9283d37198e2acd5750279085b0"},"headline":"Regresa a salvo Selecci\u00f3n de Softbol de Sinaloa varada en Acapulco","datePublished":"2023-10-27T19:45:46+00:00","dateModified":"2023-10-28T03:01:27+00:00","mainEntityOfPage":{"@id":"https:\/\/fuentesfidedignas.com.mx\/index.php\/2023\/10\/27\/regresa-a-salvo-seleccion-de-softbol-de-sinaloa-varada-en-acapulco\/"},"wordCount":529,"commentCount":0,"publisher":{"@id":"https:\/\/fuentesfidedignas.com.mx\/#organization"},"image":{"@id":"https:\/\/fuentesfidedignas.com.mx\/index.php\/2023\/10\/27\/regresa-a-salvo-seleccion-de-softbol-de-sinaloa-varada-en-acapulco\/#primaryimage"},"thumbnailUrl":"https:\/\/fuentesfidedignas.com.mx\/wp-content\/uploads\/2023\/10\/IMG-20231027-WA0006.jpg","articleSection":["NOTICIAS LOCALES"],"inLanguage":"es","potentialAction":[{"@type":"CommentAction","name":"Comment","target":["https:\/\/fuentesfidedignas.com.mx\/index.php\/2023\/10\/27\/regresa-a-salvo-seleccion-de-softbol-de-sinaloa-varada-en-acapulco\/#respond"]}]},{"@type":"WebPage","@id":"https:\/\/fuentesfidedignas.com.mx\/index.php\/2023\/10\/27\/regresa-a-salvo-seleccion-de-softbol-de-sinaloa-varada-en-acapulco\/","url":"https:\/\/fuentesfidedignas.com.mx\/index.php\/2023\/10\/27\/regresa-a-salvo-seleccion-de-softbol-de-sinaloa-varada-en-acapulco\/","name":"Regresa a salvo Selecci\u00f3n de Softbol de Sinaloa varada en Acapulco - Fuentes Fidedignas","isPartOf":{"@id":"https:\/\/fuentesfidedignas.com.mx\/#website"},"primaryImageOfPage":{"@id":"https:\/\/fuentesfidedignas.com.mx\/index.php\/2023\/10\/27\/regresa-a-salvo-seleccion-de-softbol-de-sinaloa-varada-en-acapulco\/#primaryimage"},"image":{"@id":"https:\/\/fuentesfidedignas.com.mx\/index.php\/2023\/10\/27\/regresa-a-salvo-seleccion-de-softbol-de-sinaloa-varada-en-acapulco\/#primaryimage"},"thumbnailUrl":"https:\/\/fuentesfidedignas.com.mx\/wp-content\/uploads\/2023\/10\/IMG-20231027-WA0006.jpg","datePublished":"2023-10-27T19:45:46+00:00","dateModified":"2023-10-28T03:01:27+00:00","breadcrumb":{"@id":"https:\/\/fuentesfidedignas.com.mx\/index.php\/2023\/10\/27\/regresa-a-salvo-seleccion-de-softbol-de-sinaloa-varada-en-acapulco\/#breadcrumb"},"inLanguage":"es","potentialAction":[{"@type":"ReadAction","target":["https:\/\/fuentesfidedignas.com.mx\/index.php\/2023\/10\/27\/regresa-a-salvo-seleccion-de-softbol-de-sinaloa-varada-en-acapulco\/"]}]},{"@type":"ImageObject","inLanguage":"es","@id":"https:\/\/fuentesfidedignas.com.mx\/index.php\/2023\/10\/27\/regresa-a-salvo-seleccion-de-softbol-de-sinaloa-varada-en-acapulco\/#primaryimage","url":"https:\/\/fuentesfidedignas.com.mx\/wp-content\/uploads\/2023\/10\/IMG-20231027-WA0006.jpg","contentUrl":"https:\/\/fuentesfidedignas.com.mx\/wp-content\/uploads\/2023\/10\/IMG-20231027-WA0006.jpg","width":768,"height":666},{"@type":"BreadcrumbList","@id":"https:\/\/fuentesfidedignas.com.mx\/index.php\/2023\/10\/27\/regresa-a-salvo-seleccion-de-softbol-de-sinaloa-varada-en-acapulco\/#breadcrumb","itemListElement":[{"@type":"ListItem","position":1,"name":"Inicio","item":"https:\/\/fuentesfidedignas.com.mx\/"},{"@type":"ListItem","position":2,"name":"Regresa a salvo Selecci\u00f3n de Softbol de Sinaloa varada en Acapulco"}]},{"@type":"WebSite","@id":"https:\/\/fuentesfidedignas.com.mx\/#website","url":"https:\/\/fuentesfidedignas.com.mx\/","name":"Fuentes Fidedignas","description":"Otro sitio realizado con WordPress","publisher":{"@id":"https:\/\/fuentesfidedignas.com.mx\/#organization"},"potentialAction":[{"@type":"SearchAction","target":{"@type":"EntryPoint","urlTemplate":"https:\/\/fuentesfidedignas.com.mx\/?s={search_term_string}"},"query-input":{"@type":"PropertyValueSpecification","valueRequired":true,"valueName":"search_term_string"}}],"inLanguage":"es"},{"@type":"Organization","@id":"https:\/\/fuentesfidedignas.com.mx\/#organization","name":"Fuentes Fidedignas","url":"https:\/\/fuentesfidedignas.com.mx\/","logo":{"@type":"ImageObject","inLanguage":"es","@id":"https:\/\/fuentesfidedignas.com.mx\/#\/schema\/logo\/image\/","url":"https:\/\/fuentesfidedignas.com.mx\/wp-content\/uploads\/2021\/04\/logo-retina.png","contentUrl":"https:\/\/fuentesfidedignas.com.mx\/wp-content\/uploads\/2021\/04\/logo-retina.png","width":280,"height":51,"caption":"Fuentes Fidedignas"},"image":{"@id":"https:\/\/fuentesfidedignas.com.mx\/#\/schema\/logo\/image\/"},"sameAs":["https:\/\/www.facebook.com\/Fuentes-Fidedignas-368234489921644","https:\/\/x.com\/fidedignas"]},{"@type":"Person","@id":"https:\/\/fuentesfidedignas.com.mx\/#\/schema\/person\/331be9283d37198e2acd5750279085b0","name":"Redacci\u00f3n","image":{"@type":"ImageObject","inLanguage":"es","@id":"https:\/\/secure.gravatar.com\/avatar\/f6d8782c11d12b2d4ad3fbb6931aeab5309937a4d6cd2fc9cfaa28a6396a5aec?s=96&d=mm&r=g","url":"https:\/\/secure.gravatar.com\/avatar\/f6d8782c11d12b2d4ad3fbb6931aeab5309937a4d6cd2fc9cfaa28a6396a5aec?s=96&d=mm&r=g","contentUrl":"https:\/\/secure.gravatar.com\/avatar\/f6d8782c11d12b2d4ad3fbb6931aeab5309937a4d6cd2fc9cfaa28a6396a5aec?s=96&d=mm&r=g","caption":"Redacci\u00f3n"},"url":"https:\/\/fuentesfidedignas.com.mx\/index.php\/author\/redaccion\/"}]}},"_links":{"self":[{"href":"https:\/\/fuentesfidedignas.com.mx\/index.php\/wp-json\/wp\/v2\/posts\/63919","targetHints":{"allow":["GET"]}}],"collection":[{"href":"https:\/\/fuentesfidedignas.com.mx\/index.php\/wp-json\/wp\/v2\/posts"}],"about":[{"href":"https:\/\/fuentesfidedignas.com.mx\/index.php\/wp-json\/wp\/v2\/types\/post"}],"author":[{"embeddable":true,"href":"https:\/\/fuentesfidedignas.com.mx\/index.php\/wp-json\/wp\/v2\/users\/4"}],"replies":[{"embeddable":true,"href":"https:\/\/fuentesfidedignas.com.mx\/index.php\/wp-json\/wp\/v2\/comments?post=63919"}],"version-history":[{"count":1,"href":"https:\/\/fuentesfidedignas.com.mx\/index.php\/wp-json\/wp\/v2\/posts\/63919\/revisions"}],"predecessor-version":[{"id":63920,"href":"https:\/\/fuentesfidedignas.com.mx\/index.php\/wp-json\/wp\/v2\/posts\/63919\/revisions\/63920"}],"wp:featuredmedia":[{"embeddable":true,"href":"https:\/\/fuentesfidedignas.com.mx\/index.php\/wp-json\/wp\/v2\/media\/63921"}],"wp:attachment":[{"href":"https:\/\/fuentesfidedignas.com.mx\/index.php\/wp-json\/wp\/v2\/media?parent=63919"}],"wp:term":[{"taxonomy":"category","embeddable":true,"href":"https:\/\/fuentesfidedignas.com.mx\/index.php\/wp-json\/wp\/v2\/categories?post=63919"},{"taxonomy":"post_tag","embeddable":true,"href":"https:\/\/fuentesfidedignas.com.mx\/index.php\/wp-json\/wp\/v2\/tags?post=63919"}],"curies":[{"name":"wp","href":"https:\/\/api.w.org\/{rel}","templated":true}]}}