{"id":63897,"date":"2023-10-27T09:26:55","date_gmt":"2023-10-27T16:26:55","guid":{"rendered":"https:\/\/fuentesfidedignas.com.mx\/?p=63897"},"modified":"2023-10-27T10:03:59","modified_gmt":"2023-10-27T17:03:59","slug":"numeros-de-muertos-por-otis-no-debe-ser-tan-significativo-tuvimos-suerte-amlo","status":"publish","type":"post","link":"https:\/\/fuentesfidedignas.com.mx\/index.php\/2023\/10\/27\/numeros-de-muertos-por-otis-no-debe-ser-tan-significativo-tuvimos-suerte-amlo\/","title":{"rendered":"N\u00fameros de muertos por Otis \u201cno debe ser tan significativo, tuvimos suerte\u201d: AMLO"},"content":{"rendered":"\n<p><em><strong>El Gobierno de M\u00e9xico dio a conocer este viernes que se mantiene en 27 el n\u00famero de muertos por el hurac\u00e1n Otis<\/strong><\/em><\/p>\n\n\n\n<p>Ciudad de M\u00e9xico.  <a href=\"https:\/\/twitter.com\/lopezobrador_\" target=\"_blank\" rel=\"noreferrer noopener\"><strong>Andr\u00e9s Manuel<\/strong><\/a><strong>\u00a0L\u00f3pez Obrador<\/strong>, presidente de M\u00e9xico, asever\u00f3 que se tuvo\u00a0<strong>suerte<\/strong>\u00a0de que\u00a0<strong>no hubiera tantos muertos<\/strong>\u00a0por el\u00a0<strong>hurac\u00e1n Otis<\/strong>\u00a0en\u00a0<strong><a href=\"https:\/\/lopezdoriga.com\/nacional\/prioridad-poner-pie-acapulco-danos-huracan-otis-amlo-lopez-obrador\/\" target=\"_blank\" rel=\"noreferrer noopener\">Guerrero<\/a>.<\/strong><\/p>\n\n\n\n<p>En la conferencia matutina de Palacio Nacional, el Gobierno de M\u00e9xico dio a conocer este viernes que se mantiene en 27 el n\u00famero de muertos por Otis, que toc\u00f3 tierra en los primeros minutos del mi\u00e9rcoles pasado como hurac\u00e1n categor\u00eda 5.<\/p>\n\n\n\n<blockquote class=\"wp-block-quote is-layout-flow wp-block-quote-is-layout-flow\">\n<p>&#8220;El n\u00famero de personas que perdieron la vida no debe ser tan significativo, no deja de ser algo cuantitativo, una persona que pierda la vida es algo lamentable. Yo s\u00ed creo que tuvimos suerte, la naturaleza, el creador nos protegi\u00f3, a\u00fan con la furia del hurac\u00e1n. Al parecer todav\u00eda tenemos que esperar a contar con toda la informaci\u00f3n sobre las personas desaparecidas, los que ya se confirm\u00f3 que fallecieron\u201d,\u00a0 declar\u00f3.<\/p>\n<\/blockquote>\n\n\n\n<p>\u201cPero todo indica de que a\u00fan siendo lamentable la p\u00e9rdida de cualquier persona, no fueron tantos, ante un fen\u00f3meno tan fuerte, tan impactante, un hurac\u00e1n de categor\u00eda 5 que no entra en despoblado, entr\u00f3 por la bah\u00eda, donde vive un mill\u00f3n de personas, entonces s\u00ed, muchos da\u00f1os materiales, pero afortunadamente no estamos registrando muchas p\u00e9rdidas de vidas humanas\u201d, puntualiz\u00f3 el tabasque\u00f1o en el Sal\u00f3n Tesorer\u00eda.<\/p>\n\n\n\n<p>El mandatario mexicano reiter\u00f3 que su Gobierno avis\u00f3 con tiempo a la poblaci\u00f3n sobre el hurac\u00e1n Otis, pero que fue \u201cun fen\u00f3meno extraordinario\u201d en cuanto a su intensificaci\u00f3n en cuesti\u00f3n de horas.<\/p>\n\n\n\n<p>\u201cS\u00ed se avis\u00f3 con tiempo, hay dos elementos a tomar en cuenta: est\u00e1 demostrado cient\u00edficamente, pregunten a los centros de control de huracanes si no\u00a0fue un fen\u00f3meno extraordinario,\u00a0que les digan qu\u00e9 antecedentes hay de c\u00f3mo se precipita tan r\u00e1pido. Yo estaba pendiente y hab\u00eda reuniones en\u00a0Acapulco\u00a0y ya estaba en\u00a0Plan DNIII, pero se hablaba de categor\u00eda 3, que pod\u00eda llegar a 4 y de repente que iba a impactar en categor\u00eda 5. Yo puse por eso un tuit como a las 21:09 h\u201d, manifest\u00f3.<\/p>\n\n\n\n<p>\u201cY tambi\u00e9n es muy importante que tanto la gente como algunos establecimientos comerciales, tur\u00edsticos, ya tienen una mayor&nbsp;cultura de la&nbsp;protecci\u00f3n civil que debemos de fomentarla porque no hab\u00eda gente en la calle, esto ayud\u00f3 mucho, porque la gente se guard\u00f3\u201d, dijo.<\/p>\n\n\n\n<p>El hurac\u00e1n Otis impact\u00f3 como categor\u00eda 5 el mi\u00e9rcoles en las costas de Guerrero, en el Pac\u00edfico mexicano, donde caus\u00f3 27 muertos y dej\u00f3 por casi todo un d\u00eda a la costa sin comunicaci\u00f3n terrestre, ante el cierre de los principales accesos y la nula capacidad de comunicaci\u00f3n por servicios de telefon\u00eda e internet, en medio de da\u00f1os a negocios.<\/p>\n","protected":false},"excerpt":{"rendered":"<p>El Gobierno de M\u00e9xico dio a conocer este viernes que se mantiene en 27 el n\u00famero de muertos por el hurac\u00e1n Otis Ciudad de M\u00e9xico. Andr\u00e9s Manuel\u00a0L\u00f3pez Obrador, presidente de M\u00e9xico, asever\u00f3 que se tuvo\u00a0suerte\u00a0de que\u00a0no hubiera tantos muertos\u00a0por el\u00a0hurac\u00e1n Otis\u00a0en\u00a0Guerrero. En la conferencia matutina de Palacio Nacional, el Gobierno de M\u00e9xico dio a conocer [&hellip;]<\/p>\n","protected":false},"author":47,"featured_media":63899,"comment_status":"open","ping_status":"open","sticky":false,"template":"","format":"standard","meta":{"tdm_status":"","tdm_grid_status":"","footnotes":""},"categories":[39,1],"tags":[],"class_list":{"0":"post-63897","1":"post","2":"type-post","3":"status-publish","4":"format-standard","5":"has-post-thumbnail","7":"category-noticias-nacionales","8":"category-sin-categoria"},"yoast_head":"<!-- This site is optimized with the Yoast SEO plugin v27.5 - https:\/\/yoast.com\/product\/yoast-seo-wordpress\/ -->\n<title>N\u00fameros de muertos por Otis \u201cno debe ser tan significativo, tuvimos suerte\u201d: AMLO - Fuentes Fidedignas<\/title>\n<meta name=\"robots\" content=\"index, follow, max-snippet:-1, max-image-preview:large, max-video-preview:-1\" \/>\n<link rel=\"canonical\" href=\"https:\/\/fuentesfidedignas.com.mx\/index.php\/2023\/10\/27\/numeros-de-muertos-por-otis-no-debe-ser-tan-significativo-tuvimos-suerte-amlo\/\" \/>\n<meta property=\"og:locale\" content=\"es_MX\" \/>\n<meta property=\"og:type\" content=\"article\" \/>\n<meta property=\"og:title\" content=\"N\u00fameros de muertos por Otis \u201cno debe ser tan significativo, tuvimos suerte\u201d: AMLO - Fuentes Fidedignas\" \/>\n<meta property=\"og:description\" content=\"El Gobierno de M\u00e9xico dio a conocer este viernes que se mantiene en 27 el n\u00famero de muertos por el hurac\u00e1n Otis Ciudad de M\u00e9xico. Andr\u00e9s Manuel\u00a0L\u00f3pez Obrador, presidente de M\u00e9xico, asever\u00f3 que se tuvo\u00a0suerte\u00a0de que\u00a0no hubiera tantos muertos\u00a0por el\u00a0hurac\u00e1n Otis\u00a0en\u00a0Guerrero. En la conferencia matutina de Palacio Nacional, el Gobierno de M\u00e9xico dio a conocer [&hellip;]\" \/>\n<meta property=\"og:url\" content=\"https:\/\/fuentesfidedignas.com.mx\/index.php\/2023\/10\/27\/numeros-de-muertos-por-otis-no-debe-ser-tan-significativo-tuvimos-suerte-amlo\/\" \/>\n<meta property=\"og:site_name\" content=\"Fuentes Fidedignas\" \/>\n<meta property=\"article:publisher\" content=\"https:\/\/www.facebook.com\/Fuentes-Fidedignas-368234489921644\" \/>\n<meta property=\"article:published_time\" content=\"2023-10-27T16:26:55+00:00\" \/>\n<meta property=\"article:modified_time\" content=\"2023-10-27T17:03:59+00:00\" \/>\n<meta property=\"og:image\" content=\"https:\/\/fuentesfidedignas.com.mx\/wp-content\/uploads\/2023\/10\/papa-francisco-guerrero-otis-acapulco.jpg\" \/>\n\t<meta property=\"og:image:width\" content=\"1920\" \/>\n\t<meta property=\"og:image:height\" content=\"1280\" \/>\n\t<meta property=\"og:image:type\" content=\"image\/jpeg\" \/>\n<meta name=\"author\" content=\"L\u00f3pez D\u00f3riga\" \/>\n<meta name=\"twitter:card\" content=\"summary_large_image\" \/>\n<meta name=\"twitter:creator\" content=\"@fidedignas\" \/>\n<meta name=\"twitter:site\" content=\"@fidedignas\" \/>\n<meta name=\"twitter:label1\" content=\"Escrito por\" \/>\n\t<meta name=\"twitter:data1\" content=\"L\u00f3pez D\u00f3riga\" \/>\n\t<meta name=\"twitter:label2\" content=\"Tiempo de lectura\" \/>\n\t<meta name=\"twitter:data2\" content=\"2 minutos\" \/>\n<script type=\"application\/ld+json\" class=\"yoast-schema-graph\">{\"@context\":\"https:\\\/\\\/schema.org\",\"@graph\":[{\"@type\":\"Article\",\"@id\":\"https:\\\/\\\/fuentesfidedignas.com.mx\\\/index.php\\\/2023\\\/10\\\/27\\\/numeros-de-muertos-por-otis-no-debe-ser-tan-significativo-tuvimos-suerte-amlo\\\/#article\",\"isPartOf\":{\"@id\":\"https:\\\/\\\/fuentesfidedignas.com.mx\\\/index.php\\\/2023\\\/10\\\/27\\\/numeros-de-muertos-por-otis-no-debe-ser-tan-significativo-tuvimos-suerte-amlo\\\/\"},\"author\":{\"name\":\"L\u00f3pez D\u00f3riga\",\"@id\":\"https:\\\/\\\/fuentesfidedignas.com.mx\\\/#\\\/schema\\\/person\\\/67d852f0557c8509146a4b9ddebd543a\"},\"headline\":\"N\u00fameros de muertos por Otis \u201cno debe ser tan significativo, tuvimos suerte\u201d: AMLO\",\"datePublished\":\"2023-10-27T16:26:55+00:00\",\"dateModified\":\"2023-10-27T17:03:59+00:00\",\"mainEntityOfPage\":{\"@id\":\"https:\\\/\\\/fuentesfidedignas.com.mx\\\/index.php\\\/2023\\\/10\\\/27\\\/numeros-de-muertos-por-otis-no-debe-ser-tan-significativo-tuvimos-suerte-amlo\\\/\"},\"wordCount\":510,\"commentCount\":0,\"publisher\":{\"@id\":\"https:\\\/\\\/fuentesfidedignas.com.mx\\\/#organization\"},\"image\":{\"@id\":\"https:\\\/\\\/fuentesfidedignas.com.mx\\\/index.php\\\/2023\\\/10\\\/27\\\/numeros-de-muertos-por-otis-no-debe-ser-tan-significativo-tuvimos-suerte-amlo\\\/#primaryimage\"},\"thumbnailUrl\":\"https:\\\/\\\/fuentesfidedignas.com.mx\\\/wp-content\\\/uploads\\\/2023\\\/10\\\/papa-francisco-guerrero-otis-acapulco.jpg\",\"articleSection\":[\"NOTICIAS NACIONALES\"],\"inLanguage\":\"es\",\"potentialAction\":[{\"@type\":\"CommentAction\",\"name\":\"Comment\",\"target\":[\"https:\\\/\\\/fuentesfidedignas.com.mx\\\/index.php\\\/2023\\\/10\\\/27\\\/numeros-de-muertos-por-otis-no-debe-ser-tan-significativo-tuvimos-suerte-amlo\\\/#respond\"]}]},{\"@type\":\"WebPage\",\"@id\":\"https:\\\/\\\/fuentesfidedignas.com.mx\\\/index.php\\\/2023\\\/10\\\/27\\\/numeros-de-muertos-por-otis-no-debe-ser-tan-significativo-tuvimos-suerte-amlo\\\/\",\"url\":\"https:\\\/\\\/fuentesfidedignas.com.mx\\\/index.php\\\/2023\\\/10\\\/27\\\/numeros-de-muertos-por-otis-no-debe-ser-tan-significativo-tuvimos-suerte-amlo\\\/\",\"name\":\"N\u00fameros de muertos por Otis \u201cno debe ser tan significativo, tuvimos suerte\u201d: AMLO - Fuentes Fidedignas\",\"isPartOf\":{\"@id\":\"https:\\\/\\\/fuentesfidedignas.com.mx\\\/#website\"},\"primaryImageOfPage\":{\"@id\":\"https:\\\/\\\/fuentesfidedignas.com.mx\\\/index.php\\\/2023\\\/10\\\/27\\\/numeros-de-muertos-por-otis-no-debe-ser-tan-significativo-tuvimos-suerte-amlo\\\/#primaryimage\"},\"image\":{\"@id\":\"https:\\\/\\\/fuentesfidedignas.com.mx\\\/index.php\\\/2023\\\/10\\\/27\\\/numeros-de-muertos-por-otis-no-debe-ser-tan-significativo-tuvimos-suerte-amlo\\\/#primaryimage\"},\"thumbnailUrl\":\"https:\\\/\\\/fuentesfidedignas.com.mx\\\/wp-content\\\/uploads\\\/2023\\\/10\\\/papa-francisco-guerrero-otis-acapulco.jpg\",\"datePublished\":\"2023-10-27T16:26:55+00:00\",\"dateModified\":\"2023-10-27T17:03:59+00:00\",\"breadcrumb\":{\"@id\":\"https:\\\/\\\/fuentesfidedignas.com.mx\\\/index.php\\\/2023\\\/10\\\/27\\\/numeros-de-muertos-por-otis-no-debe-ser-tan-significativo-tuvimos-suerte-amlo\\\/#breadcrumb\"},\"inLanguage\":\"es\",\"potentialAction\":[{\"@type\":\"ReadAction\",\"target\":[\"https:\\\/\\\/fuentesfidedignas.com.mx\\\/index.php\\\/2023\\\/10\\\/27\\\/numeros-de-muertos-por-otis-no-debe-ser-tan-significativo-tuvimos-suerte-amlo\\\/\"]}]},{\"@type\":\"ImageObject\",\"inLanguage\":\"es\",\"@id\":\"https:\\\/\\\/fuentesfidedignas.com.mx\\\/index.php\\\/2023\\\/10\\\/27\\\/numeros-de-muertos-por-otis-no-debe-ser-tan-significativo-tuvimos-suerte-amlo\\\/#primaryimage\",\"url\":\"https:\\\/\\\/fuentesfidedignas.com.mx\\\/wp-content\\\/uploads\\\/2023\\\/10\\\/papa-francisco-guerrero-otis-acapulco.jpg\",\"contentUrl\":\"https:\\\/\\\/fuentesfidedignas.com.mx\\\/wp-content\\\/uploads\\\/2023\\\/10\\\/papa-francisco-guerrero-otis-acapulco.jpg\",\"width\":1920,\"height\":1280},{\"@type\":\"BreadcrumbList\",\"@id\":\"https:\\\/\\\/fuentesfidedignas.com.mx\\\/index.php\\\/2023\\\/10\\\/27\\\/numeros-de-muertos-por-otis-no-debe-ser-tan-significativo-tuvimos-suerte-amlo\\\/#breadcrumb\",\"itemListElement\":[{\"@type\":\"ListItem\",\"position\":1,\"name\":\"Inicio\",\"item\":\"https:\\\/\\\/fuentesfidedignas.com.mx\\\/\"},{\"@type\":\"ListItem\",\"position\":2,\"name\":\"N\u00fameros de muertos por Otis \u201cno debe ser tan significativo, tuvimos suerte\u201d: AMLO\"}]},{\"@type\":\"WebSite\",\"@id\":\"https:\\\/\\\/fuentesfidedignas.com.mx\\\/#website\",\"url\":\"https:\\\/\\\/fuentesfidedignas.com.mx\\\/\",\"name\":\"Fuentes Fidedignas\",\"description\":\"Otro sitio realizado con WordPress\",\"publisher\":{\"@id\":\"https:\\\/\\\/fuentesfidedignas.com.mx\\\/#organization\"},\"potentialAction\":[{\"@type\":\"SearchAction\",\"target\":{\"@type\":\"EntryPoint\",\"urlTemplate\":\"https:\\\/\\\/fuentesfidedignas.com.mx\\\/?s={search_term_string}\"},\"query-input\":{\"@type\":\"PropertyValueSpecification\",\"valueRequired\":true,\"valueName\":\"search_term_string\"}}],\"inLanguage\":\"es\"},{\"@type\":\"Organization\",\"@id\":\"https:\\\/\\\/fuentesfidedignas.com.mx\\\/#organization\",\"name\":\"Fuentes Fidedignas\",\"url\":\"https:\\\/\\\/fuentesfidedignas.com.mx\\\/\",\"logo\":{\"@type\":\"ImageObject\",\"inLanguage\":\"es\",\"@id\":\"https:\\\/\\\/fuentesfidedignas.com.mx\\\/#\\\/schema\\\/logo\\\/image\\\/\",\"url\":\"https:\\\/\\\/fuentesfidedignas.com.mx\\\/wp-content\\\/uploads\\\/2021\\\/04\\\/logo-retina.png\",\"contentUrl\":\"https:\\\/\\\/fuentesfidedignas.com.mx\\\/wp-content\\\/uploads\\\/2021\\\/04\\\/logo-retina.png\",\"width\":280,\"height\":51,\"caption\":\"Fuentes Fidedignas\"},\"image\":{\"@id\":\"https:\\\/\\\/fuentesfidedignas.com.mx\\\/#\\\/schema\\\/logo\\\/image\\\/\"},\"sameAs\":[\"https:\\\/\\\/www.facebook.com\\\/Fuentes-Fidedignas-368234489921644\",\"https:\\\/\\\/x.com\\\/fidedignas\"]},{\"@type\":\"Person\",\"@id\":\"https:\\\/\\\/fuentesfidedignas.com.mx\\\/#\\\/schema\\\/person\\\/67d852f0557c8509146a4b9ddebd543a\",\"name\":\"L\u00f3pez D\u00f3riga\",\"image\":{\"@type\":\"ImageObject\",\"inLanguage\":\"es\",\"@id\":\"https:\\\/\\\/secure.gravatar.com\\\/avatar\\\/e525b06574ca18b33cded59dfe5778d6c823b9513154eff47da551b0551bdd1e?s=96&d=mm&r=g\",\"url\":\"https:\\\/\\\/secure.gravatar.com\\\/avatar\\\/e525b06574ca18b33cded59dfe5778d6c823b9513154eff47da551b0551bdd1e?s=96&d=mm&r=g\",\"contentUrl\":\"https:\\\/\\\/secure.gravatar.com\\\/avatar\\\/e525b06574ca18b33cded59dfe5778d6c823b9513154eff47da551b0551bdd1e?s=96&d=mm&r=g\",\"caption\":\"L\u00f3pez D\u00f3riga\"},\"url\":\"https:\\\/\\\/fuentesfidedignas.com.mx\\\/index.php\\\/author\\\/doriga\\\/\"}]}<\/script>\n<!-- \/ Yoast SEO plugin. -->","yoast_head_json":{"title":"N\u00fameros de muertos por Otis \u201cno debe ser tan significativo, tuvimos suerte\u201d: AMLO - Fuentes Fidedignas","robots":{"index":"index","follow":"follow","max-snippet":"max-snippet:-1","max-image-preview":"max-image-preview:large","max-video-preview":"max-video-preview:-1"},"canonical":"https:\/\/fuentesfidedignas.com.mx\/index.php\/2023\/10\/27\/numeros-de-muertos-por-otis-no-debe-ser-tan-significativo-tuvimos-suerte-amlo\/","og_locale":"es_MX","og_type":"article","og_title":"N\u00fameros de muertos por Otis \u201cno debe ser tan significativo, tuvimos suerte\u201d: AMLO - Fuentes Fidedignas","og_description":"El Gobierno de M\u00e9xico dio a conocer este viernes que se mantiene en 27 el n\u00famero de muertos por el hurac\u00e1n Otis Ciudad de M\u00e9xico. Andr\u00e9s Manuel\u00a0L\u00f3pez Obrador, presidente de M\u00e9xico, asever\u00f3 que se tuvo\u00a0suerte\u00a0de que\u00a0no hubiera tantos muertos\u00a0por el\u00a0hurac\u00e1n Otis\u00a0en\u00a0Guerrero. En la conferencia matutina de Palacio Nacional, el Gobierno de M\u00e9xico dio a conocer [&hellip;]","og_url":"https:\/\/fuentesfidedignas.com.mx\/index.php\/2023\/10\/27\/numeros-de-muertos-por-otis-no-debe-ser-tan-significativo-tuvimos-suerte-amlo\/","og_site_name":"Fuentes Fidedignas","article_publisher":"https:\/\/www.facebook.com\/Fuentes-Fidedignas-368234489921644","article_published_time":"2023-10-27T16:26:55+00:00","article_modified_time":"2023-10-27T17:03:59+00:00","og_image":[{"width":1920,"height":1280,"url":"https:\/\/fuentesfidedignas.com.mx\/wp-content\/uploads\/2023\/10\/papa-francisco-guerrero-otis-acapulco.jpg","type":"image\/jpeg"}],"author":"L\u00f3pez D\u00f3riga","twitter_card":"summary_large_image","twitter_creator":"@fidedignas","twitter_site":"@fidedignas","twitter_misc":{"Escrito por":"L\u00f3pez D\u00f3riga","Tiempo de lectura":"2 minutos"},"schema":{"@context":"https:\/\/schema.org","@graph":[{"@type":"Article","@id":"https:\/\/fuentesfidedignas.com.mx\/index.php\/2023\/10\/27\/numeros-de-muertos-por-otis-no-debe-ser-tan-significativo-tuvimos-suerte-amlo\/#article","isPartOf":{"@id":"https:\/\/fuentesfidedignas.com.mx\/index.php\/2023\/10\/27\/numeros-de-muertos-por-otis-no-debe-ser-tan-significativo-tuvimos-suerte-amlo\/"},"author":{"name":"L\u00f3pez D\u00f3riga","@id":"https:\/\/fuentesfidedignas.com.mx\/#\/schema\/person\/67d852f0557c8509146a4b9ddebd543a"},"headline":"N\u00fameros de muertos por Otis \u201cno debe ser tan significativo, tuvimos suerte\u201d: AMLO","datePublished":"2023-10-27T16:26:55+00:00","dateModified":"2023-10-27T17:03:59+00:00","mainEntityOfPage":{"@id":"https:\/\/fuentesfidedignas.com.mx\/index.php\/2023\/10\/27\/numeros-de-muertos-por-otis-no-debe-ser-tan-significativo-tuvimos-suerte-amlo\/"},"wordCount":510,"commentCount":0,"publisher":{"@id":"https:\/\/fuentesfidedignas.com.mx\/#organization"},"image":{"@id":"https:\/\/fuentesfidedignas.com.mx\/index.php\/2023\/10\/27\/numeros-de-muertos-por-otis-no-debe-ser-tan-significativo-tuvimos-suerte-amlo\/#primaryimage"},"thumbnailUrl":"https:\/\/fuentesfidedignas.com.mx\/wp-content\/uploads\/2023\/10\/papa-francisco-guerrero-otis-acapulco.jpg","articleSection":["NOTICIAS NACIONALES"],"inLanguage":"es","potentialAction":[{"@type":"CommentAction","name":"Comment","target":["https:\/\/fuentesfidedignas.com.mx\/index.php\/2023\/10\/27\/numeros-de-muertos-por-otis-no-debe-ser-tan-significativo-tuvimos-suerte-amlo\/#respond"]}]},{"@type":"WebPage","@id":"https:\/\/fuentesfidedignas.com.mx\/index.php\/2023\/10\/27\/numeros-de-muertos-por-otis-no-debe-ser-tan-significativo-tuvimos-suerte-amlo\/","url":"https:\/\/fuentesfidedignas.com.mx\/index.php\/2023\/10\/27\/numeros-de-muertos-por-otis-no-debe-ser-tan-significativo-tuvimos-suerte-amlo\/","name":"N\u00fameros de muertos por Otis \u201cno debe ser tan significativo, tuvimos suerte\u201d: AMLO - Fuentes Fidedignas","isPartOf":{"@id":"https:\/\/fuentesfidedignas.com.mx\/#website"},"primaryImageOfPage":{"@id":"https:\/\/fuentesfidedignas.com.mx\/index.php\/2023\/10\/27\/numeros-de-muertos-por-otis-no-debe-ser-tan-significativo-tuvimos-suerte-amlo\/#primaryimage"},"image":{"@id":"https:\/\/fuentesfidedignas.com.mx\/index.php\/2023\/10\/27\/numeros-de-muertos-por-otis-no-debe-ser-tan-significativo-tuvimos-suerte-amlo\/#primaryimage"},"thumbnailUrl":"https:\/\/fuentesfidedignas.com.mx\/wp-content\/uploads\/2023\/10\/papa-francisco-guerrero-otis-acapulco.jpg","datePublished":"2023-10-27T16:26:55+00:00","dateModified":"2023-10-27T17:03:59+00:00","breadcrumb":{"@id":"https:\/\/fuentesfidedignas.com.mx\/index.php\/2023\/10\/27\/numeros-de-muertos-por-otis-no-debe-ser-tan-significativo-tuvimos-suerte-amlo\/#breadcrumb"},"inLanguage":"es","potentialAction":[{"@type":"ReadAction","target":["https:\/\/fuentesfidedignas.com.mx\/index.php\/2023\/10\/27\/numeros-de-muertos-por-otis-no-debe-ser-tan-significativo-tuvimos-suerte-amlo\/"]}]},{"@type":"ImageObject","inLanguage":"es","@id":"https:\/\/fuentesfidedignas.com.mx\/index.php\/2023\/10\/27\/numeros-de-muertos-por-otis-no-debe-ser-tan-significativo-tuvimos-suerte-amlo\/#primaryimage","url":"https:\/\/fuentesfidedignas.com.mx\/wp-content\/uploads\/2023\/10\/papa-francisco-guerrero-otis-acapulco.jpg","contentUrl":"https:\/\/fuentesfidedignas.com.mx\/wp-content\/uploads\/2023\/10\/papa-francisco-guerrero-otis-acapulco.jpg","width":1920,"height":1280},{"@type":"BreadcrumbList","@id":"https:\/\/fuentesfidedignas.com.mx\/index.php\/2023\/10\/27\/numeros-de-muertos-por-otis-no-debe-ser-tan-significativo-tuvimos-suerte-amlo\/#breadcrumb","itemListElement":[{"@type":"ListItem","position":1,"name":"Inicio","item":"https:\/\/fuentesfidedignas.com.mx\/"},{"@type":"ListItem","position":2,"name":"N\u00fameros de muertos por Otis \u201cno debe ser tan significativo, tuvimos suerte\u201d: AMLO"}]},{"@type":"WebSite","@id":"https:\/\/fuentesfidedignas.com.mx\/#website","url":"https:\/\/fuentesfidedignas.com.mx\/","name":"Fuentes Fidedignas","description":"Otro sitio realizado con WordPress","publisher":{"@id":"https:\/\/fuentesfidedignas.com.mx\/#organization"},"potentialAction":[{"@type":"SearchAction","target":{"@type":"EntryPoint","urlTemplate":"https:\/\/fuentesfidedignas.com.mx\/?s={search_term_string}"},"query-input":{"@type":"PropertyValueSpecification","valueRequired":true,"valueName":"search_term_string"}}],"inLanguage":"es"},{"@type":"Organization","@id":"https:\/\/fuentesfidedignas.com.mx\/#organization","name":"Fuentes Fidedignas","url":"https:\/\/fuentesfidedignas.com.mx\/","logo":{"@type":"ImageObject","inLanguage":"es","@id":"https:\/\/fuentesfidedignas.com.mx\/#\/schema\/logo\/image\/","url":"https:\/\/fuentesfidedignas.com.mx\/wp-content\/uploads\/2021\/04\/logo-retina.png","contentUrl":"https:\/\/fuentesfidedignas.com.mx\/wp-content\/uploads\/2021\/04\/logo-retina.png","width":280,"height":51,"caption":"Fuentes Fidedignas"},"image":{"@id":"https:\/\/fuentesfidedignas.com.mx\/#\/schema\/logo\/image\/"},"sameAs":["https:\/\/www.facebook.com\/Fuentes-Fidedignas-368234489921644","https:\/\/x.com\/fidedignas"]},{"@type":"Person","@id":"https:\/\/fuentesfidedignas.com.mx\/#\/schema\/person\/67d852f0557c8509146a4b9ddebd543a","name":"L\u00f3pez D\u00f3riga","image":{"@type":"ImageObject","inLanguage":"es","@id":"https:\/\/secure.gravatar.com\/avatar\/e525b06574ca18b33cded59dfe5778d6c823b9513154eff47da551b0551bdd1e?s=96&d=mm&r=g","url":"https:\/\/secure.gravatar.com\/avatar\/e525b06574ca18b33cded59dfe5778d6c823b9513154eff47da551b0551bdd1e?s=96&d=mm&r=g","contentUrl":"https:\/\/secure.gravatar.com\/avatar\/e525b06574ca18b33cded59dfe5778d6c823b9513154eff47da551b0551bdd1e?s=96&d=mm&r=g","caption":"L\u00f3pez D\u00f3riga"},"url":"https:\/\/fuentesfidedignas.com.mx\/index.php\/author\/doriga\/"}]}},"_links":{"self":[{"href":"https:\/\/fuentesfidedignas.com.mx\/index.php\/wp-json\/wp\/v2\/posts\/63897","targetHints":{"allow":["GET"]}}],"collection":[{"href":"https:\/\/fuentesfidedignas.com.mx\/index.php\/wp-json\/wp\/v2\/posts"}],"about":[{"href":"https:\/\/fuentesfidedignas.com.mx\/index.php\/wp-json\/wp\/v2\/types\/post"}],"author":[{"embeddable":true,"href":"https:\/\/fuentesfidedignas.com.mx\/index.php\/wp-json\/wp\/v2\/users\/47"}],"replies":[{"embeddable":true,"href":"https:\/\/fuentesfidedignas.com.mx\/index.php\/wp-json\/wp\/v2\/comments?post=63897"}],"version-history":[{"count":1,"href":"https:\/\/fuentesfidedignas.com.mx\/index.php\/wp-json\/wp\/v2\/posts\/63897\/revisions"}],"predecessor-version":[{"id":63898,"href":"https:\/\/fuentesfidedignas.com.mx\/index.php\/wp-json\/wp\/v2\/posts\/63897\/revisions\/63898"}],"wp:featuredmedia":[{"embeddable":true,"href":"https:\/\/fuentesfidedignas.com.mx\/index.php\/wp-json\/wp\/v2\/media\/63899"}],"wp:attachment":[{"href":"https:\/\/fuentesfidedignas.com.mx\/index.php\/wp-json\/wp\/v2\/media?parent=63897"}],"wp:term":[{"taxonomy":"category","embeddable":true,"href":"https:\/\/fuentesfidedignas.com.mx\/index.php\/wp-json\/wp\/v2\/categories?post=63897"},{"taxonomy":"post_tag","embeddable":true,"href":"https:\/\/fuentesfidedignas.com.mx\/index.php\/wp-json\/wp\/v2\/tags?post=63897"}],"curies":[{"name":"wp","href":"https:\/\/api.w.org\/{rel}","templated":true}]}}