{"id":63853,"date":"2023-10-26T18:05:35","date_gmt":"2023-10-27T01:05:35","guid":{"rendered":"https:\/\/fuentesfidedignas.com.mx\/?p=63853"},"modified":"2023-10-26T18:06:02","modified_gmt":"2023-10-27T01:06:02","slug":"ssa-de-sinaloa-y-fundacion-coppel-firman-encuesta-nacional-de-salud-y-nutricion-2023","status":"publish","type":"post","link":"https:\/\/fuentesfidedignas.com.mx\/index.php\/2023\/10\/26\/ssa-de-sinaloa-y-fundacion-coppel-firman-encuesta-nacional-de-salud-y-nutricion-2023\/","title":{"rendered":"SSA de Sinaloa y Fundaci\u00f3n Coppel firman Encuesta Nacional de Salud y Nutrici\u00f3n 2023"},"content":{"rendered":"\n<p><strong><em>El secretario de Salud Cuitl\u00e1huac Gonz\u00e1lez Galindo destac\u00f3 el gran inter\u00e9s que la administraci\u00f3n del gobernador Rub\u00e9n Rocha Moya expresa por la salud de las y los sinaloenses.<\/em><\/strong><\/p>\n\n\n\n<p>Culiac\u00e1n, Sin.- Con la finalidad de contar con informaci\u00f3n precisa sobre las necesidades de la poblaci\u00f3n y estar en condiciones de dise\u00f1ar la pol\u00edtica p\u00fablica precisa en materia de salud, este jueves se fijaron los lineamientos para la realizaci\u00f3n de la Encuesta Nacional de Salud y Nutrici\u00f3n 2023.<\/p>\n\n\n\n<p>El Dr. Cuitl\u00e1huac Gonz\u00e1lez Galindo, secretario de Salud y director General de los Servicio de Salud de Sinaloa, encabez\u00f3 el evento Red Sinaloense de Municipios por la Salud, en donde firm\u00f3 la Encuesta Nacional de Salud y Nutrici\u00f3n 2023.<\/p>\n\n\n\n<p>Tras presentar los indicadores de salud, desarrollo infantil temprano y nutrici\u00f3n para la primera infancia en Sinaloa, Gonz\u00e1lez Galindo firm\u00f3 la Encuesta Nacional de Salud y Nutrici\u00f3n 2023 (ENSANUT) y destac\u00f3 que en Sinaloa hay voluntad en trabajar por el bienestar de la poblaci\u00f3n, por lo que la firma de esta encuesta s\u00f3lo viene a remarcar el deseo de mejorar la calidad de vida.<\/p>\n\n\n\n<p>\u201cVoluntad tenemos, queremos hacer un cambio real, lograr que Sinaloa sea punta de lanza en tema Salud y firmando una encuesta en salud como el d\u00eda de hoy manifestamos que queremos que Sinaloa tenga el mejor sistema de Salud del pa\u00eds\u201d, asegur\u00f3.<\/p>\n\n\n\n<p>A las y los representantes de salud de los distintos municipios, el secretario de Salud les invit\u00f3 a trabajar en sinergia para que se cumpla la voluntad del gobernador, Dr. Rub\u00e9n Rocha Moya, la cual es llevar salud con sentido social a todas y todos.<\/p>\n\n\n\n<p>\u201cYo los invito a todos, a todas, a los presidentes municipales que ustedes son la voz de nuestros Municipios y que logremos llevar a cabo un proyecto exitoso en el tema de salud y que sobre todo podamos llevar la l\u00ednea del gobernador, porque el doctor Rub\u00e9n Rocha Moya lo \u00fanico que quiere es que se tenga salud con sentido social\u201d, manifest\u00f3.<\/p>\n\n\n\n<p>Am\u00e9rica Anah\u00ed \u00c1valos Galindo, Gerente Nacional de Educaci\u00f3n y Filantrop\u00eda Familiar de Fundaci\u00f3n Coppel, dijo \u201cEstamos conscientes de que la falta de recursos b\u00e1sicos en materia de educaci\u00f3n, cuidados, nutrici\u00f3n y salud generan un evidente deterioro en la Primera Infancia. Por ello, buscamos mejorar la disponibilidad de la informaci\u00f3n que impulse la generaci\u00f3n de pol\u00edticas p\u00fablicas que incrementen la calidad de vida de ni\u00f1as y ni\u00f1os, que es la m\u00e1s importante para la edificaci\u00f3n de una mejor sociedad, logrando que se conviertan en adolescentes con la capacidad de ser ciudadanos responsables y productivos, que contribuyan positivamente con acciones para su comunidad\u201d, se\u00f1al\u00f3.<\/p>\n\n\n\n<p>\u201cFundaci\u00f3n Coppel -precis\u00f3- tiene como prop\u00f3sito contribuir a mejorar la calidad de vida de las comunidades en las que tiene presencia y reconocemos que la Primera Infancia es vital para la calidad de vida de una persona porque es la etapa de la vida donde se generan todas las conexiones neuronales y que van a determinar c\u00f3mo vives tu vida.<\/p>\n\n\n\n<p>\u201cSinaloa -precis\u00f3 \u00c1valos Galindo- es el \u00fanico estado que tiene en sus 18 municipios, con comisiones de primera infancia activa que han estado generando planes y acciones las pol\u00edticas para la primera infancia y con el liderazgo del Dr. Cuitl\u00e1huac y su equipo y el pacto por la primera infancia, vamos a poder saber c\u00f3mo est\u00e1 la ni\u00f1ez del estado y vamos a poder dar forma a esa pol\u00edtica p\u00fablica\u201d concluy\u00f3.<\/p>\n\n\n\n<p>Magdalena de la Luz de Luna, Coordinadora del Pacto por la Primera Infancia, mencion\u00f3 que la firma de esta encuesta permitir\u00e1 a la administraci\u00f3n del gobernador Rocha Moya conocer la realidad de ni\u00f1as y ni\u00f1os en la entidad y podr\u00e1n enfocarse en reducir y prevenir enfermedades.<\/p>\n\n\n\n<p>\u201cLos datos que nos va a arrojar la encuesta levantada para Sinaloa nos va a permitir conocer la realidad de las ni\u00f1as y ni\u00f1os de la entidad en primera infancia en este momento y si esperamos que una medici\u00f3n similar al final del periodo nos va a mostrar el impacto que todas estas acciones est\u00e1n generando, estamos seguros de ello\u201d, aclar\u00f3.<\/p>\n\n\n\n<p>En el evento tambi\u00e9n estuvieron presentes el presidente municipal de Guasave y presidente de la red sinaloense de municipios por la salud, Dr. Mart\u00edn de Jes\u00fas Ahumada Quintero, el subsecretario de servicios administrativos de la Secretar\u00eda de Salud de Sinaloa, Dr. Julio C\u00e9sar Quintero Ledezma, el director de Atenci\u00f3n M\u00e9dica de los Servicios de Salud, Dr. Carlos Enrique Gonz\u00e1lez Ramos, el director de Prevenci\u00f3n y Promoci\u00f3n de la Salud de los Servicios de Salud en Sinaloa, Dr. Gerardo Kenny Inzunza Leyva y el delegado del ISSSTE, Dr. Marcial Silva G\u00f3mez.<\/p>\n\n\n\n<p>Adem\u00e1s de la presencia del director del Hospital Civil de Culiac\u00e1n Dr. Everardo Quevedo Castro, el secretario ejecutivo de la Junta de Asistencia Privada Lic. Jes\u00fas Mario L\u00f3pez Angulo, as\u00ed como los jefes jurisdiccionales, coordinadores municipales, personal de COEPRISS, CEPTCA, Direcci\u00f3n de Prevenci\u00f3n y Promoci\u00f3n de la Salud, directores de Centros de Salud, Epidemi\u00f3logos de los hospitales de especialidades, generales e integrales.<\/p>\n","protected":false},"excerpt":{"rendered":"<p>El secretario de Salud Cuitl\u00e1huac Gonz\u00e1lez Galindo destac\u00f3 el gran inter\u00e9s que la administraci\u00f3n del gobernador Rub\u00e9n Rocha Moya expresa por la salud de las y los sinaloenses. Culiac\u00e1n, Sin.- Con la finalidad de contar con informaci\u00f3n precisa sobre las necesidades de la poblaci\u00f3n y estar en condiciones de dise\u00f1ar la pol\u00edtica p\u00fablica precisa en [&hellip;]<\/p>\n","protected":false},"author":4,"featured_media":63854,"comment_status":"open","ping_status":"open","sticky":false,"template":"","format":"standard","meta":{"tdm_status":"","tdm_grid_status":"","footnotes":""},"categories":[1],"tags":[],"class_list":{"0":"post-63853","1":"post","2":"type-post","3":"status-publish","4":"format-standard","5":"has-post-thumbnail","7":"category-sin-categoria"},"yoast_head":"<!-- This site is optimized with the Yoast SEO plugin v27.5 - https:\/\/yoast.com\/product\/yoast-seo-wordpress\/ -->\n<title>SSA de Sinaloa y Fundaci\u00f3n Coppel firman Encuesta Nacional de Salud y Nutrici\u00f3n 2023 - Fuentes Fidedignas<\/title>\n<meta name=\"robots\" content=\"index, follow, max-snippet:-1, max-image-preview:large, max-video-preview:-1\" \/>\n<link rel=\"canonical\" href=\"https:\/\/fuentesfidedignas.com.mx\/index.php\/2023\/10\/26\/ssa-de-sinaloa-y-fundacion-coppel-firman-encuesta-nacional-de-salud-y-nutricion-2023\/\" \/>\n<meta property=\"og:locale\" content=\"es_MX\" \/>\n<meta property=\"og:type\" content=\"article\" \/>\n<meta property=\"og:title\" content=\"SSA de Sinaloa y Fundaci\u00f3n Coppel firman Encuesta Nacional de Salud y Nutrici\u00f3n 2023 - Fuentes Fidedignas\" \/>\n<meta property=\"og:description\" content=\"El secretario de Salud Cuitl\u00e1huac Gonz\u00e1lez Galindo destac\u00f3 el gran inter\u00e9s que la administraci\u00f3n del gobernador Rub\u00e9n Rocha Moya expresa por la salud de las y los sinaloenses. Culiac\u00e1n, Sin.- Con la finalidad de contar con informaci\u00f3n precisa sobre las necesidades de la poblaci\u00f3n y estar en condiciones de dise\u00f1ar la pol\u00edtica p\u00fablica precisa en [&hellip;]\" \/>\n<meta property=\"og:url\" content=\"https:\/\/fuentesfidedignas.com.mx\/index.php\/2023\/10\/26\/ssa-de-sinaloa-y-fundacion-coppel-firman-encuesta-nacional-de-salud-y-nutricion-2023\/\" \/>\n<meta property=\"og:site_name\" content=\"Fuentes Fidedignas\" \/>\n<meta property=\"article:publisher\" content=\"https:\/\/www.facebook.com\/Fuentes-Fidedignas-368234489921644\" \/>\n<meta property=\"article:published_time\" content=\"2023-10-27T01:05:35+00:00\" \/>\n<meta property=\"article:modified_time\" content=\"2023-10-27T01:06:02+00:00\" \/>\n<meta property=\"og:image\" content=\"https:\/\/fuentesfidedignas.com.mx\/wp-content\/uploads\/2023\/10\/fc96c2fb-4620-45d6-a7e6-1a72641278d0.jpg\" \/>\n\t<meta property=\"og:image:width\" content=\"1024\" \/>\n\t<meta property=\"og:image:height\" content=\"682\" \/>\n\t<meta property=\"og:image:type\" content=\"image\/jpeg\" \/>\n<meta name=\"author\" content=\"Redacci\u00f3n\" \/>\n<meta name=\"twitter:card\" content=\"summary_large_image\" \/>\n<meta name=\"twitter:creator\" content=\"@fidedignas\" \/>\n<meta name=\"twitter:site\" content=\"@fidedignas\" \/>\n<meta name=\"twitter:label1\" content=\"Escrito por\" \/>\n\t<meta name=\"twitter:data1\" content=\"Redacci\u00f3n\" \/>\n\t<meta name=\"twitter:label2\" content=\"Tiempo de lectura\" \/>\n\t<meta name=\"twitter:data2\" content=\"4 minutos\" \/>\n<script type=\"application\/ld+json\" class=\"yoast-schema-graph\">{\"@context\":\"https:\\\/\\\/schema.org\",\"@graph\":[{\"@type\":\"Article\",\"@id\":\"https:\\\/\\\/fuentesfidedignas.com.mx\\\/index.php\\\/2023\\\/10\\\/26\\\/ssa-de-sinaloa-y-fundacion-coppel-firman-encuesta-nacional-de-salud-y-nutricion-2023\\\/#article\",\"isPartOf\":{\"@id\":\"https:\\\/\\\/fuentesfidedignas.com.mx\\\/index.php\\\/2023\\\/10\\\/26\\\/ssa-de-sinaloa-y-fundacion-coppel-firman-encuesta-nacional-de-salud-y-nutricion-2023\\\/\"},\"author\":{\"name\":\"Redacci\u00f3n\",\"@id\":\"https:\\\/\\\/fuentesfidedignas.com.mx\\\/#\\\/schema\\\/person\\\/331be9283d37198e2acd5750279085b0\"},\"headline\":\"SSA de Sinaloa y Fundaci\u00f3n Coppel firman Encuesta Nacional de Salud y Nutrici\u00f3n 2023\",\"datePublished\":\"2023-10-27T01:05:35+00:00\",\"dateModified\":\"2023-10-27T01:06:02+00:00\",\"mainEntityOfPage\":{\"@id\":\"https:\\\/\\\/fuentesfidedignas.com.mx\\\/index.php\\\/2023\\\/10\\\/26\\\/ssa-de-sinaloa-y-fundacion-coppel-firman-encuesta-nacional-de-salud-y-nutricion-2023\\\/\"},\"wordCount\":911,\"commentCount\":0,\"publisher\":{\"@id\":\"https:\\\/\\\/fuentesfidedignas.com.mx\\\/#organization\"},\"image\":{\"@id\":\"https:\\\/\\\/fuentesfidedignas.com.mx\\\/index.php\\\/2023\\\/10\\\/26\\\/ssa-de-sinaloa-y-fundacion-coppel-firman-encuesta-nacional-de-salud-y-nutricion-2023\\\/#primaryimage\"},\"thumbnailUrl\":\"https:\\\/\\\/fuentesfidedignas.com.mx\\\/wp-content\\\/uploads\\\/2023\\\/10\\\/fc96c2fb-4620-45d6-a7e6-1a72641278d0.jpg\",\"inLanguage\":\"es\",\"potentialAction\":[{\"@type\":\"CommentAction\",\"name\":\"Comment\",\"target\":[\"https:\\\/\\\/fuentesfidedignas.com.mx\\\/index.php\\\/2023\\\/10\\\/26\\\/ssa-de-sinaloa-y-fundacion-coppel-firman-encuesta-nacional-de-salud-y-nutricion-2023\\\/#respond\"]}]},{\"@type\":\"WebPage\",\"@id\":\"https:\\\/\\\/fuentesfidedignas.com.mx\\\/index.php\\\/2023\\\/10\\\/26\\\/ssa-de-sinaloa-y-fundacion-coppel-firman-encuesta-nacional-de-salud-y-nutricion-2023\\\/\",\"url\":\"https:\\\/\\\/fuentesfidedignas.com.mx\\\/index.php\\\/2023\\\/10\\\/26\\\/ssa-de-sinaloa-y-fundacion-coppel-firman-encuesta-nacional-de-salud-y-nutricion-2023\\\/\",\"name\":\"SSA de Sinaloa y Fundaci\u00f3n Coppel firman Encuesta Nacional de Salud y Nutrici\u00f3n 2023 - Fuentes Fidedignas\",\"isPartOf\":{\"@id\":\"https:\\\/\\\/fuentesfidedignas.com.mx\\\/#website\"},\"primaryImageOfPage\":{\"@id\":\"https:\\\/\\\/fuentesfidedignas.com.mx\\\/index.php\\\/2023\\\/10\\\/26\\\/ssa-de-sinaloa-y-fundacion-coppel-firman-encuesta-nacional-de-salud-y-nutricion-2023\\\/#primaryimage\"},\"image\":{\"@id\":\"https:\\\/\\\/fuentesfidedignas.com.mx\\\/index.php\\\/2023\\\/10\\\/26\\\/ssa-de-sinaloa-y-fundacion-coppel-firman-encuesta-nacional-de-salud-y-nutricion-2023\\\/#primaryimage\"},\"thumbnailUrl\":\"https:\\\/\\\/fuentesfidedignas.com.mx\\\/wp-content\\\/uploads\\\/2023\\\/10\\\/fc96c2fb-4620-45d6-a7e6-1a72641278d0.jpg\",\"datePublished\":\"2023-10-27T01:05:35+00:00\",\"dateModified\":\"2023-10-27T01:06:02+00:00\",\"breadcrumb\":{\"@id\":\"https:\\\/\\\/fuentesfidedignas.com.mx\\\/index.php\\\/2023\\\/10\\\/26\\\/ssa-de-sinaloa-y-fundacion-coppel-firman-encuesta-nacional-de-salud-y-nutricion-2023\\\/#breadcrumb\"},\"inLanguage\":\"es\",\"potentialAction\":[{\"@type\":\"ReadAction\",\"target\":[\"https:\\\/\\\/fuentesfidedignas.com.mx\\\/index.php\\\/2023\\\/10\\\/26\\\/ssa-de-sinaloa-y-fundacion-coppel-firman-encuesta-nacional-de-salud-y-nutricion-2023\\\/\"]}]},{\"@type\":\"ImageObject\",\"inLanguage\":\"es\",\"@id\":\"https:\\\/\\\/fuentesfidedignas.com.mx\\\/index.php\\\/2023\\\/10\\\/26\\\/ssa-de-sinaloa-y-fundacion-coppel-firman-encuesta-nacional-de-salud-y-nutricion-2023\\\/#primaryimage\",\"url\":\"https:\\\/\\\/fuentesfidedignas.com.mx\\\/wp-content\\\/uploads\\\/2023\\\/10\\\/fc96c2fb-4620-45d6-a7e6-1a72641278d0.jpg\",\"contentUrl\":\"https:\\\/\\\/fuentesfidedignas.com.mx\\\/wp-content\\\/uploads\\\/2023\\\/10\\\/fc96c2fb-4620-45d6-a7e6-1a72641278d0.jpg\",\"width\":1024,\"height\":682},{\"@type\":\"BreadcrumbList\",\"@id\":\"https:\\\/\\\/fuentesfidedignas.com.mx\\\/index.php\\\/2023\\\/10\\\/26\\\/ssa-de-sinaloa-y-fundacion-coppel-firman-encuesta-nacional-de-salud-y-nutricion-2023\\\/#breadcrumb\",\"itemListElement\":[{\"@type\":\"ListItem\",\"position\":1,\"name\":\"Inicio\",\"item\":\"https:\\\/\\\/fuentesfidedignas.com.mx\\\/\"},{\"@type\":\"ListItem\",\"position\":2,\"name\":\"SSA de Sinaloa y Fundaci\u00f3n Coppel firman Encuesta Nacional de Salud y Nutrici\u00f3n 2023\"}]},{\"@type\":\"WebSite\",\"@id\":\"https:\\\/\\\/fuentesfidedignas.com.mx\\\/#website\",\"url\":\"https:\\\/\\\/fuentesfidedignas.com.mx\\\/\",\"name\":\"Fuentes Fidedignas\",\"description\":\"Otro sitio realizado con WordPress\",\"publisher\":{\"@id\":\"https:\\\/\\\/fuentesfidedignas.com.mx\\\/#organization\"},\"potentialAction\":[{\"@type\":\"SearchAction\",\"target\":{\"@type\":\"EntryPoint\",\"urlTemplate\":\"https:\\\/\\\/fuentesfidedignas.com.mx\\\/?s={search_term_string}\"},\"query-input\":{\"@type\":\"PropertyValueSpecification\",\"valueRequired\":true,\"valueName\":\"search_term_string\"}}],\"inLanguage\":\"es\"},{\"@type\":\"Organization\",\"@id\":\"https:\\\/\\\/fuentesfidedignas.com.mx\\\/#organization\",\"name\":\"Fuentes Fidedignas\",\"url\":\"https:\\\/\\\/fuentesfidedignas.com.mx\\\/\",\"logo\":{\"@type\":\"ImageObject\",\"inLanguage\":\"es\",\"@id\":\"https:\\\/\\\/fuentesfidedignas.com.mx\\\/#\\\/schema\\\/logo\\\/image\\\/\",\"url\":\"https:\\\/\\\/fuentesfidedignas.com.mx\\\/wp-content\\\/uploads\\\/2021\\\/04\\\/logo-retina.png\",\"contentUrl\":\"https:\\\/\\\/fuentesfidedignas.com.mx\\\/wp-content\\\/uploads\\\/2021\\\/04\\\/logo-retina.png\",\"width\":280,\"height\":51,\"caption\":\"Fuentes Fidedignas\"},\"image\":{\"@id\":\"https:\\\/\\\/fuentesfidedignas.com.mx\\\/#\\\/schema\\\/logo\\\/image\\\/\"},\"sameAs\":[\"https:\\\/\\\/www.facebook.com\\\/Fuentes-Fidedignas-368234489921644\",\"https:\\\/\\\/x.com\\\/fidedignas\"]},{\"@type\":\"Person\",\"@id\":\"https:\\\/\\\/fuentesfidedignas.com.mx\\\/#\\\/schema\\\/person\\\/331be9283d37198e2acd5750279085b0\",\"name\":\"Redacci\u00f3n\",\"image\":{\"@type\":\"ImageObject\",\"inLanguage\":\"es\",\"@id\":\"https:\\\/\\\/secure.gravatar.com\\\/avatar\\\/f6d8782c11d12b2d4ad3fbb6931aeab5309937a4d6cd2fc9cfaa28a6396a5aec?s=96&d=mm&r=g\",\"url\":\"https:\\\/\\\/secure.gravatar.com\\\/avatar\\\/f6d8782c11d12b2d4ad3fbb6931aeab5309937a4d6cd2fc9cfaa28a6396a5aec?s=96&d=mm&r=g\",\"contentUrl\":\"https:\\\/\\\/secure.gravatar.com\\\/avatar\\\/f6d8782c11d12b2d4ad3fbb6931aeab5309937a4d6cd2fc9cfaa28a6396a5aec?s=96&d=mm&r=g\",\"caption\":\"Redacci\u00f3n\"},\"url\":\"https:\\\/\\\/fuentesfidedignas.com.mx\\\/index.php\\\/author\\\/redaccion\\\/\"}]}<\/script>\n<!-- \/ Yoast SEO plugin. -->","yoast_head_json":{"title":"SSA de Sinaloa y Fundaci\u00f3n Coppel firman Encuesta Nacional de Salud y Nutrici\u00f3n 2023 - Fuentes Fidedignas","robots":{"index":"index","follow":"follow","max-snippet":"max-snippet:-1","max-image-preview":"max-image-preview:large","max-video-preview":"max-video-preview:-1"},"canonical":"https:\/\/fuentesfidedignas.com.mx\/index.php\/2023\/10\/26\/ssa-de-sinaloa-y-fundacion-coppel-firman-encuesta-nacional-de-salud-y-nutricion-2023\/","og_locale":"es_MX","og_type":"article","og_title":"SSA de Sinaloa y Fundaci\u00f3n Coppel firman Encuesta Nacional de Salud y Nutrici\u00f3n 2023 - Fuentes Fidedignas","og_description":"El secretario de Salud Cuitl\u00e1huac Gonz\u00e1lez Galindo destac\u00f3 el gran inter\u00e9s que la administraci\u00f3n del gobernador Rub\u00e9n Rocha Moya expresa por la salud de las y los sinaloenses. Culiac\u00e1n, Sin.- Con la finalidad de contar con informaci\u00f3n precisa sobre las necesidades de la poblaci\u00f3n y estar en condiciones de dise\u00f1ar la pol\u00edtica p\u00fablica precisa en [&hellip;]","og_url":"https:\/\/fuentesfidedignas.com.mx\/index.php\/2023\/10\/26\/ssa-de-sinaloa-y-fundacion-coppel-firman-encuesta-nacional-de-salud-y-nutricion-2023\/","og_site_name":"Fuentes Fidedignas","article_publisher":"https:\/\/www.facebook.com\/Fuentes-Fidedignas-368234489921644","article_published_time":"2023-10-27T01:05:35+00:00","article_modified_time":"2023-10-27T01:06:02+00:00","og_image":[{"width":1024,"height":682,"url":"https:\/\/fuentesfidedignas.com.mx\/wp-content\/uploads\/2023\/10\/fc96c2fb-4620-45d6-a7e6-1a72641278d0.jpg","type":"image\/jpeg"}],"author":"Redacci\u00f3n","twitter_card":"summary_large_image","twitter_creator":"@fidedignas","twitter_site":"@fidedignas","twitter_misc":{"Escrito por":"Redacci\u00f3n","Tiempo de lectura":"4 minutos"},"schema":{"@context":"https:\/\/schema.org","@graph":[{"@type":"Article","@id":"https:\/\/fuentesfidedignas.com.mx\/index.php\/2023\/10\/26\/ssa-de-sinaloa-y-fundacion-coppel-firman-encuesta-nacional-de-salud-y-nutricion-2023\/#article","isPartOf":{"@id":"https:\/\/fuentesfidedignas.com.mx\/index.php\/2023\/10\/26\/ssa-de-sinaloa-y-fundacion-coppel-firman-encuesta-nacional-de-salud-y-nutricion-2023\/"},"author":{"name":"Redacci\u00f3n","@id":"https:\/\/fuentesfidedignas.com.mx\/#\/schema\/person\/331be9283d37198e2acd5750279085b0"},"headline":"SSA de Sinaloa y Fundaci\u00f3n Coppel firman Encuesta Nacional de Salud y Nutrici\u00f3n 2023","datePublished":"2023-10-27T01:05:35+00:00","dateModified":"2023-10-27T01:06:02+00:00","mainEntityOfPage":{"@id":"https:\/\/fuentesfidedignas.com.mx\/index.php\/2023\/10\/26\/ssa-de-sinaloa-y-fundacion-coppel-firman-encuesta-nacional-de-salud-y-nutricion-2023\/"},"wordCount":911,"commentCount":0,"publisher":{"@id":"https:\/\/fuentesfidedignas.com.mx\/#organization"},"image":{"@id":"https:\/\/fuentesfidedignas.com.mx\/index.php\/2023\/10\/26\/ssa-de-sinaloa-y-fundacion-coppel-firman-encuesta-nacional-de-salud-y-nutricion-2023\/#primaryimage"},"thumbnailUrl":"https:\/\/fuentesfidedignas.com.mx\/wp-content\/uploads\/2023\/10\/fc96c2fb-4620-45d6-a7e6-1a72641278d0.jpg","inLanguage":"es","potentialAction":[{"@type":"CommentAction","name":"Comment","target":["https:\/\/fuentesfidedignas.com.mx\/index.php\/2023\/10\/26\/ssa-de-sinaloa-y-fundacion-coppel-firman-encuesta-nacional-de-salud-y-nutricion-2023\/#respond"]}]},{"@type":"WebPage","@id":"https:\/\/fuentesfidedignas.com.mx\/index.php\/2023\/10\/26\/ssa-de-sinaloa-y-fundacion-coppel-firman-encuesta-nacional-de-salud-y-nutricion-2023\/","url":"https:\/\/fuentesfidedignas.com.mx\/index.php\/2023\/10\/26\/ssa-de-sinaloa-y-fundacion-coppel-firman-encuesta-nacional-de-salud-y-nutricion-2023\/","name":"SSA de Sinaloa y Fundaci\u00f3n Coppel firman Encuesta Nacional de Salud y Nutrici\u00f3n 2023 - Fuentes Fidedignas","isPartOf":{"@id":"https:\/\/fuentesfidedignas.com.mx\/#website"},"primaryImageOfPage":{"@id":"https:\/\/fuentesfidedignas.com.mx\/index.php\/2023\/10\/26\/ssa-de-sinaloa-y-fundacion-coppel-firman-encuesta-nacional-de-salud-y-nutricion-2023\/#primaryimage"},"image":{"@id":"https:\/\/fuentesfidedignas.com.mx\/index.php\/2023\/10\/26\/ssa-de-sinaloa-y-fundacion-coppel-firman-encuesta-nacional-de-salud-y-nutricion-2023\/#primaryimage"},"thumbnailUrl":"https:\/\/fuentesfidedignas.com.mx\/wp-content\/uploads\/2023\/10\/fc96c2fb-4620-45d6-a7e6-1a72641278d0.jpg","datePublished":"2023-10-27T01:05:35+00:00","dateModified":"2023-10-27T01:06:02+00:00","breadcrumb":{"@id":"https:\/\/fuentesfidedignas.com.mx\/index.php\/2023\/10\/26\/ssa-de-sinaloa-y-fundacion-coppel-firman-encuesta-nacional-de-salud-y-nutricion-2023\/#breadcrumb"},"inLanguage":"es","potentialAction":[{"@type":"ReadAction","target":["https:\/\/fuentesfidedignas.com.mx\/index.php\/2023\/10\/26\/ssa-de-sinaloa-y-fundacion-coppel-firman-encuesta-nacional-de-salud-y-nutricion-2023\/"]}]},{"@type":"ImageObject","inLanguage":"es","@id":"https:\/\/fuentesfidedignas.com.mx\/index.php\/2023\/10\/26\/ssa-de-sinaloa-y-fundacion-coppel-firman-encuesta-nacional-de-salud-y-nutricion-2023\/#primaryimage","url":"https:\/\/fuentesfidedignas.com.mx\/wp-content\/uploads\/2023\/10\/fc96c2fb-4620-45d6-a7e6-1a72641278d0.jpg","contentUrl":"https:\/\/fuentesfidedignas.com.mx\/wp-content\/uploads\/2023\/10\/fc96c2fb-4620-45d6-a7e6-1a72641278d0.jpg","width":1024,"height":682},{"@type":"BreadcrumbList","@id":"https:\/\/fuentesfidedignas.com.mx\/index.php\/2023\/10\/26\/ssa-de-sinaloa-y-fundacion-coppel-firman-encuesta-nacional-de-salud-y-nutricion-2023\/#breadcrumb","itemListElement":[{"@type":"ListItem","position":1,"name":"Inicio","item":"https:\/\/fuentesfidedignas.com.mx\/"},{"@type":"ListItem","position":2,"name":"SSA de Sinaloa y Fundaci\u00f3n Coppel firman Encuesta Nacional de Salud y Nutrici\u00f3n 2023"}]},{"@type":"WebSite","@id":"https:\/\/fuentesfidedignas.com.mx\/#website","url":"https:\/\/fuentesfidedignas.com.mx\/","name":"Fuentes Fidedignas","description":"Otro sitio realizado con WordPress","publisher":{"@id":"https:\/\/fuentesfidedignas.com.mx\/#organization"},"potentialAction":[{"@type":"SearchAction","target":{"@type":"EntryPoint","urlTemplate":"https:\/\/fuentesfidedignas.com.mx\/?s={search_term_string}"},"query-input":{"@type":"PropertyValueSpecification","valueRequired":true,"valueName":"search_term_string"}}],"inLanguage":"es"},{"@type":"Organization","@id":"https:\/\/fuentesfidedignas.com.mx\/#organization","name":"Fuentes Fidedignas","url":"https:\/\/fuentesfidedignas.com.mx\/","logo":{"@type":"ImageObject","inLanguage":"es","@id":"https:\/\/fuentesfidedignas.com.mx\/#\/schema\/logo\/image\/","url":"https:\/\/fuentesfidedignas.com.mx\/wp-content\/uploads\/2021\/04\/logo-retina.png","contentUrl":"https:\/\/fuentesfidedignas.com.mx\/wp-content\/uploads\/2021\/04\/logo-retina.png","width":280,"height":51,"caption":"Fuentes Fidedignas"},"image":{"@id":"https:\/\/fuentesfidedignas.com.mx\/#\/schema\/logo\/image\/"},"sameAs":["https:\/\/www.facebook.com\/Fuentes-Fidedignas-368234489921644","https:\/\/x.com\/fidedignas"]},{"@type":"Person","@id":"https:\/\/fuentesfidedignas.com.mx\/#\/schema\/person\/331be9283d37198e2acd5750279085b0","name":"Redacci\u00f3n","image":{"@type":"ImageObject","inLanguage":"es","@id":"https:\/\/secure.gravatar.com\/avatar\/f6d8782c11d12b2d4ad3fbb6931aeab5309937a4d6cd2fc9cfaa28a6396a5aec?s=96&d=mm&r=g","url":"https:\/\/secure.gravatar.com\/avatar\/f6d8782c11d12b2d4ad3fbb6931aeab5309937a4d6cd2fc9cfaa28a6396a5aec?s=96&d=mm&r=g","contentUrl":"https:\/\/secure.gravatar.com\/avatar\/f6d8782c11d12b2d4ad3fbb6931aeab5309937a4d6cd2fc9cfaa28a6396a5aec?s=96&d=mm&r=g","caption":"Redacci\u00f3n"},"url":"https:\/\/fuentesfidedignas.com.mx\/index.php\/author\/redaccion\/"}]}},"_links":{"self":[{"href":"https:\/\/fuentesfidedignas.com.mx\/index.php\/wp-json\/wp\/v2\/posts\/63853","targetHints":{"allow":["GET"]}}],"collection":[{"href":"https:\/\/fuentesfidedignas.com.mx\/index.php\/wp-json\/wp\/v2\/posts"}],"about":[{"href":"https:\/\/fuentesfidedignas.com.mx\/index.php\/wp-json\/wp\/v2\/types\/post"}],"author":[{"embeddable":true,"href":"https:\/\/fuentesfidedignas.com.mx\/index.php\/wp-json\/wp\/v2\/users\/4"}],"replies":[{"embeddable":true,"href":"https:\/\/fuentesfidedignas.com.mx\/index.php\/wp-json\/wp\/v2\/comments?post=63853"}],"version-history":[{"count":1,"href":"https:\/\/fuentesfidedignas.com.mx\/index.php\/wp-json\/wp\/v2\/posts\/63853\/revisions"}],"predecessor-version":[{"id":63855,"href":"https:\/\/fuentesfidedignas.com.mx\/index.php\/wp-json\/wp\/v2\/posts\/63853\/revisions\/63855"}],"wp:featuredmedia":[{"embeddable":true,"href":"https:\/\/fuentesfidedignas.com.mx\/index.php\/wp-json\/wp\/v2\/media\/63854"}],"wp:attachment":[{"href":"https:\/\/fuentesfidedignas.com.mx\/index.php\/wp-json\/wp\/v2\/media?parent=63853"}],"wp:term":[{"taxonomy":"category","embeddable":true,"href":"https:\/\/fuentesfidedignas.com.mx\/index.php\/wp-json\/wp\/v2\/categories?post=63853"},{"taxonomy":"post_tag","embeddable":true,"href":"https:\/\/fuentesfidedignas.com.mx\/index.php\/wp-json\/wp\/v2\/tags?post=63853"}],"curies":[{"name":"wp","href":"https:\/\/api.w.org\/{rel}","templated":true}]}}