{"id":63848,"date":"2023-10-26T18:00:48","date_gmt":"2023-10-27T01:00:48","guid":{"rendered":"https:\/\/fuentesfidedignas.com.mx\/?p=63848"},"modified":"2023-10-26T18:01:37","modified_gmt":"2023-10-27T01:01:37","slug":"culiacan-en-numeros-positivos-en-la-generacion-de-empleos-sedecom","status":"publish","type":"post","link":"https:\/\/fuentesfidedignas.com.mx\/index.php\/2023\/10\/26\/culiacan-en-numeros-positivos-en-la-generacion-de-empleos-sedecom\/","title":{"rendered":"Culiac\u00e1n en n\u00fameros positivos en la generaci\u00f3n de empleos: Sedecom"},"content":{"rendered":"\n<p><strong><em>Los datos recopilados desde septiembre de 2022 hasta septiembre de 2023 revelan un incremento significativo en la creaci\u00f3n de empleos en la capital sinaloense.<\/em><\/strong><\/p>\n\n\n\n<p>Culiac\u00e1n, Sin.- En los \u00faltimos doce meses, Culiac\u00e1n ha experimentado un impacto positivo en la generaci\u00f3n de empleos, seg\u00fan inform\u00f3 Janet Tostado Noriega, titular de la Secretar\u00eda de Desarrollo Econ\u00f3mico Municipal (Sedecom).<\/p>\n\n\n\n<p>Los datos recopilados desde septiembre de 2022 hasta septiembre de 2023 revelan un incremento significativo en la creaci\u00f3n de empleos en la capital sinaloense.<\/p>\n\n\n\n<p>De acuerdo a los registros del Instituto Mexicano del Seguro Social (IMSS), se han generado un total de 8,453 nuevos empleos formales en Culiac\u00e1n en el \u00faltimo a\u00f1o, lo cual representa un crecimiento destacable del 3.3%, cifras que demuestran un aumento considerable en el mercado laboral de la ciudad.<\/p>\n\n\n\n<p>Uno de los factores clave en esta tendencia positiva ha sido el fuerte impulso que la Sedecom ha brindado en la promoci\u00f3n de programas y apoyos dirigidos a j\u00f3venes y adultos en b\u00fasqueda de empleo; la secretar\u00eda ha establecido una estrecha colaboraci\u00f3n con empresas locales, fomentando la vinculaci\u00f3n entre empleadores y solicitantes de empleo.<\/p>\n\n\n\n<p>Diversos sectores, como restaurantes, tiendas departamentales y otros negocios, se han acercado a Sedecom con el objetivo de reclutar personal capacitado y brindar oportunidades laborales a aquellos ciudadanos que no cuentan con un empleo estable, sinergia que ha contribuido significativamente a la generaci\u00f3n de empleo en la capital.<\/p>\n\n\n\n<p>Ante este panorama alentador, la Secretar\u00eda de Desarrollo Econ\u00f3mico invita a todos los culiacanenses a seguir promoviendo las econom\u00edas sanas en sus hogares y a aprovechar los programas y apoyos disponibles a trav\u00e9s de diversas empresas.<\/p>\n\n\n\n<p>Para obtener m\u00e1s informaci\u00f3n sobre dichos programas y apoyos, se recomienda visitar la p\u00e1gina oficial de la dependencia, Secretar\u00eda de Desarrollo Econ\u00f3mico Municipal o acudir a las oficinas ubicadas en avenida \u00c1lvaro Obreg\u00f3n 348, de la colonia Jorge Almada.<\/p>\n\n\n\n<p>Sedecom continuar\u00e1 trabajando de la mano con la poblaci\u00f3n, gobierno, empresas e instituciones para fortalecer el mundo laboral y la econom\u00eda local.<\/p>\n\n\n\n<p><\/p>\n","protected":false},"excerpt":{"rendered":"<p>Los datos recopilados desde septiembre de 2022 hasta septiembre de 2023 revelan un incremento significativo en la creaci\u00f3n de empleos en la capital sinaloense. Culiac\u00e1n, Sin.- En los \u00faltimos doce meses, Culiac\u00e1n ha experimentado un impacto positivo en la generaci\u00f3n de empleos, seg\u00fan inform\u00f3 Janet Tostado Noriega, titular de la Secretar\u00eda de Desarrollo Econ\u00f3mico Municipal [&hellip;]<\/p>\n","protected":false},"author":4,"featured_media":63850,"comment_status":"open","ping_status":"open","sticky":false,"template":"","format":"standard","meta":{"tdm_status":"","tdm_grid_status":"","footnotes":""},"categories":[1],"tags":[],"class_list":{"0":"post-63848","1":"post","2":"type-post","3":"status-publish","4":"format-standard","5":"has-post-thumbnail","7":"category-sin-categoria"},"yoast_head":"<!-- This site is optimized with the Yoast SEO plugin v27.5 - https:\/\/yoast.com\/product\/yoast-seo-wordpress\/ -->\n<title>Culiac\u00e1n en n\u00fameros positivos en la generaci\u00f3n de empleos: Sedecom - Fuentes Fidedignas<\/title>\n<meta name=\"robots\" content=\"index, follow, max-snippet:-1, max-image-preview:large, max-video-preview:-1\" \/>\n<link rel=\"canonical\" href=\"https:\/\/fuentesfidedignas.com.mx\/index.php\/2023\/10\/26\/culiacan-en-numeros-positivos-en-la-generacion-de-empleos-sedecom\/\" \/>\n<meta property=\"og:locale\" content=\"es_MX\" \/>\n<meta property=\"og:type\" content=\"article\" \/>\n<meta property=\"og:title\" content=\"Culiac\u00e1n en n\u00fameros positivos en la generaci\u00f3n de empleos: Sedecom - Fuentes Fidedignas\" \/>\n<meta property=\"og:description\" content=\"Los datos recopilados desde septiembre de 2022 hasta septiembre de 2023 revelan un incremento significativo en la creaci\u00f3n de empleos en la capital sinaloense. Culiac\u00e1n, Sin.- En los \u00faltimos doce meses, Culiac\u00e1n ha experimentado un impacto positivo en la generaci\u00f3n de empleos, seg\u00fan inform\u00f3 Janet Tostado Noriega, titular de la Secretar\u00eda de Desarrollo Econ\u00f3mico Municipal [&hellip;]\" \/>\n<meta property=\"og:url\" content=\"https:\/\/fuentesfidedignas.com.mx\/index.php\/2023\/10\/26\/culiacan-en-numeros-positivos-en-la-generacion-de-empleos-sedecom\/\" \/>\n<meta property=\"og:site_name\" content=\"Fuentes Fidedignas\" \/>\n<meta property=\"article:publisher\" content=\"https:\/\/www.facebook.com\/Fuentes-Fidedignas-368234489921644\" \/>\n<meta property=\"article:published_time\" content=\"2023-10-27T01:00:48+00:00\" \/>\n<meta property=\"article:modified_time\" content=\"2023-10-27T01:01:37+00:00\" \/>\n<meta property=\"og:image\" content=\"https:\/\/fuentesfidedignas.com.mx\/wp-content\/uploads\/2023\/10\/FERIA_EMPLEO-2-e1698367906432.jpeg\" \/>\n\t<meta property=\"og:image:width\" content=\"1000\" \/>\n\t<meta property=\"og:image:height\" content=\"666\" \/>\n\t<meta property=\"og:image:type\" content=\"image\/jpeg\" \/>\n<meta name=\"author\" content=\"Redacci\u00f3n\" \/>\n<meta name=\"twitter:card\" content=\"summary_large_image\" \/>\n<meta name=\"twitter:creator\" content=\"@fidedignas\" \/>\n<meta name=\"twitter:site\" content=\"@fidedignas\" \/>\n<meta name=\"twitter:label1\" content=\"Escrito por\" \/>\n\t<meta name=\"twitter:data1\" content=\"Redacci\u00f3n\" \/>\n\t<meta name=\"twitter:label2\" content=\"Tiempo de lectura\" \/>\n\t<meta name=\"twitter:data2\" content=\"2 minutos\" \/>\n<script type=\"application\/ld+json\" class=\"yoast-schema-graph\">{\"@context\":\"https:\\\/\\\/schema.org\",\"@graph\":[{\"@type\":\"Article\",\"@id\":\"https:\\\/\\\/fuentesfidedignas.com.mx\\\/index.php\\\/2023\\\/10\\\/26\\\/culiacan-en-numeros-positivos-en-la-generacion-de-empleos-sedecom\\\/#article\",\"isPartOf\":{\"@id\":\"https:\\\/\\\/fuentesfidedignas.com.mx\\\/index.php\\\/2023\\\/10\\\/26\\\/culiacan-en-numeros-positivos-en-la-generacion-de-empleos-sedecom\\\/\"},\"author\":{\"name\":\"Redacci\u00f3n\",\"@id\":\"https:\\\/\\\/fuentesfidedignas.com.mx\\\/#\\\/schema\\\/person\\\/331be9283d37198e2acd5750279085b0\"},\"headline\":\"Culiac\u00e1n en n\u00fameros positivos en la generaci\u00f3n de empleos: Sedecom\",\"datePublished\":\"2023-10-27T01:00:48+00:00\",\"dateModified\":\"2023-10-27T01:01:37+00:00\",\"mainEntityOfPage\":{\"@id\":\"https:\\\/\\\/fuentesfidedignas.com.mx\\\/index.php\\\/2023\\\/10\\\/26\\\/culiacan-en-numeros-positivos-en-la-generacion-de-empleos-sedecom\\\/\"},\"wordCount\":364,\"commentCount\":0,\"publisher\":{\"@id\":\"https:\\\/\\\/fuentesfidedignas.com.mx\\\/#organization\"},\"image\":{\"@id\":\"https:\\\/\\\/fuentesfidedignas.com.mx\\\/index.php\\\/2023\\\/10\\\/26\\\/culiacan-en-numeros-positivos-en-la-generacion-de-empleos-sedecom\\\/#primaryimage\"},\"thumbnailUrl\":\"https:\\\/\\\/fuentesfidedignas.com.mx\\\/wp-content\\\/uploads\\\/2023\\\/10\\\/FERIA_EMPLEO-2-e1698367906432.jpeg\",\"inLanguage\":\"es\",\"potentialAction\":[{\"@type\":\"CommentAction\",\"name\":\"Comment\",\"target\":[\"https:\\\/\\\/fuentesfidedignas.com.mx\\\/index.php\\\/2023\\\/10\\\/26\\\/culiacan-en-numeros-positivos-en-la-generacion-de-empleos-sedecom\\\/#respond\"]}]},{\"@type\":\"WebPage\",\"@id\":\"https:\\\/\\\/fuentesfidedignas.com.mx\\\/index.php\\\/2023\\\/10\\\/26\\\/culiacan-en-numeros-positivos-en-la-generacion-de-empleos-sedecom\\\/\",\"url\":\"https:\\\/\\\/fuentesfidedignas.com.mx\\\/index.php\\\/2023\\\/10\\\/26\\\/culiacan-en-numeros-positivos-en-la-generacion-de-empleos-sedecom\\\/\",\"name\":\"Culiac\u00e1n en n\u00fameros positivos en la generaci\u00f3n de empleos: Sedecom - Fuentes Fidedignas\",\"isPartOf\":{\"@id\":\"https:\\\/\\\/fuentesfidedignas.com.mx\\\/#website\"},\"primaryImageOfPage\":{\"@id\":\"https:\\\/\\\/fuentesfidedignas.com.mx\\\/index.php\\\/2023\\\/10\\\/26\\\/culiacan-en-numeros-positivos-en-la-generacion-de-empleos-sedecom\\\/#primaryimage\"},\"image\":{\"@id\":\"https:\\\/\\\/fuentesfidedignas.com.mx\\\/index.php\\\/2023\\\/10\\\/26\\\/culiacan-en-numeros-positivos-en-la-generacion-de-empleos-sedecom\\\/#primaryimage\"},\"thumbnailUrl\":\"https:\\\/\\\/fuentesfidedignas.com.mx\\\/wp-content\\\/uploads\\\/2023\\\/10\\\/FERIA_EMPLEO-2-e1698367906432.jpeg\",\"datePublished\":\"2023-10-27T01:00:48+00:00\",\"dateModified\":\"2023-10-27T01:01:37+00:00\",\"breadcrumb\":{\"@id\":\"https:\\\/\\\/fuentesfidedignas.com.mx\\\/index.php\\\/2023\\\/10\\\/26\\\/culiacan-en-numeros-positivos-en-la-generacion-de-empleos-sedecom\\\/#breadcrumb\"},\"inLanguage\":\"es\",\"potentialAction\":[{\"@type\":\"ReadAction\",\"target\":[\"https:\\\/\\\/fuentesfidedignas.com.mx\\\/index.php\\\/2023\\\/10\\\/26\\\/culiacan-en-numeros-positivos-en-la-generacion-de-empleos-sedecom\\\/\"]}]},{\"@type\":\"ImageObject\",\"inLanguage\":\"es\",\"@id\":\"https:\\\/\\\/fuentesfidedignas.com.mx\\\/index.php\\\/2023\\\/10\\\/26\\\/culiacan-en-numeros-positivos-en-la-generacion-de-empleos-sedecom\\\/#primaryimage\",\"url\":\"https:\\\/\\\/fuentesfidedignas.com.mx\\\/wp-content\\\/uploads\\\/2023\\\/10\\\/FERIA_EMPLEO-2-e1698367906432.jpeg\",\"contentUrl\":\"https:\\\/\\\/fuentesfidedignas.com.mx\\\/wp-content\\\/uploads\\\/2023\\\/10\\\/FERIA_EMPLEO-2-e1698367906432.jpeg\",\"width\":1000,\"height\":666},{\"@type\":\"BreadcrumbList\",\"@id\":\"https:\\\/\\\/fuentesfidedignas.com.mx\\\/index.php\\\/2023\\\/10\\\/26\\\/culiacan-en-numeros-positivos-en-la-generacion-de-empleos-sedecom\\\/#breadcrumb\",\"itemListElement\":[{\"@type\":\"ListItem\",\"position\":1,\"name\":\"Inicio\",\"item\":\"https:\\\/\\\/fuentesfidedignas.com.mx\\\/\"},{\"@type\":\"ListItem\",\"position\":2,\"name\":\"Culiac\u00e1n en n\u00fameros positivos en la generaci\u00f3n de empleos: Sedecom\"}]},{\"@type\":\"WebSite\",\"@id\":\"https:\\\/\\\/fuentesfidedignas.com.mx\\\/#website\",\"url\":\"https:\\\/\\\/fuentesfidedignas.com.mx\\\/\",\"name\":\"Fuentes Fidedignas\",\"description\":\"Otro sitio realizado con WordPress\",\"publisher\":{\"@id\":\"https:\\\/\\\/fuentesfidedignas.com.mx\\\/#organization\"},\"potentialAction\":[{\"@type\":\"SearchAction\",\"target\":{\"@type\":\"EntryPoint\",\"urlTemplate\":\"https:\\\/\\\/fuentesfidedignas.com.mx\\\/?s={search_term_string}\"},\"query-input\":{\"@type\":\"PropertyValueSpecification\",\"valueRequired\":true,\"valueName\":\"search_term_string\"}}],\"inLanguage\":\"es\"},{\"@type\":\"Organization\",\"@id\":\"https:\\\/\\\/fuentesfidedignas.com.mx\\\/#organization\",\"name\":\"Fuentes Fidedignas\",\"url\":\"https:\\\/\\\/fuentesfidedignas.com.mx\\\/\",\"logo\":{\"@type\":\"ImageObject\",\"inLanguage\":\"es\",\"@id\":\"https:\\\/\\\/fuentesfidedignas.com.mx\\\/#\\\/schema\\\/logo\\\/image\\\/\",\"url\":\"https:\\\/\\\/fuentesfidedignas.com.mx\\\/wp-content\\\/uploads\\\/2021\\\/04\\\/logo-retina.png\",\"contentUrl\":\"https:\\\/\\\/fuentesfidedignas.com.mx\\\/wp-content\\\/uploads\\\/2021\\\/04\\\/logo-retina.png\",\"width\":280,\"height\":51,\"caption\":\"Fuentes Fidedignas\"},\"image\":{\"@id\":\"https:\\\/\\\/fuentesfidedignas.com.mx\\\/#\\\/schema\\\/logo\\\/image\\\/\"},\"sameAs\":[\"https:\\\/\\\/www.facebook.com\\\/Fuentes-Fidedignas-368234489921644\",\"https:\\\/\\\/x.com\\\/fidedignas\"]},{\"@type\":\"Person\",\"@id\":\"https:\\\/\\\/fuentesfidedignas.com.mx\\\/#\\\/schema\\\/person\\\/331be9283d37198e2acd5750279085b0\",\"name\":\"Redacci\u00f3n\",\"image\":{\"@type\":\"ImageObject\",\"inLanguage\":\"es\",\"@id\":\"https:\\\/\\\/secure.gravatar.com\\\/avatar\\\/f6d8782c11d12b2d4ad3fbb6931aeab5309937a4d6cd2fc9cfaa28a6396a5aec?s=96&d=mm&r=g\",\"url\":\"https:\\\/\\\/secure.gravatar.com\\\/avatar\\\/f6d8782c11d12b2d4ad3fbb6931aeab5309937a4d6cd2fc9cfaa28a6396a5aec?s=96&d=mm&r=g\",\"contentUrl\":\"https:\\\/\\\/secure.gravatar.com\\\/avatar\\\/f6d8782c11d12b2d4ad3fbb6931aeab5309937a4d6cd2fc9cfaa28a6396a5aec?s=96&d=mm&r=g\",\"caption\":\"Redacci\u00f3n\"},\"url\":\"https:\\\/\\\/fuentesfidedignas.com.mx\\\/index.php\\\/author\\\/redaccion\\\/\"}]}<\/script>\n<!-- \/ Yoast SEO plugin. -->","yoast_head_json":{"title":"Culiac\u00e1n en n\u00fameros positivos en la generaci\u00f3n de empleos: Sedecom - Fuentes Fidedignas","robots":{"index":"index","follow":"follow","max-snippet":"max-snippet:-1","max-image-preview":"max-image-preview:large","max-video-preview":"max-video-preview:-1"},"canonical":"https:\/\/fuentesfidedignas.com.mx\/index.php\/2023\/10\/26\/culiacan-en-numeros-positivos-en-la-generacion-de-empleos-sedecom\/","og_locale":"es_MX","og_type":"article","og_title":"Culiac\u00e1n en n\u00fameros positivos en la generaci\u00f3n de empleos: Sedecom - Fuentes Fidedignas","og_description":"Los datos recopilados desde septiembre de 2022 hasta septiembre de 2023 revelan un incremento significativo en la creaci\u00f3n de empleos en la capital sinaloense. Culiac\u00e1n, Sin.- En los \u00faltimos doce meses, Culiac\u00e1n ha experimentado un impacto positivo en la generaci\u00f3n de empleos, seg\u00fan inform\u00f3 Janet Tostado Noriega, titular de la Secretar\u00eda de Desarrollo Econ\u00f3mico Municipal [&hellip;]","og_url":"https:\/\/fuentesfidedignas.com.mx\/index.php\/2023\/10\/26\/culiacan-en-numeros-positivos-en-la-generacion-de-empleos-sedecom\/","og_site_name":"Fuentes Fidedignas","article_publisher":"https:\/\/www.facebook.com\/Fuentes-Fidedignas-368234489921644","article_published_time":"2023-10-27T01:00:48+00:00","article_modified_time":"2023-10-27T01:01:37+00:00","og_image":[{"width":1000,"height":666,"url":"https:\/\/fuentesfidedignas.com.mx\/wp-content\/uploads\/2023\/10\/FERIA_EMPLEO-2-e1698367906432.jpeg","type":"image\/jpeg"}],"author":"Redacci\u00f3n","twitter_card":"summary_large_image","twitter_creator":"@fidedignas","twitter_site":"@fidedignas","twitter_misc":{"Escrito por":"Redacci\u00f3n","Tiempo de lectura":"2 minutos"},"schema":{"@context":"https:\/\/schema.org","@graph":[{"@type":"Article","@id":"https:\/\/fuentesfidedignas.com.mx\/index.php\/2023\/10\/26\/culiacan-en-numeros-positivos-en-la-generacion-de-empleos-sedecom\/#article","isPartOf":{"@id":"https:\/\/fuentesfidedignas.com.mx\/index.php\/2023\/10\/26\/culiacan-en-numeros-positivos-en-la-generacion-de-empleos-sedecom\/"},"author":{"name":"Redacci\u00f3n","@id":"https:\/\/fuentesfidedignas.com.mx\/#\/schema\/person\/331be9283d37198e2acd5750279085b0"},"headline":"Culiac\u00e1n en n\u00fameros positivos en la generaci\u00f3n de empleos: Sedecom","datePublished":"2023-10-27T01:00:48+00:00","dateModified":"2023-10-27T01:01:37+00:00","mainEntityOfPage":{"@id":"https:\/\/fuentesfidedignas.com.mx\/index.php\/2023\/10\/26\/culiacan-en-numeros-positivos-en-la-generacion-de-empleos-sedecom\/"},"wordCount":364,"commentCount":0,"publisher":{"@id":"https:\/\/fuentesfidedignas.com.mx\/#organization"},"image":{"@id":"https:\/\/fuentesfidedignas.com.mx\/index.php\/2023\/10\/26\/culiacan-en-numeros-positivos-en-la-generacion-de-empleos-sedecom\/#primaryimage"},"thumbnailUrl":"https:\/\/fuentesfidedignas.com.mx\/wp-content\/uploads\/2023\/10\/FERIA_EMPLEO-2-e1698367906432.jpeg","inLanguage":"es","potentialAction":[{"@type":"CommentAction","name":"Comment","target":["https:\/\/fuentesfidedignas.com.mx\/index.php\/2023\/10\/26\/culiacan-en-numeros-positivos-en-la-generacion-de-empleos-sedecom\/#respond"]}]},{"@type":"WebPage","@id":"https:\/\/fuentesfidedignas.com.mx\/index.php\/2023\/10\/26\/culiacan-en-numeros-positivos-en-la-generacion-de-empleos-sedecom\/","url":"https:\/\/fuentesfidedignas.com.mx\/index.php\/2023\/10\/26\/culiacan-en-numeros-positivos-en-la-generacion-de-empleos-sedecom\/","name":"Culiac\u00e1n en n\u00fameros positivos en la generaci\u00f3n de empleos: Sedecom - Fuentes Fidedignas","isPartOf":{"@id":"https:\/\/fuentesfidedignas.com.mx\/#website"},"primaryImageOfPage":{"@id":"https:\/\/fuentesfidedignas.com.mx\/index.php\/2023\/10\/26\/culiacan-en-numeros-positivos-en-la-generacion-de-empleos-sedecom\/#primaryimage"},"image":{"@id":"https:\/\/fuentesfidedignas.com.mx\/index.php\/2023\/10\/26\/culiacan-en-numeros-positivos-en-la-generacion-de-empleos-sedecom\/#primaryimage"},"thumbnailUrl":"https:\/\/fuentesfidedignas.com.mx\/wp-content\/uploads\/2023\/10\/FERIA_EMPLEO-2-e1698367906432.jpeg","datePublished":"2023-10-27T01:00:48+00:00","dateModified":"2023-10-27T01:01:37+00:00","breadcrumb":{"@id":"https:\/\/fuentesfidedignas.com.mx\/index.php\/2023\/10\/26\/culiacan-en-numeros-positivos-en-la-generacion-de-empleos-sedecom\/#breadcrumb"},"inLanguage":"es","potentialAction":[{"@type":"ReadAction","target":["https:\/\/fuentesfidedignas.com.mx\/index.php\/2023\/10\/26\/culiacan-en-numeros-positivos-en-la-generacion-de-empleos-sedecom\/"]}]},{"@type":"ImageObject","inLanguage":"es","@id":"https:\/\/fuentesfidedignas.com.mx\/index.php\/2023\/10\/26\/culiacan-en-numeros-positivos-en-la-generacion-de-empleos-sedecom\/#primaryimage","url":"https:\/\/fuentesfidedignas.com.mx\/wp-content\/uploads\/2023\/10\/FERIA_EMPLEO-2-e1698367906432.jpeg","contentUrl":"https:\/\/fuentesfidedignas.com.mx\/wp-content\/uploads\/2023\/10\/FERIA_EMPLEO-2-e1698367906432.jpeg","width":1000,"height":666},{"@type":"BreadcrumbList","@id":"https:\/\/fuentesfidedignas.com.mx\/index.php\/2023\/10\/26\/culiacan-en-numeros-positivos-en-la-generacion-de-empleos-sedecom\/#breadcrumb","itemListElement":[{"@type":"ListItem","position":1,"name":"Inicio","item":"https:\/\/fuentesfidedignas.com.mx\/"},{"@type":"ListItem","position":2,"name":"Culiac\u00e1n en n\u00fameros positivos en la generaci\u00f3n de empleos: Sedecom"}]},{"@type":"WebSite","@id":"https:\/\/fuentesfidedignas.com.mx\/#website","url":"https:\/\/fuentesfidedignas.com.mx\/","name":"Fuentes Fidedignas","description":"Otro sitio realizado con WordPress","publisher":{"@id":"https:\/\/fuentesfidedignas.com.mx\/#organization"},"potentialAction":[{"@type":"SearchAction","target":{"@type":"EntryPoint","urlTemplate":"https:\/\/fuentesfidedignas.com.mx\/?s={search_term_string}"},"query-input":{"@type":"PropertyValueSpecification","valueRequired":true,"valueName":"search_term_string"}}],"inLanguage":"es"},{"@type":"Organization","@id":"https:\/\/fuentesfidedignas.com.mx\/#organization","name":"Fuentes Fidedignas","url":"https:\/\/fuentesfidedignas.com.mx\/","logo":{"@type":"ImageObject","inLanguage":"es","@id":"https:\/\/fuentesfidedignas.com.mx\/#\/schema\/logo\/image\/","url":"https:\/\/fuentesfidedignas.com.mx\/wp-content\/uploads\/2021\/04\/logo-retina.png","contentUrl":"https:\/\/fuentesfidedignas.com.mx\/wp-content\/uploads\/2021\/04\/logo-retina.png","width":280,"height":51,"caption":"Fuentes Fidedignas"},"image":{"@id":"https:\/\/fuentesfidedignas.com.mx\/#\/schema\/logo\/image\/"},"sameAs":["https:\/\/www.facebook.com\/Fuentes-Fidedignas-368234489921644","https:\/\/x.com\/fidedignas"]},{"@type":"Person","@id":"https:\/\/fuentesfidedignas.com.mx\/#\/schema\/person\/331be9283d37198e2acd5750279085b0","name":"Redacci\u00f3n","image":{"@type":"ImageObject","inLanguage":"es","@id":"https:\/\/secure.gravatar.com\/avatar\/f6d8782c11d12b2d4ad3fbb6931aeab5309937a4d6cd2fc9cfaa28a6396a5aec?s=96&d=mm&r=g","url":"https:\/\/secure.gravatar.com\/avatar\/f6d8782c11d12b2d4ad3fbb6931aeab5309937a4d6cd2fc9cfaa28a6396a5aec?s=96&d=mm&r=g","contentUrl":"https:\/\/secure.gravatar.com\/avatar\/f6d8782c11d12b2d4ad3fbb6931aeab5309937a4d6cd2fc9cfaa28a6396a5aec?s=96&d=mm&r=g","caption":"Redacci\u00f3n"},"url":"https:\/\/fuentesfidedignas.com.mx\/index.php\/author\/redaccion\/"}]}},"_links":{"self":[{"href":"https:\/\/fuentesfidedignas.com.mx\/index.php\/wp-json\/wp\/v2\/posts\/63848","targetHints":{"allow":["GET"]}}],"collection":[{"href":"https:\/\/fuentesfidedignas.com.mx\/index.php\/wp-json\/wp\/v2\/posts"}],"about":[{"href":"https:\/\/fuentesfidedignas.com.mx\/index.php\/wp-json\/wp\/v2\/types\/post"}],"author":[{"embeddable":true,"href":"https:\/\/fuentesfidedignas.com.mx\/index.php\/wp-json\/wp\/v2\/users\/4"}],"replies":[{"embeddable":true,"href":"https:\/\/fuentesfidedignas.com.mx\/index.php\/wp-json\/wp\/v2\/comments?post=63848"}],"version-history":[{"count":1,"href":"https:\/\/fuentesfidedignas.com.mx\/index.php\/wp-json\/wp\/v2\/posts\/63848\/revisions"}],"predecessor-version":[{"id":63852,"href":"https:\/\/fuentesfidedignas.com.mx\/index.php\/wp-json\/wp\/v2\/posts\/63848\/revisions\/63852"}],"wp:featuredmedia":[{"embeddable":true,"href":"https:\/\/fuentesfidedignas.com.mx\/index.php\/wp-json\/wp\/v2\/media\/63850"}],"wp:attachment":[{"href":"https:\/\/fuentesfidedignas.com.mx\/index.php\/wp-json\/wp\/v2\/media?parent=63848"}],"wp:term":[{"taxonomy":"category","embeddable":true,"href":"https:\/\/fuentesfidedignas.com.mx\/index.php\/wp-json\/wp\/v2\/categories?post=63848"},{"taxonomy":"post_tag","embeddable":true,"href":"https:\/\/fuentesfidedignas.com.mx\/index.php\/wp-json\/wp\/v2\/tags?post=63848"}],"curies":[{"name":"wp","href":"https:\/\/api.w.org\/{rel}","templated":true}]}}