{"id":63821,"date":"2023-10-26T15:50:08","date_gmt":"2023-10-26T22:50:08","guid":{"rendered":"https:\/\/fuentesfidedignas.com.mx\/?p=63821"},"modified":"2023-10-26T15:50:43","modified_gmt":"2023-10-26T22:50:43","slug":"la-universidad-autonoma-de-coahuila-se-solidariza-con-la-uas","status":"publish","type":"post","link":"https:\/\/fuentesfidedignas.com.mx\/index.php\/2023\/10\/26\/la-universidad-autonoma-de-coahuila-se-solidariza-con-la-uas\/","title":{"rendered":"La Universidad Aut\u00f3noma de Coahuila se solidariza con la UAS"},"content":{"rendered":"\n<p><strong><em>Rechaza cualquier intenci\u00f3n externa que pretenda vulnerar su autonom\u00eda<\/em><\/strong><\/p>\n\n\n\n<p>Culiac\u00e1n, Sin. A trav\u00e9s de un comunicado, la Universidad Aut\u00f3noma de Coahuila manifest\u00f3 su solidaridad con la Universidad Aut\u00f3noma de Sinaloa, rechazando cualquier intenci\u00f3n externa a la UAS que pretenda vulnerar su autonom\u00eda y solicitando que los involucrados se apeguen a derecho.<\/p>\n\n\n\n<p>Dicho documento, firmado por el ingeniero Jes\u00fas Salvador Hern\u00e1ndez V\u00e9lez, Rector de la Universidad Aut\u00f3noma de Coahuila, va dirigido al Poder Ejecutivo del Gobierno del Estado de Sinaloa; al Poder Judicial del Estado de Sinaloa; a la Fiscal\u00eda General del Estado de Sinaloa; a las comunidades universitarias del pa\u00eds y a la sociedad en general.<\/p>\n\n\n\n<figure class=\"wp-block-image size-large\"><img decoding=\"async\" width=\"724\" height=\"1024\" src=\"https:\/\/fuentesfidedignas.com.mx\/wp-content\/uploads\/2023\/10\/Universidad-Coahuila-724x1024.jpg\" alt=\"\" class=\"wp-image-63822\" srcset=\"https:\/\/fuentesfidedignas.com.mx\/wp-content\/uploads\/2023\/10\/Universidad-Coahuila-724x1024.jpg 724w, https:\/\/fuentesfidedignas.com.mx\/wp-content\/uploads\/2023\/10\/Universidad-Coahuila-212x300.jpg 212w, https:\/\/fuentesfidedignas.com.mx\/wp-content\/uploads\/2023\/10\/Universidad-Coahuila-768x1086.jpg 768w, https:\/\/fuentesfidedignas.com.mx\/wp-content\/uploads\/2023\/10\/Universidad-Coahuila-1086x1536.jpg 1086w, https:\/\/fuentesfidedignas.com.mx\/wp-content\/uploads\/2023\/10\/Universidad-Coahuila-696x984.jpg 696w, https:\/\/fuentesfidedignas.com.mx\/wp-content\/uploads\/2023\/10\/Universidad-Coahuila-1068x1510.jpg 1068w, https:\/\/fuentesfidedignas.com.mx\/wp-content\/uploads\/2023\/10\/Universidad-Coahuila-297x420.jpg 297w, https:\/\/fuentesfidedignas.com.mx\/wp-content\/uploads\/2023\/10\/Universidad-Coahuila.jpg 1241w\" sizes=\"(max-width: 724px) 100vw, 724px\" \/><\/figure>\n\n\n\n<p>Se indic\u00f3 que, ante los recientes acontecimientos que afectan al Rector y a diversos funcionarios de la Universidad Aut\u00f3noma de Sinaloa, la Universidad Aut\u00f3noma de Coahuila manifiesta su preocupaci\u00f3n por la intromisi\u00f3n de autoridad judicial en los asuntos que s\u00f3lo corresponde resolver a trav\u00e9s de sus mecanismos internos a una universidad aut\u00f3noma por disposici\u00f3n constitucional, como es la UAS.<\/p>\n\n\n\n<p>Por ello, su solidaridad con la comunidad de la Universidad Aut\u00f3noma de Sinaloa por la situaci\u00f3n conflictiva en la que se encuentra sometida sin necesidad alguna, adem\u00e1s de su rechazo a cualquier intenci\u00f3n externa a la UAS que busque vulnerar la autonom\u00eda de esta instituci\u00f3n de educaci\u00f3n superior.<\/p>\n\n\n\n<p>La Universidad Aut\u00f3noma de Coahuila manifest\u00f3 su deseo de que todos los agentes involucrados en este conflicto se apeguen a lo establecido en un estado de derecho en la Constituci\u00f3n General de la Rep\u00fablica, en la Ley General de Educaci\u00f3n Superior Federal y en las disposiciones internas de la legislaci\u00f3n universitaria de la UAS.<\/p>\n\n\n\n<p>Asimismo, la Universidad Aut\u00f3noma de Coahuila se manifest\u00f3 por el respeto irrestricto a la autonom\u00eda de la Universidad Aut\u00f3noma de Sinaloa, lo cual significa respetar las disposiciones de su Ley Org\u00e1nica en lo referente a la elecci\u00f3n de las autoridades, atribuciones exclusivas de su Consejo Universitario.<\/p>\n\n\n\n<p>Con ello, la Universidad Aut\u00f3noma de Coahuila se suma a m\u00e1s de quince organismos tanto nacionales e internacionales que han respaldado a las UAS ante el atropello sufrido por dicho mandato judicial.<\/p>\n","protected":false},"excerpt":{"rendered":"<p>Rechaza cualquier intenci\u00f3n externa que pretenda vulnerar su autonom\u00eda Culiac\u00e1n, Sin. A trav\u00e9s de un comunicado, la Universidad Aut\u00f3noma de Coahuila manifest\u00f3 su solidaridad con la Universidad Aut\u00f3noma de Sinaloa, rechazando cualquier intenci\u00f3n externa a la UAS que pretenda vulnerar su autonom\u00eda y solicitando que los involucrados se apeguen a derecho. Dicho documento, firmado por [&hellip;]<\/p>\n","protected":false},"author":4,"featured_media":63824,"comment_status":"open","ping_status":"open","sticky":false,"template":"","format":"standard","meta":{"tdm_status":"","tdm_grid_status":"","footnotes":""},"categories":[38,1],"tags":[],"class_list":{"0":"post-63821","1":"post","2":"type-post","3":"status-publish","4":"format-standard","5":"has-post-thumbnail","7":"category-noticias-locales","8":"category-sin-categoria"},"yoast_head":"<!-- This site is optimized with the Yoast SEO plugin v27.5 - https:\/\/yoast.com\/product\/yoast-seo-wordpress\/ -->\n<title>La Universidad Aut\u00f3noma de Coahuila se solidariza con la UAS - Fuentes Fidedignas<\/title>\n<meta name=\"robots\" content=\"index, follow, max-snippet:-1, max-image-preview:large, max-video-preview:-1\" \/>\n<link rel=\"canonical\" href=\"https:\/\/fuentesfidedignas.com.mx\/index.php\/2023\/10\/26\/la-universidad-autonoma-de-coahuila-se-solidariza-con-la-uas\/\" \/>\n<meta property=\"og:locale\" content=\"es_MX\" \/>\n<meta property=\"og:type\" content=\"article\" \/>\n<meta property=\"og:title\" content=\"La Universidad Aut\u00f3noma de Coahuila se solidariza con la UAS - Fuentes Fidedignas\" \/>\n<meta property=\"og:description\" content=\"Rechaza cualquier intenci\u00f3n externa que pretenda vulnerar su autonom\u00eda Culiac\u00e1n, Sin. A trav\u00e9s de un comunicado, la Universidad Aut\u00f3noma de Coahuila manifest\u00f3 su solidaridad con la Universidad Aut\u00f3noma de Sinaloa, rechazando cualquier intenci\u00f3n externa a la UAS que pretenda vulnerar su autonom\u00eda y solicitando que los involucrados se apeguen a derecho. Dicho documento, firmado por [&hellip;]\" \/>\n<meta property=\"og:url\" content=\"https:\/\/fuentesfidedignas.com.mx\/index.php\/2023\/10\/26\/la-universidad-autonoma-de-coahuila-se-solidariza-con-la-uas\/\" \/>\n<meta property=\"og:site_name\" content=\"Fuentes Fidedignas\" \/>\n<meta property=\"article:publisher\" content=\"https:\/\/www.facebook.com\/Fuentes-Fidedignas-368234489921644\" \/>\n<meta property=\"article:published_time\" content=\"2023-10-26T22:50:08+00:00\" \/>\n<meta property=\"article:modified_time\" content=\"2023-10-26T22:50:43+00:00\" \/>\n<meta property=\"og:image\" content=\"https:\/\/fuentesfidedignas.com.mx\/wp-content\/uploads\/2023\/10\/UAS-CAMPUS.jpg\" \/>\n\t<meta property=\"og:image:width\" content=\"1280\" \/>\n\t<meta property=\"og:image:height\" content=\"1030\" \/>\n\t<meta property=\"og:image:type\" content=\"image\/jpeg\" \/>\n<meta name=\"author\" content=\"Redacci\u00f3n\" \/>\n<meta name=\"twitter:card\" content=\"summary_large_image\" \/>\n<meta name=\"twitter:creator\" content=\"@fidedignas\" \/>\n<meta name=\"twitter:site\" content=\"@fidedignas\" \/>\n<meta name=\"twitter:label1\" content=\"Escrito por\" \/>\n\t<meta name=\"twitter:data1\" content=\"Redacci\u00f3n\" \/>\n\t<meta name=\"twitter:label2\" content=\"Tiempo de lectura\" \/>\n\t<meta name=\"twitter:data2\" content=\"2 minutos\" \/>\n<script type=\"application\/ld+json\" class=\"yoast-schema-graph\">{\"@context\":\"https:\\\/\\\/schema.org\",\"@graph\":[{\"@type\":\"Article\",\"@id\":\"https:\\\/\\\/fuentesfidedignas.com.mx\\\/index.php\\\/2023\\\/10\\\/26\\\/la-universidad-autonoma-de-coahuila-se-solidariza-con-la-uas\\\/#article\",\"isPartOf\":{\"@id\":\"https:\\\/\\\/fuentesfidedignas.com.mx\\\/index.php\\\/2023\\\/10\\\/26\\\/la-universidad-autonoma-de-coahuila-se-solidariza-con-la-uas\\\/\"},\"author\":{\"name\":\"Redacci\u00f3n\",\"@id\":\"https:\\\/\\\/fuentesfidedignas.com.mx\\\/#\\\/schema\\\/person\\\/331be9283d37198e2acd5750279085b0\"},\"headline\":\"La Universidad Aut\u00f3noma de Coahuila se solidariza con la UAS\",\"datePublished\":\"2023-10-26T22:50:08+00:00\",\"dateModified\":\"2023-10-26T22:50:43+00:00\",\"mainEntityOfPage\":{\"@id\":\"https:\\\/\\\/fuentesfidedignas.com.mx\\\/index.php\\\/2023\\\/10\\\/26\\\/la-universidad-autonoma-de-coahuila-se-solidariza-con-la-uas\\\/\"},\"wordCount\":397,\"commentCount\":0,\"publisher\":{\"@id\":\"https:\\\/\\\/fuentesfidedignas.com.mx\\\/#organization\"},\"image\":{\"@id\":\"https:\\\/\\\/fuentesfidedignas.com.mx\\\/index.php\\\/2023\\\/10\\\/26\\\/la-universidad-autonoma-de-coahuila-se-solidariza-con-la-uas\\\/#primaryimage\"},\"thumbnailUrl\":\"https:\\\/\\\/fuentesfidedignas.com.mx\\\/wp-content\\\/uploads\\\/2023\\\/10\\\/UAS-CAMPUS.jpg\",\"articleSection\":[\"NOTICIAS LOCALES\"],\"inLanguage\":\"es\",\"potentialAction\":[{\"@type\":\"CommentAction\",\"name\":\"Comment\",\"target\":[\"https:\\\/\\\/fuentesfidedignas.com.mx\\\/index.php\\\/2023\\\/10\\\/26\\\/la-universidad-autonoma-de-coahuila-se-solidariza-con-la-uas\\\/#respond\"]}]},{\"@type\":\"WebPage\",\"@id\":\"https:\\\/\\\/fuentesfidedignas.com.mx\\\/index.php\\\/2023\\\/10\\\/26\\\/la-universidad-autonoma-de-coahuila-se-solidariza-con-la-uas\\\/\",\"url\":\"https:\\\/\\\/fuentesfidedignas.com.mx\\\/index.php\\\/2023\\\/10\\\/26\\\/la-universidad-autonoma-de-coahuila-se-solidariza-con-la-uas\\\/\",\"name\":\"La Universidad Aut\u00f3noma de Coahuila se solidariza con la UAS - Fuentes Fidedignas\",\"isPartOf\":{\"@id\":\"https:\\\/\\\/fuentesfidedignas.com.mx\\\/#website\"},\"primaryImageOfPage\":{\"@id\":\"https:\\\/\\\/fuentesfidedignas.com.mx\\\/index.php\\\/2023\\\/10\\\/26\\\/la-universidad-autonoma-de-coahuila-se-solidariza-con-la-uas\\\/#primaryimage\"},\"image\":{\"@id\":\"https:\\\/\\\/fuentesfidedignas.com.mx\\\/index.php\\\/2023\\\/10\\\/26\\\/la-universidad-autonoma-de-coahuila-se-solidariza-con-la-uas\\\/#primaryimage\"},\"thumbnailUrl\":\"https:\\\/\\\/fuentesfidedignas.com.mx\\\/wp-content\\\/uploads\\\/2023\\\/10\\\/UAS-CAMPUS.jpg\",\"datePublished\":\"2023-10-26T22:50:08+00:00\",\"dateModified\":\"2023-10-26T22:50:43+00:00\",\"breadcrumb\":{\"@id\":\"https:\\\/\\\/fuentesfidedignas.com.mx\\\/index.php\\\/2023\\\/10\\\/26\\\/la-universidad-autonoma-de-coahuila-se-solidariza-con-la-uas\\\/#breadcrumb\"},\"inLanguage\":\"es\",\"potentialAction\":[{\"@type\":\"ReadAction\",\"target\":[\"https:\\\/\\\/fuentesfidedignas.com.mx\\\/index.php\\\/2023\\\/10\\\/26\\\/la-universidad-autonoma-de-coahuila-se-solidariza-con-la-uas\\\/\"]}]},{\"@type\":\"ImageObject\",\"inLanguage\":\"es\",\"@id\":\"https:\\\/\\\/fuentesfidedignas.com.mx\\\/index.php\\\/2023\\\/10\\\/26\\\/la-universidad-autonoma-de-coahuila-se-solidariza-con-la-uas\\\/#primaryimage\",\"url\":\"https:\\\/\\\/fuentesfidedignas.com.mx\\\/wp-content\\\/uploads\\\/2023\\\/10\\\/UAS-CAMPUS.jpg\",\"contentUrl\":\"https:\\\/\\\/fuentesfidedignas.com.mx\\\/wp-content\\\/uploads\\\/2023\\\/10\\\/UAS-CAMPUS.jpg\",\"width\":1280,\"height\":1030},{\"@type\":\"BreadcrumbList\",\"@id\":\"https:\\\/\\\/fuentesfidedignas.com.mx\\\/index.php\\\/2023\\\/10\\\/26\\\/la-universidad-autonoma-de-coahuila-se-solidariza-con-la-uas\\\/#breadcrumb\",\"itemListElement\":[{\"@type\":\"ListItem\",\"position\":1,\"name\":\"Inicio\",\"item\":\"https:\\\/\\\/fuentesfidedignas.com.mx\\\/\"},{\"@type\":\"ListItem\",\"position\":2,\"name\":\"La Universidad Aut\u00f3noma de Coahuila se solidariza con la UAS\"}]},{\"@type\":\"WebSite\",\"@id\":\"https:\\\/\\\/fuentesfidedignas.com.mx\\\/#website\",\"url\":\"https:\\\/\\\/fuentesfidedignas.com.mx\\\/\",\"name\":\"Fuentes Fidedignas\",\"description\":\"Otro sitio realizado con WordPress\",\"publisher\":{\"@id\":\"https:\\\/\\\/fuentesfidedignas.com.mx\\\/#organization\"},\"potentialAction\":[{\"@type\":\"SearchAction\",\"target\":{\"@type\":\"EntryPoint\",\"urlTemplate\":\"https:\\\/\\\/fuentesfidedignas.com.mx\\\/?s={search_term_string}\"},\"query-input\":{\"@type\":\"PropertyValueSpecification\",\"valueRequired\":true,\"valueName\":\"search_term_string\"}}],\"inLanguage\":\"es\"},{\"@type\":\"Organization\",\"@id\":\"https:\\\/\\\/fuentesfidedignas.com.mx\\\/#organization\",\"name\":\"Fuentes Fidedignas\",\"url\":\"https:\\\/\\\/fuentesfidedignas.com.mx\\\/\",\"logo\":{\"@type\":\"ImageObject\",\"inLanguage\":\"es\",\"@id\":\"https:\\\/\\\/fuentesfidedignas.com.mx\\\/#\\\/schema\\\/logo\\\/image\\\/\",\"url\":\"https:\\\/\\\/fuentesfidedignas.com.mx\\\/wp-content\\\/uploads\\\/2021\\\/04\\\/logo-retina.png\",\"contentUrl\":\"https:\\\/\\\/fuentesfidedignas.com.mx\\\/wp-content\\\/uploads\\\/2021\\\/04\\\/logo-retina.png\",\"width\":280,\"height\":51,\"caption\":\"Fuentes Fidedignas\"},\"image\":{\"@id\":\"https:\\\/\\\/fuentesfidedignas.com.mx\\\/#\\\/schema\\\/logo\\\/image\\\/\"},\"sameAs\":[\"https:\\\/\\\/www.facebook.com\\\/Fuentes-Fidedignas-368234489921644\",\"https:\\\/\\\/x.com\\\/fidedignas\"]},{\"@type\":\"Person\",\"@id\":\"https:\\\/\\\/fuentesfidedignas.com.mx\\\/#\\\/schema\\\/person\\\/331be9283d37198e2acd5750279085b0\",\"name\":\"Redacci\u00f3n\",\"image\":{\"@type\":\"ImageObject\",\"inLanguage\":\"es\",\"@id\":\"https:\\\/\\\/secure.gravatar.com\\\/avatar\\\/f6d8782c11d12b2d4ad3fbb6931aeab5309937a4d6cd2fc9cfaa28a6396a5aec?s=96&d=mm&r=g\",\"url\":\"https:\\\/\\\/secure.gravatar.com\\\/avatar\\\/f6d8782c11d12b2d4ad3fbb6931aeab5309937a4d6cd2fc9cfaa28a6396a5aec?s=96&d=mm&r=g\",\"contentUrl\":\"https:\\\/\\\/secure.gravatar.com\\\/avatar\\\/f6d8782c11d12b2d4ad3fbb6931aeab5309937a4d6cd2fc9cfaa28a6396a5aec?s=96&d=mm&r=g\",\"caption\":\"Redacci\u00f3n\"},\"url\":\"https:\\\/\\\/fuentesfidedignas.com.mx\\\/index.php\\\/author\\\/redaccion\\\/\"}]}<\/script>\n<!-- \/ Yoast SEO plugin. -->","yoast_head_json":{"title":"La Universidad Aut\u00f3noma de Coahuila se solidariza con la UAS - Fuentes Fidedignas","robots":{"index":"index","follow":"follow","max-snippet":"max-snippet:-1","max-image-preview":"max-image-preview:large","max-video-preview":"max-video-preview:-1"},"canonical":"https:\/\/fuentesfidedignas.com.mx\/index.php\/2023\/10\/26\/la-universidad-autonoma-de-coahuila-se-solidariza-con-la-uas\/","og_locale":"es_MX","og_type":"article","og_title":"La Universidad Aut\u00f3noma de Coahuila se solidariza con la UAS - Fuentes Fidedignas","og_description":"Rechaza cualquier intenci\u00f3n externa que pretenda vulnerar su autonom\u00eda Culiac\u00e1n, Sin. A trav\u00e9s de un comunicado, la Universidad Aut\u00f3noma de Coahuila manifest\u00f3 su solidaridad con la Universidad Aut\u00f3noma de Sinaloa, rechazando cualquier intenci\u00f3n externa a la UAS que pretenda vulnerar su autonom\u00eda y solicitando que los involucrados se apeguen a derecho. Dicho documento, firmado por [&hellip;]","og_url":"https:\/\/fuentesfidedignas.com.mx\/index.php\/2023\/10\/26\/la-universidad-autonoma-de-coahuila-se-solidariza-con-la-uas\/","og_site_name":"Fuentes Fidedignas","article_publisher":"https:\/\/www.facebook.com\/Fuentes-Fidedignas-368234489921644","article_published_time":"2023-10-26T22:50:08+00:00","article_modified_time":"2023-10-26T22:50:43+00:00","og_image":[{"width":1280,"height":1030,"url":"https:\/\/fuentesfidedignas.com.mx\/wp-content\/uploads\/2023\/10\/UAS-CAMPUS.jpg","type":"image\/jpeg"}],"author":"Redacci\u00f3n","twitter_card":"summary_large_image","twitter_creator":"@fidedignas","twitter_site":"@fidedignas","twitter_misc":{"Escrito por":"Redacci\u00f3n","Tiempo de lectura":"2 minutos"},"schema":{"@context":"https:\/\/schema.org","@graph":[{"@type":"Article","@id":"https:\/\/fuentesfidedignas.com.mx\/index.php\/2023\/10\/26\/la-universidad-autonoma-de-coahuila-se-solidariza-con-la-uas\/#article","isPartOf":{"@id":"https:\/\/fuentesfidedignas.com.mx\/index.php\/2023\/10\/26\/la-universidad-autonoma-de-coahuila-se-solidariza-con-la-uas\/"},"author":{"name":"Redacci\u00f3n","@id":"https:\/\/fuentesfidedignas.com.mx\/#\/schema\/person\/331be9283d37198e2acd5750279085b0"},"headline":"La Universidad Aut\u00f3noma de Coahuila se solidariza con la UAS","datePublished":"2023-10-26T22:50:08+00:00","dateModified":"2023-10-26T22:50:43+00:00","mainEntityOfPage":{"@id":"https:\/\/fuentesfidedignas.com.mx\/index.php\/2023\/10\/26\/la-universidad-autonoma-de-coahuila-se-solidariza-con-la-uas\/"},"wordCount":397,"commentCount":0,"publisher":{"@id":"https:\/\/fuentesfidedignas.com.mx\/#organization"},"image":{"@id":"https:\/\/fuentesfidedignas.com.mx\/index.php\/2023\/10\/26\/la-universidad-autonoma-de-coahuila-se-solidariza-con-la-uas\/#primaryimage"},"thumbnailUrl":"https:\/\/fuentesfidedignas.com.mx\/wp-content\/uploads\/2023\/10\/UAS-CAMPUS.jpg","articleSection":["NOTICIAS LOCALES"],"inLanguage":"es","potentialAction":[{"@type":"CommentAction","name":"Comment","target":["https:\/\/fuentesfidedignas.com.mx\/index.php\/2023\/10\/26\/la-universidad-autonoma-de-coahuila-se-solidariza-con-la-uas\/#respond"]}]},{"@type":"WebPage","@id":"https:\/\/fuentesfidedignas.com.mx\/index.php\/2023\/10\/26\/la-universidad-autonoma-de-coahuila-se-solidariza-con-la-uas\/","url":"https:\/\/fuentesfidedignas.com.mx\/index.php\/2023\/10\/26\/la-universidad-autonoma-de-coahuila-se-solidariza-con-la-uas\/","name":"La Universidad Aut\u00f3noma de Coahuila se solidariza con la UAS - Fuentes Fidedignas","isPartOf":{"@id":"https:\/\/fuentesfidedignas.com.mx\/#website"},"primaryImageOfPage":{"@id":"https:\/\/fuentesfidedignas.com.mx\/index.php\/2023\/10\/26\/la-universidad-autonoma-de-coahuila-se-solidariza-con-la-uas\/#primaryimage"},"image":{"@id":"https:\/\/fuentesfidedignas.com.mx\/index.php\/2023\/10\/26\/la-universidad-autonoma-de-coahuila-se-solidariza-con-la-uas\/#primaryimage"},"thumbnailUrl":"https:\/\/fuentesfidedignas.com.mx\/wp-content\/uploads\/2023\/10\/UAS-CAMPUS.jpg","datePublished":"2023-10-26T22:50:08+00:00","dateModified":"2023-10-26T22:50:43+00:00","breadcrumb":{"@id":"https:\/\/fuentesfidedignas.com.mx\/index.php\/2023\/10\/26\/la-universidad-autonoma-de-coahuila-se-solidariza-con-la-uas\/#breadcrumb"},"inLanguage":"es","potentialAction":[{"@type":"ReadAction","target":["https:\/\/fuentesfidedignas.com.mx\/index.php\/2023\/10\/26\/la-universidad-autonoma-de-coahuila-se-solidariza-con-la-uas\/"]}]},{"@type":"ImageObject","inLanguage":"es","@id":"https:\/\/fuentesfidedignas.com.mx\/index.php\/2023\/10\/26\/la-universidad-autonoma-de-coahuila-se-solidariza-con-la-uas\/#primaryimage","url":"https:\/\/fuentesfidedignas.com.mx\/wp-content\/uploads\/2023\/10\/UAS-CAMPUS.jpg","contentUrl":"https:\/\/fuentesfidedignas.com.mx\/wp-content\/uploads\/2023\/10\/UAS-CAMPUS.jpg","width":1280,"height":1030},{"@type":"BreadcrumbList","@id":"https:\/\/fuentesfidedignas.com.mx\/index.php\/2023\/10\/26\/la-universidad-autonoma-de-coahuila-se-solidariza-con-la-uas\/#breadcrumb","itemListElement":[{"@type":"ListItem","position":1,"name":"Inicio","item":"https:\/\/fuentesfidedignas.com.mx\/"},{"@type":"ListItem","position":2,"name":"La Universidad Aut\u00f3noma de Coahuila se solidariza con la UAS"}]},{"@type":"WebSite","@id":"https:\/\/fuentesfidedignas.com.mx\/#website","url":"https:\/\/fuentesfidedignas.com.mx\/","name":"Fuentes Fidedignas","description":"Otro sitio realizado con WordPress","publisher":{"@id":"https:\/\/fuentesfidedignas.com.mx\/#organization"},"potentialAction":[{"@type":"SearchAction","target":{"@type":"EntryPoint","urlTemplate":"https:\/\/fuentesfidedignas.com.mx\/?s={search_term_string}"},"query-input":{"@type":"PropertyValueSpecification","valueRequired":true,"valueName":"search_term_string"}}],"inLanguage":"es"},{"@type":"Organization","@id":"https:\/\/fuentesfidedignas.com.mx\/#organization","name":"Fuentes Fidedignas","url":"https:\/\/fuentesfidedignas.com.mx\/","logo":{"@type":"ImageObject","inLanguage":"es","@id":"https:\/\/fuentesfidedignas.com.mx\/#\/schema\/logo\/image\/","url":"https:\/\/fuentesfidedignas.com.mx\/wp-content\/uploads\/2021\/04\/logo-retina.png","contentUrl":"https:\/\/fuentesfidedignas.com.mx\/wp-content\/uploads\/2021\/04\/logo-retina.png","width":280,"height":51,"caption":"Fuentes Fidedignas"},"image":{"@id":"https:\/\/fuentesfidedignas.com.mx\/#\/schema\/logo\/image\/"},"sameAs":["https:\/\/www.facebook.com\/Fuentes-Fidedignas-368234489921644","https:\/\/x.com\/fidedignas"]},{"@type":"Person","@id":"https:\/\/fuentesfidedignas.com.mx\/#\/schema\/person\/331be9283d37198e2acd5750279085b0","name":"Redacci\u00f3n","image":{"@type":"ImageObject","inLanguage":"es","@id":"https:\/\/secure.gravatar.com\/avatar\/f6d8782c11d12b2d4ad3fbb6931aeab5309937a4d6cd2fc9cfaa28a6396a5aec?s=96&d=mm&r=g","url":"https:\/\/secure.gravatar.com\/avatar\/f6d8782c11d12b2d4ad3fbb6931aeab5309937a4d6cd2fc9cfaa28a6396a5aec?s=96&d=mm&r=g","contentUrl":"https:\/\/secure.gravatar.com\/avatar\/f6d8782c11d12b2d4ad3fbb6931aeab5309937a4d6cd2fc9cfaa28a6396a5aec?s=96&d=mm&r=g","caption":"Redacci\u00f3n"},"url":"https:\/\/fuentesfidedignas.com.mx\/index.php\/author\/redaccion\/"}]}},"_links":{"self":[{"href":"https:\/\/fuentesfidedignas.com.mx\/index.php\/wp-json\/wp\/v2\/posts\/63821","targetHints":{"allow":["GET"]}}],"collection":[{"href":"https:\/\/fuentesfidedignas.com.mx\/index.php\/wp-json\/wp\/v2\/posts"}],"about":[{"href":"https:\/\/fuentesfidedignas.com.mx\/index.php\/wp-json\/wp\/v2\/types\/post"}],"author":[{"embeddable":true,"href":"https:\/\/fuentesfidedignas.com.mx\/index.php\/wp-json\/wp\/v2\/users\/4"}],"replies":[{"embeddable":true,"href":"https:\/\/fuentesfidedignas.com.mx\/index.php\/wp-json\/wp\/v2\/comments?post=63821"}],"version-history":[{"count":1,"href":"https:\/\/fuentesfidedignas.com.mx\/index.php\/wp-json\/wp\/v2\/posts\/63821\/revisions"}],"predecessor-version":[{"id":63823,"href":"https:\/\/fuentesfidedignas.com.mx\/index.php\/wp-json\/wp\/v2\/posts\/63821\/revisions\/63823"}],"wp:featuredmedia":[{"embeddable":true,"href":"https:\/\/fuentesfidedignas.com.mx\/index.php\/wp-json\/wp\/v2\/media\/63824"}],"wp:attachment":[{"href":"https:\/\/fuentesfidedignas.com.mx\/index.php\/wp-json\/wp\/v2\/media?parent=63821"}],"wp:term":[{"taxonomy":"category","embeddable":true,"href":"https:\/\/fuentesfidedignas.com.mx\/index.php\/wp-json\/wp\/v2\/categories?post=63821"},{"taxonomy":"post_tag","embeddable":true,"href":"https:\/\/fuentesfidedignas.com.mx\/index.php\/wp-json\/wp\/v2\/tags?post=63821"}],"curies":[{"name":"wp","href":"https:\/\/api.w.org\/{rel}","templated":true}]}}