{"id":63802,"date":"2023-10-26T12:38:17","date_gmt":"2023-10-26T19:38:17","guid":{"rendered":"https:\/\/fuentesfidedignas.com.mx\/?p=63802"},"modified":"2023-10-26T12:40:46","modified_gmt":"2023-10-26T19:40:46","slug":"amplia-congreso-registro-para-recibir-propuestas-para-premio-a-la-mujer-rural-sinaloense","status":"publish","type":"post","link":"https:\/\/fuentesfidedignas.com.mx\/index.php\/2023\/10\/26\/amplia-congreso-registro-para-recibir-propuestas-para-premio-a-la-mujer-rural-sinaloense\/","title":{"rendered":"Ampl\u00eda Congreso registro para recibir propuestas para Premio a la Mujer Rural Sinaloense"},"content":{"rendered":"\n<p><strong><em>El premio consiste en un diploma alusivo, una medalla y un est\u00edmulo de 25 mil pesos<\/em><\/strong><\/p>\n\n\n\n<p>La Junta de Coordinaci\u00f3n Pol\u00edtica del Congreso del Estado acord\u00f3 ampliar hasta este viernes 27 de octubre el plazo del registro de propuestas y autopropuestas para participar en el otorgamiento del Premio a la Mujer Rural Sinaloense.<br>La respectiva convocatoria est\u00e1 dirigida a las agrupaciones campesinas, instituciones acad\u00e9micas, organizaciones de la sociedad civil y a la sociedad en general.<\/p>\n\n\n\n<p>Este premio se otorga como un est\u00edmulo a las mujeres rurales que, por su contribuci\u00f3n en el desarrollo del estado, representen un ejemplo a seguir por las mujeres rurales.<br>Pueden participar las mujeres que nacieron en un entorno rural de Sinaloa y no han perdido su vinculaci\u00f3n con el lugar de origen, o bien que habiendo nacido en un entorno rural han emigrado como parte del proceso de transici\u00f3n del campo a la ciudad, y que sus logros les han permitido trascender en una poblaci\u00f3n urbana.<\/p>\n\n\n\n<p>Las propuestas y autopropuestas se pueden seguir presentando en d\u00edas h\u00e1biles en un horario de 9:00 a 17:00 horas, hasta este viernes 27 de octubre, en la Oficial\u00eda de Partes del Congreso del Estado, o bien ser enviadas al correo electr\u00f3nico oficialiadepartes@congresosinaloa.gob.mx<\/p>\n\n\n\n<p>Las propuestas y autopropuestas deber\u00e1n dirigirse a la Junta de Coordinaci\u00f3n Pol\u00edtica del Congreso del Estado, debiendo acompa\u00f1arse de una descripci\u00f3n de las actividades m\u00e1s sobresalientes efectuadas, as\u00ed como la documentaci\u00f3n que lo acredite.<\/p>\n\n\n\n<p>Los requisitos establecidos son los siguientes:<\/p>\n\n\n\n<p>*Oficio de propuesta firmada por la o el representante de las agrupaciones campesinas, instituciones acad\u00e9micas u organizaciones de la sociedad civil, o en su caso oficio de autopropuesta con firma autobi\u00f3grafa de la persona.<br>En el caso de una agrupaci\u00f3n, instituci\u00f3n u organizaci\u00f3n de la sociedad civil, deber\u00e1 acompa\u00f1ar el documento que acredite la representaci\u00f3n legal de la persona que suscribe el documento.<br>*Copia certificada de acta de nacimiento de las mujeres propuestas y autopropuestas, en la cual conste que se naci\u00f3 en un entorno rural del estado.<br>*Se\u00f1alar domicilio y tel\u00e9fono para recibir notificaciones, tanto la persona propuesta y autopropuesta, como de la o del promovente.<br>*Descripci\u00f3n del perfil meritorio mediante documento descriptivo de las actividades m\u00e1s sobresalientes efectuadas por la mujer propuesta o autopropuesta en materia rural y de los cuales se desprenda que no han perdido su vinculaci\u00f3n con su lugar de origen, as\u00ed como la documentaci\u00f3n que lo acredite y justifique.<\/p>\n\n\n\n<p>Concluido el plazo de recepci\u00f3n de propuestas y autopropuestas la Junta de Coordinaci\u00f3n Pol\u00edtica convocar\u00e1 a las comisiones de Asuntos Agropecuarios y de Igualdad, G\u00e9nero, Diversidad Sexual e Inclusi\u00f3n, para constituirse en Jurado del Premio.<\/p>\n\n\n\n<p>El premio consiste en un diploma alusivo, una medalla que en una de sus caras tiene el Escudo de Sinaloa y en la otra el Escudo del Congreso del Estado, y un est\u00edmulo de 25 mil pesos.<\/p>\n","protected":false},"excerpt":{"rendered":"<p>El premio consiste en un diploma alusivo, una medalla y un est\u00edmulo de 25 mil pesos La Junta de Coordinaci\u00f3n Pol\u00edtica del Congreso del Estado acord\u00f3 ampliar hasta este viernes 27 de octubre el plazo del registro de propuestas y autopropuestas para participar en el otorgamiento del Premio a la Mujer Rural Sinaloense.La respectiva convocatoria [&hellip;]<\/p>\n","protected":false},"author":4,"featured_media":63806,"comment_status":"open","ping_status":"open","sticky":false,"template":"","format":"standard","meta":{"tdm_status":"","tdm_grid_status":"","footnotes":""},"categories":[38,1],"tags":[],"class_list":{"0":"post-63802","1":"post","2":"type-post","3":"status-publish","4":"format-standard","5":"has-post-thumbnail","7":"category-noticias-locales","8":"category-sin-categoria"},"yoast_head":"<!-- This site is optimized with the Yoast SEO plugin v27.5 - https:\/\/yoast.com\/product\/yoast-seo-wordpress\/ -->\n<title>Ampl\u00eda Congreso registro para recibir propuestas para Premio a la Mujer Rural Sinaloense - Fuentes Fidedignas<\/title>\n<meta name=\"robots\" content=\"index, follow, max-snippet:-1, max-image-preview:large, max-video-preview:-1\" \/>\n<link rel=\"canonical\" href=\"https:\/\/fuentesfidedignas.com.mx\/index.php\/2023\/10\/26\/amplia-congreso-registro-para-recibir-propuestas-para-premio-a-la-mujer-rural-sinaloense\/\" \/>\n<meta property=\"og:locale\" content=\"es_MX\" \/>\n<meta property=\"og:type\" content=\"article\" \/>\n<meta property=\"og:title\" content=\"Ampl\u00eda Congreso registro para recibir propuestas para Premio a la Mujer Rural Sinaloense - Fuentes Fidedignas\" \/>\n<meta property=\"og:description\" content=\"El premio consiste en un diploma alusivo, una medalla y un est\u00edmulo de 25 mil pesos La Junta de Coordinaci\u00f3n Pol\u00edtica del Congreso del Estado acord\u00f3 ampliar hasta este viernes 27 de octubre el plazo del registro de propuestas y autopropuestas para participar en el otorgamiento del Premio a la Mujer Rural Sinaloense.La respectiva convocatoria [&hellip;]\" \/>\n<meta property=\"og:url\" content=\"https:\/\/fuentesfidedignas.com.mx\/index.php\/2023\/10\/26\/amplia-congreso-registro-para-recibir-propuestas-para-premio-a-la-mujer-rural-sinaloense\/\" \/>\n<meta property=\"og:site_name\" content=\"Fuentes Fidedignas\" \/>\n<meta property=\"article:publisher\" content=\"https:\/\/www.facebook.com\/Fuentes-Fidedignas-368234489921644\" \/>\n<meta property=\"article:published_time\" content=\"2023-10-26T19:38:17+00:00\" \/>\n<meta property=\"article:modified_time\" content=\"2023-10-26T19:40:46+00:00\" \/>\n<meta property=\"og:image\" content=\"https:\/\/fuentesfidedignas.com.mx\/wp-content\/uploads\/2023\/10\/IMG-20231026-WA0003-1.jpg\" \/>\n\t<meta property=\"og:image:width\" content=\"1599\" \/>\n\t<meta property=\"og:image:height\" content=\"1600\" \/>\n\t<meta property=\"og:image:type\" content=\"image\/jpeg\" \/>\n<meta name=\"author\" content=\"Redacci\u00f3n\" \/>\n<meta name=\"twitter:card\" content=\"summary_large_image\" \/>\n<meta name=\"twitter:creator\" content=\"@fidedignas\" \/>\n<meta name=\"twitter:site\" content=\"@fidedignas\" \/>\n<meta name=\"twitter:label1\" content=\"Escrito por\" \/>\n\t<meta name=\"twitter:data1\" content=\"Redacci\u00f3n\" \/>\n\t<meta name=\"twitter:label2\" content=\"Tiempo de lectura\" \/>\n\t<meta name=\"twitter:data2\" content=\"3 minutos\" \/>\n<script type=\"application\/ld+json\" class=\"yoast-schema-graph\">{\"@context\":\"https:\\\/\\\/schema.org\",\"@graph\":[{\"@type\":\"Article\",\"@id\":\"https:\\\/\\\/fuentesfidedignas.com.mx\\\/index.php\\\/2023\\\/10\\\/26\\\/amplia-congreso-registro-para-recibir-propuestas-para-premio-a-la-mujer-rural-sinaloense\\\/#article\",\"isPartOf\":{\"@id\":\"https:\\\/\\\/fuentesfidedignas.com.mx\\\/index.php\\\/2023\\\/10\\\/26\\\/amplia-congreso-registro-para-recibir-propuestas-para-premio-a-la-mujer-rural-sinaloense\\\/\"},\"author\":{\"name\":\"Redacci\u00f3n\",\"@id\":\"https:\\\/\\\/fuentesfidedignas.com.mx\\\/#\\\/schema\\\/person\\\/331be9283d37198e2acd5750279085b0\"},\"headline\":\"Ampl\u00eda Congreso registro para recibir propuestas para Premio a la Mujer Rural Sinaloense\",\"datePublished\":\"2023-10-26T19:38:17+00:00\",\"dateModified\":\"2023-10-26T19:40:46+00:00\",\"mainEntityOfPage\":{\"@id\":\"https:\\\/\\\/fuentesfidedignas.com.mx\\\/index.php\\\/2023\\\/10\\\/26\\\/amplia-congreso-registro-para-recibir-propuestas-para-premio-a-la-mujer-rural-sinaloense\\\/\"},\"wordCount\":520,\"commentCount\":0,\"publisher\":{\"@id\":\"https:\\\/\\\/fuentesfidedignas.com.mx\\\/#organization\"},\"image\":{\"@id\":\"https:\\\/\\\/fuentesfidedignas.com.mx\\\/index.php\\\/2023\\\/10\\\/26\\\/amplia-congreso-registro-para-recibir-propuestas-para-premio-a-la-mujer-rural-sinaloense\\\/#primaryimage\"},\"thumbnailUrl\":\"https:\\\/\\\/fuentesfidedignas.com.mx\\\/wp-content\\\/uploads\\\/2023\\\/10\\\/IMG-20231026-WA0003-1.jpg\",\"articleSection\":[\"NOTICIAS LOCALES\"],\"inLanguage\":\"es\",\"potentialAction\":[{\"@type\":\"CommentAction\",\"name\":\"Comment\",\"target\":[\"https:\\\/\\\/fuentesfidedignas.com.mx\\\/index.php\\\/2023\\\/10\\\/26\\\/amplia-congreso-registro-para-recibir-propuestas-para-premio-a-la-mujer-rural-sinaloense\\\/#respond\"]}]},{\"@type\":\"WebPage\",\"@id\":\"https:\\\/\\\/fuentesfidedignas.com.mx\\\/index.php\\\/2023\\\/10\\\/26\\\/amplia-congreso-registro-para-recibir-propuestas-para-premio-a-la-mujer-rural-sinaloense\\\/\",\"url\":\"https:\\\/\\\/fuentesfidedignas.com.mx\\\/index.php\\\/2023\\\/10\\\/26\\\/amplia-congreso-registro-para-recibir-propuestas-para-premio-a-la-mujer-rural-sinaloense\\\/\",\"name\":\"Ampl\u00eda Congreso registro para recibir propuestas para Premio a la Mujer Rural Sinaloense - Fuentes Fidedignas\",\"isPartOf\":{\"@id\":\"https:\\\/\\\/fuentesfidedignas.com.mx\\\/#website\"},\"primaryImageOfPage\":{\"@id\":\"https:\\\/\\\/fuentesfidedignas.com.mx\\\/index.php\\\/2023\\\/10\\\/26\\\/amplia-congreso-registro-para-recibir-propuestas-para-premio-a-la-mujer-rural-sinaloense\\\/#primaryimage\"},\"image\":{\"@id\":\"https:\\\/\\\/fuentesfidedignas.com.mx\\\/index.php\\\/2023\\\/10\\\/26\\\/amplia-congreso-registro-para-recibir-propuestas-para-premio-a-la-mujer-rural-sinaloense\\\/#primaryimage\"},\"thumbnailUrl\":\"https:\\\/\\\/fuentesfidedignas.com.mx\\\/wp-content\\\/uploads\\\/2023\\\/10\\\/IMG-20231026-WA0003-1.jpg\",\"datePublished\":\"2023-10-26T19:38:17+00:00\",\"dateModified\":\"2023-10-26T19:40:46+00:00\",\"breadcrumb\":{\"@id\":\"https:\\\/\\\/fuentesfidedignas.com.mx\\\/index.php\\\/2023\\\/10\\\/26\\\/amplia-congreso-registro-para-recibir-propuestas-para-premio-a-la-mujer-rural-sinaloense\\\/#breadcrumb\"},\"inLanguage\":\"es\",\"potentialAction\":[{\"@type\":\"ReadAction\",\"target\":[\"https:\\\/\\\/fuentesfidedignas.com.mx\\\/index.php\\\/2023\\\/10\\\/26\\\/amplia-congreso-registro-para-recibir-propuestas-para-premio-a-la-mujer-rural-sinaloense\\\/\"]}]},{\"@type\":\"ImageObject\",\"inLanguage\":\"es\",\"@id\":\"https:\\\/\\\/fuentesfidedignas.com.mx\\\/index.php\\\/2023\\\/10\\\/26\\\/amplia-congreso-registro-para-recibir-propuestas-para-premio-a-la-mujer-rural-sinaloense\\\/#primaryimage\",\"url\":\"https:\\\/\\\/fuentesfidedignas.com.mx\\\/wp-content\\\/uploads\\\/2023\\\/10\\\/IMG-20231026-WA0003-1.jpg\",\"contentUrl\":\"https:\\\/\\\/fuentesfidedignas.com.mx\\\/wp-content\\\/uploads\\\/2023\\\/10\\\/IMG-20231026-WA0003-1.jpg\",\"width\":1599,\"height\":1600},{\"@type\":\"BreadcrumbList\",\"@id\":\"https:\\\/\\\/fuentesfidedignas.com.mx\\\/index.php\\\/2023\\\/10\\\/26\\\/amplia-congreso-registro-para-recibir-propuestas-para-premio-a-la-mujer-rural-sinaloense\\\/#breadcrumb\",\"itemListElement\":[{\"@type\":\"ListItem\",\"position\":1,\"name\":\"Inicio\",\"item\":\"https:\\\/\\\/fuentesfidedignas.com.mx\\\/\"},{\"@type\":\"ListItem\",\"position\":2,\"name\":\"Ampl\u00eda Congreso registro para recibir propuestas para Premio a la Mujer Rural Sinaloense\"}]},{\"@type\":\"WebSite\",\"@id\":\"https:\\\/\\\/fuentesfidedignas.com.mx\\\/#website\",\"url\":\"https:\\\/\\\/fuentesfidedignas.com.mx\\\/\",\"name\":\"Fuentes Fidedignas\",\"description\":\"Otro sitio realizado con WordPress\",\"publisher\":{\"@id\":\"https:\\\/\\\/fuentesfidedignas.com.mx\\\/#organization\"},\"potentialAction\":[{\"@type\":\"SearchAction\",\"target\":{\"@type\":\"EntryPoint\",\"urlTemplate\":\"https:\\\/\\\/fuentesfidedignas.com.mx\\\/?s={search_term_string}\"},\"query-input\":{\"@type\":\"PropertyValueSpecification\",\"valueRequired\":true,\"valueName\":\"search_term_string\"}}],\"inLanguage\":\"es\"},{\"@type\":\"Organization\",\"@id\":\"https:\\\/\\\/fuentesfidedignas.com.mx\\\/#organization\",\"name\":\"Fuentes Fidedignas\",\"url\":\"https:\\\/\\\/fuentesfidedignas.com.mx\\\/\",\"logo\":{\"@type\":\"ImageObject\",\"inLanguage\":\"es\",\"@id\":\"https:\\\/\\\/fuentesfidedignas.com.mx\\\/#\\\/schema\\\/logo\\\/image\\\/\",\"url\":\"https:\\\/\\\/fuentesfidedignas.com.mx\\\/wp-content\\\/uploads\\\/2021\\\/04\\\/logo-retina.png\",\"contentUrl\":\"https:\\\/\\\/fuentesfidedignas.com.mx\\\/wp-content\\\/uploads\\\/2021\\\/04\\\/logo-retina.png\",\"width\":280,\"height\":51,\"caption\":\"Fuentes Fidedignas\"},\"image\":{\"@id\":\"https:\\\/\\\/fuentesfidedignas.com.mx\\\/#\\\/schema\\\/logo\\\/image\\\/\"},\"sameAs\":[\"https:\\\/\\\/www.facebook.com\\\/Fuentes-Fidedignas-368234489921644\",\"https:\\\/\\\/x.com\\\/fidedignas\"]},{\"@type\":\"Person\",\"@id\":\"https:\\\/\\\/fuentesfidedignas.com.mx\\\/#\\\/schema\\\/person\\\/331be9283d37198e2acd5750279085b0\",\"name\":\"Redacci\u00f3n\",\"image\":{\"@type\":\"ImageObject\",\"inLanguage\":\"es\",\"@id\":\"https:\\\/\\\/secure.gravatar.com\\\/avatar\\\/f6d8782c11d12b2d4ad3fbb6931aeab5309937a4d6cd2fc9cfaa28a6396a5aec?s=96&d=mm&r=g\",\"url\":\"https:\\\/\\\/secure.gravatar.com\\\/avatar\\\/f6d8782c11d12b2d4ad3fbb6931aeab5309937a4d6cd2fc9cfaa28a6396a5aec?s=96&d=mm&r=g\",\"contentUrl\":\"https:\\\/\\\/secure.gravatar.com\\\/avatar\\\/f6d8782c11d12b2d4ad3fbb6931aeab5309937a4d6cd2fc9cfaa28a6396a5aec?s=96&d=mm&r=g\",\"caption\":\"Redacci\u00f3n\"},\"url\":\"https:\\\/\\\/fuentesfidedignas.com.mx\\\/index.php\\\/author\\\/redaccion\\\/\"}]}<\/script>\n<!-- \/ Yoast SEO plugin. -->","yoast_head_json":{"title":"Ampl\u00eda Congreso registro para recibir propuestas para Premio a la Mujer Rural Sinaloense - Fuentes Fidedignas","robots":{"index":"index","follow":"follow","max-snippet":"max-snippet:-1","max-image-preview":"max-image-preview:large","max-video-preview":"max-video-preview:-1"},"canonical":"https:\/\/fuentesfidedignas.com.mx\/index.php\/2023\/10\/26\/amplia-congreso-registro-para-recibir-propuestas-para-premio-a-la-mujer-rural-sinaloense\/","og_locale":"es_MX","og_type":"article","og_title":"Ampl\u00eda Congreso registro para recibir propuestas para Premio a la Mujer Rural Sinaloense - Fuentes Fidedignas","og_description":"El premio consiste en un diploma alusivo, una medalla y un est\u00edmulo de 25 mil pesos La Junta de Coordinaci\u00f3n Pol\u00edtica del Congreso del Estado acord\u00f3 ampliar hasta este viernes 27 de octubre el plazo del registro de propuestas y autopropuestas para participar en el otorgamiento del Premio a la Mujer Rural Sinaloense.La respectiva convocatoria [&hellip;]","og_url":"https:\/\/fuentesfidedignas.com.mx\/index.php\/2023\/10\/26\/amplia-congreso-registro-para-recibir-propuestas-para-premio-a-la-mujer-rural-sinaloense\/","og_site_name":"Fuentes Fidedignas","article_publisher":"https:\/\/www.facebook.com\/Fuentes-Fidedignas-368234489921644","article_published_time":"2023-10-26T19:38:17+00:00","article_modified_time":"2023-10-26T19:40:46+00:00","og_image":[{"width":1599,"height":1600,"url":"https:\/\/fuentesfidedignas.com.mx\/wp-content\/uploads\/2023\/10\/IMG-20231026-WA0003-1.jpg","type":"image\/jpeg"}],"author":"Redacci\u00f3n","twitter_card":"summary_large_image","twitter_creator":"@fidedignas","twitter_site":"@fidedignas","twitter_misc":{"Escrito por":"Redacci\u00f3n","Tiempo de lectura":"3 minutos"},"schema":{"@context":"https:\/\/schema.org","@graph":[{"@type":"Article","@id":"https:\/\/fuentesfidedignas.com.mx\/index.php\/2023\/10\/26\/amplia-congreso-registro-para-recibir-propuestas-para-premio-a-la-mujer-rural-sinaloense\/#article","isPartOf":{"@id":"https:\/\/fuentesfidedignas.com.mx\/index.php\/2023\/10\/26\/amplia-congreso-registro-para-recibir-propuestas-para-premio-a-la-mujer-rural-sinaloense\/"},"author":{"name":"Redacci\u00f3n","@id":"https:\/\/fuentesfidedignas.com.mx\/#\/schema\/person\/331be9283d37198e2acd5750279085b0"},"headline":"Ampl\u00eda Congreso registro para recibir propuestas para Premio a la Mujer Rural Sinaloense","datePublished":"2023-10-26T19:38:17+00:00","dateModified":"2023-10-26T19:40:46+00:00","mainEntityOfPage":{"@id":"https:\/\/fuentesfidedignas.com.mx\/index.php\/2023\/10\/26\/amplia-congreso-registro-para-recibir-propuestas-para-premio-a-la-mujer-rural-sinaloense\/"},"wordCount":520,"commentCount":0,"publisher":{"@id":"https:\/\/fuentesfidedignas.com.mx\/#organization"},"image":{"@id":"https:\/\/fuentesfidedignas.com.mx\/index.php\/2023\/10\/26\/amplia-congreso-registro-para-recibir-propuestas-para-premio-a-la-mujer-rural-sinaloense\/#primaryimage"},"thumbnailUrl":"https:\/\/fuentesfidedignas.com.mx\/wp-content\/uploads\/2023\/10\/IMG-20231026-WA0003-1.jpg","articleSection":["NOTICIAS LOCALES"],"inLanguage":"es","potentialAction":[{"@type":"CommentAction","name":"Comment","target":["https:\/\/fuentesfidedignas.com.mx\/index.php\/2023\/10\/26\/amplia-congreso-registro-para-recibir-propuestas-para-premio-a-la-mujer-rural-sinaloense\/#respond"]}]},{"@type":"WebPage","@id":"https:\/\/fuentesfidedignas.com.mx\/index.php\/2023\/10\/26\/amplia-congreso-registro-para-recibir-propuestas-para-premio-a-la-mujer-rural-sinaloense\/","url":"https:\/\/fuentesfidedignas.com.mx\/index.php\/2023\/10\/26\/amplia-congreso-registro-para-recibir-propuestas-para-premio-a-la-mujer-rural-sinaloense\/","name":"Ampl\u00eda Congreso registro para recibir propuestas para Premio a la Mujer Rural Sinaloense - Fuentes Fidedignas","isPartOf":{"@id":"https:\/\/fuentesfidedignas.com.mx\/#website"},"primaryImageOfPage":{"@id":"https:\/\/fuentesfidedignas.com.mx\/index.php\/2023\/10\/26\/amplia-congreso-registro-para-recibir-propuestas-para-premio-a-la-mujer-rural-sinaloense\/#primaryimage"},"image":{"@id":"https:\/\/fuentesfidedignas.com.mx\/index.php\/2023\/10\/26\/amplia-congreso-registro-para-recibir-propuestas-para-premio-a-la-mujer-rural-sinaloense\/#primaryimage"},"thumbnailUrl":"https:\/\/fuentesfidedignas.com.mx\/wp-content\/uploads\/2023\/10\/IMG-20231026-WA0003-1.jpg","datePublished":"2023-10-26T19:38:17+00:00","dateModified":"2023-10-26T19:40:46+00:00","breadcrumb":{"@id":"https:\/\/fuentesfidedignas.com.mx\/index.php\/2023\/10\/26\/amplia-congreso-registro-para-recibir-propuestas-para-premio-a-la-mujer-rural-sinaloense\/#breadcrumb"},"inLanguage":"es","potentialAction":[{"@type":"ReadAction","target":["https:\/\/fuentesfidedignas.com.mx\/index.php\/2023\/10\/26\/amplia-congreso-registro-para-recibir-propuestas-para-premio-a-la-mujer-rural-sinaloense\/"]}]},{"@type":"ImageObject","inLanguage":"es","@id":"https:\/\/fuentesfidedignas.com.mx\/index.php\/2023\/10\/26\/amplia-congreso-registro-para-recibir-propuestas-para-premio-a-la-mujer-rural-sinaloense\/#primaryimage","url":"https:\/\/fuentesfidedignas.com.mx\/wp-content\/uploads\/2023\/10\/IMG-20231026-WA0003-1.jpg","contentUrl":"https:\/\/fuentesfidedignas.com.mx\/wp-content\/uploads\/2023\/10\/IMG-20231026-WA0003-1.jpg","width":1599,"height":1600},{"@type":"BreadcrumbList","@id":"https:\/\/fuentesfidedignas.com.mx\/index.php\/2023\/10\/26\/amplia-congreso-registro-para-recibir-propuestas-para-premio-a-la-mujer-rural-sinaloense\/#breadcrumb","itemListElement":[{"@type":"ListItem","position":1,"name":"Inicio","item":"https:\/\/fuentesfidedignas.com.mx\/"},{"@type":"ListItem","position":2,"name":"Ampl\u00eda Congreso registro para recibir propuestas para Premio a la Mujer Rural Sinaloense"}]},{"@type":"WebSite","@id":"https:\/\/fuentesfidedignas.com.mx\/#website","url":"https:\/\/fuentesfidedignas.com.mx\/","name":"Fuentes Fidedignas","description":"Otro sitio realizado con WordPress","publisher":{"@id":"https:\/\/fuentesfidedignas.com.mx\/#organization"},"potentialAction":[{"@type":"SearchAction","target":{"@type":"EntryPoint","urlTemplate":"https:\/\/fuentesfidedignas.com.mx\/?s={search_term_string}"},"query-input":{"@type":"PropertyValueSpecification","valueRequired":true,"valueName":"search_term_string"}}],"inLanguage":"es"},{"@type":"Organization","@id":"https:\/\/fuentesfidedignas.com.mx\/#organization","name":"Fuentes Fidedignas","url":"https:\/\/fuentesfidedignas.com.mx\/","logo":{"@type":"ImageObject","inLanguage":"es","@id":"https:\/\/fuentesfidedignas.com.mx\/#\/schema\/logo\/image\/","url":"https:\/\/fuentesfidedignas.com.mx\/wp-content\/uploads\/2021\/04\/logo-retina.png","contentUrl":"https:\/\/fuentesfidedignas.com.mx\/wp-content\/uploads\/2021\/04\/logo-retina.png","width":280,"height":51,"caption":"Fuentes Fidedignas"},"image":{"@id":"https:\/\/fuentesfidedignas.com.mx\/#\/schema\/logo\/image\/"},"sameAs":["https:\/\/www.facebook.com\/Fuentes-Fidedignas-368234489921644","https:\/\/x.com\/fidedignas"]},{"@type":"Person","@id":"https:\/\/fuentesfidedignas.com.mx\/#\/schema\/person\/331be9283d37198e2acd5750279085b0","name":"Redacci\u00f3n","image":{"@type":"ImageObject","inLanguage":"es","@id":"https:\/\/secure.gravatar.com\/avatar\/f6d8782c11d12b2d4ad3fbb6931aeab5309937a4d6cd2fc9cfaa28a6396a5aec?s=96&d=mm&r=g","url":"https:\/\/secure.gravatar.com\/avatar\/f6d8782c11d12b2d4ad3fbb6931aeab5309937a4d6cd2fc9cfaa28a6396a5aec?s=96&d=mm&r=g","contentUrl":"https:\/\/secure.gravatar.com\/avatar\/f6d8782c11d12b2d4ad3fbb6931aeab5309937a4d6cd2fc9cfaa28a6396a5aec?s=96&d=mm&r=g","caption":"Redacci\u00f3n"},"url":"https:\/\/fuentesfidedignas.com.mx\/index.php\/author\/redaccion\/"}]}},"_links":{"self":[{"href":"https:\/\/fuentesfidedignas.com.mx\/index.php\/wp-json\/wp\/v2\/posts\/63802","targetHints":{"allow":["GET"]}}],"collection":[{"href":"https:\/\/fuentesfidedignas.com.mx\/index.php\/wp-json\/wp\/v2\/posts"}],"about":[{"href":"https:\/\/fuentesfidedignas.com.mx\/index.php\/wp-json\/wp\/v2\/types\/post"}],"author":[{"embeddable":true,"href":"https:\/\/fuentesfidedignas.com.mx\/index.php\/wp-json\/wp\/v2\/users\/4"}],"replies":[{"embeddable":true,"href":"https:\/\/fuentesfidedignas.com.mx\/index.php\/wp-json\/wp\/v2\/comments?post=63802"}],"version-history":[{"count":1,"href":"https:\/\/fuentesfidedignas.com.mx\/index.php\/wp-json\/wp\/v2\/posts\/63802\/revisions"}],"predecessor-version":[{"id":63803,"href":"https:\/\/fuentesfidedignas.com.mx\/index.php\/wp-json\/wp\/v2\/posts\/63802\/revisions\/63803"}],"wp:featuredmedia":[{"embeddable":true,"href":"https:\/\/fuentesfidedignas.com.mx\/index.php\/wp-json\/wp\/v2\/media\/63806"}],"wp:attachment":[{"href":"https:\/\/fuentesfidedignas.com.mx\/index.php\/wp-json\/wp\/v2\/media?parent=63802"}],"wp:term":[{"taxonomy":"category","embeddable":true,"href":"https:\/\/fuentesfidedignas.com.mx\/index.php\/wp-json\/wp\/v2\/categories?post=63802"},{"taxonomy":"post_tag","embeddable":true,"href":"https:\/\/fuentesfidedignas.com.mx\/index.php\/wp-json\/wp\/v2\/tags?post=63802"}],"curies":[{"name":"wp","href":"https:\/\/api.w.org\/{rel}","templated":true}]}}