{"id":6377,"date":"2021-07-01T05:33:22","date_gmt":"2021-07-01T12:33:22","guid":{"rendered":"https:\/\/fuentesfidedignas.com.mx\/?p=6377"},"modified":"2021-07-01T05:33:23","modified_gmt":"2021-07-01T12:33:23","slug":"oms-culpa-a-la-eurocopa-del-aumento-de-contagios-de-covid-19","status":"publish","type":"post","link":"https:\/\/fuentesfidedignas.com.mx\/index.php\/2021\/07\/01\/oms-culpa-a-la-eurocopa-del-aumento-de-contagios-de-covid-19\/","title":{"rendered":"OMS culpa a la Eurocopa del aumento de contagios de Covid-19"},"content":{"rendered":"\n<p><strong><em>La OMS pidi\u00f3 ver si los asistentes de los partidos de la Eurocopa se trasladan en autobuses llenos y si van a celebrar a bares despu\u00e9s<\/em><\/strong><\/p>\n\n\n\n<p>Londres.- Los aficionados que acuden a los estadios de f\u00fatbol de la Eurocopa 2020 y a los bares y pubs de las ciudades anfitrionas son los causantes del actual aumento de contagios de Covid-19 en Europa, afirm\u00f3 este jueves la Organizaci\u00f3n Mundial de la Salud (OMS).<\/p>\n\n\n\n<p>Seg\u00fan la OMS, el descenso de 10 semanas en las nuevas infecciones por coronavirus en toda la regi\u00f3n ha llegado a su fin y es inevitable que se produzca una nueva ola de contagios si los aficionados al f\u00fatbol y otras personas bajan la guardia.<\/p>\n\n\n\n<p>La semana pasada, el n\u00famero de nuevos casos aument\u00f3 10%, impulsado por la mezcla de aficionados en las ciudades anfitrionas de la Eurocopa 2020, los viajes y la relajaci\u00f3n de las restricciones sociales, advirti\u00f3 la OMS.<\/p>\n\n\n\n<p>\u201cTenemos que mirar mucho m\u00e1s all\u00e1 de los estadios en s\u00ed\u201d, dijo a los periodistas Catherine Smallwood, responsable de emergencias de la OMS.<\/p>\n\n\n\n<p>\u201cTenemos que ver c\u00f3mo llega la gente a los estadios, si viajan en grandes convoyes de autobuses abarrotados Y cuando salen de los estadios, \u00bfse dirigen a bares y pubs abarrotados para ver los partidos?\u201d.<\/p>\n\n\n\n<p>\u201cSon estos peque\u00f1os eventos continuos los que impulsan la propagaci\u00f3n del virus\u201d, dijo Smallwood.<\/p>\n\n\n\n<p>La UEFA dijo en una declaraci\u00f3n a Reuters que las medidas de mitigaci\u00f3n en las sedes \u201cest\u00e1n totalmente alineadas con las regulaciones establecidas por las autoridades locales de salud p\u00fablica competentes\u201d.<\/p>\n\n\n\n<p>\u201cLas decisiones finales con respecto al n\u00famero de aficionados que asisten a los partidos y los requisitos de entrada a cualquiera de los pa\u00edses y estadios anfitriones son responsabilidad de las autoridades locales competentes, y la UEFA sigue estrictamente cualquier medida de este tipo\u201d, dijo.<\/p>\n\n\n\n<p>El aumento de nuevos casos de Covid-19 se produce mientras la variante m\u00e1s contagiosa del virus Delta se extiende r\u00e1pidamente por Europa.<\/p>\n\n\n\n<p>No te pierdas: Alertan que variante Delta dominar\u00e1 en 90% en Europa a fines de agosto<\/p>\n\n\n\n<p>Casi 2,000 personas que viven en Escocia han asistido a un evento de la Eurocopa 2020 estando infectadas de Covid-19, y muchas de ellas asistieron al partido de la fase de grupos contra Inglaterra en Londres el 18 de junio, seg\u00fan informaron el mi\u00e9rcoles las autoridades escocesas.<\/p>\n\n\n\n<p>El aumento de los contagios ha suscitado la preocupaci\u00f3n de que una tercera oleada pueda extenderse por Europa en oto\u00f1o si la gente no se vacuna.<\/p>\n\n\n\n<p>\u201cLa preocupaci\u00f3n de una oleada en oto\u00f1o sigue ah\u00ed, pero lo que vemos ahora es que podr\u00eda llegar incluso antes\u201d, dijo Smallwood.<\/p>\n\n\n\n<p><strong>Alemania rega\u00f1a a la UEFA<\/strong><br>El ministro del Interior de Alemania calific\u00f3 este jueves a la UEFA, el organismo rector del f\u00fatbol europeo, de \u201ccompletamente irresponsable\u201d por permitir grandes multitudes en el torneo Euro 2020 durante un repunte de contagios de coronavirus debido a la variante Delta.<\/p>\n\n\n\n<p>Con unas restricciones de Covid-19 que var\u00edan de un pa\u00eds a otro, el tama\u00f1o del p\u00fablico permitido ha variado desde el aforo completo, como las 60,000 personas en Budapest, hasta un 25-45% de capacidad en otros lugares donde a menudo ha habido alrededor de 10-15,000 espectadores.<\/p>\n\n\n\n<p>\u201cLa posici\u00f3n de la UEFA es completamente irresponsable\u201d, dijo el ministro del Interior alem\u00e1n, Horst Seehofer, en una conferencia de prensa.<\/p>\n\n\n\n<p>\u201cNo puedo explicar por qu\u00e9 la UEFA no est\u00e1 siendo sensata\u2026 sospecho que se debe al comercialismo\u201d.<\/p>\n\n\n\n<p>Seehofer dijo que un partido con 60,000 espectadores \u2014como el Puskas Arena de Hungr\u00eda y tambi\u00e9n previsto para las semifinales y la final en el estadio londinense de Wembley\u2014 contribuir\u00eda inevitablemente la propagaci\u00f3n de Covid-19.<\/p>\n\n\n\n<p>En los partidos de M\u00fanich, se\u00f1al\u00f3, s\u00f3lo se permit\u00eda la entrada a 14,500 aficionados y a todos se les exig\u00eda que llevaran mascarillas, mantuvieran el distanciamiento social y llevaran un resultado negativo de Covid-19 en un formulario.<\/p>\n","protected":false},"excerpt":{"rendered":"<p>La OMS pidi\u00f3 ver si los asistentes de los partidos de la Eurocopa se trasladan en autobuses llenos y si van a celebrar a bares despu\u00e9s Londres.- Los aficionados que acuden a los estadios de f\u00fatbol de la Eurocopa 2020 y a los bares y pubs de las ciudades anfitrionas son los causantes del actual [&hellip;]<\/p>\n","protected":false},"author":5,"featured_media":6378,"comment_status":"open","ping_status":"open","sticky":false,"template":"","format":"standard","meta":{"tdm_status":"","tdm_grid_status":"","footnotes":""},"categories":[39],"tags":[1183,1032],"class_list":{"0":"post-6377","1":"post","2":"type-post","3":"status-publish","4":"format-standard","5":"has-post-thumbnail","7":"category-noticias-nacionales","8":"tag-eurocopa","9":"tag-uefa"},"yoast_head":"<!-- This site is optimized with the Yoast SEO plugin v27.5 - https:\/\/yoast.com\/product\/yoast-seo-wordpress\/ -->\n<title>OMS culpa a la Eurocopa del aumento de contagios de Covid-19 - Fuentes Fidedignas<\/title>\n<meta name=\"robots\" content=\"index, follow, max-snippet:-1, max-image-preview:large, max-video-preview:-1\" \/>\n<link rel=\"canonical\" href=\"https:\/\/fuentesfidedignas.com.mx\/index.php\/2021\/07\/01\/oms-culpa-a-la-eurocopa-del-aumento-de-contagios-de-covid-19\/\" \/>\n<meta property=\"og:locale\" content=\"es_MX\" \/>\n<meta property=\"og:type\" content=\"article\" \/>\n<meta property=\"og:title\" content=\"OMS culpa a la Eurocopa del aumento de contagios de Covid-19 - Fuentes Fidedignas\" \/>\n<meta property=\"og:description\" content=\"La OMS pidi\u00f3 ver si los asistentes de los partidos de la Eurocopa se trasladan en autobuses llenos y si van a celebrar a bares despu\u00e9s Londres.- Los aficionados que acuden a los estadios de f\u00fatbol de la Eurocopa 2020 y a los bares y pubs de las ciudades anfitrionas son los causantes del actual [&hellip;]\" \/>\n<meta property=\"og:url\" content=\"https:\/\/fuentesfidedignas.com.mx\/index.php\/2021\/07\/01\/oms-culpa-a-la-eurocopa-del-aumento-de-contagios-de-covid-19\/\" \/>\n<meta property=\"og:site_name\" content=\"Fuentes Fidedignas\" \/>\n<meta property=\"article:publisher\" content=\"https:\/\/www.facebook.com\/Fuentes-Fidedignas-368234489921644\" \/>\n<meta property=\"article:published_time\" content=\"2021-07-01T12:33:22+00:00\" \/>\n<meta property=\"article:modified_time\" content=\"2021-07-01T12:33:23+00:00\" \/>\n<meta property=\"og:image\" content=\"https:\/\/fuentesfidedignas.com.mx\/wp-content\/uploads\/2021\/07\/eurocopa-768x432-1.jpg\" \/>\n\t<meta property=\"og:image:width\" content=\"768\" \/>\n\t<meta property=\"og:image:height\" content=\"432\" \/>\n\t<meta property=\"og:image:type\" content=\"image\/jpeg\" \/>\n<meta name=\"author\" content=\"Forbes\" \/>\n<meta name=\"twitter:card\" content=\"summary_large_image\" \/>\n<meta name=\"twitter:creator\" content=\"@fidedignas\" \/>\n<meta name=\"twitter:site\" content=\"@fidedignas\" \/>\n<meta name=\"twitter:label1\" content=\"Escrito por\" \/>\n\t<meta name=\"twitter:data1\" content=\"Forbes\" \/>\n\t<meta name=\"twitter:label2\" content=\"Tiempo de lectura\" \/>\n\t<meta name=\"twitter:data2\" content=\"3 minutos\" \/>\n<script type=\"application\/ld+json\" class=\"yoast-schema-graph\">{\"@context\":\"https:\\\/\\\/schema.org\",\"@graph\":[{\"@type\":\"Article\",\"@id\":\"https:\\\/\\\/fuentesfidedignas.com.mx\\\/index.php\\\/2021\\\/07\\\/01\\\/oms-culpa-a-la-eurocopa-del-aumento-de-contagios-de-covid-19\\\/#article\",\"isPartOf\":{\"@id\":\"https:\\\/\\\/fuentesfidedignas.com.mx\\\/index.php\\\/2021\\\/07\\\/01\\\/oms-culpa-a-la-eurocopa-del-aumento-de-contagios-de-covid-19\\\/\"},\"author\":{\"name\":\"Forbes\",\"@id\":\"https:\\\/\\\/fuentesfidedignas.com.mx\\\/#\\\/schema\\\/person\\\/5623d53fe2e579d825b1679734abcc44\"},\"headline\":\"OMS culpa a la Eurocopa del aumento de contagios de Covid-19\",\"datePublished\":\"2021-07-01T12:33:22+00:00\",\"dateModified\":\"2021-07-01T12:33:23+00:00\",\"mainEntityOfPage\":{\"@id\":\"https:\\\/\\\/fuentesfidedignas.com.mx\\\/index.php\\\/2021\\\/07\\\/01\\\/oms-culpa-a-la-eurocopa-del-aumento-de-contagios-de-covid-19\\\/\"},\"wordCount\":681,\"commentCount\":0,\"publisher\":{\"@id\":\"https:\\\/\\\/fuentesfidedignas.com.mx\\\/#organization\"},\"image\":{\"@id\":\"https:\\\/\\\/fuentesfidedignas.com.mx\\\/index.php\\\/2021\\\/07\\\/01\\\/oms-culpa-a-la-eurocopa-del-aumento-de-contagios-de-covid-19\\\/#primaryimage\"},\"thumbnailUrl\":\"https:\\\/\\\/fuentesfidedignas.com.mx\\\/wp-content\\\/uploads\\\/2021\\\/07\\\/eurocopa-768x432-1.jpg\",\"keywords\":[\"Eurocopa\",\"UEFA\"],\"articleSection\":[\"NOTICIAS NACIONALES\"],\"inLanguage\":\"es\",\"potentialAction\":[{\"@type\":\"CommentAction\",\"name\":\"Comment\",\"target\":[\"https:\\\/\\\/fuentesfidedignas.com.mx\\\/index.php\\\/2021\\\/07\\\/01\\\/oms-culpa-a-la-eurocopa-del-aumento-de-contagios-de-covid-19\\\/#respond\"]}]},{\"@type\":\"WebPage\",\"@id\":\"https:\\\/\\\/fuentesfidedignas.com.mx\\\/index.php\\\/2021\\\/07\\\/01\\\/oms-culpa-a-la-eurocopa-del-aumento-de-contagios-de-covid-19\\\/\",\"url\":\"https:\\\/\\\/fuentesfidedignas.com.mx\\\/index.php\\\/2021\\\/07\\\/01\\\/oms-culpa-a-la-eurocopa-del-aumento-de-contagios-de-covid-19\\\/\",\"name\":\"OMS culpa a la Eurocopa del aumento de contagios de Covid-19 - Fuentes Fidedignas\",\"isPartOf\":{\"@id\":\"https:\\\/\\\/fuentesfidedignas.com.mx\\\/#website\"},\"primaryImageOfPage\":{\"@id\":\"https:\\\/\\\/fuentesfidedignas.com.mx\\\/index.php\\\/2021\\\/07\\\/01\\\/oms-culpa-a-la-eurocopa-del-aumento-de-contagios-de-covid-19\\\/#primaryimage\"},\"image\":{\"@id\":\"https:\\\/\\\/fuentesfidedignas.com.mx\\\/index.php\\\/2021\\\/07\\\/01\\\/oms-culpa-a-la-eurocopa-del-aumento-de-contagios-de-covid-19\\\/#primaryimage\"},\"thumbnailUrl\":\"https:\\\/\\\/fuentesfidedignas.com.mx\\\/wp-content\\\/uploads\\\/2021\\\/07\\\/eurocopa-768x432-1.jpg\",\"datePublished\":\"2021-07-01T12:33:22+00:00\",\"dateModified\":\"2021-07-01T12:33:23+00:00\",\"breadcrumb\":{\"@id\":\"https:\\\/\\\/fuentesfidedignas.com.mx\\\/index.php\\\/2021\\\/07\\\/01\\\/oms-culpa-a-la-eurocopa-del-aumento-de-contagios-de-covid-19\\\/#breadcrumb\"},\"inLanguage\":\"es\",\"potentialAction\":[{\"@type\":\"ReadAction\",\"target\":[\"https:\\\/\\\/fuentesfidedignas.com.mx\\\/index.php\\\/2021\\\/07\\\/01\\\/oms-culpa-a-la-eurocopa-del-aumento-de-contagios-de-covid-19\\\/\"]}]},{\"@type\":\"ImageObject\",\"inLanguage\":\"es\",\"@id\":\"https:\\\/\\\/fuentesfidedignas.com.mx\\\/index.php\\\/2021\\\/07\\\/01\\\/oms-culpa-a-la-eurocopa-del-aumento-de-contagios-de-covid-19\\\/#primaryimage\",\"url\":\"https:\\\/\\\/fuentesfidedignas.com.mx\\\/wp-content\\\/uploads\\\/2021\\\/07\\\/eurocopa-768x432-1.jpg\",\"contentUrl\":\"https:\\\/\\\/fuentesfidedignas.com.mx\\\/wp-content\\\/uploads\\\/2021\\\/07\\\/eurocopa-768x432-1.jpg\",\"width\":768,\"height\":432},{\"@type\":\"BreadcrumbList\",\"@id\":\"https:\\\/\\\/fuentesfidedignas.com.mx\\\/index.php\\\/2021\\\/07\\\/01\\\/oms-culpa-a-la-eurocopa-del-aumento-de-contagios-de-covid-19\\\/#breadcrumb\",\"itemListElement\":[{\"@type\":\"ListItem\",\"position\":1,\"name\":\"Inicio\",\"item\":\"https:\\\/\\\/fuentesfidedignas.com.mx\\\/\"},{\"@type\":\"ListItem\",\"position\":2,\"name\":\"OMS culpa a la Eurocopa del aumento de contagios de Covid-19\"}]},{\"@type\":\"WebSite\",\"@id\":\"https:\\\/\\\/fuentesfidedignas.com.mx\\\/#website\",\"url\":\"https:\\\/\\\/fuentesfidedignas.com.mx\\\/\",\"name\":\"Fuentes Fidedignas\",\"description\":\"Otro sitio realizado con WordPress\",\"publisher\":{\"@id\":\"https:\\\/\\\/fuentesfidedignas.com.mx\\\/#organization\"},\"potentialAction\":[{\"@type\":\"SearchAction\",\"target\":{\"@type\":\"EntryPoint\",\"urlTemplate\":\"https:\\\/\\\/fuentesfidedignas.com.mx\\\/?s={search_term_string}\"},\"query-input\":{\"@type\":\"PropertyValueSpecification\",\"valueRequired\":true,\"valueName\":\"search_term_string\"}}],\"inLanguage\":\"es\"},{\"@type\":\"Organization\",\"@id\":\"https:\\\/\\\/fuentesfidedignas.com.mx\\\/#organization\",\"name\":\"Fuentes Fidedignas\",\"url\":\"https:\\\/\\\/fuentesfidedignas.com.mx\\\/\",\"logo\":{\"@type\":\"ImageObject\",\"inLanguage\":\"es\",\"@id\":\"https:\\\/\\\/fuentesfidedignas.com.mx\\\/#\\\/schema\\\/logo\\\/image\\\/\",\"url\":\"https:\\\/\\\/fuentesfidedignas.com.mx\\\/wp-content\\\/uploads\\\/2021\\\/04\\\/logo-retina.png\",\"contentUrl\":\"https:\\\/\\\/fuentesfidedignas.com.mx\\\/wp-content\\\/uploads\\\/2021\\\/04\\\/logo-retina.png\",\"width\":280,\"height\":51,\"caption\":\"Fuentes Fidedignas\"},\"image\":{\"@id\":\"https:\\\/\\\/fuentesfidedignas.com.mx\\\/#\\\/schema\\\/logo\\\/image\\\/\"},\"sameAs\":[\"https:\\\/\\\/www.facebook.com\\\/Fuentes-Fidedignas-368234489921644\",\"https:\\\/\\\/x.com\\\/fidedignas\"]},{\"@type\":\"Person\",\"@id\":\"https:\\\/\\\/fuentesfidedignas.com.mx\\\/#\\\/schema\\\/person\\\/5623d53fe2e579d825b1679734abcc44\",\"name\":\"Forbes\",\"image\":{\"@type\":\"ImageObject\",\"inLanguage\":\"es\",\"@id\":\"https:\\\/\\\/secure.gravatar.com\\\/avatar\\\/87ce3dd4e41e60c22a79c758614f01a6bc2469255fc936ec7b15efb9bb5cb66f?s=96&d=mm&r=g\",\"url\":\"https:\\\/\\\/secure.gravatar.com\\\/avatar\\\/87ce3dd4e41e60c22a79c758614f01a6bc2469255fc936ec7b15efb9bb5cb66f?s=96&d=mm&r=g\",\"contentUrl\":\"https:\\\/\\\/secure.gravatar.com\\\/avatar\\\/87ce3dd4e41e60c22a79c758614f01a6bc2469255fc936ec7b15efb9bb5cb66f?s=96&d=mm&r=g\",\"caption\":\"Forbes\"},\"url\":\"https:\\\/\\\/fuentesfidedignas.com.mx\\\/index.php\\\/author\\\/forbes\\\/\"}]}<\/script>\n<!-- \/ Yoast SEO plugin. -->","yoast_head_json":{"title":"OMS culpa a la Eurocopa del aumento de contagios de Covid-19 - Fuentes Fidedignas","robots":{"index":"index","follow":"follow","max-snippet":"max-snippet:-1","max-image-preview":"max-image-preview:large","max-video-preview":"max-video-preview:-1"},"canonical":"https:\/\/fuentesfidedignas.com.mx\/index.php\/2021\/07\/01\/oms-culpa-a-la-eurocopa-del-aumento-de-contagios-de-covid-19\/","og_locale":"es_MX","og_type":"article","og_title":"OMS culpa a la Eurocopa del aumento de contagios de Covid-19 - Fuentes Fidedignas","og_description":"La OMS pidi\u00f3 ver si los asistentes de los partidos de la Eurocopa se trasladan en autobuses llenos y si van a celebrar a bares despu\u00e9s Londres.- Los aficionados que acuden a los estadios de f\u00fatbol de la Eurocopa 2020 y a los bares y pubs de las ciudades anfitrionas son los causantes del actual [&hellip;]","og_url":"https:\/\/fuentesfidedignas.com.mx\/index.php\/2021\/07\/01\/oms-culpa-a-la-eurocopa-del-aumento-de-contagios-de-covid-19\/","og_site_name":"Fuentes Fidedignas","article_publisher":"https:\/\/www.facebook.com\/Fuentes-Fidedignas-368234489921644","article_published_time":"2021-07-01T12:33:22+00:00","article_modified_time":"2021-07-01T12:33:23+00:00","og_image":[{"width":768,"height":432,"url":"https:\/\/fuentesfidedignas.com.mx\/wp-content\/uploads\/2021\/07\/eurocopa-768x432-1.jpg","type":"image\/jpeg"}],"author":"Forbes","twitter_card":"summary_large_image","twitter_creator":"@fidedignas","twitter_site":"@fidedignas","twitter_misc":{"Escrito por":"Forbes","Tiempo de lectura":"3 minutos"},"schema":{"@context":"https:\/\/schema.org","@graph":[{"@type":"Article","@id":"https:\/\/fuentesfidedignas.com.mx\/index.php\/2021\/07\/01\/oms-culpa-a-la-eurocopa-del-aumento-de-contagios-de-covid-19\/#article","isPartOf":{"@id":"https:\/\/fuentesfidedignas.com.mx\/index.php\/2021\/07\/01\/oms-culpa-a-la-eurocopa-del-aumento-de-contagios-de-covid-19\/"},"author":{"name":"Forbes","@id":"https:\/\/fuentesfidedignas.com.mx\/#\/schema\/person\/5623d53fe2e579d825b1679734abcc44"},"headline":"OMS culpa a la Eurocopa del aumento de contagios de Covid-19","datePublished":"2021-07-01T12:33:22+00:00","dateModified":"2021-07-01T12:33:23+00:00","mainEntityOfPage":{"@id":"https:\/\/fuentesfidedignas.com.mx\/index.php\/2021\/07\/01\/oms-culpa-a-la-eurocopa-del-aumento-de-contagios-de-covid-19\/"},"wordCount":681,"commentCount":0,"publisher":{"@id":"https:\/\/fuentesfidedignas.com.mx\/#organization"},"image":{"@id":"https:\/\/fuentesfidedignas.com.mx\/index.php\/2021\/07\/01\/oms-culpa-a-la-eurocopa-del-aumento-de-contagios-de-covid-19\/#primaryimage"},"thumbnailUrl":"https:\/\/fuentesfidedignas.com.mx\/wp-content\/uploads\/2021\/07\/eurocopa-768x432-1.jpg","keywords":["Eurocopa","UEFA"],"articleSection":["NOTICIAS NACIONALES"],"inLanguage":"es","potentialAction":[{"@type":"CommentAction","name":"Comment","target":["https:\/\/fuentesfidedignas.com.mx\/index.php\/2021\/07\/01\/oms-culpa-a-la-eurocopa-del-aumento-de-contagios-de-covid-19\/#respond"]}]},{"@type":"WebPage","@id":"https:\/\/fuentesfidedignas.com.mx\/index.php\/2021\/07\/01\/oms-culpa-a-la-eurocopa-del-aumento-de-contagios-de-covid-19\/","url":"https:\/\/fuentesfidedignas.com.mx\/index.php\/2021\/07\/01\/oms-culpa-a-la-eurocopa-del-aumento-de-contagios-de-covid-19\/","name":"OMS culpa a la Eurocopa del aumento de contagios de Covid-19 - Fuentes Fidedignas","isPartOf":{"@id":"https:\/\/fuentesfidedignas.com.mx\/#website"},"primaryImageOfPage":{"@id":"https:\/\/fuentesfidedignas.com.mx\/index.php\/2021\/07\/01\/oms-culpa-a-la-eurocopa-del-aumento-de-contagios-de-covid-19\/#primaryimage"},"image":{"@id":"https:\/\/fuentesfidedignas.com.mx\/index.php\/2021\/07\/01\/oms-culpa-a-la-eurocopa-del-aumento-de-contagios-de-covid-19\/#primaryimage"},"thumbnailUrl":"https:\/\/fuentesfidedignas.com.mx\/wp-content\/uploads\/2021\/07\/eurocopa-768x432-1.jpg","datePublished":"2021-07-01T12:33:22+00:00","dateModified":"2021-07-01T12:33:23+00:00","breadcrumb":{"@id":"https:\/\/fuentesfidedignas.com.mx\/index.php\/2021\/07\/01\/oms-culpa-a-la-eurocopa-del-aumento-de-contagios-de-covid-19\/#breadcrumb"},"inLanguage":"es","potentialAction":[{"@type":"ReadAction","target":["https:\/\/fuentesfidedignas.com.mx\/index.php\/2021\/07\/01\/oms-culpa-a-la-eurocopa-del-aumento-de-contagios-de-covid-19\/"]}]},{"@type":"ImageObject","inLanguage":"es","@id":"https:\/\/fuentesfidedignas.com.mx\/index.php\/2021\/07\/01\/oms-culpa-a-la-eurocopa-del-aumento-de-contagios-de-covid-19\/#primaryimage","url":"https:\/\/fuentesfidedignas.com.mx\/wp-content\/uploads\/2021\/07\/eurocopa-768x432-1.jpg","contentUrl":"https:\/\/fuentesfidedignas.com.mx\/wp-content\/uploads\/2021\/07\/eurocopa-768x432-1.jpg","width":768,"height":432},{"@type":"BreadcrumbList","@id":"https:\/\/fuentesfidedignas.com.mx\/index.php\/2021\/07\/01\/oms-culpa-a-la-eurocopa-del-aumento-de-contagios-de-covid-19\/#breadcrumb","itemListElement":[{"@type":"ListItem","position":1,"name":"Inicio","item":"https:\/\/fuentesfidedignas.com.mx\/"},{"@type":"ListItem","position":2,"name":"OMS culpa a la Eurocopa del aumento de contagios de Covid-19"}]},{"@type":"WebSite","@id":"https:\/\/fuentesfidedignas.com.mx\/#website","url":"https:\/\/fuentesfidedignas.com.mx\/","name":"Fuentes Fidedignas","description":"Otro sitio realizado con WordPress","publisher":{"@id":"https:\/\/fuentesfidedignas.com.mx\/#organization"},"potentialAction":[{"@type":"SearchAction","target":{"@type":"EntryPoint","urlTemplate":"https:\/\/fuentesfidedignas.com.mx\/?s={search_term_string}"},"query-input":{"@type":"PropertyValueSpecification","valueRequired":true,"valueName":"search_term_string"}}],"inLanguage":"es"},{"@type":"Organization","@id":"https:\/\/fuentesfidedignas.com.mx\/#organization","name":"Fuentes Fidedignas","url":"https:\/\/fuentesfidedignas.com.mx\/","logo":{"@type":"ImageObject","inLanguage":"es","@id":"https:\/\/fuentesfidedignas.com.mx\/#\/schema\/logo\/image\/","url":"https:\/\/fuentesfidedignas.com.mx\/wp-content\/uploads\/2021\/04\/logo-retina.png","contentUrl":"https:\/\/fuentesfidedignas.com.mx\/wp-content\/uploads\/2021\/04\/logo-retina.png","width":280,"height":51,"caption":"Fuentes Fidedignas"},"image":{"@id":"https:\/\/fuentesfidedignas.com.mx\/#\/schema\/logo\/image\/"},"sameAs":["https:\/\/www.facebook.com\/Fuentes-Fidedignas-368234489921644","https:\/\/x.com\/fidedignas"]},{"@type":"Person","@id":"https:\/\/fuentesfidedignas.com.mx\/#\/schema\/person\/5623d53fe2e579d825b1679734abcc44","name":"Forbes","image":{"@type":"ImageObject","inLanguage":"es","@id":"https:\/\/secure.gravatar.com\/avatar\/87ce3dd4e41e60c22a79c758614f01a6bc2469255fc936ec7b15efb9bb5cb66f?s=96&d=mm&r=g","url":"https:\/\/secure.gravatar.com\/avatar\/87ce3dd4e41e60c22a79c758614f01a6bc2469255fc936ec7b15efb9bb5cb66f?s=96&d=mm&r=g","contentUrl":"https:\/\/secure.gravatar.com\/avatar\/87ce3dd4e41e60c22a79c758614f01a6bc2469255fc936ec7b15efb9bb5cb66f?s=96&d=mm&r=g","caption":"Forbes"},"url":"https:\/\/fuentesfidedignas.com.mx\/index.php\/author\/forbes\/"}]}},"_links":{"self":[{"href":"https:\/\/fuentesfidedignas.com.mx\/index.php\/wp-json\/wp\/v2\/posts\/6377","targetHints":{"allow":["GET"]}}],"collection":[{"href":"https:\/\/fuentesfidedignas.com.mx\/index.php\/wp-json\/wp\/v2\/posts"}],"about":[{"href":"https:\/\/fuentesfidedignas.com.mx\/index.php\/wp-json\/wp\/v2\/types\/post"}],"author":[{"embeddable":true,"href":"https:\/\/fuentesfidedignas.com.mx\/index.php\/wp-json\/wp\/v2\/users\/5"}],"replies":[{"embeddable":true,"href":"https:\/\/fuentesfidedignas.com.mx\/index.php\/wp-json\/wp\/v2\/comments?post=6377"}],"version-history":[{"count":1,"href":"https:\/\/fuentesfidedignas.com.mx\/index.php\/wp-json\/wp\/v2\/posts\/6377\/revisions"}],"predecessor-version":[{"id":6379,"href":"https:\/\/fuentesfidedignas.com.mx\/index.php\/wp-json\/wp\/v2\/posts\/6377\/revisions\/6379"}],"wp:featuredmedia":[{"embeddable":true,"href":"https:\/\/fuentesfidedignas.com.mx\/index.php\/wp-json\/wp\/v2\/media\/6378"}],"wp:attachment":[{"href":"https:\/\/fuentesfidedignas.com.mx\/index.php\/wp-json\/wp\/v2\/media?parent=6377"}],"wp:term":[{"taxonomy":"category","embeddable":true,"href":"https:\/\/fuentesfidedignas.com.mx\/index.php\/wp-json\/wp\/v2\/categories?post=6377"},{"taxonomy":"post_tag","embeddable":true,"href":"https:\/\/fuentesfidedignas.com.mx\/index.php\/wp-json\/wp\/v2\/tags?post=6377"}],"curies":[{"name":"wp","href":"https:\/\/api.w.org\/{rel}","templated":true}]}}