{"id":63757,"date":"2023-10-26T05:24:36","date_gmt":"2023-10-26T12:24:36","guid":{"rendered":"https:\/\/fuentesfidedignas.com.mx\/?p=63757"},"modified":"2023-10-25T19:25:20","modified_gmt":"2023-10-26T02:25:20","slug":"sentencian-a-mil-650-anos-de-prision-a-dos-miembros-del-cartel-del-golfo","status":"publish","type":"post","link":"https:\/\/fuentesfidedignas.com.mx\/index.php\/2023\/10\/26\/sentencian-a-mil-650-anos-de-prision-a-dos-miembros-del-cartel-del-golfo\/","title":{"rendered":"Sentencian a mil 650 a\u00f1os de prisi\u00f3n a dos miembros del C\u00e1rtel del Golfo"},"content":{"rendered":"\n<p><strong><em>La condena de m\u00e1s de un milenio y medio es la m\u00e1s alta en la historia del pa\u00eds por delitos federales y fue impuesta a dos sujetos que fueron identificados como miembros del C\u00e1rtel del Golfo.<\/em><\/strong><\/p>\n\n\n\n<p>Un Juez federal impuso una inusitada sentencia de mil 650 a\u00f1os de prisi\u00f3n \u2013la m\u00e1s alta en la historia del pa\u00eds por delitos federales-, a dos sujetos que fueron integrantes del C\u00e1rtel del Golfo.<\/p>\n\n\n\n<p>Los sentenciados fueron identificados como Christian Josu\u00e9 Galv\u00e1n Hern\u00e1ndez, quien fue detenido a la edad de 18 a\u00f1os (hoy de 26) y Santiago Betancourt Mora, detenido a los 43 a\u00f1os (hoy de 51).<\/p>\n\n\n\n<p>De acuerdo con el antecedente, ambos fueron aprehendidos en septiembre de 2015 por elementos de la desaparecida Polic\u00eda Federal que implementaron un operativo en Reynosa, Tamaulipas, en el que rescataron a 73 migrantes que se encontraban privados de la libertad.<\/p>\n\n\n\n<p>Christian Josu\u00e9 Galv\u00e1n Hern\u00e1ndez fue imputado por los delitos de delincuencia organizada (hip\u00f3tesis de secuestro) y secuestro agravado de 66 v\u00edctimas, todos migrantes extranjeros.<\/p>\n\n\n\n<p>A Santiago Betancourt Mora se le imput\u00f3 por delitos contra la salud; portaci\u00f3n de arma de fuego, granada y cartuchos de uso exclusivo del Ej\u00e9rcito; delincuencia organizada (hip\u00f3tesis de secuestro); secuestro agravado de nueve v\u00edctimas.<\/p>\n\n\n\n<p>Tras diversos procedimientos, el Juzgado Segundo de Distrito de Procesos Penales Federales en Tamaulipas, con residencia en Matamoros, dict\u00f3 sentencia condenatoria en contra de Christian y Santiago.<\/p>\n\n\n\n<p>El Juez impuso mil 650 a\u00f1os de prisi\u00f3n a cada uno, adem\u00e1s de 132 mil 250 d\u00edas de multa y 132 mil 650 d\u00edas de multa, respectivamente.<\/p>\n\n\n\n<p>Al informar del caso, la FGR precis\u00f3 que la sanci\u00f3n de prisi\u00f3n de referencia es la m\u00e1s alta lograda por la procuraci\u00f3n de justicia federal en toda la historia. No se sabe si en la justicia local hay una sentencia mayor.<\/p>\n\n\n\n<p>Precis\u00f3 que la segunda sentencia m\u00e1s alta fue de mil 555 a\u00f1os de prisi\u00f3n impuesta a dos personas, en abril del a\u00f1o en curso. \u201cEs decir, ambas sentencias logradas en esta administraci\u00f3n de la Fiscal\u00eda General de la Rep\u00fablica\u201d.<\/p>\n\n\n\n<p>Dijo que actualmente los sentenciados se encuentran recluidos en el Centro Federal de Readaptaci\u00f3n Social N\u00famero Catorce \u2018CPS-Durango\u2019, con sede en G\u00f3mez Palacio, Durango.<\/p>\n","protected":false},"excerpt":{"rendered":"<p>La condena de m\u00e1s de un milenio y medio es la m\u00e1s alta en la historia del pa\u00eds por delitos federales y fue impuesta a dos sujetos que fueron identificados como miembros del C\u00e1rtel del Golfo. Un Juez federal impuso una inusitada sentencia de mil 650 a\u00f1os de prisi\u00f3n \u2013la m\u00e1s alta en la historia [&hellip;]<\/p>\n","protected":false},"author":21,"featured_media":5995,"comment_status":"open","ping_status":"open","sticky":false,"template":"","format":"standard","meta":{"tdm_status":"","tdm_grid_status":"","footnotes":""},"categories":[40],"tags":[],"class_list":{"0":"post-63757","1":"post","2":"type-post","3":"status-publish","4":"format-standard","5":"has-post-thumbnail","7":"category-las-asombrosas"},"yoast_head":"<!-- This site is optimized with the Yoast SEO plugin v27.4 - https:\/\/yoast.com\/product\/yoast-seo-wordpress\/ -->\n<title>Sentencian a mil 650 a\u00f1os de prisi\u00f3n a dos miembros del C\u00e1rtel del Golfo - Fuentes Fidedignas<\/title>\n<meta name=\"robots\" content=\"index, follow, max-snippet:-1, max-image-preview:large, max-video-preview:-1\" \/>\n<link rel=\"canonical\" href=\"https:\/\/fuentesfidedignas.com.mx\/index.php\/2023\/10\/26\/sentencian-a-mil-650-anos-de-prision-a-dos-miembros-del-cartel-del-golfo\/\" \/>\n<meta property=\"og:locale\" content=\"es_MX\" \/>\n<meta property=\"og:type\" content=\"article\" \/>\n<meta property=\"og:title\" content=\"Sentencian a mil 650 a\u00f1os de prisi\u00f3n a dos miembros del C\u00e1rtel del Golfo - Fuentes Fidedignas\" \/>\n<meta property=\"og:description\" content=\"La condena de m\u00e1s de un milenio y medio es la m\u00e1s alta en la historia del pa\u00eds por delitos federales y fue impuesta a dos sujetos que fueron identificados como miembros del C\u00e1rtel del Golfo. Un Juez federal impuso una inusitada sentencia de mil 650 a\u00f1os de prisi\u00f3n \u2013la m\u00e1s alta en la historia [&hellip;]\" \/>\n<meta property=\"og:url\" content=\"https:\/\/fuentesfidedignas.com.mx\/index.php\/2023\/10\/26\/sentencian-a-mil-650-anos-de-prision-a-dos-miembros-del-cartel-del-golfo\/\" \/>\n<meta property=\"og:site_name\" content=\"Fuentes Fidedignas\" \/>\n<meta property=\"article:publisher\" content=\"https:\/\/www.facebook.com\/Fuentes-Fidedignas-368234489921644\" \/>\n<meta property=\"article:published_time\" content=\"2023-10-26T12:24:36+00:00\" \/>\n<meta property=\"og:image\" content=\"https:\/\/fuentesfidedignas.com.mx\/wp-content\/uploads\/2021\/06\/carcel-2.jpg\" \/>\n\t<meta property=\"og:image:width\" content=\"1000\" \/>\n\t<meta property=\"og:image:height\" content=\"679\" \/>\n\t<meta property=\"og:image:type\" content=\"image\/jpeg\" \/>\n<meta name=\"author\" content=\"El Financiero\" \/>\n<meta name=\"twitter:card\" content=\"summary_large_image\" \/>\n<meta name=\"twitter:creator\" content=\"@fidedignas\" \/>\n<meta name=\"twitter:site\" content=\"@fidedignas\" \/>\n<meta name=\"twitter:label1\" content=\"Escrito por\" \/>\n\t<meta name=\"twitter:data1\" content=\"El Financiero\" \/>\n\t<meta name=\"twitter:label2\" content=\"Tiempo de lectura\" \/>\n\t<meta name=\"twitter:data2\" content=\"2 minutos\" \/>\n<script type=\"application\/ld+json\" class=\"yoast-schema-graph\">{\"@context\":\"https:\\\/\\\/schema.org\",\"@graph\":[{\"@type\":\"Article\",\"@id\":\"https:\\\/\\\/fuentesfidedignas.com.mx\\\/index.php\\\/2023\\\/10\\\/26\\\/sentencian-a-mil-650-anos-de-prision-a-dos-miembros-del-cartel-del-golfo\\\/#article\",\"isPartOf\":{\"@id\":\"https:\\\/\\\/fuentesfidedignas.com.mx\\\/index.php\\\/2023\\\/10\\\/26\\\/sentencian-a-mil-650-anos-de-prision-a-dos-miembros-del-cartel-del-golfo\\\/\"},\"author\":{\"name\":\"El Financiero\",\"@id\":\"https:\\\/\\\/fuentesfidedignas.com.mx\\\/#\\\/schema\\\/person\\\/494f7e0dce8dfaaec5b64f16615b78e9\"},\"headline\":\"Sentencian a mil 650 a\u00f1os de prisi\u00f3n a dos miembros del C\u00e1rtel del Golfo\",\"datePublished\":\"2023-10-26T12:24:36+00:00\",\"mainEntityOfPage\":{\"@id\":\"https:\\\/\\\/fuentesfidedignas.com.mx\\\/index.php\\\/2023\\\/10\\\/26\\\/sentencian-a-mil-650-anos-de-prision-a-dos-miembros-del-cartel-del-golfo\\\/\"},\"wordCount\":403,\"commentCount\":0,\"publisher\":{\"@id\":\"https:\\\/\\\/fuentesfidedignas.com.mx\\\/#organization\"},\"image\":{\"@id\":\"https:\\\/\\\/fuentesfidedignas.com.mx\\\/index.php\\\/2023\\\/10\\\/26\\\/sentencian-a-mil-650-anos-de-prision-a-dos-miembros-del-cartel-del-golfo\\\/#primaryimage\"},\"thumbnailUrl\":\"https:\\\/\\\/fuentesfidedignas.com.mx\\\/wp-content\\\/uploads\\\/2021\\\/06\\\/carcel-2.jpg\",\"articleSection\":[\"LAS ASOMBROSAS\"],\"inLanguage\":\"es\",\"potentialAction\":[{\"@type\":\"CommentAction\",\"name\":\"Comment\",\"target\":[\"https:\\\/\\\/fuentesfidedignas.com.mx\\\/index.php\\\/2023\\\/10\\\/26\\\/sentencian-a-mil-650-anos-de-prision-a-dos-miembros-del-cartel-del-golfo\\\/#respond\"]}]},{\"@type\":\"WebPage\",\"@id\":\"https:\\\/\\\/fuentesfidedignas.com.mx\\\/index.php\\\/2023\\\/10\\\/26\\\/sentencian-a-mil-650-anos-de-prision-a-dos-miembros-del-cartel-del-golfo\\\/\",\"url\":\"https:\\\/\\\/fuentesfidedignas.com.mx\\\/index.php\\\/2023\\\/10\\\/26\\\/sentencian-a-mil-650-anos-de-prision-a-dos-miembros-del-cartel-del-golfo\\\/\",\"name\":\"Sentencian a mil 650 a\u00f1os de prisi\u00f3n a dos miembros del C\u00e1rtel del Golfo - Fuentes Fidedignas\",\"isPartOf\":{\"@id\":\"https:\\\/\\\/fuentesfidedignas.com.mx\\\/#website\"},\"primaryImageOfPage\":{\"@id\":\"https:\\\/\\\/fuentesfidedignas.com.mx\\\/index.php\\\/2023\\\/10\\\/26\\\/sentencian-a-mil-650-anos-de-prision-a-dos-miembros-del-cartel-del-golfo\\\/#primaryimage\"},\"image\":{\"@id\":\"https:\\\/\\\/fuentesfidedignas.com.mx\\\/index.php\\\/2023\\\/10\\\/26\\\/sentencian-a-mil-650-anos-de-prision-a-dos-miembros-del-cartel-del-golfo\\\/#primaryimage\"},\"thumbnailUrl\":\"https:\\\/\\\/fuentesfidedignas.com.mx\\\/wp-content\\\/uploads\\\/2021\\\/06\\\/carcel-2.jpg\",\"datePublished\":\"2023-10-26T12:24:36+00:00\",\"breadcrumb\":{\"@id\":\"https:\\\/\\\/fuentesfidedignas.com.mx\\\/index.php\\\/2023\\\/10\\\/26\\\/sentencian-a-mil-650-anos-de-prision-a-dos-miembros-del-cartel-del-golfo\\\/#breadcrumb\"},\"inLanguage\":\"es\",\"potentialAction\":[{\"@type\":\"ReadAction\",\"target\":[\"https:\\\/\\\/fuentesfidedignas.com.mx\\\/index.php\\\/2023\\\/10\\\/26\\\/sentencian-a-mil-650-anos-de-prision-a-dos-miembros-del-cartel-del-golfo\\\/\"]}]},{\"@type\":\"ImageObject\",\"inLanguage\":\"es\",\"@id\":\"https:\\\/\\\/fuentesfidedignas.com.mx\\\/index.php\\\/2023\\\/10\\\/26\\\/sentencian-a-mil-650-anos-de-prision-a-dos-miembros-del-cartel-del-golfo\\\/#primaryimage\",\"url\":\"https:\\\/\\\/fuentesfidedignas.com.mx\\\/wp-content\\\/uploads\\\/2021\\\/06\\\/carcel-2.jpg\",\"contentUrl\":\"https:\\\/\\\/fuentesfidedignas.com.mx\\\/wp-content\\\/uploads\\\/2021\\\/06\\\/carcel-2.jpg\",\"width\":1000,\"height\":679},{\"@type\":\"BreadcrumbList\",\"@id\":\"https:\\\/\\\/fuentesfidedignas.com.mx\\\/index.php\\\/2023\\\/10\\\/26\\\/sentencian-a-mil-650-anos-de-prision-a-dos-miembros-del-cartel-del-golfo\\\/#breadcrumb\",\"itemListElement\":[{\"@type\":\"ListItem\",\"position\":1,\"name\":\"Inicio\",\"item\":\"https:\\\/\\\/fuentesfidedignas.com.mx\\\/\"},{\"@type\":\"ListItem\",\"position\":2,\"name\":\"Sentencian a mil 650 a\u00f1os de prisi\u00f3n a dos miembros del C\u00e1rtel del Golfo\"}]},{\"@type\":\"WebSite\",\"@id\":\"https:\\\/\\\/fuentesfidedignas.com.mx\\\/#website\",\"url\":\"https:\\\/\\\/fuentesfidedignas.com.mx\\\/\",\"name\":\"Fuentes Fidedignas\",\"description\":\"Otro sitio realizado con WordPress\",\"publisher\":{\"@id\":\"https:\\\/\\\/fuentesfidedignas.com.mx\\\/#organization\"},\"potentialAction\":[{\"@type\":\"SearchAction\",\"target\":{\"@type\":\"EntryPoint\",\"urlTemplate\":\"https:\\\/\\\/fuentesfidedignas.com.mx\\\/?s={search_term_string}\"},\"query-input\":{\"@type\":\"PropertyValueSpecification\",\"valueRequired\":true,\"valueName\":\"search_term_string\"}}],\"inLanguage\":\"es\"},{\"@type\":\"Organization\",\"@id\":\"https:\\\/\\\/fuentesfidedignas.com.mx\\\/#organization\",\"name\":\"Fuentes Fidedignas\",\"url\":\"https:\\\/\\\/fuentesfidedignas.com.mx\\\/\",\"logo\":{\"@type\":\"ImageObject\",\"inLanguage\":\"es\",\"@id\":\"https:\\\/\\\/fuentesfidedignas.com.mx\\\/#\\\/schema\\\/logo\\\/image\\\/\",\"url\":\"https:\\\/\\\/fuentesfidedignas.com.mx\\\/wp-content\\\/uploads\\\/2021\\\/04\\\/logo-retina.png\",\"contentUrl\":\"https:\\\/\\\/fuentesfidedignas.com.mx\\\/wp-content\\\/uploads\\\/2021\\\/04\\\/logo-retina.png\",\"width\":280,\"height\":51,\"caption\":\"Fuentes Fidedignas\"},\"image\":{\"@id\":\"https:\\\/\\\/fuentesfidedignas.com.mx\\\/#\\\/schema\\\/logo\\\/image\\\/\"},\"sameAs\":[\"https:\\\/\\\/www.facebook.com\\\/Fuentes-Fidedignas-368234489921644\",\"https:\\\/\\\/x.com\\\/fidedignas\"]},{\"@type\":\"Person\",\"@id\":\"https:\\\/\\\/fuentesfidedignas.com.mx\\\/#\\\/schema\\\/person\\\/494f7e0dce8dfaaec5b64f16615b78e9\",\"name\":\"El Financiero\",\"image\":{\"@type\":\"ImageObject\",\"inLanguage\":\"es\",\"@id\":\"https:\\\/\\\/secure.gravatar.com\\\/avatar\\\/88c0f3f2079389318ef8dd35c22cb997212aa89646e357ba59b318db26ed91a9?s=96&d=mm&r=g\",\"url\":\"https:\\\/\\\/secure.gravatar.com\\\/avatar\\\/88c0f3f2079389318ef8dd35c22cb997212aa89646e357ba59b318db26ed91a9?s=96&d=mm&r=g\",\"contentUrl\":\"https:\\\/\\\/secure.gravatar.com\\\/avatar\\\/88c0f3f2079389318ef8dd35c22cb997212aa89646e357ba59b318db26ed91a9?s=96&d=mm&r=g\",\"caption\":\"El Financiero\"},\"url\":\"https:\\\/\\\/fuentesfidedignas.com.mx\\\/index.php\\\/author\\\/financiero\\\/\"}]}<\/script>\n<!-- \/ Yoast SEO plugin. -->","yoast_head_json":{"title":"Sentencian a mil 650 a\u00f1os de prisi\u00f3n a dos miembros del C\u00e1rtel del Golfo - Fuentes Fidedignas","robots":{"index":"index","follow":"follow","max-snippet":"max-snippet:-1","max-image-preview":"max-image-preview:large","max-video-preview":"max-video-preview:-1"},"canonical":"https:\/\/fuentesfidedignas.com.mx\/index.php\/2023\/10\/26\/sentencian-a-mil-650-anos-de-prision-a-dos-miembros-del-cartel-del-golfo\/","og_locale":"es_MX","og_type":"article","og_title":"Sentencian a mil 650 a\u00f1os de prisi\u00f3n a dos miembros del C\u00e1rtel del Golfo - Fuentes Fidedignas","og_description":"La condena de m\u00e1s de un milenio y medio es la m\u00e1s alta en la historia del pa\u00eds por delitos federales y fue impuesta a dos sujetos que fueron identificados como miembros del C\u00e1rtel del Golfo. Un Juez federal impuso una inusitada sentencia de mil 650 a\u00f1os de prisi\u00f3n \u2013la m\u00e1s alta en la historia [&hellip;]","og_url":"https:\/\/fuentesfidedignas.com.mx\/index.php\/2023\/10\/26\/sentencian-a-mil-650-anos-de-prision-a-dos-miembros-del-cartel-del-golfo\/","og_site_name":"Fuentes Fidedignas","article_publisher":"https:\/\/www.facebook.com\/Fuentes-Fidedignas-368234489921644","article_published_time":"2023-10-26T12:24:36+00:00","og_image":[{"width":1000,"height":679,"url":"https:\/\/fuentesfidedignas.com.mx\/wp-content\/uploads\/2021\/06\/carcel-2.jpg","type":"image\/jpeg"}],"author":"El Financiero","twitter_card":"summary_large_image","twitter_creator":"@fidedignas","twitter_site":"@fidedignas","twitter_misc":{"Escrito por":"El Financiero","Tiempo de lectura":"2 minutos"},"schema":{"@context":"https:\/\/schema.org","@graph":[{"@type":"Article","@id":"https:\/\/fuentesfidedignas.com.mx\/index.php\/2023\/10\/26\/sentencian-a-mil-650-anos-de-prision-a-dos-miembros-del-cartel-del-golfo\/#article","isPartOf":{"@id":"https:\/\/fuentesfidedignas.com.mx\/index.php\/2023\/10\/26\/sentencian-a-mil-650-anos-de-prision-a-dos-miembros-del-cartel-del-golfo\/"},"author":{"name":"El Financiero","@id":"https:\/\/fuentesfidedignas.com.mx\/#\/schema\/person\/494f7e0dce8dfaaec5b64f16615b78e9"},"headline":"Sentencian a mil 650 a\u00f1os de prisi\u00f3n a dos miembros del C\u00e1rtel del Golfo","datePublished":"2023-10-26T12:24:36+00:00","mainEntityOfPage":{"@id":"https:\/\/fuentesfidedignas.com.mx\/index.php\/2023\/10\/26\/sentencian-a-mil-650-anos-de-prision-a-dos-miembros-del-cartel-del-golfo\/"},"wordCount":403,"commentCount":0,"publisher":{"@id":"https:\/\/fuentesfidedignas.com.mx\/#organization"},"image":{"@id":"https:\/\/fuentesfidedignas.com.mx\/index.php\/2023\/10\/26\/sentencian-a-mil-650-anos-de-prision-a-dos-miembros-del-cartel-del-golfo\/#primaryimage"},"thumbnailUrl":"https:\/\/fuentesfidedignas.com.mx\/wp-content\/uploads\/2021\/06\/carcel-2.jpg","articleSection":["LAS ASOMBROSAS"],"inLanguage":"es","potentialAction":[{"@type":"CommentAction","name":"Comment","target":["https:\/\/fuentesfidedignas.com.mx\/index.php\/2023\/10\/26\/sentencian-a-mil-650-anos-de-prision-a-dos-miembros-del-cartel-del-golfo\/#respond"]}]},{"@type":"WebPage","@id":"https:\/\/fuentesfidedignas.com.mx\/index.php\/2023\/10\/26\/sentencian-a-mil-650-anos-de-prision-a-dos-miembros-del-cartel-del-golfo\/","url":"https:\/\/fuentesfidedignas.com.mx\/index.php\/2023\/10\/26\/sentencian-a-mil-650-anos-de-prision-a-dos-miembros-del-cartel-del-golfo\/","name":"Sentencian a mil 650 a\u00f1os de prisi\u00f3n a dos miembros del C\u00e1rtel del Golfo - Fuentes Fidedignas","isPartOf":{"@id":"https:\/\/fuentesfidedignas.com.mx\/#website"},"primaryImageOfPage":{"@id":"https:\/\/fuentesfidedignas.com.mx\/index.php\/2023\/10\/26\/sentencian-a-mil-650-anos-de-prision-a-dos-miembros-del-cartel-del-golfo\/#primaryimage"},"image":{"@id":"https:\/\/fuentesfidedignas.com.mx\/index.php\/2023\/10\/26\/sentencian-a-mil-650-anos-de-prision-a-dos-miembros-del-cartel-del-golfo\/#primaryimage"},"thumbnailUrl":"https:\/\/fuentesfidedignas.com.mx\/wp-content\/uploads\/2021\/06\/carcel-2.jpg","datePublished":"2023-10-26T12:24:36+00:00","breadcrumb":{"@id":"https:\/\/fuentesfidedignas.com.mx\/index.php\/2023\/10\/26\/sentencian-a-mil-650-anos-de-prision-a-dos-miembros-del-cartel-del-golfo\/#breadcrumb"},"inLanguage":"es","potentialAction":[{"@type":"ReadAction","target":["https:\/\/fuentesfidedignas.com.mx\/index.php\/2023\/10\/26\/sentencian-a-mil-650-anos-de-prision-a-dos-miembros-del-cartel-del-golfo\/"]}]},{"@type":"ImageObject","inLanguage":"es","@id":"https:\/\/fuentesfidedignas.com.mx\/index.php\/2023\/10\/26\/sentencian-a-mil-650-anos-de-prision-a-dos-miembros-del-cartel-del-golfo\/#primaryimage","url":"https:\/\/fuentesfidedignas.com.mx\/wp-content\/uploads\/2021\/06\/carcel-2.jpg","contentUrl":"https:\/\/fuentesfidedignas.com.mx\/wp-content\/uploads\/2021\/06\/carcel-2.jpg","width":1000,"height":679},{"@type":"BreadcrumbList","@id":"https:\/\/fuentesfidedignas.com.mx\/index.php\/2023\/10\/26\/sentencian-a-mil-650-anos-de-prision-a-dos-miembros-del-cartel-del-golfo\/#breadcrumb","itemListElement":[{"@type":"ListItem","position":1,"name":"Inicio","item":"https:\/\/fuentesfidedignas.com.mx\/"},{"@type":"ListItem","position":2,"name":"Sentencian a mil 650 a\u00f1os de prisi\u00f3n a dos miembros del C\u00e1rtel del Golfo"}]},{"@type":"WebSite","@id":"https:\/\/fuentesfidedignas.com.mx\/#website","url":"https:\/\/fuentesfidedignas.com.mx\/","name":"Fuentes Fidedignas","description":"Otro sitio realizado con WordPress","publisher":{"@id":"https:\/\/fuentesfidedignas.com.mx\/#organization"},"potentialAction":[{"@type":"SearchAction","target":{"@type":"EntryPoint","urlTemplate":"https:\/\/fuentesfidedignas.com.mx\/?s={search_term_string}"},"query-input":{"@type":"PropertyValueSpecification","valueRequired":true,"valueName":"search_term_string"}}],"inLanguage":"es"},{"@type":"Organization","@id":"https:\/\/fuentesfidedignas.com.mx\/#organization","name":"Fuentes Fidedignas","url":"https:\/\/fuentesfidedignas.com.mx\/","logo":{"@type":"ImageObject","inLanguage":"es","@id":"https:\/\/fuentesfidedignas.com.mx\/#\/schema\/logo\/image\/","url":"https:\/\/fuentesfidedignas.com.mx\/wp-content\/uploads\/2021\/04\/logo-retina.png","contentUrl":"https:\/\/fuentesfidedignas.com.mx\/wp-content\/uploads\/2021\/04\/logo-retina.png","width":280,"height":51,"caption":"Fuentes Fidedignas"},"image":{"@id":"https:\/\/fuentesfidedignas.com.mx\/#\/schema\/logo\/image\/"},"sameAs":["https:\/\/www.facebook.com\/Fuentes-Fidedignas-368234489921644","https:\/\/x.com\/fidedignas"]},{"@type":"Person","@id":"https:\/\/fuentesfidedignas.com.mx\/#\/schema\/person\/494f7e0dce8dfaaec5b64f16615b78e9","name":"El Financiero","image":{"@type":"ImageObject","inLanguage":"es","@id":"https:\/\/secure.gravatar.com\/avatar\/88c0f3f2079389318ef8dd35c22cb997212aa89646e357ba59b318db26ed91a9?s=96&d=mm&r=g","url":"https:\/\/secure.gravatar.com\/avatar\/88c0f3f2079389318ef8dd35c22cb997212aa89646e357ba59b318db26ed91a9?s=96&d=mm&r=g","contentUrl":"https:\/\/secure.gravatar.com\/avatar\/88c0f3f2079389318ef8dd35c22cb997212aa89646e357ba59b318db26ed91a9?s=96&d=mm&r=g","caption":"El Financiero"},"url":"https:\/\/fuentesfidedignas.com.mx\/index.php\/author\/financiero\/"}]}},"_links":{"self":[{"href":"https:\/\/fuentesfidedignas.com.mx\/index.php\/wp-json\/wp\/v2\/posts\/63757","targetHints":{"allow":["GET"]}}],"collection":[{"href":"https:\/\/fuentesfidedignas.com.mx\/index.php\/wp-json\/wp\/v2\/posts"}],"about":[{"href":"https:\/\/fuentesfidedignas.com.mx\/index.php\/wp-json\/wp\/v2\/types\/post"}],"author":[{"embeddable":true,"href":"https:\/\/fuentesfidedignas.com.mx\/index.php\/wp-json\/wp\/v2\/users\/21"}],"replies":[{"embeddable":true,"href":"https:\/\/fuentesfidedignas.com.mx\/index.php\/wp-json\/wp\/v2\/comments?post=63757"}],"version-history":[{"count":1,"href":"https:\/\/fuentesfidedignas.com.mx\/index.php\/wp-json\/wp\/v2\/posts\/63757\/revisions"}],"predecessor-version":[{"id":63758,"href":"https:\/\/fuentesfidedignas.com.mx\/index.php\/wp-json\/wp\/v2\/posts\/63757\/revisions\/63758"}],"wp:featuredmedia":[{"embeddable":true,"href":"https:\/\/fuentesfidedignas.com.mx\/index.php\/wp-json\/wp\/v2\/media\/5995"}],"wp:attachment":[{"href":"https:\/\/fuentesfidedignas.com.mx\/index.php\/wp-json\/wp\/v2\/media?parent=63757"}],"wp:term":[{"taxonomy":"category","embeddable":true,"href":"https:\/\/fuentesfidedignas.com.mx\/index.php\/wp-json\/wp\/v2\/categories?post=63757"},{"taxonomy":"post_tag","embeddable":true,"href":"https:\/\/fuentesfidedignas.com.mx\/index.php\/wp-json\/wp\/v2\/tags?post=63757"}],"curies":[{"name":"wp","href":"https:\/\/api.w.org\/{rel}","templated":true}]}}