{"id":63681,"date":"2023-10-25T13:02:34","date_gmt":"2023-10-25T20:02:34","guid":{"rendered":"https:\/\/fuentesfidedignas.com.mx\/?p=63681"},"modified":"2023-10-25T13:03:13","modified_gmt":"2023-10-25T20:03:13","slug":"al-90-el-restablecimiento-de-los-servicios-en-los-mochis-y-el-resto-de-ahome","status":"publish","type":"post","link":"https:\/\/fuentesfidedignas.com.mx\/index.php\/2023\/10\/25\/al-90-el-restablecimiento-de-los-servicios-en-los-mochis-y-el-resto-de-ahome\/","title":{"rendered":"Al 90% el restablecimiento de los servicios en Los Mochis y el resto de Ahome"},"content":{"rendered":"\n<p><strong><em>El Presidente Municipal agradeci\u00f3 a la sociedad civil, a la CFE, a las Fuerzas Federales y a los organismos productivos por sumarse a las acciones de limpieza y restablecimiento de los servicios<\/em><\/strong><\/p>\n\n\n\n<p>Los Mochis, Ahome, Sin.- El alcalde Gerardo Octavio Vargas Landeros dijo que, aun y cuando el Municipio no est\u00e1 todav\u00eda al 100%, ya que siguen algunas comunidades sin energ\u00eda y sin agua, se espera que este mi\u00e9rcoles quede todo restablecido, seg\u00fan datos proporcionados por la Comisi\u00f3n Federal de Electricidad (CFE).<\/p>\n\n\n\n<p><strong>\u201cEn la ciudad de Los Mochis estamos al 90% y en la zona rural a un 80% hasta este momento; y s\u00ed hay algunas comunidades que tienen energ\u00eda, pero no agua, y otras que tienen agua, pero no energ\u00eda, y tambi\u00e9n hay muchas escuelas en la misma situaci\u00f3n: sin energ\u00eda y sin agua<\/strong>\u201d, coment\u00f3 Vargas Landeros.<\/p>\n\n\n\n<p>Subray\u00f3 que ha pedido a la Comisi\u00f3n Federal de Electricidad que d\u00e9 prioridad a las plantas potabilizadoras de la JAPAMA, a las instalaciones estrat\u00e9gicas de los tres \u00f3rdenes de Gobierno Federal, Estatal y Municipal, a las instituciones educativas y de Salud.<\/p>\n\n\n\n<p>Coment\u00f3 que las intensas y permanentes jornadas de limpieza que est\u00e1n realizando el gobierno y la sociedad civil han sido m\u00e1s complicadas de lo planeado ya que hasta la tarde del martes se hab\u00eda contabilizado m\u00e1s de mil 535 \u00e1rboles de gran tama\u00f1o ca\u00eddos, y no existe fuerza humana y material suficiente para atender la problem\u00e1tica con la celeridad que se desea.<\/p>\n\n\n\n<p>\u201c<strong>Seguimos sin descanso en esa tarea, y gracias a la colaboraci\u00f3n ciudadana y de organismos productivos estamos avanzado. Hoy un particular, la empresa CALSA, nos prest\u00f3 una maquina trituradora que nos facilitar\u00e1 el trabajo de remover los arboles ca\u00eddos<\/strong>\u201d, expres\u00f3 el Alcalde.<\/p>\n\n\n\n<p>\u201cPero insisto, la prioridad es restablecer la energ\u00eda y el agua al 100% lo m\u00e1s pronto posible y a la par continuar con los trabajos de limpieza y normalizaci\u00f3n de los sem\u00e1foros\u201d, recalc\u00f3 Vargas Landeros, quien aprovech\u00f3 para agradecer a los trabajadores de la CFE, Protecci\u00f3n Civil, Fuerzas Federales, ciudadanos voluntarios y organismos productivos, por sumarse a estas acciones.<\/p>\n\n\n\n<p>En el tema de las vialidades, Vargas Landeros dijo que se afect\u00f3 mucho, y se est\u00e1 trabajando por parte del Ayuntamiento en el tema y se ha dado informe a la Secretar\u00eda de Obras P\u00fablicas del Estado, para solicitar su auxilio en algunos casos de carreteras y caminos vecinales.<\/p>\n\n\n\n<p>En el tema de las escuelas afectadas, coment\u00f3 que a\u00fan y cuando no es competencias del Gobierno Municipal, ha pedido al Director de Educaci\u00f3n que se coordine con la SEPyC, para apoyarles en lo que el Ayuntamiento pueda para agilizar la normalidad, principalmente en los planteles de preescolar y primaria, donde los ni\u00f1os no pueden ser involucrados en los trabajos de limpieza.<\/p>\n\n\n\n<p>Por \u00faltimo, coment\u00f3 que el Gobernador Rub\u00e9n Rocha Moya estar\u00e1 en Palacio Municipal este d\u00eda para hacer entrega de apoyos econ\u00f3micos a las familias afectadas en la perdida de sus patrimonios.<\/p>\n\n\n\n<p>\u201c<strong>Llevamos hasta la ma\u00f1ana de este mi\u00e9rcoles un registro de mil 535 familias, y a\u00fan falta por censar algunas comunidades como el Jitz\u00e1muri, Cobayme, El Ranchito, L\u00e1zaro C\u00e1rdenas y Luis Echeverr\u00eda<\/strong>\u201d, subray\u00f3 el Alcalde, quien coment\u00f3 que la JAPAMA est\u00e1 llevando agua a las comunidades que no cuentan con el servicio.<\/p>\n","protected":false},"excerpt":{"rendered":"<p>El Presidente Municipal agradeci\u00f3 a la sociedad civil, a la CFE, a las Fuerzas Federales y a los organismos productivos por sumarse a las acciones de limpieza y restablecimiento de los servicios Los Mochis, Ahome, Sin.- El alcalde Gerardo Octavio Vargas Landeros dijo que, aun y cuando el Municipio no est\u00e1 todav\u00eda al 100%, ya [&hellip;]<\/p>\n","protected":false},"author":4,"featured_media":63683,"comment_status":"open","ping_status":"open","sticky":false,"template":"","format":"standard","meta":{"tdm_status":"","tdm_grid_status":"","footnotes":""},"categories":[38,1],"tags":[],"class_list":{"0":"post-63681","1":"post","2":"type-post","3":"status-publish","4":"format-standard","5":"has-post-thumbnail","7":"category-noticias-locales","8":"category-sin-categoria"},"yoast_head":"<!-- This site is optimized with the Yoast SEO plugin v27.5 - https:\/\/yoast.com\/product\/yoast-seo-wordpress\/ -->\n<title>Al 90% el restablecimiento de los servicios en Los Mochis y el resto de Ahome - Fuentes Fidedignas<\/title>\n<meta name=\"robots\" content=\"index, follow, max-snippet:-1, max-image-preview:large, max-video-preview:-1\" \/>\n<link rel=\"canonical\" href=\"https:\/\/fuentesfidedignas.com.mx\/index.php\/2023\/10\/25\/al-90-el-restablecimiento-de-los-servicios-en-los-mochis-y-el-resto-de-ahome\/\" \/>\n<meta property=\"og:locale\" content=\"es_MX\" \/>\n<meta property=\"og:type\" content=\"article\" \/>\n<meta property=\"og:title\" content=\"Al 90% el restablecimiento de los servicios en Los Mochis y el resto de Ahome - Fuentes Fidedignas\" \/>\n<meta property=\"og:description\" content=\"El Presidente Municipal agradeci\u00f3 a la sociedad civil, a la CFE, a las Fuerzas Federales y a los organismos productivos por sumarse a las acciones de limpieza y restablecimiento de los servicios Los Mochis, Ahome, Sin.- El alcalde Gerardo Octavio Vargas Landeros dijo que, aun y cuando el Municipio no est\u00e1 todav\u00eda al 100%, ya [&hellip;]\" \/>\n<meta property=\"og:url\" content=\"https:\/\/fuentesfidedignas.com.mx\/index.php\/2023\/10\/25\/al-90-el-restablecimiento-de-los-servicios-en-los-mochis-y-el-resto-de-ahome\/\" \/>\n<meta property=\"og:site_name\" content=\"Fuentes Fidedignas\" \/>\n<meta property=\"article:publisher\" content=\"https:\/\/www.facebook.com\/Fuentes-Fidedignas-368234489921644\" \/>\n<meta property=\"article:published_time\" content=\"2023-10-25T20:02:34+00:00\" \/>\n<meta property=\"article:modified_time\" content=\"2023-10-25T20:03:13+00:00\" \/>\n<meta property=\"og:image\" content=\"https:\/\/fuentesfidedignas.com.mx\/wp-content\/uploads\/2023\/10\/IMG-20231025-WA0012.jpg\" \/>\n\t<meta property=\"og:image:width\" content=\"1024\" \/>\n\t<meta property=\"og:image:height\" content=\"683\" \/>\n\t<meta property=\"og:image:type\" content=\"image\/jpeg\" \/>\n<meta name=\"author\" content=\"Redacci\u00f3n\" \/>\n<meta name=\"twitter:card\" content=\"summary_large_image\" \/>\n<meta name=\"twitter:creator\" content=\"@fidedignas\" \/>\n<meta name=\"twitter:site\" content=\"@fidedignas\" \/>\n<meta name=\"twitter:label1\" content=\"Escrito por\" \/>\n\t<meta name=\"twitter:data1\" content=\"Redacci\u00f3n\" \/>\n\t<meta name=\"twitter:label2\" content=\"Tiempo de lectura\" \/>\n\t<meta name=\"twitter:data2\" content=\"3 minutos\" \/>\n<script type=\"application\/ld+json\" class=\"yoast-schema-graph\">{\"@context\":\"https:\\\/\\\/schema.org\",\"@graph\":[{\"@type\":\"Article\",\"@id\":\"https:\\\/\\\/fuentesfidedignas.com.mx\\\/index.php\\\/2023\\\/10\\\/25\\\/al-90-el-restablecimiento-de-los-servicios-en-los-mochis-y-el-resto-de-ahome\\\/#article\",\"isPartOf\":{\"@id\":\"https:\\\/\\\/fuentesfidedignas.com.mx\\\/index.php\\\/2023\\\/10\\\/25\\\/al-90-el-restablecimiento-de-los-servicios-en-los-mochis-y-el-resto-de-ahome\\\/\"},\"author\":{\"name\":\"Redacci\u00f3n\",\"@id\":\"https:\\\/\\\/fuentesfidedignas.com.mx\\\/#\\\/schema\\\/person\\\/331be9283d37198e2acd5750279085b0\"},\"headline\":\"Al 90% el restablecimiento de los servicios en Los Mochis y el resto de Ahome\",\"datePublished\":\"2023-10-25T20:02:34+00:00\",\"dateModified\":\"2023-10-25T20:03:13+00:00\",\"mainEntityOfPage\":{\"@id\":\"https:\\\/\\\/fuentesfidedignas.com.mx\\\/index.php\\\/2023\\\/10\\\/25\\\/al-90-el-restablecimiento-de-los-servicios-en-los-mochis-y-el-resto-de-ahome\\\/\"},\"wordCount\":585,\"commentCount\":0,\"publisher\":{\"@id\":\"https:\\\/\\\/fuentesfidedignas.com.mx\\\/#organization\"},\"image\":{\"@id\":\"https:\\\/\\\/fuentesfidedignas.com.mx\\\/index.php\\\/2023\\\/10\\\/25\\\/al-90-el-restablecimiento-de-los-servicios-en-los-mochis-y-el-resto-de-ahome\\\/#primaryimage\"},\"thumbnailUrl\":\"https:\\\/\\\/fuentesfidedignas.com.mx\\\/wp-content\\\/uploads\\\/2023\\\/10\\\/IMG-20231025-WA0012.jpg\",\"articleSection\":[\"NOTICIAS LOCALES\"],\"inLanguage\":\"es\",\"potentialAction\":[{\"@type\":\"CommentAction\",\"name\":\"Comment\",\"target\":[\"https:\\\/\\\/fuentesfidedignas.com.mx\\\/index.php\\\/2023\\\/10\\\/25\\\/al-90-el-restablecimiento-de-los-servicios-en-los-mochis-y-el-resto-de-ahome\\\/#respond\"]}]},{\"@type\":\"WebPage\",\"@id\":\"https:\\\/\\\/fuentesfidedignas.com.mx\\\/index.php\\\/2023\\\/10\\\/25\\\/al-90-el-restablecimiento-de-los-servicios-en-los-mochis-y-el-resto-de-ahome\\\/\",\"url\":\"https:\\\/\\\/fuentesfidedignas.com.mx\\\/index.php\\\/2023\\\/10\\\/25\\\/al-90-el-restablecimiento-de-los-servicios-en-los-mochis-y-el-resto-de-ahome\\\/\",\"name\":\"Al 90% el restablecimiento de los servicios en Los Mochis y el resto de Ahome - Fuentes Fidedignas\",\"isPartOf\":{\"@id\":\"https:\\\/\\\/fuentesfidedignas.com.mx\\\/#website\"},\"primaryImageOfPage\":{\"@id\":\"https:\\\/\\\/fuentesfidedignas.com.mx\\\/index.php\\\/2023\\\/10\\\/25\\\/al-90-el-restablecimiento-de-los-servicios-en-los-mochis-y-el-resto-de-ahome\\\/#primaryimage\"},\"image\":{\"@id\":\"https:\\\/\\\/fuentesfidedignas.com.mx\\\/index.php\\\/2023\\\/10\\\/25\\\/al-90-el-restablecimiento-de-los-servicios-en-los-mochis-y-el-resto-de-ahome\\\/#primaryimage\"},\"thumbnailUrl\":\"https:\\\/\\\/fuentesfidedignas.com.mx\\\/wp-content\\\/uploads\\\/2023\\\/10\\\/IMG-20231025-WA0012.jpg\",\"datePublished\":\"2023-10-25T20:02:34+00:00\",\"dateModified\":\"2023-10-25T20:03:13+00:00\",\"breadcrumb\":{\"@id\":\"https:\\\/\\\/fuentesfidedignas.com.mx\\\/index.php\\\/2023\\\/10\\\/25\\\/al-90-el-restablecimiento-de-los-servicios-en-los-mochis-y-el-resto-de-ahome\\\/#breadcrumb\"},\"inLanguage\":\"es\",\"potentialAction\":[{\"@type\":\"ReadAction\",\"target\":[\"https:\\\/\\\/fuentesfidedignas.com.mx\\\/index.php\\\/2023\\\/10\\\/25\\\/al-90-el-restablecimiento-de-los-servicios-en-los-mochis-y-el-resto-de-ahome\\\/\"]}]},{\"@type\":\"ImageObject\",\"inLanguage\":\"es\",\"@id\":\"https:\\\/\\\/fuentesfidedignas.com.mx\\\/index.php\\\/2023\\\/10\\\/25\\\/al-90-el-restablecimiento-de-los-servicios-en-los-mochis-y-el-resto-de-ahome\\\/#primaryimage\",\"url\":\"https:\\\/\\\/fuentesfidedignas.com.mx\\\/wp-content\\\/uploads\\\/2023\\\/10\\\/IMG-20231025-WA0012.jpg\",\"contentUrl\":\"https:\\\/\\\/fuentesfidedignas.com.mx\\\/wp-content\\\/uploads\\\/2023\\\/10\\\/IMG-20231025-WA0012.jpg\",\"width\":1024,\"height\":683},{\"@type\":\"BreadcrumbList\",\"@id\":\"https:\\\/\\\/fuentesfidedignas.com.mx\\\/index.php\\\/2023\\\/10\\\/25\\\/al-90-el-restablecimiento-de-los-servicios-en-los-mochis-y-el-resto-de-ahome\\\/#breadcrumb\",\"itemListElement\":[{\"@type\":\"ListItem\",\"position\":1,\"name\":\"Inicio\",\"item\":\"https:\\\/\\\/fuentesfidedignas.com.mx\\\/\"},{\"@type\":\"ListItem\",\"position\":2,\"name\":\"Al 90% el restablecimiento de los servicios en Los Mochis y el resto de Ahome\"}]},{\"@type\":\"WebSite\",\"@id\":\"https:\\\/\\\/fuentesfidedignas.com.mx\\\/#website\",\"url\":\"https:\\\/\\\/fuentesfidedignas.com.mx\\\/\",\"name\":\"Fuentes Fidedignas\",\"description\":\"Otro sitio realizado con WordPress\",\"publisher\":{\"@id\":\"https:\\\/\\\/fuentesfidedignas.com.mx\\\/#organization\"},\"potentialAction\":[{\"@type\":\"SearchAction\",\"target\":{\"@type\":\"EntryPoint\",\"urlTemplate\":\"https:\\\/\\\/fuentesfidedignas.com.mx\\\/?s={search_term_string}\"},\"query-input\":{\"@type\":\"PropertyValueSpecification\",\"valueRequired\":true,\"valueName\":\"search_term_string\"}}],\"inLanguage\":\"es\"},{\"@type\":\"Organization\",\"@id\":\"https:\\\/\\\/fuentesfidedignas.com.mx\\\/#organization\",\"name\":\"Fuentes Fidedignas\",\"url\":\"https:\\\/\\\/fuentesfidedignas.com.mx\\\/\",\"logo\":{\"@type\":\"ImageObject\",\"inLanguage\":\"es\",\"@id\":\"https:\\\/\\\/fuentesfidedignas.com.mx\\\/#\\\/schema\\\/logo\\\/image\\\/\",\"url\":\"https:\\\/\\\/fuentesfidedignas.com.mx\\\/wp-content\\\/uploads\\\/2021\\\/04\\\/logo-retina.png\",\"contentUrl\":\"https:\\\/\\\/fuentesfidedignas.com.mx\\\/wp-content\\\/uploads\\\/2021\\\/04\\\/logo-retina.png\",\"width\":280,\"height\":51,\"caption\":\"Fuentes Fidedignas\"},\"image\":{\"@id\":\"https:\\\/\\\/fuentesfidedignas.com.mx\\\/#\\\/schema\\\/logo\\\/image\\\/\"},\"sameAs\":[\"https:\\\/\\\/www.facebook.com\\\/Fuentes-Fidedignas-368234489921644\",\"https:\\\/\\\/x.com\\\/fidedignas\"]},{\"@type\":\"Person\",\"@id\":\"https:\\\/\\\/fuentesfidedignas.com.mx\\\/#\\\/schema\\\/person\\\/331be9283d37198e2acd5750279085b0\",\"name\":\"Redacci\u00f3n\",\"image\":{\"@type\":\"ImageObject\",\"inLanguage\":\"es\",\"@id\":\"https:\\\/\\\/secure.gravatar.com\\\/avatar\\\/f6d8782c11d12b2d4ad3fbb6931aeab5309937a4d6cd2fc9cfaa28a6396a5aec?s=96&d=mm&r=g\",\"url\":\"https:\\\/\\\/secure.gravatar.com\\\/avatar\\\/f6d8782c11d12b2d4ad3fbb6931aeab5309937a4d6cd2fc9cfaa28a6396a5aec?s=96&d=mm&r=g\",\"contentUrl\":\"https:\\\/\\\/secure.gravatar.com\\\/avatar\\\/f6d8782c11d12b2d4ad3fbb6931aeab5309937a4d6cd2fc9cfaa28a6396a5aec?s=96&d=mm&r=g\",\"caption\":\"Redacci\u00f3n\"},\"url\":\"https:\\\/\\\/fuentesfidedignas.com.mx\\\/index.php\\\/author\\\/redaccion\\\/\"}]}<\/script>\n<!-- \/ Yoast SEO plugin. -->","yoast_head_json":{"title":"Al 90% el restablecimiento de los servicios en Los Mochis y el resto de Ahome - Fuentes Fidedignas","robots":{"index":"index","follow":"follow","max-snippet":"max-snippet:-1","max-image-preview":"max-image-preview:large","max-video-preview":"max-video-preview:-1"},"canonical":"https:\/\/fuentesfidedignas.com.mx\/index.php\/2023\/10\/25\/al-90-el-restablecimiento-de-los-servicios-en-los-mochis-y-el-resto-de-ahome\/","og_locale":"es_MX","og_type":"article","og_title":"Al 90% el restablecimiento de los servicios en Los Mochis y el resto de Ahome - Fuentes Fidedignas","og_description":"El Presidente Municipal agradeci\u00f3 a la sociedad civil, a la CFE, a las Fuerzas Federales y a los organismos productivos por sumarse a las acciones de limpieza y restablecimiento de los servicios Los Mochis, Ahome, Sin.- El alcalde Gerardo Octavio Vargas Landeros dijo que, aun y cuando el Municipio no est\u00e1 todav\u00eda al 100%, ya [&hellip;]","og_url":"https:\/\/fuentesfidedignas.com.mx\/index.php\/2023\/10\/25\/al-90-el-restablecimiento-de-los-servicios-en-los-mochis-y-el-resto-de-ahome\/","og_site_name":"Fuentes Fidedignas","article_publisher":"https:\/\/www.facebook.com\/Fuentes-Fidedignas-368234489921644","article_published_time":"2023-10-25T20:02:34+00:00","article_modified_time":"2023-10-25T20:03:13+00:00","og_image":[{"width":1024,"height":683,"url":"https:\/\/fuentesfidedignas.com.mx\/wp-content\/uploads\/2023\/10\/IMG-20231025-WA0012.jpg","type":"image\/jpeg"}],"author":"Redacci\u00f3n","twitter_card":"summary_large_image","twitter_creator":"@fidedignas","twitter_site":"@fidedignas","twitter_misc":{"Escrito por":"Redacci\u00f3n","Tiempo de lectura":"3 minutos"},"schema":{"@context":"https:\/\/schema.org","@graph":[{"@type":"Article","@id":"https:\/\/fuentesfidedignas.com.mx\/index.php\/2023\/10\/25\/al-90-el-restablecimiento-de-los-servicios-en-los-mochis-y-el-resto-de-ahome\/#article","isPartOf":{"@id":"https:\/\/fuentesfidedignas.com.mx\/index.php\/2023\/10\/25\/al-90-el-restablecimiento-de-los-servicios-en-los-mochis-y-el-resto-de-ahome\/"},"author":{"name":"Redacci\u00f3n","@id":"https:\/\/fuentesfidedignas.com.mx\/#\/schema\/person\/331be9283d37198e2acd5750279085b0"},"headline":"Al 90% el restablecimiento de los servicios en Los Mochis y el resto de Ahome","datePublished":"2023-10-25T20:02:34+00:00","dateModified":"2023-10-25T20:03:13+00:00","mainEntityOfPage":{"@id":"https:\/\/fuentesfidedignas.com.mx\/index.php\/2023\/10\/25\/al-90-el-restablecimiento-de-los-servicios-en-los-mochis-y-el-resto-de-ahome\/"},"wordCount":585,"commentCount":0,"publisher":{"@id":"https:\/\/fuentesfidedignas.com.mx\/#organization"},"image":{"@id":"https:\/\/fuentesfidedignas.com.mx\/index.php\/2023\/10\/25\/al-90-el-restablecimiento-de-los-servicios-en-los-mochis-y-el-resto-de-ahome\/#primaryimage"},"thumbnailUrl":"https:\/\/fuentesfidedignas.com.mx\/wp-content\/uploads\/2023\/10\/IMG-20231025-WA0012.jpg","articleSection":["NOTICIAS LOCALES"],"inLanguage":"es","potentialAction":[{"@type":"CommentAction","name":"Comment","target":["https:\/\/fuentesfidedignas.com.mx\/index.php\/2023\/10\/25\/al-90-el-restablecimiento-de-los-servicios-en-los-mochis-y-el-resto-de-ahome\/#respond"]}]},{"@type":"WebPage","@id":"https:\/\/fuentesfidedignas.com.mx\/index.php\/2023\/10\/25\/al-90-el-restablecimiento-de-los-servicios-en-los-mochis-y-el-resto-de-ahome\/","url":"https:\/\/fuentesfidedignas.com.mx\/index.php\/2023\/10\/25\/al-90-el-restablecimiento-de-los-servicios-en-los-mochis-y-el-resto-de-ahome\/","name":"Al 90% el restablecimiento de los servicios en Los Mochis y el resto de Ahome - Fuentes Fidedignas","isPartOf":{"@id":"https:\/\/fuentesfidedignas.com.mx\/#website"},"primaryImageOfPage":{"@id":"https:\/\/fuentesfidedignas.com.mx\/index.php\/2023\/10\/25\/al-90-el-restablecimiento-de-los-servicios-en-los-mochis-y-el-resto-de-ahome\/#primaryimage"},"image":{"@id":"https:\/\/fuentesfidedignas.com.mx\/index.php\/2023\/10\/25\/al-90-el-restablecimiento-de-los-servicios-en-los-mochis-y-el-resto-de-ahome\/#primaryimage"},"thumbnailUrl":"https:\/\/fuentesfidedignas.com.mx\/wp-content\/uploads\/2023\/10\/IMG-20231025-WA0012.jpg","datePublished":"2023-10-25T20:02:34+00:00","dateModified":"2023-10-25T20:03:13+00:00","breadcrumb":{"@id":"https:\/\/fuentesfidedignas.com.mx\/index.php\/2023\/10\/25\/al-90-el-restablecimiento-de-los-servicios-en-los-mochis-y-el-resto-de-ahome\/#breadcrumb"},"inLanguage":"es","potentialAction":[{"@type":"ReadAction","target":["https:\/\/fuentesfidedignas.com.mx\/index.php\/2023\/10\/25\/al-90-el-restablecimiento-de-los-servicios-en-los-mochis-y-el-resto-de-ahome\/"]}]},{"@type":"ImageObject","inLanguage":"es","@id":"https:\/\/fuentesfidedignas.com.mx\/index.php\/2023\/10\/25\/al-90-el-restablecimiento-de-los-servicios-en-los-mochis-y-el-resto-de-ahome\/#primaryimage","url":"https:\/\/fuentesfidedignas.com.mx\/wp-content\/uploads\/2023\/10\/IMG-20231025-WA0012.jpg","contentUrl":"https:\/\/fuentesfidedignas.com.mx\/wp-content\/uploads\/2023\/10\/IMG-20231025-WA0012.jpg","width":1024,"height":683},{"@type":"BreadcrumbList","@id":"https:\/\/fuentesfidedignas.com.mx\/index.php\/2023\/10\/25\/al-90-el-restablecimiento-de-los-servicios-en-los-mochis-y-el-resto-de-ahome\/#breadcrumb","itemListElement":[{"@type":"ListItem","position":1,"name":"Inicio","item":"https:\/\/fuentesfidedignas.com.mx\/"},{"@type":"ListItem","position":2,"name":"Al 90% el restablecimiento de los servicios en Los Mochis y el resto de Ahome"}]},{"@type":"WebSite","@id":"https:\/\/fuentesfidedignas.com.mx\/#website","url":"https:\/\/fuentesfidedignas.com.mx\/","name":"Fuentes Fidedignas","description":"Otro sitio realizado con WordPress","publisher":{"@id":"https:\/\/fuentesfidedignas.com.mx\/#organization"},"potentialAction":[{"@type":"SearchAction","target":{"@type":"EntryPoint","urlTemplate":"https:\/\/fuentesfidedignas.com.mx\/?s={search_term_string}"},"query-input":{"@type":"PropertyValueSpecification","valueRequired":true,"valueName":"search_term_string"}}],"inLanguage":"es"},{"@type":"Organization","@id":"https:\/\/fuentesfidedignas.com.mx\/#organization","name":"Fuentes Fidedignas","url":"https:\/\/fuentesfidedignas.com.mx\/","logo":{"@type":"ImageObject","inLanguage":"es","@id":"https:\/\/fuentesfidedignas.com.mx\/#\/schema\/logo\/image\/","url":"https:\/\/fuentesfidedignas.com.mx\/wp-content\/uploads\/2021\/04\/logo-retina.png","contentUrl":"https:\/\/fuentesfidedignas.com.mx\/wp-content\/uploads\/2021\/04\/logo-retina.png","width":280,"height":51,"caption":"Fuentes Fidedignas"},"image":{"@id":"https:\/\/fuentesfidedignas.com.mx\/#\/schema\/logo\/image\/"},"sameAs":["https:\/\/www.facebook.com\/Fuentes-Fidedignas-368234489921644","https:\/\/x.com\/fidedignas"]},{"@type":"Person","@id":"https:\/\/fuentesfidedignas.com.mx\/#\/schema\/person\/331be9283d37198e2acd5750279085b0","name":"Redacci\u00f3n","image":{"@type":"ImageObject","inLanguage":"es","@id":"https:\/\/secure.gravatar.com\/avatar\/f6d8782c11d12b2d4ad3fbb6931aeab5309937a4d6cd2fc9cfaa28a6396a5aec?s=96&d=mm&r=g","url":"https:\/\/secure.gravatar.com\/avatar\/f6d8782c11d12b2d4ad3fbb6931aeab5309937a4d6cd2fc9cfaa28a6396a5aec?s=96&d=mm&r=g","contentUrl":"https:\/\/secure.gravatar.com\/avatar\/f6d8782c11d12b2d4ad3fbb6931aeab5309937a4d6cd2fc9cfaa28a6396a5aec?s=96&d=mm&r=g","caption":"Redacci\u00f3n"},"url":"https:\/\/fuentesfidedignas.com.mx\/index.php\/author\/redaccion\/"}]}},"_links":{"self":[{"href":"https:\/\/fuentesfidedignas.com.mx\/index.php\/wp-json\/wp\/v2\/posts\/63681","targetHints":{"allow":["GET"]}}],"collection":[{"href":"https:\/\/fuentesfidedignas.com.mx\/index.php\/wp-json\/wp\/v2\/posts"}],"about":[{"href":"https:\/\/fuentesfidedignas.com.mx\/index.php\/wp-json\/wp\/v2\/types\/post"}],"author":[{"embeddable":true,"href":"https:\/\/fuentesfidedignas.com.mx\/index.php\/wp-json\/wp\/v2\/users\/4"}],"replies":[{"embeddable":true,"href":"https:\/\/fuentesfidedignas.com.mx\/index.php\/wp-json\/wp\/v2\/comments?post=63681"}],"version-history":[{"count":1,"href":"https:\/\/fuentesfidedignas.com.mx\/index.php\/wp-json\/wp\/v2\/posts\/63681\/revisions"}],"predecessor-version":[{"id":63682,"href":"https:\/\/fuentesfidedignas.com.mx\/index.php\/wp-json\/wp\/v2\/posts\/63681\/revisions\/63682"}],"wp:featuredmedia":[{"embeddable":true,"href":"https:\/\/fuentesfidedignas.com.mx\/index.php\/wp-json\/wp\/v2\/media\/63683"}],"wp:attachment":[{"href":"https:\/\/fuentesfidedignas.com.mx\/index.php\/wp-json\/wp\/v2\/media?parent=63681"}],"wp:term":[{"taxonomy":"category","embeddable":true,"href":"https:\/\/fuentesfidedignas.com.mx\/index.php\/wp-json\/wp\/v2\/categories?post=63681"},{"taxonomy":"post_tag","embeddable":true,"href":"https:\/\/fuentesfidedignas.com.mx\/index.php\/wp-json\/wp\/v2\/tags?post=63681"}],"curies":[{"name":"wp","href":"https:\/\/api.w.org\/{rel}","templated":true}]}}