{"id":63578,"date":"2023-10-24T17:35:00","date_gmt":"2023-10-25T00:35:00","guid":{"rendered":"https:\/\/fuentesfidedignas.com.mx\/?p=63578"},"modified":"2023-10-25T09:32:58","modified_gmt":"2023-10-25T16:32:58","slug":"huracan-otis-crece-en-apenas-horas-a-categoria-3-y-continua-intensificandose","status":"publish","type":"post","link":"https:\/\/fuentesfidedignas.com.mx\/index.php\/2023\/10\/24\/huracan-otis-crece-en-apenas-horas-a-categoria-3-y-continua-intensificandose\/","title":{"rendered":"EN VIVO: &#8216;Otis&#8217; se convierte en un catastr\u00f3fico hurac\u00e1n categor\u00eda 4; podr\u00eda convertirse en 5"},"content":{"rendered":"\n<p><strong><em>Otis se convirti\u00f3 en un catastr\u00f3fico hurac\u00e1n categor\u00eda 4 y se ubica a 135 kil\u00f3metros al sur de Acapulco, con vientos m\u00e1ximos de 230 km\/h y rafagas de 280 km\/h; sigue aqu\u00ed EN VIVO su trayectoria.<\/em><\/strong><\/p>\n\n\n\n<p>Ciudad de M\u00e9xico.- La Comisi\u00f3n Nacional del Agua no descart\u00f3 en su \u00faltimo reporte que Otis se convierta en hurac\u00e1n categor\u00eda 5 en las pr\u00f3ximas horas. Su centro se localiza a 130 km al oeste-suroeste de Punta Maldonado, Guerrero y a 135 kil\u00f3metros al sur-sureste de Acapulco. Otis presenta vientos m\u00e1ximos sostenidos de 230 km\/h, rachas de 280 km7h y desplazamiento hacia el nor-noroeste de 13 km\/h.<\/p>\n\n\n\n<p><strong>\u00bfQu\u00e9 estados afectar\u00e1 &#8216;Otis&#8217; con sus fuertes lluvias hoy 24 de octubre de 2023?<\/strong><br>Las bandas nubosas de Otis ocasionar\u00e1n lluvias puntuales extraordinarias en Guerrero y muy fuertes a intensas en Oaxaca, adem\u00e1s incrementar\u00e1 la probabilidad de chubascos y lluvias puntuales fuertes en Michoac\u00e1n, Estado de M\u00e9xico, Morelos, Puebla y Tlaxcala.<\/p>\n\n\n\n<blockquote class=\"twitter-tweet\"><p lang=\"en\" dir=\"ltr\"><a href=\"https:\/\/twitter.com\/hashtag\/18E?src=hash&amp;ref_src=twsrc%5Etfw\">#18E<\/a> Hurricane <a href=\"https:\/\/twitter.com\/hashtag\/OTIS?src=hash&amp;ref_src=twsrc%5Etfw\">#OTIS<\/a><br>Satellite: <a href=\"https:\/\/twitter.com\/hashtag\/NOAA21?src=hash&amp;ref_src=twsrc%5Etfw\">#NOAA21<\/a> <a href=\"https:\/\/twitter.com\/hashtag\/JPSS2?src=hash&amp;ref_src=twsrc%5Etfw\">#JPSS2<\/a> <a href=\"https:\/\/twitter.com\/hashtag\/VIIRS?src=hash&amp;ref_src=twsrc%5Etfw\">#VIIRS<\/a><br>Time : 2023\/10\/24 1959Z <a href=\"https:\/\/t.co\/9mgR2Dcqfy\">pic.twitter.com\/9mgR2Dcqfy<\/a><\/p>&mdash; Ben (@zeb199818) <a href=\"https:\/\/twitter.com\/zeb199818\/status\/1716972499081261459?ref_src=twsrc%5Etfw\">October 25, 2023<\/a><\/blockquote> <script async src=\"https:\/\/platform.twitter.com\/widgets.js\" charset=\"utf-8\"><\/script>\n\n\n\n<p><strong>&#8216;Otis&#8217; se convierte en huraca\u00e1n categor\u00eda 3 en menos de una hora<\/strong><br>En menos de una hora, Otis se intensific\u00f3 a hurac\u00e1n categor\u00eda 3 y se localiza a 185 kil\u00f3metros al sur-sureste de Acapulco con vientos m\u00e1ximos sostenidos de 205 km\/h y mantiene un desplazamiento al nor-noroeste a 13 km\/h, indic\u00f3 la Coordinadora Nacional de Protecci\u00f3n Civil: sigue aqu\u00ed su trayectoria EN VIVO.<\/p>\n\n\n\n<p>El Servicio Meteorol\u00f3gico Nacional indic\u00f3 en conferencia de prensa que Otis impactar\u00e1 como hurac\u00e1n categor\u00eda 4 entre Tecpan de Galeana y Acapulco durante la madrugada del mi\u00e9rcoles 25 de octubre de 2023.<\/p>\n\n\n\n<p>\u201cSe ha intensificado muy r\u00e1pidamente y se espera que el impacto sea entre las 4 y 6 de la ma\u00f1ana\u201d, indicaron en la conferencia de prensa.<\/p>\n\n\n\n<p>Las autoridades emitieron alerta por hurac\u00e1n desde Punta Maldonado hasta Zihuatanejo, Guerrero, estado donde permanecer\u00e1 las siguientes 48 horas de tocar tierra, ocasionando lluvias en Guerrero, Oaxaca y Michoac\u00e1n.<\/p>\n\n\n\n<blockquote class=\"twitter-tweet\"><p lang=\"es\" dir=\"ltr\">\u26a0\ufe0f<a href=\"https:\/\/twitter.com\/hashtag\/Otis?src=hash&amp;ref_src=twsrc%5Etfw\">#Otis<\/a> se ha intensificado a <a href=\"https:\/\/twitter.com\/hashtag\/Hurac%C3%A1n?src=hash&amp;ref_src=twsrc%5Etfw\">#Hurac\u00e1n<\/a> categor\u00eda 3 \u26a0\ufe0f\ud83c\udf00<br><br>Permanece sobre aguas del Oc\u00e9ano Pac\u00edfico \ud83c\udf0a, acerc\u00e1ndose al estado de Guerrero:<br><br>\ud83d\udccdA 185 km al sur-sureste de Acapulco.<br>\ud83c\udf2c\ufe0fVientos m\u00e1ximos sostenidos de 205 km\/h<br>\ud83c\udf00Desplazamiento al nor-noroeste a 13 km\/h<a href=\"https:\/\/twitter.com\/conagua_clima?ref_src=twsrc%5Etfw\">@conagua_clima<\/a> y\u2026 <a href=\"https:\/\/t.co\/FraxmECltu\">pic.twitter.com\/FraxmECltu<\/a><\/p>&mdash; Coordinaci\u00f3n Nacional de Protecci\u00f3n Civil (@CNPC_MX) <a href=\"https:\/\/twitter.com\/CNPC_MX\/status\/1716926563860488661?ref_src=twsrc%5Etfw\">October 24, 2023<\/a><\/blockquote> <script async src=\"https:\/\/platform.twitter.com\/widgets.js\" charset=\"utf-8\"><\/script>\n\n\n\n<p><strong>&#8216;Otis&#8217; es hurac\u00e1n categor\u00eda 2<\/strong><br>El hurac\u00e1n Otis se fortaleci\u00f3 y alcanz\u00f3 la categor\u00eda 2 en la escala de Saffir-Simpson la tarde este martes 24 de octubre de 2023 mientras sigue acerc\u00e1ndose a Guerrero y podr\u00eda alcanzar el nivel 3 en las pr\u00f3ximas horas, por lo que autoridades del estado determinaron la suspensi\u00f3n de clases; sigue AQU\u00cd su trayectoria EN VIVO.<\/p>\n\n\n\n<p>Otis presenta vientos m\u00e1ximos sostenidos de 175 kil\u00f3metros por hora, rachas de 215 kil\u00f3metros por hora y se mueve al nor-noroeste a 11 kil\u00f3metros por hora. Actualmente se ubica a 170 kil\u00f3metros al suoreste de Punta Maldonado, Guerrero, y a 220 kil\u00f3metros al sur-sureste de Acapulco.<\/p>\n\n\n\n<p>Tras el vuelo de un avi\u00f3n cazahuracanes del Centro Nacional de Huracanes de Miami, se determin\u00f3 que el cicl\u00f3n se hab\u00eda fortalecido y hab\u00eda pasado a la categor\u00eda 2, mientras contin\u00faa con su trayectoria hacia costas mexicanas, en espec\u00edfico hacia Guerrero.<\/p>\n\n\n\n<p>Al mediod\u00eda de este mi\u00e9rcoles Otis pas\u00f3 de tormenta tropical a hurac\u00e1n de categor\u00eda 1 frente a costas mexicanas. Se prev\u00e9 que el cicl\u00f3n tropical impacte Guerrero la madrugada del mi\u00e9rcoles entre Acapulco y Coyuca de Ben\u00edtez.<\/p>\n\n\n\n<p>Hay zona de prevenci\u00f3n por efectos de hurac\u00e1n desde Punta Maldonado hasta Zihuatanejo, Guerrero, y zona de vigilancia por efectos de hurac\u00e1n desde Lagunas de Chacahua, Oaxaca, hasta Punta Maldonado, Guerrero.<\/p>\n\n\n\n<p>Adem\u00e1s, hay zona de prevenci\u00f3n por efectos de tormenta tropical desde Lagunas de Chacahua, Oaxaca, hasta Punta Maldonado, Guerrero.<\/p>\n\n\n\n<p><strong>Suspenden clases en Guerrero por hurac\u00e1n Otis<\/strong><br>Ante la aproximaci\u00f3n del hurac\u00e1n Otis, el gobierno de Guerrero determin\u00f3 la suspensi\u00f3n de clases a partir de hoy, a fin de salvaguardar la integridad de la comunidad estudiantil, de profesores y administrativos.<\/p>\n\n\n\n<p>La suspensi\u00f3n de clases aplica desde este martes para el turno vespertino para todos los niveles educativos de planteles p\u00fablicos como privados en los municipios de las regiones de Acapulco y la Costa Chica, mientras que este mi\u00e9rcoles 25 de octubre de 2023, cuando el hurac\u00e1n tocar\u00e1 tierra, la medida aplicar\u00e1 en ambos turnos de todos los municipios del estado.<\/p>\n\n\n\n<p><strong>Estados afectados por la tormenta Otis<\/strong><br>El hurac\u00e1n Otis y sus extensas bandas nubosas provocar\u00e1n lluvias de diversas intensidades en al menos siete estados del pa\u00eds. Las entidades afectadas son:<\/p>\n\n\n\n<p>Lluvias puntuales torrenciales<\/p>\n\n\n\n<ul class=\"wp-block-list\">\n<li>Guerrero<\/li>\n<\/ul>\n\n\n\n<p>Lluvias intensas<\/p>\n\n\n\n<ul class=\"wp-block-list\">\n<li>Oaxaca<\/li>\n<\/ul>\n\n\n\n<p>Lluvias fuertes<\/p>\n\n\n\n<ul class=\"wp-block-list\">\n<li>Edomex<\/li>\n\n\n\n<li>Morelos<\/li>\n\n\n\n<li>Puebla<\/li>\n<\/ul>\n\n\n\n<p>Chubascos<\/p>\n\n\n\n<ul class=\"wp-block-list\">\n<li>Michoac\u00e1n<\/li>\n\n\n\n<li>CDMX<\/li>\n<\/ul>\n\n\n\n<p>Hay estrecha vigilancia por su aproximaci\u00f3n a las costas de Oaxaca y Guerrero; se prev\u00e9n rachas de viento de 120 a 150 kil\u00f3metros por hora y oleaje de 5 a 7 metros de altura en costas de Guerrero y Oaxaca.<\/p>\n\n\n\n<iframe loading=\"lazy\" width=\"650\" height=\"450\" src=\"https:\/\/embed.windy.com\/embed2.html?lat=16.039&#038;lon=-99.571&#038;detailLat=16.039&#038;detailLon=-99.571&#038;width=650&#038;height=450&#038;zoom=7&#038;level=surface&#038;overlay=wind&#038;product=ecmwf&#038;menu=&#038;message=&#038;marker=&#038;calendar=now&#038;pressure=&#038;type=map&#038;location=coordinates&#038;detail=&#038;metricWind=default&#038;metricTemp=default&#038;radarRange=-1\" frameborder=\"0\"><\/iframe>\n","protected":false},"excerpt":{"rendered":"<p>Otis se convirti\u00f3 en un catastr\u00f3fico hurac\u00e1n categor\u00eda 4 y se ubica a 135 kil\u00f3metros al sur de Acapulco, con vientos m\u00e1ximos de 230 km\/h y rafagas de 280 km\/h; sigue aqu\u00ed EN VIVO su trayectoria. Ciudad de M\u00e9xico.- La Comisi\u00f3n Nacional del Agua no descart\u00f3 en su \u00faltimo reporte que Otis se convierta en [&hellip;]<\/p>\n","protected":false},"author":7,"featured_media":63580,"comment_status":"open","ping_status":"open","sticky":false,"template":"","format":"standard","meta":{"tdm_status":"","tdm_grid_status":"","footnotes":""},"categories":[1],"tags":[],"class_list":{"0":"post-63578","1":"post","2":"type-post","3":"status-publish","4":"format-standard","5":"has-post-thumbnail","7":"category-sin-categoria"},"yoast_head":"<!-- This site is optimized with the Yoast SEO plugin v27.5 - https:\/\/yoast.com\/product\/yoast-seo-wordpress\/ -->\n<title>EN VIVO: &#039;Otis&#039; se convierte en un catastr\u00f3fico hurac\u00e1n categor\u00eda 4; podr\u00eda convertirse en 5 - Fuentes Fidedignas<\/title>\n<meta name=\"robots\" content=\"index, follow, max-snippet:-1, max-image-preview:large, max-video-preview:-1\" \/>\n<link rel=\"canonical\" href=\"https:\/\/fuentesfidedignas.com.mx\/index.php\/2023\/10\/24\/huracan-otis-crece-en-apenas-horas-a-categoria-3-y-continua-intensificandose\/\" \/>\n<meta property=\"og:locale\" content=\"es_MX\" \/>\n<meta property=\"og:type\" content=\"article\" \/>\n<meta property=\"og:title\" content=\"EN VIVO: &#039;Otis&#039; se convierte en un catastr\u00f3fico hurac\u00e1n categor\u00eda 4; podr\u00eda convertirse en 5 - Fuentes Fidedignas\" \/>\n<meta property=\"og:description\" content=\"Otis se convirti\u00f3 en un catastr\u00f3fico hurac\u00e1n categor\u00eda 4 y se ubica a 135 kil\u00f3metros al sur de Acapulco, con vientos m\u00e1ximos de 230 km\/h y rafagas de 280 km\/h; sigue aqu\u00ed EN VIVO su trayectoria. Ciudad de M\u00e9xico.- La Comisi\u00f3n Nacional del Agua no descart\u00f3 en su \u00faltimo reporte que Otis se convierta en [&hellip;]\" \/>\n<meta property=\"og:url\" content=\"https:\/\/fuentesfidedignas.com.mx\/index.php\/2023\/10\/24\/huracan-otis-crece-en-apenas-horas-a-categoria-3-y-continua-intensificandose\/\" \/>\n<meta property=\"og:site_name\" content=\"Fuentes Fidedignas\" \/>\n<meta property=\"article:publisher\" content=\"https:\/\/www.facebook.com\/Fuentes-Fidedignas-368234489921644\" \/>\n<meta property=\"article:published_time\" content=\"2023-10-25T00:35:00+00:00\" \/>\n<meta property=\"article:modified_time\" content=\"2023-10-25T16:32:58+00:00\" \/>\n<meta property=\"og:image\" content=\"https:\/\/fuentesfidedignas.com.mx\/wp-content\/uploads\/2023\/10\/otis-acapulco.jpg\" \/>\n\t<meta property=\"og:image:width\" content=\"1024\" \/>\n\t<meta property=\"og:image:height\" content=\"683\" \/>\n\t<meta property=\"og:image:type\" content=\"image\/jpeg\" \/>\n<meta name=\"author\" content=\"Exc\u00e9lsior\" \/>\n<meta name=\"twitter:card\" content=\"summary_large_image\" \/>\n<meta name=\"twitter:creator\" content=\"@fidedignas\" \/>\n<meta name=\"twitter:site\" content=\"@fidedignas\" \/>\n<meta name=\"twitter:label1\" content=\"Escrito por\" \/>\n\t<meta name=\"twitter:data1\" content=\"Exc\u00e9lsior\" \/>\n\t<meta name=\"twitter:label2\" content=\"Tiempo de lectura\" \/>\n\t<meta name=\"twitter:data2\" content=\"4 minutos\" \/>\n<script type=\"application\/ld+json\" class=\"yoast-schema-graph\">{\"@context\":\"https:\\\/\\\/schema.org\",\"@graph\":[{\"@type\":\"Article\",\"@id\":\"https:\\\/\\\/fuentesfidedignas.com.mx\\\/index.php\\\/2023\\\/10\\\/24\\\/huracan-otis-crece-en-apenas-horas-a-categoria-3-y-continua-intensificandose\\\/#article\",\"isPartOf\":{\"@id\":\"https:\\\/\\\/fuentesfidedignas.com.mx\\\/index.php\\\/2023\\\/10\\\/24\\\/huracan-otis-crece-en-apenas-horas-a-categoria-3-y-continua-intensificandose\\\/\"},\"author\":{\"name\":\"Exc\u00e9lsior\",\"@id\":\"https:\\\/\\\/fuentesfidedignas.com.mx\\\/#\\\/schema\\\/person\\\/ec4edd1fbf5efa3e44fce34fe2787780\"},\"headline\":\"EN VIVO: &#8216;Otis&#8217; se convierte en un catastr\u00f3fico hurac\u00e1n categor\u00eda 4; podr\u00eda convertirse en 5\",\"datePublished\":\"2023-10-25T00:35:00+00:00\",\"dateModified\":\"2023-10-25T16:32:58+00:00\",\"mainEntityOfPage\":{\"@id\":\"https:\\\/\\\/fuentesfidedignas.com.mx\\\/index.php\\\/2023\\\/10\\\/24\\\/huracan-otis-crece-en-apenas-horas-a-categoria-3-y-continua-intensificandose\\\/\"},\"wordCount\":865,\"commentCount\":0,\"publisher\":{\"@id\":\"https:\\\/\\\/fuentesfidedignas.com.mx\\\/#organization\"},\"image\":{\"@id\":\"https:\\\/\\\/fuentesfidedignas.com.mx\\\/index.php\\\/2023\\\/10\\\/24\\\/huracan-otis-crece-en-apenas-horas-a-categoria-3-y-continua-intensificandose\\\/#primaryimage\"},\"thumbnailUrl\":\"https:\\\/\\\/fuentesfidedignas.com.mx\\\/wp-content\\\/uploads\\\/2023\\\/10\\\/otis-acapulco.jpg\",\"inLanguage\":\"es\",\"potentialAction\":[{\"@type\":\"CommentAction\",\"name\":\"Comment\",\"target\":[\"https:\\\/\\\/fuentesfidedignas.com.mx\\\/index.php\\\/2023\\\/10\\\/24\\\/huracan-otis-crece-en-apenas-horas-a-categoria-3-y-continua-intensificandose\\\/#respond\"]}]},{\"@type\":\"WebPage\",\"@id\":\"https:\\\/\\\/fuentesfidedignas.com.mx\\\/index.php\\\/2023\\\/10\\\/24\\\/huracan-otis-crece-en-apenas-horas-a-categoria-3-y-continua-intensificandose\\\/\",\"url\":\"https:\\\/\\\/fuentesfidedignas.com.mx\\\/index.php\\\/2023\\\/10\\\/24\\\/huracan-otis-crece-en-apenas-horas-a-categoria-3-y-continua-intensificandose\\\/\",\"name\":\"EN VIVO: 'Otis' se convierte en un catastr\u00f3fico hurac\u00e1n categor\u00eda 4; podr\u00eda convertirse en 5 - Fuentes Fidedignas\",\"isPartOf\":{\"@id\":\"https:\\\/\\\/fuentesfidedignas.com.mx\\\/#website\"},\"primaryImageOfPage\":{\"@id\":\"https:\\\/\\\/fuentesfidedignas.com.mx\\\/index.php\\\/2023\\\/10\\\/24\\\/huracan-otis-crece-en-apenas-horas-a-categoria-3-y-continua-intensificandose\\\/#primaryimage\"},\"image\":{\"@id\":\"https:\\\/\\\/fuentesfidedignas.com.mx\\\/index.php\\\/2023\\\/10\\\/24\\\/huracan-otis-crece-en-apenas-horas-a-categoria-3-y-continua-intensificandose\\\/#primaryimage\"},\"thumbnailUrl\":\"https:\\\/\\\/fuentesfidedignas.com.mx\\\/wp-content\\\/uploads\\\/2023\\\/10\\\/otis-acapulco.jpg\",\"datePublished\":\"2023-10-25T00:35:00+00:00\",\"dateModified\":\"2023-10-25T16:32:58+00:00\",\"breadcrumb\":{\"@id\":\"https:\\\/\\\/fuentesfidedignas.com.mx\\\/index.php\\\/2023\\\/10\\\/24\\\/huracan-otis-crece-en-apenas-horas-a-categoria-3-y-continua-intensificandose\\\/#breadcrumb\"},\"inLanguage\":\"es\",\"potentialAction\":[{\"@type\":\"ReadAction\",\"target\":[\"https:\\\/\\\/fuentesfidedignas.com.mx\\\/index.php\\\/2023\\\/10\\\/24\\\/huracan-otis-crece-en-apenas-horas-a-categoria-3-y-continua-intensificandose\\\/\"]}]},{\"@type\":\"ImageObject\",\"inLanguage\":\"es\",\"@id\":\"https:\\\/\\\/fuentesfidedignas.com.mx\\\/index.php\\\/2023\\\/10\\\/24\\\/huracan-otis-crece-en-apenas-horas-a-categoria-3-y-continua-intensificandose\\\/#primaryimage\",\"url\":\"https:\\\/\\\/fuentesfidedignas.com.mx\\\/wp-content\\\/uploads\\\/2023\\\/10\\\/otis-acapulco.jpg\",\"contentUrl\":\"https:\\\/\\\/fuentesfidedignas.com.mx\\\/wp-content\\\/uploads\\\/2023\\\/10\\\/otis-acapulco.jpg\",\"width\":1024,\"height\":683},{\"@type\":\"BreadcrumbList\",\"@id\":\"https:\\\/\\\/fuentesfidedignas.com.mx\\\/index.php\\\/2023\\\/10\\\/24\\\/huracan-otis-crece-en-apenas-horas-a-categoria-3-y-continua-intensificandose\\\/#breadcrumb\",\"itemListElement\":[{\"@type\":\"ListItem\",\"position\":1,\"name\":\"Inicio\",\"item\":\"https:\\\/\\\/fuentesfidedignas.com.mx\\\/\"},{\"@type\":\"ListItem\",\"position\":2,\"name\":\"EN VIVO: &#8216;Otis&#8217; se convierte en un catastr\u00f3fico hurac\u00e1n categor\u00eda 4; podr\u00eda convertirse en 5\"}]},{\"@type\":\"WebSite\",\"@id\":\"https:\\\/\\\/fuentesfidedignas.com.mx\\\/#website\",\"url\":\"https:\\\/\\\/fuentesfidedignas.com.mx\\\/\",\"name\":\"Fuentes Fidedignas\",\"description\":\"Otro sitio realizado con WordPress\",\"publisher\":{\"@id\":\"https:\\\/\\\/fuentesfidedignas.com.mx\\\/#organization\"},\"potentialAction\":[{\"@type\":\"SearchAction\",\"target\":{\"@type\":\"EntryPoint\",\"urlTemplate\":\"https:\\\/\\\/fuentesfidedignas.com.mx\\\/?s={search_term_string}\"},\"query-input\":{\"@type\":\"PropertyValueSpecification\",\"valueRequired\":true,\"valueName\":\"search_term_string\"}}],\"inLanguage\":\"es\"},{\"@type\":\"Organization\",\"@id\":\"https:\\\/\\\/fuentesfidedignas.com.mx\\\/#organization\",\"name\":\"Fuentes Fidedignas\",\"url\":\"https:\\\/\\\/fuentesfidedignas.com.mx\\\/\",\"logo\":{\"@type\":\"ImageObject\",\"inLanguage\":\"es\",\"@id\":\"https:\\\/\\\/fuentesfidedignas.com.mx\\\/#\\\/schema\\\/logo\\\/image\\\/\",\"url\":\"https:\\\/\\\/fuentesfidedignas.com.mx\\\/wp-content\\\/uploads\\\/2021\\\/04\\\/logo-retina.png\",\"contentUrl\":\"https:\\\/\\\/fuentesfidedignas.com.mx\\\/wp-content\\\/uploads\\\/2021\\\/04\\\/logo-retina.png\",\"width\":280,\"height\":51,\"caption\":\"Fuentes Fidedignas\"},\"image\":{\"@id\":\"https:\\\/\\\/fuentesfidedignas.com.mx\\\/#\\\/schema\\\/logo\\\/image\\\/\"},\"sameAs\":[\"https:\\\/\\\/www.facebook.com\\\/Fuentes-Fidedignas-368234489921644\",\"https:\\\/\\\/x.com\\\/fidedignas\"]},{\"@type\":\"Person\",\"@id\":\"https:\\\/\\\/fuentesfidedignas.com.mx\\\/#\\\/schema\\\/person\\\/ec4edd1fbf5efa3e44fce34fe2787780\",\"name\":\"Exc\u00e9lsior\",\"image\":{\"@type\":\"ImageObject\",\"inLanguage\":\"es\",\"@id\":\"https:\\\/\\\/secure.gravatar.com\\\/avatar\\\/4b7ee9206b48be08447852b3f0814dbc7c0f3b51541b164f1464a2725614020b?s=96&d=mm&r=g\",\"url\":\"https:\\\/\\\/secure.gravatar.com\\\/avatar\\\/4b7ee9206b48be08447852b3f0814dbc7c0f3b51541b164f1464a2725614020b?s=96&d=mm&r=g\",\"contentUrl\":\"https:\\\/\\\/secure.gravatar.com\\\/avatar\\\/4b7ee9206b48be08447852b3f0814dbc7c0f3b51541b164f1464a2725614020b?s=96&d=mm&r=g\",\"caption\":\"Exc\u00e9lsior\"},\"url\":\"https:\\\/\\\/fuentesfidedignas.com.mx\\\/index.php\\\/author\\\/excelsior\\\/\"}]}<\/script>\n<!-- \/ Yoast SEO plugin. -->","yoast_head_json":{"title":"EN VIVO: 'Otis' se convierte en un catastr\u00f3fico hurac\u00e1n categor\u00eda 4; podr\u00eda convertirse en 5 - Fuentes Fidedignas","robots":{"index":"index","follow":"follow","max-snippet":"max-snippet:-1","max-image-preview":"max-image-preview:large","max-video-preview":"max-video-preview:-1"},"canonical":"https:\/\/fuentesfidedignas.com.mx\/index.php\/2023\/10\/24\/huracan-otis-crece-en-apenas-horas-a-categoria-3-y-continua-intensificandose\/","og_locale":"es_MX","og_type":"article","og_title":"EN VIVO: 'Otis' se convierte en un catastr\u00f3fico hurac\u00e1n categor\u00eda 4; podr\u00eda convertirse en 5 - Fuentes Fidedignas","og_description":"Otis se convirti\u00f3 en un catastr\u00f3fico hurac\u00e1n categor\u00eda 4 y se ubica a 135 kil\u00f3metros al sur de Acapulco, con vientos m\u00e1ximos de 230 km\/h y rafagas de 280 km\/h; sigue aqu\u00ed EN VIVO su trayectoria. Ciudad de M\u00e9xico.- La Comisi\u00f3n Nacional del Agua no descart\u00f3 en su \u00faltimo reporte que Otis se convierta en [&hellip;]","og_url":"https:\/\/fuentesfidedignas.com.mx\/index.php\/2023\/10\/24\/huracan-otis-crece-en-apenas-horas-a-categoria-3-y-continua-intensificandose\/","og_site_name":"Fuentes Fidedignas","article_publisher":"https:\/\/www.facebook.com\/Fuentes-Fidedignas-368234489921644","article_published_time":"2023-10-25T00:35:00+00:00","article_modified_time":"2023-10-25T16:32:58+00:00","og_image":[{"width":1024,"height":683,"url":"https:\/\/fuentesfidedignas.com.mx\/wp-content\/uploads\/2023\/10\/otis-acapulco.jpg","type":"image\/jpeg"}],"author":"Exc\u00e9lsior","twitter_card":"summary_large_image","twitter_creator":"@fidedignas","twitter_site":"@fidedignas","twitter_misc":{"Escrito por":"Exc\u00e9lsior","Tiempo de lectura":"4 minutos"},"schema":{"@context":"https:\/\/schema.org","@graph":[{"@type":"Article","@id":"https:\/\/fuentesfidedignas.com.mx\/index.php\/2023\/10\/24\/huracan-otis-crece-en-apenas-horas-a-categoria-3-y-continua-intensificandose\/#article","isPartOf":{"@id":"https:\/\/fuentesfidedignas.com.mx\/index.php\/2023\/10\/24\/huracan-otis-crece-en-apenas-horas-a-categoria-3-y-continua-intensificandose\/"},"author":{"name":"Exc\u00e9lsior","@id":"https:\/\/fuentesfidedignas.com.mx\/#\/schema\/person\/ec4edd1fbf5efa3e44fce34fe2787780"},"headline":"EN VIVO: &#8216;Otis&#8217; se convierte en un catastr\u00f3fico hurac\u00e1n categor\u00eda 4; podr\u00eda convertirse en 5","datePublished":"2023-10-25T00:35:00+00:00","dateModified":"2023-10-25T16:32:58+00:00","mainEntityOfPage":{"@id":"https:\/\/fuentesfidedignas.com.mx\/index.php\/2023\/10\/24\/huracan-otis-crece-en-apenas-horas-a-categoria-3-y-continua-intensificandose\/"},"wordCount":865,"commentCount":0,"publisher":{"@id":"https:\/\/fuentesfidedignas.com.mx\/#organization"},"image":{"@id":"https:\/\/fuentesfidedignas.com.mx\/index.php\/2023\/10\/24\/huracan-otis-crece-en-apenas-horas-a-categoria-3-y-continua-intensificandose\/#primaryimage"},"thumbnailUrl":"https:\/\/fuentesfidedignas.com.mx\/wp-content\/uploads\/2023\/10\/otis-acapulco.jpg","inLanguage":"es","potentialAction":[{"@type":"CommentAction","name":"Comment","target":["https:\/\/fuentesfidedignas.com.mx\/index.php\/2023\/10\/24\/huracan-otis-crece-en-apenas-horas-a-categoria-3-y-continua-intensificandose\/#respond"]}]},{"@type":"WebPage","@id":"https:\/\/fuentesfidedignas.com.mx\/index.php\/2023\/10\/24\/huracan-otis-crece-en-apenas-horas-a-categoria-3-y-continua-intensificandose\/","url":"https:\/\/fuentesfidedignas.com.mx\/index.php\/2023\/10\/24\/huracan-otis-crece-en-apenas-horas-a-categoria-3-y-continua-intensificandose\/","name":"EN VIVO: 'Otis' se convierte en un catastr\u00f3fico hurac\u00e1n categor\u00eda 4; podr\u00eda convertirse en 5 - Fuentes Fidedignas","isPartOf":{"@id":"https:\/\/fuentesfidedignas.com.mx\/#website"},"primaryImageOfPage":{"@id":"https:\/\/fuentesfidedignas.com.mx\/index.php\/2023\/10\/24\/huracan-otis-crece-en-apenas-horas-a-categoria-3-y-continua-intensificandose\/#primaryimage"},"image":{"@id":"https:\/\/fuentesfidedignas.com.mx\/index.php\/2023\/10\/24\/huracan-otis-crece-en-apenas-horas-a-categoria-3-y-continua-intensificandose\/#primaryimage"},"thumbnailUrl":"https:\/\/fuentesfidedignas.com.mx\/wp-content\/uploads\/2023\/10\/otis-acapulco.jpg","datePublished":"2023-10-25T00:35:00+00:00","dateModified":"2023-10-25T16:32:58+00:00","breadcrumb":{"@id":"https:\/\/fuentesfidedignas.com.mx\/index.php\/2023\/10\/24\/huracan-otis-crece-en-apenas-horas-a-categoria-3-y-continua-intensificandose\/#breadcrumb"},"inLanguage":"es","potentialAction":[{"@type":"ReadAction","target":["https:\/\/fuentesfidedignas.com.mx\/index.php\/2023\/10\/24\/huracan-otis-crece-en-apenas-horas-a-categoria-3-y-continua-intensificandose\/"]}]},{"@type":"ImageObject","inLanguage":"es","@id":"https:\/\/fuentesfidedignas.com.mx\/index.php\/2023\/10\/24\/huracan-otis-crece-en-apenas-horas-a-categoria-3-y-continua-intensificandose\/#primaryimage","url":"https:\/\/fuentesfidedignas.com.mx\/wp-content\/uploads\/2023\/10\/otis-acapulco.jpg","contentUrl":"https:\/\/fuentesfidedignas.com.mx\/wp-content\/uploads\/2023\/10\/otis-acapulco.jpg","width":1024,"height":683},{"@type":"BreadcrumbList","@id":"https:\/\/fuentesfidedignas.com.mx\/index.php\/2023\/10\/24\/huracan-otis-crece-en-apenas-horas-a-categoria-3-y-continua-intensificandose\/#breadcrumb","itemListElement":[{"@type":"ListItem","position":1,"name":"Inicio","item":"https:\/\/fuentesfidedignas.com.mx\/"},{"@type":"ListItem","position":2,"name":"EN VIVO: &#8216;Otis&#8217; se convierte en un catastr\u00f3fico hurac\u00e1n categor\u00eda 4; podr\u00eda convertirse en 5"}]},{"@type":"WebSite","@id":"https:\/\/fuentesfidedignas.com.mx\/#website","url":"https:\/\/fuentesfidedignas.com.mx\/","name":"Fuentes Fidedignas","description":"Otro sitio realizado con WordPress","publisher":{"@id":"https:\/\/fuentesfidedignas.com.mx\/#organization"},"potentialAction":[{"@type":"SearchAction","target":{"@type":"EntryPoint","urlTemplate":"https:\/\/fuentesfidedignas.com.mx\/?s={search_term_string}"},"query-input":{"@type":"PropertyValueSpecification","valueRequired":true,"valueName":"search_term_string"}}],"inLanguage":"es"},{"@type":"Organization","@id":"https:\/\/fuentesfidedignas.com.mx\/#organization","name":"Fuentes Fidedignas","url":"https:\/\/fuentesfidedignas.com.mx\/","logo":{"@type":"ImageObject","inLanguage":"es","@id":"https:\/\/fuentesfidedignas.com.mx\/#\/schema\/logo\/image\/","url":"https:\/\/fuentesfidedignas.com.mx\/wp-content\/uploads\/2021\/04\/logo-retina.png","contentUrl":"https:\/\/fuentesfidedignas.com.mx\/wp-content\/uploads\/2021\/04\/logo-retina.png","width":280,"height":51,"caption":"Fuentes Fidedignas"},"image":{"@id":"https:\/\/fuentesfidedignas.com.mx\/#\/schema\/logo\/image\/"},"sameAs":["https:\/\/www.facebook.com\/Fuentes-Fidedignas-368234489921644","https:\/\/x.com\/fidedignas"]},{"@type":"Person","@id":"https:\/\/fuentesfidedignas.com.mx\/#\/schema\/person\/ec4edd1fbf5efa3e44fce34fe2787780","name":"Exc\u00e9lsior","image":{"@type":"ImageObject","inLanguage":"es","@id":"https:\/\/secure.gravatar.com\/avatar\/4b7ee9206b48be08447852b3f0814dbc7c0f3b51541b164f1464a2725614020b?s=96&d=mm&r=g","url":"https:\/\/secure.gravatar.com\/avatar\/4b7ee9206b48be08447852b3f0814dbc7c0f3b51541b164f1464a2725614020b?s=96&d=mm&r=g","contentUrl":"https:\/\/secure.gravatar.com\/avatar\/4b7ee9206b48be08447852b3f0814dbc7c0f3b51541b164f1464a2725614020b?s=96&d=mm&r=g","caption":"Exc\u00e9lsior"},"url":"https:\/\/fuentesfidedignas.com.mx\/index.php\/author\/excelsior\/"}]}},"_links":{"self":[{"href":"https:\/\/fuentesfidedignas.com.mx\/index.php\/wp-json\/wp\/v2\/posts\/63578","targetHints":{"allow":["GET"]}}],"collection":[{"href":"https:\/\/fuentesfidedignas.com.mx\/index.php\/wp-json\/wp\/v2\/posts"}],"about":[{"href":"https:\/\/fuentesfidedignas.com.mx\/index.php\/wp-json\/wp\/v2\/types\/post"}],"author":[{"embeddable":true,"href":"https:\/\/fuentesfidedignas.com.mx\/index.php\/wp-json\/wp\/v2\/users\/7"}],"replies":[{"embeddable":true,"href":"https:\/\/fuentesfidedignas.com.mx\/index.php\/wp-json\/wp\/v2\/comments?post=63578"}],"version-history":[{"count":3,"href":"https:\/\/fuentesfidedignas.com.mx\/index.php\/wp-json\/wp\/v2\/posts\/63578\/revisions"}],"predecessor-version":[{"id":63604,"href":"https:\/\/fuentesfidedignas.com.mx\/index.php\/wp-json\/wp\/v2\/posts\/63578\/revisions\/63604"}],"wp:featuredmedia":[{"embeddable":true,"href":"https:\/\/fuentesfidedignas.com.mx\/index.php\/wp-json\/wp\/v2\/media\/63580"}],"wp:attachment":[{"href":"https:\/\/fuentesfidedignas.com.mx\/index.php\/wp-json\/wp\/v2\/media?parent=63578"}],"wp:term":[{"taxonomy":"category","embeddable":true,"href":"https:\/\/fuentesfidedignas.com.mx\/index.php\/wp-json\/wp\/v2\/categories?post=63578"},{"taxonomy":"post_tag","embeddable":true,"href":"https:\/\/fuentesfidedignas.com.mx\/index.php\/wp-json\/wp\/v2\/tags?post=63578"}],"curies":[{"name":"wp","href":"https:\/\/api.w.org\/{rel}","templated":true}]}}