{"id":63544,"date":"2023-10-24T12:33:56","date_gmt":"2023-10-24T19:33:56","guid":{"rendered":"https:\/\/fuentesfidedignas.com.mx\/?p=63544"},"modified":"2023-10-24T12:33:57","modified_gmt":"2023-10-24T19:33:57","slug":"realizan-recorrido-por-caminos-y-carreteras-danadas-por-norma","status":"publish","type":"post","link":"https:\/\/fuentesfidedignas.com.mx\/index.php\/2023\/10\/24\/realizan-recorrido-por-caminos-y-carreteras-danadas-por-norma\/","title":{"rendered":"Realizan recorrido por caminos y carreteras da\u00f1adas por \u201cNorma\u201d"},"content":{"rendered":"\n<p><em><strong>El Secretario de Obras P\u00fablicas encabeza brigadas de supervisi\u00f3n de los tramos carreteros afectados<\/strong><\/em><\/p>\n\n\n\n<p>Culiac\u00e1n, Sin.- El Secretario de Obras P\u00fablicas de Gobierno del Estado, Joaqu\u00edn Landeros G\u00fcicho inici\u00f3 este martes un recorrido de supervisi\u00f3n por caminos y carreteras da\u00f1adas por las lluvias que dej\u00f3 \u201cNorma\u201d en Sinaloa.<\/p>\n\n\n\n<p>Por la ma\u00f1ana, el funcionario estatal, con la indicaci\u00f3n del gobernador, Rub\u00e9n Rocha Moya, inici\u00f3 el recorrido de supervisi\u00f3n de caminos y carreteras y explic\u00f3 que estas acciones se realizan a trav\u00e9s de tres brigadas para cubrir todas las zonas del estado.<\/p>\n\n\n\n<figure class=\"wp-block-image size-large\"><img decoding=\"async\" width=\"1024\" height=\"684\" src=\"https:\/\/fuentesfidedignas.com.mx\/wp-content\/uploads\/2023\/10\/WhatsApp-Image-2023-10-24-at-12.02.26-PM-1024x684.jpeg\" alt=\"\" class=\"wp-image-63546\" srcset=\"https:\/\/fuentesfidedignas.com.mx\/wp-content\/uploads\/2023\/10\/WhatsApp-Image-2023-10-24-at-12.02.26-PM-1024x684.jpeg 1024w, https:\/\/fuentesfidedignas.com.mx\/wp-content\/uploads\/2023\/10\/WhatsApp-Image-2023-10-24-at-12.02.26-PM-300x200.jpeg 300w, https:\/\/fuentesfidedignas.com.mx\/wp-content\/uploads\/2023\/10\/WhatsApp-Image-2023-10-24-at-12.02.26-PM-768x513.jpeg 768w, https:\/\/fuentesfidedignas.com.mx\/wp-content\/uploads\/2023\/10\/WhatsApp-Image-2023-10-24-at-12.02.26-PM-1536x1025.jpeg 1536w, https:\/\/fuentesfidedignas.com.mx\/wp-content\/uploads\/2023\/10\/WhatsApp-Image-2023-10-24-at-12.02.26-PM-696x465.jpeg 696w, https:\/\/fuentesfidedignas.com.mx\/wp-content\/uploads\/2023\/10\/WhatsApp-Image-2023-10-24-at-12.02.26-PM-1068x713.jpeg 1068w, https:\/\/fuentesfidedignas.com.mx\/wp-content\/uploads\/2023\/10\/WhatsApp-Image-2023-10-24-at-12.02.26-PM-629x420.jpeg 629w, https:\/\/fuentesfidedignas.com.mx\/wp-content\/uploads\/2023\/10\/WhatsApp-Image-2023-10-24-at-12.02.26-PM.jpeg 1600w\" sizes=\"(max-width: 1024px) 100vw, 1024px\" \/><\/figure>\n\n\n\n<p>Primero acudi\u00f3 el funcionario estatal con el primer equipo, al puente da\u00f1ado en la carretera Villa Ju\u00e1rez-La Michoacana en Navolato para luego trasladarse a la carretera entre La Pipima y El Potrero donde lo acompa\u00f1\u00f3 la presidenta municipal, Margoth Urrea, adem\u00e1s de funcionarios estatales y municipales.<\/p>\n\n\n\n<p>Tambi\u00e9n esta brigada incluye recorrido por el carril de sur a norte de la Autopista Benito Ju\u00e1rez, supervisi\u00f3n del tramo de la Carretera M\u00e9xico 15-El Burri\u00f3n en Guasave, el corte de la carretera calle 100, en este municipio, el socav\u00f3n en carretera Corerepe-El Huitussi y anexos, adem\u00e1s de un recorrido por el carril norte-sur por la Autopista Benito Ju\u00e1rez.<\/p>\n\n\n\n<p>\u201c<strong>Nos encontramos haciendo un recorrido, por instrucciones del gobernador por todo el estado, Nos estamos desplegando en tres equipos para supervisar y medir los da\u00f1os por Norma en caminos y carreteras<\/strong>\u201d, expres\u00f3.<\/p>\n\n\n\n<p>Precis\u00f3 el titular de la SOP que se desplegaron tres equipos para cubrir todo el territorio pues la meta es tener un diagn\u00f3stico para la tarde noche ya con todos los da\u00f1os para empezar a resolverlos uno por uno de manera inmediata.<\/p>\n\n\n\n<p>La segunda brigada inici\u00f3 el recorrido por la Maxipista, carril norte-sur, supervisi\u00f3n del puente El Quelite, la carretera Estaci\u00f3n Dimas-Barras de Piaxtla, la carretera La Cruz-Potrerillo del Norote, el vado agua amarga y el recorrido por el carril sur a norte de la Maxipista.<\/p>\n\n\n\n<p>Al tercer equipo le correspondi\u00f3 verificar y atender los da\u00f1os por derrumbes en la carretera Badiraguato Parral, as\u00ed como supervisar la carretera Soyatita-San Jos\u00e9 del Llano.<\/p>\n\n\n\n<p>Coment\u00f3 el Secretario de Obras que las instrucciones del gobernador es ubicar los da\u00f1os, mas all\u00e1 de los reportes que se han hecho por lo que ya se cuenta con equipo en cada \u00e1rea afectada.<\/p>\n\n\n\n<p>A\u00f1adi\u00f3 Landeros G\u00fcicho que se est\u00e1 levantando un reporte fotogr\u00e1fico de casos para plantear una soluci\u00f3n inmediata por lo que ser\u00e1 hasta la tarde noche cuando se tenga la minuta de todos los caminos da\u00f1ados, as\u00ed como los tramos carreteros afectados.<\/p>\n","protected":false},"excerpt":{"rendered":"<p>El Secretario de Obras P\u00fablicas encabeza brigadas de supervisi\u00f3n de los tramos carreteros afectados Culiac\u00e1n, Sin.- El Secretario de Obras P\u00fablicas de Gobierno del Estado, Joaqu\u00edn Landeros G\u00fcicho inici\u00f3 este martes un recorrido de supervisi\u00f3n por caminos y carreteras da\u00f1adas por las lluvias que dej\u00f3 \u201cNorma\u201d en Sinaloa. Por la ma\u00f1ana, el funcionario estatal, con [&hellip;]<\/p>\n","protected":false},"author":4,"featured_media":63545,"comment_status":"open","ping_status":"open","sticky":false,"template":"","format":"standard","meta":{"tdm_status":"","tdm_grid_status":"","footnotes":""},"categories":[38],"tags":[],"class_list":{"0":"post-63544","1":"post","2":"type-post","3":"status-publish","4":"format-standard","5":"has-post-thumbnail","7":"category-noticias-locales"},"yoast_head":"<!-- This site is optimized with the Yoast SEO plugin v27.4 - https:\/\/yoast.com\/product\/yoast-seo-wordpress\/ -->\n<title>Realizan recorrido por caminos y carreteras da\u00f1adas por \u201cNorma\u201d - Fuentes Fidedignas<\/title>\n<meta name=\"robots\" content=\"index, follow, max-snippet:-1, max-image-preview:large, max-video-preview:-1\" \/>\n<link rel=\"canonical\" href=\"https:\/\/fuentesfidedignas.com.mx\/index.php\/2023\/10\/24\/realizan-recorrido-por-caminos-y-carreteras-danadas-por-norma\/\" \/>\n<meta property=\"og:locale\" content=\"es_MX\" \/>\n<meta property=\"og:type\" content=\"article\" \/>\n<meta property=\"og:title\" content=\"Realizan recorrido por caminos y carreteras da\u00f1adas por \u201cNorma\u201d - Fuentes Fidedignas\" \/>\n<meta property=\"og:description\" content=\"El Secretario de Obras P\u00fablicas encabeza brigadas de supervisi\u00f3n de los tramos carreteros afectados Culiac\u00e1n, Sin.- El Secretario de Obras P\u00fablicas de Gobierno del Estado, Joaqu\u00edn Landeros G\u00fcicho inici\u00f3 este martes un recorrido de supervisi\u00f3n por caminos y carreteras da\u00f1adas por las lluvias que dej\u00f3 \u201cNorma\u201d en Sinaloa. Por la ma\u00f1ana, el funcionario estatal, con [&hellip;]\" \/>\n<meta property=\"og:url\" content=\"https:\/\/fuentesfidedignas.com.mx\/index.php\/2023\/10\/24\/realizan-recorrido-por-caminos-y-carreteras-danadas-por-norma\/\" \/>\n<meta property=\"og:site_name\" content=\"Fuentes Fidedignas\" \/>\n<meta property=\"article:publisher\" content=\"https:\/\/www.facebook.com\/Fuentes-Fidedignas-368234489921644\" \/>\n<meta property=\"article:published_time\" content=\"2023-10-24T19:33:56+00:00\" \/>\n<meta property=\"article:modified_time\" content=\"2023-10-24T19:33:57+00:00\" \/>\n<meta property=\"og:image\" content=\"https:\/\/fuentesfidedignas.com.mx\/wp-content\/uploads\/2023\/10\/WhatsApp-Image-2023-10-24-at-12.02.27-PM.jpeg\" \/>\n\t<meta property=\"og:image:width\" content=\"784\" \/>\n\t<meta property=\"og:image:height\" content=\"587\" \/>\n\t<meta property=\"og:image:type\" content=\"image\/jpeg\" \/>\n<meta name=\"author\" content=\"Redacci\u00f3n\" \/>\n<meta name=\"twitter:card\" content=\"summary_large_image\" \/>\n<meta name=\"twitter:creator\" content=\"@fidedignas\" \/>\n<meta name=\"twitter:site\" content=\"@fidedignas\" \/>\n<meta name=\"twitter:label1\" content=\"Escrito por\" \/>\n\t<meta name=\"twitter:data1\" content=\"Redacci\u00f3n\" \/>\n\t<meta name=\"twitter:label2\" content=\"Tiempo de lectura\" \/>\n\t<meta name=\"twitter:data2\" content=\"3 minutos\" \/>\n<script type=\"application\/ld+json\" class=\"yoast-schema-graph\">{\"@context\":\"https:\\\/\\\/schema.org\",\"@graph\":[{\"@type\":\"Article\",\"@id\":\"https:\\\/\\\/fuentesfidedignas.com.mx\\\/index.php\\\/2023\\\/10\\\/24\\\/realizan-recorrido-por-caminos-y-carreteras-danadas-por-norma\\\/#article\",\"isPartOf\":{\"@id\":\"https:\\\/\\\/fuentesfidedignas.com.mx\\\/index.php\\\/2023\\\/10\\\/24\\\/realizan-recorrido-por-caminos-y-carreteras-danadas-por-norma\\\/\"},\"author\":{\"name\":\"Redacci\u00f3n\",\"@id\":\"https:\\\/\\\/fuentesfidedignas.com.mx\\\/#\\\/schema\\\/person\\\/331be9283d37198e2acd5750279085b0\"},\"headline\":\"Realizan recorrido por caminos y carreteras da\u00f1adas por \u201cNorma\u201d\",\"datePublished\":\"2023-10-24T19:33:56+00:00\",\"dateModified\":\"2023-10-24T19:33:57+00:00\",\"mainEntityOfPage\":{\"@id\":\"https:\\\/\\\/fuentesfidedignas.com.mx\\\/index.php\\\/2023\\\/10\\\/24\\\/realizan-recorrido-por-caminos-y-carreteras-danadas-por-norma\\\/\"},\"wordCount\":461,\"commentCount\":0,\"publisher\":{\"@id\":\"https:\\\/\\\/fuentesfidedignas.com.mx\\\/#organization\"},\"image\":{\"@id\":\"https:\\\/\\\/fuentesfidedignas.com.mx\\\/index.php\\\/2023\\\/10\\\/24\\\/realizan-recorrido-por-caminos-y-carreteras-danadas-por-norma\\\/#primaryimage\"},\"thumbnailUrl\":\"https:\\\/\\\/fuentesfidedignas.com.mx\\\/wp-content\\\/uploads\\\/2023\\\/10\\\/WhatsApp-Image-2023-10-24-at-12.02.27-PM.jpeg\",\"articleSection\":[\"NOTICIAS LOCALES\"],\"inLanguage\":\"es\",\"potentialAction\":[{\"@type\":\"CommentAction\",\"name\":\"Comment\",\"target\":[\"https:\\\/\\\/fuentesfidedignas.com.mx\\\/index.php\\\/2023\\\/10\\\/24\\\/realizan-recorrido-por-caminos-y-carreteras-danadas-por-norma\\\/#respond\"]}]},{\"@type\":\"WebPage\",\"@id\":\"https:\\\/\\\/fuentesfidedignas.com.mx\\\/index.php\\\/2023\\\/10\\\/24\\\/realizan-recorrido-por-caminos-y-carreteras-danadas-por-norma\\\/\",\"url\":\"https:\\\/\\\/fuentesfidedignas.com.mx\\\/index.php\\\/2023\\\/10\\\/24\\\/realizan-recorrido-por-caminos-y-carreteras-danadas-por-norma\\\/\",\"name\":\"Realizan recorrido por caminos y carreteras da\u00f1adas por \u201cNorma\u201d - Fuentes Fidedignas\",\"isPartOf\":{\"@id\":\"https:\\\/\\\/fuentesfidedignas.com.mx\\\/#website\"},\"primaryImageOfPage\":{\"@id\":\"https:\\\/\\\/fuentesfidedignas.com.mx\\\/index.php\\\/2023\\\/10\\\/24\\\/realizan-recorrido-por-caminos-y-carreteras-danadas-por-norma\\\/#primaryimage\"},\"image\":{\"@id\":\"https:\\\/\\\/fuentesfidedignas.com.mx\\\/index.php\\\/2023\\\/10\\\/24\\\/realizan-recorrido-por-caminos-y-carreteras-danadas-por-norma\\\/#primaryimage\"},\"thumbnailUrl\":\"https:\\\/\\\/fuentesfidedignas.com.mx\\\/wp-content\\\/uploads\\\/2023\\\/10\\\/WhatsApp-Image-2023-10-24-at-12.02.27-PM.jpeg\",\"datePublished\":\"2023-10-24T19:33:56+00:00\",\"dateModified\":\"2023-10-24T19:33:57+00:00\",\"breadcrumb\":{\"@id\":\"https:\\\/\\\/fuentesfidedignas.com.mx\\\/index.php\\\/2023\\\/10\\\/24\\\/realizan-recorrido-por-caminos-y-carreteras-danadas-por-norma\\\/#breadcrumb\"},\"inLanguage\":\"es\",\"potentialAction\":[{\"@type\":\"ReadAction\",\"target\":[\"https:\\\/\\\/fuentesfidedignas.com.mx\\\/index.php\\\/2023\\\/10\\\/24\\\/realizan-recorrido-por-caminos-y-carreteras-danadas-por-norma\\\/\"]}]},{\"@type\":\"ImageObject\",\"inLanguage\":\"es\",\"@id\":\"https:\\\/\\\/fuentesfidedignas.com.mx\\\/index.php\\\/2023\\\/10\\\/24\\\/realizan-recorrido-por-caminos-y-carreteras-danadas-por-norma\\\/#primaryimage\",\"url\":\"https:\\\/\\\/fuentesfidedignas.com.mx\\\/wp-content\\\/uploads\\\/2023\\\/10\\\/WhatsApp-Image-2023-10-24-at-12.02.27-PM.jpeg\",\"contentUrl\":\"https:\\\/\\\/fuentesfidedignas.com.mx\\\/wp-content\\\/uploads\\\/2023\\\/10\\\/WhatsApp-Image-2023-10-24-at-12.02.27-PM.jpeg\",\"width\":784,\"height\":587},{\"@type\":\"BreadcrumbList\",\"@id\":\"https:\\\/\\\/fuentesfidedignas.com.mx\\\/index.php\\\/2023\\\/10\\\/24\\\/realizan-recorrido-por-caminos-y-carreteras-danadas-por-norma\\\/#breadcrumb\",\"itemListElement\":[{\"@type\":\"ListItem\",\"position\":1,\"name\":\"Inicio\",\"item\":\"https:\\\/\\\/fuentesfidedignas.com.mx\\\/\"},{\"@type\":\"ListItem\",\"position\":2,\"name\":\"Realizan recorrido por caminos y carreteras da\u00f1adas por \u201cNorma\u201d\"}]},{\"@type\":\"WebSite\",\"@id\":\"https:\\\/\\\/fuentesfidedignas.com.mx\\\/#website\",\"url\":\"https:\\\/\\\/fuentesfidedignas.com.mx\\\/\",\"name\":\"Fuentes Fidedignas\",\"description\":\"Otro sitio realizado con WordPress\",\"publisher\":{\"@id\":\"https:\\\/\\\/fuentesfidedignas.com.mx\\\/#organization\"},\"potentialAction\":[{\"@type\":\"SearchAction\",\"target\":{\"@type\":\"EntryPoint\",\"urlTemplate\":\"https:\\\/\\\/fuentesfidedignas.com.mx\\\/?s={search_term_string}\"},\"query-input\":{\"@type\":\"PropertyValueSpecification\",\"valueRequired\":true,\"valueName\":\"search_term_string\"}}],\"inLanguage\":\"es\"},{\"@type\":\"Organization\",\"@id\":\"https:\\\/\\\/fuentesfidedignas.com.mx\\\/#organization\",\"name\":\"Fuentes Fidedignas\",\"url\":\"https:\\\/\\\/fuentesfidedignas.com.mx\\\/\",\"logo\":{\"@type\":\"ImageObject\",\"inLanguage\":\"es\",\"@id\":\"https:\\\/\\\/fuentesfidedignas.com.mx\\\/#\\\/schema\\\/logo\\\/image\\\/\",\"url\":\"https:\\\/\\\/fuentesfidedignas.com.mx\\\/wp-content\\\/uploads\\\/2021\\\/04\\\/logo-retina.png\",\"contentUrl\":\"https:\\\/\\\/fuentesfidedignas.com.mx\\\/wp-content\\\/uploads\\\/2021\\\/04\\\/logo-retina.png\",\"width\":280,\"height\":51,\"caption\":\"Fuentes Fidedignas\"},\"image\":{\"@id\":\"https:\\\/\\\/fuentesfidedignas.com.mx\\\/#\\\/schema\\\/logo\\\/image\\\/\"},\"sameAs\":[\"https:\\\/\\\/www.facebook.com\\\/Fuentes-Fidedignas-368234489921644\",\"https:\\\/\\\/x.com\\\/fidedignas\"]},{\"@type\":\"Person\",\"@id\":\"https:\\\/\\\/fuentesfidedignas.com.mx\\\/#\\\/schema\\\/person\\\/331be9283d37198e2acd5750279085b0\",\"name\":\"Redacci\u00f3n\",\"image\":{\"@type\":\"ImageObject\",\"inLanguage\":\"es\",\"@id\":\"https:\\\/\\\/secure.gravatar.com\\\/avatar\\\/f6d8782c11d12b2d4ad3fbb6931aeab5309937a4d6cd2fc9cfaa28a6396a5aec?s=96&d=mm&r=g\",\"url\":\"https:\\\/\\\/secure.gravatar.com\\\/avatar\\\/f6d8782c11d12b2d4ad3fbb6931aeab5309937a4d6cd2fc9cfaa28a6396a5aec?s=96&d=mm&r=g\",\"contentUrl\":\"https:\\\/\\\/secure.gravatar.com\\\/avatar\\\/f6d8782c11d12b2d4ad3fbb6931aeab5309937a4d6cd2fc9cfaa28a6396a5aec?s=96&d=mm&r=g\",\"caption\":\"Redacci\u00f3n\"},\"url\":\"https:\\\/\\\/fuentesfidedignas.com.mx\\\/index.php\\\/author\\\/redaccion\\\/\"}]}<\/script>\n<!-- \/ Yoast SEO plugin. -->","yoast_head_json":{"title":"Realizan recorrido por caminos y carreteras da\u00f1adas por \u201cNorma\u201d - Fuentes Fidedignas","robots":{"index":"index","follow":"follow","max-snippet":"max-snippet:-1","max-image-preview":"max-image-preview:large","max-video-preview":"max-video-preview:-1"},"canonical":"https:\/\/fuentesfidedignas.com.mx\/index.php\/2023\/10\/24\/realizan-recorrido-por-caminos-y-carreteras-danadas-por-norma\/","og_locale":"es_MX","og_type":"article","og_title":"Realizan recorrido por caminos y carreteras da\u00f1adas por \u201cNorma\u201d - Fuentes Fidedignas","og_description":"El Secretario de Obras P\u00fablicas encabeza brigadas de supervisi\u00f3n de los tramos carreteros afectados Culiac\u00e1n, Sin.- El Secretario de Obras P\u00fablicas de Gobierno del Estado, Joaqu\u00edn Landeros G\u00fcicho inici\u00f3 este martes un recorrido de supervisi\u00f3n por caminos y carreteras da\u00f1adas por las lluvias que dej\u00f3 \u201cNorma\u201d en Sinaloa. Por la ma\u00f1ana, el funcionario estatal, con [&hellip;]","og_url":"https:\/\/fuentesfidedignas.com.mx\/index.php\/2023\/10\/24\/realizan-recorrido-por-caminos-y-carreteras-danadas-por-norma\/","og_site_name":"Fuentes Fidedignas","article_publisher":"https:\/\/www.facebook.com\/Fuentes-Fidedignas-368234489921644","article_published_time":"2023-10-24T19:33:56+00:00","article_modified_time":"2023-10-24T19:33:57+00:00","og_image":[{"width":784,"height":587,"url":"https:\/\/fuentesfidedignas.com.mx\/wp-content\/uploads\/2023\/10\/WhatsApp-Image-2023-10-24-at-12.02.27-PM.jpeg","type":"image\/jpeg"}],"author":"Redacci\u00f3n","twitter_card":"summary_large_image","twitter_creator":"@fidedignas","twitter_site":"@fidedignas","twitter_misc":{"Escrito por":"Redacci\u00f3n","Tiempo de lectura":"3 minutos"},"schema":{"@context":"https:\/\/schema.org","@graph":[{"@type":"Article","@id":"https:\/\/fuentesfidedignas.com.mx\/index.php\/2023\/10\/24\/realizan-recorrido-por-caminos-y-carreteras-danadas-por-norma\/#article","isPartOf":{"@id":"https:\/\/fuentesfidedignas.com.mx\/index.php\/2023\/10\/24\/realizan-recorrido-por-caminos-y-carreteras-danadas-por-norma\/"},"author":{"name":"Redacci\u00f3n","@id":"https:\/\/fuentesfidedignas.com.mx\/#\/schema\/person\/331be9283d37198e2acd5750279085b0"},"headline":"Realizan recorrido por caminos y carreteras da\u00f1adas por \u201cNorma\u201d","datePublished":"2023-10-24T19:33:56+00:00","dateModified":"2023-10-24T19:33:57+00:00","mainEntityOfPage":{"@id":"https:\/\/fuentesfidedignas.com.mx\/index.php\/2023\/10\/24\/realizan-recorrido-por-caminos-y-carreteras-danadas-por-norma\/"},"wordCount":461,"commentCount":0,"publisher":{"@id":"https:\/\/fuentesfidedignas.com.mx\/#organization"},"image":{"@id":"https:\/\/fuentesfidedignas.com.mx\/index.php\/2023\/10\/24\/realizan-recorrido-por-caminos-y-carreteras-danadas-por-norma\/#primaryimage"},"thumbnailUrl":"https:\/\/fuentesfidedignas.com.mx\/wp-content\/uploads\/2023\/10\/WhatsApp-Image-2023-10-24-at-12.02.27-PM.jpeg","articleSection":["NOTICIAS LOCALES"],"inLanguage":"es","potentialAction":[{"@type":"CommentAction","name":"Comment","target":["https:\/\/fuentesfidedignas.com.mx\/index.php\/2023\/10\/24\/realizan-recorrido-por-caminos-y-carreteras-danadas-por-norma\/#respond"]}]},{"@type":"WebPage","@id":"https:\/\/fuentesfidedignas.com.mx\/index.php\/2023\/10\/24\/realizan-recorrido-por-caminos-y-carreteras-danadas-por-norma\/","url":"https:\/\/fuentesfidedignas.com.mx\/index.php\/2023\/10\/24\/realizan-recorrido-por-caminos-y-carreteras-danadas-por-norma\/","name":"Realizan recorrido por caminos y carreteras da\u00f1adas por \u201cNorma\u201d - Fuentes Fidedignas","isPartOf":{"@id":"https:\/\/fuentesfidedignas.com.mx\/#website"},"primaryImageOfPage":{"@id":"https:\/\/fuentesfidedignas.com.mx\/index.php\/2023\/10\/24\/realizan-recorrido-por-caminos-y-carreteras-danadas-por-norma\/#primaryimage"},"image":{"@id":"https:\/\/fuentesfidedignas.com.mx\/index.php\/2023\/10\/24\/realizan-recorrido-por-caminos-y-carreteras-danadas-por-norma\/#primaryimage"},"thumbnailUrl":"https:\/\/fuentesfidedignas.com.mx\/wp-content\/uploads\/2023\/10\/WhatsApp-Image-2023-10-24-at-12.02.27-PM.jpeg","datePublished":"2023-10-24T19:33:56+00:00","dateModified":"2023-10-24T19:33:57+00:00","breadcrumb":{"@id":"https:\/\/fuentesfidedignas.com.mx\/index.php\/2023\/10\/24\/realizan-recorrido-por-caminos-y-carreteras-danadas-por-norma\/#breadcrumb"},"inLanguage":"es","potentialAction":[{"@type":"ReadAction","target":["https:\/\/fuentesfidedignas.com.mx\/index.php\/2023\/10\/24\/realizan-recorrido-por-caminos-y-carreteras-danadas-por-norma\/"]}]},{"@type":"ImageObject","inLanguage":"es","@id":"https:\/\/fuentesfidedignas.com.mx\/index.php\/2023\/10\/24\/realizan-recorrido-por-caminos-y-carreteras-danadas-por-norma\/#primaryimage","url":"https:\/\/fuentesfidedignas.com.mx\/wp-content\/uploads\/2023\/10\/WhatsApp-Image-2023-10-24-at-12.02.27-PM.jpeg","contentUrl":"https:\/\/fuentesfidedignas.com.mx\/wp-content\/uploads\/2023\/10\/WhatsApp-Image-2023-10-24-at-12.02.27-PM.jpeg","width":784,"height":587},{"@type":"BreadcrumbList","@id":"https:\/\/fuentesfidedignas.com.mx\/index.php\/2023\/10\/24\/realizan-recorrido-por-caminos-y-carreteras-danadas-por-norma\/#breadcrumb","itemListElement":[{"@type":"ListItem","position":1,"name":"Inicio","item":"https:\/\/fuentesfidedignas.com.mx\/"},{"@type":"ListItem","position":2,"name":"Realizan recorrido por caminos y carreteras da\u00f1adas por \u201cNorma\u201d"}]},{"@type":"WebSite","@id":"https:\/\/fuentesfidedignas.com.mx\/#website","url":"https:\/\/fuentesfidedignas.com.mx\/","name":"Fuentes Fidedignas","description":"Otro sitio realizado con WordPress","publisher":{"@id":"https:\/\/fuentesfidedignas.com.mx\/#organization"},"potentialAction":[{"@type":"SearchAction","target":{"@type":"EntryPoint","urlTemplate":"https:\/\/fuentesfidedignas.com.mx\/?s={search_term_string}"},"query-input":{"@type":"PropertyValueSpecification","valueRequired":true,"valueName":"search_term_string"}}],"inLanguage":"es"},{"@type":"Organization","@id":"https:\/\/fuentesfidedignas.com.mx\/#organization","name":"Fuentes Fidedignas","url":"https:\/\/fuentesfidedignas.com.mx\/","logo":{"@type":"ImageObject","inLanguage":"es","@id":"https:\/\/fuentesfidedignas.com.mx\/#\/schema\/logo\/image\/","url":"https:\/\/fuentesfidedignas.com.mx\/wp-content\/uploads\/2021\/04\/logo-retina.png","contentUrl":"https:\/\/fuentesfidedignas.com.mx\/wp-content\/uploads\/2021\/04\/logo-retina.png","width":280,"height":51,"caption":"Fuentes Fidedignas"},"image":{"@id":"https:\/\/fuentesfidedignas.com.mx\/#\/schema\/logo\/image\/"},"sameAs":["https:\/\/www.facebook.com\/Fuentes-Fidedignas-368234489921644","https:\/\/x.com\/fidedignas"]},{"@type":"Person","@id":"https:\/\/fuentesfidedignas.com.mx\/#\/schema\/person\/331be9283d37198e2acd5750279085b0","name":"Redacci\u00f3n","image":{"@type":"ImageObject","inLanguage":"es","@id":"https:\/\/secure.gravatar.com\/avatar\/f6d8782c11d12b2d4ad3fbb6931aeab5309937a4d6cd2fc9cfaa28a6396a5aec?s=96&d=mm&r=g","url":"https:\/\/secure.gravatar.com\/avatar\/f6d8782c11d12b2d4ad3fbb6931aeab5309937a4d6cd2fc9cfaa28a6396a5aec?s=96&d=mm&r=g","contentUrl":"https:\/\/secure.gravatar.com\/avatar\/f6d8782c11d12b2d4ad3fbb6931aeab5309937a4d6cd2fc9cfaa28a6396a5aec?s=96&d=mm&r=g","caption":"Redacci\u00f3n"},"url":"https:\/\/fuentesfidedignas.com.mx\/index.php\/author\/redaccion\/"}]}},"_links":{"self":[{"href":"https:\/\/fuentesfidedignas.com.mx\/index.php\/wp-json\/wp\/v2\/posts\/63544","targetHints":{"allow":["GET"]}}],"collection":[{"href":"https:\/\/fuentesfidedignas.com.mx\/index.php\/wp-json\/wp\/v2\/posts"}],"about":[{"href":"https:\/\/fuentesfidedignas.com.mx\/index.php\/wp-json\/wp\/v2\/types\/post"}],"author":[{"embeddable":true,"href":"https:\/\/fuentesfidedignas.com.mx\/index.php\/wp-json\/wp\/v2\/users\/4"}],"replies":[{"embeddable":true,"href":"https:\/\/fuentesfidedignas.com.mx\/index.php\/wp-json\/wp\/v2\/comments?post=63544"}],"version-history":[{"count":1,"href":"https:\/\/fuentesfidedignas.com.mx\/index.php\/wp-json\/wp\/v2\/posts\/63544\/revisions"}],"predecessor-version":[{"id":63547,"href":"https:\/\/fuentesfidedignas.com.mx\/index.php\/wp-json\/wp\/v2\/posts\/63544\/revisions\/63547"}],"wp:featuredmedia":[{"embeddable":true,"href":"https:\/\/fuentesfidedignas.com.mx\/index.php\/wp-json\/wp\/v2\/media\/63545"}],"wp:attachment":[{"href":"https:\/\/fuentesfidedignas.com.mx\/index.php\/wp-json\/wp\/v2\/media?parent=63544"}],"wp:term":[{"taxonomy":"category","embeddable":true,"href":"https:\/\/fuentesfidedignas.com.mx\/index.php\/wp-json\/wp\/v2\/categories?post=63544"},{"taxonomy":"post_tag","embeddable":true,"href":"https:\/\/fuentesfidedignas.com.mx\/index.php\/wp-json\/wp\/v2\/tags?post=63544"}],"curies":[{"name":"wp","href":"https:\/\/api.w.org\/{rel}","templated":true}]}}