{"id":63519,"date":"2023-10-24T09:15:32","date_gmt":"2023-10-24T16:15:32","guid":{"rendered":"https:\/\/fuentesfidedignas.com.mx\/?p=63519"},"modified":"2023-10-24T09:32:36","modified_gmt":"2023-10-24T16:32:36","slug":"ataque-armado-en-zamora-deja-al-menos-ocho-heridos-entre-ellos-tres-ninos","status":"publish","type":"post","link":"https:\/\/fuentesfidedignas.com.mx\/index.php\/2023\/10\/24\/ataque-armado-en-zamora-deja-al-menos-ocho-heridos-entre-ellos-tres-ninos\/","title":{"rendered":"Ataque armado en Zamora deja al menos ocho heridos, entre ellos tres ni\u00f1os"},"content":{"rendered":"\n<p><strong><em>Sujetos armados perpetraron un ataque armado en Zamora, Michoac\u00e1n, donde ocho personas resultaron heridas<\/em><\/strong><\/p>\n\n\n\n<p>Michoac\u00e1n.- Al menos ocho personas resultaron heridas en el municipio michoacano de\u00a0<strong>Zamora<\/strong>, producto de un\u00a0<strong>ataque<\/strong>\u00a0<strong>armado<\/strong>.<\/p>\n\n\n\n<p>Las v\u00edctimas ensayaban una danza en las inmediaciones del\u00a0<strong>Fraccionamiento Benavente<\/strong>\u00a0cuando\u00a0<strong>sujetos armados<\/strong>\u00a0llegaron y dispararon en su contra.<\/p>\n\n\n\n<p>Acto seguido, los responsables escaparon sin que fueran identificados.<\/p>\n\n\n\n<p>Autoridades trasladaron a las personas lesionadas a diferentes&nbsp;<strong>hospitales<\/strong>.<\/p>\n\n\n\n<p>Se inform\u00f3 que entre los&nbsp;<strong>heridos<\/strong>&nbsp;se encuentran dos&nbsp;<strong>ni\u00f1os<\/strong>&nbsp;de un a\u00f1o de edad y otro de 3 a\u00f1os.<\/p>\n","protected":false},"excerpt":{"rendered":"<p>Sujetos armados perpetraron un ataque armado en Zamora, Michoac\u00e1n, donde ocho personas resultaron heridas Michoac\u00e1n.- Al menos ocho personas resultaron heridas en el municipio michoacano de\u00a0Zamora, producto de un\u00a0ataque\u00a0armado. Las v\u00edctimas ensayaban una danza en las inmediaciones del\u00a0Fraccionamiento Benavente\u00a0cuando\u00a0sujetos armados\u00a0llegaron y dispararon en su contra. Acto seguido, los responsables escaparon sin que fueran identificados. Autoridades [&hellip;]<\/p>\n","protected":false},"author":47,"featured_media":63521,"comment_status":"open","ping_status":"open","sticky":false,"template":"","format":"standard","meta":{"tdm_status":"","tdm_grid_status":"","footnotes":""},"categories":[39],"tags":[],"class_list":{"0":"post-63519","1":"post","2":"type-post","3":"status-publish","4":"format-standard","5":"has-post-thumbnail","7":"category-noticias-nacionales"},"yoast_head":"<!-- This site is optimized with the Yoast SEO plugin v27.5 - https:\/\/yoast.com\/product\/yoast-seo-wordpress\/ -->\n<title>Ataque armado en Zamora deja al menos ocho heridos, entre ellos tres ni\u00f1os - Fuentes Fidedignas<\/title>\n<meta name=\"robots\" content=\"index, follow, max-snippet:-1, max-image-preview:large, max-video-preview:-1\" \/>\n<link rel=\"canonical\" href=\"https:\/\/fuentesfidedignas.com.mx\/index.php\/2023\/10\/24\/ataque-armado-en-zamora-deja-al-menos-ocho-heridos-entre-ellos-tres-ninos\/\" \/>\n<meta property=\"og:locale\" content=\"es_MX\" \/>\n<meta property=\"og:type\" content=\"article\" \/>\n<meta property=\"og:title\" content=\"Ataque armado en Zamora deja al menos ocho heridos, entre ellos tres ni\u00f1os - Fuentes Fidedignas\" \/>\n<meta property=\"og:description\" content=\"Sujetos armados perpetraron un ataque armado en Zamora, Michoac\u00e1n, donde ocho personas resultaron heridas Michoac\u00e1n.- Al menos ocho personas resultaron heridas en el municipio michoacano de\u00a0Zamora, producto de un\u00a0ataque\u00a0armado. Las v\u00edctimas ensayaban una danza en las inmediaciones del\u00a0Fraccionamiento Benavente\u00a0cuando\u00a0sujetos armados\u00a0llegaron y dispararon en su contra. Acto seguido, los responsables escaparon sin que fueran identificados. Autoridades [&hellip;]\" \/>\n<meta property=\"og:url\" content=\"https:\/\/fuentesfidedignas.com.mx\/index.php\/2023\/10\/24\/ataque-armado-en-zamora-deja-al-menos-ocho-heridos-entre-ellos-tres-ninos\/\" \/>\n<meta property=\"og:site_name\" content=\"Fuentes Fidedignas\" \/>\n<meta property=\"article:publisher\" content=\"https:\/\/www.facebook.com\/Fuentes-Fidedignas-368234489921644\" \/>\n<meta property=\"article:published_time\" content=\"2023-10-24T16:15:32+00:00\" \/>\n<meta property=\"article:modified_time\" content=\"2023-10-24T16:32:36+00:00\" \/>\n<meta property=\"og:image\" content=\"https:\/\/fuentesfidedignas.com.mx\/wp-content\/uploads\/2023\/10\/escena-del-crimen-cinta-precaucion.jpg\" \/>\n\t<meta property=\"og:image:width\" content=\"1200\" \/>\n\t<meta property=\"og:image:height\" content=\"645\" \/>\n\t<meta property=\"og:image:type\" content=\"image\/jpeg\" \/>\n<meta name=\"author\" content=\"L\u00f3pez D\u00f3riga\" \/>\n<meta name=\"twitter:card\" content=\"summary_large_image\" \/>\n<meta name=\"twitter:creator\" content=\"@fidedignas\" \/>\n<meta name=\"twitter:site\" content=\"@fidedignas\" \/>\n<meta name=\"twitter:label1\" content=\"Escrito por\" \/>\n\t<meta name=\"twitter:data1\" content=\"L\u00f3pez D\u00f3riga\" \/>\n\t<meta name=\"twitter:label2\" content=\"Tiempo de lectura\" \/>\n\t<meta name=\"twitter:data2\" content=\"1 minuto\" \/>\n<script type=\"application\/ld+json\" class=\"yoast-schema-graph\">{\"@context\":\"https:\\\/\\\/schema.org\",\"@graph\":[{\"@type\":\"Article\",\"@id\":\"https:\\\/\\\/fuentesfidedignas.com.mx\\\/index.php\\\/2023\\\/10\\\/24\\\/ataque-armado-en-zamora-deja-al-menos-ocho-heridos-entre-ellos-tres-ninos\\\/#article\",\"isPartOf\":{\"@id\":\"https:\\\/\\\/fuentesfidedignas.com.mx\\\/index.php\\\/2023\\\/10\\\/24\\\/ataque-armado-en-zamora-deja-al-menos-ocho-heridos-entre-ellos-tres-ninos\\\/\"},\"author\":{\"name\":\"L\u00f3pez D\u00f3riga\",\"@id\":\"https:\\\/\\\/fuentesfidedignas.com.mx\\\/#\\\/schema\\\/person\\\/67d852f0557c8509146a4b9ddebd543a\"},\"headline\":\"Ataque armado en Zamora deja al menos ocho heridos, entre ellos tres ni\u00f1os\",\"datePublished\":\"2023-10-24T16:15:32+00:00\",\"dateModified\":\"2023-10-24T16:32:36+00:00\",\"mainEntityOfPage\":{\"@id\":\"https:\\\/\\\/fuentesfidedignas.com.mx\\\/index.php\\\/2023\\\/10\\\/24\\\/ataque-armado-en-zamora-deja-al-menos-ocho-heridos-entre-ellos-tres-ninos\\\/\"},\"wordCount\":115,\"commentCount\":0,\"publisher\":{\"@id\":\"https:\\\/\\\/fuentesfidedignas.com.mx\\\/#organization\"},\"image\":{\"@id\":\"https:\\\/\\\/fuentesfidedignas.com.mx\\\/index.php\\\/2023\\\/10\\\/24\\\/ataque-armado-en-zamora-deja-al-menos-ocho-heridos-entre-ellos-tres-ninos\\\/#primaryimage\"},\"thumbnailUrl\":\"https:\\\/\\\/fuentesfidedignas.com.mx\\\/wp-content\\\/uploads\\\/2023\\\/10\\\/escena-del-crimen-cinta-precaucion.jpg\",\"articleSection\":[\"NOTICIAS NACIONALES\"],\"inLanguage\":\"es\",\"potentialAction\":[{\"@type\":\"CommentAction\",\"name\":\"Comment\",\"target\":[\"https:\\\/\\\/fuentesfidedignas.com.mx\\\/index.php\\\/2023\\\/10\\\/24\\\/ataque-armado-en-zamora-deja-al-menos-ocho-heridos-entre-ellos-tres-ninos\\\/#respond\"]}]},{\"@type\":\"WebPage\",\"@id\":\"https:\\\/\\\/fuentesfidedignas.com.mx\\\/index.php\\\/2023\\\/10\\\/24\\\/ataque-armado-en-zamora-deja-al-menos-ocho-heridos-entre-ellos-tres-ninos\\\/\",\"url\":\"https:\\\/\\\/fuentesfidedignas.com.mx\\\/index.php\\\/2023\\\/10\\\/24\\\/ataque-armado-en-zamora-deja-al-menos-ocho-heridos-entre-ellos-tres-ninos\\\/\",\"name\":\"Ataque armado en Zamora deja al menos ocho heridos, entre ellos tres ni\u00f1os - Fuentes Fidedignas\",\"isPartOf\":{\"@id\":\"https:\\\/\\\/fuentesfidedignas.com.mx\\\/#website\"},\"primaryImageOfPage\":{\"@id\":\"https:\\\/\\\/fuentesfidedignas.com.mx\\\/index.php\\\/2023\\\/10\\\/24\\\/ataque-armado-en-zamora-deja-al-menos-ocho-heridos-entre-ellos-tres-ninos\\\/#primaryimage\"},\"image\":{\"@id\":\"https:\\\/\\\/fuentesfidedignas.com.mx\\\/index.php\\\/2023\\\/10\\\/24\\\/ataque-armado-en-zamora-deja-al-menos-ocho-heridos-entre-ellos-tres-ninos\\\/#primaryimage\"},\"thumbnailUrl\":\"https:\\\/\\\/fuentesfidedignas.com.mx\\\/wp-content\\\/uploads\\\/2023\\\/10\\\/escena-del-crimen-cinta-precaucion.jpg\",\"datePublished\":\"2023-10-24T16:15:32+00:00\",\"dateModified\":\"2023-10-24T16:32:36+00:00\",\"breadcrumb\":{\"@id\":\"https:\\\/\\\/fuentesfidedignas.com.mx\\\/index.php\\\/2023\\\/10\\\/24\\\/ataque-armado-en-zamora-deja-al-menos-ocho-heridos-entre-ellos-tres-ninos\\\/#breadcrumb\"},\"inLanguage\":\"es\",\"potentialAction\":[{\"@type\":\"ReadAction\",\"target\":[\"https:\\\/\\\/fuentesfidedignas.com.mx\\\/index.php\\\/2023\\\/10\\\/24\\\/ataque-armado-en-zamora-deja-al-menos-ocho-heridos-entre-ellos-tres-ninos\\\/\"]}]},{\"@type\":\"ImageObject\",\"inLanguage\":\"es\",\"@id\":\"https:\\\/\\\/fuentesfidedignas.com.mx\\\/index.php\\\/2023\\\/10\\\/24\\\/ataque-armado-en-zamora-deja-al-menos-ocho-heridos-entre-ellos-tres-ninos\\\/#primaryimage\",\"url\":\"https:\\\/\\\/fuentesfidedignas.com.mx\\\/wp-content\\\/uploads\\\/2023\\\/10\\\/escena-del-crimen-cinta-precaucion.jpg\",\"contentUrl\":\"https:\\\/\\\/fuentesfidedignas.com.mx\\\/wp-content\\\/uploads\\\/2023\\\/10\\\/escena-del-crimen-cinta-precaucion.jpg\",\"width\":1200,\"height\":645},{\"@type\":\"BreadcrumbList\",\"@id\":\"https:\\\/\\\/fuentesfidedignas.com.mx\\\/index.php\\\/2023\\\/10\\\/24\\\/ataque-armado-en-zamora-deja-al-menos-ocho-heridos-entre-ellos-tres-ninos\\\/#breadcrumb\",\"itemListElement\":[{\"@type\":\"ListItem\",\"position\":1,\"name\":\"Inicio\",\"item\":\"https:\\\/\\\/fuentesfidedignas.com.mx\\\/\"},{\"@type\":\"ListItem\",\"position\":2,\"name\":\"Ataque armado en Zamora deja al menos ocho heridos, entre ellos tres ni\u00f1os\"}]},{\"@type\":\"WebSite\",\"@id\":\"https:\\\/\\\/fuentesfidedignas.com.mx\\\/#website\",\"url\":\"https:\\\/\\\/fuentesfidedignas.com.mx\\\/\",\"name\":\"Fuentes Fidedignas\",\"description\":\"Otro sitio realizado con WordPress\",\"publisher\":{\"@id\":\"https:\\\/\\\/fuentesfidedignas.com.mx\\\/#organization\"},\"potentialAction\":[{\"@type\":\"SearchAction\",\"target\":{\"@type\":\"EntryPoint\",\"urlTemplate\":\"https:\\\/\\\/fuentesfidedignas.com.mx\\\/?s={search_term_string}\"},\"query-input\":{\"@type\":\"PropertyValueSpecification\",\"valueRequired\":true,\"valueName\":\"search_term_string\"}}],\"inLanguage\":\"es\"},{\"@type\":\"Organization\",\"@id\":\"https:\\\/\\\/fuentesfidedignas.com.mx\\\/#organization\",\"name\":\"Fuentes Fidedignas\",\"url\":\"https:\\\/\\\/fuentesfidedignas.com.mx\\\/\",\"logo\":{\"@type\":\"ImageObject\",\"inLanguage\":\"es\",\"@id\":\"https:\\\/\\\/fuentesfidedignas.com.mx\\\/#\\\/schema\\\/logo\\\/image\\\/\",\"url\":\"https:\\\/\\\/fuentesfidedignas.com.mx\\\/wp-content\\\/uploads\\\/2021\\\/04\\\/logo-retina.png\",\"contentUrl\":\"https:\\\/\\\/fuentesfidedignas.com.mx\\\/wp-content\\\/uploads\\\/2021\\\/04\\\/logo-retina.png\",\"width\":280,\"height\":51,\"caption\":\"Fuentes Fidedignas\"},\"image\":{\"@id\":\"https:\\\/\\\/fuentesfidedignas.com.mx\\\/#\\\/schema\\\/logo\\\/image\\\/\"},\"sameAs\":[\"https:\\\/\\\/www.facebook.com\\\/Fuentes-Fidedignas-368234489921644\",\"https:\\\/\\\/x.com\\\/fidedignas\"]},{\"@type\":\"Person\",\"@id\":\"https:\\\/\\\/fuentesfidedignas.com.mx\\\/#\\\/schema\\\/person\\\/67d852f0557c8509146a4b9ddebd543a\",\"name\":\"L\u00f3pez D\u00f3riga\",\"image\":{\"@type\":\"ImageObject\",\"inLanguage\":\"es\",\"@id\":\"https:\\\/\\\/secure.gravatar.com\\\/avatar\\\/e525b06574ca18b33cded59dfe5778d6c823b9513154eff47da551b0551bdd1e?s=96&d=mm&r=g\",\"url\":\"https:\\\/\\\/secure.gravatar.com\\\/avatar\\\/e525b06574ca18b33cded59dfe5778d6c823b9513154eff47da551b0551bdd1e?s=96&d=mm&r=g\",\"contentUrl\":\"https:\\\/\\\/secure.gravatar.com\\\/avatar\\\/e525b06574ca18b33cded59dfe5778d6c823b9513154eff47da551b0551bdd1e?s=96&d=mm&r=g\",\"caption\":\"L\u00f3pez D\u00f3riga\"},\"url\":\"https:\\\/\\\/fuentesfidedignas.com.mx\\\/index.php\\\/author\\\/doriga\\\/\"}]}<\/script>\n<!-- \/ Yoast SEO plugin. -->","yoast_head_json":{"title":"Ataque armado en Zamora deja al menos ocho heridos, entre ellos tres ni\u00f1os - Fuentes Fidedignas","robots":{"index":"index","follow":"follow","max-snippet":"max-snippet:-1","max-image-preview":"max-image-preview:large","max-video-preview":"max-video-preview:-1"},"canonical":"https:\/\/fuentesfidedignas.com.mx\/index.php\/2023\/10\/24\/ataque-armado-en-zamora-deja-al-menos-ocho-heridos-entre-ellos-tres-ninos\/","og_locale":"es_MX","og_type":"article","og_title":"Ataque armado en Zamora deja al menos ocho heridos, entre ellos tres ni\u00f1os - Fuentes Fidedignas","og_description":"Sujetos armados perpetraron un ataque armado en Zamora, Michoac\u00e1n, donde ocho personas resultaron heridas Michoac\u00e1n.- Al menos ocho personas resultaron heridas en el municipio michoacano de\u00a0Zamora, producto de un\u00a0ataque\u00a0armado. Las v\u00edctimas ensayaban una danza en las inmediaciones del\u00a0Fraccionamiento Benavente\u00a0cuando\u00a0sujetos armados\u00a0llegaron y dispararon en su contra. Acto seguido, los responsables escaparon sin que fueran identificados. Autoridades [&hellip;]","og_url":"https:\/\/fuentesfidedignas.com.mx\/index.php\/2023\/10\/24\/ataque-armado-en-zamora-deja-al-menos-ocho-heridos-entre-ellos-tres-ninos\/","og_site_name":"Fuentes Fidedignas","article_publisher":"https:\/\/www.facebook.com\/Fuentes-Fidedignas-368234489921644","article_published_time":"2023-10-24T16:15:32+00:00","article_modified_time":"2023-10-24T16:32:36+00:00","og_image":[{"width":1200,"height":645,"url":"https:\/\/fuentesfidedignas.com.mx\/wp-content\/uploads\/2023\/10\/escena-del-crimen-cinta-precaucion.jpg","type":"image\/jpeg"}],"author":"L\u00f3pez D\u00f3riga","twitter_card":"summary_large_image","twitter_creator":"@fidedignas","twitter_site":"@fidedignas","twitter_misc":{"Escrito por":"L\u00f3pez D\u00f3riga","Tiempo de lectura":"1 minuto"},"schema":{"@context":"https:\/\/schema.org","@graph":[{"@type":"Article","@id":"https:\/\/fuentesfidedignas.com.mx\/index.php\/2023\/10\/24\/ataque-armado-en-zamora-deja-al-menos-ocho-heridos-entre-ellos-tres-ninos\/#article","isPartOf":{"@id":"https:\/\/fuentesfidedignas.com.mx\/index.php\/2023\/10\/24\/ataque-armado-en-zamora-deja-al-menos-ocho-heridos-entre-ellos-tres-ninos\/"},"author":{"name":"L\u00f3pez D\u00f3riga","@id":"https:\/\/fuentesfidedignas.com.mx\/#\/schema\/person\/67d852f0557c8509146a4b9ddebd543a"},"headline":"Ataque armado en Zamora deja al menos ocho heridos, entre ellos tres ni\u00f1os","datePublished":"2023-10-24T16:15:32+00:00","dateModified":"2023-10-24T16:32:36+00:00","mainEntityOfPage":{"@id":"https:\/\/fuentesfidedignas.com.mx\/index.php\/2023\/10\/24\/ataque-armado-en-zamora-deja-al-menos-ocho-heridos-entre-ellos-tres-ninos\/"},"wordCount":115,"commentCount":0,"publisher":{"@id":"https:\/\/fuentesfidedignas.com.mx\/#organization"},"image":{"@id":"https:\/\/fuentesfidedignas.com.mx\/index.php\/2023\/10\/24\/ataque-armado-en-zamora-deja-al-menos-ocho-heridos-entre-ellos-tres-ninos\/#primaryimage"},"thumbnailUrl":"https:\/\/fuentesfidedignas.com.mx\/wp-content\/uploads\/2023\/10\/escena-del-crimen-cinta-precaucion.jpg","articleSection":["NOTICIAS NACIONALES"],"inLanguage":"es","potentialAction":[{"@type":"CommentAction","name":"Comment","target":["https:\/\/fuentesfidedignas.com.mx\/index.php\/2023\/10\/24\/ataque-armado-en-zamora-deja-al-menos-ocho-heridos-entre-ellos-tres-ninos\/#respond"]}]},{"@type":"WebPage","@id":"https:\/\/fuentesfidedignas.com.mx\/index.php\/2023\/10\/24\/ataque-armado-en-zamora-deja-al-menos-ocho-heridos-entre-ellos-tres-ninos\/","url":"https:\/\/fuentesfidedignas.com.mx\/index.php\/2023\/10\/24\/ataque-armado-en-zamora-deja-al-menos-ocho-heridos-entre-ellos-tres-ninos\/","name":"Ataque armado en Zamora deja al menos ocho heridos, entre ellos tres ni\u00f1os - Fuentes Fidedignas","isPartOf":{"@id":"https:\/\/fuentesfidedignas.com.mx\/#website"},"primaryImageOfPage":{"@id":"https:\/\/fuentesfidedignas.com.mx\/index.php\/2023\/10\/24\/ataque-armado-en-zamora-deja-al-menos-ocho-heridos-entre-ellos-tres-ninos\/#primaryimage"},"image":{"@id":"https:\/\/fuentesfidedignas.com.mx\/index.php\/2023\/10\/24\/ataque-armado-en-zamora-deja-al-menos-ocho-heridos-entre-ellos-tres-ninos\/#primaryimage"},"thumbnailUrl":"https:\/\/fuentesfidedignas.com.mx\/wp-content\/uploads\/2023\/10\/escena-del-crimen-cinta-precaucion.jpg","datePublished":"2023-10-24T16:15:32+00:00","dateModified":"2023-10-24T16:32:36+00:00","breadcrumb":{"@id":"https:\/\/fuentesfidedignas.com.mx\/index.php\/2023\/10\/24\/ataque-armado-en-zamora-deja-al-menos-ocho-heridos-entre-ellos-tres-ninos\/#breadcrumb"},"inLanguage":"es","potentialAction":[{"@type":"ReadAction","target":["https:\/\/fuentesfidedignas.com.mx\/index.php\/2023\/10\/24\/ataque-armado-en-zamora-deja-al-menos-ocho-heridos-entre-ellos-tres-ninos\/"]}]},{"@type":"ImageObject","inLanguage":"es","@id":"https:\/\/fuentesfidedignas.com.mx\/index.php\/2023\/10\/24\/ataque-armado-en-zamora-deja-al-menos-ocho-heridos-entre-ellos-tres-ninos\/#primaryimage","url":"https:\/\/fuentesfidedignas.com.mx\/wp-content\/uploads\/2023\/10\/escena-del-crimen-cinta-precaucion.jpg","contentUrl":"https:\/\/fuentesfidedignas.com.mx\/wp-content\/uploads\/2023\/10\/escena-del-crimen-cinta-precaucion.jpg","width":1200,"height":645},{"@type":"BreadcrumbList","@id":"https:\/\/fuentesfidedignas.com.mx\/index.php\/2023\/10\/24\/ataque-armado-en-zamora-deja-al-menos-ocho-heridos-entre-ellos-tres-ninos\/#breadcrumb","itemListElement":[{"@type":"ListItem","position":1,"name":"Inicio","item":"https:\/\/fuentesfidedignas.com.mx\/"},{"@type":"ListItem","position":2,"name":"Ataque armado en Zamora deja al menos ocho heridos, entre ellos tres ni\u00f1os"}]},{"@type":"WebSite","@id":"https:\/\/fuentesfidedignas.com.mx\/#website","url":"https:\/\/fuentesfidedignas.com.mx\/","name":"Fuentes Fidedignas","description":"Otro sitio realizado con WordPress","publisher":{"@id":"https:\/\/fuentesfidedignas.com.mx\/#organization"},"potentialAction":[{"@type":"SearchAction","target":{"@type":"EntryPoint","urlTemplate":"https:\/\/fuentesfidedignas.com.mx\/?s={search_term_string}"},"query-input":{"@type":"PropertyValueSpecification","valueRequired":true,"valueName":"search_term_string"}}],"inLanguage":"es"},{"@type":"Organization","@id":"https:\/\/fuentesfidedignas.com.mx\/#organization","name":"Fuentes Fidedignas","url":"https:\/\/fuentesfidedignas.com.mx\/","logo":{"@type":"ImageObject","inLanguage":"es","@id":"https:\/\/fuentesfidedignas.com.mx\/#\/schema\/logo\/image\/","url":"https:\/\/fuentesfidedignas.com.mx\/wp-content\/uploads\/2021\/04\/logo-retina.png","contentUrl":"https:\/\/fuentesfidedignas.com.mx\/wp-content\/uploads\/2021\/04\/logo-retina.png","width":280,"height":51,"caption":"Fuentes Fidedignas"},"image":{"@id":"https:\/\/fuentesfidedignas.com.mx\/#\/schema\/logo\/image\/"},"sameAs":["https:\/\/www.facebook.com\/Fuentes-Fidedignas-368234489921644","https:\/\/x.com\/fidedignas"]},{"@type":"Person","@id":"https:\/\/fuentesfidedignas.com.mx\/#\/schema\/person\/67d852f0557c8509146a4b9ddebd543a","name":"L\u00f3pez D\u00f3riga","image":{"@type":"ImageObject","inLanguage":"es","@id":"https:\/\/secure.gravatar.com\/avatar\/e525b06574ca18b33cded59dfe5778d6c823b9513154eff47da551b0551bdd1e?s=96&d=mm&r=g","url":"https:\/\/secure.gravatar.com\/avatar\/e525b06574ca18b33cded59dfe5778d6c823b9513154eff47da551b0551bdd1e?s=96&d=mm&r=g","contentUrl":"https:\/\/secure.gravatar.com\/avatar\/e525b06574ca18b33cded59dfe5778d6c823b9513154eff47da551b0551bdd1e?s=96&d=mm&r=g","caption":"L\u00f3pez D\u00f3riga"},"url":"https:\/\/fuentesfidedignas.com.mx\/index.php\/author\/doriga\/"}]}},"_links":{"self":[{"href":"https:\/\/fuentesfidedignas.com.mx\/index.php\/wp-json\/wp\/v2\/posts\/63519","targetHints":{"allow":["GET"]}}],"collection":[{"href":"https:\/\/fuentesfidedignas.com.mx\/index.php\/wp-json\/wp\/v2\/posts"}],"about":[{"href":"https:\/\/fuentesfidedignas.com.mx\/index.php\/wp-json\/wp\/v2\/types\/post"}],"author":[{"embeddable":true,"href":"https:\/\/fuentesfidedignas.com.mx\/index.php\/wp-json\/wp\/v2\/users\/47"}],"replies":[{"embeddable":true,"href":"https:\/\/fuentesfidedignas.com.mx\/index.php\/wp-json\/wp\/v2\/comments?post=63519"}],"version-history":[{"count":1,"href":"https:\/\/fuentesfidedignas.com.mx\/index.php\/wp-json\/wp\/v2\/posts\/63519\/revisions"}],"predecessor-version":[{"id":63520,"href":"https:\/\/fuentesfidedignas.com.mx\/index.php\/wp-json\/wp\/v2\/posts\/63519\/revisions\/63520"}],"wp:featuredmedia":[{"embeddable":true,"href":"https:\/\/fuentesfidedignas.com.mx\/index.php\/wp-json\/wp\/v2\/media\/63521"}],"wp:attachment":[{"href":"https:\/\/fuentesfidedignas.com.mx\/index.php\/wp-json\/wp\/v2\/media?parent=63519"}],"wp:term":[{"taxonomy":"category","embeddable":true,"href":"https:\/\/fuentesfidedignas.com.mx\/index.php\/wp-json\/wp\/v2\/categories?post=63519"},{"taxonomy":"post_tag","embeddable":true,"href":"https:\/\/fuentesfidedignas.com.mx\/index.php\/wp-json\/wp\/v2\/tags?post=63519"}],"curies":[{"name":"wp","href":"https:\/\/api.w.org\/{rel}","templated":true}]}}