{"id":63433,"date":"2023-10-23T12:10:04","date_gmt":"2023-10-23T19:10:04","guid":{"rendered":"https:\/\/fuentesfidedignas.com.mx\/?p=63433"},"modified":"2023-10-23T12:15:59","modified_gmt":"2023-10-23T19:15:59","slug":"sepyc-abre-plataforma-de-reportes-para-escuelas-afectadas-por-lluvias","status":"publish","type":"post","link":"https:\/\/fuentesfidedignas.com.mx\/index.php\/2023\/10\/23\/sepyc-abre-plataforma-de-reportes-para-escuelas-afectadas-por-lluvias\/","title":{"rendered":"SEPyC abre plataforma de reportes para escuelas afectadas por lluvias"},"content":{"rendered":"\n<p>\u2022 <em>Se brinda atenci\u00f3n por medio de los Niveles Educativos<\/em><br>\u2022 <em>La Plataforma Digital se encuentra abierta para recibir reportes<\/em><\/p>\n\n\n\n<p><em>Culiac\u00e1n, Sin.-<\/em> Posterior a las lluvias que se registraron durante el fin de semana, la Secretar\u00eda de Educaci\u00f3n P\u00fablica y Cultura realiza un monitoreo para conocer el estado en el que se encuentran los m\u00e1s de 5 mil planteles de Nivel B\u00e1sico.<\/p>\n\n\n\n<p>La titular de la SEPyC, Graciela Dom\u00ednguez Nava se\u00f1al\u00f3 que el objetivo es brindar una atenci\u00f3n oportuna, ya que debido a las abundantes precipitaciones distintas zonas del estado resultaron afectadas, levantamiento que se realiza por medio de los Niveles Educativos desde Inicial hasta Secundaria.<\/p>\n\n\n\n<p>Asimismo, se habilit\u00f3 la plataforma digital para reportar da\u00f1os por las lluvias que dej\u00f3 a su paso el fen\u00f3meno meteorol\u00f3gico \u201cNorma\u201d se encuentra habilitada para que cada plantel educativo pueda reportar directamente sus necesidades.<\/p>\n\n\n\n<p>La v\u00eda de acceso es la p\u00e1gina sepyc.gob.mx, el usuario debe de dar \u201cclic\u201d en la imagen Reporte Digital de da\u00f1os por lluvias \u201cNorma\u201d y con ello se abrir\u00e1 un formulario que deber\u00e1 de llenarse con la informaci\u00f3n requerida. De manera inmediata, la Direcci\u00f3n de Infraestructura Educativa de SEPyC contar\u00e1 con la solicitud.<\/p>\n\n\n\n<p>Desde este lunes se abri\u00f3 dicho recurso, ya que una de las prioridades de la administraci\u00f3n del gobernador Rub\u00e9n Rocha Moya es que las y los alumnos de las m\u00e1s de 5 mil escuelas sinaloenses cuenten con condiciones dignas.<\/p>\n","protected":false},"excerpt":{"rendered":"<p>\u2022 Se brinda atenci\u00f3n por medio de los Niveles Educativos\u2022 La Plataforma Digital se encuentra abierta para recibir reportes Culiac\u00e1n, Sin.- Posterior a las lluvias que se registraron durante el fin de semana, la Secretar\u00eda de Educaci\u00f3n P\u00fablica y Cultura realiza un monitoreo para conocer el estado en el que se encuentran los m\u00e1s de [&hellip;]<\/p>\n","protected":false},"author":4,"featured_media":63439,"comment_status":"open","ping_status":"open","sticky":false,"template":"","format":"standard","meta":{"tdm_status":"","tdm_grid_status":"","footnotes":""},"categories":[38,1],"tags":[],"class_list":{"0":"post-63433","1":"post","2":"type-post","3":"status-publish","4":"format-standard","5":"has-post-thumbnail","7":"category-noticias-locales","8":"category-sin-categoria"},"yoast_head":"<!-- This site is optimized with the Yoast SEO plugin v27.5 - https:\/\/yoast.com\/product\/yoast-seo-wordpress\/ -->\n<title>SEPyC abre plataforma de reportes para escuelas afectadas por lluvias - Fuentes Fidedignas<\/title>\n<meta name=\"robots\" content=\"index, follow, max-snippet:-1, max-image-preview:large, max-video-preview:-1\" \/>\n<link rel=\"canonical\" href=\"https:\/\/fuentesfidedignas.com.mx\/index.php\/2023\/10\/23\/sepyc-abre-plataforma-de-reportes-para-escuelas-afectadas-por-lluvias\/\" \/>\n<meta property=\"og:locale\" content=\"es_MX\" \/>\n<meta property=\"og:type\" content=\"article\" \/>\n<meta property=\"og:title\" content=\"SEPyC abre plataforma de reportes para escuelas afectadas por lluvias - Fuentes Fidedignas\" \/>\n<meta property=\"og:description\" content=\"\u2022 Se brinda atenci\u00f3n por medio de los Niveles Educativos\u2022 La Plataforma Digital se encuentra abierta para recibir reportes Culiac\u00e1n, Sin.- Posterior a las lluvias que se registraron durante el fin de semana, la Secretar\u00eda de Educaci\u00f3n P\u00fablica y Cultura realiza un monitoreo para conocer el estado en el que se encuentran los m\u00e1s de [&hellip;]\" \/>\n<meta property=\"og:url\" content=\"https:\/\/fuentesfidedignas.com.mx\/index.php\/2023\/10\/23\/sepyc-abre-plataforma-de-reportes-para-escuelas-afectadas-por-lluvias\/\" \/>\n<meta property=\"og:site_name\" content=\"Fuentes Fidedignas\" \/>\n<meta property=\"article:publisher\" content=\"https:\/\/www.facebook.com\/Fuentes-Fidedignas-368234489921644\" \/>\n<meta property=\"article:published_time\" content=\"2023-10-23T19:10:04+00:00\" \/>\n<meta property=\"article:modified_time\" content=\"2023-10-23T19:15:59+00:00\" \/>\n<meta property=\"og:image\" content=\"https:\/\/fuentesfidedignas.com.mx\/wp-content\/uploads\/2023\/10\/IMG-20231023-WA0020.jpg\" \/>\n\t<meta property=\"og:image:width\" content=\"1080\" \/>\n\t<meta property=\"og:image:height\" content=\"1080\" \/>\n\t<meta property=\"og:image:type\" content=\"image\/jpeg\" \/>\n<meta name=\"author\" content=\"Redacci\u00f3n\" \/>\n<meta name=\"twitter:card\" content=\"summary_large_image\" \/>\n<meta name=\"twitter:creator\" content=\"@fidedignas\" \/>\n<meta name=\"twitter:site\" content=\"@fidedignas\" \/>\n<meta name=\"twitter:label1\" content=\"Escrito por\" \/>\n\t<meta name=\"twitter:data1\" content=\"Redacci\u00f3n\" \/>\n\t<meta name=\"twitter:label2\" content=\"Tiempo de lectura\" \/>\n\t<meta name=\"twitter:data2\" content=\"2 minutos\" \/>\n<script type=\"application\/ld+json\" class=\"yoast-schema-graph\">{\"@context\":\"https:\\\/\\\/schema.org\",\"@graph\":[{\"@type\":\"Article\",\"@id\":\"https:\\\/\\\/fuentesfidedignas.com.mx\\\/index.php\\\/2023\\\/10\\\/23\\\/sepyc-abre-plataforma-de-reportes-para-escuelas-afectadas-por-lluvias\\\/#article\",\"isPartOf\":{\"@id\":\"https:\\\/\\\/fuentesfidedignas.com.mx\\\/index.php\\\/2023\\\/10\\\/23\\\/sepyc-abre-plataforma-de-reportes-para-escuelas-afectadas-por-lluvias\\\/\"},\"author\":{\"name\":\"Redacci\u00f3n\",\"@id\":\"https:\\\/\\\/fuentesfidedignas.com.mx\\\/#\\\/schema\\\/person\\\/331be9283d37198e2acd5750279085b0\"},\"headline\":\"SEPyC abre plataforma de reportes para escuelas afectadas por lluvias\",\"datePublished\":\"2023-10-23T19:10:04+00:00\",\"dateModified\":\"2023-10-23T19:15:59+00:00\",\"mainEntityOfPage\":{\"@id\":\"https:\\\/\\\/fuentesfidedignas.com.mx\\\/index.php\\\/2023\\\/10\\\/23\\\/sepyc-abre-plataforma-de-reportes-para-escuelas-afectadas-por-lluvias\\\/\"},\"wordCount\":262,\"commentCount\":0,\"publisher\":{\"@id\":\"https:\\\/\\\/fuentesfidedignas.com.mx\\\/#organization\"},\"image\":{\"@id\":\"https:\\\/\\\/fuentesfidedignas.com.mx\\\/index.php\\\/2023\\\/10\\\/23\\\/sepyc-abre-plataforma-de-reportes-para-escuelas-afectadas-por-lluvias\\\/#primaryimage\"},\"thumbnailUrl\":\"https:\\\/\\\/fuentesfidedignas.com.mx\\\/wp-content\\\/uploads\\\/2023\\\/10\\\/IMG-20231023-WA0020.jpg\",\"articleSection\":[\"NOTICIAS LOCALES\"],\"inLanguage\":\"es\",\"potentialAction\":[{\"@type\":\"CommentAction\",\"name\":\"Comment\",\"target\":[\"https:\\\/\\\/fuentesfidedignas.com.mx\\\/index.php\\\/2023\\\/10\\\/23\\\/sepyc-abre-plataforma-de-reportes-para-escuelas-afectadas-por-lluvias\\\/#respond\"]}]},{\"@type\":\"WebPage\",\"@id\":\"https:\\\/\\\/fuentesfidedignas.com.mx\\\/index.php\\\/2023\\\/10\\\/23\\\/sepyc-abre-plataforma-de-reportes-para-escuelas-afectadas-por-lluvias\\\/\",\"url\":\"https:\\\/\\\/fuentesfidedignas.com.mx\\\/index.php\\\/2023\\\/10\\\/23\\\/sepyc-abre-plataforma-de-reportes-para-escuelas-afectadas-por-lluvias\\\/\",\"name\":\"SEPyC abre plataforma de reportes para escuelas afectadas por lluvias - Fuentes Fidedignas\",\"isPartOf\":{\"@id\":\"https:\\\/\\\/fuentesfidedignas.com.mx\\\/#website\"},\"primaryImageOfPage\":{\"@id\":\"https:\\\/\\\/fuentesfidedignas.com.mx\\\/index.php\\\/2023\\\/10\\\/23\\\/sepyc-abre-plataforma-de-reportes-para-escuelas-afectadas-por-lluvias\\\/#primaryimage\"},\"image\":{\"@id\":\"https:\\\/\\\/fuentesfidedignas.com.mx\\\/index.php\\\/2023\\\/10\\\/23\\\/sepyc-abre-plataforma-de-reportes-para-escuelas-afectadas-por-lluvias\\\/#primaryimage\"},\"thumbnailUrl\":\"https:\\\/\\\/fuentesfidedignas.com.mx\\\/wp-content\\\/uploads\\\/2023\\\/10\\\/IMG-20231023-WA0020.jpg\",\"datePublished\":\"2023-10-23T19:10:04+00:00\",\"dateModified\":\"2023-10-23T19:15:59+00:00\",\"breadcrumb\":{\"@id\":\"https:\\\/\\\/fuentesfidedignas.com.mx\\\/index.php\\\/2023\\\/10\\\/23\\\/sepyc-abre-plataforma-de-reportes-para-escuelas-afectadas-por-lluvias\\\/#breadcrumb\"},\"inLanguage\":\"es\",\"potentialAction\":[{\"@type\":\"ReadAction\",\"target\":[\"https:\\\/\\\/fuentesfidedignas.com.mx\\\/index.php\\\/2023\\\/10\\\/23\\\/sepyc-abre-plataforma-de-reportes-para-escuelas-afectadas-por-lluvias\\\/\"]}]},{\"@type\":\"ImageObject\",\"inLanguage\":\"es\",\"@id\":\"https:\\\/\\\/fuentesfidedignas.com.mx\\\/index.php\\\/2023\\\/10\\\/23\\\/sepyc-abre-plataforma-de-reportes-para-escuelas-afectadas-por-lluvias\\\/#primaryimage\",\"url\":\"https:\\\/\\\/fuentesfidedignas.com.mx\\\/wp-content\\\/uploads\\\/2023\\\/10\\\/IMG-20231023-WA0020.jpg\",\"contentUrl\":\"https:\\\/\\\/fuentesfidedignas.com.mx\\\/wp-content\\\/uploads\\\/2023\\\/10\\\/IMG-20231023-WA0020.jpg\",\"width\":1080,\"height\":1080},{\"@type\":\"BreadcrumbList\",\"@id\":\"https:\\\/\\\/fuentesfidedignas.com.mx\\\/index.php\\\/2023\\\/10\\\/23\\\/sepyc-abre-plataforma-de-reportes-para-escuelas-afectadas-por-lluvias\\\/#breadcrumb\",\"itemListElement\":[{\"@type\":\"ListItem\",\"position\":1,\"name\":\"Inicio\",\"item\":\"https:\\\/\\\/fuentesfidedignas.com.mx\\\/\"},{\"@type\":\"ListItem\",\"position\":2,\"name\":\"SEPyC abre plataforma de reportes para escuelas afectadas por lluvias\"}]},{\"@type\":\"WebSite\",\"@id\":\"https:\\\/\\\/fuentesfidedignas.com.mx\\\/#website\",\"url\":\"https:\\\/\\\/fuentesfidedignas.com.mx\\\/\",\"name\":\"Fuentes Fidedignas\",\"description\":\"Otro sitio realizado con WordPress\",\"publisher\":{\"@id\":\"https:\\\/\\\/fuentesfidedignas.com.mx\\\/#organization\"},\"potentialAction\":[{\"@type\":\"SearchAction\",\"target\":{\"@type\":\"EntryPoint\",\"urlTemplate\":\"https:\\\/\\\/fuentesfidedignas.com.mx\\\/?s={search_term_string}\"},\"query-input\":{\"@type\":\"PropertyValueSpecification\",\"valueRequired\":true,\"valueName\":\"search_term_string\"}}],\"inLanguage\":\"es\"},{\"@type\":\"Organization\",\"@id\":\"https:\\\/\\\/fuentesfidedignas.com.mx\\\/#organization\",\"name\":\"Fuentes Fidedignas\",\"url\":\"https:\\\/\\\/fuentesfidedignas.com.mx\\\/\",\"logo\":{\"@type\":\"ImageObject\",\"inLanguage\":\"es\",\"@id\":\"https:\\\/\\\/fuentesfidedignas.com.mx\\\/#\\\/schema\\\/logo\\\/image\\\/\",\"url\":\"https:\\\/\\\/fuentesfidedignas.com.mx\\\/wp-content\\\/uploads\\\/2021\\\/04\\\/logo-retina.png\",\"contentUrl\":\"https:\\\/\\\/fuentesfidedignas.com.mx\\\/wp-content\\\/uploads\\\/2021\\\/04\\\/logo-retina.png\",\"width\":280,\"height\":51,\"caption\":\"Fuentes Fidedignas\"},\"image\":{\"@id\":\"https:\\\/\\\/fuentesfidedignas.com.mx\\\/#\\\/schema\\\/logo\\\/image\\\/\"},\"sameAs\":[\"https:\\\/\\\/www.facebook.com\\\/Fuentes-Fidedignas-368234489921644\",\"https:\\\/\\\/x.com\\\/fidedignas\"]},{\"@type\":\"Person\",\"@id\":\"https:\\\/\\\/fuentesfidedignas.com.mx\\\/#\\\/schema\\\/person\\\/331be9283d37198e2acd5750279085b0\",\"name\":\"Redacci\u00f3n\",\"image\":{\"@type\":\"ImageObject\",\"inLanguage\":\"es\",\"@id\":\"https:\\\/\\\/secure.gravatar.com\\\/avatar\\\/f6d8782c11d12b2d4ad3fbb6931aeab5309937a4d6cd2fc9cfaa28a6396a5aec?s=96&d=mm&r=g\",\"url\":\"https:\\\/\\\/secure.gravatar.com\\\/avatar\\\/f6d8782c11d12b2d4ad3fbb6931aeab5309937a4d6cd2fc9cfaa28a6396a5aec?s=96&d=mm&r=g\",\"contentUrl\":\"https:\\\/\\\/secure.gravatar.com\\\/avatar\\\/f6d8782c11d12b2d4ad3fbb6931aeab5309937a4d6cd2fc9cfaa28a6396a5aec?s=96&d=mm&r=g\",\"caption\":\"Redacci\u00f3n\"},\"url\":\"https:\\\/\\\/fuentesfidedignas.com.mx\\\/index.php\\\/author\\\/redaccion\\\/\"}]}<\/script>\n<!-- \/ Yoast SEO plugin. -->","yoast_head_json":{"title":"SEPyC abre plataforma de reportes para escuelas afectadas por lluvias - Fuentes Fidedignas","robots":{"index":"index","follow":"follow","max-snippet":"max-snippet:-1","max-image-preview":"max-image-preview:large","max-video-preview":"max-video-preview:-1"},"canonical":"https:\/\/fuentesfidedignas.com.mx\/index.php\/2023\/10\/23\/sepyc-abre-plataforma-de-reportes-para-escuelas-afectadas-por-lluvias\/","og_locale":"es_MX","og_type":"article","og_title":"SEPyC abre plataforma de reportes para escuelas afectadas por lluvias - Fuentes Fidedignas","og_description":"\u2022 Se brinda atenci\u00f3n por medio de los Niveles Educativos\u2022 La Plataforma Digital se encuentra abierta para recibir reportes Culiac\u00e1n, Sin.- Posterior a las lluvias que se registraron durante el fin de semana, la Secretar\u00eda de Educaci\u00f3n P\u00fablica y Cultura realiza un monitoreo para conocer el estado en el que se encuentran los m\u00e1s de [&hellip;]","og_url":"https:\/\/fuentesfidedignas.com.mx\/index.php\/2023\/10\/23\/sepyc-abre-plataforma-de-reportes-para-escuelas-afectadas-por-lluvias\/","og_site_name":"Fuentes Fidedignas","article_publisher":"https:\/\/www.facebook.com\/Fuentes-Fidedignas-368234489921644","article_published_time":"2023-10-23T19:10:04+00:00","article_modified_time":"2023-10-23T19:15:59+00:00","og_image":[{"width":1080,"height":1080,"url":"https:\/\/fuentesfidedignas.com.mx\/wp-content\/uploads\/2023\/10\/IMG-20231023-WA0020.jpg","type":"image\/jpeg"}],"author":"Redacci\u00f3n","twitter_card":"summary_large_image","twitter_creator":"@fidedignas","twitter_site":"@fidedignas","twitter_misc":{"Escrito por":"Redacci\u00f3n","Tiempo de lectura":"2 minutos"},"schema":{"@context":"https:\/\/schema.org","@graph":[{"@type":"Article","@id":"https:\/\/fuentesfidedignas.com.mx\/index.php\/2023\/10\/23\/sepyc-abre-plataforma-de-reportes-para-escuelas-afectadas-por-lluvias\/#article","isPartOf":{"@id":"https:\/\/fuentesfidedignas.com.mx\/index.php\/2023\/10\/23\/sepyc-abre-plataforma-de-reportes-para-escuelas-afectadas-por-lluvias\/"},"author":{"name":"Redacci\u00f3n","@id":"https:\/\/fuentesfidedignas.com.mx\/#\/schema\/person\/331be9283d37198e2acd5750279085b0"},"headline":"SEPyC abre plataforma de reportes para escuelas afectadas por lluvias","datePublished":"2023-10-23T19:10:04+00:00","dateModified":"2023-10-23T19:15:59+00:00","mainEntityOfPage":{"@id":"https:\/\/fuentesfidedignas.com.mx\/index.php\/2023\/10\/23\/sepyc-abre-plataforma-de-reportes-para-escuelas-afectadas-por-lluvias\/"},"wordCount":262,"commentCount":0,"publisher":{"@id":"https:\/\/fuentesfidedignas.com.mx\/#organization"},"image":{"@id":"https:\/\/fuentesfidedignas.com.mx\/index.php\/2023\/10\/23\/sepyc-abre-plataforma-de-reportes-para-escuelas-afectadas-por-lluvias\/#primaryimage"},"thumbnailUrl":"https:\/\/fuentesfidedignas.com.mx\/wp-content\/uploads\/2023\/10\/IMG-20231023-WA0020.jpg","articleSection":["NOTICIAS LOCALES"],"inLanguage":"es","potentialAction":[{"@type":"CommentAction","name":"Comment","target":["https:\/\/fuentesfidedignas.com.mx\/index.php\/2023\/10\/23\/sepyc-abre-plataforma-de-reportes-para-escuelas-afectadas-por-lluvias\/#respond"]}]},{"@type":"WebPage","@id":"https:\/\/fuentesfidedignas.com.mx\/index.php\/2023\/10\/23\/sepyc-abre-plataforma-de-reportes-para-escuelas-afectadas-por-lluvias\/","url":"https:\/\/fuentesfidedignas.com.mx\/index.php\/2023\/10\/23\/sepyc-abre-plataforma-de-reportes-para-escuelas-afectadas-por-lluvias\/","name":"SEPyC abre plataforma de reportes para escuelas afectadas por lluvias - Fuentes Fidedignas","isPartOf":{"@id":"https:\/\/fuentesfidedignas.com.mx\/#website"},"primaryImageOfPage":{"@id":"https:\/\/fuentesfidedignas.com.mx\/index.php\/2023\/10\/23\/sepyc-abre-plataforma-de-reportes-para-escuelas-afectadas-por-lluvias\/#primaryimage"},"image":{"@id":"https:\/\/fuentesfidedignas.com.mx\/index.php\/2023\/10\/23\/sepyc-abre-plataforma-de-reportes-para-escuelas-afectadas-por-lluvias\/#primaryimage"},"thumbnailUrl":"https:\/\/fuentesfidedignas.com.mx\/wp-content\/uploads\/2023\/10\/IMG-20231023-WA0020.jpg","datePublished":"2023-10-23T19:10:04+00:00","dateModified":"2023-10-23T19:15:59+00:00","breadcrumb":{"@id":"https:\/\/fuentesfidedignas.com.mx\/index.php\/2023\/10\/23\/sepyc-abre-plataforma-de-reportes-para-escuelas-afectadas-por-lluvias\/#breadcrumb"},"inLanguage":"es","potentialAction":[{"@type":"ReadAction","target":["https:\/\/fuentesfidedignas.com.mx\/index.php\/2023\/10\/23\/sepyc-abre-plataforma-de-reportes-para-escuelas-afectadas-por-lluvias\/"]}]},{"@type":"ImageObject","inLanguage":"es","@id":"https:\/\/fuentesfidedignas.com.mx\/index.php\/2023\/10\/23\/sepyc-abre-plataforma-de-reportes-para-escuelas-afectadas-por-lluvias\/#primaryimage","url":"https:\/\/fuentesfidedignas.com.mx\/wp-content\/uploads\/2023\/10\/IMG-20231023-WA0020.jpg","contentUrl":"https:\/\/fuentesfidedignas.com.mx\/wp-content\/uploads\/2023\/10\/IMG-20231023-WA0020.jpg","width":1080,"height":1080},{"@type":"BreadcrumbList","@id":"https:\/\/fuentesfidedignas.com.mx\/index.php\/2023\/10\/23\/sepyc-abre-plataforma-de-reportes-para-escuelas-afectadas-por-lluvias\/#breadcrumb","itemListElement":[{"@type":"ListItem","position":1,"name":"Inicio","item":"https:\/\/fuentesfidedignas.com.mx\/"},{"@type":"ListItem","position":2,"name":"SEPyC abre plataforma de reportes para escuelas afectadas por lluvias"}]},{"@type":"WebSite","@id":"https:\/\/fuentesfidedignas.com.mx\/#website","url":"https:\/\/fuentesfidedignas.com.mx\/","name":"Fuentes Fidedignas","description":"Otro sitio realizado con WordPress","publisher":{"@id":"https:\/\/fuentesfidedignas.com.mx\/#organization"},"potentialAction":[{"@type":"SearchAction","target":{"@type":"EntryPoint","urlTemplate":"https:\/\/fuentesfidedignas.com.mx\/?s={search_term_string}"},"query-input":{"@type":"PropertyValueSpecification","valueRequired":true,"valueName":"search_term_string"}}],"inLanguage":"es"},{"@type":"Organization","@id":"https:\/\/fuentesfidedignas.com.mx\/#organization","name":"Fuentes Fidedignas","url":"https:\/\/fuentesfidedignas.com.mx\/","logo":{"@type":"ImageObject","inLanguage":"es","@id":"https:\/\/fuentesfidedignas.com.mx\/#\/schema\/logo\/image\/","url":"https:\/\/fuentesfidedignas.com.mx\/wp-content\/uploads\/2021\/04\/logo-retina.png","contentUrl":"https:\/\/fuentesfidedignas.com.mx\/wp-content\/uploads\/2021\/04\/logo-retina.png","width":280,"height":51,"caption":"Fuentes Fidedignas"},"image":{"@id":"https:\/\/fuentesfidedignas.com.mx\/#\/schema\/logo\/image\/"},"sameAs":["https:\/\/www.facebook.com\/Fuentes-Fidedignas-368234489921644","https:\/\/x.com\/fidedignas"]},{"@type":"Person","@id":"https:\/\/fuentesfidedignas.com.mx\/#\/schema\/person\/331be9283d37198e2acd5750279085b0","name":"Redacci\u00f3n","image":{"@type":"ImageObject","inLanguage":"es","@id":"https:\/\/secure.gravatar.com\/avatar\/f6d8782c11d12b2d4ad3fbb6931aeab5309937a4d6cd2fc9cfaa28a6396a5aec?s=96&d=mm&r=g","url":"https:\/\/secure.gravatar.com\/avatar\/f6d8782c11d12b2d4ad3fbb6931aeab5309937a4d6cd2fc9cfaa28a6396a5aec?s=96&d=mm&r=g","contentUrl":"https:\/\/secure.gravatar.com\/avatar\/f6d8782c11d12b2d4ad3fbb6931aeab5309937a4d6cd2fc9cfaa28a6396a5aec?s=96&d=mm&r=g","caption":"Redacci\u00f3n"},"url":"https:\/\/fuentesfidedignas.com.mx\/index.php\/author\/redaccion\/"}]}},"_links":{"self":[{"href":"https:\/\/fuentesfidedignas.com.mx\/index.php\/wp-json\/wp\/v2\/posts\/63433","targetHints":{"allow":["GET"]}}],"collection":[{"href":"https:\/\/fuentesfidedignas.com.mx\/index.php\/wp-json\/wp\/v2\/posts"}],"about":[{"href":"https:\/\/fuentesfidedignas.com.mx\/index.php\/wp-json\/wp\/v2\/types\/post"}],"author":[{"embeddable":true,"href":"https:\/\/fuentesfidedignas.com.mx\/index.php\/wp-json\/wp\/v2\/users\/4"}],"replies":[{"embeddable":true,"href":"https:\/\/fuentesfidedignas.com.mx\/index.php\/wp-json\/wp\/v2\/comments?post=63433"}],"version-history":[{"count":1,"href":"https:\/\/fuentesfidedignas.com.mx\/index.php\/wp-json\/wp\/v2\/posts\/63433\/revisions"}],"predecessor-version":[{"id":63436,"href":"https:\/\/fuentesfidedignas.com.mx\/index.php\/wp-json\/wp\/v2\/posts\/63433\/revisions\/63436"}],"wp:featuredmedia":[{"embeddable":true,"href":"https:\/\/fuentesfidedignas.com.mx\/index.php\/wp-json\/wp\/v2\/media\/63439"}],"wp:attachment":[{"href":"https:\/\/fuentesfidedignas.com.mx\/index.php\/wp-json\/wp\/v2\/media?parent=63433"}],"wp:term":[{"taxonomy":"category","embeddable":true,"href":"https:\/\/fuentesfidedignas.com.mx\/index.php\/wp-json\/wp\/v2\/categories?post=63433"},{"taxonomy":"post_tag","embeddable":true,"href":"https:\/\/fuentesfidedignas.com.mx\/index.php\/wp-json\/wp\/v2\/tags?post=63433"}],"curies":[{"name":"wp","href":"https:\/\/api.w.org\/{rel}","templated":true}]}}