{"id":63421,"date":"2023-10-23T10:29:17","date_gmt":"2023-10-23T17:29:17","guid":{"rendered":"https:\/\/fuentesfidedignas.com.mx\/?p=63421"},"modified":"2023-10-23T10:30:22","modified_gmt":"2023-10-23T17:30:22","slug":"samuel-garcia-solicita-licencia-de-6-meses-para-buscar-candidatura-a-la-presidencia","status":"publish","type":"post","link":"https:\/\/fuentesfidedignas.com.mx\/index.php\/2023\/10\/23\/samuel-garcia-solicita-licencia-de-6-meses-para-buscar-candidatura-a-la-presidencia\/","title":{"rendered":"Samuel Garc\u00eda solicita licencia de 6 meses para buscar candidatura a la Presidencia"},"content":{"rendered":"\n<p><em><strong>La solicitud de licencia al cargo de gobernador fue presentada por Samuel Garc\u00eda esta ma\u00f1ana ante el Congreso de Nuevo Le\u00f3n<\/strong><\/em><\/p>\n\n\n\n<p>Nuevo Le\u00f3n. Samuel Garc\u00eda, gobernador de Nuevo Le\u00f3n, present\u00f3 una solicitud de licencia ante el Congreso local para separarse del cargo por un plazo de seis meses, esto con la finalidad de contender por la candidatura de Movimiento Ciudadano a la Presidencia de la Rep\u00fablica de cara a los comicios de 2024.<\/p>\n\n\n\n<figure class=\"wp-block-embed is-type-rich is-provider-twitter wp-block-embed-twitter\"><div class=\"wp-block-embed__wrapper\">\n<blockquote class=\"twitter-tweet\" data-width=\"550\" data-dnt=\"true\"><p lang=\"es\" dir=\"ltr\"><a href=\"https:\/\/twitter.com\/hashtag\/AHORA?src=hash&amp;ref_src=twsrc%5Etfw\">#AHORA<\/a> El gobernador de Nuevo Le\u00f3n, Samuel Garc\u00eda, solicita licencia a su cargo. Buscar\u00e1 la candidatura de Movimiento Ciudadano a la Presidencia de la Rep\u00fablica.<br><br>En breve la informaci\u00f3n en <a href=\"https:\/\/t.co\/BjdELZkpfR\">https:\/\/t.co\/BjdELZkpfR<\/a> <a href=\"https:\/\/t.co\/p1sV92s6lD\">pic.twitter.com\/p1sV92s6lD<\/a><\/p>&mdash; Joaqu\u00edn L\u00f3pez-D\u00f3riga (@lopezdoriga) <a href=\"https:\/\/twitter.com\/lopezdoriga\/status\/1716496285291749517?ref_src=twsrc%5Etfw\">October 23, 2023<\/a><\/blockquote><script async src=\"https:\/\/platform.twitter.com\/widgets.js\" charset=\"utf-8\"><\/script>\n<\/div><\/figure>\n\n\n\n<p>\u201cPongo a su conocimiento de la intenci\u00f3n del suscrito de participar en el proceso electoral 2023-2024, y poder competir para el puesto de Presidente de los Estados Unidos Mexicanos\u201d, se indic\u00f3 en la solicitud.<\/p>\n\n\n\n<p>\u201cAhora bien, para llevar a cabo lo anterior, la Constituci\u00f3n Federal en su art\u00edculo 82, fracci\u00f3n VI requiere que no desempe\u00f1e el puesto de gobernador y que me separe del cargo seis meses antes del d\u00eda de la elecci\u00f3n. En virtud de lo anterior solicito se turne mi solicitud con car\u00e1cter de urgente y se determine lo conducente a la separaci\u00f3n solicitada mediante la figura de la licencia temporal por seis meses, los cuales se deber\u00e1n de computar antes del d\u00eda de la elecci\u00f3n presidencial\u201d, puntualiz\u00f3 el gobernador.<\/p>\n\n\n\n<p>Dicha solicitud de Samuel Garc\u00eda fue presentado por un miembro de la Consejer\u00eda Jur\u00eddica del Estado, quien se aperson\u00f3 en la Oficial\u00eda de Partes del Congreso a presentar dicho documento, el cual fue firmado y sellado a las 9:59 h de este lunes 23 de octubre.<\/p>\n\n\n\n<p>Se apunt\u00f3 que el secretario General de Gobierno, Javier Navarro, estar\u00e1 como encargado de despacho por ministerio de Ley.<\/p>\n\n\n\n<p>\u201cEsto con el objetivo de darle continuidad a un ejercicio democr\u00e1tico ya avalado por la ciudadan\u00eda, lo anterior asegurar que la gobernanza y las funciones esenciales sigan realiz\u00e1ndose antes, durante y despu\u00e9s de la licencia\u201d, se expuso.<\/p>\n\n\n\n<p>\u201cAsimismo, se\u00f1alo que a partir de tal fecha quedar\u00eda sin goce de sueldo y se dar\u00e1 aviso a la Secretaria de Administraci\u00f3n para que proceda con los tr\u00e1mites correspondientes\u201d, extern\u00f3.<\/p>\n","protected":false},"excerpt":{"rendered":"<p>La solicitud de licencia al cargo de gobernador fue presentada por Samuel Garc\u00eda esta ma\u00f1ana ante el Congreso de Nuevo Le\u00f3n Nuevo Le\u00f3n. Samuel Garc\u00eda, gobernador de Nuevo Le\u00f3n, present\u00f3 una solicitud de licencia ante el Congreso local para separarse del cargo por un plazo de seis meses, esto con la finalidad de contender por [&hellip;]<\/p>\n","protected":false},"author":47,"featured_media":63424,"comment_status":"open","ping_status":"open","sticky":false,"template":"","format":"standard","meta":{"tdm_status":"","tdm_grid_status":"","footnotes":""},"categories":[39],"tags":[],"class_list":{"0":"post-63421","1":"post","2":"type-post","3":"status-publish","4":"format-standard","5":"has-post-thumbnail","7":"category-noticias-nacionales"},"yoast_head":"<!-- This site is optimized with the Yoast SEO plugin v27.5 - https:\/\/yoast.com\/product\/yoast-seo-wordpress\/ -->\n<title>Samuel Garc\u00eda solicita licencia de 6 meses para buscar candidatura a la Presidencia - Fuentes Fidedignas<\/title>\n<meta name=\"robots\" content=\"index, follow, max-snippet:-1, max-image-preview:large, max-video-preview:-1\" \/>\n<link rel=\"canonical\" href=\"https:\/\/fuentesfidedignas.com.mx\/index.php\/2023\/10\/23\/samuel-garcia-solicita-licencia-de-6-meses-para-buscar-candidatura-a-la-presidencia\/\" \/>\n<meta property=\"og:locale\" content=\"es_MX\" \/>\n<meta property=\"og:type\" content=\"article\" \/>\n<meta property=\"og:title\" content=\"Samuel Garc\u00eda solicita licencia de 6 meses para buscar candidatura a la Presidencia - Fuentes Fidedignas\" \/>\n<meta property=\"og:description\" content=\"La solicitud de licencia al cargo de gobernador fue presentada por Samuel Garc\u00eda esta ma\u00f1ana ante el Congreso de Nuevo Le\u00f3n Nuevo Le\u00f3n. Samuel Garc\u00eda, gobernador de Nuevo Le\u00f3n, present\u00f3 una solicitud de licencia ante el Congreso local para separarse del cargo por un plazo de seis meses, esto con la finalidad de contender por [&hellip;]\" \/>\n<meta property=\"og:url\" content=\"https:\/\/fuentesfidedignas.com.mx\/index.php\/2023\/10\/23\/samuel-garcia-solicita-licencia-de-6-meses-para-buscar-candidatura-a-la-presidencia\/\" \/>\n<meta property=\"og:site_name\" content=\"Fuentes Fidedignas\" \/>\n<meta property=\"article:publisher\" content=\"https:\/\/www.facebook.com\/Fuentes-Fidedignas-368234489921644\" \/>\n<meta property=\"article:published_time\" content=\"2023-10-23T17:29:17+00:00\" \/>\n<meta property=\"article:modified_time\" content=\"2023-10-23T17:30:22+00:00\" \/>\n<meta property=\"og:image\" content=\"https:\/\/fuentesfidedignas.com.mx\/wp-content\/uploads\/2023\/10\/samuel-garcia-nuevo-leon.jpg\" \/>\n\t<meta property=\"og:image:width\" content=\"1024\" \/>\n\t<meta property=\"og:image:height\" content=\"683\" \/>\n\t<meta property=\"og:image:type\" content=\"image\/jpeg\" \/>\n<meta name=\"author\" content=\"L\u00f3pez D\u00f3riga\" \/>\n<meta name=\"twitter:card\" content=\"summary_large_image\" \/>\n<meta name=\"twitter:creator\" content=\"@fidedignas\" \/>\n<meta name=\"twitter:site\" content=\"@fidedignas\" \/>\n<meta name=\"twitter:label1\" content=\"Escrito por\" \/>\n\t<meta name=\"twitter:data1\" content=\"L\u00f3pez D\u00f3riga\" \/>\n\t<meta name=\"twitter:label2\" content=\"Tiempo de lectura\" \/>\n\t<meta name=\"twitter:data2\" content=\"2 minutos\" \/>\n<script type=\"application\/ld+json\" class=\"yoast-schema-graph\">{\"@context\":\"https:\\\/\\\/schema.org\",\"@graph\":[{\"@type\":\"Article\",\"@id\":\"https:\\\/\\\/fuentesfidedignas.com.mx\\\/index.php\\\/2023\\\/10\\\/23\\\/samuel-garcia-solicita-licencia-de-6-meses-para-buscar-candidatura-a-la-presidencia\\\/#article\",\"isPartOf\":{\"@id\":\"https:\\\/\\\/fuentesfidedignas.com.mx\\\/index.php\\\/2023\\\/10\\\/23\\\/samuel-garcia-solicita-licencia-de-6-meses-para-buscar-candidatura-a-la-presidencia\\\/\"},\"author\":{\"name\":\"L\u00f3pez D\u00f3riga\",\"@id\":\"https:\\\/\\\/fuentesfidedignas.com.mx\\\/#\\\/schema\\\/person\\\/67d852f0557c8509146a4b9ddebd543a\"},\"headline\":\"Samuel Garc\u00eda solicita licencia de 6 meses para buscar candidatura a la Presidencia\",\"datePublished\":\"2023-10-23T17:29:17+00:00\",\"dateModified\":\"2023-10-23T17:30:22+00:00\",\"mainEntityOfPage\":{\"@id\":\"https:\\\/\\\/fuentesfidedignas.com.mx\\\/index.php\\\/2023\\\/10\\\/23\\\/samuel-garcia-solicita-licencia-de-6-meses-para-buscar-candidatura-a-la-presidencia\\\/\"},\"wordCount\":379,\"commentCount\":0,\"publisher\":{\"@id\":\"https:\\\/\\\/fuentesfidedignas.com.mx\\\/#organization\"},\"image\":{\"@id\":\"https:\\\/\\\/fuentesfidedignas.com.mx\\\/index.php\\\/2023\\\/10\\\/23\\\/samuel-garcia-solicita-licencia-de-6-meses-para-buscar-candidatura-a-la-presidencia\\\/#primaryimage\"},\"thumbnailUrl\":\"https:\\\/\\\/fuentesfidedignas.com.mx\\\/wp-content\\\/uploads\\\/2023\\\/10\\\/samuel-garcia-nuevo-leon.jpg\",\"articleSection\":[\"NOTICIAS NACIONALES\"],\"inLanguage\":\"es\",\"potentialAction\":[{\"@type\":\"CommentAction\",\"name\":\"Comment\",\"target\":[\"https:\\\/\\\/fuentesfidedignas.com.mx\\\/index.php\\\/2023\\\/10\\\/23\\\/samuel-garcia-solicita-licencia-de-6-meses-para-buscar-candidatura-a-la-presidencia\\\/#respond\"]}]},{\"@type\":\"WebPage\",\"@id\":\"https:\\\/\\\/fuentesfidedignas.com.mx\\\/index.php\\\/2023\\\/10\\\/23\\\/samuel-garcia-solicita-licencia-de-6-meses-para-buscar-candidatura-a-la-presidencia\\\/\",\"url\":\"https:\\\/\\\/fuentesfidedignas.com.mx\\\/index.php\\\/2023\\\/10\\\/23\\\/samuel-garcia-solicita-licencia-de-6-meses-para-buscar-candidatura-a-la-presidencia\\\/\",\"name\":\"Samuel Garc\u00eda solicita licencia de 6 meses para buscar candidatura a la Presidencia - Fuentes Fidedignas\",\"isPartOf\":{\"@id\":\"https:\\\/\\\/fuentesfidedignas.com.mx\\\/#website\"},\"primaryImageOfPage\":{\"@id\":\"https:\\\/\\\/fuentesfidedignas.com.mx\\\/index.php\\\/2023\\\/10\\\/23\\\/samuel-garcia-solicita-licencia-de-6-meses-para-buscar-candidatura-a-la-presidencia\\\/#primaryimage\"},\"image\":{\"@id\":\"https:\\\/\\\/fuentesfidedignas.com.mx\\\/index.php\\\/2023\\\/10\\\/23\\\/samuel-garcia-solicita-licencia-de-6-meses-para-buscar-candidatura-a-la-presidencia\\\/#primaryimage\"},\"thumbnailUrl\":\"https:\\\/\\\/fuentesfidedignas.com.mx\\\/wp-content\\\/uploads\\\/2023\\\/10\\\/samuel-garcia-nuevo-leon.jpg\",\"datePublished\":\"2023-10-23T17:29:17+00:00\",\"dateModified\":\"2023-10-23T17:30:22+00:00\",\"breadcrumb\":{\"@id\":\"https:\\\/\\\/fuentesfidedignas.com.mx\\\/index.php\\\/2023\\\/10\\\/23\\\/samuel-garcia-solicita-licencia-de-6-meses-para-buscar-candidatura-a-la-presidencia\\\/#breadcrumb\"},\"inLanguage\":\"es\",\"potentialAction\":[{\"@type\":\"ReadAction\",\"target\":[\"https:\\\/\\\/fuentesfidedignas.com.mx\\\/index.php\\\/2023\\\/10\\\/23\\\/samuel-garcia-solicita-licencia-de-6-meses-para-buscar-candidatura-a-la-presidencia\\\/\"]}]},{\"@type\":\"ImageObject\",\"inLanguage\":\"es\",\"@id\":\"https:\\\/\\\/fuentesfidedignas.com.mx\\\/index.php\\\/2023\\\/10\\\/23\\\/samuel-garcia-solicita-licencia-de-6-meses-para-buscar-candidatura-a-la-presidencia\\\/#primaryimage\",\"url\":\"https:\\\/\\\/fuentesfidedignas.com.mx\\\/wp-content\\\/uploads\\\/2023\\\/10\\\/samuel-garcia-nuevo-leon.jpg\",\"contentUrl\":\"https:\\\/\\\/fuentesfidedignas.com.mx\\\/wp-content\\\/uploads\\\/2023\\\/10\\\/samuel-garcia-nuevo-leon.jpg\",\"width\":1024,\"height\":683},{\"@type\":\"BreadcrumbList\",\"@id\":\"https:\\\/\\\/fuentesfidedignas.com.mx\\\/index.php\\\/2023\\\/10\\\/23\\\/samuel-garcia-solicita-licencia-de-6-meses-para-buscar-candidatura-a-la-presidencia\\\/#breadcrumb\",\"itemListElement\":[{\"@type\":\"ListItem\",\"position\":1,\"name\":\"Inicio\",\"item\":\"https:\\\/\\\/fuentesfidedignas.com.mx\\\/\"},{\"@type\":\"ListItem\",\"position\":2,\"name\":\"Samuel Garc\u00eda solicita licencia de 6 meses para buscar candidatura a la Presidencia\"}]},{\"@type\":\"WebSite\",\"@id\":\"https:\\\/\\\/fuentesfidedignas.com.mx\\\/#website\",\"url\":\"https:\\\/\\\/fuentesfidedignas.com.mx\\\/\",\"name\":\"Fuentes Fidedignas\",\"description\":\"Otro sitio realizado con WordPress\",\"publisher\":{\"@id\":\"https:\\\/\\\/fuentesfidedignas.com.mx\\\/#organization\"},\"potentialAction\":[{\"@type\":\"SearchAction\",\"target\":{\"@type\":\"EntryPoint\",\"urlTemplate\":\"https:\\\/\\\/fuentesfidedignas.com.mx\\\/?s={search_term_string}\"},\"query-input\":{\"@type\":\"PropertyValueSpecification\",\"valueRequired\":true,\"valueName\":\"search_term_string\"}}],\"inLanguage\":\"es\"},{\"@type\":\"Organization\",\"@id\":\"https:\\\/\\\/fuentesfidedignas.com.mx\\\/#organization\",\"name\":\"Fuentes Fidedignas\",\"url\":\"https:\\\/\\\/fuentesfidedignas.com.mx\\\/\",\"logo\":{\"@type\":\"ImageObject\",\"inLanguage\":\"es\",\"@id\":\"https:\\\/\\\/fuentesfidedignas.com.mx\\\/#\\\/schema\\\/logo\\\/image\\\/\",\"url\":\"https:\\\/\\\/fuentesfidedignas.com.mx\\\/wp-content\\\/uploads\\\/2021\\\/04\\\/logo-retina.png\",\"contentUrl\":\"https:\\\/\\\/fuentesfidedignas.com.mx\\\/wp-content\\\/uploads\\\/2021\\\/04\\\/logo-retina.png\",\"width\":280,\"height\":51,\"caption\":\"Fuentes Fidedignas\"},\"image\":{\"@id\":\"https:\\\/\\\/fuentesfidedignas.com.mx\\\/#\\\/schema\\\/logo\\\/image\\\/\"},\"sameAs\":[\"https:\\\/\\\/www.facebook.com\\\/Fuentes-Fidedignas-368234489921644\",\"https:\\\/\\\/x.com\\\/fidedignas\"]},{\"@type\":\"Person\",\"@id\":\"https:\\\/\\\/fuentesfidedignas.com.mx\\\/#\\\/schema\\\/person\\\/67d852f0557c8509146a4b9ddebd543a\",\"name\":\"L\u00f3pez D\u00f3riga\",\"image\":{\"@type\":\"ImageObject\",\"inLanguage\":\"es\",\"@id\":\"https:\\\/\\\/secure.gravatar.com\\\/avatar\\\/e525b06574ca18b33cded59dfe5778d6c823b9513154eff47da551b0551bdd1e?s=96&d=mm&r=g\",\"url\":\"https:\\\/\\\/secure.gravatar.com\\\/avatar\\\/e525b06574ca18b33cded59dfe5778d6c823b9513154eff47da551b0551bdd1e?s=96&d=mm&r=g\",\"contentUrl\":\"https:\\\/\\\/secure.gravatar.com\\\/avatar\\\/e525b06574ca18b33cded59dfe5778d6c823b9513154eff47da551b0551bdd1e?s=96&d=mm&r=g\",\"caption\":\"L\u00f3pez D\u00f3riga\"},\"url\":\"https:\\\/\\\/fuentesfidedignas.com.mx\\\/index.php\\\/author\\\/doriga\\\/\"}]}<\/script>\n<!-- \/ Yoast SEO plugin. -->","yoast_head_json":{"title":"Samuel Garc\u00eda solicita licencia de 6 meses para buscar candidatura a la Presidencia - Fuentes Fidedignas","robots":{"index":"index","follow":"follow","max-snippet":"max-snippet:-1","max-image-preview":"max-image-preview:large","max-video-preview":"max-video-preview:-1"},"canonical":"https:\/\/fuentesfidedignas.com.mx\/index.php\/2023\/10\/23\/samuel-garcia-solicita-licencia-de-6-meses-para-buscar-candidatura-a-la-presidencia\/","og_locale":"es_MX","og_type":"article","og_title":"Samuel Garc\u00eda solicita licencia de 6 meses para buscar candidatura a la Presidencia - Fuentes Fidedignas","og_description":"La solicitud de licencia al cargo de gobernador fue presentada por Samuel Garc\u00eda esta ma\u00f1ana ante el Congreso de Nuevo Le\u00f3n Nuevo Le\u00f3n. Samuel Garc\u00eda, gobernador de Nuevo Le\u00f3n, present\u00f3 una solicitud de licencia ante el Congreso local para separarse del cargo por un plazo de seis meses, esto con la finalidad de contender por [&hellip;]","og_url":"https:\/\/fuentesfidedignas.com.mx\/index.php\/2023\/10\/23\/samuel-garcia-solicita-licencia-de-6-meses-para-buscar-candidatura-a-la-presidencia\/","og_site_name":"Fuentes Fidedignas","article_publisher":"https:\/\/www.facebook.com\/Fuentes-Fidedignas-368234489921644","article_published_time":"2023-10-23T17:29:17+00:00","article_modified_time":"2023-10-23T17:30:22+00:00","og_image":[{"width":1024,"height":683,"url":"https:\/\/fuentesfidedignas.com.mx\/wp-content\/uploads\/2023\/10\/samuel-garcia-nuevo-leon.jpg","type":"image\/jpeg"}],"author":"L\u00f3pez D\u00f3riga","twitter_card":"summary_large_image","twitter_creator":"@fidedignas","twitter_site":"@fidedignas","twitter_misc":{"Escrito por":"L\u00f3pez D\u00f3riga","Tiempo de lectura":"2 minutos"},"schema":{"@context":"https:\/\/schema.org","@graph":[{"@type":"Article","@id":"https:\/\/fuentesfidedignas.com.mx\/index.php\/2023\/10\/23\/samuel-garcia-solicita-licencia-de-6-meses-para-buscar-candidatura-a-la-presidencia\/#article","isPartOf":{"@id":"https:\/\/fuentesfidedignas.com.mx\/index.php\/2023\/10\/23\/samuel-garcia-solicita-licencia-de-6-meses-para-buscar-candidatura-a-la-presidencia\/"},"author":{"name":"L\u00f3pez D\u00f3riga","@id":"https:\/\/fuentesfidedignas.com.mx\/#\/schema\/person\/67d852f0557c8509146a4b9ddebd543a"},"headline":"Samuel Garc\u00eda solicita licencia de 6 meses para buscar candidatura a la Presidencia","datePublished":"2023-10-23T17:29:17+00:00","dateModified":"2023-10-23T17:30:22+00:00","mainEntityOfPage":{"@id":"https:\/\/fuentesfidedignas.com.mx\/index.php\/2023\/10\/23\/samuel-garcia-solicita-licencia-de-6-meses-para-buscar-candidatura-a-la-presidencia\/"},"wordCount":379,"commentCount":0,"publisher":{"@id":"https:\/\/fuentesfidedignas.com.mx\/#organization"},"image":{"@id":"https:\/\/fuentesfidedignas.com.mx\/index.php\/2023\/10\/23\/samuel-garcia-solicita-licencia-de-6-meses-para-buscar-candidatura-a-la-presidencia\/#primaryimage"},"thumbnailUrl":"https:\/\/fuentesfidedignas.com.mx\/wp-content\/uploads\/2023\/10\/samuel-garcia-nuevo-leon.jpg","articleSection":["NOTICIAS NACIONALES"],"inLanguage":"es","potentialAction":[{"@type":"CommentAction","name":"Comment","target":["https:\/\/fuentesfidedignas.com.mx\/index.php\/2023\/10\/23\/samuel-garcia-solicita-licencia-de-6-meses-para-buscar-candidatura-a-la-presidencia\/#respond"]}]},{"@type":"WebPage","@id":"https:\/\/fuentesfidedignas.com.mx\/index.php\/2023\/10\/23\/samuel-garcia-solicita-licencia-de-6-meses-para-buscar-candidatura-a-la-presidencia\/","url":"https:\/\/fuentesfidedignas.com.mx\/index.php\/2023\/10\/23\/samuel-garcia-solicita-licencia-de-6-meses-para-buscar-candidatura-a-la-presidencia\/","name":"Samuel Garc\u00eda solicita licencia de 6 meses para buscar candidatura a la Presidencia - Fuentes Fidedignas","isPartOf":{"@id":"https:\/\/fuentesfidedignas.com.mx\/#website"},"primaryImageOfPage":{"@id":"https:\/\/fuentesfidedignas.com.mx\/index.php\/2023\/10\/23\/samuel-garcia-solicita-licencia-de-6-meses-para-buscar-candidatura-a-la-presidencia\/#primaryimage"},"image":{"@id":"https:\/\/fuentesfidedignas.com.mx\/index.php\/2023\/10\/23\/samuel-garcia-solicita-licencia-de-6-meses-para-buscar-candidatura-a-la-presidencia\/#primaryimage"},"thumbnailUrl":"https:\/\/fuentesfidedignas.com.mx\/wp-content\/uploads\/2023\/10\/samuel-garcia-nuevo-leon.jpg","datePublished":"2023-10-23T17:29:17+00:00","dateModified":"2023-10-23T17:30:22+00:00","breadcrumb":{"@id":"https:\/\/fuentesfidedignas.com.mx\/index.php\/2023\/10\/23\/samuel-garcia-solicita-licencia-de-6-meses-para-buscar-candidatura-a-la-presidencia\/#breadcrumb"},"inLanguage":"es","potentialAction":[{"@type":"ReadAction","target":["https:\/\/fuentesfidedignas.com.mx\/index.php\/2023\/10\/23\/samuel-garcia-solicita-licencia-de-6-meses-para-buscar-candidatura-a-la-presidencia\/"]}]},{"@type":"ImageObject","inLanguage":"es","@id":"https:\/\/fuentesfidedignas.com.mx\/index.php\/2023\/10\/23\/samuel-garcia-solicita-licencia-de-6-meses-para-buscar-candidatura-a-la-presidencia\/#primaryimage","url":"https:\/\/fuentesfidedignas.com.mx\/wp-content\/uploads\/2023\/10\/samuel-garcia-nuevo-leon.jpg","contentUrl":"https:\/\/fuentesfidedignas.com.mx\/wp-content\/uploads\/2023\/10\/samuel-garcia-nuevo-leon.jpg","width":1024,"height":683},{"@type":"BreadcrumbList","@id":"https:\/\/fuentesfidedignas.com.mx\/index.php\/2023\/10\/23\/samuel-garcia-solicita-licencia-de-6-meses-para-buscar-candidatura-a-la-presidencia\/#breadcrumb","itemListElement":[{"@type":"ListItem","position":1,"name":"Inicio","item":"https:\/\/fuentesfidedignas.com.mx\/"},{"@type":"ListItem","position":2,"name":"Samuel Garc\u00eda solicita licencia de 6 meses para buscar candidatura a la Presidencia"}]},{"@type":"WebSite","@id":"https:\/\/fuentesfidedignas.com.mx\/#website","url":"https:\/\/fuentesfidedignas.com.mx\/","name":"Fuentes Fidedignas","description":"Otro sitio realizado con WordPress","publisher":{"@id":"https:\/\/fuentesfidedignas.com.mx\/#organization"},"potentialAction":[{"@type":"SearchAction","target":{"@type":"EntryPoint","urlTemplate":"https:\/\/fuentesfidedignas.com.mx\/?s={search_term_string}"},"query-input":{"@type":"PropertyValueSpecification","valueRequired":true,"valueName":"search_term_string"}}],"inLanguage":"es"},{"@type":"Organization","@id":"https:\/\/fuentesfidedignas.com.mx\/#organization","name":"Fuentes Fidedignas","url":"https:\/\/fuentesfidedignas.com.mx\/","logo":{"@type":"ImageObject","inLanguage":"es","@id":"https:\/\/fuentesfidedignas.com.mx\/#\/schema\/logo\/image\/","url":"https:\/\/fuentesfidedignas.com.mx\/wp-content\/uploads\/2021\/04\/logo-retina.png","contentUrl":"https:\/\/fuentesfidedignas.com.mx\/wp-content\/uploads\/2021\/04\/logo-retina.png","width":280,"height":51,"caption":"Fuentes Fidedignas"},"image":{"@id":"https:\/\/fuentesfidedignas.com.mx\/#\/schema\/logo\/image\/"},"sameAs":["https:\/\/www.facebook.com\/Fuentes-Fidedignas-368234489921644","https:\/\/x.com\/fidedignas"]},{"@type":"Person","@id":"https:\/\/fuentesfidedignas.com.mx\/#\/schema\/person\/67d852f0557c8509146a4b9ddebd543a","name":"L\u00f3pez D\u00f3riga","image":{"@type":"ImageObject","inLanguage":"es","@id":"https:\/\/secure.gravatar.com\/avatar\/e525b06574ca18b33cded59dfe5778d6c823b9513154eff47da551b0551bdd1e?s=96&d=mm&r=g","url":"https:\/\/secure.gravatar.com\/avatar\/e525b06574ca18b33cded59dfe5778d6c823b9513154eff47da551b0551bdd1e?s=96&d=mm&r=g","contentUrl":"https:\/\/secure.gravatar.com\/avatar\/e525b06574ca18b33cded59dfe5778d6c823b9513154eff47da551b0551bdd1e?s=96&d=mm&r=g","caption":"L\u00f3pez D\u00f3riga"},"url":"https:\/\/fuentesfidedignas.com.mx\/index.php\/author\/doriga\/"}]}},"_links":{"self":[{"href":"https:\/\/fuentesfidedignas.com.mx\/index.php\/wp-json\/wp\/v2\/posts\/63421","targetHints":{"allow":["GET"]}}],"collection":[{"href":"https:\/\/fuentesfidedignas.com.mx\/index.php\/wp-json\/wp\/v2\/posts"}],"about":[{"href":"https:\/\/fuentesfidedignas.com.mx\/index.php\/wp-json\/wp\/v2\/types\/post"}],"author":[{"embeddable":true,"href":"https:\/\/fuentesfidedignas.com.mx\/index.php\/wp-json\/wp\/v2\/users\/47"}],"replies":[{"embeddable":true,"href":"https:\/\/fuentesfidedignas.com.mx\/index.php\/wp-json\/wp\/v2\/comments?post=63421"}],"version-history":[{"count":1,"href":"https:\/\/fuentesfidedignas.com.mx\/index.php\/wp-json\/wp\/v2\/posts\/63421\/revisions"}],"predecessor-version":[{"id":63423,"href":"https:\/\/fuentesfidedignas.com.mx\/index.php\/wp-json\/wp\/v2\/posts\/63421\/revisions\/63423"}],"wp:featuredmedia":[{"embeddable":true,"href":"https:\/\/fuentesfidedignas.com.mx\/index.php\/wp-json\/wp\/v2\/media\/63424"}],"wp:attachment":[{"href":"https:\/\/fuentesfidedignas.com.mx\/index.php\/wp-json\/wp\/v2\/media?parent=63421"}],"wp:term":[{"taxonomy":"category","embeddable":true,"href":"https:\/\/fuentesfidedignas.com.mx\/index.php\/wp-json\/wp\/v2\/categories?post=63421"},{"taxonomy":"post_tag","embeddable":true,"href":"https:\/\/fuentesfidedignas.com.mx\/index.php\/wp-json\/wp\/v2\/tags?post=63421"}],"curies":[{"name":"wp","href":"https:\/\/api.w.org\/{rel}","templated":true}]}}