{"id":63388,"date":"2023-10-22T22:36:15","date_gmt":"2023-10-23T05:36:15","guid":{"rendered":"https:\/\/fuentesfidedignas.com.mx\/?p=63388"},"modified":"2023-10-22T22:38:20","modified_gmt":"2023-10-23T05:38:20","slug":"activan-albergues-en-el-limon-de-los-ramos-el-pinole-y-culiacancito","status":"publish","type":"post","link":"https:\/\/fuentesfidedignas.com.mx\/index.php\/2023\/10\/22\/activan-albergues-en-el-limon-de-los-ramos-el-pinole-y-culiacancito\/","title":{"rendered":"Activan albergues en El Lim\u00f3n de los Ramos, El Pinole y Culiacancito"},"content":{"rendered":"\n<p><\/p>\n\n\n\n<p>Culiac\u00e1n Sin.- En respuesta a la tormenta tropical \u201cNorma\u201d, y buscando la salvaguarda e integridad de las familias culiacanenses, el Sistema DIF Bienestar, en coordinaci\u00f3n con Protecci\u00f3n Civil Municipal, habilit\u00f3 albergues en las sindicaturas de El Lim\u00f3n de los Ramos, El pinole, y Rosales Culiacancito.<\/p>\n\n\n\n<p>De acuerdo a la informaci\u00f3n, personal de la Direcci\u00f3n general y direcci\u00f3n operativa, acudi\u00f3 la tarde de este domingo a las sindicaturas, donde se apoy\u00f3 con la movilizaci\u00f3n y se realiz\u00f3 la entrega de art\u00edculos de primera necesidad.<\/p>\n\n\n\n<p>Entre los que destacan, kits de limpieza, de aseo personal, colchonetas, cobijas y agua embotellada.<\/p>\n\n\n\n<p>Cabe se\u00f1alar que, en promedio, cada albergue cuenta con alrededor de 40 personas que est\u00e1n siendo atendidas de forma directa por personal de esta instituci\u00f3n y en compa\u00f1\u00eda de comisarios y s\u00edndicos municipales.<\/p>\n\n\n\n<p>DIF Bienestar Culiac\u00e1n, contin\u00faa con guardia activa, trabajando a trav\u00e9s de los equipos de reacci\u00f3n inmediata.<\/p>\n","protected":false},"excerpt":{"rendered":"<p>Culiac\u00e1n Sin.- En respuesta a la tormenta tropical \u201cNorma\u201d, y buscando la salvaguarda e integridad de las familias culiacanenses, el Sistema DIF Bienestar, en coordinaci\u00f3n con Protecci\u00f3n Civil Municipal, habilit\u00f3 albergues en las sindicaturas de El Lim\u00f3n de los Ramos, El pinole, y Rosales Culiacancito. De acuerdo a la informaci\u00f3n, personal de la Direcci\u00f3n general [&hellip;]<\/p>\n","protected":false},"author":4,"featured_media":63391,"comment_status":"open","ping_status":"open","sticky":false,"template":"","format":"standard","meta":{"tdm_status":"","tdm_grid_status":"","footnotes":""},"categories":[1],"tags":[],"class_list":{"0":"post-63388","1":"post","2":"type-post","3":"status-publish","4":"format-standard","5":"has-post-thumbnail","7":"category-sin-categoria"},"yoast_head":"<!-- This site is optimized with the Yoast SEO plugin v27.5 - https:\/\/yoast.com\/product\/yoast-seo-wordpress\/ -->\n<title>Activan albergues en El Lim\u00f3n de los Ramos, El Pinole y Culiacancito - Fuentes Fidedignas<\/title>\n<meta name=\"robots\" content=\"index, follow, max-snippet:-1, max-image-preview:large, max-video-preview:-1\" \/>\n<link rel=\"canonical\" href=\"https:\/\/fuentesfidedignas.com.mx\/index.php\/2023\/10\/22\/activan-albergues-en-el-limon-de-los-ramos-el-pinole-y-culiacancito\/\" \/>\n<meta property=\"og:locale\" content=\"es_MX\" \/>\n<meta property=\"og:type\" content=\"article\" \/>\n<meta property=\"og:title\" content=\"Activan albergues en El Lim\u00f3n de los Ramos, El Pinole y Culiacancito - Fuentes Fidedignas\" \/>\n<meta property=\"og:description\" content=\"Culiac\u00e1n Sin.- En respuesta a la tormenta tropical \u201cNorma\u201d, y buscando la salvaguarda e integridad de las familias culiacanenses, el Sistema DIF Bienestar, en coordinaci\u00f3n con Protecci\u00f3n Civil Municipal, habilit\u00f3 albergues en las sindicaturas de El Lim\u00f3n de los Ramos, El pinole, y Rosales Culiacancito. De acuerdo a la informaci\u00f3n, personal de la Direcci\u00f3n general [&hellip;]\" \/>\n<meta property=\"og:url\" content=\"https:\/\/fuentesfidedignas.com.mx\/index.php\/2023\/10\/22\/activan-albergues-en-el-limon-de-los-ramos-el-pinole-y-culiacancito\/\" \/>\n<meta property=\"og:site_name\" content=\"Fuentes Fidedignas\" \/>\n<meta property=\"article:publisher\" content=\"https:\/\/www.facebook.com\/Fuentes-Fidedignas-368234489921644\" \/>\n<meta property=\"article:published_time\" content=\"2023-10-23T05:36:15+00:00\" \/>\n<meta property=\"article:modified_time\" content=\"2023-10-23T05:38:20+00:00\" \/>\n<meta property=\"og:image\" content=\"https:\/\/fuentesfidedignas.com.mx\/wp-content\/uploads\/2023\/10\/IMG-20231022-WA0095-1.jpg\" \/>\n\t<meta property=\"og:image:width\" content=\"1024\" \/>\n\t<meta property=\"og:image:height\" content=\"768\" \/>\n\t<meta property=\"og:image:type\" content=\"image\/jpeg\" \/>\n<meta name=\"author\" content=\"Redacci\u00f3n\" \/>\n<meta name=\"twitter:card\" content=\"summary_large_image\" \/>\n<meta name=\"twitter:creator\" content=\"@fidedignas\" \/>\n<meta name=\"twitter:site\" content=\"@fidedignas\" \/>\n<meta name=\"twitter:label1\" content=\"Escrito por\" \/>\n\t<meta name=\"twitter:data1\" content=\"Redacci\u00f3n\" \/>\n\t<meta name=\"twitter:label2\" content=\"Tiempo de lectura\" \/>\n\t<meta name=\"twitter:data2\" content=\"1 minuto\" \/>\n<script type=\"application\/ld+json\" class=\"yoast-schema-graph\">{\"@context\":\"https:\\\/\\\/schema.org\",\"@graph\":[{\"@type\":\"Article\",\"@id\":\"https:\\\/\\\/fuentesfidedignas.com.mx\\\/index.php\\\/2023\\\/10\\\/22\\\/activan-albergues-en-el-limon-de-los-ramos-el-pinole-y-culiacancito\\\/#article\",\"isPartOf\":{\"@id\":\"https:\\\/\\\/fuentesfidedignas.com.mx\\\/index.php\\\/2023\\\/10\\\/22\\\/activan-albergues-en-el-limon-de-los-ramos-el-pinole-y-culiacancito\\\/\"},\"author\":{\"name\":\"Redacci\u00f3n\",\"@id\":\"https:\\\/\\\/fuentesfidedignas.com.mx\\\/#\\\/schema\\\/person\\\/331be9283d37198e2acd5750279085b0\"},\"headline\":\"Activan albergues en El Lim\u00f3n de los Ramos, El Pinole y Culiacancito\",\"datePublished\":\"2023-10-23T05:36:15+00:00\",\"dateModified\":\"2023-10-23T05:38:20+00:00\",\"mainEntityOfPage\":{\"@id\":\"https:\\\/\\\/fuentesfidedignas.com.mx\\\/index.php\\\/2023\\\/10\\\/22\\\/activan-albergues-en-el-limon-de-los-ramos-el-pinole-y-culiacancito\\\/\"},\"wordCount\":178,\"commentCount\":0,\"publisher\":{\"@id\":\"https:\\\/\\\/fuentesfidedignas.com.mx\\\/#organization\"},\"image\":{\"@id\":\"https:\\\/\\\/fuentesfidedignas.com.mx\\\/index.php\\\/2023\\\/10\\\/22\\\/activan-albergues-en-el-limon-de-los-ramos-el-pinole-y-culiacancito\\\/#primaryimage\"},\"thumbnailUrl\":\"https:\\\/\\\/fuentesfidedignas.com.mx\\\/wp-content\\\/uploads\\\/2023\\\/10\\\/IMG-20231022-WA0095-1.jpg\",\"inLanguage\":\"es\",\"potentialAction\":[{\"@type\":\"CommentAction\",\"name\":\"Comment\",\"target\":[\"https:\\\/\\\/fuentesfidedignas.com.mx\\\/index.php\\\/2023\\\/10\\\/22\\\/activan-albergues-en-el-limon-de-los-ramos-el-pinole-y-culiacancito\\\/#respond\"]}]},{\"@type\":\"WebPage\",\"@id\":\"https:\\\/\\\/fuentesfidedignas.com.mx\\\/index.php\\\/2023\\\/10\\\/22\\\/activan-albergues-en-el-limon-de-los-ramos-el-pinole-y-culiacancito\\\/\",\"url\":\"https:\\\/\\\/fuentesfidedignas.com.mx\\\/index.php\\\/2023\\\/10\\\/22\\\/activan-albergues-en-el-limon-de-los-ramos-el-pinole-y-culiacancito\\\/\",\"name\":\"Activan albergues en El Lim\u00f3n de los Ramos, El Pinole y Culiacancito - Fuentes Fidedignas\",\"isPartOf\":{\"@id\":\"https:\\\/\\\/fuentesfidedignas.com.mx\\\/#website\"},\"primaryImageOfPage\":{\"@id\":\"https:\\\/\\\/fuentesfidedignas.com.mx\\\/index.php\\\/2023\\\/10\\\/22\\\/activan-albergues-en-el-limon-de-los-ramos-el-pinole-y-culiacancito\\\/#primaryimage\"},\"image\":{\"@id\":\"https:\\\/\\\/fuentesfidedignas.com.mx\\\/index.php\\\/2023\\\/10\\\/22\\\/activan-albergues-en-el-limon-de-los-ramos-el-pinole-y-culiacancito\\\/#primaryimage\"},\"thumbnailUrl\":\"https:\\\/\\\/fuentesfidedignas.com.mx\\\/wp-content\\\/uploads\\\/2023\\\/10\\\/IMG-20231022-WA0095-1.jpg\",\"datePublished\":\"2023-10-23T05:36:15+00:00\",\"dateModified\":\"2023-10-23T05:38:20+00:00\",\"breadcrumb\":{\"@id\":\"https:\\\/\\\/fuentesfidedignas.com.mx\\\/index.php\\\/2023\\\/10\\\/22\\\/activan-albergues-en-el-limon-de-los-ramos-el-pinole-y-culiacancito\\\/#breadcrumb\"},\"inLanguage\":\"es\",\"potentialAction\":[{\"@type\":\"ReadAction\",\"target\":[\"https:\\\/\\\/fuentesfidedignas.com.mx\\\/index.php\\\/2023\\\/10\\\/22\\\/activan-albergues-en-el-limon-de-los-ramos-el-pinole-y-culiacancito\\\/\"]}]},{\"@type\":\"ImageObject\",\"inLanguage\":\"es\",\"@id\":\"https:\\\/\\\/fuentesfidedignas.com.mx\\\/index.php\\\/2023\\\/10\\\/22\\\/activan-albergues-en-el-limon-de-los-ramos-el-pinole-y-culiacancito\\\/#primaryimage\",\"url\":\"https:\\\/\\\/fuentesfidedignas.com.mx\\\/wp-content\\\/uploads\\\/2023\\\/10\\\/IMG-20231022-WA0095-1.jpg\",\"contentUrl\":\"https:\\\/\\\/fuentesfidedignas.com.mx\\\/wp-content\\\/uploads\\\/2023\\\/10\\\/IMG-20231022-WA0095-1.jpg\",\"width\":1024,\"height\":768},{\"@type\":\"BreadcrumbList\",\"@id\":\"https:\\\/\\\/fuentesfidedignas.com.mx\\\/index.php\\\/2023\\\/10\\\/22\\\/activan-albergues-en-el-limon-de-los-ramos-el-pinole-y-culiacancito\\\/#breadcrumb\",\"itemListElement\":[{\"@type\":\"ListItem\",\"position\":1,\"name\":\"Inicio\",\"item\":\"https:\\\/\\\/fuentesfidedignas.com.mx\\\/\"},{\"@type\":\"ListItem\",\"position\":2,\"name\":\"Activan albergues en El Lim\u00f3n de los Ramos, El Pinole y Culiacancito\"}]},{\"@type\":\"WebSite\",\"@id\":\"https:\\\/\\\/fuentesfidedignas.com.mx\\\/#website\",\"url\":\"https:\\\/\\\/fuentesfidedignas.com.mx\\\/\",\"name\":\"Fuentes Fidedignas\",\"description\":\"Otro sitio realizado con WordPress\",\"publisher\":{\"@id\":\"https:\\\/\\\/fuentesfidedignas.com.mx\\\/#organization\"},\"potentialAction\":[{\"@type\":\"SearchAction\",\"target\":{\"@type\":\"EntryPoint\",\"urlTemplate\":\"https:\\\/\\\/fuentesfidedignas.com.mx\\\/?s={search_term_string}\"},\"query-input\":{\"@type\":\"PropertyValueSpecification\",\"valueRequired\":true,\"valueName\":\"search_term_string\"}}],\"inLanguage\":\"es\"},{\"@type\":\"Organization\",\"@id\":\"https:\\\/\\\/fuentesfidedignas.com.mx\\\/#organization\",\"name\":\"Fuentes Fidedignas\",\"url\":\"https:\\\/\\\/fuentesfidedignas.com.mx\\\/\",\"logo\":{\"@type\":\"ImageObject\",\"inLanguage\":\"es\",\"@id\":\"https:\\\/\\\/fuentesfidedignas.com.mx\\\/#\\\/schema\\\/logo\\\/image\\\/\",\"url\":\"https:\\\/\\\/fuentesfidedignas.com.mx\\\/wp-content\\\/uploads\\\/2021\\\/04\\\/logo-retina.png\",\"contentUrl\":\"https:\\\/\\\/fuentesfidedignas.com.mx\\\/wp-content\\\/uploads\\\/2021\\\/04\\\/logo-retina.png\",\"width\":280,\"height\":51,\"caption\":\"Fuentes Fidedignas\"},\"image\":{\"@id\":\"https:\\\/\\\/fuentesfidedignas.com.mx\\\/#\\\/schema\\\/logo\\\/image\\\/\"},\"sameAs\":[\"https:\\\/\\\/www.facebook.com\\\/Fuentes-Fidedignas-368234489921644\",\"https:\\\/\\\/x.com\\\/fidedignas\"]},{\"@type\":\"Person\",\"@id\":\"https:\\\/\\\/fuentesfidedignas.com.mx\\\/#\\\/schema\\\/person\\\/331be9283d37198e2acd5750279085b0\",\"name\":\"Redacci\u00f3n\",\"image\":{\"@type\":\"ImageObject\",\"inLanguage\":\"es\",\"@id\":\"https:\\\/\\\/secure.gravatar.com\\\/avatar\\\/f6d8782c11d12b2d4ad3fbb6931aeab5309937a4d6cd2fc9cfaa28a6396a5aec?s=96&d=mm&r=g\",\"url\":\"https:\\\/\\\/secure.gravatar.com\\\/avatar\\\/f6d8782c11d12b2d4ad3fbb6931aeab5309937a4d6cd2fc9cfaa28a6396a5aec?s=96&d=mm&r=g\",\"contentUrl\":\"https:\\\/\\\/secure.gravatar.com\\\/avatar\\\/f6d8782c11d12b2d4ad3fbb6931aeab5309937a4d6cd2fc9cfaa28a6396a5aec?s=96&d=mm&r=g\",\"caption\":\"Redacci\u00f3n\"},\"url\":\"https:\\\/\\\/fuentesfidedignas.com.mx\\\/index.php\\\/author\\\/redaccion\\\/\"}]}<\/script>\n<!-- \/ Yoast SEO plugin. -->","yoast_head_json":{"title":"Activan albergues en El Lim\u00f3n de los Ramos, El Pinole y Culiacancito - Fuentes Fidedignas","robots":{"index":"index","follow":"follow","max-snippet":"max-snippet:-1","max-image-preview":"max-image-preview:large","max-video-preview":"max-video-preview:-1"},"canonical":"https:\/\/fuentesfidedignas.com.mx\/index.php\/2023\/10\/22\/activan-albergues-en-el-limon-de-los-ramos-el-pinole-y-culiacancito\/","og_locale":"es_MX","og_type":"article","og_title":"Activan albergues en El Lim\u00f3n de los Ramos, El Pinole y Culiacancito - Fuentes Fidedignas","og_description":"Culiac\u00e1n Sin.- En respuesta a la tormenta tropical \u201cNorma\u201d, y buscando la salvaguarda e integridad de las familias culiacanenses, el Sistema DIF Bienestar, en coordinaci\u00f3n con Protecci\u00f3n Civil Municipal, habilit\u00f3 albergues en las sindicaturas de El Lim\u00f3n de los Ramos, El pinole, y Rosales Culiacancito. De acuerdo a la informaci\u00f3n, personal de la Direcci\u00f3n general [&hellip;]","og_url":"https:\/\/fuentesfidedignas.com.mx\/index.php\/2023\/10\/22\/activan-albergues-en-el-limon-de-los-ramos-el-pinole-y-culiacancito\/","og_site_name":"Fuentes Fidedignas","article_publisher":"https:\/\/www.facebook.com\/Fuentes-Fidedignas-368234489921644","article_published_time":"2023-10-23T05:36:15+00:00","article_modified_time":"2023-10-23T05:38:20+00:00","og_image":[{"width":1024,"height":768,"url":"https:\/\/fuentesfidedignas.com.mx\/wp-content\/uploads\/2023\/10\/IMG-20231022-WA0095-1.jpg","type":"image\/jpeg"}],"author":"Redacci\u00f3n","twitter_card":"summary_large_image","twitter_creator":"@fidedignas","twitter_site":"@fidedignas","twitter_misc":{"Escrito por":"Redacci\u00f3n","Tiempo de lectura":"1 minuto"},"schema":{"@context":"https:\/\/schema.org","@graph":[{"@type":"Article","@id":"https:\/\/fuentesfidedignas.com.mx\/index.php\/2023\/10\/22\/activan-albergues-en-el-limon-de-los-ramos-el-pinole-y-culiacancito\/#article","isPartOf":{"@id":"https:\/\/fuentesfidedignas.com.mx\/index.php\/2023\/10\/22\/activan-albergues-en-el-limon-de-los-ramos-el-pinole-y-culiacancito\/"},"author":{"name":"Redacci\u00f3n","@id":"https:\/\/fuentesfidedignas.com.mx\/#\/schema\/person\/331be9283d37198e2acd5750279085b0"},"headline":"Activan albergues en El Lim\u00f3n de los Ramos, El Pinole y Culiacancito","datePublished":"2023-10-23T05:36:15+00:00","dateModified":"2023-10-23T05:38:20+00:00","mainEntityOfPage":{"@id":"https:\/\/fuentesfidedignas.com.mx\/index.php\/2023\/10\/22\/activan-albergues-en-el-limon-de-los-ramos-el-pinole-y-culiacancito\/"},"wordCount":178,"commentCount":0,"publisher":{"@id":"https:\/\/fuentesfidedignas.com.mx\/#organization"},"image":{"@id":"https:\/\/fuentesfidedignas.com.mx\/index.php\/2023\/10\/22\/activan-albergues-en-el-limon-de-los-ramos-el-pinole-y-culiacancito\/#primaryimage"},"thumbnailUrl":"https:\/\/fuentesfidedignas.com.mx\/wp-content\/uploads\/2023\/10\/IMG-20231022-WA0095-1.jpg","inLanguage":"es","potentialAction":[{"@type":"CommentAction","name":"Comment","target":["https:\/\/fuentesfidedignas.com.mx\/index.php\/2023\/10\/22\/activan-albergues-en-el-limon-de-los-ramos-el-pinole-y-culiacancito\/#respond"]}]},{"@type":"WebPage","@id":"https:\/\/fuentesfidedignas.com.mx\/index.php\/2023\/10\/22\/activan-albergues-en-el-limon-de-los-ramos-el-pinole-y-culiacancito\/","url":"https:\/\/fuentesfidedignas.com.mx\/index.php\/2023\/10\/22\/activan-albergues-en-el-limon-de-los-ramos-el-pinole-y-culiacancito\/","name":"Activan albergues en El Lim\u00f3n de los Ramos, El Pinole y Culiacancito - Fuentes Fidedignas","isPartOf":{"@id":"https:\/\/fuentesfidedignas.com.mx\/#website"},"primaryImageOfPage":{"@id":"https:\/\/fuentesfidedignas.com.mx\/index.php\/2023\/10\/22\/activan-albergues-en-el-limon-de-los-ramos-el-pinole-y-culiacancito\/#primaryimage"},"image":{"@id":"https:\/\/fuentesfidedignas.com.mx\/index.php\/2023\/10\/22\/activan-albergues-en-el-limon-de-los-ramos-el-pinole-y-culiacancito\/#primaryimage"},"thumbnailUrl":"https:\/\/fuentesfidedignas.com.mx\/wp-content\/uploads\/2023\/10\/IMG-20231022-WA0095-1.jpg","datePublished":"2023-10-23T05:36:15+00:00","dateModified":"2023-10-23T05:38:20+00:00","breadcrumb":{"@id":"https:\/\/fuentesfidedignas.com.mx\/index.php\/2023\/10\/22\/activan-albergues-en-el-limon-de-los-ramos-el-pinole-y-culiacancito\/#breadcrumb"},"inLanguage":"es","potentialAction":[{"@type":"ReadAction","target":["https:\/\/fuentesfidedignas.com.mx\/index.php\/2023\/10\/22\/activan-albergues-en-el-limon-de-los-ramos-el-pinole-y-culiacancito\/"]}]},{"@type":"ImageObject","inLanguage":"es","@id":"https:\/\/fuentesfidedignas.com.mx\/index.php\/2023\/10\/22\/activan-albergues-en-el-limon-de-los-ramos-el-pinole-y-culiacancito\/#primaryimage","url":"https:\/\/fuentesfidedignas.com.mx\/wp-content\/uploads\/2023\/10\/IMG-20231022-WA0095-1.jpg","contentUrl":"https:\/\/fuentesfidedignas.com.mx\/wp-content\/uploads\/2023\/10\/IMG-20231022-WA0095-1.jpg","width":1024,"height":768},{"@type":"BreadcrumbList","@id":"https:\/\/fuentesfidedignas.com.mx\/index.php\/2023\/10\/22\/activan-albergues-en-el-limon-de-los-ramos-el-pinole-y-culiacancito\/#breadcrumb","itemListElement":[{"@type":"ListItem","position":1,"name":"Inicio","item":"https:\/\/fuentesfidedignas.com.mx\/"},{"@type":"ListItem","position":2,"name":"Activan albergues en El Lim\u00f3n de los Ramos, El Pinole y Culiacancito"}]},{"@type":"WebSite","@id":"https:\/\/fuentesfidedignas.com.mx\/#website","url":"https:\/\/fuentesfidedignas.com.mx\/","name":"Fuentes Fidedignas","description":"Otro sitio realizado con WordPress","publisher":{"@id":"https:\/\/fuentesfidedignas.com.mx\/#organization"},"potentialAction":[{"@type":"SearchAction","target":{"@type":"EntryPoint","urlTemplate":"https:\/\/fuentesfidedignas.com.mx\/?s={search_term_string}"},"query-input":{"@type":"PropertyValueSpecification","valueRequired":true,"valueName":"search_term_string"}}],"inLanguage":"es"},{"@type":"Organization","@id":"https:\/\/fuentesfidedignas.com.mx\/#organization","name":"Fuentes Fidedignas","url":"https:\/\/fuentesfidedignas.com.mx\/","logo":{"@type":"ImageObject","inLanguage":"es","@id":"https:\/\/fuentesfidedignas.com.mx\/#\/schema\/logo\/image\/","url":"https:\/\/fuentesfidedignas.com.mx\/wp-content\/uploads\/2021\/04\/logo-retina.png","contentUrl":"https:\/\/fuentesfidedignas.com.mx\/wp-content\/uploads\/2021\/04\/logo-retina.png","width":280,"height":51,"caption":"Fuentes Fidedignas"},"image":{"@id":"https:\/\/fuentesfidedignas.com.mx\/#\/schema\/logo\/image\/"},"sameAs":["https:\/\/www.facebook.com\/Fuentes-Fidedignas-368234489921644","https:\/\/x.com\/fidedignas"]},{"@type":"Person","@id":"https:\/\/fuentesfidedignas.com.mx\/#\/schema\/person\/331be9283d37198e2acd5750279085b0","name":"Redacci\u00f3n","image":{"@type":"ImageObject","inLanguage":"es","@id":"https:\/\/secure.gravatar.com\/avatar\/f6d8782c11d12b2d4ad3fbb6931aeab5309937a4d6cd2fc9cfaa28a6396a5aec?s=96&d=mm&r=g","url":"https:\/\/secure.gravatar.com\/avatar\/f6d8782c11d12b2d4ad3fbb6931aeab5309937a4d6cd2fc9cfaa28a6396a5aec?s=96&d=mm&r=g","contentUrl":"https:\/\/secure.gravatar.com\/avatar\/f6d8782c11d12b2d4ad3fbb6931aeab5309937a4d6cd2fc9cfaa28a6396a5aec?s=96&d=mm&r=g","caption":"Redacci\u00f3n"},"url":"https:\/\/fuentesfidedignas.com.mx\/index.php\/author\/redaccion\/"}]}},"_links":{"self":[{"href":"https:\/\/fuentesfidedignas.com.mx\/index.php\/wp-json\/wp\/v2\/posts\/63388","targetHints":{"allow":["GET"]}}],"collection":[{"href":"https:\/\/fuentesfidedignas.com.mx\/index.php\/wp-json\/wp\/v2\/posts"}],"about":[{"href":"https:\/\/fuentesfidedignas.com.mx\/index.php\/wp-json\/wp\/v2\/types\/post"}],"author":[{"embeddable":true,"href":"https:\/\/fuentesfidedignas.com.mx\/index.php\/wp-json\/wp\/v2\/users\/4"}],"replies":[{"embeddable":true,"href":"https:\/\/fuentesfidedignas.com.mx\/index.php\/wp-json\/wp\/v2\/comments?post=63388"}],"version-history":[{"count":1,"href":"https:\/\/fuentesfidedignas.com.mx\/index.php\/wp-json\/wp\/v2\/posts\/63388\/revisions"}],"predecessor-version":[{"id":63389,"href":"https:\/\/fuentesfidedignas.com.mx\/index.php\/wp-json\/wp\/v2\/posts\/63388\/revisions\/63389"}],"wp:featuredmedia":[{"embeddable":true,"href":"https:\/\/fuentesfidedignas.com.mx\/index.php\/wp-json\/wp\/v2\/media\/63391"}],"wp:attachment":[{"href":"https:\/\/fuentesfidedignas.com.mx\/index.php\/wp-json\/wp\/v2\/media?parent=63388"}],"wp:term":[{"taxonomy":"category","embeddable":true,"href":"https:\/\/fuentesfidedignas.com.mx\/index.php\/wp-json\/wp\/v2\/categories?post=63388"},{"taxonomy":"post_tag","embeddable":true,"href":"https:\/\/fuentesfidedignas.com.mx\/index.php\/wp-json\/wp\/v2\/tags?post=63388"}],"curies":[{"name":"wp","href":"https:\/\/api.w.org\/{rel}","templated":true}]}}