{"id":63376,"date":"2023-10-22T17:59:39","date_gmt":"2023-10-23T00:59:39","guid":{"rendered":"https:\/\/fuentesfidedignas.com.mx\/?p=63376"},"modified":"2023-10-22T18:01:57","modified_gmt":"2023-10-23T01:01:57","slug":"proteccion-civil-realiza-acciones-en-todos-los-municipios-por-tormenta-tropical-norma","status":"publish","type":"post","link":"https:\/\/fuentesfidedignas.com.mx\/index.php\/2023\/10\/22\/proteccion-civil-realiza-acciones-en-todos-los-municipios-por-tormenta-tropical-norma\/","title":{"rendered":"Protecci\u00f3n Civil realiza acciones en todos los municipios por Tormenta Tropical \u201cNorma\u201d"},"content":{"rendered":"\n<p><em>El director de Protecci\u00f3n Civil Estatal Aurelio Roy Navarrete mencion\u00f3 que no ha habido afectaciones mayores en estructuras en ninguna parte de Sinaloa.<\/em><\/p>\n\n\n\n<p>Culiac\u00e1n, Sin.- Por instrucciones del gobernador Rub\u00e9n Rocha Moya, el Instituto Estatal de Protecci\u00f3n Civil encabezado por Aurelio Roy Navarrete contin\u00faa implementando medidas preventivas y de respuesta ante la Tormenta Tropical Norma. A medida que la tormenta avanza, se han tomado acciones en diversas localidades para garantizar la seguridad y el bienestar de la comunidad.<\/p>\n\n\n\n<figure class=\"wp-block-gallery has-nested-images columns-default is-cropped wp-block-gallery-1 is-layout-flex wp-block-gallery-is-layout-flex\">\n<figure class=\"wp-block-image size-large\"><img decoding=\"async\" width=\"1024\" height=\"682\" data-id=\"63379\" src=\"https:\/\/fuentesfidedignas.com.mx\/wp-content\/uploads\/2023\/10\/1000153540-1024x682.jpg\" alt=\"\" class=\"wp-image-63379\" srcset=\"https:\/\/fuentesfidedignas.com.mx\/wp-content\/uploads\/2023\/10\/1000153540-1024x682.jpg 1024w, https:\/\/fuentesfidedignas.com.mx\/wp-content\/uploads\/2023\/10\/1000153540-300x200.jpg 300w, https:\/\/fuentesfidedignas.com.mx\/wp-content\/uploads\/2023\/10\/1000153540-768x512.jpg 768w, https:\/\/fuentesfidedignas.com.mx\/wp-content\/uploads\/2023\/10\/1000153540-1536x1023.jpg 1536w, https:\/\/fuentesfidedignas.com.mx\/wp-content\/uploads\/2023\/10\/1000153540-696x464.jpg 696w, https:\/\/fuentesfidedignas.com.mx\/wp-content\/uploads\/2023\/10\/1000153540-1068x712.jpg 1068w, https:\/\/fuentesfidedignas.com.mx\/wp-content\/uploads\/2023\/10\/1000153540-630x420.jpg 630w, https:\/\/fuentesfidedignas.com.mx\/wp-content\/uploads\/2023\/10\/1000153540.jpg 1600w\" sizes=\"(max-width: 1024px) 100vw, 1024px\" \/><\/figure>\n\n\n\n<figure class=\"wp-block-image size-large\"><img decoding=\"async\" width=\"1024\" height=\"472\" data-id=\"63377\" src=\"https:\/\/fuentesfidedignas.com.mx\/wp-content\/uploads\/2023\/10\/1000153539.jpg\" alt=\"\" class=\"wp-image-63377\" srcset=\"https:\/\/fuentesfidedignas.com.mx\/wp-content\/uploads\/2023\/10\/1000153539.jpg 1024w, https:\/\/fuentesfidedignas.com.mx\/wp-content\/uploads\/2023\/10\/1000153539-300x138.jpg 300w, https:\/\/fuentesfidedignas.com.mx\/wp-content\/uploads\/2023\/10\/1000153539-768x354.jpg 768w, https:\/\/fuentesfidedignas.com.mx\/wp-content\/uploads\/2023\/10\/1000153539-696x321.jpg 696w, https:\/\/fuentesfidedignas.com.mx\/wp-content\/uploads\/2023\/10\/1000153539-911x420.jpg 911w\" sizes=\"(max-width: 1024px) 100vw, 1024px\" \/><\/figure>\n\n\n\n<figure class=\"wp-block-image size-large\"><img decoding=\"async\" width=\"1024\" height=\"768\" data-id=\"63378\" src=\"https:\/\/fuentesfidedignas.com.mx\/wp-content\/uploads\/2023\/10\/1000153543-1024x768.jpg\" alt=\"\" class=\"wp-image-63378\" srcset=\"https:\/\/fuentesfidedignas.com.mx\/wp-content\/uploads\/2023\/10\/1000153543-1024x768.jpg 1024w, https:\/\/fuentesfidedignas.com.mx\/wp-content\/uploads\/2023\/10\/1000153543-300x225.jpg 300w, https:\/\/fuentesfidedignas.com.mx\/wp-content\/uploads\/2023\/10\/1000153543-768x576.jpg 768w, https:\/\/fuentesfidedignas.com.mx\/wp-content\/uploads\/2023\/10\/1000153543-1536x1152.jpg 1536w, https:\/\/fuentesfidedignas.com.mx\/wp-content\/uploads\/2023\/10\/1000153543-696x522.jpg 696w, https:\/\/fuentesfidedignas.com.mx\/wp-content\/uploads\/2023\/10\/1000153543-1068x801.jpg 1068w, https:\/\/fuentesfidedignas.com.mx\/wp-content\/uploads\/2023\/10\/1000153543-560x420.jpg 560w, https:\/\/fuentesfidedignas.com.mx\/wp-content\/uploads\/2023\/10\/1000153543-80x60.jpg 80w, https:\/\/fuentesfidedignas.com.mx\/wp-content\/uploads\/2023\/10\/1000153543-265x198.jpg 265w, https:\/\/fuentesfidedignas.com.mx\/wp-content\/uploads\/2023\/10\/1000153543.jpg 1600w\" sizes=\"(max-width: 1024px) 100vw, 1024px\" \/><\/figure>\n\n\n\n<figure class=\"wp-block-image\"><img decoding=\"async\" src=\"blob:https:\/\/fuentesfidedignas.com.mx\/3f699d02-2c7d-47e2-9ad3-c8e8afa80044\" alt=\"\"\/><\/figure>\n\n\n\n<figure class=\"wp-block-image size-large\"><img decoding=\"async\" width=\"1024\" height=\"682\" data-id=\"63380\" src=\"https:\/\/fuentesfidedignas.com.mx\/wp-content\/uploads\/2023\/10\/1000153544-1024x682.jpg\" alt=\"\" class=\"wp-image-63380\" srcset=\"https:\/\/fuentesfidedignas.com.mx\/wp-content\/uploads\/2023\/10\/1000153544-1024x682.jpg 1024w, https:\/\/fuentesfidedignas.com.mx\/wp-content\/uploads\/2023\/10\/1000153544-300x200.jpg 300w, https:\/\/fuentesfidedignas.com.mx\/wp-content\/uploads\/2023\/10\/1000153544-768x512.jpg 768w, https:\/\/fuentesfidedignas.com.mx\/wp-content\/uploads\/2023\/10\/1000153544-1536x1023.jpg 1536w, https:\/\/fuentesfidedignas.com.mx\/wp-content\/uploads\/2023\/10\/1000153544-696x464.jpg 696w, https:\/\/fuentesfidedignas.com.mx\/wp-content\/uploads\/2023\/10\/1000153544-1068x712.jpg 1068w, https:\/\/fuentesfidedignas.com.mx\/wp-content\/uploads\/2023\/10\/1000153544-630x420.jpg 630w, https:\/\/fuentesfidedignas.com.mx\/wp-content\/uploads\/2023\/10\/1000153544.jpg 1600w\" sizes=\"(max-width: 1024px) 100vw, 1024px\" \/><\/figure>\n<\/figure>\n\n\n\n<p>El funcionario estatal asegur\u00f3 que los tres \u00f3rdenes del gobierno se encuentran realizando recorridos en los municipios, destacando que los lugares donde m\u00e1s se han presentado lluvias es en la regi\u00f3n del \u00c9vora, Guasave y Ahome.<\/p>\n\n\n\n<p>Roy Navarrete indic\u00f3 que en Ahome existe el reporte de \u00e1rboles ca\u00eddos, por lo que buscar\u00e1n abrir las avenidas y calles obstruidas por estos. Sobre otros da\u00f1os el director de Protecci\u00f3n Civil inform\u00f3 sobre un lamentable deceso ocurrido en Juan Jos\u00e9 R\u00edos, mientras que, para los dem\u00e1s municipios del estado, aclar\u00f3 que s\u00f3lo existen afectaciones leves hacia edificios y otras estructuras.<\/p>\n\n\n\n<p>\u201cSon leves lo que ha sucedido en algunos negocios, no hemos tenido afectaciones mayores afortunadamente, hubo esa racha de 70 kil\u00f3metros, 80 kil\u00f3metros por hora, aqu\u00ed los Ahomenses, sin embargo, afortunadamente no es mucho el desastre que ha causado, hay afectaciones leves nada m\u00e1s, sin embargo, estaremos atentos de lo que est\u00e9 pasando en Ahome y en todo el estado\u201d, dijo.<\/p>\n\n\n\n<p>Destac\u00f3 tambi\u00e9n que por instrucciones del gobernador Rocha se han habilitado 120 refugios, que tienen una capacidad para recibir hasta 50 mil personas que pudieran requerir del apoyo.<\/p>\n\n\n\n<p>\u201cTenemos 120 refugios temporales en el estado, instruy\u00f3 el gobernador que se activaran los 120, tenemos una capacidad de m\u00e1s de 50 mil personas, se han activado unos en El Fuerte, en Guasave, otros en Salvador Alvarado de manera preventiva, otros en Navolato, otros en Costa Rica en Culiac\u00e1n\u201d, dijo.<\/p>\n\n\n\n<p>Otras acciones que ha realizado Protecci\u00f3n Civil Estatal son:<\/p>\n\n\n\n<p>Culiac\u00e1n: En la colonia Benito Ju\u00e1rez, perteneciente a Costa Rica, se est\u00e1n llevando a cabo recorridos preventivos para evaluar y mitigar los posibles riesgos. Se insta a los residentes a estar atentos y seguir las recomendaciones de Protecci\u00f3n Civil.<\/p>\n\n\n\n<p>El Fuerte: en la comunidad de La Constancia y sus alrededores, se ha procedido a la evacuaci\u00f3n de familias que se encuentran en zonas de riesgo.<\/p>\n\n\n\n<p>Ahome: Los elementos de Protecci\u00f3n Civil est\u00e1n realizando recorridos preventivos en la ciudad de Los Mochis en este momento<\/p>\n\n\n\n<p>Guasave: Se ha llevado a cabo una reuni\u00f3n con los representantes de los m\u00f3dulos de riego del Municipio de Guasave, donde se han establecido medidas de prevenci\u00f3n para la zona.<\/p>\n\n\n\n<p>Tambi\u00e9n se est\u00e1n realizando recorridos preventivos en la ciudad de Guasave. Debido a las lluvias generadas por la Tormenta Tropical Norma, se han registrado niveles altos de agua en algunas \u00e1reas de la ciudad.<\/p>\n\n\n\n<p>Navolato: Se est\u00e1n llevando a cabo recorridos preventivos. La ciudadan\u00eda debe estar alerta y seguir las indicaciones de Protecci\u00f3n Civil.<\/p>\n\n\n\n<p>Elota: Cierre de Carretera Estatal La Cruz &#8211; El Saladito debido a la crecida del arroyo La Vinateria.<\/p>\n\n\n\n<p>Protecci\u00f3n Civil del Estado de Sinaloa sigue monitoreando de cerca la situaci\u00f3n y mantendr\u00e1 a la comunidad informada sobre cualquier desarrollo adicional. La seguridad de todos los habitantes es la prioridad principal.<\/p>\n","protected":false},"excerpt":{"rendered":"<p>El director de Protecci\u00f3n Civil Estatal Aurelio Roy Navarrete mencion\u00f3 que no ha habido afectaciones mayores en estructuras en ninguna parte de Sinaloa. Culiac\u00e1n, Sin.- Por instrucciones del gobernador Rub\u00e9n Rocha Moya, el Instituto Estatal de Protecci\u00f3n Civil encabezado por Aurelio Roy Navarrete contin\u00faa implementando medidas preventivas y de respuesta ante la Tormenta Tropical Norma. [&hellip;]<\/p>\n","protected":false},"author":4,"featured_media":63384,"comment_status":"open","ping_status":"open","sticky":false,"template":"","format":"standard","meta":{"tdm_status":"","tdm_grid_status":"","footnotes":""},"categories":[38,1],"tags":[],"class_list":{"0":"post-63376","1":"post","2":"type-post","3":"status-publish","4":"format-standard","5":"has-post-thumbnail","7":"category-noticias-locales","8":"category-sin-categoria"},"yoast_head":"<!-- This site is optimized with the Yoast SEO plugin v27.5 - https:\/\/yoast.com\/product\/yoast-seo-wordpress\/ -->\n<title>Protecci\u00f3n Civil realiza acciones en todos los municipios por Tormenta Tropical \u201cNorma\u201d - Fuentes Fidedignas<\/title>\n<meta name=\"robots\" content=\"index, follow, max-snippet:-1, max-image-preview:large, max-video-preview:-1\" \/>\n<link rel=\"canonical\" href=\"https:\/\/fuentesfidedignas.com.mx\/index.php\/2023\/10\/22\/proteccion-civil-realiza-acciones-en-todos-los-municipios-por-tormenta-tropical-norma\/\" \/>\n<meta property=\"og:locale\" content=\"es_MX\" \/>\n<meta property=\"og:type\" content=\"article\" \/>\n<meta property=\"og:title\" content=\"Protecci\u00f3n Civil realiza acciones en todos los municipios por Tormenta Tropical \u201cNorma\u201d - Fuentes Fidedignas\" \/>\n<meta property=\"og:description\" content=\"El director de Protecci\u00f3n Civil Estatal Aurelio Roy Navarrete mencion\u00f3 que no ha habido afectaciones mayores en estructuras en ninguna parte de Sinaloa. Culiac\u00e1n, Sin.- Por instrucciones del gobernador Rub\u00e9n Rocha Moya, el Instituto Estatal de Protecci\u00f3n Civil encabezado por Aurelio Roy Navarrete contin\u00faa implementando medidas preventivas y de respuesta ante la Tormenta Tropical Norma. [&hellip;]\" \/>\n<meta property=\"og:url\" content=\"https:\/\/fuentesfidedignas.com.mx\/index.php\/2023\/10\/22\/proteccion-civil-realiza-acciones-en-todos-los-municipios-por-tormenta-tropical-norma\/\" \/>\n<meta property=\"og:site_name\" content=\"Fuentes Fidedignas\" \/>\n<meta property=\"article:publisher\" content=\"https:\/\/www.facebook.com\/Fuentes-Fidedignas-368234489921644\" \/>\n<meta property=\"article:published_time\" content=\"2023-10-23T00:59:39+00:00\" \/>\n<meta property=\"article:modified_time\" content=\"2023-10-23T01:01:57+00:00\" \/>\n<meta property=\"og:image\" content=\"https:\/\/fuentesfidedignas.com.mx\/wp-content\/uploads\/2023\/10\/IMG-20231022-WA0078.jpg\" \/>\n\t<meta property=\"og:image:width\" content=\"1600\" \/>\n\t<meta property=\"og:image:height\" content=\"1200\" \/>\n\t<meta property=\"og:image:type\" content=\"image\/jpeg\" \/>\n<meta name=\"author\" content=\"Redacci\u00f3n\" \/>\n<meta name=\"twitter:card\" content=\"summary_large_image\" \/>\n<meta name=\"twitter:creator\" content=\"@fidedignas\" \/>\n<meta name=\"twitter:site\" content=\"@fidedignas\" \/>\n<meta name=\"twitter:label1\" content=\"Escrito por\" \/>\n\t<meta name=\"twitter:data1\" content=\"Redacci\u00f3n\" \/>\n\t<meta name=\"twitter:label2\" content=\"Tiempo de lectura\" \/>\n\t<meta name=\"twitter:data2\" content=\"4 minutos\" \/>\n<script type=\"application\/ld+json\" class=\"yoast-schema-graph\">{\"@context\":\"https:\\\/\\\/schema.org\",\"@graph\":[{\"@type\":\"Article\",\"@id\":\"https:\\\/\\\/fuentesfidedignas.com.mx\\\/index.php\\\/2023\\\/10\\\/22\\\/proteccion-civil-realiza-acciones-en-todos-los-municipios-por-tormenta-tropical-norma\\\/#article\",\"isPartOf\":{\"@id\":\"https:\\\/\\\/fuentesfidedignas.com.mx\\\/index.php\\\/2023\\\/10\\\/22\\\/proteccion-civil-realiza-acciones-en-todos-los-municipios-por-tormenta-tropical-norma\\\/\"},\"author\":{\"name\":\"Redacci\u00f3n\",\"@id\":\"https:\\\/\\\/fuentesfidedignas.com.mx\\\/#\\\/schema\\\/person\\\/331be9283d37198e2acd5750279085b0\"},\"headline\":\"Protecci\u00f3n Civil realiza acciones en todos los municipios por Tormenta Tropical \u201cNorma\u201d\",\"datePublished\":\"2023-10-23T00:59:39+00:00\",\"dateModified\":\"2023-10-23T01:01:57+00:00\",\"mainEntityOfPage\":{\"@id\":\"https:\\\/\\\/fuentesfidedignas.com.mx\\\/index.php\\\/2023\\\/10\\\/22\\\/proteccion-civil-realiza-acciones-en-todos-los-municipios-por-tormenta-tropical-norma\\\/\"},\"wordCount\":586,\"commentCount\":0,\"publisher\":{\"@id\":\"https:\\\/\\\/fuentesfidedignas.com.mx\\\/#organization\"},\"image\":{\"@id\":\"https:\\\/\\\/fuentesfidedignas.com.mx\\\/index.php\\\/2023\\\/10\\\/22\\\/proteccion-civil-realiza-acciones-en-todos-los-municipios-por-tormenta-tropical-norma\\\/#primaryimage\"},\"thumbnailUrl\":\"https:\\\/\\\/fuentesfidedignas.com.mx\\\/wp-content\\\/uploads\\\/2023\\\/10\\\/IMG-20231022-WA0078.jpg\",\"articleSection\":[\"NOTICIAS LOCALES\"],\"inLanguage\":\"es\",\"potentialAction\":[{\"@type\":\"CommentAction\",\"name\":\"Comment\",\"target\":[\"https:\\\/\\\/fuentesfidedignas.com.mx\\\/index.php\\\/2023\\\/10\\\/22\\\/proteccion-civil-realiza-acciones-en-todos-los-municipios-por-tormenta-tropical-norma\\\/#respond\"]}]},{\"@type\":\"WebPage\",\"@id\":\"https:\\\/\\\/fuentesfidedignas.com.mx\\\/index.php\\\/2023\\\/10\\\/22\\\/proteccion-civil-realiza-acciones-en-todos-los-municipios-por-tormenta-tropical-norma\\\/\",\"url\":\"https:\\\/\\\/fuentesfidedignas.com.mx\\\/index.php\\\/2023\\\/10\\\/22\\\/proteccion-civil-realiza-acciones-en-todos-los-municipios-por-tormenta-tropical-norma\\\/\",\"name\":\"Protecci\u00f3n Civil realiza acciones en todos los municipios por Tormenta Tropical \u201cNorma\u201d - Fuentes Fidedignas\",\"isPartOf\":{\"@id\":\"https:\\\/\\\/fuentesfidedignas.com.mx\\\/#website\"},\"primaryImageOfPage\":{\"@id\":\"https:\\\/\\\/fuentesfidedignas.com.mx\\\/index.php\\\/2023\\\/10\\\/22\\\/proteccion-civil-realiza-acciones-en-todos-los-municipios-por-tormenta-tropical-norma\\\/#primaryimage\"},\"image\":{\"@id\":\"https:\\\/\\\/fuentesfidedignas.com.mx\\\/index.php\\\/2023\\\/10\\\/22\\\/proteccion-civil-realiza-acciones-en-todos-los-municipios-por-tormenta-tropical-norma\\\/#primaryimage\"},\"thumbnailUrl\":\"https:\\\/\\\/fuentesfidedignas.com.mx\\\/wp-content\\\/uploads\\\/2023\\\/10\\\/IMG-20231022-WA0078.jpg\",\"datePublished\":\"2023-10-23T00:59:39+00:00\",\"dateModified\":\"2023-10-23T01:01:57+00:00\",\"breadcrumb\":{\"@id\":\"https:\\\/\\\/fuentesfidedignas.com.mx\\\/index.php\\\/2023\\\/10\\\/22\\\/proteccion-civil-realiza-acciones-en-todos-los-municipios-por-tormenta-tropical-norma\\\/#breadcrumb\"},\"inLanguage\":\"es\",\"potentialAction\":[{\"@type\":\"ReadAction\",\"target\":[\"https:\\\/\\\/fuentesfidedignas.com.mx\\\/index.php\\\/2023\\\/10\\\/22\\\/proteccion-civil-realiza-acciones-en-todos-los-municipios-por-tormenta-tropical-norma\\\/\"]}]},{\"@type\":\"ImageObject\",\"inLanguage\":\"es\",\"@id\":\"https:\\\/\\\/fuentesfidedignas.com.mx\\\/index.php\\\/2023\\\/10\\\/22\\\/proteccion-civil-realiza-acciones-en-todos-los-municipios-por-tormenta-tropical-norma\\\/#primaryimage\",\"url\":\"https:\\\/\\\/fuentesfidedignas.com.mx\\\/wp-content\\\/uploads\\\/2023\\\/10\\\/IMG-20231022-WA0078.jpg\",\"contentUrl\":\"https:\\\/\\\/fuentesfidedignas.com.mx\\\/wp-content\\\/uploads\\\/2023\\\/10\\\/IMG-20231022-WA0078.jpg\",\"width\":1600,\"height\":1200},{\"@type\":\"BreadcrumbList\",\"@id\":\"https:\\\/\\\/fuentesfidedignas.com.mx\\\/index.php\\\/2023\\\/10\\\/22\\\/proteccion-civil-realiza-acciones-en-todos-los-municipios-por-tormenta-tropical-norma\\\/#breadcrumb\",\"itemListElement\":[{\"@type\":\"ListItem\",\"position\":1,\"name\":\"Inicio\",\"item\":\"https:\\\/\\\/fuentesfidedignas.com.mx\\\/\"},{\"@type\":\"ListItem\",\"position\":2,\"name\":\"Protecci\u00f3n Civil realiza acciones en todos los municipios por Tormenta Tropical \u201cNorma\u201d\"}]},{\"@type\":\"WebSite\",\"@id\":\"https:\\\/\\\/fuentesfidedignas.com.mx\\\/#website\",\"url\":\"https:\\\/\\\/fuentesfidedignas.com.mx\\\/\",\"name\":\"Fuentes Fidedignas\",\"description\":\"Otro sitio realizado con WordPress\",\"publisher\":{\"@id\":\"https:\\\/\\\/fuentesfidedignas.com.mx\\\/#organization\"},\"potentialAction\":[{\"@type\":\"SearchAction\",\"target\":{\"@type\":\"EntryPoint\",\"urlTemplate\":\"https:\\\/\\\/fuentesfidedignas.com.mx\\\/?s={search_term_string}\"},\"query-input\":{\"@type\":\"PropertyValueSpecification\",\"valueRequired\":true,\"valueName\":\"search_term_string\"}}],\"inLanguage\":\"es\"},{\"@type\":\"Organization\",\"@id\":\"https:\\\/\\\/fuentesfidedignas.com.mx\\\/#organization\",\"name\":\"Fuentes Fidedignas\",\"url\":\"https:\\\/\\\/fuentesfidedignas.com.mx\\\/\",\"logo\":{\"@type\":\"ImageObject\",\"inLanguage\":\"es\",\"@id\":\"https:\\\/\\\/fuentesfidedignas.com.mx\\\/#\\\/schema\\\/logo\\\/image\\\/\",\"url\":\"https:\\\/\\\/fuentesfidedignas.com.mx\\\/wp-content\\\/uploads\\\/2021\\\/04\\\/logo-retina.png\",\"contentUrl\":\"https:\\\/\\\/fuentesfidedignas.com.mx\\\/wp-content\\\/uploads\\\/2021\\\/04\\\/logo-retina.png\",\"width\":280,\"height\":51,\"caption\":\"Fuentes Fidedignas\"},\"image\":{\"@id\":\"https:\\\/\\\/fuentesfidedignas.com.mx\\\/#\\\/schema\\\/logo\\\/image\\\/\"},\"sameAs\":[\"https:\\\/\\\/www.facebook.com\\\/Fuentes-Fidedignas-368234489921644\",\"https:\\\/\\\/x.com\\\/fidedignas\"]},{\"@type\":\"Person\",\"@id\":\"https:\\\/\\\/fuentesfidedignas.com.mx\\\/#\\\/schema\\\/person\\\/331be9283d37198e2acd5750279085b0\",\"name\":\"Redacci\u00f3n\",\"image\":{\"@type\":\"ImageObject\",\"inLanguage\":\"es\",\"@id\":\"https:\\\/\\\/secure.gravatar.com\\\/avatar\\\/f6d8782c11d12b2d4ad3fbb6931aeab5309937a4d6cd2fc9cfaa28a6396a5aec?s=96&d=mm&r=g\",\"url\":\"https:\\\/\\\/secure.gravatar.com\\\/avatar\\\/f6d8782c11d12b2d4ad3fbb6931aeab5309937a4d6cd2fc9cfaa28a6396a5aec?s=96&d=mm&r=g\",\"contentUrl\":\"https:\\\/\\\/secure.gravatar.com\\\/avatar\\\/f6d8782c11d12b2d4ad3fbb6931aeab5309937a4d6cd2fc9cfaa28a6396a5aec?s=96&d=mm&r=g\",\"caption\":\"Redacci\u00f3n\"},\"url\":\"https:\\\/\\\/fuentesfidedignas.com.mx\\\/index.php\\\/author\\\/redaccion\\\/\"}]}<\/script>\n<!-- \/ Yoast SEO plugin. -->","yoast_head_json":{"title":"Protecci\u00f3n Civil realiza acciones en todos los municipios por Tormenta Tropical \u201cNorma\u201d - Fuentes Fidedignas","robots":{"index":"index","follow":"follow","max-snippet":"max-snippet:-1","max-image-preview":"max-image-preview:large","max-video-preview":"max-video-preview:-1"},"canonical":"https:\/\/fuentesfidedignas.com.mx\/index.php\/2023\/10\/22\/proteccion-civil-realiza-acciones-en-todos-los-municipios-por-tormenta-tropical-norma\/","og_locale":"es_MX","og_type":"article","og_title":"Protecci\u00f3n Civil realiza acciones en todos los municipios por Tormenta Tropical \u201cNorma\u201d - Fuentes Fidedignas","og_description":"El director de Protecci\u00f3n Civil Estatal Aurelio Roy Navarrete mencion\u00f3 que no ha habido afectaciones mayores en estructuras en ninguna parte de Sinaloa. Culiac\u00e1n, Sin.- Por instrucciones del gobernador Rub\u00e9n Rocha Moya, el Instituto Estatal de Protecci\u00f3n Civil encabezado por Aurelio Roy Navarrete contin\u00faa implementando medidas preventivas y de respuesta ante la Tormenta Tropical Norma. [&hellip;]","og_url":"https:\/\/fuentesfidedignas.com.mx\/index.php\/2023\/10\/22\/proteccion-civil-realiza-acciones-en-todos-los-municipios-por-tormenta-tropical-norma\/","og_site_name":"Fuentes Fidedignas","article_publisher":"https:\/\/www.facebook.com\/Fuentes-Fidedignas-368234489921644","article_published_time":"2023-10-23T00:59:39+00:00","article_modified_time":"2023-10-23T01:01:57+00:00","og_image":[{"width":1600,"height":1200,"url":"https:\/\/fuentesfidedignas.com.mx\/wp-content\/uploads\/2023\/10\/IMG-20231022-WA0078.jpg","type":"image\/jpeg"}],"author":"Redacci\u00f3n","twitter_card":"summary_large_image","twitter_creator":"@fidedignas","twitter_site":"@fidedignas","twitter_misc":{"Escrito por":"Redacci\u00f3n","Tiempo de lectura":"4 minutos"},"schema":{"@context":"https:\/\/schema.org","@graph":[{"@type":"Article","@id":"https:\/\/fuentesfidedignas.com.mx\/index.php\/2023\/10\/22\/proteccion-civil-realiza-acciones-en-todos-los-municipios-por-tormenta-tropical-norma\/#article","isPartOf":{"@id":"https:\/\/fuentesfidedignas.com.mx\/index.php\/2023\/10\/22\/proteccion-civil-realiza-acciones-en-todos-los-municipios-por-tormenta-tropical-norma\/"},"author":{"name":"Redacci\u00f3n","@id":"https:\/\/fuentesfidedignas.com.mx\/#\/schema\/person\/331be9283d37198e2acd5750279085b0"},"headline":"Protecci\u00f3n Civil realiza acciones en todos los municipios por Tormenta Tropical \u201cNorma\u201d","datePublished":"2023-10-23T00:59:39+00:00","dateModified":"2023-10-23T01:01:57+00:00","mainEntityOfPage":{"@id":"https:\/\/fuentesfidedignas.com.mx\/index.php\/2023\/10\/22\/proteccion-civil-realiza-acciones-en-todos-los-municipios-por-tormenta-tropical-norma\/"},"wordCount":586,"commentCount":0,"publisher":{"@id":"https:\/\/fuentesfidedignas.com.mx\/#organization"},"image":{"@id":"https:\/\/fuentesfidedignas.com.mx\/index.php\/2023\/10\/22\/proteccion-civil-realiza-acciones-en-todos-los-municipios-por-tormenta-tropical-norma\/#primaryimage"},"thumbnailUrl":"https:\/\/fuentesfidedignas.com.mx\/wp-content\/uploads\/2023\/10\/IMG-20231022-WA0078.jpg","articleSection":["NOTICIAS LOCALES"],"inLanguage":"es","potentialAction":[{"@type":"CommentAction","name":"Comment","target":["https:\/\/fuentesfidedignas.com.mx\/index.php\/2023\/10\/22\/proteccion-civil-realiza-acciones-en-todos-los-municipios-por-tormenta-tropical-norma\/#respond"]}]},{"@type":"WebPage","@id":"https:\/\/fuentesfidedignas.com.mx\/index.php\/2023\/10\/22\/proteccion-civil-realiza-acciones-en-todos-los-municipios-por-tormenta-tropical-norma\/","url":"https:\/\/fuentesfidedignas.com.mx\/index.php\/2023\/10\/22\/proteccion-civil-realiza-acciones-en-todos-los-municipios-por-tormenta-tropical-norma\/","name":"Protecci\u00f3n Civil realiza acciones en todos los municipios por Tormenta Tropical \u201cNorma\u201d - Fuentes Fidedignas","isPartOf":{"@id":"https:\/\/fuentesfidedignas.com.mx\/#website"},"primaryImageOfPage":{"@id":"https:\/\/fuentesfidedignas.com.mx\/index.php\/2023\/10\/22\/proteccion-civil-realiza-acciones-en-todos-los-municipios-por-tormenta-tropical-norma\/#primaryimage"},"image":{"@id":"https:\/\/fuentesfidedignas.com.mx\/index.php\/2023\/10\/22\/proteccion-civil-realiza-acciones-en-todos-los-municipios-por-tormenta-tropical-norma\/#primaryimage"},"thumbnailUrl":"https:\/\/fuentesfidedignas.com.mx\/wp-content\/uploads\/2023\/10\/IMG-20231022-WA0078.jpg","datePublished":"2023-10-23T00:59:39+00:00","dateModified":"2023-10-23T01:01:57+00:00","breadcrumb":{"@id":"https:\/\/fuentesfidedignas.com.mx\/index.php\/2023\/10\/22\/proteccion-civil-realiza-acciones-en-todos-los-municipios-por-tormenta-tropical-norma\/#breadcrumb"},"inLanguage":"es","potentialAction":[{"@type":"ReadAction","target":["https:\/\/fuentesfidedignas.com.mx\/index.php\/2023\/10\/22\/proteccion-civil-realiza-acciones-en-todos-los-municipios-por-tormenta-tropical-norma\/"]}]},{"@type":"ImageObject","inLanguage":"es","@id":"https:\/\/fuentesfidedignas.com.mx\/index.php\/2023\/10\/22\/proteccion-civil-realiza-acciones-en-todos-los-municipios-por-tormenta-tropical-norma\/#primaryimage","url":"https:\/\/fuentesfidedignas.com.mx\/wp-content\/uploads\/2023\/10\/IMG-20231022-WA0078.jpg","contentUrl":"https:\/\/fuentesfidedignas.com.mx\/wp-content\/uploads\/2023\/10\/IMG-20231022-WA0078.jpg","width":1600,"height":1200},{"@type":"BreadcrumbList","@id":"https:\/\/fuentesfidedignas.com.mx\/index.php\/2023\/10\/22\/proteccion-civil-realiza-acciones-en-todos-los-municipios-por-tormenta-tropical-norma\/#breadcrumb","itemListElement":[{"@type":"ListItem","position":1,"name":"Inicio","item":"https:\/\/fuentesfidedignas.com.mx\/"},{"@type":"ListItem","position":2,"name":"Protecci\u00f3n Civil realiza acciones en todos los municipios por Tormenta Tropical \u201cNorma\u201d"}]},{"@type":"WebSite","@id":"https:\/\/fuentesfidedignas.com.mx\/#website","url":"https:\/\/fuentesfidedignas.com.mx\/","name":"Fuentes Fidedignas","description":"Otro sitio realizado con WordPress","publisher":{"@id":"https:\/\/fuentesfidedignas.com.mx\/#organization"},"potentialAction":[{"@type":"SearchAction","target":{"@type":"EntryPoint","urlTemplate":"https:\/\/fuentesfidedignas.com.mx\/?s={search_term_string}"},"query-input":{"@type":"PropertyValueSpecification","valueRequired":true,"valueName":"search_term_string"}}],"inLanguage":"es"},{"@type":"Organization","@id":"https:\/\/fuentesfidedignas.com.mx\/#organization","name":"Fuentes Fidedignas","url":"https:\/\/fuentesfidedignas.com.mx\/","logo":{"@type":"ImageObject","inLanguage":"es","@id":"https:\/\/fuentesfidedignas.com.mx\/#\/schema\/logo\/image\/","url":"https:\/\/fuentesfidedignas.com.mx\/wp-content\/uploads\/2021\/04\/logo-retina.png","contentUrl":"https:\/\/fuentesfidedignas.com.mx\/wp-content\/uploads\/2021\/04\/logo-retina.png","width":280,"height":51,"caption":"Fuentes Fidedignas"},"image":{"@id":"https:\/\/fuentesfidedignas.com.mx\/#\/schema\/logo\/image\/"},"sameAs":["https:\/\/www.facebook.com\/Fuentes-Fidedignas-368234489921644","https:\/\/x.com\/fidedignas"]},{"@type":"Person","@id":"https:\/\/fuentesfidedignas.com.mx\/#\/schema\/person\/331be9283d37198e2acd5750279085b0","name":"Redacci\u00f3n","image":{"@type":"ImageObject","inLanguage":"es","@id":"https:\/\/secure.gravatar.com\/avatar\/f6d8782c11d12b2d4ad3fbb6931aeab5309937a4d6cd2fc9cfaa28a6396a5aec?s=96&d=mm&r=g","url":"https:\/\/secure.gravatar.com\/avatar\/f6d8782c11d12b2d4ad3fbb6931aeab5309937a4d6cd2fc9cfaa28a6396a5aec?s=96&d=mm&r=g","contentUrl":"https:\/\/secure.gravatar.com\/avatar\/f6d8782c11d12b2d4ad3fbb6931aeab5309937a4d6cd2fc9cfaa28a6396a5aec?s=96&d=mm&r=g","caption":"Redacci\u00f3n"},"url":"https:\/\/fuentesfidedignas.com.mx\/index.php\/author\/redaccion\/"}]}},"_links":{"self":[{"href":"https:\/\/fuentesfidedignas.com.mx\/index.php\/wp-json\/wp\/v2\/posts\/63376","targetHints":{"allow":["GET"]}}],"collection":[{"href":"https:\/\/fuentesfidedignas.com.mx\/index.php\/wp-json\/wp\/v2\/posts"}],"about":[{"href":"https:\/\/fuentesfidedignas.com.mx\/index.php\/wp-json\/wp\/v2\/types\/post"}],"author":[{"embeddable":true,"href":"https:\/\/fuentesfidedignas.com.mx\/index.php\/wp-json\/wp\/v2\/users\/4"}],"replies":[{"embeddable":true,"href":"https:\/\/fuentesfidedignas.com.mx\/index.php\/wp-json\/wp\/v2\/comments?post=63376"}],"version-history":[{"count":1,"href":"https:\/\/fuentesfidedignas.com.mx\/index.php\/wp-json\/wp\/v2\/posts\/63376\/revisions"}],"predecessor-version":[{"id":63382,"href":"https:\/\/fuentesfidedignas.com.mx\/index.php\/wp-json\/wp\/v2\/posts\/63376\/revisions\/63382"}],"wp:featuredmedia":[{"embeddable":true,"href":"https:\/\/fuentesfidedignas.com.mx\/index.php\/wp-json\/wp\/v2\/media\/63384"}],"wp:attachment":[{"href":"https:\/\/fuentesfidedignas.com.mx\/index.php\/wp-json\/wp\/v2\/media?parent=63376"}],"wp:term":[{"taxonomy":"category","embeddable":true,"href":"https:\/\/fuentesfidedignas.com.mx\/index.php\/wp-json\/wp\/v2\/categories?post=63376"},{"taxonomy":"post_tag","embeddable":true,"href":"https:\/\/fuentesfidedignas.com.mx\/index.php\/wp-json\/wp\/v2\/tags?post=63376"}],"curies":[{"name":"wp","href":"https:\/\/api.w.org\/{rel}","templated":true}]}}