{"id":63370,"date":"2023-10-22T17:42:21","date_gmt":"2023-10-23T00:42:21","guid":{"rendered":"https:\/\/fuentesfidedignas.com.mx\/?p=63370"},"modified":"2023-10-22T17:42:21","modified_gmt":"2023-10-23T00:42:21","slug":"la-inteligencia-artificial-y-la-instrumentalizacion-de-la-razon","status":"publish","type":"post","link":"https:\/\/fuentesfidedignas.com.mx\/index.php\/2023\/10\/22\/la-inteligencia-artificial-y-la-instrumentalizacion-de-la-razon\/","title":{"rendered":"La inteligencia Artificial y la instrumentalizaci\u00f3n de la raz\u00f3n"},"content":{"rendered":"\n<p>En el contexto del desarrollo y la implementaci\u00f3n de la inteligencia artificial, emerge la necesidad imperante de cuestionar los sesgos inherentes, las implicaciones \u00e9ticas subyacentes y los posibles riesgos asociados a dichos sistemas. Debemos, asimismo, evaluar de manera cr\u00edtica el impacto que estos ejercen en nuestra sociedad y en la vida cotidiana. En esta reflexi\u00f3n, el pensamiento cr\u00edtico adquiere un papel protag\u00f3nico, otorg\u00e1ndonos no solo el estatus de usuarios conscientes de la inteligencia artificial, sino tambi\u00e9n el de participantes activos en su concepci\u00f3n, regulaci\u00f3n y desarrollo.<\/p>\n\n\n\n<p>La cr\u00edtica a la instrumentalizaci\u00f3n adquiere una relevancia innegable en este contexto. Se plantea con \u00e9nfasis la forma en que la raz\u00f3n humana puede ser manipulada y empleada como una herramienta de control y dominaci\u00f3n. Observamos c\u00f3mo, en el \u00e1mbito de la inteligencia artificial, los algoritmos y sistemas automatizados est\u00e1n consolidando su poder de influencia sobre nuestras decisiones y vidas.<\/p>\n\n\n\n<p>La instrumentalizaci\u00f3n de la raz\u00f3n se manifiesta en m\u00faltiples facetas. Por un lado, somos testigos de c\u00f3mo los algoritmos y plataformas digitales manipulan y configuran nuestra percepci\u00f3n de la realidad, presentando informaci\u00f3n selectiva y filtrada de acuerdo con nuestros perfiles y preferencias. Este fen\u00f3meno puede conducir a una polarizaci\u00f3n de opiniones, a la creaci\u00f3n de burbujas informativas y a la supresi\u00f3n de voces cr\u00edticas.<\/p>\n\n\n\n<p>Adem\u00e1s, la inteligencia artificial es empleada en el \u00e1mbito del control y la vigilancia masiva. Los sistemas basados en esta tecnolog\u00eda recolectan y analizan nuestros datos personales, generando perfiles detallados que pueden ser utilizados para influir en nuestras decisiones y comportamientos.<\/p>\n\n\n\n<p>Desde la perspectiva est\u00e9tica de Theodore Adorno, se esboza una cr\u00edtica contundente de la cultura y la sociedad en la era de la industrializaci\u00f3n y la estandarizaci\u00f3n. Adorno sosten\u00eda que la cultura estaba subyugada por una l\u00f3gica instrumental que reduc\u00eda las manifestaciones art\u00edsticas y culturales a meros productos de consumo. Esta instrumentalizaci\u00f3n de la cultura y la raz\u00f3n implicaba la p\u00e9rdida de su potencial emancipador y cr\u00edtico, releg\u00e1ndola a un mero entretenimiento superficial.<\/p>\n\n\n\n<p>La inteligencia artificial, en su b\u00fasqueda de eficiencia y optimizaci\u00f3n, tiende a simplificar la complejidad y diversidad de la experiencia humana a algoritmos predefinidos y patrones predecibles. Esto puede resultar en una homogeneizaci\u00f3n de la cultura y la producci\u00f3n art\u00edstica, sacrificando la creatividad y singularidad en favor de la estandarizaci\u00f3n y rentabilidad.<\/p>\n\n\n\n<p>Adorno tambi\u00e9n se\u00f1alar\u00eda la tendencia de la inteligencia artificial a perpetuar y amplificar las desigualdades sociales existentes. Dado que los algoritmos se basan en datos hist\u00f3ricos, pueden reproducir y ampliar los sesgos y prejuicios inherentes a nuestra sociedad, perpetuando as\u00ed las estructuras de poder y discriminaci\u00f3n. Adem\u00e1s, la creciente dependencia de la inteligencia artificial en nuestras vidas cotidianas puede llevar a la alienaci\u00f3n y la p\u00e9rdida de autonom\u00eda, ya que nos vemos atrapados en un ciclo de consumo y conformidad impulsado por la l\u00f3gica instrumental.<\/p>\n\n\n\n<p>No obstante, existe la posibilidad de resistencia y emancipaci\u00f3n a trav\u00e9s de la experiencia est\u00e9tica. Tenemos el potencial de romper con la l\u00f3gica instrumental y desafiar la normatividad impuesta por la sociedad de consumo. Al abrazar la complejidad, la ambig\u00fcedad y la negatividad, podemos abrir espacios de cr\u00edtica y reflexi\u00f3n que nos permiten resistir la instrumentalizaci\u00f3n y buscar nuevas formas de pensar y actuar en el mundo.<\/p>\n\n\n\n<p>Por lo tanto, es imperativo preservar la autonom\u00eda y la capacidad reflexiva de los individuos frente a la influencia de la inteligencia artificial. Debemos cuestionar los sesgos y los intereses ocultos detr\u00e1s de los algoritmos, as\u00ed como promover una mayor transparencia y \u00e9tica en el desarrollo y la implementaci\u00f3n de la inteligencia artificial. No debemos aceptar acr\u00edticamente las narrativas impuestas por la tecnolog\u00eda. Se nos insta a resistir la l\u00f3gica de la instrumentalizaci\u00f3n y a mantener una postura reflexiva y emancipadora frente a la influencia de la inteligencia artificial en nuestras vidas.&nbsp;<\/p>\n\n\n\n<p><\/p>\n","protected":false},"excerpt":{"rendered":"<p>En el contexto del desarrollo y la implementaci\u00f3n de la inteligencia artificial, emerge la necesidad imperante de cuestionar los sesgos inherentes, las implicaciones \u00e9ticas subyacentes y los posibles riesgos asociados a dichos sistemas. Debemos, asimismo, evaluar de manera cr\u00edtica el impacto que estos ejercen en nuestra sociedad y en la vida cotidiana. En esta reflexi\u00f3n, [&hellip;]<\/p>\n","protected":false},"author":146,"featured_media":63371,"comment_status":"open","ping_status":"open","sticky":false,"template":"","format":"standard","meta":{"tdm_status":"","tdm_grid_status":"","footnotes":""},"categories":[3064,3089],"tags":[],"class_list":{"0":"post-63370","1":"post","2":"type-post","3":"status-publish","4":"format-standard","5":"has-post-thumbnail","7":"category-columnas","8":"category-nutriendo-la-mente"},"yoast_head":"<!-- This site is optimized with the Yoast SEO plugin v27.5 - https:\/\/yoast.com\/product\/yoast-seo-wordpress\/ -->\n<title>La inteligencia Artificial y la instrumentalizaci\u00f3n de la raz\u00f3n - Fuentes Fidedignas<\/title>\n<meta name=\"robots\" content=\"index, follow, max-snippet:-1, max-image-preview:large, max-video-preview:-1\" \/>\n<link rel=\"canonical\" href=\"https:\/\/fuentesfidedignas.com.mx\/index.php\/2023\/10\/22\/la-inteligencia-artificial-y-la-instrumentalizacion-de-la-razon\/\" \/>\n<meta property=\"og:locale\" content=\"es_MX\" \/>\n<meta property=\"og:type\" content=\"article\" \/>\n<meta property=\"og:title\" content=\"La inteligencia Artificial y la instrumentalizaci\u00f3n de la raz\u00f3n - Fuentes Fidedignas\" \/>\n<meta property=\"og:description\" content=\"En el contexto del desarrollo y la implementaci\u00f3n de la inteligencia artificial, emerge la necesidad imperante de cuestionar los sesgos inherentes, las implicaciones \u00e9ticas subyacentes y los posibles riesgos asociados a dichos sistemas. Debemos, asimismo, evaluar de manera cr\u00edtica el impacto que estos ejercen en nuestra sociedad y en la vida cotidiana. En esta reflexi\u00f3n, [&hellip;]\" \/>\n<meta property=\"og:url\" content=\"https:\/\/fuentesfidedignas.com.mx\/index.php\/2023\/10\/22\/la-inteligencia-artificial-y-la-instrumentalizacion-de-la-razon\/\" \/>\n<meta property=\"og:site_name\" content=\"Fuentes Fidedignas\" \/>\n<meta property=\"article:publisher\" content=\"https:\/\/www.facebook.com\/Fuentes-Fidedignas-368234489921644\" \/>\n<meta property=\"article:published_time\" content=\"2023-10-23T00:42:21+00:00\" \/>\n<meta property=\"og:image\" content=\"https:\/\/fuentesfidedignas.com.mx\/wp-content\/uploads\/2023\/10\/IMG_3427.jpg\" \/>\n\t<meta property=\"og:image:width\" content=\"1179\" \/>\n\t<meta property=\"og:image:height\" content=\"1337\" \/>\n\t<meta property=\"og:image:type\" content=\"image\/jpeg\" \/>\n<meta name=\"author\" content=\"Mtro. Horacio de Jes\u00fas Malcampo Moreno\" \/>\n<meta name=\"twitter:card\" content=\"summary_large_image\" \/>\n<meta name=\"twitter:creator\" content=\"@fidedignas\" \/>\n<meta name=\"twitter:site\" content=\"@fidedignas\" \/>\n<meta name=\"twitter:label1\" content=\"Escrito por\" \/>\n\t<meta name=\"twitter:data1\" content=\"Mtro. Horacio de Jes\u00fas Malcampo Moreno\" \/>\n\t<meta name=\"twitter:label2\" content=\"Tiempo de lectura\" \/>\n\t<meta name=\"twitter:data2\" content=\"3 minutos\" \/>\n<script type=\"application\/ld+json\" class=\"yoast-schema-graph\">{\"@context\":\"https:\\\/\\\/schema.org\",\"@graph\":[{\"@type\":\"Article\",\"@id\":\"https:\\\/\\\/fuentesfidedignas.com.mx\\\/index.php\\\/2023\\\/10\\\/22\\\/la-inteligencia-artificial-y-la-instrumentalizacion-de-la-razon\\\/#article\",\"isPartOf\":{\"@id\":\"https:\\\/\\\/fuentesfidedignas.com.mx\\\/index.php\\\/2023\\\/10\\\/22\\\/la-inteligencia-artificial-y-la-instrumentalizacion-de-la-razon\\\/\"},\"author\":{\"name\":\"Mtro. Horacio de Jes\u00fas Malcampo Moreno\",\"@id\":\"https:\\\/\\\/fuentesfidedignas.com.mx\\\/#\\\/schema\\\/person\\\/3f687c55082c557a647c7836bde45728\"},\"headline\":\"La inteligencia Artificial y la instrumentalizaci\u00f3n de la raz\u00f3n\",\"datePublished\":\"2023-10-23T00:42:21+00:00\",\"mainEntityOfPage\":{\"@id\":\"https:\\\/\\\/fuentesfidedignas.com.mx\\\/index.php\\\/2023\\\/10\\\/22\\\/la-inteligencia-artificial-y-la-instrumentalizacion-de-la-razon\\\/\"},\"wordCount\":704,\"commentCount\":0,\"publisher\":{\"@id\":\"https:\\\/\\\/fuentesfidedignas.com.mx\\\/#organization\"},\"image\":{\"@id\":\"https:\\\/\\\/fuentesfidedignas.com.mx\\\/index.php\\\/2023\\\/10\\\/22\\\/la-inteligencia-artificial-y-la-instrumentalizacion-de-la-razon\\\/#primaryimage\"},\"thumbnailUrl\":\"https:\\\/\\\/fuentesfidedignas.com.mx\\\/wp-content\\\/uploads\\\/2023\\\/10\\\/IMG_3427.jpg\",\"articleSection\":[\"COLUMNAS\",\"NUTRIENDO LA MENTE\"],\"inLanguage\":\"es\",\"potentialAction\":[{\"@type\":\"CommentAction\",\"name\":\"Comment\",\"target\":[\"https:\\\/\\\/fuentesfidedignas.com.mx\\\/index.php\\\/2023\\\/10\\\/22\\\/la-inteligencia-artificial-y-la-instrumentalizacion-de-la-razon\\\/#respond\"]}]},{\"@type\":\"WebPage\",\"@id\":\"https:\\\/\\\/fuentesfidedignas.com.mx\\\/index.php\\\/2023\\\/10\\\/22\\\/la-inteligencia-artificial-y-la-instrumentalizacion-de-la-razon\\\/\",\"url\":\"https:\\\/\\\/fuentesfidedignas.com.mx\\\/index.php\\\/2023\\\/10\\\/22\\\/la-inteligencia-artificial-y-la-instrumentalizacion-de-la-razon\\\/\",\"name\":\"La inteligencia Artificial y la instrumentalizaci\u00f3n de la raz\u00f3n - Fuentes Fidedignas\",\"isPartOf\":{\"@id\":\"https:\\\/\\\/fuentesfidedignas.com.mx\\\/#website\"},\"primaryImageOfPage\":{\"@id\":\"https:\\\/\\\/fuentesfidedignas.com.mx\\\/index.php\\\/2023\\\/10\\\/22\\\/la-inteligencia-artificial-y-la-instrumentalizacion-de-la-razon\\\/#primaryimage\"},\"image\":{\"@id\":\"https:\\\/\\\/fuentesfidedignas.com.mx\\\/index.php\\\/2023\\\/10\\\/22\\\/la-inteligencia-artificial-y-la-instrumentalizacion-de-la-razon\\\/#primaryimage\"},\"thumbnailUrl\":\"https:\\\/\\\/fuentesfidedignas.com.mx\\\/wp-content\\\/uploads\\\/2023\\\/10\\\/IMG_3427.jpg\",\"datePublished\":\"2023-10-23T00:42:21+00:00\",\"breadcrumb\":{\"@id\":\"https:\\\/\\\/fuentesfidedignas.com.mx\\\/index.php\\\/2023\\\/10\\\/22\\\/la-inteligencia-artificial-y-la-instrumentalizacion-de-la-razon\\\/#breadcrumb\"},\"inLanguage\":\"es\",\"potentialAction\":[{\"@type\":\"ReadAction\",\"target\":[\"https:\\\/\\\/fuentesfidedignas.com.mx\\\/index.php\\\/2023\\\/10\\\/22\\\/la-inteligencia-artificial-y-la-instrumentalizacion-de-la-razon\\\/\"]}]},{\"@type\":\"ImageObject\",\"inLanguage\":\"es\",\"@id\":\"https:\\\/\\\/fuentesfidedignas.com.mx\\\/index.php\\\/2023\\\/10\\\/22\\\/la-inteligencia-artificial-y-la-instrumentalizacion-de-la-razon\\\/#primaryimage\",\"url\":\"https:\\\/\\\/fuentesfidedignas.com.mx\\\/wp-content\\\/uploads\\\/2023\\\/10\\\/IMG_3427.jpg\",\"contentUrl\":\"https:\\\/\\\/fuentesfidedignas.com.mx\\\/wp-content\\\/uploads\\\/2023\\\/10\\\/IMG_3427.jpg\",\"width\":1179,\"height\":1337},{\"@type\":\"BreadcrumbList\",\"@id\":\"https:\\\/\\\/fuentesfidedignas.com.mx\\\/index.php\\\/2023\\\/10\\\/22\\\/la-inteligencia-artificial-y-la-instrumentalizacion-de-la-razon\\\/#breadcrumb\",\"itemListElement\":[{\"@type\":\"ListItem\",\"position\":1,\"name\":\"Inicio\",\"item\":\"https:\\\/\\\/fuentesfidedignas.com.mx\\\/\"},{\"@type\":\"ListItem\",\"position\":2,\"name\":\"La inteligencia Artificial y la instrumentalizaci\u00f3n de la raz\u00f3n\"}]},{\"@type\":\"WebSite\",\"@id\":\"https:\\\/\\\/fuentesfidedignas.com.mx\\\/#website\",\"url\":\"https:\\\/\\\/fuentesfidedignas.com.mx\\\/\",\"name\":\"Fuentes Fidedignas\",\"description\":\"Otro sitio realizado con WordPress\",\"publisher\":{\"@id\":\"https:\\\/\\\/fuentesfidedignas.com.mx\\\/#organization\"},\"potentialAction\":[{\"@type\":\"SearchAction\",\"target\":{\"@type\":\"EntryPoint\",\"urlTemplate\":\"https:\\\/\\\/fuentesfidedignas.com.mx\\\/?s={search_term_string}\"},\"query-input\":{\"@type\":\"PropertyValueSpecification\",\"valueRequired\":true,\"valueName\":\"search_term_string\"}}],\"inLanguage\":\"es\"},{\"@type\":\"Organization\",\"@id\":\"https:\\\/\\\/fuentesfidedignas.com.mx\\\/#organization\",\"name\":\"Fuentes Fidedignas\",\"url\":\"https:\\\/\\\/fuentesfidedignas.com.mx\\\/\",\"logo\":{\"@type\":\"ImageObject\",\"inLanguage\":\"es\",\"@id\":\"https:\\\/\\\/fuentesfidedignas.com.mx\\\/#\\\/schema\\\/logo\\\/image\\\/\",\"url\":\"https:\\\/\\\/fuentesfidedignas.com.mx\\\/wp-content\\\/uploads\\\/2021\\\/04\\\/logo-retina.png\",\"contentUrl\":\"https:\\\/\\\/fuentesfidedignas.com.mx\\\/wp-content\\\/uploads\\\/2021\\\/04\\\/logo-retina.png\",\"width\":280,\"height\":51,\"caption\":\"Fuentes Fidedignas\"},\"image\":{\"@id\":\"https:\\\/\\\/fuentesfidedignas.com.mx\\\/#\\\/schema\\\/logo\\\/image\\\/\"},\"sameAs\":[\"https:\\\/\\\/www.facebook.com\\\/Fuentes-Fidedignas-368234489921644\",\"https:\\\/\\\/x.com\\\/fidedignas\"]},{\"@type\":\"Person\",\"@id\":\"https:\\\/\\\/fuentesfidedignas.com.mx\\\/#\\\/schema\\\/person\\\/3f687c55082c557a647c7836bde45728\",\"name\":\"Mtro. Horacio de Jes\u00fas Malcampo Moreno\",\"image\":{\"@type\":\"ImageObject\",\"inLanguage\":\"es\",\"@id\":\"https:\\\/\\\/secure.gravatar.com\\\/avatar\\\/21fd667a5b9de079d383e44390566d4c728a6ce47b9b5e8419c61f1b793461ac?s=96&d=mm&r=g\",\"url\":\"https:\\\/\\\/secure.gravatar.com\\\/avatar\\\/21fd667a5b9de079d383e44390566d4c728a6ce47b9b5e8419c61f1b793461ac?s=96&d=mm&r=g\",\"contentUrl\":\"https:\\\/\\\/secure.gravatar.com\\\/avatar\\\/21fd667a5b9de079d383e44390566d4c728a6ce47b9b5e8419c61f1b793461ac?s=96&d=mm&r=g\",\"caption\":\"Mtro. Horacio de Jes\u00fas Malcampo Moreno\"},\"url\":\"https:\\\/\\\/fuentesfidedignas.com.mx\\\/index.php\\\/author\\\/horacio\\\/\"}]}<\/script>\n<!-- \/ Yoast SEO plugin. -->","yoast_head_json":{"title":"La inteligencia Artificial y la instrumentalizaci\u00f3n de la raz\u00f3n - Fuentes Fidedignas","robots":{"index":"index","follow":"follow","max-snippet":"max-snippet:-1","max-image-preview":"max-image-preview:large","max-video-preview":"max-video-preview:-1"},"canonical":"https:\/\/fuentesfidedignas.com.mx\/index.php\/2023\/10\/22\/la-inteligencia-artificial-y-la-instrumentalizacion-de-la-razon\/","og_locale":"es_MX","og_type":"article","og_title":"La inteligencia Artificial y la instrumentalizaci\u00f3n de la raz\u00f3n - Fuentes Fidedignas","og_description":"En el contexto del desarrollo y la implementaci\u00f3n de la inteligencia artificial, emerge la necesidad imperante de cuestionar los sesgos inherentes, las implicaciones \u00e9ticas subyacentes y los posibles riesgos asociados a dichos sistemas. Debemos, asimismo, evaluar de manera cr\u00edtica el impacto que estos ejercen en nuestra sociedad y en la vida cotidiana. En esta reflexi\u00f3n, [&hellip;]","og_url":"https:\/\/fuentesfidedignas.com.mx\/index.php\/2023\/10\/22\/la-inteligencia-artificial-y-la-instrumentalizacion-de-la-razon\/","og_site_name":"Fuentes Fidedignas","article_publisher":"https:\/\/www.facebook.com\/Fuentes-Fidedignas-368234489921644","article_published_time":"2023-10-23T00:42:21+00:00","og_image":[{"width":1179,"height":1337,"url":"https:\/\/fuentesfidedignas.com.mx\/wp-content\/uploads\/2023\/10\/IMG_3427.jpg","type":"image\/jpeg"}],"author":"Mtro. Horacio de Jes\u00fas Malcampo Moreno","twitter_card":"summary_large_image","twitter_creator":"@fidedignas","twitter_site":"@fidedignas","twitter_misc":{"Escrito por":"Mtro. Horacio de Jes\u00fas Malcampo Moreno","Tiempo de lectura":"3 minutos"},"schema":{"@context":"https:\/\/schema.org","@graph":[{"@type":"Article","@id":"https:\/\/fuentesfidedignas.com.mx\/index.php\/2023\/10\/22\/la-inteligencia-artificial-y-la-instrumentalizacion-de-la-razon\/#article","isPartOf":{"@id":"https:\/\/fuentesfidedignas.com.mx\/index.php\/2023\/10\/22\/la-inteligencia-artificial-y-la-instrumentalizacion-de-la-razon\/"},"author":{"name":"Mtro. Horacio de Jes\u00fas Malcampo Moreno","@id":"https:\/\/fuentesfidedignas.com.mx\/#\/schema\/person\/3f687c55082c557a647c7836bde45728"},"headline":"La inteligencia Artificial y la instrumentalizaci\u00f3n de la raz\u00f3n","datePublished":"2023-10-23T00:42:21+00:00","mainEntityOfPage":{"@id":"https:\/\/fuentesfidedignas.com.mx\/index.php\/2023\/10\/22\/la-inteligencia-artificial-y-la-instrumentalizacion-de-la-razon\/"},"wordCount":704,"commentCount":0,"publisher":{"@id":"https:\/\/fuentesfidedignas.com.mx\/#organization"},"image":{"@id":"https:\/\/fuentesfidedignas.com.mx\/index.php\/2023\/10\/22\/la-inteligencia-artificial-y-la-instrumentalizacion-de-la-razon\/#primaryimage"},"thumbnailUrl":"https:\/\/fuentesfidedignas.com.mx\/wp-content\/uploads\/2023\/10\/IMG_3427.jpg","articleSection":["COLUMNAS","NUTRIENDO LA MENTE"],"inLanguage":"es","potentialAction":[{"@type":"CommentAction","name":"Comment","target":["https:\/\/fuentesfidedignas.com.mx\/index.php\/2023\/10\/22\/la-inteligencia-artificial-y-la-instrumentalizacion-de-la-razon\/#respond"]}]},{"@type":"WebPage","@id":"https:\/\/fuentesfidedignas.com.mx\/index.php\/2023\/10\/22\/la-inteligencia-artificial-y-la-instrumentalizacion-de-la-razon\/","url":"https:\/\/fuentesfidedignas.com.mx\/index.php\/2023\/10\/22\/la-inteligencia-artificial-y-la-instrumentalizacion-de-la-razon\/","name":"La inteligencia Artificial y la instrumentalizaci\u00f3n de la raz\u00f3n - Fuentes Fidedignas","isPartOf":{"@id":"https:\/\/fuentesfidedignas.com.mx\/#website"},"primaryImageOfPage":{"@id":"https:\/\/fuentesfidedignas.com.mx\/index.php\/2023\/10\/22\/la-inteligencia-artificial-y-la-instrumentalizacion-de-la-razon\/#primaryimage"},"image":{"@id":"https:\/\/fuentesfidedignas.com.mx\/index.php\/2023\/10\/22\/la-inteligencia-artificial-y-la-instrumentalizacion-de-la-razon\/#primaryimage"},"thumbnailUrl":"https:\/\/fuentesfidedignas.com.mx\/wp-content\/uploads\/2023\/10\/IMG_3427.jpg","datePublished":"2023-10-23T00:42:21+00:00","breadcrumb":{"@id":"https:\/\/fuentesfidedignas.com.mx\/index.php\/2023\/10\/22\/la-inteligencia-artificial-y-la-instrumentalizacion-de-la-razon\/#breadcrumb"},"inLanguage":"es","potentialAction":[{"@type":"ReadAction","target":["https:\/\/fuentesfidedignas.com.mx\/index.php\/2023\/10\/22\/la-inteligencia-artificial-y-la-instrumentalizacion-de-la-razon\/"]}]},{"@type":"ImageObject","inLanguage":"es","@id":"https:\/\/fuentesfidedignas.com.mx\/index.php\/2023\/10\/22\/la-inteligencia-artificial-y-la-instrumentalizacion-de-la-razon\/#primaryimage","url":"https:\/\/fuentesfidedignas.com.mx\/wp-content\/uploads\/2023\/10\/IMG_3427.jpg","contentUrl":"https:\/\/fuentesfidedignas.com.mx\/wp-content\/uploads\/2023\/10\/IMG_3427.jpg","width":1179,"height":1337},{"@type":"BreadcrumbList","@id":"https:\/\/fuentesfidedignas.com.mx\/index.php\/2023\/10\/22\/la-inteligencia-artificial-y-la-instrumentalizacion-de-la-razon\/#breadcrumb","itemListElement":[{"@type":"ListItem","position":1,"name":"Inicio","item":"https:\/\/fuentesfidedignas.com.mx\/"},{"@type":"ListItem","position":2,"name":"La inteligencia Artificial y la instrumentalizaci\u00f3n de la raz\u00f3n"}]},{"@type":"WebSite","@id":"https:\/\/fuentesfidedignas.com.mx\/#website","url":"https:\/\/fuentesfidedignas.com.mx\/","name":"Fuentes Fidedignas","description":"Otro sitio realizado con WordPress","publisher":{"@id":"https:\/\/fuentesfidedignas.com.mx\/#organization"},"potentialAction":[{"@type":"SearchAction","target":{"@type":"EntryPoint","urlTemplate":"https:\/\/fuentesfidedignas.com.mx\/?s={search_term_string}"},"query-input":{"@type":"PropertyValueSpecification","valueRequired":true,"valueName":"search_term_string"}}],"inLanguage":"es"},{"@type":"Organization","@id":"https:\/\/fuentesfidedignas.com.mx\/#organization","name":"Fuentes Fidedignas","url":"https:\/\/fuentesfidedignas.com.mx\/","logo":{"@type":"ImageObject","inLanguage":"es","@id":"https:\/\/fuentesfidedignas.com.mx\/#\/schema\/logo\/image\/","url":"https:\/\/fuentesfidedignas.com.mx\/wp-content\/uploads\/2021\/04\/logo-retina.png","contentUrl":"https:\/\/fuentesfidedignas.com.mx\/wp-content\/uploads\/2021\/04\/logo-retina.png","width":280,"height":51,"caption":"Fuentes Fidedignas"},"image":{"@id":"https:\/\/fuentesfidedignas.com.mx\/#\/schema\/logo\/image\/"},"sameAs":["https:\/\/www.facebook.com\/Fuentes-Fidedignas-368234489921644","https:\/\/x.com\/fidedignas"]},{"@type":"Person","@id":"https:\/\/fuentesfidedignas.com.mx\/#\/schema\/person\/3f687c55082c557a647c7836bde45728","name":"Mtro. Horacio de Jes\u00fas Malcampo Moreno","image":{"@type":"ImageObject","inLanguage":"es","@id":"https:\/\/secure.gravatar.com\/avatar\/21fd667a5b9de079d383e44390566d4c728a6ce47b9b5e8419c61f1b793461ac?s=96&d=mm&r=g","url":"https:\/\/secure.gravatar.com\/avatar\/21fd667a5b9de079d383e44390566d4c728a6ce47b9b5e8419c61f1b793461ac?s=96&d=mm&r=g","contentUrl":"https:\/\/secure.gravatar.com\/avatar\/21fd667a5b9de079d383e44390566d4c728a6ce47b9b5e8419c61f1b793461ac?s=96&d=mm&r=g","caption":"Mtro. Horacio de Jes\u00fas Malcampo Moreno"},"url":"https:\/\/fuentesfidedignas.com.mx\/index.php\/author\/horacio\/"}]}},"_links":{"self":[{"href":"https:\/\/fuentesfidedignas.com.mx\/index.php\/wp-json\/wp\/v2\/posts\/63370","targetHints":{"allow":["GET"]}}],"collection":[{"href":"https:\/\/fuentesfidedignas.com.mx\/index.php\/wp-json\/wp\/v2\/posts"}],"about":[{"href":"https:\/\/fuentesfidedignas.com.mx\/index.php\/wp-json\/wp\/v2\/types\/post"}],"author":[{"embeddable":true,"href":"https:\/\/fuentesfidedignas.com.mx\/index.php\/wp-json\/wp\/v2\/users\/146"}],"replies":[{"embeddable":true,"href":"https:\/\/fuentesfidedignas.com.mx\/index.php\/wp-json\/wp\/v2\/comments?post=63370"}],"version-history":[{"count":1,"href":"https:\/\/fuentesfidedignas.com.mx\/index.php\/wp-json\/wp\/v2\/posts\/63370\/revisions"}],"predecessor-version":[{"id":63372,"href":"https:\/\/fuentesfidedignas.com.mx\/index.php\/wp-json\/wp\/v2\/posts\/63370\/revisions\/63372"}],"wp:featuredmedia":[{"embeddable":true,"href":"https:\/\/fuentesfidedignas.com.mx\/index.php\/wp-json\/wp\/v2\/media\/63371"}],"wp:attachment":[{"href":"https:\/\/fuentesfidedignas.com.mx\/index.php\/wp-json\/wp\/v2\/media?parent=63370"}],"wp:term":[{"taxonomy":"category","embeddable":true,"href":"https:\/\/fuentesfidedignas.com.mx\/index.php\/wp-json\/wp\/v2\/categories?post=63370"},{"taxonomy":"post_tag","embeddable":true,"href":"https:\/\/fuentesfidedignas.com.mx\/index.php\/wp-json\/wp\/v2\/tags?post=63370"}],"curies":[{"name":"wp","href":"https:\/\/api.w.org\/{rel}","templated":true}]}}