{"id":63331,"date":"2023-10-22T14:37:45","date_gmt":"2023-10-22T21:37:45","guid":{"rendered":"https:\/\/fuentesfidedignas.com.mx\/?p=63331"},"modified":"2023-10-22T16:02:25","modified_gmt":"2023-10-22T23:02:25","slug":"vinculan-a-proceso-a-manuel-por-feminicidio-de-su-pareja-embaraza-de-villa-juarez","status":"publish","type":"post","link":"https:\/\/fuentesfidedignas.com.mx\/index.php\/2023\/10\/22\/vinculan-a-proceso-a-manuel-por-feminicidio-de-su-pareja-embaraza-de-villa-juarez\/","title":{"rendered":"Vinculan a proceso a Manuel por feminicidio de su pareja embaraza de Villa Ju\u00e1rez"},"content":{"rendered":"\n<p><\/p>\n\n\n\n<p><strong><em>Este domingo se llev\u00f3 a cabo audiencia inicial de formulaci\u00f3n de imputaci\u00f3n<\/em><\/strong><\/p>\n\n\n\n<p>Culiac\u00e1n, Sin.- Manuel Antonio &#8220;C&#8221;, quien este domingo fue imputado en el feminicidio agravado en contra de su pareja sentimental, una joven de 17 a\u00f1os menor de edad con resguardo de identidad, qued\u00f3 en prisi\u00f3n preventiva en tanto se resuelve su situaci\u00f3n jur\u00eddica.<\/p>\n\n\n\n<p>En audiencia inicial de la causa penal 1056\/2023 celebrada este domingo en la Sede de Justicia Penal, Acusatoria y Oral zona Centro la Fiscal\u00eda General del Estado a trav\u00e9s del Ministerio P\u00fablico formul\u00f3 imputaci\u00f3n y solicit\u00f3 la vinculaci\u00f3n a proceso.<\/p>\n\n\n\n<p>Sin embargo, la defensa de Manuel Antonio solicit\u00f3 la duplicidad del t\u00e9rmino constitucional por lo que ser\u00e1 hasta el viernes 27 de octubre a las 9:30 horas cuando se realice continuaci\u00f3n de audiencia y se emita una resoluci\u00f3n.<\/p>\n\n\n\n<p>Fue el pasado 20 de octubre cuando en el interior de una cuarter\u00eda de renta en la comunidad de Villa Ju\u00e1rez, Navolato donde el hoy acusado arremeti\u00f3 a golpes contra la su pareja menor de edad quien adem\u00e1s estaba embarazada de 5 meses.<\/p>\n","protected":false},"excerpt":{"rendered":"<p>Este domingo se llev\u00f3 a cabo audiencia inicial de formulaci\u00f3n de imputaci\u00f3n Culiac\u00e1n, Sin.- Manuel Antonio &#8220;C&#8221;, quien este domingo fue imputado en el feminicidio agravado en contra de su pareja sentimental, una joven de 17 a\u00f1os menor de edad con resguardo de identidad, qued\u00f3 en prisi\u00f3n preventiva en tanto se resuelve su situaci\u00f3n jur\u00eddica. [&hellip;]<\/p>\n","protected":false},"author":4,"featured_media":62978,"comment_status":"open","ping_status":"open","sticky":false,"template":"","format":"standard","meta":{"tdm_status":"","tdm_grid_status":"","footnotes":""},"categories":[37,1],"tags":[],"class_list":{"0":"post-63331","1":"post","2":"type-post","3":"status-publish","4":"format-standard","5":"has-post-thumbnail","7":"category-nota-principal","8":"category-sin-categoria"},"yoast_head":"<!-- This site is optimized with the Yoast SEO plugin v27.5 - https:\/\/yoast.com\/product\/yoast-seo-wordpress\/ -->\n<title>Vinculan a proceso a Manuel por feminicidio de su pareja embaraza de Villa Ju\u00e1rez - Fuentes Fidedignas<\/title>\n<meta name=\"robots\" content=\"index, follow, max-snippet:-1, max-image-preview:large, max-video-preview:-1\" \/>\n<link rel=\"canonical\" href=\"https:\/\/fuentesfidedignas.com.mx\/index.php\/2023\/10\/22\/vinculan-a-proceso-a-manuel-por-feminicidio-de-su-pareja-embaraza-de-villa-juarez\/\" \/>\n<meta property=\"og:locale\" content=\"es_MX\" \/>\n<meta property=\"og:type\" content=\"article\" \/>\n<meta property=\"og:title\" content=\"Vinculan a proceso a Manuel por feminicidio de su pareja embaraza de Villa Ju\u00e1rez - Fuentes Fidedignas\" \/>\n<meta property=\"og:description\" content=\"Este domingo se llev\u00f3 a cabo audiencia inicial de formulaci\u00f3n de imputaci\u00f3n Culiac\u00e1n, Sin.- Manuel Antonio &#8220;C&#8221;, quien este domingo fue imputado en el feminicidio agravado en contra de su pareja sentimental, una joven de 17 a\u00f1os menor de edad con resguardo de identidad, qued\u00f3 en prisi\u00f3n preventiva en tanto se resuelve su situaci\u00f3n jur\u00eddica. [&hellip;]\" \/>\n<meta property=\"og:url\" content=\"https:\/\/fuentesfidedignas.com.mx\/index.php\/2023\/10\/22\/vinculan-a-proceso-a-manuel-por-feminicidio-de-su-pareja-embaraza-de-villa-juarez\/\" \/>\n<meta property=\"og:site_name\" content=\"Fuentes Fidedignas\" \/>\n<meta property=\"article:publisher\" content=\"https:\/\/www.facebook.com\/Fuentes-Fidedignas-368234489921644\" \/>\n<meta property=\"article:published_time\" content=\"2023-10-22T21:37:45+00:00\" \/>\n<meta property=\"article:modified_time\" content=\"2023-10-22T23:02:25+00:00\" \/>\n<meta property=\"og:image\" content=\"https:\/\/fuentesfidedignas.com.mx\/wp-content\/uploads\/2023\/10\/images.jpeg\" \/>\n\t<meta property=\"og:image:width\" content=\"651\" \/>\n\t<meta property=\"og:image:height\" content=\"400\" \/>\n\t<meta property=\"og:image:type\" content=\"image\/jpeg\" \/>\n<meta name=\"author\" content=\"Redacci\u00f3n\" \/>\n<meta name=\"twitter:card\" content=\"summary_large_image\" \/>\n<meta name=\"twitter:creator\" content=\"@fidedignas\" \/>\n<meta name=\"twitter:site\" content=\"@fidedignas\" \/>\n<meta name=\"twitter:label1\" content=\"Escrito por\" \/>\n\t<meta name=\"twitter:data1\" content=\"Redacci\u00f3n\" \/>\n\t<meta name=\"twitter:label2\" content=\"Tiempo de lectura\" \/>\n\t<meta name=\"twitter:data2\" content=\"1 minuto\" \/>\n<script type=\"application\/ld+json\" class=\"yoast-schema-graph\">{\"@context\":\"https:\\\/\\\/schema.org\",\"@graph\":[{\"@type\":\"Article\",\"@id\":\"https:\\\/\\\/fuentesfidedignas.com.mx\\\/index.php\\\/2023\\\/10\\\/22\\\/vinculan-a-proceso-a-manuel-por-feminicidio-de-su-pareja-embaraza-de-villa-juarez\\\/#article\",\"isPartOf\":{\"@id\":\"https:\\\/\\\/fuentesfidedignas.com.mx\\\/index.php\\\/2023\\\/10\\\/22\\\/vinculan-a-proceso-a-manuel-por-feminicidio-de-su-pareja-embaraza-de-villa-juarez\\\/\"},\"author\":{\"name\":\"Redacci\u00f3n\",\"@id\":\"https:\\\/\\\/fuentesfidedignas.com.mx\\\/#\\\/schema\\\/person\\\/331be9283d37198e2acd5750279085b0\"},\"headline\":\"Vinculan a proceso a Manuel por feminicidio de su pareja embaraza de Villa Ju\u00e1rez\",\"datePublished\":\"2023-10-22T21:37:45+00:00\",\"dateModified\":\"2023-10-22T23:02:25+00:00\",\"mainEntityOfPage\":{\"@id\":\"https:\\\/\\\/fuentesfidedignas.com.mx\\\/index.php\\\/2023\\\/10\\\/22\\\/vinculan-a-proceso-a-manuel-por-feminicidio-de-su-pareja-embaraza-de-villa-juarez\\\/\"},\"wordCount\":204,\"commentCount\":0,\"publisher\":{\"@id\":\"https:\\\/\\\/fuentesfidedignas.com.mx\\\/#organization\"},\"image\":{\"@id\":\"https:\\\/\\\/fuentesfidedignas.com.mx\\\/index.php\\\/2023\\\/10\\\/22\\\/vinculan-a-proceso-a-manuel-por-feminicidio-de-su-pareja-embaraza-de-villa-juarez\\\/#primaryimage\"},\"thumbnailUrl\":\"https:\\\/\\\/fuentesfidedignas.com.mx\\\/wp-content\\\/uploads\\\/2023\\\/10\\\/images.jpeg\",\"articleSection\":[\"NOTA PRINCIPAL\"],\"inLanguage\":\"es\",\"potentialAction\":[{\"@type\":\"CommentAction\",\"name\":\"Comment\",\"target\":[\"https:\\\/\\\/fuentesfidedignas.com.mx\\\/index.php\\\/2023\\\/10\\\/22\\\/vinculan-a-proceso-a-manuel-por-feminicidio-de-su-pareja-embaraza-de-villa-juarez\\\/#respond\"]}]},{\"@type\":\"WebPage\",\"@id\":\"https:\\\/\\\/fuentesfidedignas.com.mx\\\/index.php\\\/2023\\\/10\\\/22\\\/vinculan-a-proceso-a-manuel-por-feminicidio-de-su-pareja-embaraza-de-villa-juarez\\\/\",\"url\":\"https:\\\/\\\/fuentesfidedignas.com.mx\\\/index.php\\\/2023\\\/10\\\/22\\\/vinculan-a-proceso-a-manuel-por-feminicidio-de-su-pareja-embaraza-de-villa-juarez\\\/\",\"name\":\"Vinculan a proceso a Manuel por feminicidio de su pareja embaraza de Villa Ju\u00e1rez - Fuentes Fidedignas\",\"isPartOf\":{\"@id\":\"https:\\\/\\\/fuentesfidedignas.com.mx\\\/#website\"},\"primaryImageOfPage\":{\"@id\":\"https:\\\/\\\/fuentesfidedignas.com.mx\\\/index.php\\\/2023\\\/10\\\/22\\\/vinculan-a-proceso-a-manuel-por-feminicidio-de-su-pareja-embaraza-de-villa-juarez\\\/#primaryimage\"},\"image\":{\"@id\":\"https:\\\/\\\/fuentesfidedignas.com.mx\\\/index.php\\\/2023\\\/10\\\/22\\\/vinculan-a-proceso-a-manuel-por-feminicidio-de-su-pareja-embaraza-de-villa-juarez\\\/#primaryimage\"},\"thumbnailUrl\":\"https:\\\/\\\/fuentesfidedignas.com.mx\\\/wp-content\\\/uploads\\\/2023\\\/10\\\/images.jpeg\",\"datePublished\":\"2023-10-22T21:37:45+00:00\",\"dateModified\":\"2023-10-22T23:02:25+00:00\",\"breadcrumb\":{\"@id\":\"https:\\\/\\\/fuentesfidedignas.com.mx\\\/index.php\\\/2023\\\/10\\\/22\\\/vinculan-a-proceso-a-manuel-por-feminicidio-de-su-pareja-embaraza-de-villa-juarez\\\/#breadcrumb\"},\"inLanguage\":\"es\",\"potentialAction\":[{\"@type\":\"ReadAction\",\"target\":[\"https:\\\/\\\/fuentesfidedignas.com.mx\\\/index.php\\\/2023\\\/10\\\/22\\\/vinculan-a-proceso-a-manuel-por-feminicidio-de-su-pareja-embaraza-de-villa-juarez\\\/\"]}]},{\"@type\":\"ImageObject\",\"inLanguage\":\"es\",\"@id\":\"https:\\\/\\\/fuentesfidedignas.com.mx\\\/index.php\\\/2023\\\/10\\\/22\\\/vinculan-a-proceso-a-manuel-por-feminicidio-de-su-pareja-embaraza-de-villa-juarez\\\/#primaryimage\",\"url\":\"https:\\\/\\\/fuentesfidedignas.com.mx\\\/wp-content\\\/uploads\\\/2023\\\/10\\\/images.jpeg\",\"contentUrl\":\"https:\\\/\\\/fuentesfidedignas.com.mx\\\/wp-content\\\/uploads\\\/2023\\\/10\\\/images.jpeg\",\"width\":651,\"height\":400},{\"@type\":\"BreadcrumbList\",\"@id\":\"https:\\\/\\\/fuentesfidedignas.com.mx\\\/index.php\\\/2023\\\/10\\\/22\\\/vinculan-a-proceso-a-manuel-por-feminicidio-de-su-pareja-embaraza-de-villa-juarez\\\/#breadcrumb\",\"itemListElement\":[{\"@type\":\"ListItem\",\"position\":1,\"name\":\"Inicio\",\"item\":\"https:\\\/\\\/fuentesfidedignas.com.mx\\\/\"},{\"@type\":\"ListItem\",\"position\":2,\"name\":\"Vinculan a proceso a Manuel por feminicidio de su pareja embaraza de Villa Ju\u00e1rez\"}]},{\"@type\":\"WebSite\",\"@id\":\"https:\\\/\\\/fuentesfidedignas.com.mx\\\/#website\",\"url\":\"https:\\\/\\\/fuentesfidedignas.com.mx\\\/\",\"name\":\"Fuentes Fidedignas\",\"description\":\"Otro sitio realizado con WordPress\",\"publisher\":{\"@id\":\"https:\\\/\\\/fuentesfidedignas.com.mx\\\/#organization\"},\"potentialAction\":[{\"@type\":\"SearchAction\",\"target\":{\"@type\":\"EntryPoint\",\"urlTemplate\":\"https:\\\/\\\/fuentesfidedignas.com.mx\\\/?s={search_term_string}\"},\"query-input\":{\"@type\":\"PropertyValueSpecification\",\"valueRequired\":true,\"valueName\":\"search_term_string\"}}],\"inLanguage\":\"es\"},{\"@type\":\"Organization\",\"@id\":\"https:\\\/\\\/fuentesfidedignas.com.mx\\\/#organization\",\"name\":\"Fuentes Fidedignas\",\"url\":\"https:\\\/\\\/fuentesfidedignas.com.mx\\\/\",\"logo\":{\"@type\":\"ImageObject\",\"inLanguage\":\"es\",\"@id\":\"https:\\\/\\\/fuentesfidedignas.com.mx\\\/#\\\/schema\\\/logo\\\/image\\\/\",\"url\":\"https:\\\/\\\/fuentesfidedignas.com.mx\\\/wp-content\\\/uploads\\\/2021\\\/04\\\/logo-retina.png\",\"contentUrl\":\"https:\\\/\\\/fuentesfidedignas.com.mx\\\/wp-content\\\/uploads\\\/2021\\\/04\\\/logo-retina.png\",\"width\":280,\"height\":51,\"caption\":\"Fuentes Fidedignas\"},\"image\":{\"@id\":\"https:\\\/\\\/fuentesfidedignas.com.mx\\\/#\\\/schema\\\/logo\\\/image\\\/\"},\"sameAs\":[\"https:\\\/\\\/www.facebook.com\\\/Fuentes-Fidedignas-368234489921644\",\"https:\\\/\\\/x.com\\\/fidedignas\"]},{\"@type\":\"Person\",\"@id\":\"https:\\\/\\\/fuentesfidedignas.com.mx\\\/#\\\/schema\\\/person\\\/331be9283d37198e2acd5750279085b0\",\"name\":\"Redacci\u00f3n\",\"image\":{\"@type\":\"ImageObject\",\"inLanguage\":\"es\",\"@id\":\"https:\\\/\\\/secure.gravatar.com\\\/avatar\\\/f6d8782c11d12b2d4ad3fbb6931aeab5309937a4d6cd2fc9cfaa28a6396a5aec?s=96&d=mm&r=g\",\"url\":\"https:\\\/\\\/secure.gravatar.com\\\/avatar\\\/f6d8782c11d12b2d4ad3fbb6931aeab5309937a4d6cd2fc9cfaa28a6396a5aec?s=96&d=mm&r=g\",\"contentUrl\":\"https:\\\/\\\/secure.gravatar.com\\\/avatar\\\/f6d8782c11d12b2d4ad3fbb6931aeab5309937a4d6cd2fc9cfaa28a6396a5aec?s=96&d=mm&r=g\",\"caption\":\"Redacci\u00f3n\"},\"url\":\"https:\\\/\\\/fuentesfidedignas.com.mx\\\/index.php\\\/author\\\/redaccion\\\/\"}]}<\/script>\n<!-- \/ Yoast SEO plugin. -->","yoast_head_json":{"title":"Vinculan a proceso a Manuel por feminicidio de su pareja embaraza de Villa Ju\u00e1rez - Fuentes Fidedignas","robots":{"index":"index","follow":"follow","max-snippet":"max-snippet:-1","max-image-preview":"max-image-preview:large","max-video-preview":"max-video-preview:-1"},"canonical":"https:\/\/fuentesfidedignas.com.mx\/index.php\/2023\/10\/22\/vinculan-a-proceso-a-manuel-por-feminicidio-de-su-pareja-embaraza-de-villa-juarez\/","og_locale":"es_MX","og_type":"article","og_title":"Vinculan a proceso a Manuel por feminicidio de su pareja embaraza de Villa Ju\u00e1rez - Fuentes Fidedignas","og_description":"Este domingo se llev\u00f3 a cabo audiencia inicial de formulaci\u00f3n de imputaci\u00f3n Culiac\u00e1n, Sin.- Manuel Antonio &#8220;C&#8221;, quien este domingo fue imputado en el feminicidio agravado en contra de su pareja sentimental, una joven de 17 a\u00f1os menor de edad con resguardo de identidad, qued\u00f3 en prisi\u00f3n preventiva en tanto se resuelve su situaci\u00f3n jur\u00eddica. [&hellip;]","og_url":"https:\/\/fuentesfidedignas.com.mx\/index.php\/2023\/10\/22\/vinculan-a-proceso-a-manuel-por-feminicidio-de-su-pareja-embaraza-de-villa-juarez\/","og_site_name":"Fuentes Fidedignas","article_publisher":"https:\/\/www.facebook.com\/Fuentes-Fidedignas-368234489921644","article_published_time":"2023-10-22T21:37:45+00:00","article_modified_time":"2023-10-22T23:02:25+00:00","og_image":[{"width":651,"height":400,"url":"https:\/\/fuentesfidedignas.com.mx\/wp-content\/uploads\/2023\/10\/images.jpeg","type":"image\/jpeg"}],"author":"Redacci\u00f3n","twitter_card":"summary_large_image","twitter_creator":"@fidedignas","twitter_site":"@fidedignas","twitter_misc":{"Escrito por":"Redacci\u00f3n","Tiempo de lectura":"1 minuto"},"schema":{"@context":"https:\/\/schema.org","@graph":[{"@type":"Article","@id":"https:\/\/fuentesfidedignas.com.mx\/index.php\/2023\/10\/22\/vinculan-a-proceso-a-manuel-por-feminicidio-de-su-pareja-embaraza-de-villa-juarez\/#article","isPartOf":{"@id":"https:\/\/fuentesfidedignas.com.mx\/index.php\/2023\/10\/22\/vinculan-a-proceso-a-manuel-por-feminicidio-de-su-pareja-embaraza-de-villa-juarez\/"},"author":{"name":"Redacci\u00f3n","@id":"https:\/\/fuentesfidedignas.com.mx\/#\/schema\/person\/331be9283d37198e2acd5750279085b0"},"headline":"Vinculan a proceso a Manuel por feminicidio de su pareja embaraza de Villa Ju\u00e1rez","datePublished":"2023-10-22T21:37:45+00:00","dateModified":"2023-10-22T23:02:25+00:00","mainEntityOfPage":{"@id":"https:\/\/fuentesfidedignas.com.mx\/index.php\/2023\/10\/22\/vinculan-a-proceso-a-manuel-por-feminicidio-de-su-pareja-embaraza-de-villa-juarez\/"},"wordCount":204,"commentCount":0,"publisher":{"@id":"https:\/\/fuentesfidedignas.com.mx\/#organization"},"image":{"@id":"https:\/\/fuentesfidedignas.com.mx\/index.php\/2023\/10\/22\/vinculan-a-proceso-a-manuel-por-feminicidio-de-su-pareja-embaraza-de-villa-juarez\/#primaryimage"},"thumbnailUrl":"https:\/\/fuentesfidedignas.com.mx\/wp-content\/uploads\/2023\/10\/images.jpeg","articleSection":["NOTA PRINCIPAL"],"inLanguage":"es","potentialAction":[{"@type":"CommentAction","name":"Comment","target":["https:\/\/fuentesfidedignas.com.mx\/index.php\/2023\/10\/22\/vinculan-a-proceso-a-manuel-por-feminicidio-de-su-pareja-embaraza-de-villa-juarez\/#respond"]}]},{"@type":"WebPage","@id":"https:\/\/fuentesfidedignas.com.mx\/index.php\/2023\/10\/22\/vinculan-a-proceso-a-manuel-por-feminicidio-de-su-pareja-embaraza-de-villa-juarez\/","url":"https:\/\/fuentesfidedignas.com.mx\/index.php\/2023\/10\/22\/vinculan-a-proceso-a-manuel-por-feminicidio-de-su-pareja-embaraza-de-villa-juarez\/","name":"Vinculan a proceso a Manuel por feminicidio de su pareja embaraza de Villa Ju\u00e1rez - Fuentes Fidedignas","isPartOf":{"@id":"https:\/\/fuentesfidedignas.com.mx\/#website"},"primaryImageOfPage":{"@id":"https:\/\/fuentesfidedignas.com.mx\/index.php\/2023\/10\/22\/vinculan-a-proceso-a-manuel-por-feminicidio-de-su-pareja-embaraza-de-villa-juarez\/#primaryimage"},"image":{"@id":"https:\/\/fuentesfidedignas.com.mx\/index.php\/2023\/10\/22\/vinculan-a-proceso-a-manuel-por-feminicidio-de-su-pareja-embaraza-de-villa-juarez\/#primaryimage"},"thumbnailUrl":"https:\/\/fuentesfidedignas.com.mx\/wp-content\/uploads\/2023\/10\/images.jpeg","datePublished":"2023-10-22T21:37:45+00:00","dateModified":"2023-10-22T23:02:25+00:00","breadcrumb":{"@id":"https:\/\/fuentesfidedignas.com.mx\/index.php\/2023\/10\/22\/vinculan-a-proceso-a-manuel-por-feminicidio-de-su-pareja-embaraza-de-villa-juarez\/#breadcrumb"},"inLanguage":"es","potentialAction":[{"@type":"ReadAction","target":["https:\/\/fuentesfidedignas.com.mx\/index.php\/2023\/10\/22\/vinculan-a-proceso-a-manuel-por-feminicidio-de-su-pareja-embaraza-de-villa-juarez\/"]}]},{"@type":"ImageObject","inLanguage":"es","@id":"https:\/\/fuentesfidedignas.com.mx\/index.php\/2023\/10\/22\/vinculan-a-proceso-a-manuel-por-feminicidio-de-su-pareja-embaraza-de-villa-juarez\/#primaryimage","url":"https:\/\/fuentesfidedignas.com.mx\/wp-content\/uploads\/2023\/10\/images.jpeg","contentUrl":"https:\/\/fuentesfidedignas.com.mx\/wp-content\/uploads\/2023\/10\/images.jpeg","width":651,"height":400},{"@type":"BreadcrumbList","@id":"https:\/\/fuentesfidedignas.com.mx\/index.php\/2023\/10\/22\/vinculan-a-proceso-a-manuel-por-feminicidio-de-su-pareja-embaraza-de-villa-juarez\/#breadcrumb","itemListElement":[{"@type":"ListItem","position":1,"name":"Inicio","item":"https:\/\/fuentesfidedignas.com.mx\/"},{"@type":"ListItem","position":2,"name":"Vinculan a proceso a Manuel por feminicidio de su pareja embaraza de Villa Ju\u00e1rez"}]},{"@type":"WebSite","@id":"https:\/\/fuentesfidedignas.com.mx\/#website","url":"https:\/\/fuentesfidedignas.com.mx\/","name":"Fuentes Fidedignas","description":"Otro sitio realizado con WordPress","publisher":{"@id":"https:\/\/fuentesfidedignas.com.mx\/#organization"},"potentialAction":[{"@type":"SearchAction","target":{"@type":"EntryPoint","urlTemplate":"https:\/\/fuentesfidedignas.com.mx\/?s={search_term_string}"},"query-input":{"@type":"PropertyValueSpecification","valueRequired":true,"valueName":"search_term_string"}}],"inLanguage":"es"},{"@type":"Organization","@id":"https:\/\/fuentesfidedignas.com.mx\/#organization","name":"Fuentes Fidedignas","url":"https:\/\/fuentesfidedignas.com.mx\/","logo":{"@type":"ImageObject","inLanguage":"es","@id":"https:\/\/fuentesfidedignas.com.mx\/#\/schema\/logo\/image\/","url":"https:\/\/fuentesfidedignas.com.mx\/wp-content\/uploads\/2021\/04\/logo-retina.png","contentUrl":"https:\/\/fuentesfidedignas.com.mx\/wp-content\/uploads\/2021\/04\/logo-retina.png","width":280,"height":51,"caption":"Fuentes Fidedignas"},"image":{"@id":"https:\/\/fuentesfidedignas.com.mx\/#\/schema\/logo\/image\/"},"sameAs":["https:\/\/www.facebook.com\/Fuentes-Fidedignas-368234489921644","https:\/\/x.com\/fidedignas"]},{"@type":"Person","@id":"https:\/\/fuentesfidedignas.com.mx\/#\/schema\/person\/331be9283d37198e2acd5750279085b0","name":"Redacci\u00f3n","image":{"@type":"ImageObject","inLanguage":"es","@id":"https:\/\/secure.gravatar.com\/avatar\/f6d8782c11d12b2d4ad3fbb6931aeab5309937a4d6cd2fc9cfaa28a6396a5aec?s=96&d=mm&r=g","url":"https:\/\/secure.gravatar.com\/avatar\/f6d8782c11d12b2d4ad3fbb6931aeab5309937a4d6cd2fc9cfaa28a6396a5aec?s=96&d=mm&r=g","contentUrl":"https:\/\/secure.gravatar.com\/avatar\/f6d8782c11d12b2d4ad3fbb6931aeab5309937a4d6cd2fc9cfaa28a6396a5aec?s=96&d=mm&r=g","caption":"Redacci\u00f3n"},"url":"https:\/\/fuentesfidedignas.com.mx\/index.php\/author\/redaccion\/"}]}},"_links":{"self":[{"href":"https:\/\/fuentesfidedignas.com.mx\/index.php\/wp-json\/wp\/v2\/posts\/63331","targetHints":{"allow":["GET"]}}],"collection":[{"href":"https:\/\/fuentesfidedignas.com.mx\/index.php\/wp-json\/wp\/v2\/posts"}],"about":[{"href":"https:\/\/fuentesfidedignas.com.mx\/index.php\/wp-json\/wp\/v2\/types\/post"}],"author":[{"embeddable":true,"href":"https:\/\/fuentesfidedignas.com.mx\/index.php\/wp-json\/wp\/v2\/users\/4"}],"replies":[{"embeddable":true,"href":"https:\/\/fuentesfidedignas.com.mx\/index.php\/wp-json\/wp\/v2\/comments?post=63331"}],"version-history":[{"count":1,"href":"https:\/\/fuentesfidedignas.com.mx\/index.php\/wp-json\/wp\/v2\/posts\/63331\/revisions"}],"predecessor-version":[{"id":63332,"href":"https:\/\/fuentesfidedignas.com.mx\/index.php\/wp-json\/wp\/v2\/posts\/63331\/revisions\/63332"}],"wp:featuredmedia":[{"embeddable":true,"href":"https:\/\/fuentesfidedignas.com.mx\/index.php\/wp-json\/wp\/v2\/media\/62978"}],"wp:attachment":[{"href":"https:\/\/fuentesfidedignas.com.mx\/index.php\/wp-json\/wp\/v2\/media?parent=63331"}],"wp:term":[{"taxonomy":"category","embeddable":true,"href":"https:\/\/fuentesfidedignas.com.mx\/index.php\/wp-json\/wp\/v2\/categories?post=63331"},{"taxonomy":"post_tag","embeddable":true,"href":"https:\/\/fuentesfidedignas.com.mx\/index.php\/wp-json\/wp\/v2\/tags?post=63331"}],"curies":[{"name":"wp","href":"https:\/\/api.w.org\/{rel}","templated":true}]}}