{"id":63326,"date":"2023-10-22T14:02:19","date_gmt":"2023-10-22T21:02:19","guid":{"rendered":"https:\/\/fuentesfidedignas.com.mx\/?p=63326"},"modified":"2023-10-22T14:08:50","modified_gmt":"2023-10-22T21:08:50","slug":"continua-busqueda-para-encontrar-a-pedro-alberto-en-mazatlan","status":"publish","type":"post","link":"https:\/\/fuentesfidedignas.com.mx\/index.php\/2023\/10\/22\/continua-busqueda-para-encontrar-a-pedro-alberto-en-mazatlan\/","title":{"rendered":"Contin\u00faa b\u00fasqueda para encontrar a Pedro Alberto en Mazatl\u00e1n"},"content":{"rendered":"\n<p><em>Edgar Gonz\u00e1lez, Alcalde de Mazatl\u00e1n pidi\u00f3 reforzar las labores, se suman elementos de la unidad K9 de la Secretar\u00eda de Seguridad P\u00fablica Municipal<\/em><\/p>\n\n\n\n<p>Mazatl\u00e1n, Sin.- Las acciones de b\u00fasqueda de Pedro Alberto, el motociclista que cay\u00f3 al canal pluvial en el Infonavit Alarc\u00f3n no cesan, elementos de la Polic\u00eda Acu\u00e1tica y Protecci\u00f3n Civil Municipal activaron el operativo a partir de las 7:00 de la ma\u00f1ana del domingo.<\/p>\n\n\n\n<figure class=\"wp-block-image size-large\"><img decoding=\"async\" width=\"1024\" height=\"982\" src=\"https:\/\/fuentesfidedignas.com.mx\/wp-content\/uploads\/2023\/10\/Screenshot_20231022_150808_WhatsApp-1024x982.jpg\" alt=\"\" class=\"wp-image-63329\" srcset=\"https:\/\/fuentesfidedignas.com.mx\/wp-content\/uploads\/2023\/10\/Screenshot_20231022_150808_WhatsApp-1024x982.jpg 1024w, https:\/\/fuentesfidedignas.com.mx\/wp-content\/uploads\/2023\/10\/Screenshot_20231022_150808_WhatsApp-300x288.jpg 300w, https:\/\/fuentesfidedignas.com.mx\/wp-content\/uploads\/2023\/10\/Screenshot_20231022_150808_WhatsApp-768x737.jpg 768w, https:\/\/fuentesfidedignas.com.mx\/wp-content\/uploads\/2023\/10\/Screenshot_20231022_150808_WhatsApp.jpg 1080w\" sizes=\"(max-width: 1024px) 100vw, 1024px\" \/><\/figure>\n\n\n\n<p>Por instrucci\u00f3n de Edgar Gonz\u00e1lez, Alcalde de Mazatl\u00e1n las labores de ubicaci\u00f3n de Pedro fueron reforzadas y continuar\u00e1n mientras las condiciones del clima lo permitan, adem\u00e1s elementos de la Unidad K9, de la Secretar\u00eda de Seguridad P\u00fablica Municipal apoyar\u00e1n con las labores de b\u00fasqueda.<\/p>\n\n\n\n<p>El primer edil agreg\u00f3 que hay estrecha comunicaci\u00f3n con los familiares de Pedro quienes se sumaron desde tener conocimiento de la situaci\u00f3n.<\/p>\n\n\n\n<p>Al momento son m\u00e1s de ocho kil\u00f3metros de recorrido y b\u00fasqueda de la persona, adem\u00e1s suman tres las traves\u00edas las que se han realizado desde la ma\u00f1ana del s\u00e1bado hasta la tarde del domingo.<\/p>\n","protected":false},"excerpt":{"rendered":"<p>Edgar Gonz\u00e1lez, Alcalde de Mazatl\u00e1n pidi\u00f3 reforzar las labores, se suman elementos de la unidad K9 de la Secretar\u00eda de Seguridad P\u00fablica Municipal Mazatl\u00e1n, Sin.- Las acciones de b\u00fasqueda de Pedro Alberto, el motociclista que cay\u00f3 al canal pluvial en el Infonavit Alarc\u00f3n no cesan, elementos de la Polic\u00eda Acu\u00e1tica y Protecci\u00f3n Civil Municipal activaron [&hellip;]<\/p>\n","protected":false},"author":4,"featured_media":63328,"comment_status":"open","ping_status":"open","sticky":false,"template":"","format":"standard","meta":{"tdm_status":"","tdm_grid_status":"","footnotes":""},"categories":[37,1],"tags":[],"class_list":{"0":"post-63326","1":"post","2":"type-post","3":"status-publish","4":"format-standard","5":"has-post-thumbnail","7":"category-nota-principal","8":"category-sin-categoria"},"yoast_head":"<!-- This site is optimized with the Yoast SEO plugin v27.5 - https:\/\/yoast.com\/product\/yoast-seo-wordpress\/ -->\n<title>Contin\u00faa b\u00fasqueda para encontrar a Pedro Alberto en Mazatl\u00e1n - Fuentes Fidedignas<\/title>\n<meta name=\"robots\" content=\"index, follow, max-snippet:-1, max-image-preview:large, max-video-preview:-1\" \/>\n<link rel=\"canonical\" href=\"https:\/\/fuentesfidedignas.com.mx\/index.php\/2023\/10\/22\/continua-busqueda-para-encontrar-a-pedro-alberto-en-mazatlan\/\" \/>\n<meta property=\"og:locale\" content=\"es_MX\" \/>\n<meta property=\"og:type\" content=\"article\" \/>\n<meta property=\"og:title\" content=\"Contin\u00faa b\u00fasqueda para encontrar a Pedro Alberto en Mazatl\u00e1n - Fuentes Fidedignas\" \/>\n<meta property=\"og:description\" content=\"Edgar Gonz\u00e1lez, Alcalde de Mazatl\u00e1n pidi\u00f3 reforzar las labores, se suman elementos de la unidad K9 de la Secretar\u00eda de Seguridad P\u00fablica Municipal Mazatl\u00e1n, Sin.- Las acciones de b\u00fasqueda de Pedro Alberto, el motociclista que cay\u00f3 al canal pluvial en el Infonavit Alarc\u00f3n no cesan, elementos de la Polic\u00eda Acu\u00e1tica y Protecci\u00f3n Civil Municipal activaron [&hellip;]\" \/>\n<meta property=\"og:url\" content=\"https:\/\/fuentesfidedignas.com.mx\/index.php\/2023\/10\/22\/continua-busqueda-para-encontrar-a-pedro-alberto-en-mazatlan\/\" \/>\n<meta property=\"og:site_name\" content=\"Fuentes Fidedignas\" \/>\n<meta property=\"article:publisher\" content=\"https:\/\/www.facebook.com\/Fuentes-Fidedignas-368234489921644\" \/>\n<meta property=\"article:published_time\" content=\"2023-10-22T21:02:19+00:00\" \/>\n<meta property=\"article:modified_time\" content=\"2023-10-22T21:08:50+00:00\" \/>\n<meta property=\"og:image\" content=\"https:\/\/fuentesfidedignas.com.mx\/wp-content\/uploads\/2023\/10\/Screenshot_20231022_150736_WhatsApp.jpg\" \/>\n\t<meta property=\"og:image:width\" content=\"944\" \/>\n\t<meta property=\"og:image:height\" content=\"512\" \/>\n\t<meta property=\"og:image:type\" content=\"image\/jpeg\" \/>\n<meta name=\"author\" content=\"Redacci\u00f3n\" \/>\n<meta name=\"twitter:card\" content=\"summary_large_image\" \/>\n<meta name=\"twitter:creator\" content=\"@fidedignas\" \/>\n<meta name=\"twitter:site\" content=\"@fidedignas\" \/>\n<meta name=\"twitter:label1\" content=\"Escrito por\" \/>\n\t<meta name=\"twitter:data1\" content=\"Redacci\u00f3n\" \/>\n\t<meta name=\"twitter:label2\" content=\"Tiempo de lectura\" \/>\n\t<meta name=\"twitter:data2\" content=\"1 minuto\" \/>\n<script type=\"application\/ld+json\" class=\"yoast-schema-graph\">{\"@context\":\"https:\\\/\\\/schema.org\",\"@graph\":[{\"@type\":\"Article\",\"@id\":\"https:\\\/\\\/fuentesfidedignas.com.mx\\\/index.php\\\/2023\\\/10\\\/22\\\/continua-busqueda-para-encontrar-a-pedro-alberto-en-mazatlan\\\/#article\",\"isPartOf\":{\"@id\":\"https:\\\/\\\/fuentesfidedignas.com.mx\\\/index.php\\\/2023\\\/10\\\/22\\\/continua-busqueda-para-encontrar-a-pedro-alberto-en-mazatlan\\\/\"},\"author\":{\"name\":\"Redacci\u00f3n\",\"@id\":\"https:\\\/\\\/fuentesfidedignas.com.mx\\\/#\\\/schema\\\/person\\\/331be9283d37198e2acd5750279085b0\"},\"headline\":\"Contin\u00faa b\u00fasqueda para encontrar a Pedro Alberto en Mazatl\u00e1n\",\"datePublished\":\"2023-10-22T21:02:19+00:00\",\"dateModified\":\"2023-10-22T21:08:50+00:00\",\"mainEntityOfPage\":{\"@id\":\"https:\\\/\\\/fuentesfidedignas.com.mx\\\/index.php\\\/2023\\\/10\\\/22\\\/continua-busqueda-para-encontrar-a-pedro-alberto-en-mazatlan\\\/\"},\"wordCount\":209,\"commentCount\":0,\"publisher\":{\"@id\":\"https:\\\/\\\/fuentesfidedignas.com.mx\\\/#organization\"},\"image\":{\"@id\":\"https:\\\/\\\/fuentesfidedignas.com.mx\\\/index.php\\\/2023\\\/10\\\/22\\\/continua-busqueda-para-encontrar-a-pedro-alberto-en-mazatlan\\\/#primaryimage\"},\"thumbnailUrl\":\"https:\\\/\\\/fuentesfidedignas.com.mx\\\/wp-content\\\/uploads\\\/2023\\\/10\\\/Screenshot_20231022_150736_WhatsApp.jpg\",\"articleSection\":[\"NOTA PRINCIPAL\"],\"inLanguage\":\"es\",\"potentialAction\":[{\"@type\":\"CommentAction\",\"name\":\"Comment\",\"target\":[\"https:\\\/\\\/fuentesfidedignas.com.mx\\\/index.php\\\/2023\\\/10\\\/22\\\/continua-busqueda-para-encontrar-a-pedro-alberto-en-mazatlan\\\/#respond\"]}]},{\"@type\":\"WebPage\",\"@id\":\"https:\\\/\\\/fuentesfidedignas.com.mx\\\/index.php\\\/2023\\\/10\\\/22\\\/continua-busqueda-para-encontrar-a-pedro-alberto-en-mazatlan\\\/\",\"url\":\"https:\\\/\\\/fuentesfidedignas.com.mx\\\/index.php\\\/2023\\\/10\\\/22\\\/continua-busqueda-para-encontrar-a-pedro-alberto-en-mazatlan\\\/\",\"name\":\"Contin\u00faa b\u00fasqueda para encontrar a Pedro Alberto en Mazatl\u00e1n - Fuentes Fidedignas\",\"isPartOf\":{\"@id\":\"https:\\\/\\\/fuentesfidedignas.com.mx\\\/#website\"},\"primaryImageOfPage\":{\"@id\":\"https:\\\/\\\/fuentesfidedignas.com.mx\\\/index.php\\\/2023\\\/10\\\/22\\\/continua-busqueda-para-encontrar-a-pedro-alberto-en-mazatlan\\\/#primaryimage\"},\"image\":{\"@id\":\"https:\\\/\\\/fuentesfidedignas.com.mx\\\/index.php\\\/2023\\\/10\\\/22\\\/continua-busqueda-para-encontrar-a-pedro-alberto-en-mazatlan\\\/#primaryimage\"},\"thumbnailUrl\":\"https:\\\/\\\/fuentesfidedignas.com.mx\\\/wp-content\\\/uploads\\\/2023\\\/10\\\/Screenshot_20231022_150736_WhatsApp.jpg\",\"datePublished\":\"2023-10-22T21:02:19+00:00\",\"dateModified\":\"2023-10-22T21:08:50+00:00\",\"breadcrumb\":{\"@id\":\"https:\\\/\\\/fuentesfidedignas.com.mx\\\/index.php\\\/2023\\\/10\\\/22\\\/continua-busqueda-para-encontrar-a-pedro-alberto-en-mazatlan\\\/#breadcrumb\"},\"inLanguage\":\"es\",\"potentialAction\":[{\"@type\":\"ReadAction\",\"target\":[\"https:\\\/\\\/fuentesfidedignas.com.mx\\\/index.php\\\/2023\\\/10\\\/22\\\/continua-busqueda-para-encontrar-a-pedro-alberto-en-mazatlan\\\/\"]}]},{\"@type\":\"ImageObject\",\"inLanguage\":\"es\",\"@id\":\"https:\\\/\\\/fuentesfidedignas.com.mx\\\/index.php\\\/2023\\\/10\\\/22\\\/continua-busqueda-para-encontrar-a-pedro-alberto-en-mazatlan\\\/#primaryimage\",\"url\":\"https:\\\/\\\/fuentesfidedignas.com.mx\\\/wp-content\\\/uploads\\\/2023\\\/10\\\/Screenshot_20231022_150736_WhatsApp.jpg\",\"contentUrl\":\"https:\\\/\\\/fuentesfidedignas.com.mx\\\/wp-content\\\/uploads\\\/2023\\\/10\\\/Screenshot_20231022_150736_WhatsApp.jpg\",\"width\":944,\"height\":512},{\"@type\":\"BreadcrumbList\",\"@id\":\"https:\\\/\\\/fuentesfidedignas.com.mx\\\/index.php\\\/2023\\\/10\\\/22\\\/continua-busqueda-para-encontrar-a-pedro-alberto-en-mazatlan\\\/#breadcrumb\",\"itemListElement\":[{\"@type\":\"ListItem\",\"position\":1,\"name\":\"Inicio\",\"item\":\"https:\\\/\\\/fuentesfidedignas.com.mx\\\/\"},{\"@type\":\"ListItem\",\"position\":2,\"name\":\"Contin\u00faa b\u00fasqueda para encontrar a Pedro Alberto en Mazatl\u00e1n\"}]},{\"@type\":\"WebSite\",\"@id\":\"https:\\\/\\\/fuentesfidedignas.com.mx\\\/#website\",\"url\":\"https:\\\/\\\/fuentesfidedignas.com.mx\\\/\",\"name\":\"Fuentes Fidedignas\",\"description\":\"Otro sitio realizado con WordPress\",\"publisher\":{\"@id\":\"https:\\\/\\\/fuentesfidedignas.com.mx\\\/#organization\"},\"potentialAction\":[{\"@type\":\"SearchAction\",\"target\":{\"@type\":\"EntryPoint\",\"urlTemplate\":\"https:\\\/\\\/fuentesfidedignas.com.mx\\\/?s={search_term_string}\"},\"query-input\":{\"@type\":\"PropertyValueSpecification\",\"valueRequired\":true,\"valueName\":\"search_term_string\"}}],\"inLanguage\":\"es\"},{\"@type\":\"Organization\",\"@id\":\"https:\\\/\\\/fuentesfidedignas.com.mx\\\/#organization\",\"name\":\"Fuentes Fidedignas\",\"url\":\"https:\\\/\\\/fuentesfidedignas.com.mx\\\/\",\"logo\":{\"@type\":\"ImageObject\",\"inLanguage\":\"es\",\"@id\":\"https:\\\/\\\/fuentesfidedignas.com.mx\\\/#\\\/schema\\\/logo\\\/image\\\/\",\"url\":\"https:\\\/\\\/fuentesfidedignas.com.mx\\\/wp-content\\\/uploads\\\/2021\\\/04\\\/logo-retina.png\",\"contentUrl\":\"https:\\\/\\\/fuentesfidedignas.com.mx\\\/wp-content\\\/uploads\\\/2021\\\/04\\\/logo-retina.png\",\"width\":280,\"height\":51,\"caption\":\"Fuentes Fidedignas\"},\"image\":{\"@id\":\"https:\\\/\\\/fuentesfidedignas.com.mx\\\/#\\\/schema\\\/logo\\\/image\\\/\"},\"sameAs\":[\"https:\\\/\\\/www.facebook.com\\\/Fuentes-Fidedignas-368234489921644\",\"https:\\\/\\\/x.com\\\/fidedignas\"]},{\"@type\":\"Person\",\"@id\":\"https:\\\/\\\/fuentesfidedignas.com.mx\\\/#\\\/schema\\\/person\\\/331be9283d37198e2acd5750279085b0\",\"name\":\"Redacci\u00f3n\",\"image\":{\"@type\":\"ImageObject\",\"inLanguage\":\"es\",\"@id\":\"https:\\\/\\\/secure.gravatar.com\\\/avatar\\\/f6d8782c11d12b2d4ad3fbb6931aeab5309937a4d6cd2fc9cfaa28a6396a5aec?s=96&d=mm&r=g\",\"url\":\"https:\\\/\\\/secure.gravatar.com\\\/avatar\\\/f6d8782c11d12b2d4ad3fbb6931aeab5309937a4d6cd2fc9cfaa28a6396a5aec?s=96&d=mm&r=g\",\"contentUrl\":\"https:\\\/\\\/secure.gravatar.com\\\/avatar\\\/f6d8782c11d12b2d4ad3fbb6931aeab5309937a4d6cd2fc9cfaa28a6396a5aec?s=96&d=mm&r=g\",\"caption\":\"Redacci\u00f3n\"},\"url\":\"https:\\\/\\\/fuentesfidedignas.com.mx\\\/index.php\\\/author\\\/redaccion\\\/\"}]}<\/script>\n<!-- \/ Yoast SEO plugin. -->","yoast_head_json":{"title":"Contin\u00faa b\u00fasqueda para encontrar a Pedro Alberto en Mazatl\u00e1n - Fuentes Fidedignas","robots":{"index":"index","follow":"follow","max-snippet":"max-snippet:-1","max-image-preview":"max-image-preview:large","max-video-preview":"max-video-preview:-1"},"canonical":"https:\/\/fuentesfidedignas.com.mx\/index.php\/2023\/10\/22\/continua-busqueda-para-encontrar-a-pedro-alberto-en-mazatlan\/","og_locale":"es_MX","og_type":"article","og_title":"Contin\u00faa b\u00fasqueda para encontrar a Pedro Alberto en Mazatl\u00e1n - Fuentes Fidedignas","og_description":"Edgar Gonz\u00e1lez, Alcalde de Mazatl\u00e1n pidi\u00f3 reforzar las labores, se suman elementos de la unidad K9 de la Secretar\u00eda de Seguridad P\u00fablica Municipal Mazatl\u00e1n, Sin.- Las acciones de b\u00fasqueda de Pedro Alberto, el motociclista que cay\u00f3 al canal pluvial en el Infonavit Alarc\u00f3n no cesan, elementos de la Polic\u00eda Acu\u00e1tica y Protecci\u00f3n Civil Municipal activaron [&hellip;]","og_url":"https:\/\/fuentesfidedignas.com.mx\/index.php\/2023\/10\/22\/continua-busqueda-para-encontrar-a-pedro-alberto-en-mazatlan\/","og_site_name":"Fuentes Fidedignas","article_publisher":"https:\/\/www.facebook.com\/Fuentes-Fidedignas-368234489921644","article_published_time":"2023-10-22T21:02:19+00:00","article_modified_time":"2023-10-22T21:08:50+00:00","og_image":[{"width":944,"height":512,"url":"https:\/\/fuentesfidedignas.com.mx\/wp-content\/uploads\/2023\/10\/Screenshot_20231022_150736_WhatsApp.jpg","type":"image\/jpeg"}],"author":"Redacci\u00f3n","twitter_card":"summary_large_image","twitter_creator":"@fidedignas","twitter_site":"@fidedignas","twitter_misc":{"Escrito por":"Redacci\u00f3n","Tiempo de lectura":"1 minuto"},"schema":{"@context":"https:\/\/schema.org","@graph":[{"@type":"Article","@id":"https:\/\/fuentesfidedignas.com.mx\/index.php\/2023\/10\/22\/continua-busqueda-para-encontrar-a-pedro-alberto-en-mazatlan\/#article","isPartOf":{"@id":"https:\/\/fuentesfidedignas.com.mx\/index.php\/2023\/10\/22\/continua-busqueda-para-encontrar-a-pedro-alberto-en-mazatlan\/"},"author":{"name":"Redacci\u00f3n","@id":"https:\/\/fuentesfidedignas.com.mx\/#\/schema\/person\/331be9283d37198e2acd5750279085b0"},"headline":"Contin\u00faa b\u00fasqueda para encontrar a Pedro Alberto en Mazatl\u00e1n","datePublished":"2023-10-22T21:02:19+00:00","dateModified":"2023-10-22T21:08:50+00:00","mainEntityOfPage":{"@id":"https:\/\/fuentesfidedignas.com.mx\/index.php\/2023\/10\/22\/continua-busqueda-para-encontrar-a-pedro-alberto-en-mazatlan\/"},"wordCount":209,"commentCount":0,"publisher":{"@id":"https:\/\/fuentesfidedignas.com.mx\/#organization"},"image":{"@id":"https:\/\/fuentesfidedignas.com.mx\/index.php\/2023\/10\/22\/continua-busqueda-para-encontrar-a-pedro-alberto-en-mazatlan\/#primaryimage"},"thumbnailUrl":"https:\/\/fuentesfidedignas.com.mx\/wp-content\/uploads\/2023\/10\/Screenshot_20231022_150736_WhatsApp.jpg","articleSection":["NOTA PRINCIPAL"],"inLanguage":"es","potentialAction":[{"@type":"CommentAction","name":"Comment","target":["https:\/\/fuentesfidedignas.com.mx\/index.php\/2023\/10\/22\/continua-busqueda-para-encontrar-a-pedro-alberto-en-mazatlan\/#respond"]}]},{"@type":"WebPage","@id":"https:\/\/fuentesfidedignas.com.mx\/index.php\/2023\/10\/22\/continua-busqueda-para-encontrar-a-pedro-alberto-en-mazatlan\/","url":"https:\/\/fuentesfidedignas.com.mx\/index.php\/2023\/10\/22\/continua-busqueda-para-encontrar-a-pedro-alberto-en-mazatlan\/","name":"Contin\u00faa b\u00fasqueda para encontrar a Pedro Alberto en Mazatl\u00e1n - Fuentes Fidedignas","isPartOf":{"@id":"https:\/\/fuentesfidedignas.com.mx\/#website"},"primaryImageOfPage":{"@id":"https:\/\/fuentesfidedignas.com.mx\/index.php\/2023\/10\/22\/continua-busqueda-para-encontrar-a-pedro-alberto-en-mazatlan\/#primaryimage"},"image":{"@id":"https:\/\/fuentesfidedignas.com.mx\/index.php\/2023\/10\/22\/continua-busqueda-para-encontrar-a-pedro-alberto-en-mazatlan\/#primaryimage"},"thumbnailUrl":"https:\/\/fuentesfidedignas.com.mx\/wp-content\/uploads\/2023\/10\/Screenshot_20231022_150736_WhatsApp.jpg","datePublished":"2023-10-22T21:02:19+00:00","dateModified":"2023-10-22T21:08:50+00:00","breadcrumb":{"@id":"https:\/\/fuentesfidedignas.com.mx\/index.php\/2023\/10\/22\/continua-busqueda-para-encontrar-a-pedro-alberto-en-mazatlan\/#breadcrumb"},"inLanguage":"es","potentialAction":[{"@type":"ReadAction","target":["https:\/\/fuentesfidedignas.com.mx\/index.php\/2023\/10\/22\/continua-busqueda-para-encontrar-a-pedro-alberto-en-mazatlan\/"]}]},{"@type":"ImageObject","inLanguage":"es","@id":"https:\/\/fuentesfidedignas.com.mx\/index.php\/2023\/10\/22\/continua-busqueda-para-encontrar-a-pedro-alberto-en-mazatlan\/#primaryimage","url":"https:\/\/fuentesfidedignas.com.mx\/wp-content\/uploads\/2023\/10\/Screenshot_20231022_150736_WhatsApp.jpg","contentUrl":"https:\/\/fuentesfidedignas.com.mx\/wp-content\/uploads\/2023\/10\/Screenshot_20231022_150736_WhatsApp.jpg","width":944,"height":512},{"@type":"BreadcrumbList","@id":"https:\/\/fuentesfidedignas.com.mx\/index.php\/2023\/10\/22\/continua-busqueda-para-encontrar-a-pedro-alberto-en-mazatlan\/#breadcrumb","itemListElement":[{"@type":"ListItem","position":1,"name":"Inicio","item":"https:\/\/fuentesfidedignas.com.mx\/"},{"@type":"ListItem","position":2,"name":"Contin\u00faa b\u00fasqueda para encontrar a Pedro Alberto en Mazatl\u00e1n"}]},{"@type":"WebSite","@id":"https:\/\/fuentesfidedignas.com.mx\/#website","url":"https:\/\/fuentesfidedignas.com.mx\/","name":"Fuentes Fidedignas","description":"Otro sitio realizado con WordPress","publisher":{"@id":"https:\/\/fuentesfidedignas.com.mx\/#organization"},"potentialAction":[{"@type":"SearchAction","target":{"@type":"EntryPoint","urlTemplate":"https:\/\/fuentesfidedignas.com.mx\/?s={search_term_string}"},"query-input":{"@type":"PropertyValueSpecification","valueRequired":true,"valueName":"search_term_string"}}],"inLanguage":"es"},{"@type":"Organization","@id":"https:\/\/fuentesfidedignas.com.mx\/#organization","name":"Fuentes Fidedignas","url":"https:\/\/fuentesfidedignas.com.mx\/","logo":{"@type":"ImageObject","inLanguage":"es","@id":"https:\/\/fuentesfidedignas.com.mx\/#\/schema\/logo\/image\/","url":"https:\/\/fuentesfidedignas.com.mx\/wp-content\/uploads\/2021\/04\/logo-retina.png","contentUrl":"https:\/\/fuentesfidedignas.com.mx\/wp-content\/uploads\/2021\/04\/logo-retina.png","width":280,"height":51,"caption":"Fuentes Fidedignas"},"image":{"@id":"https:\/\/fuentesfidedignas.com.mx\/#\/schema\/logo\/image\/"},"sameAs":["https:\/\/www.facebook.com\/Fuentes-Fidedignas-368234489921644","https:\/\/x.com\/fidedignas"]},{"@type":"Person","@id":"https:\/\/fuentesfidedignas.com.mx\/#\/schema\/person\/331be9283d37198e2acd5750279085b0","name":"Redacci\u00f3n","image":{"@type":"ImageObject","inLanguage":"es","@id":"https:\/\/secure.gravatar.com\/avatar\/f6d8782c11d12b2d4ad3fbb6931aeab5309937a4d6cd2fc9cfaa28a6396a5aec?s=96&d=mm&r=g","url":"https:\/\/secure.gravatar.com\/avatar\/f6d8782c11d12b2d4ad3fbb6931aeab5309937a4d6cd2fc9cfaa28a6396a5aec?s=96&d=mm&r=g","contentUrl":"https:\/\/secure.gravatar.com\/avatar\/f6d8782c11d12b2d4ad3fbb6931aeab5309937a4d6cd2fc9cfaa28a6396a5aec?s=96&d=mm&r=g","caption":"Redacci\u00f3n"},"url":"https:\/\/fuentesfidedignas.com.mx\/index.php\/author\/redaccion\/"}]}},"_links":{"self":[{"href":"https:\/\/fuentesfidedignas.com.mx\/index.php\/wp-json\/wp\/v2\/posts\/63326","targetHints":{"allow":["GET"]}}],"collection":[{"href":"https:\/\/fuentesfidedignas.com.mx\/index.php\/wp-json\/wp\/v2\/posts"}],"about":[{"href":"https:\/\/fuentesfidedignas.com.mx\/index.php\/wp-json\/wp\/v2\/types\/post"}],"author":[{"embeddable":true,"href":"https:\/\/fuentesfidedignas.com.mx\/index.php\/wp-json\/wp\/v2\/users\/4"}],"replies":[{"embeddable":true,"href":"https:\/\/fuentesfidedignas.com.mx\/index.php\/wp-json\/wp\/v2\/comments?post=63326"}],"version-history":[{"count":2,"href":"https:\/\/fuentesfidedignas.com.mx\/index.php\/wp-json\/wp\/v2\/posts\/63326\/revisions"}],"predecessor-version":[{"id":63330,"href":"https:\/\/fuentesfidedignas.com.mx\/index.php\/wp-json\/wp\/v2\/posts\/63326\/revisions\/63330"}],"wp:featuredmedia":[{"embeddable":true,"href":"https:\/\/fuentesfidedignas.com.mx\/index.php\/wp-json\/wp\/v2\/media\/63328"}],"wp:attachment":[{"href":"https:\/\/fuentesfidedignas.com.mx\/index.php\/wp-json\/wp\/v2\/media?parent=63326"}],"wp:term":[{"taxonomy":"category","embeddable":true,"href":"https:\/\/fuentesfidedignas.com.mx\/index.php\/wp-json\/wp\/v2\/categories?post=63326"},{"taxonomy":"post_tag","embeddable":true,"href":"https:\/\/fuentesfidedignas.com.mx\/index.php\/wp-json\/wp\/v2\/tags?post=63326"}],"curies":[{"name":"wp","href":"https:\/\/api.w.org\/{rel}","templated":true}]}}