{"id":63296,"date":"2023-10-22T09:07:27","date_gmt":"2023-10-22T16:07:27","guid":{"rendered":"https:\/\/fuentesfidedignas.com.mx\/?p=63296"},"modified":"2023-10-22T09:07:41","modified_gmt":"2023-10-22T16:07:41","slug":"israel-afirma-haber-matado-a-terroristas-en-ataque-aereo-contra-mezquita-en-cisjordania","status":"publish","type":"post","link":"https:\/\/fuentesfidedignas.com.mx\/index.php\/2023\/10\/22\/israel-afirma-haber-matado-a-terroristas-en-ataque-aereo-contra-mezquita-en-cisjordania\/","title":{"rendered":"Israel afirma haber matado a &#8220;terroristas&#8221; en ataque a\u00e9reo contra mezquita en Cisjordania"},"content":{"rendered":"\n<p><em><strong>El ej\u00e9rcito israel\u00ed afirm\u00f3 que los blancos alcanzados hab\u00edan realizado &#8220;varios ataques terroristas en los \u00faltimos meses y estaban organizando un ataque terrorista adicional inminente&#8221;.<\/strong><\/em><\/p>\n\n\n\n<p>Ciudad de M\u00e9xico.- El ej\u00e9rcito israel\u00ed dijo el domingo que mat\u00f3 en un ataque a\u00e9reo contra una mezquita en la ciudad cisjordana de Yen\u00edn a &#8220;agentes terroristas&#8221; de los grupos palestinos Ham\u00e1s y Yihad Isl\u00e1mica que planeaban atentados.<\/p>\n\n\n\n<p>El ataque golpe\u00f3 a la mezquita Al Ansar que, seg\u00fan el ej\u00e9rcito, era &#8220;utilizada por terroristas como centro de mando para planificar ataques y como base para su ejecuci\u00f3n&#8221;.<\/p>\n\n\n\n<p>El ej\u00e9rcito afirm\u00f3 que los blancos alcanzados hab\u00edan realizado &#8220;varios ataques terroristas en los \u00faltimos meses y estaban organizando un ataque terrorista adicional inminente&#8221;.<\/p>\n\n\n\n<p>Los &#8220;agentes terroristas&#8221; fueron &#8220;neutralizados&#8221;, agreg\u00f3 el ej\u00e9rcito sin dar detalles sobre el n\u00famero de muertos ni sus identidades.<\/p>\n\n\n\n<p>El director de la Media Luna Roja en Yen\u00edn, Mahmoud al Saadi, dijo en declaraciones a la agencia de noticias palestina Wafa que una persona muri\u00f3 y tres fueron heridas en el ataque.<\/p>\n\n\n\n<p>Decenas de personas murieron en Cisjordania por ataques del ej\u00e9rcito o colonos israel\u00edes desde el 7 de octubre, d\u00eda en el que milicianos de Ham\u00e1s realizaron un sangriento ataque sorpresa contra Israel.<\/p>\n\n\n\n<p>Desde entonces han muerto 1,400 personas en territorio israel\u00ed, la mayor\u00eda civiles baleados, mutilados o quemados vivos en ese primer d\u00eda de ataque, seg\u00fan las autoridades de este pa\u00eds.<\/p>\n\n\n\n<p>El ej\u00e9rcito israel\u00ed bombardea incesantemente desde entonces la Franja de Gaza, con saldo de m\u00e1s de 4,300 fallecidos, la mayor\u00eda civiles, seg\u00fan el Ministerio de Salud de Ham\u00e1s.<\/p>\n","protected":false},"excerpt":{"rendered":"<p>El ej\u00e9rcito israel\u00ed afirm\u00f3 que los blancos alcanzados hab\u00edan realizado &#8220;varios ataques terroristas en los \u00faltimos meses y estaban organizando un ataque terrorista adicional inminente&#8221;. Ciudad de M\u00e9xico.- El ej\u00e9rcito israel\u00ed dijo el domingo que mat\u00f3 en un ataque a\u00e9reo contra una mezquita en la ciudad cisjordana de Yen\u00edn a &#8220;agentes terroristas&#8221; de los grupos [&hellip;]<\/p>\n","protected":false},"author":12,"featured_media":63297,"comment_status":"open","ping_status":"open","sticky":false,"template":"","format":"standard","meta":{"tdm_status":"","tdm_grid_status":"","footnotes":""},"categories":[39,1],"tags":[],"class_list":{"0":"post-63296","1":"post","2":"type-post","3":"status-publish","4":"format-standard","5":"has-post-thumbnail","7":"category-noticias-nacionales","8":"category-sin-categoria"},"yoast_head":"<!-- This site is optimized with the Yoast SEO plugin v27.5 - https:\/\/yoast.com\/product\/yoast-seo-wordpress\/ -->\n<title>Israel afirma haber matado a &quot;terroristas&quot; en ataque a\u00e9reo contra mezquita en Cisjordania - Fuentes Fidedignas<\/title>\n<meta name=\"robots\" content=\"index, follow, max-snippet:-1, max-image-preview:large, max-video-preview:-1\" \/>\n<link rel=\"canonical\" href=\"https:\/\/fuentesfidedignas.com.mx\/index.php\/2023\/10\/22\/israel-afirma-haber-matado-a-terroristas-en-ataque-aereo-contra-mezquita-en-cisjordania\/\" \/>\n<meta property=\"og:locale\" content=\"es_MX\" \/>\n<meta property=\"og:type\" content=\"article\" \/>\n<meta property=\"og:title\" content=\"Israel afirma haber matado a &quot;terroristas&quot; en ataque a\u00e9reo contra mezquita en Cisjordania - Fuentes Fidedignas\" \/>\n<meta property=\"og:description\" content=\"El ej\u00e9rcito israel\u00ed afirm\u00f3 que los blancos alcanzados hab\u00edan realizado &#8220;varios ataques terroristas en los \u00faltimos meses y estaban organizando un ataque terrorista adicional inminente&#8221;. Ciudad de M\u00e9xico.- El ej\u00e9rcito israel\u00ed dijo el domingo que mat\u00f3 en un ataque a\u00e9reo contra una mezquita en la ciudad cisjordana de Yen\u00edn a &#8220;agentes terroristas&#8221; de los grupos [&hellip;]\" \/>\n<meta property=\"og:url\" content=\"https:\/\/fuentesfidedignas.com.mx\/index.php\/2023\/10\/22\/israel-afirma-haber-matado-a-terroristas-en-ataque-aereo-contra-mezquita-en-cisjordania\/\" \/>\n<meta property=\"og:site_name\" content=\"Fuentes Fidedignas\" \/>\n<meta property=\"article:publisher\" content=\"https:\/\/www.facebook.com\/Fuentes-Fidedignas-368234489921644\" \/>\n<meta property=\"article:published_time\" content=\"2023-10-22T16:07:27+00:00\" \/>\n<meta property=\"article:modified_time\" content=\"2023-10-22T16:07:41+00:00\" \/>\n<meta property=\"og:image\" content=\"https:\/\/fuentesfidedignas.com.mx\/wp-content\/uploads\/2023\/10\/MEZQUITA_ATACADA.jpg\" \/>\n\t<meta property=\"og:image:width\" content=\"938\" \/>\n\t<meta property=\"og:image:height\" content=\"524\" \/>\n\t<meta property=\"og:image:type\" content=\"image\/jpeg\" \/>\n<meta name=\"author\" content=\"AFP\" \/>\n<meta name=\"twitter:card\" content=\"summary_large_image\" \/>\n<meta name=\"twitter:creator\" content=\"@fidedignas\" \/>\n<meta name=\"twitter:site\" content=\"@fidedignas\" \/>\n<meta name=\"twitter:label1\" content=\"Escrito por\" \/>\n\t<meta name=\"twitter:data1\" content=\"AFP\" \/>\n\t<meta name=\"twitter:label2\" content=\"Tiempo de lectura\" \/>\n\t<meta name=\"twitter:data2\" content=\"2 minutos\" \/>\n<script type=\"application\/ld+json\" class=\"yoast-schema-graph\">{\"@context\":\"https:\\\/\\\/schema.org\",\"@graph\":[{\"@type\":\"Article\",\"@id\":\"https:\\\/\\\/fuentesfidedignas.com.mx\\\/index.php\\\/2023\\\/10\\\/22\\\/israel-afirma-haber-matado-a-terroristas-en-ataque-aereo-contra-mezquita-en-cisjordania\\\/#article\",\"isPartOf\":{\"@id\":\"https:\\\/\\\/fuentesfidedignas.com.mx\\\/index.php\\\/2023\\\/10\\\/22\\\/israel-afirma-haber-matado-a-terroristas-en-ataque-aereo-contra-mezquita-en-cisjordania\\\/\"},\"author\":{\"name\":\"AFP\",\"@id\":\"https:\\\/\\\/fuentesfidedignas.com.mx\\\/#\\\/schema\\\/person\\\/1827b38c6cf89e1d6cc7d78ca3fae732\"},\"headline\":\"Israel afirma haber matado a &#8220;terroristas&#8221; en ataque a\u00e9reo contra mezquita en Cisjordania\",\"datePublished\":\"2023-10-22T16:07:27+00:00\",\"dateModified\":\"2023-10-22T16:07:41+00:00\",\"mainEntityOfPage\":{\"@id\":\"https:\\\/\\\/fuentesfidedignas.com.mx\\\/index.php\\\/2023\\\/10\\\/22\\\/israel-afirma-haber-matado-a-terroristas-en-ataque-aereo-contra-mezquita-en-cisjordania\\\/\"},\"wordCount\":298,\"commentCount\":0,\"publisher\":{\"@id\":\"https:\\\/\\\/fuentesfidedignas.com.mx\\\/#organization\"},\"image\":{\"@id\":\"https:\\\/\\\/fuentesfidedignas.com.mx\\\/index.php\\\/2023\\\/10\\\/22\\\/israel-afirma-haber-matado-a-terroristas-en-ataque-aereo-contra-mezquita-en-cisjordania\\\/#primaryimage\"},\"thumbnailUrl\":\"https:\\\/\\\/fuentesfidedignas.com.mx\\\/wp-content\\\/uploads\\\/2023\\\/10\\\/MEZQUITA_ATACADA.jpg\",\"articleSection\":[\"NOTICIAS NACIONALES\"],\"inLanguage\":\"es\",\"potentialAction\":[{\"@type\":\"CommentAction\",\"name\":\"Comment\",\"target\":[\"https:\\\/\\\/fuentesfidedignas.com.mx\\\/index.php\\\/2023\\\/10\\\/22\\\/israel-afirma-haber-matado-a-terroristas-en-ataque-aereo-contra-mezquita-en-cisjordania\\\/#respond\"]}]},{\"@type\":\"WebPage\",\"@id\":\"https:\\\/\\\/fuentesfidedignas.com.mx\\\/index.php\\\/2023\\\/10\\\/22\\\/israel-afirma-haber-matado-a-terroristas-en-ataque-aereo-contra-mezquita-en-cisjordania\\\/\",\"url\":\"https:\\\/\\\/fuentesfidedignas.com.mx\\\/index.php\\\/2023\\\/10\\\/22\\\/israel-afirma-haber-matado-a-terroristas-en-ataque-aereo-contra-mezquita-en-cisjordania\\\/\",\"name\":\"Israel afirma haber matado a \\\"terroristas\\\" en ataque a\u00e9reo contra mezquita en Cisjordania - Fuentes Fidedignas\",\"isPartOf\":{\"@id\":\"https:\\\/\\\/fuentesfidedignas.com.mx\\\/#website\"},\"primaryImageOfPage\":{\"@id\":\"https:\\\/\\\/fuentesfidedignas.com.mx\\\/index.php\\\/2023\\\/10\\\/22\\\/israel-afirma-haber-matado-a-terroristas-en-ataque-aereo-contra-mezquita-en-cisjordania\\\/#primaryimage\"},\"image\":{\"@id\":\"https:\\\/\\\/fuentesfidedignas.com.mx\\\/index.php\\\/2023\\\/10\\\/22\\\/israel-afirma-haber-matado-a-terroristas-en-ataque-aereo-contra-mezquita-en-cisjordania\\\/#primaryimage\"},\"thumbnailUrl\":\"https:\\\/\\\/fuentesfidedignas.com.mx\\\/wp-content\\\/uploads\\\/2023\\\/10\\\/MEZQUITA_ATACADA.jpg\",\"datePublished\":\"2023-10-22T16:07:27+00:00\",\"dateModified\":\"2023-10-22T16:07:41+00:00\",\"breadcrumb\":{\"@id\":\"https:\\\/\\\/fuentesfidedignas.com.mx\\\/index.php\\\/2023\\\/10\\\/22\\\/israel-afirma-haber-matado-a-terroristas-en-ataque-aereo-contra-mezquita-en-cisjordania\\\/#breadcrumb\"},\"inLanguage\":\"es\",\"potentialAction\":[{\"@type\":\"ReadAction\",\"target\":[\"https:\\\/\\\/fuentesfidedignas.com.mx\\\/index.php\\\/2023\\\/10\\\/22\\\/israel-afirma-haber-matado-a-terroristas-en-ataque-aereo-contra-mezquita-en-cisjordania\\\/\"]}]},{\"@type\":\"ImageObject\",\"inLanguage\":\"es\",\"@id\":\"https:\\\/\\\/fuentesfidedignas.com.mx\\\/index.php\\\/2023\\\/10\\\/22\\\/israel-afirma-haber-matado-a-terroristas-en-ataque-aereo-contra-mezquita-en-cisjordania\\\/#primaryimage\",\"url\":\"https:\\\/\\\/fuentesfidedignas.com.mx\\\/wp-content\\\/uploads\\\/2023\\\/10\\\/MEZQUITA_ATACADA.jpg\",\"contentUrl\":\"https:\\\/\\\/fuentesfidedignas.com.mx\\\/wp-content\\\/uploads\\\/2023\\\/10\\\/MEZQUITA_ATACADA.jpg\",\"width\":938,\"height\":524},{\"@type\":\"BreadcrumbList\",\"@id\":\"https:\\\/\\\/fuentesfidedignas.com.mx\\\/index.php\\\/2023\\\/10\\\/22\\\/israel-afirma-haber-matado-a-terroristas-en-ataque-aereo-contra-mezquita-en-cisjordania\\\/#breadcrumb\",\"itemListElement\":[{\"@type\":\"ListItem\",\"position\":1,\"name\":\"Inicio\",\"item\":\"https:\\\/\\\/fuentesfidedignas.com.mx\\\/\"},{\"@type\":\"ListItem\",\"position\":2,\"name\":\"Israel afirma haber matado a &#8220;terroristas&#8221; en ataque a\u00e9reo contra mezquita en Cisjordania\"}]},{\"@type\":\"WebSite\",\"@id\":\"https:\\\/\\\/fuentesfidedignas.com.mx\\\/#website\",\"url\":\"https:\\\/\\\/fuentesfidedignas.com.mx\\\/\",\"name\":\"Fuentes Fidedignas\",\"description\":\"Otro sitio realizado con WordPress\",\"publisher\":{\"@id\":\"https:\\\/\\\/fuentesfidedignas.com.mx\\\/#organization\"},\"potentialAction\":[{\"@type\":\"SearchAction\",\"target\":{\"@type\":\"EntryPoint\",\"urlTemplate\":\"https:\\\/\\\/fuentesfidedignas.com.mx\\\/?s={search_term_string}\"},\"query-input\":{\"@type\":\"PropertyValueSpecification\",\"valueRequired\":true,\"valueName\":\"search_term_string\"}}],\"inLanguage\":\"es\"},{\"@type\":\"Organization\",\"@id\":\"https:\\\/\\\/fuentesfidedignas.com.mx\\\/#organization\",\"name\":\"Fuentes Fidedignas\",\"url\":\"https:\\\/\\\/fuentesfidedignas.com.mx\\\/\",\"logo\":{\"@type\":\"ImageObject\",\"inLanguage\":\"es\",\"@id\":\"https:\\\/\\\/fuentesfidedignas.com.mx\\\/#\\\/schema\\\/logo\\\/image\\\/\",\"url\":\"https:\\\/\\\/fuentesfidedignas.com.mx\\\/wp-content\\\/uploads\\\/2021\\\/04\\\/logo-retina.png\",\"contentUrl\":\"https:\\\/\\\/fuentesfidedignas.com.mx\\\/wp-content\\\/uploads\\\/2021\\\/04\\\/logo-retina.png\",\"width\":280,\"height\":51,\"caption\":\"Fuentes Fidedignas\"},\"image\":{\"@id\":\"https:\\\/\\\/fuentesfidedignas.com.mx\\\/#\\\/schema\\\/logo\\\/image\\\/\"},\"sameAs\":[\"https:\\\/\\\/www.facebook.com\\\/Fuentes-Fidedignas-368234489921644\",\"https:\\\/\\\/x.com\\\/fidedignas\"]},{\"@type\":\"Person\",\"@id\":\"https:\\\/\\\/fuentesfidedignas.com.mx\\\/#\\\/schema\\\/person\\\/1827b38c6cf89e1d6cc7d78ca3fae732\",\"name\":\"AFP\",\"image\":{\"@type\":\"ImageObject\",\"inLanguage\":\"es\",\"@id\":\"https:\\\/\\\/secure.gravatar.com\\\/avatar\\\/236827d2ee9bf15e1ea99e0c1cd1b467cffa55e324d177638d0f8de7950cbae6?s=96&d=mm&r=g\",\"url\":\"https:\\\/\\\/secure.gravatar.com\\\/avatar\\\/236827d2ee9bf15e1ea99e0c1cd1b467cffa55e324d177638d0f8de7950cbae6?s=96&d=mm&r=g\",\"contentUrl\":\"https:\\\/\\\/secure.gravatar.com\\\/avatar\\\/236827d2ee9bf15e1ea99e0c1cd1b467cffa55e324d177638d0f8de7950cbae6?s=96&d=mm&r=g\",\"caption\":\"AFP\"},\"url\":\"https:\\\/\\\/fuentesfidedignas.com.mx\\\/index.php\\\/author\\\/afp\\\/\"}]}<\/script>\n<!-- \/ Yoast SEO plugin. -->","yoast_head_json":{"title":"Israel afirma haber matado a \"terroristas\" en ataque a\u00e9reo contra mezquita en Cisjordania - Fuentes Fidedignas","robots":{"index":"index","follow":"follow","max-snippet":"max-snippet:-1","max-image-preview":"max-image-preview:large","max-video-preview":"max-video-preview:-1"},"canonical":"https:\/\/fuentesfidedignas.com.mx\/index.php\/2023\/10\/22\/israel-afirma-haber-matado-a-terroristas-en-ataque-aereo-contra-mezquita-en-cisjordania\/","og_locale":"es_MX","og_type":"article","og_title":"Israel afirma haber matado a \"terroristas\" en ataque a\u00e9reo contra mezquita en Cisjordania - Fuentes Fidedignas","og_description":"El ej\u00e9rcito israel\u00ed afirm\u00f3 que los blancos alcanzados hab\u00edan realizado &#8220;varios ataques terroristas en los \u00faltimos meses y estaban organizando un ataque terrorista adicional inminente&#8221;. Ciudad de M\u00e9xico.- El ej\u00e9rcito israel\u00ed dijo el domingo que mat\u00f3 en un ataque a\u00e9reo contra una mezquita en la ciudad cisjordana de Yen\u00edn a &#8220;agentes terroristas&#8221; de los grupos [&hellip;]","og_url":"https:\/\/fuentesfidedignas.com.mx\/index.php\/2023\/10\/22\/israel-afirma-haber-matado-a-terroristas-en-ataque-aereo-contra-mezquita-en-cisjordania\/","og_site_name":"Fuentes Fidedignas","article_publisher":"https:\/\/www.facebook.com\/Fuentes-Fidedignas-368234489921644","article_published_time":"2023-10-22T16:07:27+00:00","article_modified_time":"2023-10-22T16:07:41+00:00","og_image":[{"width":938,"height":524,"url":"https:\/\/fuentesfidedignas.com.mx\/wp-content\/uploads\/2023\/10\/MEZQUITA_ATACADA.jpg","type":"image\/jpeg"}],"author":"AFP","twitter_card":"summary_large_image","twitter_creator":"@fidedignas","twitter_site":"@fidedignas","twitter_misc":{"Escrito por":"AFP","Tiempo de lectura":"2 minutos"},"schema":{"@context":"https:\/\/schema.org","@graph":[{"@type":"Article","@id":"https:\/\/fuentesfidedignas.com.mx\/index.php\/2023\/10\/22\/israel-afirma-haber-matado-a-terroristas-en-ataque-aereo-contra-mezquita-en-cisjordania\/#article","isPartOf":{"@id":"https:\/\/fuentesfidedignas.com.mx\/index.php\/2023\/10\/22\/israel-afirma-haber-matado-a-terroristas-en-ataque-aereo-contra-mezquita-en-cisjordania\/"},"author":{"name":"AFP","@id":"https:\/\/fuentesfidedignas.com.mx\/#\/schema\/person\/1827b38c6cf89e1d6cc7d78ca3fae732"},"headline":"Israel afirma haber matado a &#8220;terroristas&#8221; en ataque a\u00e9reo contra mezquita en Cisjordania","datePublished":"2023-10-22T16:07:27+00:00","dateModified":"2023-10-22T16:07:41+00:00","mainEntityOfPage":{"@id":"https:\/\/fuentesfidedignas.com.mx\/index.php\/2023\/10\/22\/israel-afirma-haber-matado-a-terroristas-en-ataque-aereo-contra-mezquita-en-cisjordania\/"},"wordCount":298,"commentCount":0,"publisher":{"@id":"https:\/\/fuentesfidedignas.com.mx\/#organization"},"image":{"@id":"https:\/\/fuentesfidedignas.com.mx\/index.php\/2023\/10\/22\/israel-afirma-haber-matado-a-terroristas-en-ataque-aereo-contra-mezquita-en-cisjordania\/#primaryimage"},"thumbnailUrl":"https:\/\/fuentesfidedignas.com.mx\/wp-content\/uploads\/2023\/10\/MEZQUITA_ATACADA.jpg","articleSection":["NOTICIAS NACIONALES"],"inLanguage":"es","potentialAction":[{"@type":"CommentAction","name":"Comment","target":["https:\/\/fuentesfidedignas.com.mx\/index.php\/2023\/10\/22\/israel-afirma-haber-matado-a-terroristas-en-ataque-aereo-contra-mezquita-en-cisjordania\/#respond"]}]},{"@type":"WebPage","@id":"https:\/\/fuentesfidedignas.com.mx\/index.php\/2023\/10\/22\/israel-afirma-haber-matado-a-terroristas-en-ataque-aereo-contra-mezquita-en-cisjordania\/","url":"https:\/\/fuentesfidedignas.com.mx\/index.php\/2023\/10\/22\/israel-afirma-haber-matado-a-terroristas-en-ataque-aereo-contra-mezquita-en-cisjordania\/","name":"Israel afirma haber matado a \"terroristas\" en ataque a\u00e9reo contra mezquita en Cisjordania - Fuentes Fidedignas","isPartOf":{"@id":"https:\/\/fuentesfidedignas.com.mx\/#website"},"primaryImageOfPage":{"@id":"https:\/\/fuentesfidedignas.com.mx\/index.php\/2023\/10\/22\/israel-afirma-haber-matado-a-terroristas-en-ataque-aereo-contra-mezquita-en-cisjordania\/#primaryimage"},"image":{"@id":"https:\/\/fuentesfidedignas.com.mx\/index.php\/2023\/10\/22\/israel-afirma-haber-matado-a-terroristas-en-ataque-aereo-contra-mezquita-en-cisjordania\/#primaryimage"},"thumbnailUrl":"https:\/\/fuentesfidedignas.com.mx\/wp-content\/uploads\/2023\/10\/MEZQUITA_ATACADA.jpg","datePublished":"2023-10-22T16:07:27+00:00","dateModified":"2023-10-22T16:07:41+00:00","breadcrumb":{"@id":"https:\/\/fuentesfidedignas.com.mx\/index.php\/2023\/10\/22\/israel-afirma-haber-matado-a-terroristas-en-ataque-aereo-contra-mezquita-en-cisjordania\/#breadcrumb"},"inLanguage":"es","potentialAction":[{"@type":"ReadAction","target":["https:\/\/fuentesfidedignas.com.mx\/index.php\/2023\/10\/22\/israel-afirma-haber-matado-a-terroristas-en-ataque-aereo-contra-mezquita-en-cisjordania\/"]}]},{"@type":"ImageObject","inLanguage":"es","@id":"https:\/\/fuentesfidedignas.com.mx\/index.php\/2023\/10\/22\/israel-afirma-haber-matado-a-terroristas-en-ataque-aereo-contra-mezquita-en-cisjordania\/#primaryimage","url":"https:\/\/fuentesfidedignas.com.mx\/wp-content\/uploads\/2023\/10\/MEZQUITA_ATACADA.jpg","contentUrl":"https:\/\/fuentesfidedignas.com.mx\/wp-content\/uploads\/2023\/10\/MEZQUITA_ATACADA.jpg","width":938,"height":524},{"@type":"BreadcrumbList","@id":"https:\/\/fuentesfidedignas.com.mx\/index.php\/2023\/10\/22\/israel-afirma-haber-matado-a-terroristas-en-ataque-aereo-contra-mezquita-en-cisjordania\/#breadcrumb","itemListElement":[{"@type":"ListItem","position":1,"name":"Inicio","item":"https:\/\/fuentesfidedignas.com.mx\/"},{"@type":"ListItem","position":2,"name":"Israel afirma haber matado a &#8220;terroristas&#8221; en ataque a\u00e9reo contra mezquita en Cisjordania"}]},{"@type":"WebSite","@id":"https:\/\/fuentesfidedignas.com.mx\/#website","url":"https:\/\/fuentesfidedignas.com.mx\/","name":"Fuentes Fidedignas","description":"Otro sitio realizado con WordPress","publisher":{"@id":"https:\/\/fuentesfidedignas.com.mx\/#organization"},"potentialAction":[{"@type":"SearchAction","target":{"@type":"EntryPoint","urlTemplate":"https:\/\/fuentesfidedignas.com.mx\/?s={search_term_string}"},"query-input":{"@type":"PropertyValueSpecification","valueRequired":true,"valueName":"search_term_string"}}],"inLanguage":"es"},{"@type":"Organization","@id":"https:\/\/fuentesfidedignas.com.mx\/#organization","name":"Fuentes Fidedignas","url":"https:\/\/fuentesfidedignas.com.mx\/","logo":{"@type":"ImageObject","inLanguage":"es","@id":"https:\/\/fuentesfidedignas.com.mx\/#\/schema\/logo\/image\/","url":"https:\/\/fuentesfidedignas.com.mx\/wp-content\/uploads\/2021\/04\/logo-retina.png","contentUrl":"https:\/\/fuentesfidedignas.com.mx\/wp-content\/uploads\/2021\/04\/logo-retina.png","width":280,"height":51,"caption":"Fuentes Fidedignas"},"image":{"@id":"https:\/\/fuentesfidedignas.com.mx\/#\/schema\/logo\/image\/"},"sameAs":["https:\/\/www.facebook.com\/Fuentes-Fidedignas-368234489921644","https:\/\/x.com\/fidedignas"]},{"@type":"Person","@id":"https:\/\/fuentesfidedignas.com.mx\/#\/schema\/person\/1827b38c6cf89e1d6cc7d78ca3fae732","name":"AFP","image":{"@type":"ImageObject","inLanguage":"es","@id":"https:\/\/secure.gravatar.com\/avatar\/236827d2ee9bf15e1ea99e0c1cd1b467cffa55e324d177638d0f8de7950cbae6?s=96&d=mm&r=g","url":"https:\/\/secure.gravatar.com\/avatar\/236827d2ee9bf15e1ea99e0c1cd1b467cffa55e324d177638d0f8de7950cbae6?s=96&d=mm&r=g","contentUrl":"https:\/\/secure.gravatar.com\/avatar\/236827d2ee9bf15e1ea99e0c1cd1b467cffa55e324d177638d0f8de7950cbae6?s=96&d=mm&r=g","caption":"AFP"},"url":"https:\/\/fuentesfidedignas.com.mx\/index.php\/author\/afp\/"}]}},"_links":{"self":[{"href":"https:\/\/fuentesfidedignas.com.mx\/index.php\/wp-json\/wp\/v2\/posts\/63296","targetHints":{"allow":["GET"]}}],"collection":[{"href":"https:\/\/fuentesfidedignas.com.mx\/index.php\/wp-json\/wp\/v2\/posts"}],"about":[{"href":"https:\/\/fuentesfidedignas.com.mx\/index.php\/wp-json\/wp\/v2\/types\/post"}],"author":[{"embeddable":true,"href":"https:\/\/fuentesfidedignas.com.mx\/index.php\/wp-json\/wp\/v2\/users\/12"}],"replies":[{"embeddable":true,"href":"https:\/\/fuentesfidedignas.com.mx\/index.php\/wp-json\/wp\/v2\/comments?post=63296"}],"version-history":[{"count":1,"href":"https:\/\/fuentesfidedignas.com.mx\/index.php\/wp-json\/wp\/v2\/posts\/63296\/revisions"}],"predecessor-version":[{"id":63298,"href":"https:\/\/fuentesfidedignas.com.mx\/index.php\/wp-json\/wp\/v2\/posts\/63296\/revisions\/63298"}],"wp:featuredmedia":[{"embeddable":true,"href":"https:\/\/fuentesfidedignas.com.mx\/index.php\/wp-json\/wp\/v2\/media\/63297"}],"wp:attachment":[{"href":"https:\/\/fuentesfidedignas.com.mx\/index.php\/wp-json\/wp\/v2\/media?parent=63296"}],"wp:term":[{"taxonomy":"category","embeddable":true,"href":"https:\/\/fuentesfidedignas.com.mx\/index.php\/wp-json\/wp\/v2\/categories?post=63296"},{"taxonomy":"post_tag","embeddable":true,"href":"https:\/\/fuentesfidedignas.com.mx\/index.php\/wp-json\/wp\/v2\/tags?post=63296"}],"curies":[{"name":"wp","href":"https:\/\/api.w.org\/{rel}","templated":true}]}}