{"id":63285,"date":"2023-10-21T17:57:04","date_gmt":"2023-10-22T00:57:04","guid":{"rendered":"https:\/\/fuentesfidedignas.com.mx\/?p=63285"},"modified":"2023-10-21T17:57:06","modified_gmt":"2023-10-22T00:57:06","slug":"gobierno-despliega-mas-de-7-mil-400-marinos-ante-paso-del-huracan-norma","status":"publish","type":"post","link":"https:\/\/fuentesfidedignas.com.mx\/index.php\/2023\/10\/21\/gobierno-despliega-mas-de-7-mil-400-marinos-ante-paso-del-huracan-norma\/","title":{"rendered":"Gobierno despliega m\u00e1s de 7 mil 400 marinos ante paso del hurac\u00e1n Norma"},"content":{"rendered":"\n<p><strong><em>Se reforz\u00f3 el despliegue del Plan Marina ante la trayectoria del hurac\u00e1n Norma hacia costas de Baja California Sur y Sinaloa<\/em><\/strong><\/p>\n\n\n\n<p>Culiac\u00e1n, Sin. La Secretar\u00eda de Marina (Semar) inform\u00f3 este s\u00e1bado del despliegue de 7 mil 403 elementos en el noroeste del pa\u00eds ante el azote del hurac\u00e1n Norma, que se desplaza como hurac\u00e1n categor\u00eda 1 sobre tierra en Baja California Sur.<\/p>\n\n\n\n<figure class=\"wp-block-embed is-type-rich is-provider-twitter wp-block-embed-twitter\"><div class=\"wp-block-embed__wrapper\">\n<blockquote class=\"twitter-tweet\" data-width=\"550\" data-dnt=\"true\"><p lang=\"es\" dir=\"ltr\"><a href=\"https:\/\/twitter.com\/hashtag\/MarinaInforma?src=hash&amp;ref_src=twsrc%5Etfw\">#MarinaInforma<\/a><br> <br>Ante el inminente paso del hurac\u00e1n <a href=\"https:\/\/twitter.com\/hashtag\/Norma?src=hash&amp;ref_src=twsrc%5Etfw\">#Norma<\/a>, nuestro <a href=\"https:\/\/twitter.com\/hashtag\/PlanMarina?src=hash&amp;ref_src=twsrc%5Etfw\">#PlanMarina<\/a> contin\u00faa desplegando y movilizando al Personal Naval en Baja California Sur y Sinaloa.<br> <br>Sigue las recomendaciones de las autoridades y en caso de emergencia, \u00a1ll\u00e1manos! \u260e\ufe0f 800-MARINA-1<br> <br>Conoce m\u00e1s\u2026 <a href=\"https:\/\/t.co\/VArbV2coVq\">pic.twitter.com\/VArbV2coVq<\/a><\/p>&mdash; SEMAR M\u00e9xico (@SEMAR_mx) <a href=\"https:\/\/twitter.com\/SEMAR_mx\/status\/1715844511140610484?ref_src=twsrc%5Etfw\">October 21, 2023<\/a><\/blockquote><script async src=\"https:\/\/platform.twitter.com\/widgets.js\" charset=\"utf-8\"><\/script>\n<\/div><\/figure>\n\n\n\n<p>La Marina enunci\u00f3 en un comunicado que dispuso 28 buques, 99 veh\u00edculos de apoyo, 12 ambulancias, 6 helic\u00f3pteros, 13 aviones, 4 cocinas m\u00f3viles, y 4 plantas potabilizadoras, adem\u00e1s de haber concentrado en&nbsp;<strong>Mazatl\u00e1n, Sinaloa<\/strong>, dos mil despensas para apoyo a la poblaci\u00f3n y 16 mil litros de agua embotellada.<\/p>\n\n\n\n<p>La dependencia puso en alerta a los Mandos Navales desde<strong>&nbsp;La Paz,&nbsp;<\/strong>Baja California Sur, hasta Manzanillo, en&nbsp;<strong>Colima<\/strong>, para acciones preventivas ante el azote de Norma.<\/p>\n\n\n\n<p>Tambi\u00e9n cerr\u00f3 a la navegaci\u00f3n los puertos de&nbsp;<strong>La Paz,&nbsp;<\/strong>Mazatl\u00e1n<strong>, Los Cabos, Santa Rosal\u00eda y Topolobampo<\/strong>, y suspendi\u00f3 las operaciones de los aeropuertos de La Paz y&nbsp;<strong>San Jos\u00e9 del Cabo<\/strong>&nbsp;en Baja California Sur y&nbsp;<strong>Navojoa<\/strong>&nbsp;en&nbsp;<strong>Sonora<\/strong>.<\/p>\n\n\n\n<figure class=\"wp-block-embed is-type-rich is-provider-twitter wp-block-embed-twitter\"><div class=\"wp-block-embed__wrapper\">\n<blockquote class=\"twitter-tweet\" data-width=\"550\" data-dnt=\"true\"><p lang=\"es\" dir=\"ltr\">\ud83e\udd1d \ud835\ude13\ud835\ude22\ud835\ude34 \ud835\ude25\ud835\ude26\ud835\ude31\ud835\ude26\ud835\ude2f\ud835\ude25\ud835\ude26\ud835\ude2f\ud835\ude24\ud835\ude2a\ud835\ude22\ud835\ude34 \ud835\ude25\ud835\ude26\ud835\ude2d \ud835\ude0e\ud835\ude30\ud835\ude23\ud835\ude2a\ud835\ude26\ud835\ude33\ud835\ude2f\ud835\ude30 \ud835\ude25\ud835\ude26 \ud835\ude14\u00e9\ud835\ude39\ud835\ude2a\ud835\ude24\ud835\ude30 \ud835\ude35\ud835\ude33\ud835\ude22\ud835\ude23\ud835\ude22\ud835\ude2b\ud835\ude22\ud835\ude2f \ud835\ude24\ud835\ude30\ud835\ude30\ud835\ude33\ud835\ude25\ud835\ude2a\ud835\ude2f\ud835\ude22\ud835\ude25\ud835\ude22\ud835\ude34 \ud835\ude22\ud835\ude2f\ud835\ude35\ud835\ude26 \ud835\ude34\ud835\ude2a\ud835\ude35\ud835\ude36\ud835\ude22\ud835\ude24\ud835\ude2a\ud835\ude30\ud835\ude2f\ud835\ude26\ud835\ude34 \ud835\ude25\ud835\ude26 \ud835\ude26\ud835\ude2e\ud835\ude26\ud835\ude33\ud835\ude28\ud835\ude26\ud835\ude2f\ud835\ude24\ud835\ude2a\ud835\ude22<br><br>Tras el impacto del <a href=\"https:\/\/twitter.com\/hashtag\/Huracan?src=hash&amp;ref_src=twsrc%5Etfw\">#Huracan<\/a> <a href=\"https:\/\/twitter.com\/hashtag\/Norma?src=hash&amp;ref_src=twsrc%5Etfw\">#Norma<\/a>, personal de <a href=\"https:\/\/twitter.com\/SEMAR_mx?ref_src=twsrc%5Etfw\">@SEMAR_mx<\/a> lleva a cabo recorridos para alertar a la\u2026 <a href=\"https:\/\/t.co\/og2rO0rr3P\">pic.twitter.com\/og2rO0rr3P<\/a><\/p>&mdash; Coordinaci\u00f3n Nacional de Protecci\u00f3n Civil (@CNPC_MX) <a href=\"https:\/\/twitter.com\/CNPC_MX\/status\/1715824812944203925?ref_src=twsrc%5Etfw\">October 21, 2023<\/a><\/blockquote><script async src=\"https:\/\/platform.twitter.com\/widgets.js\" charset=\"utf-8\"><\/script>\n<\/div><\/figure>\n\n\n\n<p>\u201cLa Secretar\u00eda de Marina, a trav\u00e9s de la Armada de M\u00e9xico, reitera su compromiso con la ciudadan\u00eda de velar por su integridad, disponiendo para tal fin recursos humanos y materiales, a trav\u00e9s de la implementaci\u00f3n del Plan Marina; por ello, continuar\u00e1 trabajando en apoyo a las familias mexicanas\u201d, concluy\u00f3 en el comunicado.<\/p>\n\n\n\n<p>El comunicado expuso que Norma, que toc\u00f3 tierra este s\u00e1bado, se mueve sobre la pen\u00ednsula de Baja California Sur con una velocidad sostenida de 157 kil\u00f3metros por hora, rachas de 194 kil\u00f3metros por hora y un desplazamiento de casi 15 kil\u00f3metros por hora el noreste, con destino ahora hacia las costas del estado de Sinaloa.<\/p>\n\n\n\n<p>Este hurac\u00e1n llega tras el doble azote de los ciclones Lidia y Max la semana pasada, cuando dejaron cinco muertos en total, uno en Nayarit, dos en Jalisco y dos en Guerrero.<\/p>\n\n\n\n<p>Norma es el decimocuarto cicl\u00f3n con nombre de esta temporada en el Pac\u00edfico, donde antes se formaron Adrian, Beatriz, Calvin, Dora, Eugene, Fernanda, Greg, Hilary, Irwin, Jova, Kenneth, Lidia y Max.<\/p>\n\n\n\n<p>De ellos, el m\u00e1s da\u00f1ino ha sido Hilary, que en agosto dej\u00f3 cuatro muertos en los estados de Baja California, Baja California Sur y Sinaloa, todos en el norte de M\u00e9xico.<\/p>\n","protected":false},"excerpt":{"rendered":"<p>Se reforz\u00f3 el despliegue del Plan Marina ante la trayectoria del hurac\u00e1n Norma hacia costas de Baja California Sur y Sinaloa Culiac\u00e1n, Sin. La Secretar\u00eda de Marina (Semar) inform\u00f3 este s\u00e1bado del despliegue de 7 mil 403 elementos en el noroeste del pa\u00eds ante el azote del hurac\u00e1n Norma, que se desplaza como hurac\u00e1n categor\u00eda [&hellip;]<\/p>\n","protected":false},"author":47,"featured_media":63286,"comment_status":"open","ping_status":"open","sticky":false,"template":"","format":"standard","meta":{"tdm_status":"","tdm_grid_status":"","footnotes":""},"categories":[39],"tags":[],"class_list":{"0":"post-63285","1":"post","2":"type-post","3":"status-publish","4":"format-standard","5":"has-post-thumbnail","7":"category-noticias-nacionales"},"yoast_head":"<!-- This site is optimized with the Yoast SEO plugin v27.5 - https:\/\/yoast.com\/product\/yoast-seo-wordpress\/ -->\n<title>Gobierno despliega m\u00e1s de 7 mil 400 marinos ante paso del hurac\u00e1n Norma - Fuentes Fidedignas<\/title>\n<meta name=\"robots\" content=\"index, follow, max-snippet:-1, max-image-preview:large, max-video-preview:-1\" \/>\n<link rel=\"canonical\" href=\"https:\/\/fuentesfidedignas.com.mx\/index.php\/2023\/10\/21\/gobierno-despliega-mas-de-7-mil-400-marinos-ante-paso-del-huracan-norma\/\" \/>\n<meta property=\"og:locale\" content=\"es_MX\" \/>\n<meta property=\"og:type\" content=\"article\" \/>\n<meta property=\"og:title\" content=\"Gobierno despliega m\u00e1s de 7 mil 400 marinos ante paso del hurac\u00e1n Norma - Fuentes Fidedignas\" \/>\n<meta property=\"og:description\" content=\"Se reforz\u00f3 el despliegue del Plan Marina ante la trayectoria del hurac\u00e1n Norma hacia costas de Baja California Sur y Sinaloa Culiac\u00e1n, Sin. La Secretar\u00eda de Marina (Semar) inform\u00f3 este s\u00e1bado del despliegue de 7 mil 403 elementos en el noroeste del pa\u00eds ante el azote del hurac\u00e1n Norma, que se desplaza como hurac\u00e1n categor\u00eda [&hellip;]\" \/>\n<meta property=\"og:url\" content=\"https:\/\/fuentesfidedignas.com.mx\/index.php\/2023\/10\/21\/gobierno-despliega-mas-de-7-mil-400-marinos-ante-paso-del-huracan-norma\/\" \/>\n<meta property=\"og:site_name\" content=\"Fuentes Fidedignas\" \/>\n<meta property=\"article:publisher\" content=\"https:\/\/www.facebook.com\/Fuentes-Fidedignas-368234489921644\" \/>\n<meta property=\"article:published_time\" content=\"2023-10-22T00:57:04+00:00\" \/>\n<meta property=\"article:modified_time\" content=\"2023-10-22T00:57:06+00:00\" \/>\n<meta property=\"og:image\" content=\"https:\/\/fuentesfidedignas.com.mx\/wp-content\/uploads\/2023\/10\/huracan-norma-semar-marina.jpg\" \/>\n\t<meta property=\"og:image:width\" content=\"1024\" \/>\n\t<meta property=\"og:image:height\" content=\"683\" \/>\n\t<meta property=\"og:image:type\" content=\"image\/jpeg\" \/>\n<meta name=\"author\" content=\"L\u00f3pez D\u00f3riga\" \/>\n<meta name=\"twitter:card\" content=\"summary_large_image\" \/>\n<meta name=\"twitter:creator\" content=\"@fidedignas\" \/>\n<meta name=\"twitter:site\" content=\"@fidedignas\" \/>\n<meta name=\"twitter:label1\" content=\"Escrito por\" \/>\n\t<meta name=\"twitter:data1\" content=\"L\u00f3pez D\u00f3riga\" \/>\n\t<meta name=\"twitter:label2\" content=\"Tiempo de lectura\" \/>\n\t<meta name=\"twitter:data2\" content=\"2 minutos\" \/>\n<script type=\"application\/ld+json\" class=\"yoast-schema-graph\">{\"@context\":\"https:\\\/\\\/schema.org\",\"@graph\":[{\"@type\":\"Article\",\"@id\":\"https:\\\/\\\/fuentesfidedignas.com.mx\\\/index.php\\\/2023\\\/10\\\/21\\\/gobierno-despliega-mas-de-7-mil-400-marinos-ante-paso-del-huracan-norma\\\/#article\",\"isPartOf\":{\"@id\":\"https:\\\/\\\/fuentesfidedignas.com.mx\\\/index.php\\\/2023\\\/10\\\/21\\\/gobierno-despliega-mas-de-7-mil-400-marinos-ante-paso-del-huracan-norma\\\/\"},\"author\":{\"name\":\"L\u00f3pez D\u00f3riga\",\"@id\":\"https:\\\/\\\/fuentesfidedignas.com.mx\\\/#\\\/schema\\\/person\\\/67d852f0557c8509146a4b9ddebd543a\"},\"headline\":\"Gobierno despliega m\u00e1s de 7 mil 400 marinos ante paso del hurac\u00e1n Norma\",\"datePublished\":\"2023-10-22T00:57:04+00:00\",\"dateModified\":\"2023-10-22T00:57:06+00:00\",\"mainEntityOfPage\":{\"@id\":\"https:\\\/\\\/fuentesfidedignas.com.mx\\\/index.php\\\/2023\\\/10\\\/21\\\/gobierno-despliega-mas-de-7-mil-400-marinos-ante-paso-del-huracan-norma\\\/\"},\"wordCount\":450,\"commentCount\":0,\"publisher\":{\"@id\":\"https:\\\/\\\/fuentesfidedignas.com.mx\\\/#organization\"},\"image\":{\"@id\":\"https:\\\/\\\/fuentesfidedignas.com.mx\\\/index.php\\\/2023\\\/10\\\/21\\\/gobierno-despliega-mas-de-7-mil-400-marinos-ante-paso-del-huracan-norma\\\/#primaryimage\"},\"thumbnailUrl\":\"https:\\\/\\\/fuentesfidedignas.com.mx\\\/wp-content\\\/uploads\\\/2023\\\/10\\\/huracan-norma-semar-marina.jpg\",\"articleSection\":[\"NOTICIAS NACIONALES\"],\"inLanguage\":\"es\",\"potentialAction\":[{\"@type\":\"CommentAction\",\"name\":\"Comment\",\"target\":[\"https:\\\/\\\/fuentesfidedignas.com.mx\\\/index.php\\\/2023\\\/10\\\/21\\\/gobierno-despliega-mas-de-7-mil-400-marinos-ante-paso-del-huracan-norma\\\/#respond\"]}]},{\"@type\":\"WebPage\",\"@id\":\"https:\\\/\\\/fuentesfidedignas.com.mx\\\/index.php\\\/2023\\\/10\\\/21\\\/gobierno-despliega-mas-de-7-mil-400-marinos-ante-paso-del-huracan-norma\\\/\",\"url\":\"https:\\\/\\\/fuentesfidedignas.com.mx\\\/index.php\\\/2023\\\/10\\\/21\\\/gobierno-despliega-mas-de-7-mil-400-marinos-ante-paso-del-huracan-norma\\\/\",\"name\":\"Gobierno despliega m\u00e1s de 7 mil 400 marinos ante paso del hurac\u00e1n Norma - Fuentes Fidedignas\",\"isPartOf\":{\"@id\":\"https:\\\/\\\/fuentesfidedignas.com.mx\\\/#website\"},\"primaryImageOfPage\":{\"@id\":\"https:\\\/\\\/fuentesfidedignas.com.mx\\\/index.php\\\/2023\\\/10\\\/21\\\/gobierno-despliega-mas-de-7-mil-400-marinos-ante-paso-del-huracan-norma\\\/#primaryimage\"},\"image\":{\"@id\":\"https:\\\/\\\/fuentesfidedignas.com.mx\\\/index.php\\\/2023\\\/10\\\/21\\\/gobierno-despliega-mas-de-7-mil-400-marinos-ante-paso-del-huracan-norma\\\/#primaryimage\"},\"thumbnailUrl\":\"https:\\\/\\\/fuentesfidedignas.com.mx\\\/wp-content\\\/uploads\\\/2023\\\/10\\\/huracan-norma-semar-marina.jpg\",\"datePublished\":\"2023-10-22T00:57:04+00:00\",\"dateModified\":\"2023-10-22T00:57:06+00:00\",\"breadcrumb\":{\"@id\":\"https:\\\/\\\/fuentesfidedignas.com.mx\\\/index.php\\\/2023\\\/10\\\/21\\\/gobierno-despliega-mas-de-7-mil-400-marinos-ante-paso-del-huracan-norma\\\/#breadcrumb\"},\"inLanguage\":\"es\",\"potentialAction\":[{\"@type\":\"ReadAction\",\"target\":[\"https:\\\/\\\/fuentesfidedignas.com.mx\\\/index.php\\\/2023\\\/10\\\/21\\\/gobierno-despliega-mas-de-7-mil-400-marinos-ante-paso-del-huracan-norma\\\/\"]}]},{\"@type\":\"ImageObject\",\"inLanguage\":\"es\",\"@id\":\"https:\\\/\\\/fuentesfidedignas.com.mx\\\/index.php\\\/2023\\\/10\\\/21\\\/gobierno-despliega-mas-de-7-mil-400-marinos-ante-paso-del-huracan-norma\\\/#primaryimage\",\"url\":\"https:\\\/\\\/fuentesfidedignas.com.mx\\\/wp-content\\\/uploads\\\/2023\\\/10\\\/huracan-norma-semar-marina.jpg\",\"contentUrl\":\"https:\\\/\\\/fuentesfidedignas.com.mx\\\/wp-content\\\/uploads\\\/2023\\\/10\\\/huracan-norma-semar-marina.jpg\",\"width\":1024,\"height\":683},{\"@type\":\"BreadcrumbList\",\"@id\":\"https:\\\/\\\/fuentesfidedignas.com.mx\\\/index.php\\\/2023\\\/10\\\/21\\\/gobierno-despliega-mas-de-7-mil-400-marinos-ante-paso-del-huracan-norma\\\/#breadcrumb\",\"itemListElement\":[{\"@type\":\"ListItem\",\"position\":1,\"name\":\"Inicio\",\"item\":\"https:\\\/\\\/fuentesfidedignas.com.mx\\\/\"},{\"@type\":\"ListItem\",\"position\":2,\"name\":\"Gobierno despliega m\u00e1s de 7 mil 400 marinos ante paso del hurac\u00e1n Norma\"}]},{\"@type\":\"WebSite\",\"@id\":\"https:\\\/\\\/fuentesfidedignas.com.mx\\\/#website\",\"url\":\"https:\\\/\\\/fuentesfidedignas.com.mx\\\/\",\"name\":\"Fuentes Fidedignas\",\"description\":\"Otro sitio realizado con WordPress\",\"publisher\":{\"@id\":\"https:\\\/\\\/fuentesfidedignas.com.mx\\\/#organization\"},\"potentialAction\":[{\"@type\":\"SearchAction\",\"target\":{\"@type\":\"EntryPoint\",\"urlTemplate\":\"https:\\\/\\\/fuentesfidedignas.com.mx\\\/?s={search_term_string}\"},\"query-input\":{\"@type\":\"PropertyValueSpecification\",\"valueRequired\":true,\"valueName\":\"search_term_string\"}}],\"inLanguage\":\"es\"},{\"@type\":\"Organization\",\"@id\":\"https:\\\/\\\/fuentesfidedignas.com.mx\\\/#organization\",\"name\":\"Fuentes Fidedignas\",\"url\":\"https:\\\/\\\/fuentesfidedignas.com.mx\\\/\",\"logo\":{\"@type\":\"ImageObject\",\"inLanguage\":\"es\",\"@id\":\"https:\\\/\\\/fuentesfidedignas.com.mx\\\/#\\\/schema\\\/logo\\\/image\\\/\",\"url\":\"https:\\\/\\\/fuentesfidedignas.com.mx\\\/wp-content\\\/uploads\\\/2021\\\/04\\\/logo-retina.png\",\"contentUrl\":\"https:\\\/\\\/fuentesfidedignas.com.mx\\\/wp-content\\\/uploads\\\/2021\\\/04\\\/logo-retina.png\",\"width\":280,\"height\":51,\"caption\":\"Fuentes Fidedignas\"},\"image\":{\"@id\":\"https:\\\/\\\/fuentesfidedignas.com.mx\\\/#\\\/schema\\\/logo\\\/image\\\/\"},\"sameAs\":[\"https:\\\/\\\/www.facebook.com\\\/Fuentes-Fidedignas-368234489921644\",\"https:\\\/\\\/x.com\\\/fidedignas\"]},{\"@type\":\"Person\",\"@id\":\"https:\\\/\\\/fuentesfidedignas.com.mx\\\/#\\\/schema\\\/person\\\/67d852f0557c8509146a4b9ddebd543a\",\"name\":\"L\u00f3pez D\u00f3riga\",\"image\":{\"@type\":\"ImageObject\",\"inLanguage\":\"es\",\"@id\":\"https:\\\/\\\/secure.gravatar.com\\\/avatar\\\/e525b06574ca18b33cded59dfe5778d6c823b9513154eff47da551b0551bdd1e?s=96&d=mm&r=g\",\"url\":\"https:\\\/\\\/secure.gravatar.com\\\/avatar\\\/e525b06574ca18b33cded59dfe5778d6c823b9513154eff47da551b0551bdd1e?s=96&d=mm&r=g\",\"contentUrl\":\"https:\\\/\\\/secure.gravatar.com\\\/avatar\\\/e525b06574ca18b33cded59dfe5778d6c823b9513154eff47da551b0551bdd1e?s=96&d=mm&r=g\",\"caption\":\"L\u00f3pez D\u00f3riga\"},\"url\":\"https:\\\/\\\/fuentesfidedignas.com.mx\\\/index.php\\\/author\\\/doriga\\\/\"}]}<\/script>\n<!-- \/ Yoast SEO plugin. -->","yoast_head_json":{"title":"Gobierno despliega m\u00e1s de 7 mil 400 marinos ante paso del hurac\u00e1n Norma - Fuentes Fidedignas","robots":{"index":"index","follow":"follow","max-snippet":"max-snippet:-1","max-image-preview":"max-image-preview:large","max-video-preview":"max-video-preview:-1"},"canonical":"https:\/\/fuentesfidedignas.com.mx\/index.php\/2023\/10\/21\/gobierno-despliega-mas-de-7-mil-400-marinos-ante-paso-del-huracan-norma\/","og_locale":"es_MX","og_type":"article","og_title":"Gobierno despliega m\u00e1s de 7 mil 400 marinos ante paso del hurac\u00e1n Norma - Fuentes Fidedignas","og_description":"Se reforz\u00f3 el despliegue del Plan Marina ante la trayectoria del hurac\u00e1n Norma hacia costas de Baja California Sur y Sinaloa Culiac\u00e1n, Sin. La Secretar\u00eda de Marina (Semar) inform\u00f3 este s\u00e1bado del despliegue de 7 mil 403 elementos en el noroeste del pa\u00eds ante el azote del hurac\u00e1n Norma, que se desplaza como hurac\u00e1n categor\u00eda [&hellip;]","og_url":"https:\/\/fuentesfidedignas.com.mx\/index.php\/2023\/10\/21\/gobierno-despliega-mas-de-7-mil-400-marinos-ante-paso-del-huracan-norma\/","og_site_name":"Fuentes Fidedignas","article_publisher":"https:\/\/www.facebook.com\/Fuentes-Fidedignas-368234489921644","article_published_time":"2023-10-22T00:57:04+00:00","article_modified_time":"2023-10-22T00:57:06+00:00","og_image":[{"width":1024,"height":683,"url":"https:\/\/fuentesfidedignas.com.mx\/wp-content\/uploads\/2023\/10\/huracan-norma-semar-marina.jpg","type":"image\/jpeg"}],"author":"L\u00f3pez D\u00f3riga","twitter_card":"summary_large_image","twitter_creator":"@fidedignas","twitter_site":"@fidedignas","twitter_misc":{"Escrito por":"L\u00f3pez D\u00f3riga","Tiempo de lectura":"2 minutos"},"schema":{"@context":"https:\/\/schema.org","@graph":[{"@type":"Article","@id":"https:\/\/fuentesfidedignas.com.mx\/index.php\/2023\/10\/21\/gobierno-despliega-mas-de-7-mil-400-marinos-ante-paso-del-huracan-norma\/#article","isPartOf":{"@id":"https:\/\/fuentesfidedignas.com.mx\/index.php\/2023\/10\/21\/gobierno-despliega-mas-de-7-mil-400-marinos-ante-paso-del-huracan-norma\/"},"author":{"name":"L\u00f3pez D\u00f3riga","@id":"https:\/\/fuentesfidedignas.com.mx\/#\/schema\/person\/67d852f0557c8509146a4b9ddebd543a"},"headline":"Gobierno despliega m\u00e1s de 7 mil 400 marinos ante paso del hurac\u00e1n Norma","datePublished":"2023-10-22T00:57:04+00:00","dateModified":"2023-10-22T00:57:06+00:00","mainEntityOfPage":{"@id":"https:\/\/fuentesfidedignas.com.mx\/index.php\/2023\/10\/21\/gobierno-despliega-mas-de-7-mil-400-marinos-ante-paso-del-huracan-norma\/"},"wordCount":450,"commentCount":0,"publisher":{"@id":"https:\/\/fuentesfidedignas.com.mx\/#organization"},"image":{"@id":"https:\/\/fuentesfidedignas.com.mx\/index.php\/2023\/10\/21\/gobierno-despliega-mas-de-7-mil-400-marinos-ante-paso-del-huracan-norma\/#primaryimage"},"thumbnailUrl":"https:\/\/fuentesfidedignas.com.mx\/wp-content\/uploads\/2023\/10\/huracan-norma-semar-marina.jpg","articleSection":["NOTICIAS NACIONALES"],"inLanguage":"es","potentialAction":[{"@type":"CommentAction","name":"Comment","target":["https:\/\/fuentesfidedignas.com.mx\/index.php\/2023\/10\/21\/gobierno-despliega-mas-de-7-mil-400-marinos-ante-paso-del-huracan-norma\/#respond"]}]},{"@type":"WebPage","@id":"https:\/\/fuentesfidedignas.com.mx\/index.php\/2023\/10\/21\/gobierno-despliega-mas-de-7-mil-400-marinos-ante-paso-del-huracan-norma\/","url":"https:\/\/fuentesfidedignas.com.mx\/index.php\/2023\/10\/21\/gobierno-despliega-mas-de-7-mil-400-marinos-ante-paso-del-huracan-norma\/","name":"Gobierno despliega m\u00e1s de 7 mil 400 marinos ante paso del hurac\u00e1n Norma - Fuentes Fidedignas","isPartOf":{"@id":"https:\/\/fuentesfidedignas.com.mx\/#website"},"primaryImageOfPage":{"@id":"https:\/\/fuentesfidedignas.com.mx\/index.php\/2023\/10\/21\/gobierno-despliega-mas-de-7-mil-400-marinos-ante-paso-del-huracan-norma\/#primaryimage"},"image":{"@id":"https:\/\/fuentesfidedignas.com.mx\/index.php\/2023\/10\/21\/gobierno-despliega-mas-de-7-mil-400-marinos-ante-paso-del-huracan-norma\/#primaryimage"},"thumbnailUrl":"https:\/\/fuentesfidedignas.com.mx\/wp-content\/uploads\/2023\/10\/huracan-norma-semar-marina.jpg","datePublished":"2023-10-22T00:57:04+00:00","dateModified":"2023-10-22T00:57:06+00:00","breadcrumb":{"@id":"https:\/\/fuentesfidedignas.com.mx\/index.php\/2023\/10\/21\/gobierno-despliega-mas-de-7-mil-400-marinos-ante-paso-del-huracan-norma\/#breadcrumb"},"inLanguage":"es","potentialAction":[{"@type":"ReadAction","target":["https:\/\/fuentesfidedignas.com.mx\/index.php\/2023\/10\/21\/gobierno-despliega-mas-de-7-mil-400-marinos-ante-paso-del-huracan-norma\/"]}]},{"@type":"ImageObject","inLanguage":"es","@id":"https:\/\/fuentesfidedignas.com.mx\/index.php\/2023\/10\/21\/gobierno-despliega-mas-de-7-mil-400-marinos-ante-paso-del-huracan-norma\/#primaryimage","url":"https:\/\/fuentesfidedignas.com.mx\/wp-content\/uploads\/2023\/10\/huracan-norma-semar-marina.jpg","contentUrl":"https:\/\/fuentesfidedignas.com.mx\/wp-content\/uploads\/2023\/10\/huracan-norma-semar-marina.jpg","width":1024,"height":683},{"@type":"BreadcrumbList","@id":"https:\/\/fuentesfidedignas.com.mx\/index.php\/2023\/10\/21\/gobierno-despliega-mas-de-7-mil-400-marinos-ante-paso-del-huracan-norma\/#breadcrumb","itemListElement":[{"@type":"ListItem","position":1,"name":"Inicio","item":"https:\/\/fuentesfidedignas.com.mx\/"},{"@type":"ListItem","position":2,"name":"Gobierno despliega m\u00e1s de 7 mil 400 marinos ante paso del hurac\u00e1n Norma"}]},{"@type":"WebSite","@id":"https:\/\/fuentesfidedignas.com.mx\/#website","url":"https:\/\/fuentesfidedignas.com.mx\/","name":"Fuentes Fidedignas","description":"Otro sitio realizado con WordPress","publisher":{"@id":"https:\/\/fuentesfidedignas.com.mx\/#organization"},"potentialAction":[{"@type":"SearchAction","target":{"@type":"EntryPoint","urlTemplate":"https:\/\/fuentesfidedignas.com.mx\/?s={search_term_string}"},"query-input":{"@type":"PropertyValueSpecification","valueRequired":true,"valueName":"search_term_string"}}],"inLanguage":"es"},{"@type":"Organization","@id":"https:\/\/fuentesfidedignas.com.mx\/#organization","name":"Fuentes Fidedignas","url":"https:\/\/fuentesfidedignas.com.mx\/","logo":{"@type":"ImageObject","inLanguage":"es","@id":"https:\/\/fuentesfidedignas.com.mx\/#\/schema\/logo\/image\/","url":"https:\/\/fuentesfidedignas.com.mx\/wp-content\/uploads\/2021\/04\/logo-retina.png","contentUrl":"https:\/\/fuentesfidedignas.com.mx\/wp-content\/uploads\/2021\/04\/logo-retina.png","width":280,"height":51,"caption":"Fuentes Fidedignas"},"image":{"@id":"https:\/\/fuentesfidedignas.com.mx\/#\/schema\/logo\/image\/"},"sameAs":["https:\/\/www.facebook.com\/Fuentes-Fidedignas-368234489921644","https:\/\/x.com\/fidedignas"]},{"@type":"Person","@id":"https:\/\/fuentesfidedignas.com.mx\/#\/schema\/person\/67d852f0557c8509146a4b9ddebd543a","name":"L\u00f3pez D\u00f3riga","image":{"@type":"ImageObject","inLanguage":"es","@id":"https:\/\/secure.gravatar.com\/avatar\/e525b06574ca18b33cded59dfe5778d6c823b9513154eff47da551b0551bdd1e?s=96&d=mm&r=g","url":"https:\/\/secure.gravatar.com\/avatar\/e525b06574ca18b33cded59dfe5778d6c823b9513154eff47da551b0551bdd1e?s=96&d=mm&r=g","contentUrl":"https:\/\/secure.gravatar.com\/avatar\/e525b06574ca18b33cded59dfe5778d6c823b9513154eff47da551b0551bdd1e?s=96&d=mm&r=g","caption":"L\u00f3pez D\u00f3riga"},"url":"https:\/\/fuentesfidedignas.com.mx\/index.php\/author\/doriga\/"}]}},"_links":{"self":[{"href":"https:\/\/fuentesfidedignas.com.mx\/index.php\/wp-json\/wp\/v2\/posts\/63285","targetHints":{"allow":["GET"]}}],"collection":[{"href":"https:\/\/fuentesfidedignas.com.mx\/index.php\/wp-json\/wp\/v2\/posts"}],"about":[{"href":"https:\/\/fuentesfidedignas.com.mx\/index.php\/wp-json\/wp\/v2\/types\/post"}],"author":[{"embeddable":true,"href":"https:\/\/fuentesfidedignas.com.mx\/index.php\/wp-json\/wp\/v2\/users\/47"}],"replies":[{"embeddable":true,"href":"https:\/\/fuentesfidedignas.com.mx\/index.php\/wp-json\/wp\/v2\/comments?post=63285"}],"version-history":[{"count":1,"href":"https:\/\/fuentesfidedignas.com.mx\/index.php\/wp-json\/wp\/v2\/posts\/63285\/revisions"}],"predecessor-version":[{"id":63287,"href":"https:\/\/fuentesfidedignas.com.mx\/index.php\/wp-json\/wp\/v2\/posts\/63285\/revisions\/63287"}],"wp:featuredmedia":[{"embeddable":true,"href":"https:\/\/fuentesfidedignas.com.mx\/index.php\/wp-json\/wp\/v2\/media\/63286"}],"wp:attachment":[{"href":"https:\/\/fuentesfidedignas.com.mx\/index.php\/wp-json\/wp\/v2\/media?parent=63285"}],"wp:term":[{"taxonomy":"category","embeddable":true,"href":"https:\/\/fuentesfidedignas.com.mx\/index.php\/wp-json\/wp\/v2\/categories?post=63285"},{"taxonomy":"post_tag","embeddable":true,"href":"https:\/\/fuentesfidedignas.com.mx\/index.php\/wp-json\/wp\/v2\/tags?post=63285"}],"curies":[{"name":"wp","href":"https:\/\/api.w.org\/{rel}","templated":true}]}}