{"id":63282,"date":"2023-10-21T13:42:37","date_gmt":"2023-10-21T20:42:37","guid":{"rendered":"https:\/\/fuentesfidedignas.com.mx\/?p=63282"},"modified":"2023-10-21T16:44:50","modified_gmt":"2023-10-21T23:44:50","slug":"conferencia-prevencion-y-conciencia-sobre-el-cancer-de-mama-en-municipio-de-sinaloa","status":"publish","type":"post","link":"https:\/\/fuentesfidedignas.com.mx\/index.php\/2023\/10\/21\/conferencia-prevencion-y-conciencia-sobre-el-cancer-de-mama-en-municipio-de-sinaloa\/","title":{"rendered":"Conferencia &#8220;Prevenci\u00f3n y Conciencia sobre el C\u00e1ncer de Mama&#8221; en municipio de Sinaloa"},"content":{"rendered":"\n<p><\/p>\n\n\n\n<p>Sinaloa de Leyva\u2014 En un esfuerzo conjunto por concienciar y prevenir el c\u00e1ncer de mam\u00e1, el municipio de Sinaloa de Sinaloa fue escenario de una importante conferencia el d\u00eda de hoy. La charla titulada &#8220;Prevenci\u00f3n y Conciencia sobre el C\u00e1ncer de Mam\u00e1&#8221; fue dirigida por el distinguido Dr. Julio C\u00e9sar Leyva Pe\u00f1uelas, quien comparti\u00f3 informaci\u00f3n clave sobre esta enfermedad.<\/p>\n\n\n\n<p>El evento fue posible gracias a la iniciativa de la presidenta del Comit\u00e9 Directivo Municipal (CDM), Agla\u00e9 Higuera, y fue realizado en colaboraci\u00f3n con la Secretar\u00eda de Asuntos de G\u00e9nero e Inclusi\u00f3n Social, bajo la direcci\u00f3n de Dulce L\u00f3pez.<br>La conferencia cont\u00f3 con la asistencia de todo el equipo del CDM, as\u00ed como la presencia de delegados pol\u00edticos y la participaci\u00f3n del coordinador del sexto distrito electoral, Rafael L\u00f3pez Soto.<\/p>\n\n\n\n<p>El Dr. Julio C\u00e9sar Leyva Pe\u00f1uelas enfatiz\u00f3 la importancia crucial de la detecci\u00f3n temprana del c\u00e1ncer de mama. Inst\u00f3 a todas las mujeres a realizar autoexploraciones de forma regular y resalt\u00f3 que, seg\u00fan las estad\u00edsticas recientes, se han incrementado los casos de c\u00e1ncer de mama en hombres.<\/p>\n\n\n\n<p>La presidenta del CDM, Agla\u00e9 Higuera, expres\u00f3 su agradecimiento al presidente Estatal MC. H\u00e9ctor Melesio Cu\u00e9n Ojeda, por su apoyo continuo a este tipo de actividades que proporcionan informaci\u00f3n y asistencia a la comunidad.<br>El punto culminante de la conferencia fue la rifa de un valioso paquete de consultas m\u00e9dicas para la prevenci\u00f3n del c\u00e1ncer. La afortunada ganadora de este paquete integral de estudios fue Laura Cruz M\u00e9ndez.<\/p>\n\n\n\n<p>Este evento no solo promovi\u00f3 la importancia de la prevenci\u00f3n del c\u00e1ncer de mama, sino que tambi\u00e9n resalt\u00f3 la unidad y el apoyo dentro de la comunidad del municipio de Sinaloa<\/p>\n","protected":false},"excerpt":{"rendered":"<p>Sinaloa de Leyva\u2014 En un esfuerzo conjunto por concienciar y prevenir el c\u00e1ncer de mam\u00e1, el municipio de Sinaloa de Sinaloa fue escenario de una importante conferencia el d\u00eda de hoy. La charla titulada &#8220;Prevenci\u00f3n y Conciencia sobre el C\u00e1ncer de Mam\u00e1&#8221; fue dirigida por el distinguido Dr. Julio C\u00e9sar Leyva Pe\u00f1uelas, quien comparti\u00f3 informaci\u00f3n [&hellip;]<\/p>\n","protected":false},"author":4,"featured_media":63284,"comment_status":"open","ping_status":"open","sticky":false,"template":"","format":"standard","meta":{"tdm_status":"","tdm_grid_status":"","footnotes":""},"categories":[38,1],"tags":[],"class_list":{"0":"post-63282","1":"post","2":"type-post","3":"status-publish","4":"format-standard","5":"has-post-thumbnail","7":"category-noticias-locales","8":"category-sin-categoria"},"yoast_head":"<!-- This site is optimized with the Yoast SEO plugin v27.5 - https:\/\/yoast.com\/product\/yoast-seo-wordpress\/ -->\n<title>Conferencia &quot;Prevenci\u00f3n y Conciencia sobre el C\u00e1ncer de Mama&quot; en municipio de Sinaloa - Fuentes Fidedignas<\/title>\n<meta name=\"robots\" content=\"index, follow, max-snippet:-1, max-image-preview:large, max-video-preview:-1\" \/>\n<link rel=\"canonical\" href=\"https:\/\/fuentesfidedignas.com.mx\/index.php\/2023\/10\/21\/conferencia-prevencion-y-conciencia-sobre-el-cancer-de-mama-en-municipio-de-sinaloa\/\" \/>\n<meta property=\"og:locale\" content=\"es_MX\" \/>\n<meta property=\"og:type\" content=\"article\" \/>\n<meta property=\"og:title\" content=\"Conferencia &quot;Prevenci\u00f3n y Conciencia sobre el C\u00e1ncer de Mama&quot; en municipio de Sinaloa - Fuentes Fidedignas\" \/>\n<meta property=\"og:description\" content=\"Sinaloa de Leyva\u2014 En un esfuerzo conjunto por concienciar y prevenir el c\u00e1ncer de mam\u00e1, el municipio de Sinaloa de Sinaloa fue escenario de una importante conferencia el d\u00eda de hoy. La charla titulada &#8220;Prevenci\u00f3n y Conciencia sobre el C\u00e1ncer de Mam\u00e1&#8221; fue dirigida por el distinguido Dr. Julio C\u00e9sar Leyva Pe\u00f1uelas, quien comparti\u00f3 informaci\u00f3n [&hellip;]\" \/>\n<meta property=\"og:url\" content=\"https:\/\/fuentesfidedignas.com.mx\/index.php\/2023\/10\/21\/conferencia-prevencion-y-conciencia-sobre-el-cancer-de-mama-en-municipio-de-sinaloa\/\" \/>\n<meta property=\"og:site_name\" content=\"Fuentes Fidedignas\" \/>\n<meta property=\"article:publisher\" content=\"https:\/\/www.facebook.com\/Fuentes-Fidedignas-368234489921644\" \/>\n<meta property=\"article:published_time\" content=\"2023-10-21T20:42:37+00:00\" \/>\n<meta property=\"article:modified_time\" content=\"2023-10-21T23:44:50+00:00\" \/>\n<meta property=\"og:image\" content=\"https:\/\/fuentesfidedignas.com.mx\/wp-content\/uploads\/2023\/10\/IMG-20231021-WA0053.jpg\" \/>\n\t<meta property=\"og:image:width\" content=\"1600\" \/>\n\t<meta property=\"og:image:height\" content=\"1200\" \/>\n\t<meta property=\"og:image:type\" content=\"image\/jpeg\" \/>\n<meta name=\"author\" content=\"Redacci\u00f3n\" \/>\n<meta name=\"twitter:card\" content=\"summary_large_image\" \/>\n<meta name=\"twitter:creator\" content=\"@fidedignas\" \/>\n<meta name=\"twitter:site\" content=\"@fidedignas\" \/>\n<meta name=\"twitter:label1\" content=\"Escrito por\" \/>\n\t<meta name=\"twitter:data1\" content=\"Redacci\u00f3n\" \/>\n\t<meta name=\"twitter:label2\" content=\"Tiempo de lectura\" \/>\n\t<meta name=\"twitter:data2\" content=\"2 minutos\" \/>\n<script type=\"application\/ld+json\" class=\"yoast-schema-graph\">{\"@context\":\"https:\\\/\\\/schema.org\",\"@graph\":[{\"@type\":\"Article\",\"@id\":\"https:\\\/\\\/fuentesfidedignas.com.mx\\\/index.php\\\/2023\\\/10\\\/21\\\/conferencia-prevencion-y-conciencia-sobre-el-cancer-de-mama-en-municipio-de-sinaloa\\\/#article\",\"isPartOf\":{\"@id\":\"https:\\\/\\\/fuentesfidedignas.com.mx\\\/index.php\\\/2023\\\/10\\\/21\\\/conferencia-prevencion-y-conciencia-sobre-el-cancer-de-mama-en-municipio-de-sinaloa\\\/\"},\"author\":{\"name\":\"Redacci\u00f3n\",\"@id\":\"https:\\\/\\\/fuentesfidedignas.com.mx\\\/#\\\/schema\\\/person\\\/331be9283d37198e2acd5750279085b0\"},\"headline\":\"Conferencia &#8220;Prevenci\u00f3n y Conciencia sobre el C\u00e1ncer de Mama&#8221; en municipio de Sinaloa\",\"datePublished\":\"2023-10-21T20:42:37+00:00\",\"dateModified\":\"2023-10-21T23:44:50+00:00\",\"mainEntityOfPage\":{\"@id\":\"https:\\\/\\\/fuentesfidedignas.com.mx\\\/index.php\\\/2023\\\/10\\\/21\\\/conferencia-prevencion-y-conciencia-sobre-el-cancer-de-mama-en-municipio-de-sinaloa\\\/\"},\"wordCount\":323,\"commentCount\":0,\"publisher\":{\"@id\":\"https:\\\/\\\/fuentesfidedignas.com.mx\\\/#organization\"},\"image\":{\"@id\":\"https:\\\/\\\/fuentesfidedignas.com.mx\\\/index.php\\\/2023\\\/10\\\/21\\\/conferencia-prevencion-y-conciencia-sobre-el-cancer-de-mama-en-municipio-de-sinaloa\\\/#primaryimage\"},\"thumbnailUrl\":\"https:\\\/\\\/fuentesfidedignas.com.mx\\\/wp-content\\\/uploads\\\/2023\\\/10\\\/IMG-20231021-WA0053.jpg\",\"articleSection\":[\"NOTICIAS LOCALES\"],\"inLanguage\":\"es\",\"potentialAction\":[{\"@type\":\"CommentAction\",\"name\":\"Comment\",\"target\":[\"https:\\\/\\\/fuentesfidedignas.com.mx\\\/index.php\\\/2023\\\/10\\\/21\\\/conferencia-prevencion-y-conciencia-sobre-el-cancer-de-mama-en-municipio-de-sinaloa\\\/#respond\"]}]},{\"@type\":\"WebPage\",\"@id\":\"https:\\\/\\\/fuentesfidedignas.com.mx\\\/index.php\\\/2023\\\/10\\\/21\\\/conferencia-prevencion-y-conciencia-sobre-el-cancer-de-mama-en-municipio-de-sinaloa\\\/\",\"url\":\"https:\\\/\\\/fuentesfidedignas.com.mx\\\/index.php\\\/2023\\\/10\\\/21\\\/conferencia-prevencion-y-conciencia-sobre-el-cancer-de-mama-en-municipio-de-sinaloa\\\/\",\"name\":\"Conferencia \\\"Prevenci\u00f3n y Conciencia sobre el C\u00e1ncer de Mama\\\" en municipio de Sinaloa - Fuentes Fidedignas\",\"isPartOf\":{\"@id\":\"https:\\\/\\\/fuentesfidedignas.com.mx\\\/#website\"},\"primaryImageOfPage\":{\"@id\":\"https:\\\/\\\/fuentesfidedignas.com.mx\\\/index.php\\\/2023\\\/10\\\/21\\\/conferencia-prevencion-y-conciencia-sobre-el-cancer-de-mama-en-municipio-de-sinaloa\\\/#primaryimage\"},\"image\":{\"@id\":\"https:\\\/\\\/fuentesfidedignas.com.mx\\\/index.php\\\/2023\\\/10\\\/21\\\/conferencia-prevencion-y-conciencia-sobre-el-cancer-de-mama-en-municipio-de-sinaloa\\\/#primaryimage\"},\"thumbnailUrl\":\"https:\\\/\\\/fuentesfidedignas.com.mx\\\/wp-content\\\/uploads\\\/2023\\\/10\\\/IMG-20231021-WA0053.jpg\",\"datePublished\":\"2023-10-21T20:42:37+00:00\",\"dateModified\":\"2023-10-21T23:44:50+00:00\",\"breadcrumb\":{\"@id\":\"https:\\\/\\\/fuentesfidedignas.com.mx\\\/index.php\\\/2023\\\/10\\\/21\\\/conferencia-prevencion-y-conciencia-sobre-el-cancer-de-mama-en-municipio-de-sinaloa\\\/#breadcrumb\"},\"inLanguage\":\"es\",\"potentialAction\":[{\"@type\":\"ReadAction\",\"target\":[\"https:\\\/\\\/fuentesfidedignas.com.mx\\\/index.php\\\/2023\\\/10\\\/21\\\/conferencia-prevencion-y-conciencia-sobre-el-cancer-de-mama-en-municipio-de-sinaloa\\\/\"]}]},{\"@type\":\"ImageObject\",\"inLanguage\":\"es\",\"@id\":\"https:\\\/\\\/fuentesfidedignas.com.mx\\\/index.php\\\/2023\\\/10\\\/21\\\/conferencia-prevencion-y-conciencia-sobre-el-cancer-de-mama-en-municipio-de-sinaloa\\\/#primaryimage\",\"url\":\"https:\\\/\\\/fuentesfidedignas.com.mx\\\/wp-content\\\/uploads\\\/2023\\\/10\\\/IMG-20231021-WA0053.jpg\",\"contentUrl\":\"https:\\\/\\\/fuentesfidedignas.com.mx\\\/wp-content\\\/uploads\\\/2023\\\/10\\\/IMG-20231021-WA0053.jpg\",\"width\":1600,\"height\":1200},{\"@type\":\"BreadcrumbList\",\"@id\":\"https:\\\/\\\/fuentesfidedignas.com.mx\\\/index.php\\\/2023\\\/10\\\/21\\\/conferencia-prevencion-y-conciencia-sobre-el-cancer-de-mama-en-municipio-de-sinaloa\\\/#breadcrumb\",\"itemListElement\":[{\"@type\":\"ListItem\",\"position\":1,\"name\":\"Inicio\",\"item\":\"https:\\\/\\\/fuentesfidedignas.com.mx\\\/\"},{\"@type\":\"ListItem\",\"position\":2,\"name\":\"Conferencia &#8220;Prevenci\u00f3n y Conciencia sobre el C\u00e1ncer de Mama&#8221; en municipio de Sinaloa\"}]},{\"@type\":\"WebSite\",\"@id\":\"https:\\\/\\\/fuentesfidedignas.com.mx\\\/#website\",\"url\":\"https:\\\/\\\/fuentesfidedignas.com.mx\\\/\",\"name\":\"Fuentes Fidedignas\",\"description\":\"Otro sitio realizado con WordPress\",\"publisher\":{\"@id\":\"https:\\\/\\\/fuentesfidedignas.com.mx\\\/#organization\"},\"potentialAction\":[{\"@type\":\"SearchAction\",\"target\":{\"@type\":\"EntryPoint\",\"urlTemplate\":\"https:\\\/\\\/fuentesfidedignas.com.mx\\\/?s={search_term_string}\"},\"query-input\":{\"@type\":\"PropertyValueSpecification\",\"valueRequired\":true,\"valueName\":\"search_term_string\"}}],\"inLanguage\":\"es\"},{\"@type\":\"Organization\",\"@id\":\"https:\\\/\\\/fuentesfidedignas.com.mx\\\/#organization\",\"name\":\"Fuentes Fidedignas\",\"url\":\"https:\\\/\\\/fuentesfidedignas.com.mx\\\/\",\"logo\":{\"@type\":\"ImageObject\",\"inLanguage\":\"es\",\"@id\":\"https:\\\/\\\/fuentesfidedignas.com.mx\\\/#\\\/schema\\\/logo\\\/image\\\/\",\"url\":\"https:\\\/\\\/fuentesfidedignas.com.mx\\\/wp-content\\\/uploads\\\/2021\\\/04\\\/logo-retina.png\",\"contentUrl\":\"https:\\\/\\\/fuentesfidedignas.com.mx\\\/wp-content\\\/uploads\\\/2021\\\/04\\\/logo-retina.png\",\"width\":280,\"height\":51,\"caption\":\"Fuentes Fidedignas\"},\"image\":{\"@id\":\"https:\\\/\\\/fuentesfidedignas.com.mx\\\/#\\\/schema\\\/logo\\\/image\\\/\"},\"sameAs\":[\"https:\\\/\\\/www.facebook.com\\\/Fuentes-Fidedignas-368234489921644\",\"https:\\\/\\\/x.com\\\/fidedignas\"]},{\"@type\":\"Person\",\"@id\":\"https:\\\/\\\/fuentesfidedignas.com.mx\\\/#\\\/schema\\\/person\\\/331be9283d37198e2acd5750279085b0\",\"name\":\"Redacci\u00f3n\",\"image\":{\"@type\":\"ImageObject\",\"inLanguage\":\"es\",\"@id\":\"https:\\\/\\\/secure.gravatar.com\\\/avatar\\\/f6d8782c11d12b2d4ad3fbb6931aeab5309937a4d6cd2fc9cfaa28a6396a5aec?s=96&d=mm&r=g\",\"url\":\"https:\\\/\\\/secure.gravatar.com\\\/avatar\\\/f6d8782c11d12b2d4ad3fbb6931aeab5309937a4d6cd2fc9cfaa28a6396a5aec?s=96&d=mm&r=g\",\"contentUrl\":\"https:\\\/\\\/secure.gravatar.com\\\/avatar\\\/f6d8782c11d12b2d4ad3fbb6931aeab5309937a4d6cd2fc9cfaa28a6396a5aec?s=96&d=mm&r=g\",\"caption\":\"Redacci\u00f3n\"},\"url\":\"https:\\\/\\\/fuentesfidedignas.com.mx\\\/index.php\\\/author\\\/redaccion\\\/\"}]}<\/script>\n<!-- \/ Yoast SEO plugin. -->","yoast_head_json":{"title":"Conferencia \"Prevenci\u00f3n y Conciencia sobre el C\u00e1ncer de Mama\" en municipio de Sinaloa - Fuentes Fidedignas","robots":{"index":"index","follow":"follow","max-snippet":"max-snippet:-1","max-image-preview":"max-image-preview:large","max-video-preview":"max-video-preview:-1"},"canonical":"https:\/\/fuentesfidedignas.com.mx\/index.php\/2023\/10\/21\/conferencia-prevencion-y-conciencia-sobre-el-cancer-de-mama-en-municipio-de-sinaloa\/","og_locale":"es_MX","og_type":"article","og_title":"Conferencia \"Prevenci\u00f3n y Conciencia sobre el C\u00e1ncer de Mama\" en municipio de Sinaloa - Fuentes Fidedignas","og_description":"Sinaloa de Leyva\u2014 En un esfuerzo conjunto por concienciar y prevenir el c\u00e1ncer de mam\u00e1, el municipio de Sinaloa de Sinaloa fue escenario de una importante conferencia el d\u00eda de hoy. La charla titulada &#8220;Prevenci\u00f3n y Conciencia sobre el C\u00e1ncer de Mam\u00e1&#8221; fue dirigida por el distinguido Dr. Julio C\u00e9sar Leyva Pe\u00f1uelas, quien comparti\u00f3 informaci\u00f3n [&hellip;]","og_url":"https:\/\/fuentesfidedignas.com.mx\/index.php\/2023\/10\/21\/conferencia-prevencion-y-conciencia-sobre-el-cancer-de-mama-en-municipio-de-sinaloa\/","og_site_name":"Fuentes Fidedignas","article_publisher":"https:\/\/www.facebook.com\/Fuentes-Fidedignas-368234489921644","article_published_time":"2023-10-21T20:42:37+00:00","article_modified_time":"2023-10-21T23:44:50+00:00","og_image":[{"width":1600,"height":1200,"url":"https:\/\/fuentesfidedignas.com.mx\/wp-content\/uploads\/2023\/10\/IMG-20231021-WA0053.jpg","type":"image\/jpeg"}],"author":"Redacci\u00f3n","twitter_card":"summary_large_image","twitter_creator":"@fidedignas","twitter_site":"@fidedignas","twitter_misc":{"Escrito por":"Redacci\u00f3n","Tiempo de lectura":"2 minutos"},"schema":{"@context":"https:\/\/schema.org","@graph":[{"@type":"Article","@id":"https:\/\/fuentesfidedignas.com.mx\/index.php\/2023\/10\/21\/conferencia-prevencion-y-conciencia-sobre-el-cancer-de-mama-en-municipio-de-sinaloa\/#article","isPartOf":{"@id":"https:\/\/fuentesfidedignas.com.mx\/index.php\/2023\/10\/21\/conferencia-prevencion-y-conciencia-sobre-el-cancer-de-mama-en-municipio-de-sinaloa\/"},"author":{"name":"Redacci\u00f3n","@id":"https:\/\/fuentesfidedignas.com.mx\/#\/schema\/person\/331be9283d37198e2acd5750279085b0"},"headline":"Conferencia &#8220;Prevenci\u00f3n y Conciencia sobre el C\u00e1ncer de Mama&#8221; en municipio de Sinaloa","datePublished":"2023-10-21T20:42:37+00:00","dateModified":"2023-10-21T23:44:50+00:00","mainEntityOfPage":{"@id":"https:\/\/fuentesfidedignas.com.mx\/index.php\/2023\/10\/21\/conferencia-prevencion-y-conciencia-sobre-el-cancer-de-mama-en-municipio-de-sinaloa\/"},"wordCount":323,"commentCount":0,"publisher":{"@id":"https:\/\/fuentesfidedignas.com.mx\/#organization"},"image":{"@id":"https:\/\/fuentesfidedignas.com.mx\/index.php\/2023\/10\/21\/conferencia-prevencion-y-conciencia-sobre-el-cancer-de-mama-en-municipio-de-sinaloa\/#primaryimage"},"thumbnailUrl":"https:\/\/fuentesfidedignas.com.mx\/wp-content\/uploads\/2023\/10\/IMG-20231021-WA0053.jpg","articleSection":["NOTICIAS LOCALES"],"inLanguage":"es","potentialAction":[{"@type":"CommentAction","name":"Comment","target":["https:\/\/fuentesfidedignas.com.mx\/index.php\/2023\/10\/21\/conferencia-prevencion-y-conciencia-sobre-el-cancer-de-mama-en-municipio-de-sinaloa\/#respond"]}]},{"@type":"WebPage","@id":"https:\/\/fuentesfidedignas.com.mx\/index.php\/2023\/10\/21\/conferencia-prevencion-y-conciencia-sobre-el-cancer-de-mama-en-municipio-de-sinaloa\/","url":"https:\/\/fuentesfidedignas.com.mx\/index.php\/2023\/10\/21\/conferencia-prevencion-y-conciencia-sobre-el-cancer-de-mama-en-municipio-de-sinaloa\/","name":"Conferencia \"Prevenci\u00f3n y Conciencia sobre el C\u00e1ncer de Mama\" en municipio de Sinaloa - Fuentes Fidedignas","isPartOf":{"@id":"https:\/\/fuentesfidedignas.com.mx\/#website"},"primaryImageOfPage":{"@id":"https:\/\/fuentesfidedignas.com.mx\/index.php\/2023\/10\/21\/conferencia-prevencion-y-conciencia-sobre-el-cancer-de-mama-en-municipio-de-sinaloa\/#primaryimage"},"image":{"@id":"https:\/\/fuentesfidedignas.com.mx\/index.php\/2023\/10\/21\/conferencia-prevencion-y-conciencia-sobre-el-cancer-de-mama-en-municipio-de-sinaloa\/#primaryimage"},"thumbnailUrl":"https:\/\/fuentesfidedignas.com.mx\/wp-content\/uploads\/2023\/10\/IMG-20231021-WA0053.jpg","datePublished":"2023-10-21T20:42:37+00:00","dateModified":"2023-10-21T23:44:50+00:00","breadcrumb":{"@id":"https:\/\/fuentesfidedignas.com.mx\/index.php\/2023\/10\/21\/conferencia-prevencion-y-conciencia-sobre-el-cancer-de-mama-en-municipio-de-sinaloa\/#breadcrumb"},"inLanguage":"es","potentialAction":[{"@type":"ReadAction","target":["https:\/\/fuentesfidedignas.com.mx\/index.php\/2023\/10\/21\/conferencia-prevencion-y-conciencia-sobre-el-cancer-de-mama-en-municipio-de-sinaloa\/"]}]},{"@type":"ImageObject","inLanguage":"es","@id":"https:\/\/fuentesfidedignas.com.mx\/index.php\/2023\/10\/21\/conferencia-prevencion-y-conciencia-sobre-el-cancer-de-mama-en-municipio-de-sinaloa\/#primaryimage","url":"https:\/\/fuentesfidedignas.com.mx\/wp-content\/uploads\/2023\/10\/IMG-20231021-WA0053.jpg","contentUrl":"https:\/\/fuentesfidedignas.com.mx\/wp-content\/uploads\/2023\/10\/IMG-20231021-WA0053.jpg","width":1600,"height":1200},{"@type":"BreadcrumbList","@id":"https:\/\/fuentesfidedignas.com.mx\/index.php\/2023\/10\/21\/conferencia-prevencion-y-conciencia-sobre-el-cancer-de-mama-en-municipio-de-sinaloa\/#breadcrumb","itemListElement":[{"@type":"ListItem","position":1,"name":"Inicio","item":"https:\/\/fuentesfidedignas.com.mx\/"},{"@type":"ListItem","position":2,"name":"Conferencia &#8220;Prevenci\u00f3n y Conciencia sobre el C\u00e1ncer de Mama&#8221; en municipio de Sinaloa"}]},{"@type":"WebSite","@id":"https:\/\/fuentesfidedignas.com.mx\/#website","url":"https:\/\/fuentesfidedignas.com.mx\/","name":"Fuentes Fidedignas","description":"Otro sitio realizado con WordPress","publisher":{"@id":"https:\/\/fuentesfidedignas.com.mx\/#organization"},"potentialAction":[{"@type":"SearchAction","target":{"@type":"EntryPoint","urlTemplate":"https:\/\/fuentesfidedignas.com.mx\/?s={search_term_string}"},"query-input":{"@type":"PropertyValueSpecification","valueRequired":true,"valueName":"search_term_string"}}],"inLanguage":"es"},{"@type":"Organization","@id":"https:\/\/fuentesfidedignas.com.mx\/#organization","name":"Fuentes Fidedignas","url":"https:\/\/fuentesfidedignas.com.mx\/","logo":{"@type":"ImageObject","inLanguage":"es","@id":"https:\/\/fuentesfidedignas.com.mx\/#\/schema\/logo\/image\/","url":"https:\/\/fuentesfidedignas.com.mx\/wp-content\/uploads\/2021\/04\/logo-retina.png","contentUrl":"https:\/\/fuentesfidedignas.com.mx\/wp-content\/uploads\/2021\/04\/logo-retina.png","width":280,"height":51,"caption":"Fuentes Fidedignas"},"image":{"@id":"https:\/\/fuentesfidedignas.com.mx\/#\/schema\/logo\/image\/"},"sameAs":["https:\/\/www.facebook.com\/Fuentes-Fidedignas-368234489921644","https:\/\/x.com\/fidedignas"]},{"@type":"Person","@id":"https:\/\/fuentesfidedignas.com.mx\/#\/schema\/person\/331be9283d37198e2acd5750279085b0","name":"Redacci\u00f3n","image":{"@type":"ImageObject","inLanguage":"es","@id":"https:\/\/secure.gravatar.com\/avatar\/f6d8782c11d12b2d4ad3fbb6931aeab5309937a4d6cd2fc9cfaa28a6396a5aec?s=96&d=mm&r=g","url":"https:\/\/secure.gravatar.com\/avatar\/f6d8782c11d12b2d4ad3fbb6931aeab5309937a4d6cd2fc9cfaa28a6396a5aec?s=96&d=mm&r=g","contentUrl":"https:\/\/secure.gravatar.com\/avatar\/f6d8782c11d12b2d4ad3fbb6931aeab5309937a4d6cd2fc9cfaa28a6396a5aec?s=96&d=mm&r=g","caption":"Redacci\u00f3n"},"url":"https:\/\/fuentesfidedignas.com.mx\/index.php\/author\/redaccion\/"}]}},"_links":{"self":[{"href":"https:\/\/fuentesfidedignas.com.mx\/index.php\/wp-json\/wp\/v2\/posts\/63282","targetHints":{"allow":["GET"]}}],"collection":[{"href":"https:\/\/fuentesfidedignas.com.mx\/index.php\/wp-json\/wp\/v2\/posts"}],"about":[{"href":"https:\/\/fuentesfidedignas.com.mx\/index.php\/wp-json\/wp\/v2\/types\/post"}],"author":[{"embeddable":true,"href":"https:\/\/fuentesfidedignas.com.mx\/index.php\/wp-json\/wp\/v2\/users\/4"}],"replies":[{"embeddable":true,"href":"https:\/\/fuentesfidedignas.com.mx\/index.php\/wp-json\/wp\/v2\/comments?post=63282"}],"version-history":[{"count":1,"href":"https:\/\/fuentesfidedignas.com.mx\/index.php\/wp-json\/wp\/v2\/posts\/63282\/revisions"}],"predecessor-version":[{"id":63283,"href":"https:\/\/fuentesfidedignas.com.mx\/index.php\/wp-json\/wp\/v2\/posts\/63282\/revisions\/63283"}],"wp:featuredmedia":[{"embeddable":true,"href":"https:\/\/fuentesfidedignas.com.mx\/index.php\/wp-json\/wp\/v2\/media\/63284"}],"wp:attachment":[{"href":"https:\/\/fuentesfidedignas.com.mx\/index.php\/wp-json\/wp\/v2\/media?parent=63282"}],"wp:term":[{"taxonomy":"category","embeddable":true,"href":"https:\/\/fuentesfidedignas.com.mx\/index.php\/wp-json\/wp\/v2\/categories?post=63282"},{"taxonomy":"post_tag","embeddable":true,"href":"https:\/\/fuentesfidedignas.com.mx\/index.php\/wp-json\/wp\/v2\/tags?post=63282"}],"curies":[{"name":"wp","href":"https:\/\/api.w.org\/{rel}","templated":true}]}}