{"id":63260,"date":"2023-10-21T12:27:30","date_gmt":"2023-10-21T19:27:30","guid":{"rendered":"https:\/\/fuentesfidedignas.com.mx\/?p=63260"},"modified":"2023-10-21T12:29:05","modified_gmt":"2023-10-21T19:29:05","slug":"encabeza-rocha-reunion-estatal-de-emergencia-por-el-huracan-norma","status":"publish","type":"post","link":"https:\/\/fuentesfidedignas.com.mx\/index.php\/2023\/10\/21\/encabeza-rocha-reunion-estatal-de-emergencia-por-el-huracan-norma\/","title":{"rendered":"Encabeza Rocha Reuni\u00f3n Estatal de Emergencia por el hurac\u00e1n \u201cNorma\u201d"},"content":{"rendered":"\n<p><em>Todas las instituciones se declararon listas para atender cualquier eventualidad ante la llegada de este fen\u00f3meno a Sinaloa, que se estima ser\u00e1 la ma\u00f1ana del lunes<\/em><\/p>\n\n\n\n<p><em><strong>Un total de 120 refugios ya est\u00e1n habilitados, con capacidad para 50 mil personas, en caso de ser necesarias evacuaciones<\/strong><\/em><\/p>\n\n\n\n<p><em>*El gobernador del estado adelant\u00f3 que en los casos donde viviendas resulten inundadas por las lluvias de \u201cNorma\u201d, se apoyar\u00e1 nuevamente a las familias con recursos econ\u00f3micos de su gobierno<\/em><\/p>\n\n\n\n<p>Culiac\u00e1n, Sin.- Con la finalidad de ultimar todos los preparativos para hacer frente a cualquier eventualidad que pudiera ocasionar el paso del hurac\u00e1n \u201cNorma\u201d por Sinaloa, el gobernador Rub\u00e9n Rocha Moya encabez\u00f3 la Reuni\u00f3n Estatal de Emergencia por este fen\u00f3meno meteorol\u00f3gico, el cual se estima toque tierra en las costas sinaloenses el lunes alrededor de las 6 de la ma\u00f1ana, pero que desde este s\u00e1bado ya provoca lluvias en todo el estado.<\/p>\n\n\n\n<figure class=\"wp-block-image size-full\"><img decoding=\"async\" width=\"1024\" height=\"683\" src=\"https:\/\/fuentesfidedignas.com.mx\/wp-content\/uploads\/2023\/10\/1000152546.jpg\" alt=\"\" class=\"wp-image-63261\" srcset=\"https:\/\/fuentesfidedignas.com.mx\/wp-content\/uploads\/2023\/10\/1000152546.jpg 1024w, https:\/\/fuentesfidedignas.com.mx\/wp-content\/uploads\/2023\/10\/1000152546-300x200.jpg 300w, https:\/\/fuentesfidedignas.com.mx\/wp-content\/uploads\/2023\/10\/1000152546-768x512.jpg 768w, https:\/\/fuentesfidedignas.com.mx\/wp-content\/uploads\/2023\/10\/1000152546-696x464.jpg 696w, https:\/\/fuentesfidedignas.com.mx\/wp-content\/uploads\/2023\/10\/1000152546-630x420.jpg 630w\" sizes=\"(max-width: 1024px) 100vw, 1024px\" \/><\/figure>\n\n\n\n<p>El mandatario estatal convoc\u00f3 en el Sal\u00f3n de Gobernadores a los titulares de todas las dependencias gubernamentales relacionadas con la atenci\u00f3n a la poblaci\u00f3n en estos casos, as\u00ed como a representantes de organismos civiles como Cruz Roja y Bomberos, y se cont\u00f3 tambi\u00e9n con la presencia de los altos mandos del Ej\u00e9rcito Mexicano, Marina Armada de M\u00e9xico y Guardia Nacional, para hacer un recuento del estado de fuerza con que se enfrentar\u00e1 este fen\u00f3meno, el cual es en total de 2 mil elementos de todas las instituciones civiles participantes que desde este momento ya est\u00e1n disponibles para ayudar a la ciudadan\u00eda que lo requiera, m\u00e1s otros 6 mil efectivos de las fuerzas militares.<\/p>\n\n\n\n<p>El gobernador Rocha agradeci\u00f3 la colaboraci\u00f3n de todos los presentes, y en especial agradeci\u00f3 al comandante de la Tercera Regi\u00f3n Militar, general de Divisi\u00f3n Francisco Jes\u00fas Leana Ojeda; al comandante de la Novena Zona Militar, general de Brigada, Porfirio Fuentes V\u00e9lez; y al coordinador estatal de la Guardia Nacional en Sinaloa, general Brigadier Fructuoso L\u00f3pez Vallejo, quienes informaron que ya tienen listos sus respectivos planes de auxilio a la ciudadan\u00eda para casos de desastres naturales.<\/p>\n\n\n\n<p>\u201c<strong>Estamos obligados a coordinarnos, la coordinaci\u00f3n aqu\u00ed es lo m\u00e1s importante, hay bastantes recursos humanos y materiales por todas las instituciones, ya est\u00e1n dispuestos a ponerlos en operaci\u00f3n, como dijo el general Leana, y el tema fundamental es salvar vidas, que tengamos mucho cuidado en eso<\/strong>\u201d, precis\u00f3 el mandatario estatal.<\/p>\n\n\n\n<figure class=\"wp-block-image size-full\"><img decoding=\"async\" width=\"1024\" height=\"683\" src=\"https:\/\/fuentesfidedignas.com.mx\/wp-content\/uploads\/2023\/10\/1000152548.jpg\" alt=\"\" class=\"wp-image-63262\" srcset=\"https:\/\/fuentesfidedignas.com.mx\/wp-content\/uploads\/2023\/10\/1000152548.jpg 1024w, https:\/\/fuentesfidedignas.com.mx\/wp-content\/uploads\/2023\/10\/1000152548-300x200.jpg 300w, https:\/\/fuentesfidedignas.com.mx\/wp-content\/uploads\/2023\/10\/1000152548-768x512.jpg 768w, https:\/\/fuentesfidedignas.com.mx\/wp-content\/uploads\/2023\/10\/1000152548-696x464.jpg 696w, https:\/\/fuentesfidedignas.com.mx\/wp-content\/uploads\/2023\/10\/1000152548-630x420.jpg 630w\" sizes=\"(max-width: 1024px) 100vw, 1024px\" \/><\/figure>\n\n\n\n<p>Adem\u00e1s inform\u00f3 que como ya se hizo el a\u00f1o pasado, su gobierno apoyar\u00e1 con recursos econ\u00f3micos a las familias que hayan sufrido inundaci\u00f3n en sus casas, dinero que se entregar\u00e1 en cuesti\u00f3n de dos o tres d\u00edas despu\u00e9s de haber levantado el censo de da\u00f1os.<\/p>\n\n\n\n<p>\u201cEsto que lo sepa ya mi secretario de Finanzas, a m\u00ed me interesa mucho, si hay domicilios inundados, al margen de que levantemos un censo para pedirle a la Federaci\u00f3n les vamos a dar de inmediato para mitigar el da\u00f1o a los enseres, para en dos, tres d\u00edas nosotros ya les dimos algo para que enfrenten sus emergencias\u201d, precis\u00f3.<\/p>\n\n\n\n<p>Durante la reuni\u00f3n, misma que fue moderada por el director del Instituto Estatal de Protecci\u00f3n Civil, Roy Navarrete Cuevas, se inform\u00f3 del estado actual que guarda el hurac\u00e1n \u201cNorma\u201d, de categor\u00eda 2, que a las 6 de la ma\u00f1ana de este s\u00e1bado se encontraba a tan s\u00f3lo 65 kil\u00f3metros al sureste de Cabo San Lucas, y a 400 kil\u00f3metros al suroeste de Mazatl\u00e1n, con rachas de viento de 60 kil\u00f3metros por hora, pero con una banda nubosa que est\u00e1 provocando lluvias de hasta 150 mil\u00edmetros c\u00fabicos.<\/p>\n\n\n\n<p>El pron\u00f3stico es que este mismo s\u00e1bado toque tierra en Cabo San Lucas y se prev\u00e9 que al hacerlo se debilite y para cuando llegue a las costas de Sinaloa se haya degradado a tormenta tropical, pero igualmente generando muchas lluvias, de hasta 80 mil\u00edmetros c\u00fabicos, aunque ya sin fuertes rachas de viento. Se prev\u00e9 que el impacto ser\u00e1 en la zona costera del centro y norte del estado, por lo que se mantiene la alerta puntual en los municipios de Culiac\u00e1n, Navolato, Mocorito, Guasave y Ahome, y en total ya se tienen habilitados 120 refugios temporales con capacidad para 50 mil personas, para los casos en que se requieran evacuaciones de familias.<\/p>\n\n\n\n<p>En su oportunidad, cada uno de los participantes de la reuni\u00f3n dieron a conocer la fuerza de reacci\u00f3n con la que cuentan: Ej\u00e9rcito Mexicano con 5 mil 698 efectivos y 485 veh\u00edculos; Guardia Nacional 800 elementos; Marina Armada de M\u00e9xico 220 elementos, 10 embarcaciones marinas, 6 ambulancias y un helic\u00f3ptero; Cruz Roja, 123 ambulancias y mil socorristas, voluntarios y juventinos; Bomberos, 520 voluntarios y 104 unidades extintoras y escaladoras, y una ambulancia; Comisi\u00f3n Federal de Electricidad, 41 gr\u00faas y 39 plantas de emergencia generadoras de corriente; SCT, 16 cuadrillas con 95 trabajadores que operar\u00e1n 25 unidades de maquinaria pesada para rehabilitar caminos.<\/p>\n\n\n\n<p>La bienvenida al evento estuvo a cargo del secretario general de Gobierno, Enrique Inzunza C\u00e1zarez; y tambi\u00e9n asistieron el secretario de Administraci\u00f3n y Finanzas, Enrique D\u00edaz Vega; el secretario de Salud, Cuitl\u00e1huac Gonz\u00e1lez Galindo; la secretaria de Bienestar y Desarrollo Sustentable, Mar\u00eda In\u00e9s P\u00e9rez Corral; la secretaria de Educaci\u00f3n P\u00fablica y Cultura, Graciela Dom\u00ednguez Nava; y el secretario de Seguridad P\u00fablica, el general retirado Gerardo M\u00e9rida S\u00e1nchez.<\/p>\n","protected":false},"excerpt":{"rendered":"<p>Todas las instituciones se declararon listas para atender cualquier eventualidad ante la llegada de este fen\u00f3meno a Sinaloa, que se estima ser\u00e1 la ma\u00f1ana del lunes Un total de 120 refugios ya est\u00e1n habilitados, con capacidad para 50 mil personas, en caso de ser necesarias evacuaciones *El gobernador del estado adelant\u00f3 que en los casos [&hellip;]<\/p>\n","protected":false},"author":4,"featured_media":63264,"comment_status":"open","ping_status":"open","sticky":false,"template":"","format":"standard","meta":{"tdm_status":"","tdm_grid_status":"","footnotes":""},"categories":[37,1],"tags":[],"class_list":{"0":"post-63260","1":"post","2":"type-post","3":"status-publish","4":"format-standard","5":"has-post-thumbnail","7":"category-nota-principal","8":"category-sin-categoria"},"yoast_head":"<!-- This site is optimized with the Yoast SEO plugin v27.5 - https:\/\/yoast.com\/product\/yoast-seo-wordpress\/ -->\n<title>Encabeza Rocha Reuni\u00f3n Estatal de Emergencia por el hurac\u00e1n \u201cNorma\u201d - Fuentes Fidedignas<\/title>\n<meta name=\"robots\" content=\"index, follow, max-snippet:-1, max-image-preview:large, max-video-preview:-1\" \/>\n<link rel=\"canonical\" href=\"https:\/\/fuentesfidedignas.com.mx\/index.php\/2023\/10\/21\/encabeza-rocha-reunion-estatal-de-emergencia-por-el-huracan-norma\/\" \/>\n<meta property=\"og:locale\" content=\"es_MX\" \/>\n<meta property=\"og:type\" content=\"article\" \/>\n<meta property=\"og:title\" content=\"Encabeza Rocha Reuni\u00f3n Estatal de Emergencia por el hurac\u00e1n \u201cNorma\u201d - Fuentes Fidedignas\" \/>\n<meta property=\"og:description\" content=\"Todas las instituciones se declararon listas para atender cualquier eventualidad ante la llegada de este fen\u00f3meno a Sinaloa, que se estima ser\u00e1 la ma\u00f1ana del lunes Un total de 120 refugios ya est\u00e1n habilitados, con capacidad para 50 mil personas, en caso de ser necesarias evacuaciones *El gobernador del estado adelant\u00f3 que en los casos [&hellip;]\" \/>\n<meta property=\"og:url\" content=\"https:\/\/fuentesfidedignas.com.mx\/index.php\/2023\/10\/21\/encabeza-rocha-reunion-estatal-de-emergencia-por-el-huracan-norma\/\" \/>\n<meta property=\"og:site_name\" content=\"Fuentes Fidedignas\" \/>\n<meta property=\"article:publisher\" content=\"https:\/\/www.facebook.com\/Fuentes-Fidedignas-368234489921644\" \/>\n<meta property=\"article:published_time\" content=\"2023-10-21T19:27:30+00:00\" \/>\n<meta property=\"article:modified_time\" content=\"2023-10-21T19:29:05+00:00\" \/>\n<meta property=\"og:image\" content=\"https:\/\/fuentesfidedignas.com.mx\/wp-content\/uploads\/2023\/10\/IMG-20231021-WA0032.jpg\" \/>\n\t<meta property=\"og:image:width\" content=\"1024\" \/>\n\t<meta property=\"og:image:height\" content=\"683\" \/>\n\t<meta property=\"og:image:type\" content=\"image\/jpeg\" \/>\n<meta name=\"author\" content=\"Redacci\u00f3n\" \/>\n<meta name=\"twitter:card\" content=\"summary_large_image\" \/>\n<meta name=\"twitter:creator\" content=\"@fidedignas\" \/>\n<meta name=\"twitter:site\" content=\"@fidedignas\" \/>\n<meta name=\"twitter:label1\" content=\"Escrito por\" \/>\n\t<meta name=\"twitter:data1\" content=\"Redacci\u00f3n\" \/>\n\t<meta name=\"twitter:label2\" content=\"Tiempo de lectura\" \/>\n\t<meta name=\"twitter:data2\" content=\"5 minutos\" \/>\n<script type=\"application\/ld+json\" class=\"yoast-schema-graph\">{\"@context\":\"https:\\\/\\\/schema.org\",\"@graph\":[{\"@type\":\"Article\",\"@id\":\"https:\\\/\\\/fuentesfidedignas.com.mx\\\/index.php\\\/2023\\\/10\\\/21\\\/encabeza-rocha-reunion-estatal-de-emergencia-por-el-huracan-norma\\\/#article\",\"isPartOf\":{\"@id\":\"https:\\\/\\\/fuentesfidedignas.com.mx\\\/index.php\\\/2023\\\/10\\\/21\\\/encabeza-rocha-reunion-estatal-de-emergencia-por-el-huracan-norma\\\/\"},\"author\":{\"name\":\"Redacci\u00f3n\",\"@id\":\"https:\\\/\\\/fuentesfidedignas.com.mx\\\/#\\\/schema\\\/person\\\/331be9283d37198e2acd5750279085b0\"},\"headline\":\"Encabeza Rocha Reuni\u00f3n Estatal de Emergencia por el hurac\u00e1n \u201cNorma\u201d\",\"datePublished\":\"2023-10-21T19:27:30+00:00\",\"dateModified\":\"2023-10-21T19:29:05+00:00\",\"mainEntityOfPage\":{\"@id\":\"https:\\\/\\\/fuentesfidedignas.com.mx\\\/index.php\\\/2023\\\/10\\\/21\\\/encabeza-rocha-reunion-estatal-de-emergencia-por-el-huracan-norma\\\/\"},\"wordCount\":928,\"commentCount\":0,\"publisher\":{\"@id\":\"https:\\\/\\\/fuentesfidedignas.com.mx\\\/#organization\"},\"image\":{\"@id\":\"https:\\\/\\\/fuentesfidedignas.com.mx\\\/index.php\\\/2023\\\/10\\\/21\\\/encabeza-rocha-reunion-estatal-de-emergencia-por-el-huracan-norma\\\/#primaryimage\"},\"thumbnailUrl\":\"https:\\\/\\\/fuentesfidedignas.com.mx\\\/wp-content\\\/uploads\\\/2023\\\/10\\\/IMG-20231021-WA0032.jpg\",\"articleSection\":[\"NOTA PRINCIPAL\"],\"inLanguage\":\"es\",\"potentialAction\":[{\"@type\":\"CommentAction\",\"name\":\"Comment\",\"target\":[\"https:\\\/\\\/fuentesfidedignas.com.mx\\\/index.php\\\/2023\\\/10\\\/21\\\/encabeza-rocha-reunion-estatal-de-emergencia-por-el-huracan-norma\\\/#respond\"]}]},{\"@type\":\"WebPage\",\"@id\":\"https:\\\/\\\/fuentesfidedignas.com.mx\\\/index.php\\\/2023\\\/10\\\/21\\\/encabeza-rocha-reunion-estatal-de-emergencia-por-el-huracan-norma\\\/\",\"url\":\"https:\\\/\\\/fuentesfidedignas.com.mx\\\/index.php\\\/2023\\\/10\\\/21\\\/encabeza-rocha-reunion-estatal-de-emergencia-por-el-huracan-norma\\\/\",\"name\":\"Encabeza Rocha Reuni\u00f3n Estatal de Emergencia por el hurac\u00e1n \u201cNorma\u201d - Fuentes Fidedignas\",\"isPartOf\":{\"@id\":\"https:\\\/\\\/fuentesfidedignas.com.mx\\\/#website\"},\"primaryImageOfPage\":{\"@id\":\"https:\\\/\\\/fuentesfidedignas.com.mx\\\/index.php\\\/2023\\\/10\\\/21\\\/encabeza-rocha-reunion-estatal-de-emergencia-por-el-huracan-norma\\\/#primaryimage\"},\"image\":{\"@id\":\"https:\\\/\\\/fuentesfidedignas.com.mx\\\/index.php\\\/2023\\\/10\\\/21\\\/encabeza-rocha-reunion-estatal-de-emergencia-por-el-huracan-norma\\\/#primaryimage\"},\"thumbnailUrl\":\"https:\\\/\\\/fuentesfidedignas.com.mx\\\/wp-content\\\/uploads\\\/2023\\\/10\\\/IMG-20231021-WA0032.jpg\",\"datePublished\":\"2023-10-21T19:27:30+00:00\",\"dateModified\":\"2023-10-21T19:29:05+00:00\",\"breadcrumb\":{\"@id\":\"https:\\\/\\\/fuentesfidedignas.com.mx\\\/index.php\\\/2023\\\/10\\\/21\\\/encabeza-rocha-reunion-estatal-de-emergencia-por-el-huracan-norma\\\/#breadcrumb\"},\"inLanguage\":\"es\",\"potentialAction\":[{\"@type\":\"ReadAction\",\"target\":[\"https:\\\/\\\/fuentesfidedignas.com.mx\\\/index.php\\\/2023\\\/10\\\/21\\\/encabeza-rocha-reunion-estatal-de-emergencia-por-el-huracan-norma\\\/\"]}]},{\"@type\":\"ImageObject\",\"inLanguage\":\"es\",\"@id\":\"https:\\\/\\\/fuentesfidedignas.com.mx\\\/index.php\\\/2023\\\/10\\\/21\\\/encabeza-rocha-reunion-estatal-de-emergencia-por-el-huracan-norma\\\/#primaryimage\",\"url\":\"https:\\\/\\\/fuentesfidedignas.com.mx\\\/wp-content\\\/uploads\\\/2023\\\/10\\\/IMG-20231021-WA0032.jpg\",\"contentUrl\":\"https:\\\/\\\/fuentesfidedignas.com.mx\\\/wp-content\\\/uploads\\\/2023\\\/10\\\/IMG-20231021-WA0032.jpg\",\"width\":1024,\"height\":683},{\"@type\":\"BreadcrumbList\",\"@id\":\"https:\\\/\\\/fuentesfidedignas.com.mx\\\/index.php\\\/2023\\\/10\\\/21\\\/encabeza-rocha-reunion-estatal-de-emergencia-por-el-huracan-norma\\\/#breadcrumb\",\"itemListElement\":[{\"@type\":\"ListItem\",\"position\":1,\"name\":\"Inicio\",\"item\":\"https:\\\/\\\/fuentesfidedignas.com.mx\\\/\"},{\"@type\":\"ListItem\",\"position\":2,\"name\":\"Encabeza Rocha Reuni\u00f3n Estatal de Emergencia por el hurac\u00e1n \u201cNorma\u201d\"}]},{\"@type\":\"WebSite\",\"@id\":\"https:\\\/\\\/fuentesfidedignas.com.mx\\\/#website\",\"url\":\"https:\\\/\\\/fuentesfidedignas.com.mx\\\/\",\"name\":\"Fuentes Fidedignas\",\"description\":\"Otro sitio realizado con WordPress\",\"publisher\":{\"@id\":\"https:\\\/\\\/fuentesfidedignas.com.mx\\\/#organization\"},\"potentialAction\":[{\"@type\":\"SearchAction\",\"target\":{\"@type\":\"EntryPoint\",\"urlTemplate\":\"https:\\\/\\\/fuentesfidedignas.com.mx\\\/?s={search_term_string}\"},\"query-input\":{\"@type\":\"PropertyValueSpecification\",\"valueRequired\":true,\"valueName\":\"search_term_string\"}}],\"inLanguage\":\"es\"},{\"@type\":\"Organization\",\"@id\":\"https:\\\/\\\/fuentesfidedignas.com.mx\\\/#organization\",\"name\":\"Fuentes Fidedignas\",\"url\":\"https:\\\/\\\/fuentesfidedignas.com.mx\\\/\",\"logo\":{\"@type\":\"ImageObject\",\"inLanguage\":\"es\",\"@id\":\"https:\\\/\\\/fuentesfidedignas.com.mx\\\/#\\\/schema\\\/logo\\\/image\\\/\",\"url\":\"https:\\\/\\\/fuentesfidedignas.com.mx\\\/wp-content\\\/uploads\\\/2021\\\/04\\\/logo-retina.png\",\"contentUrl\":\"https:\\\/\\\/fuentesfidedignas.com.mx\\\/wp-content\\\/uploads\\\/2021\\\/04\\\/logo-retina.png\",\"width\":280,\"height\":51,\"caption\":\"Fuentes Fidedignas\"},\"image\":{\"@id\":\"https:\\\/\\\/fuentesfidedignas.com.mx\\\/#\\\/schema\\\/logo\\\/image\\\/\"},\"sameAs\":[\"https:\\\/\\\/www.facebook.com\\\/Fuentes-Fidedignas-368234489921644\",\"https:\\\/\\\/x.com\\\/fidedignas\"]},{\"@type\":\"Person\",\"@id\":\"https:\\\/\\\/fuentesfidedignas.com.mx\\\/#\\\/schema\\\/person\\\/331be9283d37198e2acd5750279085b0\",\"name\":\"Redacci\u00f3n\",\"image\":{\"@type\":\"ImageObject\",\"inLanguage\":\"es\",\"@id\":\"https:\\\/\\\/secure.gravatar.com\\\/avatar\\\/f6d8782c11d12b2d4ad3fbb6931aeab5309937a4d6cd2fc9cfaa28a6396a5aec?s=96&d=mm&r=g\",\"url\":\"https:\\\/\\\/secure.gravatar.com\\\/avatar\\\/f6d8782c11d12b2d4ad3fbb6931aeab5309937a4d6cd2fc9cfaa28a6396a5aec?s=96&d=mm&r=g\",\"contentUrl\":\"https:\\\/\\\/secure.gravatar.com\\\/avatar\\\/f6d8782c11d12b2d4ad3fbb6931aeab5309937a4d6cd2fc9cfaa28a6396a5aec?s=96&d=mm&r=g\",\"caption\":\"Redacci\u00f3n\"},\"url\":\"https:\\\/\\\/fuentesfidedignas.com.mx\\\/index.php\\\/author\\\/redaccion\\\/\"}]}<\/script>\n<!-- \/ Yoast SEO plugin. -->","yoast_head_json":{"title":"Encabeza Rocha Reuni\u00f3n Estatal de Emergencia por el hurac\u00e1n \u201cNorma\u201d - Fuentes Fidedignas","robots":{"index":"index","follow":"follow","max-snippet":"max-snippet:-1","max-image-preview":"max-image-preview:large","max-video-preview":"max-video-preview:-1"},"canonical":"https:\/\/fuentesfidedignas.com.mx\/index.php\/2023\/10\/21\/encabeza-rocha-reunion-estatal-de-emergencia-por-el-huracan-norma\/","og_locale":"es_MX","og_type":"article","og_title":"Encabeza Rocha Reuni\u00f3n Estatal de Emergencia por el hurac\u00e1n \u201cNorma\u201d - Fuentes Fidedignas","og_description":"Todas las instituciones se declararon listas para atender cualquier eventualidad ante la llegada de este fen\u00f3meno a Sinaloa, que se estima ser\u00e1 la ma\u00f1ana del lunes Un total de 120 refugios ya est\u00e1n habilitados, con capacidad para 50 mil personas, en caso de ser necesarias evacuaciones *El gobernador del estado adelant\u00f3 que en los casos [&hellip;]","og_url":"https:\/\/fuentesfidedignas.com.mx\/index.php\/2023\/10\/21\/encabeza-rocha-reunion-estatal-de-emergencia-por-el-huracan-norma\/","og_site_name":"Fuentes Fidedignas","article_publisher":"https:\/\/www.facebook.com\/Fuentes-Fidedignas-368234489921644","article_published_time":"2023-10-21T19:27:30+00:00","article_modified_time":"2023-10-21T19:29:05+00:00","og_image":[{"width":1024,"height":683,"url":"https:\/\/fuentesfidedignas.com.mx\/wp-content\/uploads\/2023\/10\/IMG-20231021-WA0032.jpg","type":"image\/jpeg"}],"author":"Redacci\u00f3n","twitter_card":"summary_large_image","twitter_creator":"@fidedignas","twitter_site":"@fidedignas","twitter_misc":{"Escrito por":"Redacci\u00f3n","Tiempo de lectura":"5 minutos"},"schema":{"@context":"https:\/\/schema.org","@graph":[{"@type":"Article","@id":"https:\/\/fuentesfidedignas.com.mx\/index.php\/2023\/10\/21\/encabeza-rocha-reunion-estatal-de-emergencia-por-el-huracan-norma\/#article","isPartOf":{"@id":"https:\/\/fuentesfidedignas.com.mx\/index.php\/2023\/10\/21\/encabeza-rocha-reunion-estatal-de-emergencia-por-el-huracan-norma\/"},"author":{"name":"Redacci\u00f3n","@id":"https:\/\/fuentesfidedignas.com.mx\/#\/schema\/person\/331be9283d37198e2acd5750279085b0"},"headline":"Encabeza Rocha Reuni\u00f3n Estatal de Emergencia por el hurac\u00e1n \u201cNorma\u201d","datePublished":"2023-10-21T19:27:30+00:00","dateModified":"2023-10-21T19:29:05+00:00","mainEntityOfPage":{"@id":"https:\/\/fuentesfidedignas.com.mx\/index.php\/2023\/10\/21\/encabeza-rocha-reunion-estatal-de-emergencia-por-el-huracan-norma\/"},"wordCount":928,"commentCount":0,"publisher":{"@id":"https:\/\/fuentesfidedignas.com.mx\/#organization"},"image":{"@id":"https:\/\/fuentesfidedignas.com.mx\/index.php\/2023\/10\/21\/encabeza-rocha-reunion-estatal-de-emergencia-por-el-huracan-norma\/#primaryimage"},"thumbnailUrl":"https:\/\/fuentesfidedignas.com.mx\/wp-content\/uploads\/2023\/10\/IMG-20231021-WA0032.jpg","articleSection":["NOTA PRINCIPAL"],"inLanguage":"es","potentialAction":[{"@type":"CommentAction","name":"Comment","target":["https:\/\/fuentesfidedignas.com.mx\/index.php\/2023\/10\/21\/encabeza-rocha-reunion-estatal-de-emergencia-por-el-huracan-norma\/#respond"]}]},{"@type":"WebPage","@id":"https:\/\/fuentesfidedignas.com.mx\/index.php\/2023\/10\/21\/encabeza-rocha-reunion-estatal-de-emergencia-por-el-huracan-norma\/","url":"https:\/\/fuentesfidedignas.com.mx\/index.php\/2023\/10\/21\/encabeza-rocha-reunion-estatal-de-emergencia-por-el-huracan-norma\/","name":"Encabeza Rocha Reuni\u00f3n Estatal de Emergencia por el hurac\u00e1n \u201cNorma\u201d - Fuentes Fidedignas","isPartOf":{"@id":"https:\/\/fuentesfidedignas.com.mx\/#website"},"primaryImageOfPage":{"@id":"https:\/\/fuentesfidedignas.com.mx\/index.php\/2023\/10\/21\/encabeza-rocha-reunion-estatal-de-emergencia-por-el-huracan-norma\/#primaryimage"},"image":{"@id":"https:\/\/fuentesfidedignas.com.mx\/index.php\/2023\/10\/21\/encabeza-rocha-reunion-estatal-de-emergencia-por-el-huracan-norma\/#primaryimage"},"thumbnailUrl":"https:\/\/fuentesfidedignas.com.mx\/wp-content\/uploads\/2023\/10\/IMG-20231021-WA0032.jpg","datePublished":"2023-10-21T19:27:30+00:00","dateModified":"2023-10-21T19:29:05+00:00","breadcrumb":{"@id":"https:\/\/fuentesfidedignas.com.mx\/index.php\/2023\/10\/21\/encabeza-rocha-reunion-estatal-de-emergencia-por-el-huracan-norma\/#breadcrumb"},"inLanguage":"es","potentialAction":[{"@type":"ReadAction","target":["https:\/\/fuentesfidedignas.com.mx\/index.php\/2023\/10\/21\/encabeza-rocha-reunion-estatal-de-emergencia-por-el-huracan-norma\/"]}]},{"@type":"ImageObject","inLanguage":"es","@id":"https:\/\/fuentesfidedignas.com.mx\/index.php\/2023\/10\/21\/encabeza-rocha-reunion-estatal-de-emergencia-por-el-huracan-norma\/#primaryimage","url":"https:\/\/fuentesfidedignas.com.mx\/wp-content\/uploads\/2023\/10\/IMG-20231021-WA0032.jpg","contentUrl":"https:\/\/fuentesfidedignas.com.mx\/wp-content\/uploads\/2023\/10\/IMG-20231021-WA0032.jpg","width":1024,"height":683},{"@type":"BreadcrumbList","@id":"https:\/\/fuentesfidedignas.com.mx\/index.php\/2023\/10\/21\/encabeza-rocha-reunion-estatal-de-emergencia-por-el-huracan-norma\/#breadcrumb","itemListElement":[{"@type":"ListItem","position":1,"name":"Inicio","item":"https:\/\/fuentesfidedignas.com.mx\/"},{"@type":"ListItem","position":2,"name":"Encabeza Rocha Reuni\u00f3n Estatal de Emergencia por el hurac\u00e1n \u201cNorma\u201d"}]},{"@type":"WebSite","@id":"https:\/\/fuentesfidedignas.com.mx\/#website","url":"https:\/\/fuentesfidedignas.com.mx\/","name":"Fuentes Fidedignas","description":"Otro sitio realizado con WordPress","publisher":{"@id":"https:\/\/fuentesfidedignas.com.mx\/#organization"},"potentialAction":[{"@type":"SearchAction","target":{"@type":"EntryPoint","urlTemplate":"https:\/\/fuentesfidedignas.com.mx\/?s={search_term_string}"},"query-input":{"@type":"PropertyValueSpecification","valueRequired":true,"valueName":"search_term_string"}}],"inLanguage":"es"},{"@type":"Organization","@id":"https:\/\/fuentesfidedignas.com.mx\/#organization","name":"Fuentes Fidedignas","url":"https:\/\/fuentesfidedignas.com.mx\/","logo":{"@type":"ImageObject","inLanguage":"es","@id":"https:\/\/fuentesfidedignas.com.mx\/#\/schema\/logo\/image\/","url":"https:\/\/fuentesfidedignas.com.mx\/wp-content\/uploads\/2021\/04\/logo-retina.png","contentUrl":"https:\/\/fuentesfidedignas.com.mx\/wp-content\/uploads\/2021\/04\/logo-retina.png","width":280,"height":51,"caption":"Fuentes Fidedignas"},"image":{"@id":"https:\/\/fuentesfidedignas.com.mx\/#\/schema\/logo\/image\/"},"sameAs":["https:\/\/www.facebook.com\/Fuentes-Fidedignas-368234489921644","https:\/\/x.com\/fidedignas"]},{"@type":"Person","@id":"https:\/\/fuentesfidedignas.com.mx\/#\/schema\/person\/331be9283d37198e2acd5750279085b0","name":"Redacci\u00f3n","image":{"@type":"ImageObject","inLanguage":"es","@id":"https:\/\/secure.gravatar.com\/avatar\/f6d8782c11d12b2d4ad3fbb6931aeab5309937a4d6cd2fc9cfaa28a6396a5aec?s=96&d=mm&r=g","url":"https:\/\/secure.gravatar.com\/avatar\/f6d8782c11d12b2d4ad3fbb6931aeab5309937a4d6cd2fc9cfaa28a6396a5aec?s=96&d=mm&r=g","contentUrl":"https:\/\/secure.gravatar.com\/avatar\/f6d8782c11d12b2d4ad3fbb6931aeab5309937a4d6cd2fc9cfaa28a6396a5aec?s=96&d=mm&r=g","caption":"Redacci\u00f3n"},"url":"https:\/\/fuentesfidedignas.com.mx\/index.php\/author\/redaccion\/"}]}},"_links":{"self":[{"href":"https:\/\/fuentesfidedignas.com.mx\/index.php\/wp-json\/wp\/v2\/posts\/63260","targetHints":{"allow":["GET"]}}],"collection":[{"href":"https:\/\/fuentesfidedignas.com.mx\/index.php\/wp-json\/wp\/v2\/posts"}],"about":[{"href":"https:\/\/fuentesfidedignas.com.mx\/index.php\/wp-json\/wp\/v2\/types\/post"}],"author":[{"embeddable":true,"href":"https:\/\/fuentesfidedignas.com.mx\/index.php\/wp-json\/wp\/v2\/users\/4"}],"replies":[{"embeddable":true,"href":"https:\/\/fuentesfidedignas.com.mx\/index.php\/wp-json\/wp\/v2\/comments?post=63260"}],"version-history":[{"count":1,"href":"https:\/\/fuentesfidedignas.com.mx\/index.php\/wp-json\/wp\/v2\/posts\/63260\/revisions"}],"predecessor-version":[{"id":63263,"href":"https:\/\/fuentesfidedignas.com.mx\/index.php\/wp-json\/wp\/v2\/posts\/63260\/revisions\/63263"}],"wp:featuredmedia":[{"embeddable":true,"href":"https:\/\/fuentesfidedignas.com.mx\/index.php\/wp-json\/wp\/v2\/media\/63264"}],"wp:attachment":[{"href":"https:\/\/fuentesfidedignas.com.mx\/index.php\/wp-json\/wp\/v2\/media?parent=63260"}],"wp:term":[{"taxonomy":"category","embeddable":true,"href":"https:\/\/fuentesfidedignas.com.mx\/index.php\/wp-json\/wp\/v2\/categories?post=63260"},{"taxonomy":"post_tag","embeddable":true,"href":"https:\/\/fuentesfidedignas.com.mx\/index.php\/wp-json\/wp\/v2\/tags?post=63260"}],"curies":[{"name":"wp","href":"https:\/\/api.w.org\/{rel}","templated":true}]}}