{"id":63160,"date":"2023-10-20T12:24:59","date_gmt":"2023-10-20T19:24:59","guid":{"rendered":"https:\/\/fuentesfidedignas.com.mx\/?p=63160"},"modified":"2023-10-20T12:25:00","modified_gmt":"2023-10-20T19:25:00","slug":"democracia-para-la-uas","status":"publish","type":"post","link":"https:\/\/fuentesfidedignas.com.mx\/index.php\/2023\/10\/20\/democracia-para-la-uas\/","title":{"rendered":"\u00bfDemocracia para la UAS?"},"content":{"rendered":"\n<p><strong>Por: Juan B. Ordorica (@juanordorica)<\/strong><\/p>\n\n\n\n<p>La Universidad Aut\u00f3noma de Sinaloa se encuentra en manos de un grupo pol\u00edtico monol\u00edtico desde principios de siglo. Son aproximadamente 20 a\u00f1os que la UAS no tiene pluralidad en sus administraciones. El sistema se rige bajo decisiones plenamente verticales con cero espacios para el intercambio de ideas. El ex rector Juan Eulogio Guerra intent\u00f3 (quien lleg\u00f3 con el apoyo del grupo de Poder dominante) intent\u00f3 romper con la Nomenklatura Uase\u00f1a (para crear una propia. No era hermana de la caridad), pero fracas\u00f3 en sus planes de construir su propio imperio universitario.&nbsp;<\/p>\n\n\n\n<p>En sentido contrario, hay voces que piden regresar al pasado: a la \u201cdemocracia\u201d universitaria de las \u00faltimas d\u00e9cadas del Siglo XX.&nbsp; Aquella democracia de las carnes asadas; de los conciertos populares del Recodo y Julio Preciado; a los acarreos masivos; a la eterna fiesta en las facultades; al despilfarro apote\u00f3sico en aras de granjearse los votos de los estudiantes. Sinaloa, en mayor o menor medida est\u00e1 viviendo una democracia extra\u00edda de aquellas \u00e9pocas. Los grupos pol\u00edticos actuales que controlan los espacios p\u00fablicos fueron actores preponderantes de aquella escuela electoral rosalina. La democracia universitaria de los 80\u00b4s y 90\u00b4s escap\u00f3 de los campus para impregnar la vida p\u00fablica de la sociedad moderna en nuestro estado. Las viejas formas de hacer pol\u00edtica en la UAS son las actuales formas de hacer pol\u00edtica en Sinaloa.<\/p>\n\n\n\n<p>La vida universitaria pas\u00f3 de los excesos de su idea de democracia a una falta absoluta de ella. En lo personal, considero que la UAS deber\u00eda ser m\u00e1s plural, pero no regresando a la \u201cdemocracia\u201d que alguna vez fue. La UAS tiene mejores resultados en lo acad\u00e9mico desde que las elecciones se dejaron de organizar entre los estudiantes (los par\u00e1metros de los resultados existen para quien quiera comparar). El fin \u00faltimo de la Universidad no es organizar elecciones. S\u00ed debe existir el debate e intercambio de ideas, pero sin entregarse a la lucha encarnizada por el Poder a costa de la academia.<\/p>\n\n\n\n<p>La democracia directa entre los universitarios no es sin\u00f3nimo de buenos resultados. De las 10 mejores universidades del mundo (Ranking QS): (MIT, Cambridge, Oxford,&nbsp; Harvard, Stanford, Colegio Imperial de Londres, ETH Zurich, Universidad de Singapur, UCL y Berkley) ninguna de ellas tiene voto directo para elegir a sus autoridades. En el caso de las 10 mejores universidades de Am\u00e9rica Latina (De Buenos Aires, UNAM, Sao Paulo, Cat\u00f3lica de Chile, U de Chile, De Campinha, De los Andes, Nacional de Colombia y Cat\u00f3lica Argentina) \u00fanicamente la Universidad de Chile tiene la modalidad del voto universal como forma de elecci\u00f3n de su rector. Por \u00faltimo, de las mejores 10 universidades de M\u00e9xico (UNAM, ITESM, ITAM, IPN, UDEG, UP, COLMEX, Iberoamericana, An\u00e1huac y UAM) ninguna de ellas utiliza la consulta directa a la comunidad universitaria para decidir qui\u00e9n ser\u00e1 su rector.<\/p>\n\n\n\n<p>En el ranking de las mejores universidades del mundo, de la regi\u00f3n y de M\u00e9xico el modelo que m\u00e1s se repite es la elecci\u00f3n de autoridades a trav\u00e9s de un Consejo Universitario o su equivalente. Algunas universidades p\u00fablicas en la lista tienen rectores designados unilateralmente por autoridades pol\u00edticas (gobernadores o presidentes) y en las universidades privadas sobresale la designaci\u00f3n a trav\u00e9s de un Consejo de notables. \u00danicamente la Universidad de Chile de las 30 universidades mencionadas consulta a la comunidad estudiantil.<\/p>\n\n\n\n<p>Los resultados son m\u00e1s que obvios: democracia directa no implica mejores resultados en la academia.&nbsp; Desde luego que hay una diversidad de ideas y pluralidad en las universidades del ranking. Hay excepciones, pero en muy pocas de ellas se castiga pensar diferente.<\/p>\n\n\n\n<p>A mi entender como ex trabajador universitario y egresado de la UAS la soluci\u00f3n no radica en revivir la democracia uase\u00f1a. Fu\u00ed participe de esa democracia y creo que fue uno de mis errores de juventud. No llega al arrepentimiento; sin embargo, es motivo suficiente para reflexionar sobre las consecuencias de aplaudir y participar en los excesos de la democracia a la uase\u00f1a. Esa democracia trajo provecho a grupos pol\u00edticos, pero no a la comunidad universitaria. La calidad de la ense\u00f1anza se pon\u00eda en segundo plano en aras de ganar las elecciones.<\/p>\n\n\n\n<p>La UAS necesita apertura, pluralidad y nuevas ideas. No debe de ser patrimonio de ning\u00fan grupo en especial. La soluci\u00f3n tampoco est\u00e1 en regresar al pasado o seguir manteniendo el presente. Existen muchas opciones, por desgracia, en la idiosincrasia manique\u00edsta de nuestra sociedad no hay m\u00e1s que de dos sopas: regresar al pasado y sus excesos o mantener el monolito impenetrable de la UAS de hoy.<\/p>\n\n\n\n<p>\u00bfUsted qu\u00e9 opina amable lector? \u00bfDemocracia para la UAS o UAS con otra democracia?<\/p>\n","protected":false},"excerpt":{"rendered":"<p>Por: Juan B. Ordorica (@juanordorica) La Universidad Aut\u00f3noma de Sinaloa se encuentra en manos de un grupo pol\u00edtico monol\u00edtico desde principios de siglo. Son aproximadamente 20 a\u00f1os que la UAS no tiene pluralidad en sus administraciones. El sistema se rige bajo decisiones plenamente verticales con cero espacios para el intercambio de ideas. El ex rector [&hellip;]<\/p>\n","protected":false},"author":90,"featured_media":45741,"comment_status":"open","ping_status":"open","sticky":false,"template":"","format":"standard","meta":{"tdm_status":"","tdm_grid_status":"","footnotes":""},"categories":[3064,2729],"tags":[],"class_list":{"0":"post-63160","1":"post","2":"type-post","3":"status-publish","4":"format-standard","5":"has-post-thumbnail","7":"category-columnas","8":"category-sofismas-de-ocasion"},"yoast_head":"<!-- This site is optimized with the Yoast SEO plugin v27.5 - https:\/\/yoast.com\/product\/yoast-seo-wordpress\/ -->\n<title>\u00bfDemocracia para la UAS? - Fuentes Fidedignas<\/title>\n<meta name=\"robots\" content=\"index, follow, max-snippet:-1, max-image-preview:large, max-video-preview:-1\" \/>\n<link rel=\"canonical\" href=\"https:\/\/fuentesfidedignas.com.mx\/index.php\/2023\/10\/20\/democracia-para-la-uas\/\" \/>\n<meta property=\"og:locale\" content=\"es_MX\" \/>\n<meta property=\"og:type\" content=\"article\" \/>\n<meta property=\"og:title\" content=\"\u00bfDemocracia para la UAS? - Fuentes Fidedignas\" \/>\n<meta property=\"og:description\" content=\"Por: Juan B. Ordorica (@juanordorica) La Universidad Aut\u00f3noma de Sinaloa se encuentra en manos de un grupo pol\u00edtico monol\u00edtico desde principios de siglo. Son aproximadamente 20 a\u00f1os que la UAS no tiene pluralidad en sus administraciones. El sistema se rige bajo decisiones plenamente verticales con cero espacios para el intercambio de ideas. El ex rector [&hellip;]\" \/>\n<meta property=\"og:url\" content=\"https:\/\/fuentesfidedignas.com.mx\/index.php\/2023\/10\/20\/democracia-para-la-uas\/\" \/>\n<meta property=\"og:site_name\" content=\"Fuentes Fidedignas\" \/>\n<meta property=\"article:publisher\" content=\"https:\/\/www.facebook.com\/Fuentes-Fidedignas-368234489921644\" \/>\n<meta property=\"article:published_time\" content=\"2023-10-20T19:24:59+00:00\" \/>\n<meta property=\"article:modified_time\" content=\"2023-10-20T19:25:00+00:00\" \/>\n<meta property=\"og:image\" content=\"https:\/\/fuentesfidedignas.com.mx\/wp-content\/uploads\/2023\/04\/ordorica.jpg\" \/>\n\t<meta property=\"og:image:width\" content=\"625\" \/>\n\t<meta property=\"og:image:height\" content=\"936\" \/>\n\t<meta property=\"og:image:type\" content=\"image\/jpeg\" \/>\n<meta name=\"author\" content=\"Juan B. Ordorica\" \/>\n<meta name=\"twitter:card\" content=\"summary_large_image\" \/>\n<meta name=\"twitter:creator\" content=\"@fidedignas\" \/>\n<meta name=\"twitter:site\" content=\"@fidedignas\" \/>\n<meta name=\"twitter:label1\" content=\"Escrito por\" \/>\n\t<meta name=\"twitter:data1\" content=\"Juan B. Ordorica\" \/>\n\t<meta name=\"twitter:label2\" content=\"Tiempo de lectura\" \/>\n\t<meta name=\"twitter:data2\" content=\"4 minutos\" \/>\n<script type=\"application\/ld+json\" class=\"yoast-schema-graph\">{\"@context\":\"https:\\\/\\\/schema.org\",\"@graph\":[{\"@type\":\"Article\",\"@id\":\"https:\\\/\\\/fuentesfidedignas.com.mx\\\/index.php\\\/2023\\\/10\\\/20\\\/democracia-para-la-uas\\\/#article\",\"isPartOf\":{\"@id\":\"https:\\\/\\\/fuentesfidedignas.com.mx\\\/index.php\\\/2023\\\/10\\\/20\\\/democracia-para-la-uas\\\/\"},\"author\":{\"name\":\"Juan B. Ordorica\",\"@id\":\"https:\\\/\\\/fuentesfidedignas.com.mx\\\/#\\\/schema\\\/person\\\/a24a4d1a5ecdf3b48c4333fa1c26269a\"},\"headline\":\"\u00bfDemocracia para la UAS?\",\"datePublished\":\"2023-10-20T19:24:59+00:00\",\"dateModified\":\"2023-10-20T19:25:00+00:00\",\"mainEntityOfPage\":{\"@id\":\"https:\\\/\\\/fuentesfidedignas.com.mx\\\/index.php\\\/2023\\\/10\\\/20\\\/democracia-para-la-uas\\\/\"},\"wordCount\":811,\"commentCount\":0,\"publisher\":{\"@id\":\"https:\\\/\\\/fuentesfidedignas.com.mx\\\/#organization\"},\"image\":{\"@id\":\"https:\\\/\\\/fuentesfidedignas.com.mx\\\/index.php\\\/2023\\\/10\\\/20\\\/democracia-para-la-uas\\\/#primaryimage\"},\"thumbnailUrl\":\"https:\\\/\\\/fuentesfidedignas.com.mx\\\/wp-content\\\/uploads\\\/2023\\\/04\\\/ordorica.jpg\",\"articleSection\":[\"COLUMNAS\",\"SOFISMAS DE OCASI\u00d3N\"],\"inLanguage\":\"es\",\"potentialAction\":[{\"@type\":\"CommentAction\",\"name\":\"Comment\",\"target\":[\"https:\\\/\\\/fuentesfidedignas.com.mx\\\/index.php\\\/2023\\\/10\\\/20\\\/democracia-para-la-uas\\\/#respond\"]}]},{\"@type\":\"WebPage\",\"@id\":\"https:\\\/\\\/fuentesfidedignas.com.mx\\\/index.php\\\/2023\\\/10\\\/20\\\/democracia-para-la-uas\\\/\",\"url\":\"https:\\\/\\\/fuentesfidedignas.com.mx\\\/index.php\\\/2023\\\/10\\\/20\\\/democracia-para-la-uas\\\/\",\"name\":\"\u00bfDemocracia para la UAS? - Fuentes Fidedignas\",\"isPartOf\":{\"@id\":\"https:\\\/\\\/fuentesfidedignas.com.mx\\\/#website\"},\"primaryImageOfPage\":{\"@id\":\"https:\\\/\\\/fuentesfidedignas.com.mx\\\/index.php\\\/2023\\\/10\\\/20\\\/democracia-para-la-uas\\\/#primaryimage\"},\"image\":{\"@id\":\"https:\\\/\\\/fuentesfidedignas.com.mx\\\/index.php\\\/2023\\\/10\\\/20\\\/democracia-para-la-uas\\\/#primaryimage\"},\"thumbnailUrl\":\"https:\\\/\\\/fuentesfidedignas.com.mx\\\/wp-content\\\/uploads\\\/2023\\\/04\\\/ordorica.jpg\",\"datePublished\":\"2023-10-20T19:24:59+00:00\",\"dateModified\":\"2023-10-20T19:25:00+00:00\",\"breadcrumb\":{\"@id\":\"https:\\\/\\\/fuentesfidedignas.com.mx\\\/index.php\\\/2023\\\/10\\\/20\\\/democracia-para-la-uas\\\/#breadcrumb\"},\"inLanguage\":\"es\",\"potentialAction\":[{\"@type\":\"ReadAction\",\"target\":[\"https:\\\/\\\/fuentesfidedignas.com.mx\\\/index.php\\\/2023\\\/10\\\/20\\\/democracia-para-la-uas\\\/\"]}]},{\"@type\":\"ImageObject\",\"inLanguage\":\"es\",\"@id\":\"https:\\\/\\\/fuentesfidedignas.com.mx\\\/index.php\\\/2023\\\/10\\\/20\\\/democracia-para-la-uas\\\/#primaryimage\",\"url\":\"https:\\\/\\\/fuentesfidedignas.com.mx\\\/wp-content\\\/uploads\\\/2023\\\/04\\\/ordorica.jpg\",\"contentUrl\":\"https:\\\/\\\/fuentesfidedignas.com.mx\\\/wp-content\\\/uploads\\\/2023\\\/04\\\/ordorica.jpg\",\"width\":625,\"height\":936},{\"@type\":\"BreadcrumbList\",\"@id\":\"https:\\\/\\\/fuentesfidedignas.com.mx\\\/index.php\\\/2023\\\/10\\\/20\\\/democracia-para-la-uas\\\/#breadcrumb\",\"itemListElement\":[{\"@type\":\"ListItem\",\"position\":1,\"name\":\"Inicio\",\"item\":\"https:\\\/\\\/fuentesfidedignas.com.mx\\\/\"},{\"@type\":\"ListItem\",\"position\":2,\"name\":\"\u00bfDemocracia para la UAS?\"}]},{\"@type\":\"WebSite\",\"@id\":\"https:\\\/\\\/fuentesfidedignas.com.mx\\\/#website\",\"url\":\"https:\\\/\\\/fuentesfidedignas.com.mx\\\/\",\"name\":\"Fuentes Fidedignas\",\"description\":\"Otro sitio realizado con WordPress\",\"publisher\":{\"@id\":\"https:\\\/\\\/fuentesfidedignas.com.mx\\\/#organization\"},\"potentialAction\":[{\"@type\":\"SearchAction\",\"target\":{\"@type\":\"EntryPoint\",\"urlTemplate\":\"https:\\\/\\\/fuentesfidedignas.com.mx\\\/?s={search_term_string}\"},\"query-input\":{\"@type\":\"PropertyValueSpecification\",\"valueRequired\":true,\"valueName\":\"search_term_string\"}}],\"inLanguage\":\"es\"},{\"@type\":\"Organization\",\"@id\":\"https:\\\/\\\/fuentesfidedignas.com.mx\\\/#organization\",\"name\":\"Fuentes Fidedignas\",\"url\":\"https:\\\/\\\/fuentesfidedignas.com.mx\\\/\",\"logo\":{\"@type\":\"ImageObject\",\"inLanguage\":\"es\",\"@id\":\"https:\\\/\\\/fuentesfidedignas.com.mx\\\/#\\\/schema\\\/logo\\\/image\\\/\",\"url\":\"https:\\\/\\\/fuentesfidedignas.com.mx\\\/wp-content\\\/uploads\\\/2021\\\/04\\\/logo-retina.png\",\"contentUrl\":\"https:\\\/\\\/fuentesfidedignas.com.mx\\\/wp-content\\\/uploads\\\/2021\\\/04\\\/logo-retina.png\",\"width\":280,\"height\":51,\"caption\":\"Fuentes Fidedignas\"},\"image\":{\"@id\":\"https:\\\/\\\/fuentesfidedignas.com.mx\\\/#\\\/schema\\\/logo\\\/image\\\/\"},\"sameAs\":[\"https:\\\/\\\/www.facebook.com\\\/Fuentes-Fidedignas-368234489921644\",\"https:\\\/\\\/x.com\\\/fidedignas\"]},{\"@type\":\"Person\",\"@id\":\"https:\\\/\\\/fuentesfidedignas.com.mx\\\/#\\\/schema\\\/person\\\/a24a4d1a5ecdf3b48c4333fa1c26269a\",\"name\":\"Juan B. Ordorica\",\"image\":{\"@type\":\"ImageObject\",\"inLanguage\":\"es\",\"@id\":\"https:\\\/\\\/secure.gravatar.com\\\/avatar\\\/3b5a779222e476e3d0086a106b74aee8b3fa5e6a729f32702d7b70dded76eca3?s=96&d=mm&r=g\",\"url\":\"https:\\\/\\\/secure.gravatar.com\\\/avatar\\\/3b5a779222e476e3d0086a106b74aee8b3fa5e6a729f32702d7b70dded76eca3?s=96&d=mm&r=g\",\"contentUrl\":\"https:\\\/\\\/secure.gravatar.com\\\/avatar\\\/3b5a779222e476e3d0086a106b74aee8b3fa5e6a729f32702d7b70dded76eca3?s=96&d=mm&r=g\",\"caption\":\"Juan B. Ordorica\"},\"url\":\"https:\\\/\\\/fuentesfidedignas.com.mx\\\/index.php\\\/author\\\/juan-b-ordorica\\\/\"}]}<\/script>\n<!-- \/ Yoast SEO plugin. -->","yoast_head_json":{"title":"\u00bfDemocracia para la UAS? - Fuentes Fidedignas","robots":{"index":"index","follow":"follow","max-snippet":"max-snippet:-1","max-image-preview":"max-image-preview:large","max-video-preview":"max-video-preview:-1"},"canonical":"https:\/\/fuentesfidedignas.com.mx\/index.php\/2023\/10\/20\/democracia-para-la-uas\/","og_locale":"es_MX","og_type":"article","og_title":"\u00bfDemocracia para la UAS? - Fuentes Fidedignas","og_description":"Por: Juan B. Ordorica (@juanordorica) La Universidad Aut\u00f3noma de Sinaloa se encuentra en manos de un grupo pol\u00edtico monol\u00edtico desde principios de siglo. Son aproximadamente 20 a\u00f1os que la UAS no tiene pluralidad en sus administraciones. El sistema se rige bajo decisiones plenamente verticales con cero espacios para el intercambio de ideas. El ex rector [&hellip;]","og_url":"https:\/\/fuentesfidedignas.com.mx\/index.php\/2023\/10\/20\/democracia-para-la-uas\/","og_site_name":"Fuentes Fidedignas","article_publisher":"https:\/\/www.facebook.com\/Fuentes-Fidedignas-368234489921644","article_published_time":"2023-10-20T19:24:59+00:00","article_modified_time":"2023-10-20T19:25:00+00:00","og_image":[{"width":625,"height":936,"url":"https:\/\/fuentesfidedignas.com.mx\/wp-content\/uploads\/2023\/04\/ordorica.jpg","type":"image\/jpeg"}],"author":"Juan B. Ordorica","twitter_card":"summary_large_image","twitter_creator":"@fidedignas","twitter_site":"@fidedignas","twitter_misc":{"Escrito por":"Juan B. Ordorica","Tiempo de lectura":"4 minutos"},"schema":{"@context":"https:\/\/schema.org","@graph":[{"@type":"Article","@id":"https:\/\/fuentesfidedignas.com.mx\/index.php\/2023\/10\/20\/democracia-para-la-uas\/#article","isPartOf":{"@id":"https:\/\/fuentesfidedignas.com.mx\/index.php\/2023\/10\/20\/democracia-para-la-uas\/"},"author":{"name":"Juan B. Ordorica","@id":"https:\/\/fuentesfidedignas.com.mx\/#\/schema\/person\/a24a4d1a5ecdf3b48c4333fa1c26269a"},"headline":"\u00bfDemocracia para la UAS?","datePublished":"2023-10-20T19:24:59+00:00","dateModified":"2023-10-20T19:25:00+00:00","mainEntityOfPage":{"@id":"https:\/\/fuentesfidedignas.com.mx\/index.php\/2023\/10\/20\/democracia-para-la-uas\/"},"wordCount":811,"commentCount":0,"publisher":{"@id":"https:\/\/fuentesfidedignas.com.mx\/#organization"},"image":{"@id":"https:\/\/fuentesfidedignas.com.mx\/index.php\/2023\/10\/20\/democracia-para-la-uas\/#primaryimage"},"thumbnailUrl":"https:\/\/fuentesfidedignas.com.mx\/wp-content\/uploads\/2023\/04\/ordorica.jpg","articleSection":["COLUMNAS","SOFISMAS DE OCASI\u00d3N"],"inLanguage":"es","potentialAction":[{"@type":"CommentAction","name":"Comment","target":["https:\/\/fuentesfidedignas.com.mx\/index.php\/2023\/10\/20\/democracia-para-la-uas\/#respond"]}]},{"@type":"WebPage","@id":"https:\/\/fuentesfidedignas.com.mx\/index.php\/2023\/10\/20\/democracia-para-la-uas\/","url":"https:\/\/fuentesfidedignas.com.mx\/index.php\/2023\/10\/20\/democracia-para-la-uas\/","name":"\u00bfDemocracia para la UAS? - Fuentes Fidedignas","isPartOf":{"@id":"https:\/\/fuentesfidedignas.com.mx\/#website"},"primaryImageOfPage":{"@id":"https:\/\/fuentesfidedignas.com.mx\/index.php\/2023\/10\/20\/democracia-para-la-uas\/#primaryimage"},"image":{"@id":"https:\/\/fuentesfidedignas.com.mx\/index.php\/2023\/10\/20\/democracia-para-la-uas\/#primaryimage"},"thumbnailUrl":"https:\/\/fuentesfidedignas.com.mx\/wp-content\/uploads\/2023\/04\/ordorica.jpg","datePublished":"2023-10-20T19:24:59+00:00","dateModified":"2023-10-20T19:25:00+00:00","breadcrumb":{"@id":"https:\/\/fuentesfidedignas.com.mx\/index.php\/2023\/10\/20\/democracia-para-la-uas\/#breadcrumb"},"inLanguage":"es","potentialAction":[{"@type":"ReadAction","target":["https:\/\/fuentesfidedignas.com.mx\/index.php\/2023\/10\/20\/democracia-para-la-uas\/"]}]},{"@type":"ImageObject","inLanguage":"es","@id":"https:\/\/fuentesfidedignas.com.mx\/index.php\/2023\/10\/20\/democracia-para-la-uas\/#primaryimage","url":"https:\/\/fuentesfidedignas.com.mx\/wp-content\/uploads\/2023\/04\/ordorica.jpg","contentUrl":"https:\/\/fuentesfidedignas.com.mx\/wp-content\/uploads\/2023\/04\/ordorica.jpg","width":625,"height":936},{"@type":"BreadcrumbList","@id":"https:\/\/fuentesfidedignas.com.mx\/index.php\/2023\/10\/20\/democracia-para-la-uas\/#breadcrumb","itemListElement":[{"@type":"ListItem","position":1,"name":"Inicio","item":"https:\/\/fuentesfidedignas.com.mx\/"},{"@type":"ListItem","position":2,"name":"\u00bfDemocracia para la UAS?"}]},{"@type":"WebSite","@id":"https:\/\/fuentesfidedignas.com.mx\/#website","url":"https:\/\/fuentesfidedignas.com.mx\/","name":"Fuentes Fidedignas","description":"Otro sitio realizado con WordPress","publisher":{"@id":"https:\/\/fuentesfidedignas.com.mx\/#organization"},"potentialAction":[{"@type":"SearchAction","target":{"@type":"EntryPoint","urlTemplate":"https:\/\/fuentesfidedignas.com.mx\/?s={search_term_string}"},"query-input":{"@type":"PropertyValueSpecification","valueRequired":true,"valueName":"search_term_string"}}],"inLanguage":"es"},{"@type":"Organization","@id":"https:\/\/fuentesfidedignas.com.mx\/#organization","name":"Fuentes Fidedignas","url":"https:\/\/fuentesfidedignas.com.mx\/","logo":{"@type":"ImageObject","inLanguage":"es","@id":"https:\/\/fuentesfidedignas.com.mx\/#\/schema\/logo\/image\/","url":"https:\/\/fuentesfidedignas.com.mx\/wp-content\/uploads\/2021\/04\/logo-retina.png","contentUrl":"https:\/\/fuentesfidedignas.com.mx\/wp-content\/uploads\/2021\/04\/logo-retina.png","width":280,"height":51,"caption":"Fuentes Fidedignas"},"image":{"@id":"https:\/\/fuentesfidedignas.com.mx\/#\/schema\/logo\/image\/"},"sameAs":["https:\/\/www.facebook.com\/Fuentes-Fidedignas-368234489921644","https:\/\/x.com\/fidedignas"]},{"@type":"Person","@id":"https:\/\/fuentesfidedignas.com.mx\/#\/schema\/person\/a24a4d1a5ecdf3b48c4333fa1c26269a","name":"Juan B. Ordorica","image":{"@type":"ImageObject","inLanguage":"es","@id":"https:\/\/secure.gravatar.com\/avatar\/3b5a779222e476e3d0086a106b74aee8b3fa5e6a729f32702d7b70dded76eca3?s=96&d=mm&r=g","url":"https:\/\/secure.gravatar.com\/avatar\/3b5a779222e476e3d0086a106b74aee8b3fa5e6a729f32702d7b70dded76eca3?s=96&d=mm&r=g","contentUrl":"https:\/\/secure.gravatar.com\/avatar\/3b5a779222e476e3d0086a106b74aee8b3fa5e6a729f32702d7b70dded76eca3?s=96&d=mm&r=g","caption":"Juan B. Ordorica"},"url":"https:\/\/fuentesfidedignas.com.mx\/index.php\/author\/juan-b-ordorica\/"}]}},"_links":{"self":[{"href":"https:\/\/fuentesfidedignas.com.mx\/index.php\/wp-json\/wp\/v2\/posts\/63160","targetHints":{"allow":["GET"]}}],"collection":[{"href":"https:\/\/fuentesfidedignas.com.mx\/index.php\/wp-json\/wp\/v2\/posts"}],"about":[{"href":"https:\/\/fuentesfidedignas.com.mx\/index.php\/wp-json\/wp\/v2\/types\/post"}],"author":[{"embeddable":true,"href":"https:\/\/fuentesfidedignas.com.mx\/index.php\/wp-json\/wp\/v2\/users\/90"}],"replies":[{"embeddable":true,"href":"https:\/\/fuentesfidedignas.com.mx\/index.php\/wp-json\/wp\/v2\/comments?post=63160"}],"version-history":[{"count":1,"href":"https:\/\/fuentesfidedignas.com.mx\/index.php\/wp-json\/wp\/v2\/posts\/63160\/revisions"}],"predecessor-version":[{"id":63161,"href":"https:\/\/fuentesfidedignas.com.mx\/index.php\/wp-json\/wp\/v2\/posts\/63160\/revisions\/63161"}],"wp:featuredmedia":[{"embeddable":true,"href":"https:\/\/fuentesfidedignas.com.mx\/index.php\/wp-json\/wp\/v2\/media\/45741"}],"wp:attachment":[{"href":"https:\/\/fuentesfidedignas.com.mx\/index.php\/wp-json\/wp\/v2\/media?parent=63160"}],"wp:term":[{"taxonomy":"category","embeddable":true,"href":"https:\/\/fuentesfidedignas.com.mx\/index.php\/wp-json\/wp\/v2\/categories?post=63160"},{"taxonomy":"post_tag","embeddable":true,"href":"https:\/\/fuentesfidedignas.com.mx\/index.php\/wp-json\/wp\/v2\/tags?post=63160"}],"curies":[{"name":"wp","href":"https:\/\/api.w.org\/{rel}","templated":true}]}}