{"id":63145,"date":"2023-10-20T11:51:42","date_gmt":"2023-10-20T18:51:42","guid":{"rendered":"https:\/\/fuentesfidedignas.com.mx\/?p=63145"},"modified":"2023-10-20T11:52:20","modified_gmt":"2023-10-20T18:52:20","slug":"secretario-de-salud-imparte-en-el-stase-la-conferencia-cancer-de-mama-a-quien-le-toca","status":"publish","type":"post","link":"https:\/\/fuentesfidedignas.com.mx\/index.php\/2023\/10\/20\/secretario-de-salud-imparte-en-el-stase-la-conferencia-cancer-de-mama-a-quien-le-toca\/","title":{"rendered":"Secretario de Salud imparte en el STASE la conferencia \u201cC\u00e1ncer de mama: \u00bfA qui\u00e9n le toca?\u201d"},"content":{"rendered":"\n<p>En el marco del D\u00eda Internacional de Lucha contra el C\u00e1ncer de Mama, se llev\u00f3 a cabo la Conferencia Magistral \u201cC\u00e1ncer de mama: \u00bfA qui\u00e9n le toca?\u201d, impartida por el cirujano onc\u00f3logo Dr. Cuitl\u00e1huac Gonz\u00e1lez Galindo, Secretario de Salud del Gobierno del Estado de Sinaloa y Director de los Servicios de Salud de Sinaloa.<\/p>\n\n\n\n<p>Al dar la bienvenida a las y los asistentes, el Secretario General del Sindicato de Trabajadores al Servicio del Estado (STASE), Michel Ben\u00edtez Uriarte, se\u00f1al\u00f3 que la ponencia sensibiliza y permite tomar conciencia de lo fundamental que es la autoexploraci\u00f3n, practicarse mastograf\u00edas de manera regular y visitar al m\u00e9dico de forma constante.<\/p>\n\n\n\n<figure class=\"wp-block-gallery has-nested-images columns-default is-cropped wp-block-gallery-1 is-layout-flex wp-block-gallery-is-layout-flex\">\n<figure class=\"wp-block-image size-large\"><img decoding=\"async\" width=\"720\" height=\"480\" data-id=\"63146\" src=\"https:\/\/fuentesfidedignas.com.mx\/wp-content\/uploads\/2023\/10\/1000151790.jpg\" alt=\"\" class=\"wp-image-63146\" srcset=\"https:\/\/fuentesfidedignas.com.mx\/wp-content\/uploads\/2023\/10\/1000151790.jpg 720w, https:\/\/fuentesfidedignas.com.mx\/wp-content\/uploads\/2023\/10\/1000151790-300x200.jpg 300w, https:\/\/fuentesfidedignas.com.mx\/wp-content\/uploads\/2023\/10\/1000151790-696x464.jpg 696w, https:\/\/fuentesfidedignas.com.mx\/wp-content\/uploads\/2023\/10\/1000151790-630x420.jpg 630w\" sizes=\"(max-width: 720px) 100vw, 720px\" \/><\/figure>\n\n\n\n<figure class=\"wp-block-image size-large\"><img decoding=\"async\" width=\"720\" height=\"1006\" data-id=\"63150\" src=\"https:\/\/fuentesfidedignas.com.mx\/wp-content\/uploads\/2023\/10\/1000151786.jpg\" alt=\"\" class=\"wp-image-63150\" srcset=\"https:\/\/fuentesfidedignas.com.mx\/wp-content\/uploads\/2023\/10\/1000151786.jpg 720w, https:\/\/fuentesfidedignas.com.mx\/wp-content\/uploads\/2023\/10\/1000151786-215x300.jpg 215w, https:\/\/fuentesfidedignas.com.mx\/wp-content\/uploads\/2023\/10\/1000151786-696x972.jpg 696w, https:\/\/fuentesfidedignas.com.mx\/wp-content\/uploads\/2023\/10\/1000151786-301x420.jpg 301w\" sizes=\"(max-width: 720px) 100vw, 720px\" \/><\/figure>\n\n\n\n<figure class=\"wp-block-image size-large\"><img decoding=\"async\" width=\"720\" height=\"480\" data-id=\"63147\" src=\"https:\/\/fuentesfidedignas.com.mx\/wp-content\/uploads\/2023\/10\/1000151788.jpg\" alt=\"\" class=\"wp-image-63147\" srcset=\"https:\/\/fuentesfidedignas.com.mx\/wp-content\/uploads\/2023\/10\/1000151788.jpg 720w, https:\/\/fuentesfidedignas.com.mx\/wp-content\/uploads\/2023\/10\/1000151788-300x200.jpg 300w, https:\/\/fuentesfidedignas.com.mx\/wp-content\/uploads\/2023\/10\/1000151788-696x464.jpg 696w, https:\/\/fuentesfidedignas.com.mx\/wp-content\/uploads\/2023\/10\/1000151788-630x420.jpg 630w\" sizes=\"(max-width: 720px) 100vw, 720px\" \/><\/figure>\n\n\n\n<figure class=\"wp-block-image size-large\"><img decoding=\"async\" width=\"720\" height=\"480\" data-id=\"63148\" src=\"https:\/\/fuentesfidedignas.com.mx\/wp-content\/uploads\/2023\/10\/1000151789.jpg\" alt=\"\" class=\"wp-image-63148\" srcset=\"https:\/\/fuentesfidedignas.com.mx\/wp-content\/uploads\/2023\/10\/1000151789.jpg 720w, https:\/\/fuentesfidedignas.com.mx\/wp-content\/uploads\/2023\/10\/1000151789-300x200.jpg 300w, https:\/\/fuentesfidedignas.com.mx\/wp-content\/uploads\/2023\/10\/1000151789-696x464.jpg 696w, https:\/\/fuentesfidedignas.com.mx\/wp-content\/uploads\/2023\/10\/1000151789-630x420.jpg 630w\" sizes=\"(max-width: 720px) 100vw, 720px\" \/><\/figure>\n\n\n\n<figure class=\"wp-block-image size-large\"><img decoding=\"async\" width=\"720\" height=\"511\" data-id=\"63149\" src=\"https:\/\/fuentesfidedignas.com.mx\/wp-content\/uploads\/2023\/10\/1000151793.jpg\" alt=\"\" class=\"wp-image-63149\" srcset=\"https:\/\/fuentesfidedignas.com.mx\/wp-content\/uploads\/2023\/10\/1000151793.jpg 720w, https:\/\/fuentesfidedignas.com.mx\/wp-content\/uploads\/2023\/10\/1000151793-300x213.jpg 300w, https:\/\/fuentesfidedignas.com.mx\/wp-content\/uploads\/2023\/10\/1000151793-696x494.jpg 696w, https:\/\/fuentesfidedignas.com.mx\/wp-content\/uploads\/2023\/10\/1000151793-592x420.jpg 592w, https:\/\/fuentesfidedignas.com.mx\/wp-content\/uploads\/2023\/10\/1000151793-100x70.jpg 100w\" sizes=\"(max-width: 720px) 100vw, 720px\" \/><\/figure>\n<\/figure>\n\n\n\n<p>La conferencia fue coordinada por la Secretaria de Acci\u00f3n para la Mujer Lourdes Machado Niebla y se celebr\u00f3 en el marco de la campa\u00f1a nacional \u201cContra el c\u00e1ncer yo act\u00fao\u201d, misma que invita a la poblaci\u00f3n y \u00e1reas involucradas a generar condiciones que faciliten a las mujeres adultas asistir a las unidades m\u00e9dicas para detecci\u00f3n y diagn\u00f3stico oportuno.<\/p>\n\n\n\n<p>El Dr. Cuitl\u00e1huac Gonz\u00e1lez Galindo, durante su exposici\u00f3n en el FigloSTASE, enfatiz\u00f3 la importancia que tiene el detectar a tiempo el c\u00e1ncer de mama, pues es un factor determinante para salvar vidas.<br>\u201cEn M\u00e9xico, se diagnosticaron en 2020 alrededor de 30 mil casos nuevos de c\u00e1ncer de mama, pero dos a\u00f1os antes eran 27 mil, quiere decir que en dos a\u00f1os el crecimiento fue bastante importante y seguido de c\u00e1ncer de mama, tenemos c\u00e1ncer cervico uterino que tambi\u00e9n le ata\u00f1e a la mujer\u201d, expuso.<\/p>\n\n\n\n<p>Luego mostr\u00f3 una diapositiva sobre mortalidad y precis\u00f3 que, al observar que el c\u00e1ncer de mama y cervico uterino iban de la mano en mortalidad, modificaron la estrategia de salud y decidieron hacer mastograf\u00edas y pruebas de papanicolau gratuitas.<\/p>\n\n\n\n<p>Abord\u00f3 la necesidad de tener una cultura de la prevenci\u00f3n y realizar acciones para prevenir el c\u00e1ncer de mama, como lo es la autoexploraci\u00f3n y la realizaci\u00f3n de mastograf\u00edas en mujeres a partir de los 40 a\u00f1os y de los 35 a\u00f1os si es que tienen antecedentes familiares que padecieron dicha enfermedad.<\/p>\n\n\n\n<p>Durante su ponencia dio una detalla explicaci\u00f3n sobre la historia natural de la enfermedad y su contexto en t\u00e9rminos generales, las caracter\u00edsticas del c\u00e1ncer de mama, los procedimientos para su detecci\u00f3n, los tratamientos a seguir desde el diagn\u00f3stico, las posibles secuelas y riesgos, la tasa de mortalidad del padecimiento y las acciones que se recomiendan para su prevenci\u00f3n.<\/p>\n\n\n\n<p>Lament\u00f3 que existe poca cultura de la prevenci\u00f3n porque apenas entre un 10 y 20 por ciento de las mujeres se hacen mastograf\u00edas en su experiencia.<\/p>\n\n\n\n<p>\u201cEntonces ah\u00ed la pregunta es \u00bfa qui\u00e9n le toca? si yo como gobierno les pongo un cami\u00f3n para hacer mastograf\u00edas gratis y no lo utilizan. Dejamos pasar un periodo de tiempo valioso\u201d, lament\u00f3.<\/p>\n\n\n\n<p>En la parte final de la ponencia, el Dr. Cuitl\u00e1huac Gonz\u00e1lez respondi\u00f3 algunas preguntas e hizo referencia a algunos factores de riesgo que pueden influir en la aparici\u00f3n del c\u00e1ncer de mama, as\u00ed como algunos mitos que existen sobre el mismo.<\/p>\n\n\n\n<p>Por su parte, Michel Ben\u00edtez Uriarte agradeci\u00f3 al ponente por la pormenorizada explicaci\u00f3n e informaci\u00f3n cient\u00edfica, clara y precisa que ilustra, ya que servir\u00e1, coment\u00f3, para que las compa\u00f1eras del STASE tengan datos certeros sobre el c\u00e1ncer de mama y ayudar\u00e1 a fomentar la autoexploraci\u00f3n y la realizaci\u00f3n de mastograf\u00edas para su pronta detecci\u00f3n.<\/p>\n\n\n\n<p>\u201c\u00bfA qui\u00e9n le toca? esta pregunta resume de manera efectiva el desaf\u00edo al que nos enfrentamos, no es solo una cuesti\u00f3n de salud, sino de cultura de la prevenci\u00f3n para la detecci\u00f3n temprana\u201d, dijo, al destacar que el STASE dispone de mastograf\u00edas gratuitas para toda la base trabajadora.<\/p>\n\n\n\n<p>Finalmente, dio lectura al reconocimiento que se le entreg\u00f3 por parte de la actual directiva del STASE. \u201cSigamos caminando hacia un futuro sin c\u00e1ncer de mama\u201d, apunt\u00f3 para concluir.<\/p>\n","protected":false},"excerpt":{"rendered":"<p>En el marco del D\u00eda Internacional de Lucha contra el C\u00e1ncer de Mama, se llev\u00f3 a cabo la Conferencia Magistral \u201cC\u00e1ncer de mama: \u00bfA qui\u00e9n le toca?\u201d, impartida por el cirujano onc\u00f3logo Dr. Cuitl\u00e1huac Gonz\u00e1lez Galindo, Secretario de Salud del Gobierno del Estado de Sinaloa y Director de los Servicios de Salud de Sinaloa. Al [&hellip;]<\/p>\n","protected":false},"author":4,"featured_media":63152,"comment_status":"open","ping_status":"open","sticky":false,"template":"","format":"standard","meta":{"tdm_status":"","tdm_grid_status":"","footnotes":""},"categories":[38,1],"tags":[],"class_list":{"0":"post-63145","1":"post","2":"type-post","3":"status-publish","4":"format-standard","5":"has-post-thumbnail","7":"category-noticias-locales","8":"category-sin-categoria"},"yoast_head":"<!-- This site is optimized with the Yoast SEO plugin v27.5 - https:\/\/yoast.com\/product\/yoast-seo-wordpress\/ -->\n<title>Secretario de Salud imparte en el STASE la conferencia \u201cC\u00e1ncer de mama: \u00bfA qui\u00e9n le toca?\u201d - Fuentes Fidedignas<\/title>\n<meta name=\"robots\" content=\"index, follow, max-snippet:-1, max-image-preview:large, max-video-preview:-1\" \/>\n<link rel=\"canonical\" href=\"https:\/\/fuentesfidedignas.com.mx\/index.php\/2023\/10\/20\/secretario-de-salud-imparte-en-el-stase-la-conferencia-cancer-de-mama-a-quien-le-toca\/\" \/>\n<meta property=\"og:locale\" content=\"es_MX\" \/>\n<meta property=\"og:type\" content=\"article\" \/>\n<meta property=\"og:title\" content=\"Secretario de Salud imparte en el STASE la conferencia \u201cC\u00e1ncer de mama: \u00bfA qui\u00e9n le toca?\u201d - Fuentes Fidedignas\" \/>\n<meta property=\"og:description\" content=\"En el marco del D\u00eda Internacional de Lucha contra el C\u00e1ncer de Mama, se llev\u00f3 a cabo la Conferencia Magistral \u201cC\u00e1ncer de mama: \u00bfA qui\u00e9n le toca?\u201d, impartida por el cirujano onc\u00f3logo Dr. Cuitl\u00e1huac Gonz\u00e1lez Galindo, Secretario de Salud del Gobierno del Estado de Sinaloa y Director de los Servicios de Salud de Sinaloa. Al [&hellip;]\" \/>\n<meta property=\"og:url\" content=\"https:\/\/fuentesfidedignas.com.mx\/index.php\/2023\/10\/20\/secretario-de-salud-imparte-en-el-stase-la-conferencia-cancer-de-mama-a-quien-le-toca\/\" \/>\n<meta property=\"og:site_name\" content=\"Fuentes Fidedignas\" \/>\n<meta property=\"article:publisher\" content=\"https:\/\/www.facebook.com\/Fuentes-Fidedignas-368234489921644\" \/>\n<meta property=\"article:published_time\" content=\"2023-10-20T18:51:42+00:00\" \/>\n<meta property=\"article:modified_time\" content=\"2023-10-20T18:52:20+00:00\" \/>\n<meta property=\"og:image\" content=\"https:\/\/fuentesfidedignas.com.mx\/wp-content\/uploads\/2023\/10\/IMG-20231020-WA0021.jpg\" \/>\n\t<meta property=\"og:image:width\" content=\"720\" \/>\n\t<meta property=\"og:image:height\" content=\"480\" \/>\n\t<meta property=\"og:image:type\" content=\"image\/jpeg\" \/>\n<meta name=\"author\" content=\"Redacci\u00f3n\" \/>\n<meta name=\"twitter:card\" content=\"summary_large_image\" \/>\n<meta name=\"twitter:creator\" content=\"@fidedignas\" \/>\n<meta name=\"twitter:site\" content=\"@fidedignas\" \/>\n<meta name=\"twitter:label1\" content=\"Escrito por\" \/>\n\t<meta name=\"twitter:data1\" content=\"Redacci\u00f3n\" \/>\n\t<meta name=\"twitter:label2\" content=\"Tiempo de lectura\" \/>\n\t<meta name=\"twitter:data2\" content=\"4 minutos\" \/>\n<script type=\"application\/ld+json\" class=\"yoast-schema-graph\">{\"@context\":\"https:\\\/\\\/schema.org\",\"@graph\":[{\"@type\":\"Article\",\"@id\":\"https:\\\/\\\/fuentesfidedignas.com.mx\\\/index.php\\\/2023\\\/10\\\/20\\\/secretario-de-salud-imparte-en-el-stase-la-conferencia-cancer-de-mama-a-quien-le-toca\\\/#article\",\"isPartOf\":{\"@id\":\"https:\\\/\\\/fuentesfidedignas.com.mx\\\/index.php\\\/2023\\\/10\\\/20\\\/secretario-de-salud-imparte-en-el-stase-la-conferencia-cancer-de-mama-a-quien-le-toca\\\/\"},\"author\":{\"name\":\"Redacci\u00f3n\",\"@id\":\"https:\\\/\\\/fuentesfidedignas.com.mx\\\/#\\\/schema\\\/person\\\/331be9283d37198e2acd5750279085b0\"},\"headline\":\"Secretario de Salud imparte en el STASE la conferencia \u201cC\u00e1ncer de mama: \u00bfA qui\u00e9n le toca?\u201d\",\"datePublished\":\"2023-10-20T18:51:42+00:00\",\"dateModified\":\"2023-10-20T18:52:20+00:00\",\"mainEntityOfPage\":{\"@id\":\"https:\\\/\\\/fuentesfidedignas.com.mx\\\/index.php\\\/2023\\\/10\\\/20\\\/secretario-de-salud-imparte-en-el-stase-la-conferencia-cancer-de-mama-a-quien-le-toca\\\/\"},\"wordCount\":713,\"commentCount\":0,\"publisher\":{\"@id\":\"https:\\\/\\\/fuentesfidedignas.com.mx\\\/#organization\"},\"image\":{\"@id\":\"https:\\\/\\\/fuentesfidedignas.com.mx\\\/index.php\\\/2023\\\/10\\\/20\\\/secretario-de-salud-imparte-en-el-stase-la-conferencia-cancer-de-mama-a-quien-le-toca\\\/#primaryimage\"},\"thumbnailUrl\":\"https:\\\/\\\/fuentesfidedignas.com.mx\\\/wp-content\\\/uploads\\\/2023\\\/10\\\/IMG-20231020-WA0021.jpg\",\"articleSection\":[\"NOTICIAS LOCALES\"],\"inLanguage\":\"es\",\"potentialAction\":[{\"@type\":\"CommentAction\",\"name\":\"Comment\",\"target\":[\"https:\\\/\\\/fuentesfidedignas.com.mx\\\/index.php\\\/2023\\\/10\\\/20\\\/secretario-de-salud-imparte-en-el-stase-la-conferencia-cancer-de-mama-a-quien-le-toca\\\/#respond\"]}]},{\"@type\":\"WebPage\",\"@id\":\"https:\\\/\\\/fuentesfidedignas.com.mx\\\/index.php\\\/2023\\\/10\\\/20\\\/secretario-de-salud-imparte-en-el-stase-la-conferencia-cancer-de-mama-a-quien-le-toca\\\/\",\"url\":\"https:\\\/\\\/fuentesfidedignas.com.mx\\\/index.php\\\/2023\\\/10\\\/20\\\/secretario-de-salud-imparte-en-el-stase-la-conferencia-cancer-de-mama-a-quien-le-toca\\\/\",\"name\":\"Secretario de Salud imparte en el STASE la conferencia \u201cC\u00e1ncer de mama: \u00bfA qui\u00e9n le toca?\u201d - Fuentes Fidedignas\",\"isPartOf\":{\"@id\":\"https:\\\/\\\/fuentesfidedignas.com.mx\\\/#website\"},\"primaryImageOfPage\":{\"@id\":\"https:\\\/\\\/fuentesfidedignas.com.mx\\\/index.php\\\/2023\\\/10\\\/20\\\/secretario-de-salud-imparte-en-el-stase-la-conferencia-cancer-de-mama-a-quien-le-toca\\\/#primaryimage\"},\"image\":{\"@id\":\"https:\\\/\\\/fuentesfidedignas.com.mx\\\/index.php\\\/2023\\\/10\\\/20\\\/secretario-de-salud-imparte-en-el-stase-la-conferencia-cancer-de-mama-a-quien-le-toca\\\/#primaryimage\"},\"thumbnailUrl\":\"https:\\\/\\\/fuentesfidedignas.com.mx\\\/wp-content\\\/uploads\\\/2023\\\/10\\\/IMG-20231020-WA0021.jpg\",\"datePublished\":\"2023-10-20T18:51:42+00:00\",\"dateModified\":\"2023-10-20T18:52:20+00:00\",\"breadcrumb\":{\"@id\":\"https:\\\/\\\/fuentesfidedignas.com.mx\\\/index.php\\\/2023\\\/10\\\/20\\\/secretario-de-salud-imparte-en-el-stase-la-conferencia-cancer-de-mama-a-quien-le-toca\\\/#breadcrumb\"},\"inLanguage\":\"es\",\"potentialAction\":[{\"@type\":\"ReadAction\",\"target\":[\"https:\\\/\\\/fuentesfidedignas.com.mx\\\/index.php\\\/2023\\\/10\\\/20\\\/secretario-de-salud-imparte-en-el-stase-la-conferencia-cancer-de-mama-a-quien-le-toca\\\/\"]}]},{\"@type\":\"ImageObject\",\"inLanguage\":\"es\",\"@id\":\"https:\\\/\\\/fuentesfidedignas.com.mx\\\/index.php\\\/2023\\\/10\\\/20\\\/secretario-de-salud-imparte-en-el-stase-la-conferencia-cancer-de-mama-a-quien-le-toca\\\/#primaryimage\",\"url\":\"https:\\\/\\\/fuentesfidedignas.com.mx\\\/wp-content\\\/uploads\\\/2023\\\/10\\\/IMG-20231020-WA0021.jpg\",\"contentUrl\":\"https:\\\/\\\/fuentesfidedignas.com.mx\\\/wp-content\\\/uploads\\\/2023\\\/10\\\/IMG-20231020-WA0021.jpg\",\"width\":720,\"height\":480},{\"@type\":\"BreadcrumbList\",\"@id\":\"https:\\\/\\\/fuentesfidedignas.com.mx\\\/index.php\\\/2023\\\/10\\\/20\\\/secretario-de-salud-imparte-en-el-stase-la-conferencia-cancer-de-mama-a-quien-le-toca\\\/#breadcrumb\",\"itemListElement\":[{\"@type\":\"ListItem\",\"position\":1,\"name\":\"Inicio\",\"item\":\"https:\\\/\\\/fuentesfidedignas.com.mx\\\/\"},{\"@type\":\"ListItem\",\"position\":2,\"name\":\"Secretario de Salud imparte en el STASE la conferencia \u201cC\u00e1ncer de mama: \u00bfA qui\u00e9n le toca?\u201d\"}]},{\"@type\":\"WebSite\",\"@id\":\"https:\\\/\\\/fuentesfidedignas.com.mx\\\/#website\",\"url\":\"https:\\\/\\\/fuentesfidedignas.com.mx\\\/\",\"name\":\"Fuentes Fidedignas\",\"description\":\"Otro sitio realizado con WordPress\",\"publisher\":{\"@id\":\"https:\\\/\\\/fuentesfidedignas.com.mx\\\/#organization\"},\"potentialAction\":[{\"@type\":\"SearchAction\",\"target\":{\"@type\":\"EntryPoint\",\"urlTemplate\":\"https:\\\/\\\/fuentesfidedignas.com.mx\\\/?s={search_term_string}\"},\"query-input\":{\"@type\":\"PropertyValueSpecification\",\"valueRequired\":true,\"valueName\":\"search_term_string\"}}],\"inLanguage\":\"es\"},{\"@type\":\"Organization\",\"@id\":\"https:\\\/\\\/fuentesfidedignas.com.mx\\\/#organization\",\"name\":\"Fuentes Fidedignas\",\"url\":\"https:\\\/\\\/fuentesfidedignas.com.mx\\\/\",\"logo\":{\"@type\":\"ImageObject\",\"inLanguage\":\"es\",\"@id\":\"https:\\\/\\\/fuentesfidedignas.com.mx\\\/#\\\/schema\\\/logo\\\/image\\\/\",\"url\":\"https:\\\/\\\/fuentesfidedignas.com.mx\\\/wp-content\\\/uploads\\\/2021\\\/04\\\/logo-retina.png\",\"contentUrl\":\"https:\\\/\\\/fuentesfidedignas.com.mx\\\/wp-content\\\/uploads\\\/2021\\\/04\\\/logo-retina.png\",\"width\":280,\"height\":51,\"caption\":\"Fuentes Fidedignas\"},\"image\":{\"@id\":\"https:\\\/\\\/fuentesfidedignas.com.mx\\\/#\\\/schema\\\/logo\\\/image\\\/\"},\"sameAs\":[\"https:\\\/\\\/www.facebook.com\\\/Fuentes-Fidedignas-368234489921644\",\"https:\\\/\\\/x.com\\\/fidedignas\"]},{\"@type\":\"Person\",\"@id\":\"https:\\\/\\\/fuentesfidedignas.com.mx\\\/#\\\/schema\\\/person\\\/331be9283d37198e2acd5750279085b0\",\"name\":\"Redacci\u00f3n\",\"image\":{\"@type\":\"ImageObject\",\"inLanguage\":\"es\",\"@id\":\"https:\\\/\\\/secure.gravatar.com\\\/avatar\\\/f6d8782c11d12b2d4ad3fbb6931aeab5309937a4d6cd2fc9cfaa28a6396a5aec?s=96&d=mm&r=g\",\"url\":\"https:\\\/\\\/secure.gravatar.com\\\/avatar\\\/f6d8782c11d12b2d4ad3fbb6931aeab5309937a4d6cd2fc9cfaa28a6396a5aec?s=96&d=mm&r=g\",\"contentUrl\":\"https:\\\/\\\/secure.gravatar.com\\\/avatar\\\/f6d8782c11d12b2d4ad3fbb6931aeab5309937a4d6cd2fc9cfaa28a6396a5aec?s=96&d=mm&r=g\",\"caption\":\"Redacci\u00f3n\"},\"url\":\"https:\\\/\\\/fuentesfidedignas.com.mx\\\/index.php\\\/author\\\/redaccion\\\/\"}]}<\/script>\n<!-- \/ Yoast SEO plugin. -->","yoast_head_json":{"title":"Secretario de Salud imparte en el STASE la conferencia \u201cC\u00e1ncer de mama: \u00bfA qui\u00e9n le toca?\u201d - Fuentes Fidedignas","robots":{"index":"index","follow":"follow","max-snippet":"max-snippet:-1","max-image-preview":"max-image-preview:large","max-video-preview":"max-video-preview:-1"},"canonical":"https:\/\/fuentesfidedignas.com.mx\/index.php\/2023\/10\/20\/secretario-de-salud-imparte-en-el-stase-la-conferencia-cancer-de-mama-a-quien-le-toca\/","og_locale":"es_MX","og_type":"article","og_title":"Secretario de Salud imparte en el STASE la conferencia \u201cC\u00e1ncer de mama: \u00bfA qui\u00e9n le toca?\u201d - Fuentes Fidedignas","og_description":"En el marco del D\u00eda Internacional de Lucha contra el C\u00e1ncer de Mama, se llev\u00f3 a cabo la Conferencia Magistral \u201cC\u00e1ncer de mama: \u00bfA qui\u00e9n le toca?\u201d, impartida por el cirujano onc\u00f3logo Dr. Cuitl\u00e1huac Gonz\u00e1lez Galindo, Secretario de Salud del Gobierno del Estado de Sinaloa y Director de los Servicios de Salud de Sinaloa. Al [&hellip;]","og_url":"https:\/\/fuentesfidedignas.com.mx\/index.php\/2023\/10\/20\/secretario-de-salud-imparte-en-el-stase-la-conferencia-cancer-de-mama-a-quien-le-toca\/","og_site_name":"Fuentes Fidedignas","article_publisher":"https:\/\/www.facebook.com\/Fuentes-Fidedignas-368234489921644","article_published_time":"2023-10-20T18:51:42+00:00","article_modified_time":"2023-10-20T18:52:20+00:00","og_image":[{"width":720,"height":480,"url":"https:\/\/fuentesfidedignas.com.mx\/wp-content\/uploads\/2023\/10\/IMG-20231020-WA0021.jpg","type":"image\/jpeg"}],"author":"Redacci\u00f3n","twitter_card":"summary_large_image","twitter_creator":"@fidedignas","twitter_site":"@fidedignas","twitter_misc":{"Escrito por":"Redacci\u00f3n","Tiempo de lectura":"4 minutos"},"schema":{"@context":"https:\/\/schema.org","@graph":[{"@type":"Article","@id":"https:\/\/fuentesfidedignas.com.mx\/index.php\/2023\/10\/20\/secretario-de-salud-imparte-en-el-stase-la-conferencia-cancer-de-mama-a-quien-le-toca\/#article","isPartOf":{"@id":"https:\/\/fuentesfidedignas.com.mx\/index.php\/2023\/10\/20\/secretario-de-salud-imparte-en-el-stase-la-conferencia-cancer-de-mama-a-quien-le-toca\/"},"author":{"name":"Redacci\u00f3n","@id":"https:\/\/fuentesfidedignas.com.mx\/#\/schema\/person\/331be9283d37198e2acd5750279085b0"},"headline":"Secretario de Salud imparte en el STASE la conferencia \u201cC\u00e1ncer de mama: \u00bfA qui\u00e9n le toca?\u201d","datePublished":"2023-10-20T18:51:42+00:00","dateModified":"2023-10-20T18:52:20+00:00","mainEntityOfPage":{"@id":"https:\/\/fuentesfidedignas.com.mx\/index.php\/2023\/10\/20\/secretario-de-salud-imparte-en-el-stase-la-conferencia-cancer-de-mama-a-quien-le-toca\/"},"wordCount":713,"commentCount":0,"publisher":{"@id":"https:\/\/fuentesfidedignas.com.mx\/#organization"},"image":{"@id":"https:\/\/fuentesfidedignas.com.mx\/index.php\/2023\/10\/20\/secretario-de-salud-imparte-en-el-stase-la-conferencia-cancer-de-mama-a-quien-le-toca\/#primaryimage"},"thumbnailUrl":"https:\/\/fuentesfidedignas.com.mx\/wp-content\/uploads\/2023\/10\/IMG-20231020-WA0021.jpg","articleSection":["NOTICIAS LOCALES"],"inLanguage":"es","potentialAction":[{"@type":"CommentAction","name":"Comment","target":["https:\/\/fuentesfidedignas.com.mx\/index.php\/2023\/10\/20\/secretario-de-salud-imparte-en-el-stase-la-conferencia-cancer-de-mama-a-quien-le-toca\/#respond"]}]},{"@type":"WebPage","@id":"https:\/\/fuentesfidedignas.com.mx\/index.php\/2023\/10\/20\/secretario-de-salud-imparte-en-el-stase-la-conferencia-cancer-de-mama-a-quien-le-toca\/","url":"https:\/\/fuentesfidedignas.com.mx\/index.php\/2023\/10\/20\/secretario-de-salud-imparte-en-el-stase-la-conferencia-cancer-de-mama-a-quien-le-toca\/","name":"Secretario de Salud imparte en el STASE la conferencia \u201cC\u00e1ncer de mama: \u00bfA qui\u00e9n le toca?\u201d - Fuentes Fidedignas","isPartOf":{"@id":"https:\/\/fuentesfidedignas.com.mx\/#website"},"primaryImageOfPage":{"@id":"https:\/\/fuentesfidedignas.com.mx\/index.php\/2023\/10\/20\/secretario-de-salud-imparte-en-el-stase-la-conferencia-cancer-de-mama-a-quien-le-toca\/#primaryimage"},"image":{"@id":"https:\/\/fuentesfidedignas.com.mx\/index.php\/2023\/10\/20\/secretario-de-salud-imparte-en-el-stase-la-conferencia-cancer-de-mama-a-quien-le-toca\/#primaryimage"},"thumbnailUrl":"https:\/\/fuentesfidedignas.com.mx\/wp-content\/uploads\/2023\/10\/IMG-20231020-WA0021.jpg","datePublished":"2023-10-20T18:51:42+00:00","dateModified":"2023-10-20T18:52:20+00:00","breadcrumb":{"@id":"https:\/\/fuentesfidedignas.com.mx\/index.php\/2023\/10\/20\/secretario-de-salud-imparte-en-el-stase-la-conferencia-cancer-de-mama-a-quien-le-toca\/#breadcrumb"},"inLanguage":"es","potentialAction":[{"@type":"ReadAction","target":["https:\/\/fuentesfidedignas.com.mx\/index.php\/2023\/10\/20\/secretario-de-salud-imparte-en-el-stase-la-conferencia-cancer-de-mama-a-quien-le-toca\/"]}]},{"@type":"ImageObject","inLanguage":"es","@id":"https:\/\/fuentesfidedignas.com.mx\/index.php\/2023\/10\/20\/secretario-de-salud-imparte-en-el-stase-la-conferencia-cancer-de-mama-a-quien-le-toca\/#primaryimage","url":"https:\/\/fuentesfidedignas.com.mx\/wp-content\/uploads\/2023\/10\/IMG-20231020-WA0021.jpg","contentUrl":"https:\/\/fuentesfidedignas.com.mx\/wp-content\/uploads\/2023\/10\/IMG-20231020-WA0021.jpg","width":720,"height":480},{"@type":"BreadcrumbList","@id":"https:\/\/fuentesfidedignas.com.mx\/index.php\/2023\/10\/20\/secretario-de-salud-imparte-en-el-stase-la-conferencia-cancer-de-mama-a-quien-le-toca\/#breadcrumb","itemListElement":[{"@type":"ListItem","position":1,"name":"Inicio","item":"https:\/\/fuentesfidedignas.com.mx\/"},{"@type":"ListItem","position":2,"name":"Secretario de Salud imparte en el STASE la conferencia \u201cC\u00e1ncer de mama: \u00bfA qui\u00e9n le toca?\u201d"}]},{"@type":"WebSite","@id":"https:\/\/fuentesfidedignas.com.mx\/#website","url":"https:\/\/fuentesfidedignas.com.mx\/","name":"Fuentes Fidedignas","description":"Otro sitio realizado con WordPress","publisher":{"@id":"https:\/\/fuentesfidedignas.com.mx\/#organization"},"potentialAction":[{"@type":"SearchAction","target":{"@type":"EntryPoint","urlTemplate":"https:\/\/fuentesfidedignas.com.mx\/?s={search_term_string}"},"query-input":{"@type":"PropertyValueSpecification","valueRequired":true,"valueName":"search_term_string"}}],"inLanguage":"es"},{"@type":"Organization","@id":"https:\/\/fuentesfidedignas.com.mx\/#organization","name":"Fuentes Fidedignas","url":"https:\/\/fuentesfidedignas.com.mx\/","logo":{"@type":"ImageObject","inLanguage":"es","@id":"https:\/\/fuentesfidedignas.com.mx\/#\/schema\/logo\/image\/","url":"https:\/\/fuentesfidedignas.com.mx\/wp-content\/uploads\/2021\/04\/logo-retina.png","contentUrl":"https:\/\/fuentesfidedignas.com.mx\/wp-content\/uploads\/2021\/04\/logo-retina.png","width":280,"height":51,"caption":"Fuentes Fidedignas"},"image":{"@id":"https:\/\/fuentesfidedignas.com.mx\/#\/schema\/logo\/image\/"},"sameAs":["https:\/\/www.facebook.com\/Fuentes-Fidedignas-368234489921644","https:\/\/x.com\/fidedignas"]},{"@type":"Person","@id":"https:\/\/fuentesfidedignas.com.mx\/#\/schema\/person\/331be9283d37198e2acd5750279085b0","name":"Redacci\u00f3n","image":{"@type":"ImageObject","inLanguage":"es","@id":"https:\/\/secure.gravatar.com\/avatar\/f6d8782c11d12b2d4ad3fbb6931aeab5309937a4d6cd2fc9cfaa28a6396a5aec?s=96&d=mm&r=g","url":"https:\/\/secure.gravatar.com\/avatar\/f6d8782c11d12b2d4ad3fbb6931aeab5309937a4d6cd2fc9cfaa28a6396a5aec?s=96&d=mm&r=g","contentUrl":"https:\/\/secure.gravatar.com\/avatar\/f6d8782c11d12b2d4ad3fbb6931aeab5309937a4d6cd2fc9cfaa28a6396a5aec?s=96&d=mm&r=g","caption":"Redacci\u00f3n"},"url":"https:\/\/fuentesfidedignas.com.mx\/index.php\/author\/redaccion\/"}]}},"_links":{"self":[{"href":"https:\/\/fuentesfidedignas.com.mx\/index.php\/wp-json\/wp\/v2\/posts\/63145","targetHints":{"allow":["GET"]}}],"collection":[{"href":"https:\/\/fuentesfidedignas.com.mx\/index.php\/wp-json\/wp\/v2\/posts"}],"about":[{"href":"https:\/\/fuentesfidedignas.com.mx\/index.php\/wp-json\/wp\/v2\/types\/post"}],"author":[{"embeddable":true,"href":"https:\/\/fuentesfidedignas.com.mx\/index.php\/wp-json\/wp\/v2\/users\/4"}],"replies":[{"embeddable":true,"href":"https:\/\/fuentesfidedignas.com.mx\/index.php\/wp-json\/wp\/v2\/comments?post=63145"}],"version-history":[{"count":1,"href":"https:\/\/fuentesfidedignas.com.mx\/index.php\/wp-json\/wp\/v2\/posts\/63145\/revisions"}],"predecessor-version":[{"id":63151,"href":"https:\/\/fuentesfidedignas.com.mx\/index.php\/wp-json\/wp\/v2\/posts\/63145\/revisions\/63151"}],"wp:featuredmedia":[{"embeddable":true,"href":"https:\/\/fuentesfidedignas.com.mx\/index.php\/wp-json\/wp\/v2\/media\/63152"}],"wp:attachment":[{"href":"https:\/\/fuentesfidedignas.com.mx\/index.php\/wp-json\/wp\/v2\/media?parent=63145"}],"wp:term":[{"taxonomy":"category","embeddable":true,"href":"https:\/\/fuentesfidedignas.com.mx\/index.php\/wp-json\/wp\/v2\/categories?post=63145"},{"taxonomy":"post_tag","embeddable":true,"href":"https:\/\/fuentesfidedignas.com.mx\/index.php\/wp-json\/wp\/v2\/tags?post=63145"}],"curies":[{"name":"wp","href":"https:\/\/api.w.org\/{rel}","templated":true}]}}