{"id":63115,"date":"2023-10-20T07:33:02","date_gmt":"2023-10-20T14:33:02","guid":{"rendered":"https:\/\/fuentesfidedignas.com.mx\/?p=63115"},"modified":"2023-10-20T07:33:24","modified_gmt":"2023-10-20T14:33:24","slug":"la-union-de-universidades-de-america-latina-y-el-caribe-repudia-separacion-del-cargo-del-rector-de-la-uas","status":"publish","type":"post","link":"https:\/\/fuentesfidedignas.com.mx\/index.php\/2023\/10\/20\/la-union-de-universidades-de-america-latina-y-el-caribe-repudia-separacion-del-cargo-del-rector-de-la-uas\/","title":{"rendered":"La Uni\u00f3n de Universidades de Am\u00e9rica Latina y el Caribe repudia separaci\u00f3n del cargo del rector de la UAS"},"content":{"rendered":"\n<p><strong><em>Para la UDUALC la resoluci\u00f3n judicial emitida es ilegal y viola, flagrantemente, la autonom\u00eda de la UAS, por lo que reiter\u00f3 su apoyo a la autonom\u00eda universitaria de la UAS y exigi\u00f3 la extinci\u00f3n de la resoluci\u00f3n judicial aludida y las consecuencias que ella conlleva<\/em><\/strong><\/p>\n\n\n\n<p>Culiac\u00e1n, Sin.- En un manifiesto dirigido al Poder Judicial del Estado de Sinaloa, as\u00ed como a la comunidad de la Universidad Aut\u00f3noma de Sinaloa y a la opini\u00f3n p\u00fablica, la Uni\u00f3n de Universidades de Am\u00e9rica Latina y el Caribe (UDUALC), expres\u00f3 su repudio ante la ilegal intromisi\u00f3n del juez que determin\u00f3 la destituci\u00f3n del Rector, doctor Jes\u00fas Madue\u00f1a Molina.<\/p>\n\n\n\n<p>En dicho documento, firmado por el Secretario General de la UDUALC, el doctor Roberto Escalante, hizo referencia a que dicho Poder emiti\u00f3 una resoluci\u00f3n de car\u00e1cter judicial en la que se determin\u00f3 la destituci\u00f3n del Rector de la Universidad Aut\u00f3noma de Sinaloa (UAS) en M\u00e9xico.<\/p>\n\n\n\n<p>Recalc\u00f3 que esta in\u00e9dita resoluci\u00f3n resulta inaceptable a la luz de la Ley Org\u00e1nica de la UAS, la cual establece que es el Consejo Universitario qui\u00e9n tiene la autoridad para elegir o en su caso destituir a la m\u00e1xima autoridad de esa universidad.<\/p>\n\n\n\n<p>En ese sentido, la Uni\u00f3n de Universidades de Am\u00e9rica Latina y el Caribe (UDUALC), es que expres\u00f3 su repudio ante la ilegal intromisi\u00f3n del juez que determin\u00f3 la destituci\u00f3n del Rector, se\u00f1alando que la Constituci\u00f3n de M\u00e9xico establece claramente que, con base en la autonom\u00eda de las universidades p\u00fablicas, son ellas las \u00fanicas legalmente capacitadas para resolver los asuntos de su gobernanza.<\/p>\n\n\n\n<p>Por lo tanto, para la UDUALC la resoluci\u00f3n judicial emitida es ilegal y viola, flagrantemente, la autonom\u00eda de la UAS, por lo que reiter\u00f3 su apoyo a la autonom\u00eda universitaria de la UAS y exigi\u00f3 la extinci\u00f3n de la resoluci\u00f3n judicial aludida y las consecuencias que ella conlleva.<\/p>\n\n\n\n<p>Cabe se\u00f1alar que ya tanto la Universidad Nacional Aut\u00f3noma de M\u00e9xico (UNAM), as\u00ed como organismos como la Asociaci\u00f3n Nacional de Universidades e Instituciones de Educaci\u00f3n Superior (ANUIES) y la Confederaci\u00f3n Nacional de Trabajadores Universitarios (CONTU) hab\u00edan realizado manifiestos p\u00fablicos respecto a la misma resoluci\u00f3n judicial, expresando su profunda preocupaci\u00f3n por el curso de los acontecimientos.<\/p>\n\n\n\n<p>Esto toda vez que la designaci\u00f3n del Rector fue acordada por el Consejo Universitario, m\u00e1ximo \u00f3rgano de gobierno de dicha casa de estudios, tal como lo establece su Ley Org\u00e1nica, y no puede ser cancelada o suspendida por autoridad diferente al propio Consejo Universitario.<\/p>\n","protected":false},"excerpt":{"rendered":"<p>Para la UDUALC la resoluci\u00f3n judicial emitida es ilegal y viola, flagrantemente, la autonom\u00eda de la UAS, por lo que reiter\u00f3 su apoyo a la autonom\u00eda universitaria de la UAS y exigi\u00f3 la extinci\u00f3n de la resoluci\u00f3n judicial aludida y las consecuencias que ella conlleva Culiac\u00e1n, Sin.- En un manifiesto dirigido al Poder Judicial del [&hellip;]<\/p>\n","protected":false},"author":4,"featured_media":7784,"comment_status":"open","ping_status":"open","sticky":false,"template":"","format":"standard","meta":{"tdm_status":"","tdm_grid_status":"","footnotes":""},"categories":[1],"tags":[],"class_list":{"0":"post-63115","1":"post","2":"type-post","3":"status-publish","4":"format-standard","5":"has-post-thumbnail","7":"category-sin-categoria"},"yoast_head":"<!-- This site is optimized with the Yoast SEO plugin v27.5 - https:\/\/yoast.com\/product\/yoast-seo-wordpress\/ -->\n<title>La Uni\u00f3n de Universidades de Am\u00e9rica Latina y el Caribe repudia separaci\u00f3n del cargo del rector de la UAS - Fuentes Fidedignas<\/title>\n<meta name=\"robots\" content=\"index, follow, max-snippet:-1, max-image-preview:large, max-video-preview:-1\" \/>\n<link rel=\"canonical\" href=\"https:\/\/fuentesfidedignas.com.mx\/index.php\/2023\/10\/20\/la-union-de-universidades-de-america-latina-y-el-caribe-repudia-separacion-del-cargo-del-rector-de-la-uas\/\" \/>\n<meta property=\"og:locale\" content=\"es_MX\" \/>\n<meta property=\"og:type\" content=\"article\" \/>\n<meta property=\"og:title\" content=\"La Uni\u00f3n de Universidades de Am\u00e9rica Latina y el Caribe repudia separaci\u00f3n del cargo del rector de la UAS - Fuentes Fidedignas\" \/>\n<meta property=\"og:description\" content=\"Para la UDUALC la resoluci\u00f3n judicial emitida es ilegal y viola, flagrantemente, la autonom\u00eda de la UAS, por lo que reiter\u00f3 su apoyo a la autonom\u00eda universitaria de la UAS y exigi\u00f3 la extinci\u00f3n de la resoluci\u00f3n judicial aludida y las consecuencias que ella conlleva Culiac\u00e1n, Sin.- En un manifiesto dirigido al Poder Judicial del [&hellip;]\" \/>\n<meta property=\"og:url\" content=\"https:\/\/fuentesfidedignas.com.mx\/index.php\/2023\/10\/20\/la-union-de-universidades-de-america-latina-y-el-caribe-repudia-separacion-del-cargo-del-rector-de-la-uas\/\" \/>\n<meta property=\"og:site_name\" content=\"Fuentes Fidedignas\" \/>\n<meta property=\"article:publisher\" content=\"https:\/\/www.facebook.com\/Fuentes-Fidedignas-368234489921644\" \/>\n<meta property=\"article:published_time\" content=\"2023-10-20T14:33:02+00:00\" \/>\n<meta property=\"article:modified_time\" content=\"2023-10-20T14:33:24+00:00\" \/>\n<meta property=\"og:image\" content=\"https:\/\/fuentesfidedignas.com.mx\/wp-content\/uploads\/2021\/07\/Rectoria-Campus-Buelna.jpg\" \/>\n\t<meta property=\"og:image:width\" content=\"1503\" \/>\n\t<meta property=\"og:image:height\" content=\"1035\" \/>\n\t<meta property=\"og:image:type\" content=\"image\/jpeg\" \/>\n<meta name=\"author\" content=\"Redacci\u00f3n\" \/>\n<meta name=\"twitter:card\" content=\"summary_large_image\" \/>\n<meta name=\"twitter:creator\" content=\"@fidedignas\" \/>\n<meta name=\"twitter:site\" content=\"@fidedignas\" \/>\n<meta name=\"twitter:label1\" content=\"Escrito por\" \/>\n\t<meta name=\"twitter:data1\" content=\"Redacci\u00f3n\" \/>\n\t<meta name=\"twitter:label2\" content=\"Tiempo de lectura\" \/>\n\t<meta name=\"twitter:data2\" content=\"2 minutos\" \/>\n<script type=\"application\/ld+json\" class=\"yoast-schema-graph\">{\"@context\":\"https:\\\/\\\/schema.org\",\"@graph\":[{\"@type\":\"Article\",\"@id\":\"https:\\\/\\\/fuentesfidedignas.com.mx\\\/index.php\\\/2023\\\/10\\\/20\\\/la-union-de-universidades-de-america-latina-y-el-caribe-repudia-separacion-del-cargo-del-rector-de-la-uas\\\/#article\",\"isPartOf\":{\"@id\":\"https:\\\/\\\/fuentesfidedignas.com.mx\\\/index.php\\\/2023\\\/10\\\/20\\\/la-union-de-universidades-de-america-latina-y-el-caribe-repudia-separacion-del-cargo-del-rector-de-la-uas\\\/\"},\"author\":{\"name\":\"Redacci\u00f3n\",\"@id\":\"https:\\\/\\\/fuentesfidedignas.com.mx\\\/#\\\/schema\\\/person\\\/331be9283d37198e2acd5750279085b0\"},\"headline\":\"La Uni\u00f3n de Universidades de Am\u00e9rica Latina y el Caribe repudia separaci\u00f3n del cargo del rector de la UAS\",\"datePublished\":\"2023-10-20T14:33:02+00:00\",\"dateModified\":\"2023-10-20T14:33:24+00:00\",\"mainEntityOfPage\":{\"@id\":\"https:\\\/\\\/fuentesfidedignas.com.mx\\\/index.php\\\/2023\\\/10\\\/20\\\/la-union-de-universidades-de-america-latina-y-el-caribe-repudia-separacion-del-cargo-del-rector-de-la-uas\\\/\"},\"wordCount\":476,\"commentCount\":0,\"publisher\":{\"@id\":\"https:\\\/\\\/fuentesfidedignas.com.mx\\\/#organization\"},\"image\":{\"@id\":\"https:\\\/\\\/fuentesfidedignas.com.mx\\\/index.php\\\/2023\\\/10\\\/20\\\/la-union-de-universidades-de-america-latina-y-el-caribe-repudia-separacion-del-cargo-del-rector-de-la-uas\\\/#primaryimage\"},\"thumbnailUrl\":\"https:\\\/\\\/fuentesfidedignas.com.mx\\\/wp-content\\\/uploads\\\/2021\\\/07\\\/Rectoria-Campus-Buelna.jpg\",\"inLanguage\":\"es\",\"potentialAction\":[{\"@type\":\"CommentAction\",\"name\":\"Comment\",\"target\":[\"https:\\\/\\\/fuentesfidedignas.com.mx\\\/index.php\\\/2023\\\/10\\\/20\\\/la-union-de-universidades-de-america-latina-y-el-caribe-repudia-separacion-del-cargo-del-rector-de-la-uas\\\/#respond\"]}]},{\"@type\":\"WebPage\",\"@id\":\"https:\\\/\\\/fuentesfidedignas.com.mx\\\/index.php\\\/2023\\\/10\\\/20\\\/la-union-de-universidades-de-america-latina-y-el-caribe-repudia-separacion-del-cargo-del-rector-de-la-uas\\\/\",\"url\":\"https:\\\/\\\/fuentesfidedignas.com.mx\\\/index.php\\\/2023\\\/10\\\/20\\\/la-union-de-universidades-de-america-latina-y-el-caribe-repudia-separacion-del-cargo-del-rector-de-la-uas\\\/\",\"name\":\"La Uni\u00f3n de Universidades de Am\u00e9rica Latina y el Caribe repudia separaci\u00f3n del cargo del rector de la UAS - Fuentes Fidedignas\",\"isPartOf\":{\"@id\":\"https:\\\/\\\/fuentesfidedignas.com.mx\\\/#website\"},\"primaryImageOfPage\":{\"@id\":\"https:\\\/\\\/fuentesfidedignas.com.mx\\\/index.php\\\/2023\\\/10\\\/20\\\/la-union-de-universidades-de-america-latina-y-el-caribe-repudia-separacion-del-cargo-del-rector-de-la-uas\\\/#primaryimage\"},\"image\":{\"@id\":\"https:\\\/\\\/fuentesfidedignas.com.mx\\\/index.php\\\/2023\\\/10\\\/20\\\/la-union-de-universidades-de-america-latina-y-el-caribe-repudia-separacion-del-cargo-del-rector-de-la-uas\\\/#primaryimage\"},\"thumbnailUrl\":\"https:\\\/\\\/fuentesfidedignas.com.mx\\\/wp-content\\\/uploads\\\/2021\\\/07\\\/Rectoria-Campus-Buelna.jpg\",\"datePublished\":\"2023-10-20T14:33:02+00:00\",\"dateModified\":\"2023-10-20T14:33:24+00:00\",\"breadcrumb\":{\"@id\":\"https:\\\/\\\/fuentesfidedignas.com.mx\\\/index.php\\\/2023\\\/10\\\/20\\\/la-union-de-universidades-de-america-latina-y-el-caribe-repudia-separacion-del-cargo-del-rector-de-la-uas\\\/#breadcrumb\"},\"inLanguage\":\"es\",\"potentialAction\":[{\"@type\":\"ReadAction\",\"target\":[\"https:\\\/\\\/fuentesfidedignas.com.mx\\\/index.php\\\/2023\\\/10\\\/20\\\/la-union-de-universidades-de-america-latina-y-el-caribe-repudia-separacion-del-cargo-del-rector-de-la-uas\\\/\"]}]},{\"@type\":\"ImageObject\",\"inLanguage\":\"es\",\"@id\":\"https:\\\/\\\/fuentesfidedignas.com.mx\\\/index.php\\\/2023\\\/10\\\/20\\\/la-union-de-universidades-de-america-latina-y-el-caribe-repudia-separacion-del-cargo-del-rector-de-la-uas\\\/#primaryimage\",\"url\":\"https:\\\/\\\/fuentesfidedignas.com.mx\\\/wp-content\\\/uploads\\\/2021\\\/07\\\/Rectoria-Campus-Buelna.jpg\",\"contentUrl\":\"https:\\\/\\\/fuentesfidedignas.com.mx\\\/wp-content\\\/uploads\\\/2021\\\/07\\\/Rectoria-Campus-Buelna.jpg\",\"width\":1503,\"height\":1035},{\"@type\":\"BreadcrumbList\",\"@id\":\"https:\\\/\\\/fuentesfidedignas.com.mx\\\/index.php\\\/2023\\\/10\\\/20\\\/la-union-de-universidades-de-america-latina-y-el-caribe-repudia-separacion-del-cargo-del-rector-de-la-uas\\\/#breadcrumb\",\"itemListElement\":[{\"@type\":\"ListItem\",\"position\":1,\"name\":\"Inicio\",\"item\":\"https:\\\/\\\/fuentesfidedignas.com.mx\\\/\"},{\"@type\":\"ListItem\",\"position\":2,\"name\":\"La Uni\u00f3n de Universidades de Am\u00e9rica Latina y el Caribe repudia separaci\u00f3n del cargo del rector de la UAS\"}]},{\"@type\":\"WebSite\",\"@id\":\"https:\\\/\\\/fuentesfidedignas.com.mx\\\/#website\",\"url\":\"https:\\\/\\\/fuentesfidedignas.com.mx\\\/\",\"name\":\"Fuentes Fidedignas\",\"description\":\"Otro sitio realizado con WordPress\",\"publisher\":{\"@id\":\"https:\\\/\\\/fuentesfidedignas.com.mx\\\/#organization\"},\"potentialAction\":[{\"@type\":\"SearchAction\",\"target\":{\"@type\":\"EntryPoint\",\"urlTemplate\":\"https:\\\/\\\/fuentesfidedignas.com.mx\\\/?s={search_term_string}\"},\"query-input\":{\"@type\":\"PropertyValueSpecification\",\"valueRequired\":true,\"valueName\":\"search_term_string\"}}],\"inLanguage\":\"es\"},{\"@type\":\"Organization\",\"@id\":\"https:\\\/\\\/fuentesfidedignas.com.mx\\\/#organization\",\"name\":\"Fuentes Fidedignas\",\"url\":\"https:\\\/\\\/fuentesfidedignas.com.mx\\\/\",\"logo\":{\"@type\":\"ImageObject\",\"inLanguage\":\"es\",\"@id\":\"https:\\\/\\\/fuentesfidedignas.com.mx\\\/#\\\/schema\\\/logo\\\/image\\\/\",\"url\":\"https:\\\/\\\/fuentesfidedignas.com.mx\\\/wp-content\\\/uploads\\\/2021\\\/04\\\/logo-retina.png\",\"contentUrl\":\"https:\\\/\\\/fuentesfidedignas.com.mx\\\/wp-content\\\/uploads\\\/2021\\\/04\\\/logo-retina.png\",\"width\":280,\"height\":51,\"caption\":\"Fuentes Fidedignas\"},\"image\":{\"@id\":\"https:\\\/\\\/fuentesfidedignas.com.mx\\\/#\\\/schema\\\/logo\\\/image\\\/\"},\"sameAs\":[\"https:\\\/\\\/www.facebook.com\\\/Fuentes-Fidedignas-368234489921644\",\"https:\\\/\\\/x.com\\\/fidedignas\"]},{\"@type\":\"Person\",\"@id\":\"https:\\\/\\\/fuentesfidedignas.com.mx\\\/#\\\/schema\\\/person\\\/331be9283d37198e2acd5750279085b0\",\"name\":\"Redacci\u00f3n\",\"image\":{\"@type\":\"ImageObject\",\"inLanguage\":\"es\",\"@id\":\"https:\\\/\\\/secure.gravatar.com\\\/avatar\\\/f6d8782c11d12b2d4ad3fbb6931aeab5309937a4d6cd2fc9cfaa28a6396a5aec?s=96&d=mm&r=g\",\"url\":\"https:\\\/\\\/secure.gravatar.com\\\/avatar\\\/f6d8782c11d12b2d4ad3fbb6931aeab5309937a4d6cd2fc9cfaa28a6396a5aec?s=96&d=mm&r=g\",\"contentUrl\":\"https:\\\/\\\/secure.gravatar.com\\\/avatar\\\/f6d8782c11d12b2d4ad3fbb6931aeab5309937a4d6cd2fc9cfaa28a6396a5aec?s=96&d=mm&r=g\",\"caption\":\"Redacci\u00f3n\"},\"url\":\"https:\\\/\\\/fuentesfidedignas.com.mx\\\/index.php\\\/author\\\/redaccion\\\/\"}]}<\/script>\n<!-- \/ Yoast SEO plugin. -->","yoast_head_json":{"title":"La Uni\u00f3n de Universidades de Am\u00e9rica Latina y el Caribe repudia separaci\u00f3n del cargo del rector de la UAS - Fuentes Fidedignas","robots":{"index":"index","follow":"follow","max-snippet":"max-snippet:-1","max-image-preview":"max-image-preview:large","max-video-preview":"max-video-preview:-1"},"canonical":"https:\/\/fuentesfidedignas.com.mx\/index.php\/2023\/10\/20\/la-union-de-universidades-de-america-latina-y-el-caribe-repudia-separacion-del-cargo-del-rector-de-la-uas\/","og_locale":"es_MX","og_type":"article","og_title":"La Uni\u00f3n de Universidades de Am\u00e9rica Latina y el Caribe repudia separaci\u00f3n del cargo del rector de la UAS - Fuentes Fidedignas","og_description":"Para la UDUALC la resoluci\u00f3n judicial emitida es ilegal y viola, flagrantemente, la autonom\u00eda de la UAS, por lo que reiter\u00f3 su apoyo a la autonom\u00eda universitaria de la UAS y exigi\u00f3 la extinci\u00f3n de la resoluci\u00f3n judicial aludida y las consecuencias que ella conlleva Culiac\u00e1n, Sin.- En un manifiesto dirigido al Poder Judicial del [&hellip;]","og_url":"https:\/\/fuentesfidedignas.com.mx\/index.php\/2023\/10\/20\/la-union-de-universidades-de-america-latina-y-el-caribe-repudia-separacion-del-cargo-del-rector-de-la-uas\/","og_site_name":"Fuentes Fidedignas","article_publisher":"https:\/\/www.facebook.com\/Fuentes-Fidedignas-368234489921644","article_published_time":"2023-10-20T14:33:02+00:00","article_modified_time":"2023-10-20T14:33:24+00:00","og_image":[{"width":1503,"height":1035,"url":"https:\/\/fuentesfidedignas.com.mx\/wp-content\/uploads\/2021\/07\/Rectoria-Campus-Buelna.jpg","type":"image\/jpeg"}],"author":"Redacci\u00f3n","twitter_card":"summary_large_image","twitter_creator":"@fidedignas","twitter_site":"@fidedignas","twitter_misc":{"Escrito por":"Redacci\u00f3n","Tiempo de lectura":"2 minutos"},"schema":{"@context":"https:\/\/schema.org","@graph":[{"@type":"Article","@id":"https:\/\/fuentesfidedignas.com.mx\/index.php\/2023\/10\/20\/la-union-de-universidades-de-america-latina-y-el-caribe-repudia-separacion-del-cargo-del-rector-de-la-uas\/#article","isPartOf":{"@id":"https:\/\/fuentesfidedignas.com.mx\/index.php\/2023\/10\/20\/la-union-de-universidades-de-america-latina-y-el-caribe-repudia-separacion-del-cargo-del-rector-de-la-uas\/"},"author":{"name":"Redacci\u00f3n","@id":"https:\/\/fuentesfidedignas.com.mx\/#\/schema\/person\/331be9283d37198e2acd5750279085b0"},"headline":"La Uni\u00f3n de Universidades de Am\u00e9rica Latina y el Caribe repudia separaci\u00f3n del cargo del rector de la UAS","datePublished":"2023-10-20T14:33:02+00:00","dateModified":"2023-10-20T14:33:24+00:00","mainEntityOfPage":{"@id":"https:\/\/fuentesfidedignas.com.mx\/index.php\/2023\/10\/20\/la-union-de-universidades-de-america-latina-y-el-caribe-repudia-separacion-del-cargo-del-rector-de-la-uas\/"},"wordCount":476,"commentCount":0,"publisher":{"@id":"https:\/\/fuentesfidedignas.com.mx\/#organization"},"image":{"@id":"https:\/\/fuentesfidedignas.com.mx\/index.php\/2023\/10\/20\/la-union-de-universidades-de-america-latina-y-el-caribe-repudia-separacion-del-cargo-del-rector-de-la-uas\/#primaryimage"},"thumbnailUrl":"https:\/\/fuentesfidedignas.com.mx\/wp-content\/uploads\/2021\/07\/Rectoria-Campus-Buelna.jpg","inLanguage":"es","potentialAction":[{"@type":"CommentAction","name":"Comment","target":["https:\/\/fuentesfidedignas.com.mx\/index.php\/2023\/10\/20\/la-union-de-universidades-de-america-latina-y-el-caribe-repudia-separacion-del-cargo-del-rector-de-la-uas\/#respond"]}]},{"@type":"WebPage","@id":"https:\/\/fuentesfidedignas.com.mx\/index.php\/2023\/10\/20\/la-union-de-universidades-de-america-latina-y-el-caribe-repudia-separacion-del-cargo-del-rector-de-la-uas\/","url":"https:\/\/fuentesfidedignas.com.mx\/index.php\/2023\/10\/20\/la-union-de-universidades-de-america-latina-y-el-caribe-repudia-separacion-del-cargo-del-rector-de-la-uas\/","name":"La Uni\u00f3n de Universidades de Am\u00e9rica Latina y el Caribe repudia separaci\u00f3n del cargo del rector de la UAS - Fuentes Fidedignas","isPartOf":{"@id":"https:\/\/fuentesfidedignas.com.mx\/#website"},"primaryImageOfPage":{"@id":"https:\/\/fuentesfidedignas.com.mx\/index.php\/2023\/10\/20\/la-union-de-universidades-de-america-latina-y-el-caribe-repudia-separacion-del-cargo-del-rector-de-la-uas\/#primaryimage"},"image":{"@id":"https:\/\/fuentesfidedignas.com.mx\/index.php\/2023\/10\/20\/la-union-de-universidades-de-america-latina-y-el-caribe-repudia-separacion-del-cargo-del-rector-de-la-uas\/#primaryimage"},"thumbnailUrl":"https:\/\/fuentesfidedignas.com.mx\/wp-content\/uploads\/2021\/07\/Rectoria-Campus-Buelna.jpg","datePublished":"2023-10-20T14:33:02+00:00","dateModified":"2023-10-20T14:33:24+00:00","breadcrumb":{"@id":"https:\/\/fuentesfidedignas.com.mx\/index.php\/2023\/10\/20\/la-union-de-universidades-de-america-latina-y-el-caribe-repudia-separacion-del-cargo-del-rector-de-la-uas\/#breadcrumb"},"inLanguage":"es","potentialAction":[{"@type":"ReadAction","target":["https:\/\/fuentesfidedignas.com.mx\/index.php\/2023\/10\/20\/la-union-de-universidades-de-america-latina-y-el-caribe-repudia-separacion-del-cargo-del-rector-de-la-uas\/"]}]},{"@type":"ImageObject","inLanguage":"es","@id":"https:\/\/fuentesfidedignas.com.mx\/index.php\/2023\/10\/20\/la-union-de-universidades-de-america-latina-y-el-caribe-repudia-separacion-del-cargo-del-rector-de-la-uas\/#primaryimage","url":"https:\/\/fuentesfidedignas.com.mx\/wp-content\/uploads\/2021\/07\/Rectoria-Campus-Buelna.jpg","contentUrl":"https:\/\/fuentesfidedignas.com.mx\/wp-content\/uploads\/2021\/07\/Rectoria-Campus-Buelna.jpg","width":1503,"height":1035},{"@type":"BreadcrumbList","@id":"https:\/\/fuentesfidedignas.com.mx\/index.php\/2023\/10\/20\/la-union-de-universidades-de-america-latina-y-el-caribe-repudia-separacion-del-cargo-del-rector-de-la-uas\/#breadcrumb","itemListElement":[{"@type":"ListItem","position":1,"name":"Inicio","item":"https:\/\/fuentesfidedignas.com.mx\/"},{"@type":"ListItem","position":2,"name":"La Uni\u00f3n de Universidades de Am\u00e9rica Latina y el Caribe repudia separaci\u00f3n del cargo del rector de la UAS"}]},{"@type":"WebSite","@id":"https:\/\/fuentesfidedignas.com.mx\/#website","url":"https:\/\/fuentesfidedignas.com.mx\/","name":"Fuentes Fidedignas","description":"Otro sitio realizado con WordPress","publisher":{"@id":"https:\/\/fuentesfidedignas.com.mx\/#organization"},"potentialAction":[{"@type":"SearchAction","target":{"@type":"EntryPoint","urlTemplate":"https:\/\/fuentesfidedignas.com.mx\/?s={search_term_string}"},"query-input":{"@type":"PropertyValueSpecification","valueRequired":true,"valueName":"search_term_string"}}],"inLanguage":"es"},{"@type":"Organization","@id":"https:\/\/fuentesfidedignas.com.mx\/#organization","name":"Fuentes Fidedignas","url":"https:\/\/fuentesfidedignas.com.mx\/","logo":{"@type":"ImageObject","inLanguage":"es","@id":"https:\/\/fuentesfidedignas.com.mx\/#\/schema\/logo\/image\/","url":"https:\/\/fuentesfidedignas.com.mx\/wp-content\/uploads\/2021\/04\/logo-retina.png","contentUrl":"https:\/\/fuentesfidedignas.com.mx\/wp-content\/uploads\/2021\/04\/logo-retina.png","width":280,"height":51,"caption":"Fuentes Fidedignas"},"image":{"@id":"https:\/\/fuentesfidedignas.com.mx\/#\/schema\/logo\/image\/"},"sameAs":["https:\/\/www.facebook.com\/Fuentes-Fidedignas-368234489921644","https:\/\/x.com\/fidedignas"]},{"@type":"Person","@id":"https:\/\/fuentesfidedignas.com.mx\/#\/schema\/person\/331be9283d37198e2acd5750279085b0","name":"Redacci\u00f3n","image":{"@type":"ImageObject","inLanguage":"es","@id":"https:\/\/secure.gravatar.com\/avatar\/f6d8782c11d12b2d4ad3fbb6931aeab5309937a4d6cd2fc9cfaa28a6396a5aec?s=96&d=mm&r=g","url":"https:\/\/secure.gravatar.com\/avatar\/f6d8782c11d12b2d4ad3fbb6931aeab5309937a4d6cd2fc9cfaa28a6396a5aec?s=96&d=mm&r=g","contentUrl":"https:\/\/secure.gravatar.com\/avatar\/f6d8782c11d12b2d4ad3fbb6931aeab5309937a4d6cd2fc9cfaa28a6396a5aec?s=96&d=mm&r=g","caption":"Redacci\u00f3n"},"url":"https:\/\/fuentesfidedignas.com.mx\/index.php\/author\/redaccion\/"}]}},"_links":{"self":[{"href":"https:\/\/fuentesfidedignas.com.mx\/index.php\/wp-json\/wp\/v2\/posts\/63115","targetHints":{"allow":["GET"]}}],"collection":[{"href":"https:\/\/fuentesfidedignas.com.mx\/index.php\/wp-json\/wp\/v2\/posts"}],"about":[{"href":"https:\/\/fuentesfidedignas.com.mx\/index.php\/wp-json\/wp\/v2\/types\/post"}],"author":[{"embeddable":true,"href":"https:\/\/fuentesfidedignas.com.mx\/index.php\/wp-json\/wp\/v2\/users\/4"}],"replies":[{"embeddable":true,"href":"https:\/\/fuentesfidedignas.com.mx\/index.php\/wp-json\/wp\/v2\/comments?post=63115"}],"version-history":[{"count":1,"href":"https:\/\/fuentesfidedignas.com.mx\/index.php\/wp-json\/wp\/v2\/posts\/63115\/revisions"}],"predecessor-version":[{"id":63116,"href":"https:\/\/fuentesfidedignas.com.mx\/index.php\/wp-json\/wp\/v2\/posts\/63115\/revisions\/63116"}],"wp:featuredmedia":[{"embeddable":true,"href":"https:\/\/fuentesfidedignas.com.mx\/index.php\/wp-json\/wp\/v2\/media\/7784"}],"wp:attachment":[{"href":"https:\/\/fuentesfidedignas.com.mx\/index.php\/wp-json\/wp\/v2\/media?parent=63115"}],"wp:term":[{"taxonomy":"category","embeddable":true,"href":"https:\/\/fuentesfidedignas.com.mx\/index.php\/wp-json\/wp\/v2\/categories?post=63115"},{"taxonomy":"post_tag","embeddable":true,"href":"https:\/\/fuentesfidedignas.com.mx\/index.php\/wp-json\/wp\/v2\/tags?post=63115"}],"curies":[{"name":"wp","href":"https:\/\/api.w.org\/{rel}","templated":true}]}}