{"id":63094,"date":"2023-10-19T20:03:27","date_gmt":"2023-10-20T03:03:27","guid":{"rendered":"https:\/\/fuentesfidedignas.com.mx\/?p=63094"},"modified":"2023-10-19T20:04:28","modified_gmt":"2023-10-20T03:04:28","slug":"pri-lanza-campana-contra-el-cancer-de-mama-si-se-de-ti-luchare-contra-ti-primero-checate","status":"publish","type":"post","link":"https:\/\/fuentesfidedignas.com.mx\/index.php\/2023\/10\/19\/pri-lanza-campana-contra-el-cancer-de-mama-si-se-de-ti-luchare-contra-ti-primero-checate\/","title":{"rendered":"PRI lanza campa\u00f1a contra el c\u00e1ncer de mama: \u201cSi s\u00e9 de ti luchar\u00e9 contra ti, PRImero ch\u00e9cate\u201d"},"content":{"rendered":"\n<p><em><strong>En el D\u00eda Internacional del C\u00e1ncer de mama, entregan tarjetas m\u00e9dicas para mastograf\u00edas<\/strong><\/em><\/p>\n\n\n\n<p>Culiac\u00e1n, Sin.- En conmemoraci\u00f3n del D\u00eda Internacional de la lucha contra el C\u00e1ncer de mama, el Partido Revolucionario Institucional en coordinaci\u00f3n con el Organismo Estatal de Mujeres Priistas en Sinaloa, encabezados por Paola G\u00e1rate e Irma Moreno, llevaron a cabo un encuentro que cual tuvo como objetivo crear conciencia y promover que cada vez m\u00e1s f\u00e9minas, accedan a controles y diagn\u00f3sticos oportunos.<\/p>\n\n\n\n<figure class=\"wp-block-image size-full\"><img decoding=\"async\" width=\"1024\" height=\"768\" src=\"https:\/\/fuentesfidedignas.com.mx\/wp-content\/uploads\/2023\/10\/1000151494.jpg\" alt=\"\" class=\"wp-image-63095\" srcset=\"https:\/\/fuentesfidedignas.com.mx\/wp-content\/uploads\/2023\/10\/1000151494.jpg 1024w, https:\/\/fuentesfidedignas.com.mx\/wp-content\/uploads\/2023\/10\/1000151494-300x225.jpg 300w, https:\/\/fuentesfidedignas.com.mx\/wp-content\/uploads\/2023\/10\/1000151494-768x576.jpg 768w, https:\/\/fuentesfidedignas.com.mx\/wp-content\/uploads\/2023\/10\/1000151494-696x522.jpg 696w, https:\/\/fuentesfidedignas.com.mx\/wp-content\/uploads\/2023\/10\/1000151494-560x420.jpg 560w, https:\/\/fuentesfidedignas.com.mx\/wp-content\/uploads\/2023\/10\/1000151494-80x60.jpg 80w, https:\/\/fuentesfidedignas.com.mx\/wp-content\/uploads\/2023\/10\/1000151494-265x198.jpg 265w\" sizes=\"(max-width: 1024px) 100vw, 1024px\" \/><\/figure>\n\n\n\n<p>Acompa\u00f1adas del secretario general del partido, Bernardino Antelo, G\u00e1rate Valenzuela reiter\u00f3 la importancia de realizar chequeos oportunos con respecto a esta enfermedad que cobra m\u00e1s vidas cada a\u00f1o, dijo tambi\u00e9n estar consciente que este d\u00eda no debe pasar inadvertido y que sirva para checarnos y acudir a las citas de control.<\/p>\n\n\n\n<p>\u201cAhora que diputados federales, diputados locales, senadores, regidores est\u00e1n sobre el tema y buscan disminuir un poco el agravio de esta enfermedad, ya de por s\u00ed la sola situaci\u00f3n te marca de por vida; podemos ver la insensibilidad de este gobierno para hacer recortes en los rubros de la salud y esto no tiene nombre\u201d, se\u00f1al\u00f3.<\/p>\n\n\n\n<p>Por su parte, Moreno Ovalles, reafirm\u00f3 el compromiso tanto del partido como del organismo, as\u00ed como de darle seguimiento a este tipo de campa\u00f1as.<\/p>\n\n\n\n<p>\u201cCada vez vemos m\u00e1s casos de c\u00e1ncer de mama, pero detectando a tiempo, el 96 por ciento de los casos es curable, hay que tocarnos para que no nos toque, hay que cuidarnos\u201d, dijo.<\/p>\n\n\n\n<p>En el encuentro particip\u00f3 con su testimonio Ofelia Cabral, quien despu\u00e9s de 5 a\u00f1os de ser diagnosticada invita a todas las mujeres a que se exploren y si son afectadas a que no vivan el proceso solas, que necesitan ser acompa\u00f1adas por su familia, amigos y profesionales.<\/p>\n\n\n\n<p>Tambi\u00e9n estuvo la se\u00f1ora Beatriz Le\u00f3n, quien est\u00e1 viviendo el proceso del tratamiento actualmente, a quien se le brind\u00f3 totalmente cualquier tipo de apoyo por parte de los organizadores del encuentro.<\/p>\n\n\n\n<p>Posteriormente, por la tarde la presidenta Paola G\u00e1rate acompa\u00f1ada de \u00c9rika S\u00e1nchez, dirigente de la CNOP y Ramiro Garza, presidente del PRI Culiac\u00e1n, asistieron a la colonia 6 de enero donde entregaron tarjetas m\u00e9dicas para realizarse mastograf\u00edas e invitar a las f\u00e9minas a la autoexploraci\u00f3n.<\/p>\n","protected":false},"excerpt":{"rendered":"<p>En el D\u00eda Internacional del C\u00e1ncer de mama, entregan tarjetas m\u00e9dicas para mastograf\u00edas Culiac\u00e1n, Sin.- En conmemoraci\u00f3n del D\u00eda Internacional de la lucha contra el C\u00e1ncer de mama, el Partido Revolucionario Institucional en coordinaci\u00f3n con el Organismo Estatal de Mujeres Priistas en Sinaloa, encabezados por Paola G\u00e1rate e Irma Moreno, llevaron a cabo un encuentro [&hellip;]<\/p>\n","protected":false},"author":4,"featured_media":63097,"comment_status":"open","ping_status":"open","sticky":false,"template":"","format":"standard","meta":{"tdm_status":"","tdm_grid_status":"","footnotes":""},"categories":[1],"tags":[],"class_list":{"0":"post-63094","1":"post","2":"type-post","3":"status-publish","4":"format-standard","5":"has-post-thumbnail","7":"category-sin-categoria"},"yoast_head":"<!-- This site is optimized with the Yoast SEO plugin v27.5 - https:\/\/yoast.com\/product\/yoast-seo-wordpress\/ -->\n<title>PRI lanza campa\u00f1a contra el c\u00e1ncer de mama: \u201cSi s\u00e9 de ti luchar\u00e9 contra ti, PRImero ch\u00e9cate\u201d - Fuentes Fidedignas<\/title>\n<meta name=\"robots\" content=\"index, follow, max-snippet:-1, max-image-preview:large, max-video-preview:-1\" \/>\n<link rel=\"canonical\" href=\"https:\/\/fuentesfidedignas.com.mx\/index.php\/2023\/10\/19\/pri-lanza-campana-contra-el-cancer-de-mama-si-se-de-ti-luchare-contra-ti-primero-checate\/\" \/>\n<meta property=\"og:locale\" content=\"es_MX\" \/>\n<meta property=\"og:type\" content=\"article\" \/>\n<meta property=\"og:title\" content=\"PRI lanza campa\u00f1a contra el c\u00e1ncer de mama: \u201cSi s\u00e9 de ti luchar\u00e9 contra ti, PRImero ch\u00e9cate\u201d - Fuentes Fidedignas\" \/>\n<meta property=\"og:description\" content=\"En el D\u00eda Internacional del C\u00e1ncer de mama, entregan tarjetas m\u00e9dicas para mastograf\u00edas Culiac\u00e1n, Sin.- En conmemoraci\u00f3n del D\u00eda Internacional de la lucha contra el C\u00e1ncer de mama, el Partido Revolucionario Institucional en coordinaci\u00f3n con el Organismo Estatal de Mujeres Priistas en Sinaloa, encabezados por Paola G\u00e1rate e Irma Moreno, llevaron a cabo un encuentro [&hellip;]\" \/>\n<meta property=\"og:url\" content=\"https:\/\/fuentesfidedignas.com.mx\/index.php\/2023\/10\/19\/pri-lanza-campana-contra-el-cancer-de-mama-si-se-de-ti-luchare-contra-ti-primero-checate\/\" \/>\n<meta property=\"og:site_name\" content=\"Fuentes Fidedignas\" \/>\n<meta property=\"article:publisher\" content=\"https:\/\/www.facebook.com\/Fuentes-Fidedignas-368234489921644\" \/>\n<meta property=\"article:published_time\" content=\"2023-10-20T03:03:27+00:00\" \/>\n<meta property=\"article:modified_time\" content=\"2023-10-20T03:04:28+00:00\" \/>\n<meta property=\"og:image\" content=\"https:\/\/fuentesfidedignas.com.mx\/wp-content\/uploads\/2023\/10\/IMG-20231019-WA0077.jpg\" \/>\n\t<meta property=\"og:image:width\" content=\"1024\" \/>\n\t<meta property=\"og:image:height\" content=\"549\" \/>\n\t<meta property=\"og:image:type\" content=\"image\/jpeg\" \/>\n<meta name=\"author\" content=\"Redacci\u00f3n\" \/>\n<meta name=\"twitter:card\" content=\"summary_large_image\" \/>\n<meta name=\"twitter:creator\" content=\"@fidedignas\" \/>\n<meta name=\"twitter:site\" content=\"@fidedignas\" \/>\n<meta name=\"twitter:label1\" content=\"Escrito por\" \/>\n\t<meta name=\"twitter:data1\" content=\"Redacci\u00f3n\" \/>\n\t<meta name=\"twitter:label2\" content=\"Tiempo de lectura\" \/>\n\t<meta name=\"twitter:data2\" content=\"2 minutos\" \/>\n<script type=\"application\/ld+json\" class=\"yoast-schema-graph\">{\"@context\":\"https:\\\/\\\/schema.org\",\"@graph\":[{\"@type\":\"Article\",\"@id\":\"https:\\\/\\\/fuentesfidedignas.com.mx\\\/index.php\\\/2023\\\/10\\\/19\\\/pri-lanza-campana-contra-el-cancer-de-mama-si-se-de-ti-luchare-contra-ti-primero-checate\\\/#article\",\"isPartOf\":{\"@id\":\"https:\\\/\\\/fuentesfidedignas.com.mx\\\/index.php\\\/2023\\\/10\\\/19\\\/pri-lanza-campana-contra-el-cancer-de-mama-si-se-de-ti-luchare-contra-ti-primero-checate\\\/\"},\"author\":{\"name\":\"Redacci\u00f3n\",\"@id\":\"https:\\\/\\\/fuentesfidedignas.com.mx\\\/#\\\/schema\\\/person\\\/331be9283d37198e2acd5750279085b0\"},\"headline\":\"PRI lanza campa\u00f1a contra el c\u00e1ncer de mama: \u201cSi s\u00e9 de ti luchar\u00e9 contra ti, PRImero ch\u00e9cate\u201d\",\"datePublished\":\"2023-10-20T03:03:27+00:00\",\"dateModified\":\"2023-10-20T03:04:28+00:00\",\"mainEntityOfPage\":{\"@id\":\"https:\\\/\\\/fuentesfidedignas.com.mx\\\/index.php\\\/2023\\\/10\\\/19\\\/pri-lanza-campana-contra-el-cancer-de-mama-si-se-de-ti-luchare-contra-ti-primero-checate\\\/\"},\"wordCount\":420,\"commentCount\":0,\"publisher\":{\"@id\":\"https:\\\/\\\/fuentesfidedignas.com.mx\\\/#organization\"},\"image\":{\"@id\":\"https:\\\/\\\/fuentesfidedignas.com.mx\\\/index.php\\\/2023\\\/10\\\/19\\\/pri-lanza-campana-contra-el-cancer-de-mama-si-se-de-ti-luchare-contra-ti-primero-checate\\\/#primaryimage\"},\"thumbnailUrl\":\"https:\\\/\\\/fuentesfidedignas.com.mx\\\/wp-content\\\/uploads\\\/2023\\\/10\\\/IMG-20231019-WA0077.jpg\",\"inLanguage\":\"es\",\"potentialAction\":[{\"@type\":\"CommentAction\",\"name\":\"Comment\",\"target\":[\"https:\\\/\\\/fuentesfidedignas.com.mx\\\/index.php\\\/2023\\\/10\\\/19\\\/pri-lanza-campana-contra-el-cancer-de-mama-si-se-de-ti-luchare-contra-ti-primero-checate\\\/#respond\"]}]},{\"@type\":\"WebPage\",\"@id\":\"https:\\\/\\\/fuentesfidedignas.com.mx\\\/index.php\\\/2023\\\/10\\\/19\\\/pri-lanza-campana-contra-el-cancer-de-mama-si-se-de-ti-luchare-contra-ti-primero-checate\\\/\",\"url\":\"https:\\\/\\\/fuentesfidedignas.com.mx\\\/index.php\\\/2023\\\/10\\\/19\\\/pri-lanza-campana-contra-el-cancer-de-mama-si-se-de-ti-luchare-contra-ti-primero-checate\\\/\",\"name\":\"PRI lanza campa\u00f1a contra el c\u00e1ncer de mama: \u201cSi s\u00e9 de ti luchar\u00e9 contra ti, PRImero ch\u00e9cate\u201d - Fuentes Fidedignas\",\"isPartOf\":{\"@id\":\"https:\\\/\\\/fuentesfidedignas.com.mx\\\/#website\"},\"primaryImageOfPage\":{\"@id\":\"https:\\\/\\\/fuentesfidedignas.com.mx\\\/index.php\\\/2023\\\/10\\\/19\\\/pri-lanza-campana-contra-el-cancer-de-mama-si-se-de-ti-luchare-contra-ti-primero-checate\\\/#primaryimage\"},\"image\":{\"@id\":\"https:\\\/\\\/fuentesfidedignas.com.mx\\\/index.php\\\/2023\\\/10\\\/19\\\/pri-lanza-campana-contra-el-cancer-de-mama-si-se-de-ti-luchare-contra-ti-primero-checate\\\/#primaryimage\"},\"thumbnailUrl\":\"https:\\\/\\\/fuentesfidedignas.com.mx\\\/wp-content\\\/uploads\\\/2023\\\/10\\\/IMG-20231019-WA0077.jpg\",\"datePublished\":\"2023-10-20T03:03:27+00:00\",\"dateModified\":\"2023-10-20T03:04:28+00:00\",\"breadcrumb\":{\"@id\":\"https:\\\/\\\/fuentesfidedignas.com.mx\\\/index.php\\\/2023\\\/10\\\/19\\\/pri-lanza-campana-contra-el-cancer-de-mama-si-se-de-ti-luchare-contra-ti-primero-checate\\\/#breadcrumb\"},\"inLanguage\":\"es\",\"potentialAction\":[{\"@type\":\"ReadAction\",\"target\":[\"https:\\\/\\\/fuentesfidedignas.com.mx\\\/index.php\\\/2023\\\/10\\\/19\\\/pri-lanza-campana-contra-el-cancer-de-mama-si-se-de-ti-luchare-contra-ti-primero-checate\\\/\"]}]},{\"@type\":\"ImageObject\",\"inLanguage\":\"es\",\"@id\":\"https:\\\/\\\/fuentesfidedignas.com.mx\\\/index.php\\\/2023\\\/10\\\/19\\\/pri-lanza-campana-contra-el-cancer-de-mama-si-se-de-ti-luchare-contra-ti-primero-checate\\\/#primaryimage\",\"url\":\"https:\\\/\\\/fuentesfidedignas.com.mx\\\/wp-content\\\/uploads\\\/2023\\\/10\\\/IMG-20231019-WA0077.jpg\",\"contentUrl\":\"https:\\\/\\\/fuentesfidedignas.com.mx\\\/wp-content\\\/uploads\\\/2023\\\/10\\\/IMG-20231019-WA0077.jpg\",\"width\":1024,\"height\":549},{\"@type\":\"BreadcrumbList\",\"@id\":\"https:\\\/\\\/fuentesfidedignas.com.mx\\\/index.php\\\/2023\\\/10\\\/19\\\/pri-lanza-campana-contra-el-cancer-de-mama-si-se-de-ti-luchare-contra-ti-primero-checate\\\/#breadcrumb\",\"itemListElement\":[{\"@type\":\"ListItem\",\"position\":1,\"name\":\"Inicio\",\"item\":\"https:\\\/\\\/fuentesfidedignas.com.mx\\\/\"},{\"@type\":\"ListItem\",\"position\":2,\"name\":\"PRI lanza campa\u00f1a contra el c\u00e1ncer de mama: \u201cSi s\u00e9 de ti luchar\u00e9 contra ti, PRImero ch\u00e9cate\u201d\"}]},{\"@type\":\"WebSite\",\"@id\":\"https:\\\/\\\/fuentesfidedignas.com.mx\\\/#website\",\"url\":\"https:\\\/\\\/fuentesfidedignas.com.mx\\\/\",\"name\":\"Fuentes Fidedignas\",\"description\":\"Otro sitio realizado con WordPress\",\"publisher\":{\"@id\":\"https:\\\/\\\/fuentesfidedignas.com.mx\\\/#organization\"},\"potentialAction\":[{\"@type\":\"SearchAction\",\"target\":{\"@type\":\"EntryPoint\",\"urlTemplate\":\"https:\\\/\\\/fuentesfidedignas.com.mx\\\/?s={search_term_string}\"},\"query-input\":{\"@type\":\"PropertyValueSpecification\",\"valueRequired\":true,\"valueName\":\"search_term_string\"}}],\"inLanguage\":\"es\"},{\"@type\":\"Organization\",\"@id\":\"https:\\\/\\\/fuentesfidedignas.com.mx\\\/#organization\",\"name\":\"Fuentes Fidedignas\",\"url\":\"https:\\\/\\\/fuentesfidedignas.com.mx\\\/\",\"logo\":{\"@type\":\"ImageObject\",\"inLanguage\":\"es\",\"@id\":\"https:\\\/\\\/fuentesfidedignas.com.mx\\\/#\\\/schema\\\/logo\\\/image\\\/\",\"url\":\"https:\\\/\\\/fuentesfidedignas.com.mx\\\/wp-content\\\/uploads\\\/2021\\\/04\\\/logo-retina.png\",\"contentUrl\":\"https:\\\/\\\/fuentesfidedignas.com.mx\\\/wp-content\\\/uploads\\\/2021\\\/04\\\/logo-retina.png\",\"width\":280,\"height\":51,\"caption\":\"Fuentes Fidedignas\"},\"image\":{\"@id\":\"https:\\\/\\\/fuentesfidedignas.com.mx\\\/#\\\/schema\\\/logo\\\/image\\\/\"},\"sameAs\":[\"https:\\\/\\\/www.facebook.com\\\/Fuentes-Fidedignas-368234489921644\",\"https:\\\/\\\/x.com\\\/fidedignas\"]},{\"@type\":\"Person\",\"@id\":\"https:\\\/\\\/fuentesfidedignas.com.mx\\\/#\\\/schema\\\/person\\\/331be9283d37198e2acd5750279085b0\",\"name\":\"Redacci\u00f3n\",\"image\":{\"@type\":\"ImageObject\",\"inLanguage\":\"es\",\"@id\":\"https:\\\/\\\/secure.gravatar.com\\\/avatar\\\/f6d8782c11d12b2d4ad3fbb6931aeab5309937a4d6cd2fc9cfaa28a6396a5aec?s=96&d=mm&r=g\",\"url\":\"https:\\\/\\\/secure.gravatar.com\\\/avatar\\\/f6d8782c11d12b2d4ad3fbb6931aeab5309937a4d6cd2fc9cfaa28a6396a5aec?s=96&d=mm&r=g\",\"contentUrl\":\"https:\\\/\\\/secure.gravatar.com\\\/avatar\\\/f6d8782c11d12b2d4ad3fbb6931aeab5309937a4d6cd2fc9cfaa28a6396a5aec?s=96&d=mm&r=g\",\"caption\":\"Redacci\u00f3n\"},\"url\":\"https:\\\/\\\/fuentesfidedignas.com.mx\\\/index.php\\\/author\\\/redaccion\\\/\"}]}<\/script>\n<!-- \/ Yoast SEO plugin. -->","yoast_head_json":{"title":"PRI lanza campa\u00f1a contra el c\u00e1ncer de mama: \u201cSi s\u00e9 de ti luchar\u00e9 contra ti, PRImero ch\u00e9cate\u201d - Fuentes Fidedignas","robots":{"index":"index","follow":"follow","max-snippet":"max-snippet:-1","max-image-preview":"max-image-preview:large","max-video-preview":"max-video-preview:-1"},"canonical":"https:\/\/fuentesfidedignas.com.mx\/index.php\/2023\/10\/19\/pri-lanza-campana-contra-el-cancer-de-mama-si-se-de-ti-luchare-contra-ti-primero-checate\/","og_locale":"es_MX","og_type":"article","og_title":"PRI lanza campa\u00f1a contra el c\u00e1ncer de mama: \u201cSi s\u00e9 de ti luchar\u00e9 contra ti, PRImero ch\u00e9cate\u201d - Fuentes Fidedignas","og_description":"En el D\u00eda Internacional del C\u00e1ncer de mama, entregan tarjetas m\u00e9dicas para mastograf\u00edas Culiac\u00e1n, Sin.- En conmemoraci\u00f3n del D\u00eda Internacional de la lucha contra el C\u00e1ncer de mama, el Partido Revolucionario Institucional en coordinaci\u00f3n con el Organismo Estatal de Mujeres Priistas en Sinaloa, encabezados por Paola G\u00e1rate e Irma Moreno, llevaron a cabo un encuentro [&hellip;]","og_url":"https:\/\/fuentesfidedignas.com.mx\/index.php\/2023\/10\/19\/pri-lanza-campana-contra-el-cancer-de-mama-si-se-de-ti-luchare-contra-ti-primero-checate\/","og_site_name":"Fuentes Fidedignas","article_publisher":"https:\/\/www.facebook.com\/Fuentes-Fidedignas-368234489921644","article_published_time":"2023-10-20T03:03:27+00:00","article_modified_time":"2023-10-20T03:04:28+00:00","og_image":[{"width":1024,"height":549,"url":"https:\/\/fuentesfidedignas.com.mx\/wp-content\/uploads\/2023\/10\/IMG-20231019-WA0077.jpg","type":"image\/jpeg"}],"author":"Redacci\u00f3n","twitter_card":"summary_large_image","twitter_creator":"@fidedignas","twitter_site":"@fidedignas","twitter_misc":{"Escrito por":"Redacci\u00f3n","Tiempo de lectura":"2 minutos"},"schema":{"@context":"https:\/\/schema.org","@graph":[{"@type":"Article","@id":"https:\/\/fuentesfidedignas.com.mx\/index.php\/2023\/10\/19\/pri-lanza-campana-contra-el-cancer-de-mama-si-se-de-ti-luchare-contra-ti-primero-checate\/#article","isPartOf":{"@id":"https:\/\/fuentesfidedignas.com.mx\/index.php\/2023\/10\/19\/pri-lanza-campana-contra-el-cancer-de-mama-si-se-de-ti-luchare-contra-ti-primero-checate\/"},"author":{"name":"Redacci\u00f3n","@id":"https:\/\/fuentesfidedignas.com.mx\/#\/schema\/person\/331be9283d37198e2acd5750279085b0"},"headline":"PRI lanza campa\u00f1a contra el c\u00e1ncer de mama: \u201cSi s\u00e9 de ti luchar\u00e9 contra ti, PRImero ch\u00e9cate\u201d","datePublished":"2023-10-20T03:03:27+00:00","dateModified":"2023-10-20T03:04:28+00:00","mainEntityOfPage":{"@id":"https:\/\/fuentesfidedignas.com.mx\/index.php\/2023\/10\/19\/pri-lanza-campana-contra-el-cancer-de-mama-si-se-de-ti-luchare-contra-ti-primero-checate\/"},"wordCount":420,"commentCount":0,"publisher":{"@id":"https:\/\/fuentesfidedignas.com.mx\/#organization"},"image":{"@id":"https:\/\/fuentesfidedignas.com.mx\/index.php\/2023\/10\/19\/pri-lanza-campana-contra-el-cancer-de-mama-si-se-de-ti-luchare-contra-ti-primero-checate\/#primaryimage"},"thumbnailUrl":"https:\/\/fuentesfidedignas.com.mx\/wp-content\/uploads\/2023\/10\/IMG-20231019-WA0077.jpg","inLanguage":"es","potentialAction":[{"@type":"CommentAction","name":"Comment","target":["https:\/\/fuentesfidedignas.com.mx\/index.php\/2023\/10\/19\/pri-lanza-campana-contra-el-cancer-de-mama-si-se-de-ti-luchare-contra-ti-primero-checate\/#respond"]}]},{"@type":"WebPage","@id":"https:\/\/fuentesfidedignas.com.mx\/index.php\/2023\/10\/19\/pri-lanza-campana-contra-el-cancer-de-mama-si-se-de-ti-luchare-contra-ti-primero-checate\/","url":"https:\/\/fuentesfidedignas.com.mx\/index.php\/2023\/10\/19\/pri-lanza-campana-contra-el-cancer-de-mama-si-se-de-ti-luchare-contra-ti-primero-checate\/","name":"PRI lanza campa\u00f1a contra el c\u00e1ncer de mama: \u201cSi s\u00e9 de ti luchar\u00e9 contra ti, PRImero ch\u00e9cate\u201d - Fuentes Fidedignas","isPartOf":{"@id":"https:\/\/fuentesfidedignas.com.mx\/#website"},"primaryImageOfPage":{"@id":"https:\/\/fuentesfidedignas.com.mx\/index.php\/2023\/10\/19\/pri-lanza-campana-contra-el-cancer-de-mama-si-se-de-ti-luchare-contra-ti-primero-checate\/#primaryimage"},"image":{"@id":"https:\/\/fuentesfidedignas.com.mx\/index.php\/2023\/10\/19\/pri-lanza-campana-contra-el-cancer-de-mama-si-se-de-ti-luchare-contra-ti-primero-checate\/#primaryimage"},"thumbnailUrl":"https:\/\/fuentesfidedignas.com.mx\/wp-content\/uploads\/2023\/10\/IMG-20231019-WA0077.jpg","datePublished":"2023-10-20T03:03:27+00:00","dateModified":"2023-10-20T03:04:28+00:00","breadcrumb":{"@id":"https:\/\/fuentesfidedignas.com.mx\/index.php\/2023\/10\/19\/pri-lanza-campana-contra-el-cancer-de-mama-si-se-de-ti-luchare-contra-ti-primero-checate\/#breadcrumb"},"inLanguage":"es","potentialAction":[{"@type":"ReadAction","target":["https:\/\/fuentesfidedignas.com.mx\/index.php\/2023\/10\/19\/pri-lanza-campana-contra-el-cancer-de-mama-si-se-de-ti-luchare-contra-ti-primero-checate\/"]}]},{"@type":"ImageObject","inLanguage":"es","@id":"https:\/\/fuentesfidedignas.com.mx\/index.php\/2023\/10\/19\/pri-lanza-campana-contra-el-cancer-de-mama-si-se-de-ti-luchare-contra-ti-primero-checate\/#primaryimage","url":"https:\/\/fuentesfidedignas.com.mx\/wp-content\/uploads\/2023\/10\/IMG-20231019-WA0077.jpg","contentUrl":"https:\/\/fuentesfidedignas.com.mx\/wp-content\/uploads\/2023\/10\/IMG-20231019-WA0077.jpg","width":1024,"height":549},{"@type":"BreadcrumbList","@id":"https:\/\/fuentesfidedignas.com.mx\/index.php\/2023\/10\/19\/pri-lanza-campana-contra-el-cancer-de-mama-si-se-de-ti-luchare-contra-ti-primero-checate\/#breadcrumb","itemListElement":[{"@type":"ListItem","position":1,"name":"Inicio","item":"https:\/\/fuentesfidedignas.com.mx\/"},{"@type":"ListItem","position":2,"name":"PRI lanza campa\u00f1a contra el c\u00e1ncer de mama: \u201cSi s\u00e9 de ti luchar\u00e9 contra ti, PRImero ch\u00e9cate\u201d"}]},{"@type":"WebSite","@id":"https:\/\/fuentesfidedignas.com.mx\/#website","url":"https:\/\/fuentesfidedignas.com.mx\/","name":"Fuentes Fidedignas","description":"Otro sitio realizado con WordPress","publisher":{"@id":"https:\/\/fuentesfidedignas.com.mx\/#organization"},"potentialAction":[{"@type":"SearchAction","target":{"@type":"EntryPoint","urlTemplate":"https:\/\/fuentesfidedignas.com.mx\/?s={search_term_string}"},"query-input":{"@type":"PropertyValueSpecification","valueRequired":true,"valueName":"search_term_string"}}],"inLanguage":"es"},{"@type":"Organization","@id":"https:\/\/fuentesfidedignas.com.mx\/#organization","name":"Fuentes Fidedignas","url":"https:\/\/fuentesfidedignas.com.mx\/","logo":{"@type":"ImageObject","inLanguage":"es","@id":"https:\/\/fuentesfidedignas.com.mx\/#\/schema\/logo\/image\/","url":"https:\/\/fuentesfidedignas.com.mx\/wp-content\/uploads\/2021\/04\/logo-retina.png","contentUrl":"https:\/\/fuentesfidedignas.com.mx\/wp-content\/uploads\/2021\/04\/logo-retina.png","width":280,"height":51,"caption":"Fuentes Fidedignas"},"image":{"@id":"https:\/\/fuentesfidedignas.com.mx\/#\/schema\/logo\/image\/"},"sameAs":["https:\/\/www.facebook.com\/Fuentes-Fidedignas-368234489921644","https:\/\/x.com\/fidedignas"]},{"@type":"Person","@id":"https:\/\/fuentesfidedignas.com.mx\/#\/schema\/person\/331be9283d37198e2acd5750279085b0","name":"Redacci\u00f3n","image":{"@type":"ImageObject","inLanguage":"es","@id":"https:\/\/secure.gravatar.com\/avatar\/f6d8782c11d12b2d4ad3fbb6931aeab5309937a4d6cd2fc9cfaa28a6396a5aec?s=96&d=mm&r=g","url":"https:\/\/secure.gravatar.com\/avatar\/f6d8782c11d12b2d4ad3fbb6931aeab5309937a4d6cd2fc9cfaa28a6396a5aec?s=96&d=mm&r=g","contentUrl":"https:\/\/secure.gravatar.com\/avatar\/f6d8782c11d12b2d4ad3fbb6931aeab5309937a4d6cd2fc9cfaa28a6396a5aec?s=96&d=mm&r=g","caption":"Redacci\u00f3n"},"url":"https:\/\/fuentesfidedignas.com.mx\/index.php\/author\/redaccion\/"}]}},"_links":{"self":[{"href":"https:\/\/fuentesfidedignas.com.mx\/index.php\/wp-json\/wp\/v2\/posts\/63094","targetHints":{"allow":["GET"]}}],"collection":[{"href":"https:\/\/fuentesfidedignas.com.mx\/index.php\/wp-json\/wp\/v2\/posts"}],"about":[{"href":"https:\/\/fuentesfidedignas.com.mx\/index.php\/wp-json\/wp\/v2\/types\/post"}],"author":[{"embeddable":true,"href":"https:\/\/fuentesfidedignas.com.mx\/index.php\/wp-json\/wp\/v2\/users\/4"}],"replies":[{"embeddable":true,"href":"https:\/\/fuentesfidedignas.com.mx\/index.php\/wp-json\/wp\/v2\/comments?post=63094"}],"version-history":[{"count":1,"href":"https:\/\/fuentesfidedignas.com.mx\/index.php\/wp-json\/wp\/v2\/posts\/63094\/revisions"}],"predecessor-version":[{"id":63096,"href":"https:\/\/fuentesfidedignas.com.mx\/index.php\/wp-json\/wp\/v2\/posts\/63094\/revisions\/63096"}],"wp:featuredmedia":[{"embeddable":true,"href":"https:\/\/fuentesfidedignas.com.mx\/index.php\/wp-json\/wp\/v2\/media\/63097"}],"wp:attachment":[{"href":"https:\/\/fuentesfidedignas.com.mx\/index.php\/wp-json\/wp\/v2\/media?parent=63094"}],"wp:term":[{"taxonomy":"category","embeddable":true,"href":"https:\/\/fuentesfidedignas.com.mx\/index.php\/wp-json\/wp\/v2\/categories?post=63094"},{"taxonomy":"post_tag","embeddable":true,"href":"https:\/\/fuentesfidedignas.com.mx\/index.php\/wp-json\/wp\/v2\/tags?post=63094"}],"curies":[{"name":"wp","href":"https:\/\/api.w.org\/{rel}","templated":true}]}}