{"id":63081,"date":"2023-10-20T02:31:00","date_gmt":"2023-10-20T09:31:00","guid":{"rendered":"https:\/\/fuentesfidedignas.com.mx\/?p=63081"},"modified":"2023-10-19T18:41:58","modified_gmt":"2023-10-20T01:41:58","slug":"abuelita-celebra-99-anos-con-mariachi-y-bailando-con-todo-y-andadera-video","status":"publish","type":"post","link":"https:\/\/fuentesfidedignas.com.mx\/index.php\/2023\/10\/20\/abuelita-celebra-99-anos-con-mariachi-y-bailando-con-todo-y-andadera-video\/","title":{"rendered":"Abuelita celebra 99 a\u00f1os con mariachi y bailando \u00a1con todo y andadera! | VIDEO"},"content":{"rendered":"\n<p>Una mujer de la tercera edad se volvi\u00f3 viral tras protagonizar un video celebrando su cumplea\u00f1os n\u00famero 99 llena de energ\u00eda, y bailando hasta con andadera<\/p>\n\n\n\n<p>Gracias a las redes sociales y plataformas de entretenimiento como TikTok, hemos sido testigos de grandes momentos que los usuarios comparten; van desde actos de bondad, denunciar alguna injusticia, hasta conmovedores momentos que nos llegan de alegr\u00eda.<\/p>\n\n\n\n<p>Este es el caso de un video que se hiso viral en TikTok, donde se ve a una feliz familia compartiendo y festejando el cumplea\u00f1os de una integrante muy especial; con mariachi, sonriendo y festejando, se ve a la familia celebrando los 99 a\u00f1os de una tierna abuelita.<\/p>\n\n\n\n<figure class=\"wp-block-embed is-type-video is-provider-tiktok wp-block-embed-tiktok\"><div class=\"wp-block-embed__wrapper\">\n<blockquote class=\"tiktok-embed\" cite=\"https:\/\/www.tiktok.com\/@alejandrinavaldezramirez\/video\/7290341454239567109\" data-video-id=\"7290341454239567109\" data-embed-from=\"oembed\" style=\"max-width: 605px;min-width: 325px;\" > <section> <a target=\"_blank\" title=\"@alejandrinavaldezramirez\" href=\"https:\/\/www.tiktok.com\/@alejandrinavaldezramirez?refer=embed\">@alejandrinavaldezramirez<\/a> <p><\/p> <a target=\"_blank\" title=\"\u266c sonido original - Alejandrina Valdez\" href=\"https:\/\/www.tiktok.com\/music\/sonido-original-7290341466953124613?refer=embed\">\u266c sonido original &#8211; Alejandrina Valdez<\/a> <\/section> <\/blockquote> <script async src=\"https:\/\/www.tiktok.com\/embed.js\"><\/script>\n<\/div><\/figure>\n\n\n\n<p>La energ\u00eda y alegr\u00eda que irradia la mujer contagi\u00f3 a todos en redes sociales, quienes no pod\u00edan creer como festejaba, pese a su avanzada edad. La m\u00fasica del mariachi alegr\u00f3 el lugar y la abuelita se levant\u00f3 de su asiento con ayuda de su andadera, para despu\u00e9s comenzar a bailar y celebrar sus 99 a\u00f1os de vida.<\/p>\n\n\n\n<p>Bailando al ritmo de la canci\u00f3n, se escucha como sus nietos la motivan con frases como \u201ceso abueee\u201d, pues incluso daba algunas vueltas al centro de la sala, mientras todos al rededor aplaud\u00edan.<\/p>\n\n\n\n<p>El video se hizo viral al poco tiempo de ser publicado, pues la alegr\u00eda que \u00e9ste momento provoc\u00f3 no pudo pasar desapercibido; en los comentarios los internautas aprovecharon para felicitar a la tierna y feliz abuelita.<\/p>\n\n\n\n<p>\u201cQue dios le permita 100 a\u00f1os m\u00e1s; abrazo a esta familia\u201d, \u201cMuchas felicidades a tu abuelita, la am\u00e9, bendito dios a\u00fan puede disfrutar\u201d, \u201cQu\u00e9 hermosa se\u00f1ora\u201d, \u201cFelicidades a esa hermosa se\u00f1ora, qu\u00e9 Dios la bendiga y le d\u00e9 m\u00e1s a\u00f1os de vida\u201d, comentaron en el video.<\/p>\n\n\n\n<p>Por otro lado, celebraron la energ\u00eda de la abuelita, compartiendo que aunque su edad es muy avanzaba ten\u00eda la motivaci\u00f3n de celebrar su vida junto a su familia.<\/p>\n\n\n\n<p>&#8220;Tiene m\u00e1s vida, rodillas y ritmo que yo&#8221;, &#8220;Sac\u00f3 los prohibidos&#8221;, &#8220;Yo solo veo una ni\u00f1a muy feliz, gracias por hacerla feliz&#8221;, &#8220;99 a\u00f1os siendo feliz&#8221;, &#8220;Qu\u00e9 linda abuelita que disfruta, cu\u00eddenla mucho, bendiciones&#8221; comentaron los internautas.<\/p>\n\n\n\n<p><\/p>\n\n\n\n<p><\/p>\n","protected":false},"excerpt":{"rendered":"<p>Una mujer de la tercera edad se volvi\u00f3 viral tras protagonizar un video celebrando su cumplea\u00f1os n\u00famero 99 llena de energ\u00eda, y bailando hasta con andadera Gracias a las redes sociales y plataformas de entretenimiento como TikTok, hemos sido testigos de grandes momentos que los usuarios comparten; van desde actos de bondad, denunciar alguna injusticia, [&hellip;]<\/p>\n","protected":false},"author":9,"featured_media":63082,"comment_status":"open","ping_status":"open","sticky":false,"template":"","format":"standard","meta":{"tdm_status":"","tdm_grid_status":"","footnotes":""},"categories":[40],"tags":[],"class_list":{"0":"post-63081","1":"post","2":"type-post","3":"status-publish","4":"format-standard","5":"has-post-thumbnail","7":"category-las-asombrosas"},"yoast_head":"<!-- This site is optimized with the Yoast SEO plugin v27.4 - https:\/\/yoast.com\/product\/yoast-seo-wordpress\/ -->\n<title>Abuelita celebra 99 a\u00f1os con mariachi y bailando \u00a1con todo y andadera! | VIDEO - Fuentes Fidedignas<\/title>\n<meta name=\"robots\" content=\"index, follow, max-snippet:-1, max-image-preview:large, max-video-preview:-1\" \/>\n<link rel=\"canonical\" href=\"https:\/\/fuentesfidedignas.com.mx\/index.php\/2023\/10\/20\/abuelita-celebra-99-anos-con-mariachi-y-bailando-con-todo-y-andadera-video\/\" \/>\n<meta property=\"og:locale\" content=\"es_MX\" \/>\n<meta property=\"og:type\" content=\"article\" \/>\n<meta property=\"og:title\" content=\"Abuelita celebra 99 a\u00f1os con mariachi y bailando \u00a1con todo y andadera! | VIDEO - Fuentes Fidedignas\" \/>\n<meta property=\"og:description\" content=\"Una mujer de la tercera edad se volvi\u00f3 viral tras protagonizar un video celebrando su cumplea\u00f1os n\u00famero 99 llena de energ\u00eda, y bailando hasta con andadera Gracias a las redes sociales y plataformas de entretenimiento como TikTok, hemos sido testigos de grandes momentos que los usuarios comparten; van desde actos de bondad, denunciar alguna injusticia, [&hellip;]\" \/>\n<meta property=\"og:url\" content=\"https:\/\/fuentesfidedignas.com.mx\/index.php\/2023\/10\/20\/abuelita-celebra-99-anos-con-mariachi-y-bailando-con-todo-y-andadera-video\/\" \/>\n<meta property=\"og:site_name\" content=\"Fuentes Fidedignas\" \/>\n<meta property=\"article:publisher\" content=\"https:\/\/www.facebook.com\/Fuentes-Fidedignas-368234489921644\" \/>\n<meta property=\"article:published_time\" content=\"2023-10-20T09:31:00+00:00\" \/>\n<meta property=\"og:image\" content=\"https:\/\/fuentesfidedignas.com.mx\/wp-content\/uploads\/2023\/10\/abuelita.jpg\" \/>\n\t<meta property=\"og:image:width\" content=\"600\" \/>\n\t<meta property=\"og:image:height\" content=\"329\" \/>\n\t<meta property=\"og:image:type\" content=\"image\/jpeg\" \/>\n<meta name=\"author\" content=\"Milenio\" \/>\n<meta name=\"twitter:card\" content=\"summary_large_image\" \/>\n<meta name=\"twitter:creator\" content=\"@fidedignas\" \/>\n<meta name=\"twitter:site\" content=\"@fidedignas\" \/>\n<meta name=\"twitter:label1\" content=\"Escrito por\" \/>\n\t<meta name=\"twitter:data1\" content=\"Milenio\" \/>\n\t<meta name=\"twitter:label2\" content=\"Tiempo de lectura\" \/>\n\t<meta name=\"twitter:data2\" content=\"2 minutos\" \/>\n<script type=\"application\/ld+json\" class=\"yoast-schema-graph\">{\"@context\":\"https:\\\/\\\/schema.org\",\"@graph\":[{\"@type\":\"Article\",\"@id\":\"https:\\\/\\\/fuentesfidedignas.com.mx\\\/index.php\\\/2023\\\/10\\\/20\\\/abuelita-celebra-99-anos-con-mariachi-y-bailando-con-todo-y-andadera-video\\\/#article\",\"isPartOf\":{\"@id\":\"https:\\\/\\\/fuentesfidedignas.com.mx\\\/index.php\\\/2023\\\/10\\\/20\\\/abuelita-celebra-99-anos-con-mariachi-y-bailando-con-todo-y-andadera-video\\\/\"},\"author\":{\"name\":\"Milenio\",\"@id\":\"https:\\\/\\\/fuentesfidedignas.com.mx\\\/#\\\/schema\\\/person\\\/47ec0135738f4b0c7495f06a77a2c976\"},\"headline\":\"Abuelita celebra 99 a\u00f1os con mariachi y bailando \u00a1con todo y andadera! | VIDEO\",\"datePublished\":\"2023-10-20T09:31:00+00:00\",\"mainEntityOfPage\":{\"@id\":\"https:\\\/\\\/fuentesfidedignas.com.mx\\\/index.php\\\/2023\\\/10\\\/20\\\/abuelita-celebra-99-anos-con-mariachi-y-bailando-con-todo-y-andadera-video\\\/\"},\"wordCount\":393,\"commentCount\":0,\"publisher\":{\"@id\":\"https:\\\/\\\/fuentesfidedignas.com.mx\\\/#organization\"},\"image\":{\"@id\":\"https:\\\/\\\/fuentesfidedignas.com.mx\\\/index.php\\\/2023\\\/10\\\/20\\\/abuelita-celebra-99-anos-con-mariachi-y-bailando-con-todo-y-andadera-video\\\/#primaryimage\"},\"thumbnailUrl\":\"https:\\\/\\\/fuentesfidedignas.com.mx\\\/wp-content\\\/uploads\\\/2023\\\/10\\\/abuelita.jpg\",\"articleSection\":[\"LAS ASOMBROSAS\"],\"inLanguage\":\"es\",\"potentialAction\":[{\"@type\":\"CommentAction\",\"name\":\"Comment\",\"target\":[\"https:\\\/\\\/fuentesfidedignas.com.mx\\\/index.php\\\/2023\\\/10\\\/20\\\/abuelita-celebra-99-anos-con-mariachi-y-bailando-con-todo-y-andadera-video\\\/#respond\"]}]},{\"@type\":\"WebPage\",\"@id\":\"https:\\\/\\\/fuentesfidedignas.com.mx\\\/index.php\\\/2023\\\/10\\\/20\\\/abuelita-celebra-99-anos-con-mariachi-y-bailando-con-todo-y-andadera-video\\\/\",\"url\":\"https:\\\/\\\/fuentesfidedignas.com.mx\\\/index.php\\\/2023\\\/10\\\/20\\\/abuelita-celebra-99-anos-con-mariachi-y-bailando-con-todo-y-andadera-video\\\/\",\"name\":\"Abuelita celebra 99 a\u00f1os con mariachi y bailando \u00a1con todo y andadera! | VIDEO - Fuentes Fidedignas\",\"isPartOf\":{\"@id\":\"https:\\\/\\\/fuentesfidedignas.com.mx\\\/#website\"},\"primaryImageOfPage\":{\"@id\":\"https:\\\/\\\/fuentesfidedignas.com.mx\\\/index.php\\\/2023\\\/10\\\/20\\\/abuelita-celebra-99-anos-con-mariachi-y-bailando-con-todo-y-andadera-video\\\/#primaryimage\"},\"image\":{\"@id\":\"https:\\\/\\\/fuentesfidedignas.com.mx\\\/index.php\\\/2023\\\/10\\\/20\\\/abuelita-celebra-99-anos-con-mariachi-y-bailando-con-todo-y-andadera-video\\\/#primaryimage\"},\"thumbnailUrl\":\"https:\\\/\\\/fuentesfidedignas.com.mx\\\/wp-content\\\/uploads\\\/2023\\\/10\\\/abuelita.jpg\",\"datePublished\":\"2023-10-20T09:31:00+00:00\",\"breadcrumb\":{\"@id\":\"https:\\\/\\\/fuentesfidedignas.com.mx\\\/index.php\\\/2023\\\/10\\\/20\\\/abuelita-celebra-99-anos-con-mariachi-y-bailando-con-todo-y-andadera-video\\\/#breadcrumb\"},\"inLanguage\":\"es\",\"potentialAction\":[{\"@type\":\"ReadAction\",\"target\":[\"https:\\\/\\\/fuentesfidedignas.com.mx\\\/index.php\\\/2023\\\/10\\\/20\\\/abuelita-celebra-99-anos-con-mariachi-y-bailando-con-todo-y-andadera-video\\\/\"]}]},{\"@type\":\"ImageObject\",\"inLanguage\":\"es\",\"@id\":\"https:\\\/\\\/fuentesfidedignas.com.mx\\\/index.php\\\/2023\\\/10\\\/20\\\/abuelita-celebra-99-anos-con-mariachi-y-bailando-con-todo-y-andadera-video\\\/#primaryimage\",\"url\":\"https:\\\/\\\/fuentesfidedignas.com.mx\\\/wp-content\\\/uploads\\\/2023\\\/10\\\/abuelita.jpg\",\"contentUrl\":\"https:\\\/\\\/fuentesfidedignas.com.mx\\\/wp-content\\\/uploads\\\/2023\\\/10\\\/abuelita.jpg\",\"width\":600,\"height\":329},{\"@type\":\"BreadcrumbList\",\"@id\":\"https:\\\/\\\/fuentesfidedignas.com.mx\\\/index.php\\\/2023\\\/10\\\/20\\\/abuelita-celebra-99-anos-con-mariachi-y-bailando-con-todo-y-andadera-video\\\/#breadcrumb\",\"itemListElement\":[{\"@type\":\"ListItem\",\"position\":1,\"name\":\"Inicio\",\"item\":\"https:\\\/\\\/fuentesfidedignas.com.mx\\\/\"},{\"@type\":\"ListItem\",\"position\":2,\"name\":\"Abuelita celebra 99 a\u00f1os con mariachi y bailando \u00a1con todo y andadera! | VIDEO\"}]},{\"@type\":\"WebSite\",\"@id\":\"https:\\\/\\\/fuentesfidedignas.com.mx\\\/#website\",\"url\":\"https:\\\/\\\/fuentesfidedignas.com.mx\\\/\",\"name\":\"Fuentes Fidedignas\",\"description\":\"Otro sitio realizado con WordPress\",\"publisher\":{\"@id\":\"https:\\\/\\\/fuentesfidedignas.com.mx\\\/#organization\"},\"potentialAction\":[{\"@type\":\"SearchAction\",\"target\":{\"@type\":\"EntryPoint\",\"urlTemplate\":\"https:\\\/\\\/fuentesfidedignas.com.mx\\\/?s={search_term_string}\"},\"query-input\":{\"@type\":\"PropertyValueSpecification\",\"valueRequired\":true,\"valueName\":\"search_term_string\"}}],\"inLanguage\":\"es\"},{\"@type\":\"Organization\",\"@id\":\"https:\\\/\\\/fuentesfidedignas.com.mx\\\/#organization\",\"name\":\"Fuentes Fidedignas\",\"url\":\"https:\\\/\\\/fuentesfidedignas.com.mx\\\/\",\"logo\":{\"@type\":\"ImageObject\",\"inLanguage\":\"es\",\"@id\":\"https:\\\/\\\/fuentesfidedignas.com.mx\\\/#\\\/schema\\\/logo\\\/image\\\/\",\"url\":\"https:\\\/\\\/fuentesfidedignas.com.mx\\\/wp-content\\\/uploads\\\/2021\\\/04\\\/logo-retina.png\",\"contentUrl\":\"https:\\\/\\\/fuentesfidedignas.com.mx\\\/wp-content\\\/uploads\\\/2021\\\/04\\\/logo-retina.png\",\"width\":280,\"height\":51,\"caption\":\"Fuentes Fidedignas\"},\"image\":{\"@id\":\"https:\\\/\\\/fuentesfidedignas.com.mx\\\/#\\\/schema\\\/logo\\\/image\\\/\"},\"sameAs\":[\"https:\\\/\\\/www.facebook.com\\\/Fuentes-Fidedignas-368234489921644\",\"https:\\\/\\\/x.com\\\/fidedignas\"]},{\"@type\":\"Person\",\"@id\":\"https:\\\/\\\/fuentesfidedignas.com.mx\\\/#\\\/schema\\\/person\\\/47ec0135738f4b0c7495f06a77a2c976\",\"name\":\"Milenio\",\"image\":{\"@type\":\"ImageObject\",\"inLanguage\":\"es\",\"@id\":\"https:\\\/\\\/secure.gravatar.com\\\/avatar\\\/acabf7b54753e51c2c76457954577c236b3b764789b19879565769739d1e4a75?s=96&d=mm&r=g\",\"url\":\"https:\\\/\\\/secure.gravatar.com\\\/avatar\\\/acabf7b54753e51c2c76457954577c236b3b764789b19879565769739d1e4a75?s=96&d=mm&r=g\",\"contentUrl\":\"https:\\\/\\\/secure.gravatar.com\\\/avatar\\\/acabf7b54753e51c2c76457954577c236b3b764789b19879565769739d1e4a75?s=96&d=mm&r=g\",\"caption\":\"Milenio\"},\"url\":\"https:\\\/\\\/fuentesfidedignas.com.mx\\\/index.php\\\/author\\\/milenio\\\/\"}]}<\/script>\n<!-- \/ Yoast SEO plugin. -->","yoast_head_json":{"title":"Abuelita celebra 99 a\u00f1os con mariachi y bailando \u00a1con todo y andadera! | VIDEO - Fuentes Fidedignas","robots":{"index":"index","follow":"follow","max-snippet":"max-snippet:-1","max-image-preview":"max-image-preview:large","max-video-preview":"max-video-preview:-1"},"canonical":"https:\/\/fuentesfidedignas.com.mx\/index.php\/2023\/10\/20\/abuelita-celebra-99-anos-con-mariachi-y-bailando-con-todo-y-andadera-video\/","og_locale":"es_MX","og_type":"article","og_title":"Abuelita celebra 99 a\u00f1os con mariachi y bailando \u00a1con todo y andadera! | VIDEO - Fuentes Fidedignas","og_description":"Una mujer de la tercera edad se volvi\u00f3 viral tras protagonizar un video celebrando su cumplea\u00f1os n\u00famero 99 llena de energ\u00eda, y bailando hasta con andadera Gracias a las redes sociales y plataformas de entretenimiento como TikTok, hemos sido testigos de grandes momentos que los usuarios comparten; van desde actos de bondad, denunciar alguna injusticia, [&hellip;]","og_url":"https:\/\/fuentesfidedignas.com.mx\/index.php\/2023\/10\/20\/abuelita-celebra-99-anos-con-mariachi-y-bailando-con-todo-y-andadera-video\/","og_site_name":"Fuentes Fidedignas","article_publisher":"https:\/\/www.facebook.com\/Fuentes-Fidedignas-368234489921644","article_published_time":"2023-10-20T09:31:00+00:00","og_image":[{"width":600,"height":329,"url":"https:\/\/fuentesfidedignas.com.mx\/wp-content\/uploads\/2023\/10\/abuelita.jpg","type":"image\/jpeg"}],"author":"Milenio","twitter_card":"summary_large_image","twitter_creator":"@fidedignas","twitter_site":"@fidedignas","twitter_misc":{"Escrito por":"Milenio","Tiempo de lectura":"2 minutos"},"schema":{"@context":"https:\/\/schema.org","@graph":[{"@type":"Article","@id":"https:\/\/fuentesfidedignas.com.mx\/index.php\/2023\/10\/20\/abuelita-celebra-99-anos-con-mariachi-y-bailando-con-todo-y-andadera-video\/#article","isPartOf":{"@id":"https:\/\/fuentesfidedignas.com.mx\/index.php\/2023\/10\/20\/abuelita-celebra-99-anos-con-mariachi-y-bailando-con-todo-y-andadera-video\/"},"author":{"name":"Milenio","@id":"https:\/\/fuentesfidedignas.com.mx\/#\/schema\/person\/47ec0135738f4b0c7495f06a77a2c976"},"headline":"Abuelita celebra 99 a\u00f1os con mariachi y bailando \u00a1con todo y andadera! | VIDEO","datePublished":"2023-10-20T09:31:00+00:00","mainEntityOfPage":{"@id":"https:\/\/fuentesfidedignas.com.mx\/index.php\/2023\/10\/20\/abuelita-celebra-99-anos-con-mariachi-y-bailando-con-todo-y-andadera-video\/"},"wordCount":393,"commentCount":0,"publisher":{"@id":"https:\/\/fuentesfidedignas.com.mx\/#organization"},"image":{"@id":"https:\/\/fuentesfidedignas.com.mx\/index.php\/2023\/10\/20\/abuelita-celebra-99-anos-con-mariachi-y-bailando-con-todo-y-andadera-video\/#primaryimage"},"thumbnailUrl":"https:\/\/fuentesfidedignas.com.mx\/wp-content\/uploads\/2023\/10\/abuelita.jpg","articleSection":["LAS ASOMBROSAS"],"inLanguage":"es","potentialAction":[{"@type":"CommentAction","name":"Comment","target":["https:\/\/fuentesfidedignas.com.mx\/index.php\/2023\/10\/20\/abuelita-celebra-99-anos-con-mariachi-y-bailando-con-todo-y-andadera-video\/#respond"]}]},{"@type":"WebPage","@id":"https:\/\/fuentesfidedignas.com.mx\/index.php\/2023\/10\/20\/abuelita-celebra-99-anos-con-mariachi-y-bailando-con-todo-y-andadera-video\/","url":"https:\/\/fuentesfidedignas.com.mx\/index.php\/2023\/10\/20\/abuelita-celebra-99-anos-con-mariachi-y-bailando-con-todo-y-andadera-video\/","name":"Abuelita celebra 99 a\u00f1os con mariachi y bailando \u00a1con todo y andadera! | VIDEO - Fuentes Fidedignas","isPartOf":{"@id":"https:\/\/fuentesfidedignas.com.mx\/#website"},"primaryImageOfPage":{"@id":"https:\/\/fuentesfidedignas.com.mx\/index.php\/2023\/10\/20\/abuelita-celebra-99-anos-con-mariachi-y-bailando-con-todo-y-andadera-video\/#primaryimage"},"image":{"@id":"https:\/\/fuentesfidedignas.com.mx\/index.php\/2023\/10\/20\/abuelita-celebra-99-anos-con-mariachi-y-bailando-con-todo-y-andadera-video\/#primaryimage"},"thumbnailUrl":"https:\/\/fuentesfidedignas.com.mx\/wp-content\/uploads\/2023\/10\/abuelita.jpg","datePublished":"2023-10-20T09:31:00+00:00","breadcrumb":{"@id":"https:\/\/fuentesfidedignas.com.mx\/index.php\/2023\/10\/20\/abuelita-celebra-99-anos-con-mariachi-y-bailando-con-todo-y-andadera-video\/#breadcrumb"},"inLanguage":"es","potentialAction":[{"@type":"ReadAction","target":["https:\/\/fuentesfidedignas.com.mx\/index.php\/2023\/10\/20\/abuelita-celebra-99-anos-con-mariachi-y-bailando-con-todo-y-andadera-video\/"]}]},{"@type":"ImageObject","inLanguage":"es","@id":"https:\/\/fuentesfidedignas.com.mx\/index.php\/2023\/10\/20\/abuelita-celebra-99-anos-con-mariachi-y-bailando-con-todo-y-andadera-video\/#primaryimage","url":"https:\/\/fuentesfidedignas.com.mx\/wp-content\/uploads\/2023\/10\/abuelita.jpg","contentUrl":"https:\/\/fuentesfidedignas.com.mx\/wp-content\/uploads\/2023\/10\/abuelita.jpg","width":600,"height":329},{"@type":"BreadcrumbList","@id":"https:\/\/fuentesfidedignas.com.mx\/index.php\/2023\/10\/20\/abuelita-celebra-99-anos-con-mariachi-y-bailando-con-todo-y-andadera-video\/#breadcrumb","itemListElement":[{"@type":"ListItem","position":1,"name":"Inicio","item":"https:\/\/fuentesfidedignas.com.mx\/"},{"@type":"ListItem","position":2,"name":"Abuelita celebra 99 a\u00f1os con mariachi y bailando \u00a1con todo y andadera! | VIDEO"}]},{"@type":"WebSite","@id":"https:\/\/fuentesfidedignas.com.mx\/#website","url":"https:\/\/fuentesfidedignas.com.mx\/","name":"Fuentes Fidedignas","description":"Otro sitio realizado con WordPress","publisher":{"@id":"https:\/\/fuentesfidedignas.com.mx\/#organization"},"potentialAction":[{"@type":"SearchAction","target":{"@type":"EntryPoint","urlTemplate":"https:\/\/fuentesfidedignas.com.mx\/?s={search_term_string}"},"query-input":{"@type":"PropertyValueSpecification","valueRequired":true,"valueName":"search_term_string"}}],"inLanguage":"es"},{"@type":"Organization","@id":"https:\/\/fuentesfidedignas.com.mx\/#organization","name":"Fuentes Fidedignas","url":"https:\/\/fuentesfidedignas.com.mx\/","logo":{"@type":"ImageObject","inLanguage":"es","@id":"https:\/\/fuentesfidedignas.com.mx\/#\/schema\/logo\/image\/","url":"https:\/\/fuentesfidedignas.com.mx\/wp-content\/uploads\/2021\/04\/logo-retina.png","contentUrl":"https:\/\/fuentesfidedignas.com.mx\/wp-content\/uploads\/2021\/04\/logo-retina.png","width":280,"height":51,"caption":"Fuentes Fidedignas"},"image":{"@id":"https:\/\/fuentesfidedignas.com.mx\/#\/schema\/logo\/image\/"},"sameAs":["https:\/\/www.facebook.com\/Fuentes-Fidedignas-368234489921644","https:\/\/x.com\/fidedignas"]},{"@type":"Person","@id":"https:\/\/fuentesfidedignas.com.mx\/#\/schema\/person\/47ec0135738f4b0c7495f06a77a2c976","name":"Milenio","image":{"@type":"ImageObject","inLanguage":"es","@id":"https:\/\/secure.gravatar.com\/avatar\/acabf7b54753e51c2c76457954577c236b3b764789b19879565769739d1e4a75?s=96&d=mm&r=g","url":"https:\/\/secure.gravatar.com\/avatar\/acabf7b54753e51c2c76457954577c236b3b764789b19879565769739d1e4a75?s=96&d=mm&r=g","contentUrl":"https:\/\/secure.gravatar.com\/avatar\/acabf7b54753e51c2c76457954577c236b3b764789b19879565769739d1e4a75?s=96&d=mm&r=g","caption":"Milenio"},"url":"https:\/\/fuentesfidedignas.com.mx\/index.php\/author\/milenio\/"}]}},"_links":{"self":[{"href":"https:\/\/fuentesfidedignas.com.mx\/index.php\/wp-json\/wp\/v2\/posts\/63081","targetHints":{"allow":["GET"]}}],"collection":[{"href":"https:\/\/fuentesfidedignas.com.mx\/index.php\/wp-json\/wp\/v2\/posts"}],"about":[{"href":"https:\/\/fuentesfidedignas.com.mx\/index.php\/wp-json\/wp\/v2\/types\/post"}],"author":[{"embeddable":true,"href":"https:\/\/fuentesfidedignas.com.mx\/index.php\/wp-json\/wp\/v2\/users\/9"}],"replies":[{"embeddable":true,"href":"https:\/\/fuentesfidedignas.com.mx\/index.php\/wp-json\/wp\/v2\/comments?post=63081"}],"version-history":[{"count":2,"href":"https:\/\/fuentesfidedignas.com.mx\/index.php\/wp-json\/wp\/v2\/posts\/63081\/revisions"}],"predecessor-version":[{"id":63084,"href":"https:\/\/fuentesfidedignas.com.mx\/index.php\/wp-json\/wp\/v2\/posts\/63081\/revisions\/63084"}],"wp:featuredmedia":[{"embeddable":true,"href":"https:\/\/fuentesfidedignas.com.mx\/index.php\/wp-json\/wp\/v2\/media\/63082"}],"wp:attachment":[{"href":"https:\/\/fuentesfidedignas.com.mx\/index.php\/wp-json\/wp\/v2\/media?parent=63081"}],"wp:term":[{"taxonomy":"category","embeddable":true,"href":"https:\/\/fuentesfidedignas.com.mx\/index.php\/wp-json\/wp\/v2\/categories?post=63081"},{"taxonomy":"post_tag","embeddable":true,"href":"https:\/\/fuentesfidedignas.com.mx\/index.php\/wp-json\/wp\/v2\/tags?post=63081"}],"curies":[{"name":"wp","href":"https:\/\/api.w.org\/{rel}","templated":true}]}}