{"id":63070,"date":"2023-10-19T17:09:32","date_gmt":"2023-10-20T00:09:32","guid":{"rendered":"https:\/\/fuentesfidedignas.com.mx\/?p=63070"},"modified":"2023-10-19T17:10:07","modified_gmt":"2023-10-20T00:10:07","slug":"el-pas-conmemora-lucha-contra-el-cancer-de-mama-con-la-gran-conferencia-nunca-estuve-sola","status":"publish","type":"post","link":"https:\/\/fuentesfidedignas.com.mx\/index.php\/2023\/10\/19\/el-pas-conmemora-lucha-contra-el-cancer-de-mama-con-la-gran-conferencia-nunca-estuve-sola\/","title":{"rendered":"El PAS conmemora Lucha contra el C\u00e1ncer de Mama con la gran conferencia &#8220;Nunca Estuve Sola&#8221;"},"content":{"rendered":"\n<p><\/p>\n\n\n\n<p>Culiac\u00e1n, Sin.- El Partido Sinaloense est\u00e1 y estar\u00e1 en cualquier lucha a favor del bienestar de las mujeres y si se trata de promover la prevenci\u00f3n para ayudar a prevenir el c\u00e1ncer no escatimaremos, se\u00f1al\u00f3 el presidente del CEE del PAS, MC. H\u00e9ctor Melesio Cu\u00e9n Ojeda durante la conferencia y presentaci\u00f3n del libro &#8220;Nunca Estuve Sola&#8221; de Elvira Aguilar Angulo y en el cual don\u00f3 cien mastografias mismas que se estar\u00e1n dando en los consultorios del PAS.<\/p>\n\n\n\n<p>Acompa\u00f1ado del secretario General, doctor V\u00edctor Antonio Corrales Burgue\u00f1o y las Secretar\u00edas de Activismo Social y Equidad de Genero, Ang\u00e9lica D\u00edaz Qui\u00f1\u00f3nez y Jes\u00fas Hilda Mendoza Zazueta, as\u00ed como el presidente del CDM de Culiac\u00e1n, Gerardo Valencia Guerrero, Cu\u00e9n Ojeda se\u00f1al\u00f3 que la prevenci\u00f3n es la mejor arma que se tiene para evitar que el c\u00e1ncer de mama sea mortal y para ello en el Partido Sinaloense se trabaja con pol\u00edticas p\u00fablicas como las que se ejecutan desde el Congreso del Estado a trav\u00e9s de las iniciativas.<\/p>\n\n\n\n<p>Por su parte, la ex diputada y Secretaria de Activismo Social, MC. Ang\u00e9lica D\u00edaz Qui\u00f1\u00f3nez se\u00f1al\u00f3 que este problema, ya se ha vivido en mujeres muy cercanas a trav\u00e9s de un Programa Social que se emprende en el PAS, que es el de Pelucas Oncol\u00f3gicas, en donde muchas historias de vida de cada una de ellas ense\u00f1an a amar la vida, pero tambi\u00e9n ayudan a concientizar la prevenci\u00f3n.<\/p>\n\n\n\n<p>&#8220;En estos \u00faltimos a\u00f1os siendo Legisladora del PAS en la 62 y 63 del H. Congreso del Estado de Sinaloa, he trabajado desde la m\u00e1s alta tribuna y como presidenta de la Comisi\u00f3n de Derechos Humanos, en Leyes, Posicionamientos, Puntos de Acuerdos y Exhortos para que las mujeres que padecen esta enfermedad tengan esos derechos humanos que es la atenci\u00f3n m\u00e9dica&#8221;.<\/p>\n\n\n\n<p>Agreg\u00f3 que &#8220;luchar contra el c\u00e1ncer de mama significa, desde luego, detectarlo a tiempo, saber luchar contra muchos prejuicios, vencer miedos, como el creer que este es un asunto en el que s\u00f3lo las mujeres deben preocuparse, cuando en realidad, debemos concientizar, en que esta enfermedad no tenemos que enfrentarla solo las mujeres, necesitamos y merecemos el apoyo de toda la familia, he aqu\u00ed el tema de esta conferencia \u201cNunca Estuve Sola\u201d, qu\u00e9 importante es, no estar solas&#8221;.<\/p>\n\n\n\n<p>Las expositoras, procedentes de Chetumal, Quintana Roo; Mtra. Elvira Guadalupe San Martin Aguilar Angulo y Elvira Moguel Morales, adem\u00e1s de dar a conocer el contenido del libro &#8220;Nunca Estuve Sola&#8221; compartieron con las m\u00e1s de 300 mujeres que asistieron de manera presencial y alrededor de mil 500 de forma digital, las historias de vida de c\u00f3mo le hicieron frente a este flagelo.<\/p>\n\n\n\n<p>Pero adem\u00e1s se\u00f1alaron que es sorprendente y de admirarse c\u00f3mo el PAS atiende de manera integral a las personas, con sus consultorios m\u00e9dicos, pues eso en Chetumal eso no ocurre ni siquiera con el gobierno, menos con un partido.<\/p>\n\n\n\n<p>&#8220;La desigualdad para atender el tema de c\u00e1ncer en las mujeres es el principal obst\u00e1culo que los gobiernos deben de poner atenci\u00f3n para evitar que este flagelo cobre cada vez m\u00e1s vidas&#8221;.<\/p>\n","protected":false},"excerpt":{"rendered":"<p>Culiac\u00e1n, Sin.- El Partido Sinaloense est\u00e1 y estar\u00e1 en cualquier lucha a favor del bienestar de las mujeres y si se trata de promover la prevenci\u00f3n para ayudar a prevenir el c\u00e1ncer no escatimaremos, se\u00f1al\u00f3 el presidente del CEE del PAS, MC. H\u00e9ctor Melesio Cu\u00e9n Ojeda durante la conferencia y presentaci\u00f3n del libro &#8220;Nunca Estuve [&hellip;]<\/p>\n","protected":false},"author":4,"featured_media":63072,"comment_status":"open","ping_status":"open","sticky":false,"template":"","format":"standard","meta":{"tdm_status":"","tdm_grid_status":"","footnotes":""},"categories":[1],"tags":[],"class_list":{"0":"post-63070","1":"post","2":"type-post","3":"status-publish","4":"format-standard","5":"has-post-thumbnail","7":"category-sin-categoria"},"yoast_head":"<!-- This site is optimized with the Yoast SEO plugin v27.5 - https:\/\/yoast.com\/product\/yoast-seo-wordpress\/ -->\n<title>El PAS conmemora Lucha contra el C\u00e1ncer de Mama con la gran conferencia &quot;Nunca Estuve Sola&quot; - Fuentes Fidedignas<\/title>\n<meta name=\"robots\" content=\"index, follow, max-snippet:-1, max-image-preview:large, max-video-preview:-1\" \/>\n<link rel=\"canonical\" href=\"https:\/\/fuentesfidedignas.com.mx\/index.php\/2023\/10\/19\/el-pas-conmemora-lucha-contra-el-cancer-de-mama-con-la-gran-conferencia-nunca-estuve-sola\/\" \/>\n<meta property=\"og:locale\" content=\"es_MX\" \/>\n<meta property=\"og:type\" content=\"article\" \/>\n<meta property=\"og:title\" content=\"El PAS conmemora Lucha contra el C\u00e1ncer de Mama con la gran conferencia &quot;Nunca Estuve Sola&quot; - Fuentes Fidedignas\" \/>\n<meta property=\"og:description\" content=\"Culiac\u00e1n, Sin.- El Partido Sinaloense est\u00e1 y estar\u00e1 en cualquier lucha a favor del bienestar de las mujeres y si se trata de promover la prevenci\u00f3n para ayudar a prevenir el c\u00e1ncer no escatimaremos, se\u00f1al\u00f3 el presidente del CEE del PAS, MC. H\u00e9ctor Melesio Cu\u00e9n Ojeda durante la conferencia y presentaci\u00f3n del libro &#8220;Nunca Estuve [&hellip;]\" \/>\n<meta property=\"og:url\" content=\"https:\/\/fuentesfidedignas.com.mx\/index.php\/2023\/10\/19\/el-pas-conmemora-lucha-contra-el-cancer-de-mama-con-la-gran-conferencia-nunca-estuve-sola\/\" \/>\n<meta property=\"og:site_name\" content=\"Fuentes Fidedignas\" \/>\n<meta property=\"article:publisher\" content=\"https:\/\/www.facebook.com\/Fuentes-Fidedignas-368234489921644\" \/>\n<meta property=\"article:published_time\" content=\"2023-10-20T00:09:32+00:00\" \/>\n<meta property=\"article:modified_time\" content=\"2023-10-20T00:10:07+00:00\" \/>\n<meta property=\"og:image\" content=\"https:\/\/fuentesfidedignas.com.mx\/wp-content\/uploads\/2023\/10\/IMG-20231019-WA0064.jpg\" \/>\n\t<meta property=\"og:image:width\" content=\"1080\" \/>\n\t<meta property=\"og:image:height\" content=\"624\" \/>\n\t<meta property=\"og:image:type\" content=\"image\/jpeg\" \/>\n<meta name=\"author\" content=\"Redacci\u00f3n\" \/>\n<meta name=\"twitter:card\" content=\"summary_large_image\" \/>\n<meta name=\"twitter:creator\" content=\"@fidedignas\" \/>\n<meta name=\"twitter:site\" content=\"@fidedignas\" \/>\n<meta name=\"twitter:label1\" content=\"Escrito por\" \/>\n\t<meta name=\"twitter:data1\" content=\"Redacci\u00f3n\" \/>\n\t<meta name=\"twitter:label2\" content=\"Tiempo de lectura\" \/>\n\t<meta name=\"twitter:data2\" content=\"3 minutos\" \/>\n<script type=\"application\/ld+json\" class=\"yoast-schema-graph\">{\"@context\":\"https:\\\/\\\/schema.org\",\"@graph\":[{\"@type\":\"Article\",\"@id\":\"https:\\\/\\\/fuentesfidedignas.com.mx\\\/index.php\\\/2023\\\/10\\\/19\\\/el-pas-conmemora-lucha-contra-el-cancer-de-mama-con-la-gran-conferencia-nunca-estuve-sola\\\/#article\",\"isPartOf\":{\"@id\":\"https:\\\/\\\/fuentesfidedignas.com.mx\\\/index.php\\\/2023\\\/10\\\/19\\\/el-pas-conmemora-lucha-contra-el-cancer-de-mama-con-la-gran-conferencia-nunca-estuve-sola\\\/\"},\"author\":{\"name\":\"Redacci\u00f3n\",\"@id\":\"https:\\\/\\\/fuentesfidedignas.com.mx\\\/#\\\/schema\\\/person\\\/331be9283d37198e2acd5750279085b0\"},\"headline\":\"El PAS conmemora Lucha contra el C\u00e1ncer de Mama con la gran conferencia &#8220;Nunca Estuve Sola&#8221;\",\"datePublished\":\"2023-10-20T00:09:32+00:00\",\"dateModified\":\"2023-10-20T00:10:07+00:00\",\"mainEntityOfPage\":{\"@id\":\"https:\\\/\\\/fuentesfidedignas.com.mx\\\/index.php\\\/2023\\\/10\\\/19\\\/el-pas-conmemora-lucha-contra-el-cancer-de-mama-con-la-gran-conferencia-nunca-estuve-sola\\\/\"},\"wordCount\":569,\"commentCount\":0,\"publisher\":{\"@id\":\"https:\\\/\\\/fuentesfidedignas.com.mx\\\/#organization\"},\"image\":{\"@id\":\"https:\\\/\\\/fuentesfidedignas.com.mx\\\/index.php\\\/2023\\\/10\\\/19\\\/el-pas-conmemora-lucha-contra-el-cancer-de-mama-con-la-gran-conferencia-nunca-estuve-sola\\\/#primaryimage\"},\"thumbnailUrl\":\"https:\\\/\\\/fuentesfidedignas.com.mx\\\/wp-content\\\/uploads\\\/2023\\\/10\\\/IMG-20231019-WA0064.jpg\",\"inLanguage\":\"es\",\"potentialAction\":[{\"@type\":\"CommentAction\",\"name\":\"Comment\",\"target\":[\"https:\\\/\\\/fuentesfidedignas.com.mx\\\/index.php\\\/2023\\\/10\\\/19\\\/el-pas-conmemora-lucha-contra-el-cancer-de-mama-con-la-gran-conferencia-nunca-estuve-sola\\\/#respond\"]}]},{\"@type\":\"WebPage\",\"@id\":\"https:\\\/\\\/fuentesfidedignas.com.mx\\\/index.php\\\/2023\\\/10\\\/19\\\/el-pas-conmemora-lucha-contra-el-cancer-de-mama-con-la-gran-conferencia-nunca-estuve-sola\\\/\",\"url\":\"https:\\\/\\\/fuentesfidedignas.com.mx\\\/index.php\\\/2023\\\/10\\\/19\\\/el-pas-conmemora-lucha-contra-el-cancer-de-mama-con-la-gran-conferencia-nunca-estuve-sola\\\/\",\"name\":\"El PAS conmemora Lucha contra el C\u00e1ncer de Mama con la gran conferencia \\\"Nunca Estuve Sola\\\" - Fuentes Fidedignas\",\"isPartOf\":{\"@id\":\"https:\\\/\\\/fuentesfidedignas.com.mx\\\/#website\"},\"primaryImageOfPage\":{\"@id\":\"https:\\\/\\\/fuentesfidedignas.com.mx\\\/index.php\\\/2023\\\/10\\\/19\\\/el-pas-conmemora-lucha-contra-el-cancer-de-mama-con-la-gran-conferencia-nunca-estuve-sola\\\/#primaryimage\"},\"image\":{\"@id\":\"https:\\\/\\\/fuentesfidedignas.com.mx\\\/index.php\\\/2023\\\/10\\\/19\\\/el-pas-conmemora-lucha-contra-el-cancer-de-mama-con-la-gran-conferencia-nunca-estuve-sola\\\/#primaryimage\"},\"thumbnailUrl\":\"https:\\\/\\\/fuentesfidedignas.com.mx\\\/wp-content\\\/uploads\\\/2023\\\/10\\\/IMG-20231019-WA0064.jpg\",\"datePublished\":\"2023-10-20T00:09:32+00:00\",\"dateModified\":\"2023-10-20T00:10:07+00:00\",\"breadcrumb\":{\"@id\":\"https:\\\/\\\/fuentesfidedignas.com.mx\\\/index.php\\\/2023\\\/10\\\/19\\\/el-pas-conmemora-lucha-contra-el-cancer-de-mama-con-la-gran-conferencia-nunca-estuve-sola\\\/#breadcrumb\"},\"inLanguage\":\"es\",\"potentialAction\":[{\"@type\":\"ReadAction\",\"target\":[\"https:\\\/\\\/fuentesfidedignas.com.mx\\\/index.php\\\/2023\\\/10\\\/19\\\/el-pas-conmemora-lucha-contra-el-cancer-de-mama-con-la-gran-conferencia-nunca-estuve-sola\\\/\"]}]},{\"@type\":\"ImageObject\",\"inLanguage\":\"es\",\"@id\":\"https:\\\/\\\/fuentesfidedignas.com.mx\\\/index.php\\\/2023\\\/10\\\/19\\\/el-pas-conmemora-lucha-contra-el-cancer-de-mama-con-la-gran-conferencia-nunca-estuve-sola\\\/#primaryimage\",\"url\":\"https:\\\/\\\/fuentesfidedignas.com.mx\\\/wp-content\\\/uploads\\\/2023\\\/10\\\/IMG-20231019-WA0064.jpg\",\"contentUrl\":\"https:\\\/\\\/fuentesfidedignas.com.mx\\\/wp-content\\\/uploads\\\/2023\\\/10\\\/IMG-20231019-WA0064.jpg\",\"width\":1080,\"height\":624},{\"@type\":\"BreadcrumbList\",\"@id\":\"https:\\\/\\\/fuentesfidedignas.com.mx\\\/index.php\\\/2023\\\/10\\\/19\\\/el-pas-conmemora-lucha-contra-el-cancer-de-mama-con-la-gran-conferencia-nunca-estuve-sola\\\/#breadcrumb\",\"itemListElement\":[{\"@type\":\"ListItem\",\"position\":1,\"name\":\"Inicio\",\"item\":\"https:\\\/\\\/fuentesfidedignas.com.mx\\\/\"},{\"@type\":\"ListItem\",\"position\":2,\"name\":\"El PAS conmemora Lucha contra el C\u00e1ncer de Mama con la gran conferencia &#8220;Nunca Estuve Sola&#8221;\"}]},{\"@type\":\"WebSite\",\"@id\":\"https:\\\/\\\/fuentesfidedignas.com.mx\\\/#website\",\"url\":\"https:\\\/\\\/fuentesfidedignas.com.mx\\\/\",\"name\":\"Fuentes Fidedignas\",\"description\":\"Otro sitio realizado con WordPress\",\"publisher\":{\"@id\":\"https:\\\/\\\/fuentesfidedignas.com.mx\\\/#organization\"},\"potentialAction\":[{\"@type\":\"SearchAction\",\"target\":{\"@type\":\"EntryPoint\",\"urlTemplate\":\"https:\\\/\\\/fuentesfidedignas.com.mx\\\/?s={search_term_string}\"},\"query-input\":{\"@type\":\"PropertyValueSpecification\",\"valueRequired\":true,\"valueName\":\"search_term_string\"}}],\"inLanguage\":\"es\"},{\"@type\":\"Organization\",\"@id\":\"https:\\\/\\\/fuentesfidedignas.com.mx\\\/#organization\",\"name\":\"Fuentes Fidedignas\",\"url\":\"https:\\\/\\\/fuentesfidedignas.com.mx\\\/\",\"logo\":{\"@type\":\"ImageObject\",\"inLanguage\":\"es\",\"@id\":\"https:\\\/\\\/fuentesfidedignas.com.mx\\\/#\\\/schema\\\/logo\\\/image\\\/\",\"url\":\"https:\\\/\\\/fuentesfidedignas.com.mx\\\/wp-content\\\/uploads\\\/2021\\\/04\\\/logo-retina.png\",\"contentUrl\":\"https:\\\/\\\/fuentesfidedignas.com.mx\\\/wp-content\\\/uploads\\\/2021\\\/04\\\/logo-retina.png\",\"width\":280,\"height\":51,\"caption\":\"Fuentes Fidedignas\"},\"image\":{\"@id\":\"https:\\\/\\\/fuentesfidedignas.com.mx\\\/#\\\/schema\\\/logo\\\/image\\\/\"},\"sameAs\":[\"https:\\\/\\\/www.facebook.com\\\/Fuentes-Fidedignas-368234489921644\",\"https:\\\/\\\/x.com\\\/fidedignas\"]},{\"@type\":\"Person\",\"@id\":\"https:\\\/\\\/fuentesfidedignas.com.mx\\\/#\\\/schema\\\/person\\\/331be9283d37198e2acd5750279085b0\",\"name\":\"Redacci\u00f3n\",\"image\":{\"@type\":\"ImageObject\",\"inLanguage\":\"es\",\"@id\":\"https:\\\/\\\/secure.gravatar.com\\\/avatar\\\/f6d8782c11d12b2d4ad3fbb6931aeab5309937a4d6cd2fc9cfaa28a6396a5aec?s=96&d=mm&r=g\",\"url\":\"https:\\\/\\\/secure.gravatar.com\\\/avatar\\\/f6d8782c11d12b2d4ad3fbb6931aeab5309937a4d6cd2fc9cfaa28a6396a5aec?s=96&d=mm&r=g\",\"contentUrl\":\"https:\\\/\\\/secure.gravatar.com\\\/avatar\\\/f6d8782c11d12b2d4ad3fbb6931aeab5309937a4d6cd2fc9cfaa28a6396a5aec?s=96&d=mm&r=g\",\"caption\":\"Redacci\u00f3n\"},\"url\":\"https:\\\/\\\/fuentesfidedignas.com.mx\\\/index.php\\\/author\\\/redaccion\\\/\"}]}<\/script>\n<!-- \/ Yoast SEO plugin. -->","yoast_head_json":{"title":"El PAS conmemora Lucha contra el C\u00e1ncer de Mama con la gran conferencia \"Nunca Estuve Sola\" - Fuentes Fidedignas","robots":{"index":"index","follow":"follow","max-snippet":"max-snippet:-1","max-image-preview":"max-image-preview:large","max-video-preview":"max-video-preview:-1"},"canonical":"https:\/\/fuentesfidedignas.com.mx\/index.php\/2023\/10\/19\/el-pas-conmemora-lucha-contra-el-cancer-de-mama-con-la-gran-conferencia-nunca-estuve-sola\/","og_locale":"es_MX","og_type":"article","og_title":"El PAS conmemora Lucha contra el C\u00e1ncer de Mama con la gran conferencia \"Nunca Estuve Sola\" - Fuentes Fidedignas","og_description":"Culiac\u00e1n, Sin.- El Partido Sinaloense est\u00e1 y estar\u00e1 en cualquier lucha a favor del bienestar de las mujeres y si se trata de promover la prevenci\u00f3n para ayudar a prevenir el c\u00e1ncer no escatimaremos, se\u00f1al\u00f3 el presidente del CEE del PAS, MC. H\u00e9ctor Melesio Cu\u00e9n Ojeda durante la conferencia y presentaci\u00f3n del libro &#8220;Nunca Estuve [&hellip;]","og_url":"https:\/\/fuentesfidedignas.com.mx\/index.php\/2023\/10\/19\/el-pas-conmemora-lucha-contra-el-cancer-de-mama-con-la-gran-conferencia-nunca-estuve-sola\/","og_site_name":"Fuentes Fidedignas","article_publisher":"https:\/\/www.facebook.com\/Fuentes-Fidedignas-368234489921644","article_published_time":"2023-10-20T00:09:32+00:00","article_modified_time":"2023-10-20T00:10:07+00:00","og_image":[{"width":1080,"height":624,"url":"https:\/\/fuentesfidedignas.com.mx\/wp-content\/uploads\/2023\/10\/IMG-20231019-WA0064.jpg","type":"image\/jpeg"}],"author":"Redacci\u00f3n","twitter_card":"summary_large_image","twitter_creator":"@fidedignas","twitter_site":"@fidedignas","twitter_misc":{"Escrito por":"Redacci\u00f3n","Tiempo de lectura":"3 minutos"},"schema":{"@context":"https:\/\/schema.org","@graph":[{"@type":"Article","@id":"https:\/\/fuentesfidedignas.com.mx\/index.php\/2023\/10\/19\/el-pas-conmemora-lucha-contra-el-cancer-de-mama-con-la-gran-conferencia-nunca-estuve-sola\/#article","isPartOf":{"@id":"https:\/\/fuentesfidedignas.com.mx\/index.php\/2023\/10\/19\/el-pas-conmemora-lucha-contra-el-cancer-de-mama-con-la-gran-conferencia-nunca-estuve-sola\/"},"author":{"name":"Redacci\u00f3n","@id":"https:\/\/fuentesfidedignas.com.mx\/#\/schema\/person\/331be9283d37198e2acd5750279085b0"},"headline":"El PAS conmemora Lucha contra el C\u00e1ncer de Mama con la gran conferencia &#8220;Nunca Estuve Sola&#8221;","datePublished":"2023-10-20T00:09:32+00:00","dateModified":"2023-10-20T00:10:07+00:00","mainEntityOfPage":{"@id":"https:\/\/fuentesfidedignas.com.mx\/index.php\/2023\/10\/19\/el-pas-conmemora-lucha-contra-el-cancer-de-mama-con-la-gran-conferencia-nunca-estuve-sola\/"},"wordCount":569,"commentCount":0,"publisher":{"@id":"https:\/\/fuentesfidedignas.com.mx\/#organization"},"image":{"@id":"https:\/\/fuentesfidedignas.com.mx\/index.php\/2023\/10\/19\/el-pas-conmemora-lucha-contra-el-cancer-de-mama-con-la-gran-conferencia-nunca-estuve-sola\/#primaryimage"},"thumbnailUrl":"https:\/\/fuentesfidedignas.com.mx\/wp-content\/uploads\/2023\/10\/IMG-20231019-WA0064.jpg","inLanguage":"es","potentialAction":[{"@type":"CommentAction","name":"Comment","target":["https:\/\/fuentesfidedignas.com.mx\/index.php\/2023\/10\/19\/el-pas-conmemora-lucha-contra-el-cancer-de-mama-con-la-gran-conferencia-nunca-estuve-sola\/#respond"]}]},{"@type":"WebPage","@id":"https:\/\/fuentesfidedignas.com.mx\/index.php\/2023\/10\/19\/el-pas-conmemora-lucha-contra-el-cancer-de-mama-con-la-gran-conferencia-nunca-estuve-sola\/","url":"https:\/\/fuentesfidedignas.com.mx\/index.php\/2023\/10\/19\/el-pas-conmemora-lucha-contra-el-cancer-de-mama-con-la-gran-conferencia-nunca-estuve-sola\/","name":"El PAS conmemora Lucha contra el C\u00e1ncer de Mama con la gran conferencia \"Nunca Estuve Sola\" - Fuentes Fidedignas","isPartOf":{"@id":"https:\/\/fuentesfidedignas.com.mx\/#website"},"primaryImageOfPage":{"@id":"https:\/\/fuentesfidedignas.com.mx\/index.php\/2023\/10\/19\/el-pas-conmemora-lucha-contra-el-cancer-de-mama-con-la-gran-conferencia-nunca-estuve-sola\/#primaryimage"},"image":{"@id":"https:\/\/fuentesfidedignas.com.mx\/index.php\/2023\/10\/19\/el-pas-conmemora-lucha-contra-el-cancer-de-mama-con-la-gran-conferencia-nunca-estuve-sola\/#primaryimage"},"thumbnailUrl":"https:\/\/fuentesfidedignas.com.mx\/wp-content\/uploads\/2023\/10\/IMG-20231019-WA0064.jpg","datePublished":"2023-10-20T00:09:32+00:00","dateModified":"2023-10-20T00:10:07+00:00","breadcrumb":{"@id":"https:\/\/fuentesfidedignas.com.mx\/index.php\/2023\/10\/19\/el-pas-conmemora-lucha-contra-el-cancer-de-mama-con-la-gran-conferencia-nunca-estuve-sola\/#breadcrumb"},"inLanguage":"es","potentialAction":[{"@type":"ReadAction","target":["https:\/\/fuentesfidedignas.com.mx\/index.php\/2023\/10\/19\/el-pas-conmemora-lucha-contra-el-cancer-de-mama-con-la-gran-conferencia-nunca-estuve-sola\/"]}]},{"@type":"ImageObject","inLanguage":"es","@id":"https:\/\/fuentesfidedignas.com.mx\/index.php\/2023\/10\/19\/el-pas-conmemora-lucha-contra-el-cancer-de-mama-con-la-gran-conferencia-nunca-estuve-sola\/#primaryimage","url":"https:\/\/fuentesfidedignas.com.mx\/wp-content\/uploads\/2023\/10\/IMG-20231019-WA0064.jpg","contentUrl":"https:\/\/fuentesfidedignas.com.mx\/wp-content\/uploads\/2023\/10\/IMG-20231019-WA0064.jpg","width":1080,"height":624},{"@type":"BreadcrumbList","@id":"https:\/\/fuentesfidedignas.com.mx\/index.php\/2023\/10\/19\/el-pas-conmemora-lucha-contra-el-cancer-de-mama-con-la-gran-conferencia-nunca-estuve-sola\/#breadcrumb","itemListElement":[{"@type":"ListItem","position":1,"name":"Inicio","item":"https:\/\/fuentesfidedignas.com.mx\/"},{"@type":"ListItem","position":2,"name":"El PAS conmemora Lucha contra el C\u00e1ncer de Mama con la gran conferencia &#8220;Nunca Estuve Sola&#8221;"}]},{"@type":"WebSite","@id":"https:\/\/fuentesfidedignas.com.mx\/#website","url":"https:\/\/fuentesfidedignas.com.mx\/","name":"Fuentes Fidedignas","description":"Otro sitio realizado con WordPress","publisher":{"@id":"https:\/\/fuentesfidedignas.com.mx\/#organization"},"potentialAction":[{"@type":"SearchAction","target":{"@type":"EntryPoint","urlTemplate":"https:\/\/fuentesfidedignas.com.mx\/?s={search_term_string}"},"query-input":{"@type":"PropertyValueSpecification","valueRequired":true,"valueName":"search_term_string"}}],"inLanguage":"es"},{"@type":"Organization","@id":"https:\/\/fuentesfidedignas.com.mx\/#organization","name":"Fuentes Fidedignas","url":"https:\/\/fuentesfidedignas.com.mx\/","logo":{"@type":"ImageObject","inLanguage":"es","@id":"https:\/\/fuentesfidedignas.com.mx\/#\/schema\/logo\/image\/","url":"https:\/\/fuentesfidedignas.com.mx\/wp-content\/uploads\/2021\/04\/logo-retina.png","contentUrl":"https:\/\/fuentesfidedignas.com.mx\/wp-content\/uploads\/2021\/04\/logo-retina.png","width":280,"height":51,"caption":"Fuentes Fidedignas"},"image":{"@id":"https:\/\/fuentesfidedignas.com.mx\/#\/schema\/logo\/image\/"},"sameAs":["https:\/\/www.facebook.com\/Fuentes-Fidedignas-368234489921644","https:\/\/x.com\/fidedignas"]},{"@type":"Person","@id":"https:\/\/fuentesfidedignas.com.mx\/#\/schema\/person\/331be9283d37198e2acd5750279085b0","name":"Redacci\u00f3n","image":{"@type":"ImageObject","inLanguage":"es","@id":"https:\/\/secure.gravatar.com\/avatar\/f6d8782c11d12b2d4ad3fbb6931aeab5309937a4d6cd2fc9cfaa28a6396a5aec?s=96&d=mm&r=g","url":"https:\/\/secure.gravatar.com\/avatar\/f6d8782c11d12b2d4ad3fbb6931aeab5309937a4d6cd2fc9cfaa28a6396a5aec?s=96&d=mm&r=g","contentUrl":"https:\/\/secure.gravatar.com\/avatar\/f6d8782c11d12b2d4ad3fbb6931aeab5309937a4d6cd2fc9cfaa28a6396a5aec?s=96&d=mm&r=g","caption":"Redacci\u00f3n"},"url":"https:\/\/fuentesfidedignas.com.mx\/index.php\/author\/redaccion\/"}]}},"_links":{"self":[{"href":"https:\/\/fuentesfidedignas.com.mx\/index.php\/wp-json\/wp\/v2\/posts\/63070","targetHints":{"allow":["GET"]}}],"collection":[{"href":"https:\/\/fuentesfidedignas.com.mx\/index.php\/wp-json\/wp\/v2\/posts"}],"about":[{"href":"https:\/\/fuentesfidedignas.com.mx\/index.php\/wp-json\/wp\/v2\/types\/post"}],"author":[{"embeddable":true,"href":"https:\/\/fuentesfidedignas.com.mx\/index.php\/wp-json\/wp\/v2\/users\/4"}],"replies":[{"embeddable":true,"href":"https:\/\/fuentesfidedignas.com.mx\/index.php\/wp-json\/wp\/v2\/comments?post=63070"}],"version-history":[{"count":1,"href":"https:\/\/fuentesfidedignas.com.mx\/index.php\/wp-json\/wp\/v2\/posts\/63070\/revisions"}],"predecessor-version":[{"id":63071,"href":"https:\/\/fuentesfidedignas.com.mx\/index.php\/wp-json\/wp\/v2\/posts\/63070\/revisions\/63071"}],"wp:featuredmedia":[{"embeddable":true,"href":"https:\/\/fuentesfidedignas.com.mx\/index.php\/wp-json\/wp\/v2\/media\/63072"}],"wp:attachment":[{"href":"https:\/\/fuentesfidedignas.com.mx\/index.php\/wp-json\/wp\/v2\/media?parent=63070"}],"wp:term":[{"taxonomy":"category","embeddable":true,"href":"https:\/\/fuentesfidedignas.com.mx\/index.php\/wp-json\/wp\/v2\/categories?post=63070"},{"taxonomy":"post_tag","embeddable":true,"href":"https:\/\/fuentesfidedignas.com.mx\/index.php\/wp-json\/wp\/v2\/tags?post=63070"}],"curies":[{"name":"wp","href":"https:\/\/api.w.org\/{rel}","templated":true}]}}