{"id":62998,"date":"2023-10-19T13:27:01","date_gmt":"2023-10-19T20:27:01","guid":{"rendered":"https:\/\/fuentesfidedignas.com.mx\/?p=62998"},"modified":"2023-10-19T13:54:55","modified_gmt":"2023-10-19T20:54:55","slug":"julio-cesar-chavez-jr-demerita-leyenda-de-su-papa-peleo-con-puro-taxista-video","status":"publish","type":"post","link":"https:\/\/fuentesfidedignas.com.mx\/index.php\/2023\/10\/19\/julio-cesar-chavez-jr-demerita-leyenda-de-su-papa-peleo-con-puro-taxista-video\/","title":{"rendered":"Julio C\u00e9sar Ch\u00e1vez Jr. DEMERITA leyenda de su pap\u00e1: \u2018Pele\u00f3 con puro taxista\u2019 (VIDEO)"},"content":{"rendered":"\n<p><strong><em>Ch\u00e1vez Jr. puso en duda la marca de 89 peleas invicto de su padre Julio C\u00e9sar Ch\u00e1vez<\/em><\/strong><\/p>\n\n\n\n<p>Ciudad de M\u00e9xico.- Julio C\u00e9sar Ch\u00e1vez Jr. no esquiva las pol\u00e9micas y ahora solt\u00f3 un golpe bajo a su propio padre Julio C\u00e9sar Ch\u00e1vez.<\/p>\n\n\n\n<p>Y es que el Junior puso en entredicho el r\u00e9cord de 89 peleas invictas que fij\u00f3 su padre durante su carrera profesional, al asegurar que quiz\u00e1 alcanz\u00f3 esa marca porque s\u00f3lo pele\u00f3 contra taxistas.<\/p>\n\n\n\n<p>Pese a que Ch\u00e1vez Jr. quiso recomponer su declaraci\u00f3n al asegurar que estaba orgulloso de ser hijo de una leyenda del boxeo, puntualiz\u00f3 que \u00e9l s\u00ed hizo boxeo con todo el mundo.<\/p>\n\n\n\n<p>&#8220;Oye, si a eso me dedico soy el mejor, aunque mi pap\u00e1 tenga el r\u00e9cord de 90, 89-0, pues a lo mejor fueron taxistas (sus rivales).<\/p>\n\n\n\n<p>\u201cYo soy yo, yo he hecho box con todo el mundo y aparte soy hijo de una gran leyenda, la leyenda que continu\u00f3 a sus casi 40, 50 a\u00f1os\u201d, coment\u00f3 Ch\u00e1vez Jr al podcast El Boxglero.<\/p>\n\n\n\n<p>Y es que anteriormente, Julio C\u00e9sar Ch\u00e1vez asegur\u00f3 que uno de sus peores momentos como boxeador fue cuando debut\u00f3 como profesional ante Andr\u00e9s F\u00e9lix, quien tambi\u00e9n ejerc\u00eda como taxista.<\/p>\n\n\n\n<blockquote class=\"twitter-tweet\"><p lang=\"es\" dir=\"ltr\">&quot;ME SENT\u00cd TAN S\u00d3LO Y VAC\u00cdO, QUE ME REFUGI\u00c9 EN LA COSA M\u00c1S PENDE&#8230;&quot; \ud83d\udd25<br><br>Julio C\u00e9sar Ch\u00e1vez revela qu\u00e9 pelea fue la que lo llev\u00f3 a probar sustancias prohibidas \ud83e\udd2f\ud83c\udfa5<a href=\"https:\/\/twitter.com\/hashtag\/CentralFOX?src=hash&amp;ref_src=twsrc%5Etfw\">#CentralFOX<\/a> <a href=\"https:\/\/t.co\/bj2OEMU6lU\">https:\/\/t.co\/bj2OEMU6lU<\/a><\/p>&mdash; FOX Sports MX (@FOXSportsMX) <a href=\"https:\/\/twitter.com\/FOXSportsMX\/status\/1674056367051530242?ref_src=twsrc%5Etfw\">June 28, 2023<\/a><\/blockquote> <script async src=\"https:\/\/platform.twitter.com\/widgets.js\" charset=\"utf-8\"><\/script>\n\n\n\n<p><strong>\u00bfQU\u00c9 LE HIZO ANDR\u00c9S F\u00c9LIX A JULIO C\u00c9SAR CH\u00c1VEZ?<\/strong><br>Julio C\u00e9sar Ch\u00e1vez, quien ten\u00eda un r\u00e9cord de 13-0 cuando enfrent\u00f3 a F\u00e9lix, asegur\u00f3 que esa fue una de las peleas en las que peor lo pas\u00f3 como profesional, debido a la velocidad de manos que ten\u00eda el \u2018Taxista\u2019.<\/p>\n\n\n\n<p>\u201cDebut\u00e9 como profesional ante Andr\u00e9s F\u00e9lix, era un peleador muy escurridizo, ten\u00eda mucha experiencia y velocidad.<\/p>\n\n\n\n<p>\u201cEstuve a punto de retirarme, porque ese taxista me llev\u00f3 a la distancia, lo noquee en el sexto round, pero me cans\u00e9 tanto, me agot\u00e9 tanto que dije: \u2018ya no vuelvo a pelear\u2019. Afortunadamente pararon la pelea y la gan\u00e9, pero si hubiera perdido, me hubiera retirado\u201d, confes\u00f3 Julio C\u00e9sar Ch\u00e1vez en entrevista con el \u2018Terrible\u2019 Morales.<\/p>\n\n\n\n<figure class=\"wp-block-embed is-type-video is-provider-youtube wp-block-embed-youtube wp-embed-aspect-16-9 wp-has-aspect-ratio\"><div class=\"wp-block-embed__wrapper\">\n<iframe loading=\"lazy\" title=\"JC CHAVEZ JR. AFIRMA QUE RIVALES DE SU PADRE SI JALABAN EN UBER\" width=\"696\" height=\"392\" src=\"https:\/\/www.youtube.com\/embed\/J2riaWAkb18?feature=oembed\" frameborder=\"0\" allow=\"accelerometer; autoplay; clipboard-write; encrypted-media; gyroscope; picture-in-picture; web-share\" allowfullscreen><\/iframe>\n<\/div><\/figure>\n","protected":false},"excerpt":{"rendered":"<p>Ch\u00e1vez Jr. puso en duda la marca de 89 peleas invicto de su padre Julio C\u00e9sar Ch\u00e1vez Ciudad de M\u00e9xico.- Julio C\u00e9sar Ch\u00e1vez Jr. no esquiva las pol\u00e9micas y ahora solt\u00f3 un golpe bajo a su propio padre Julio C\u00e9sar Ch\u00e1vez. Y es que el Junior puso en entredicho el r\u00e9cord de 89 peleas invictas [&hellip;]<\/p>\n","protected":false},"author":134,"featured_media":62999,"comment_status":"open","ping_status":"open","sticky":false,"template":"","format":"standard","meta":{"tdm_status":"","tdm_grid_status":"","footnotes":""},"categories":[39],"tags":[],"class_list":{"0":"post-62998","1":"post","2":"type-post","3":"status-publish","4":"format-standard","5":"has-post-thumbnail","7":"category-noticias-nacionales"},"yoast_head":"<!-- This site is optimized with the Yoast SEO plugin v27.5 - https:\/\/yoast.com\/product\/yoast-seo-wordpress\/ -->\n<title>Julio C\u00e9sar Ch\u00e1vez Jr. DEMERITA leyenda de su pap\u00e1: \u2018Pele\u00f3 con puro taxista\u2019 (VIDEO) - Fuentes Fidedignas<\/title>\n<meta name=\"robots\" content=\"index, follow, max-snippet:-1, max-image-preview:large, max-video-preview:-1\" \/>\n<link rel=\"canonical\" href=\"https:\/\/fuentesfidedignas.com.mx\/index.php\/2023\/10\/19\/julio-cesar-chavez-jr-demerita-leyenda-de-su-papa-peleo-con-puro-taxista-video\/\" \/>\n<meta property=\"og:locale\" content=\"es_MX\" \/>\n<meta property=\"og:type\" content=\"article\" \/>\n<meta property=\"og:title\" content=\"Julio C\u00e9sar Ch\u00e1vez Jr. DEMERITA leyenda de su pap\u00e1: \u2018Pele\u00f3 con puro taxista\u2019 (VIDEO) - Fuentes Fidedignas\" \/>\n<meta property=\"og:description\" content=\"Ch\u00e1vez Jr. puso en duda la marca de 89 peleas invicto de su padre Julio C\u00e9sar Ch\u00e1vez Ciudad de M\u00e9xico.- Julio C\u00e9sar Ch\u00e1vez Jr. no esquiva las pol\u00e9micas y ahora solt\u00f3 un golpe bajo a su propio padre Julio C\u00e9sar Ch\u00e1vez. Y es que el Junior puso en entredicho el r\u00e9cord de 89 peleas invictas [&hellip;]\" \/>\n<meta property=\"og:url\" content=\"https:\/\/fuentesfidedignas.com.mx\/index.php\/2023\/10\/19\/julio-cesar-chavez-jr-demerita-leyenda-de-su-papa-peleo-con-puro-taxista-video\/\" \/>\n<meta property=\"og:site_name\" content=\"Fuentes Fidedignas\" \/>\n<meta property=\"article:publisher\" content=\"https:\/\/www.facebook.com\/Fuentes-Fidedignas-368234489921644\" \/>\n<meta property=\"article:published_time\" content=\"2023-10-19T20:27:01+00:00\" \/>\n<meta property=\"article:modified_time\" content=\"2023-10-19T20:54:55+00:00\" \/>\n<meta property=\"og:image\" content=\"https:\/\/fuentesfidedignas.com.mx\/wp-content\/uploads\/2023\/10\/JULIOS_CHAVEZ.jpg\" \/>\n\t<meta property=\"og:image:width\" content=\"1323\" \/>\n\t<meta property=\"og:image:height\" content=\"821\" \/>\n\t<meta property=\"og:image:type\" content=\"image\/jpeg\" \/>\n<meta name=\"author\" content=\"Fox Sports\" \/>\n<meta name=\"twitter:card\" content=\"summary_large_image\" \/>\n<meta name=\"twitter:creator\" content=\"@fidedignas\" \/>\n<meta name=\"twitter:site\" content=\"@fidedignas\" \/>\n<meta name=\"twitter:label1\" content=\"Escrito por\" \/>\n\t<meta name=\"twitter:data1\" content=\"Fox Sports\" \/>\n\t<meta name=\"twitter:label2\" content=\"Tiempo de lectura\" \/>\n\t<meta name=\"twitter:data2\" content=\"2 minutos\" \/>\n<script type=\"application\/ld+json\" class=\"yoast-schema-graph\">{\"@context\":\"https:\\\/\\\/schema.org\",\"@graph\":[{\"@type\":\"Article\",\"@id\":\"https:\\\/\\\/fuentesfidedignas.com.mx\\\/index.php\\\/2023\\\/10\\\/19\\\/julio-cesar-chavez-jr-demerita-leyenda-de-su-papa-peleo-con-puro-taxista-video\\\/#article\",\"isPartOf\":{\"@id\":\"https:\\\/\\\/fuentesfidedignas.com.mx\\\/index.php\\\/2023\\\/10\\\/19\\\/julio-cesar-chavez-jr-demerita-leyenda-de-su-papa-peleo-con-puro-taxista-video\\\/\"},\"author\":{\"name\":\"Fox Sports\",\"@id\":\"https:\\\/\\\/fuentesfidedignas.com.mx\\\/#\\\/schema\\\/person\\\/8ba63136cee56ba5f6a7ae7d678cb182\"},\"headline\":\"Julio C\u00e9sar Ch\u00e1vez Jr. DEMERITA leyenda de su pap\u00e1: \u2018Pele\u00f3 con puro taxista\u2019 (VIDEO)\",\"datePublished\":\"2023-10-19T20:27:01+00:00\",\"dateModified\":\"2023-10-19T20:54:55+00:00\",\"mainEntityOfPage\":{\"@id\":\"https:\\\/\\\/fuentesfidedignas.com.mx\\\/index.php\\\/2023\\\/10\\\/19\\\/julio-cesar-chavez-jr-demerita-leyenda-de-su-papa-peleo-con-puro-taxista-video\\\/\"},\"wordCount\":422,\"commentCount\":0,\"publisher\":{\"@id\":\"https:\\\/\\\/fuentesfidedignas.com.mx\\\/#organization\"},\"image\":{\"@id\":\"https:\\\/\\\/fuentesfidedignas.com.mx\\\/index.php\\\/2023\\\/10\\\/19\\\/julio-cesar-chavez-jr-demerita-leyenda-de-su-papa-peleo-con-puro-taxista-video\\\/#primaryimage\"},\"thumbnailUrl\":\"https:\\\/\\\/fuentesfidedignas.com.mx\\\/wp-content\\\/uploads\\\/2023\\\/10\\\/JULIOS_CHAVEZ.jpg\",\"articleSection\":[\"NOTICIAS NACIONALES\"],\"inLanguage\":\"es\",\"potentialAction\":[{\"@type\":\"CommentAction\",\"name\":\"Comment\",\"target\":[\"https:\\\/\\\/fuentesfidedignas.com.mx\\\/index.php\\\/2023\\\/10\\\/19\\\/julio-cesar-chavez-jr-demerita-leyenda-de-su-papa-peleo-con-puro-taxista-video\\\/#respond\"]}]},{\"@type\":\"WebPage\",\"@id\":\"https:\\\/\\\/fuentesfidedignas.com.mx\\\/index.php\\\/2023\\\/10\\\/19\\\/julio-cesar-chavez-jr-demerita-leyenda-de-su-papa-peleo-con-puro-taxista-video\\\/\",\"url\":\"https:\\\/\\\/fuentesfidedignas.com.mx\\\/index.php\\\/2023\\\/10\\\/19\\\/julio-cesar-chavez-jr-demerita-leyenda-de-su-papa-peleo-con-puro-taxista-video\\\/\",\"name\":\"Julio C\u00e9sar Ch\u00e1vez Jr. DEMERITA leyenda de su pap\u00e1: \u2018Pele\u00f3 con puro taxista\u2019 (VIDEO) - Fuentes Fidedignas\",\"isPartOf\":{\"@id\":\"https:\\\/\\\/fuentesfidedignas.com.mx\\\/#website\"},\"primaryImageOfPage\":{\"@id\":\"https:\\\/\\\/fuentesfidedignas.com.mx\\\/index.php\\\/2023\\\/10\\\/19\\\/julio-cesar-chavez-jr-demerita-leyenda-de-su-papa-peleo-con-puro-taxista-video\\\/#primaryimage\"},\"image\":{\"@id\":\"https:\\\/\\\/fuentesfidedignas.com.mx\\\/index.php\\\/2023\\\/10\\\/19\\\/julio-cesar-chavez-jr-demerita-leyenda-de-su-papa-peleo-con-puro-taxista-video\\\/#primaryimage\"},\"thumbnailUrl\":\"https:\\\/\\\/fuentesfidedignas.com.mx\\\/wp-content\\\/uploads\\\/2023\\\/10\\\/JULIOS_CHAVEZ.jpg\",\"datePublished\":\"2023-10-19T20:27:01+00:00\",\"dateModified\":\"2023-10-19T20:54:55+00:00\",\"breadcrumb\":{\"@id\":\"https:\\\/\\\/fuentesfidedignas.com.mx\\\/index.php\\\/2023\\\/10\\\/19\\\/julio-cesar-chavez-jr-demerita-leyenda-de-su-papa-peleo-con-puro-taxista-video\\\/#breadcrumb\"},\"inLanguage\":\"es\",\"potentialAction\":[{\"@type\":\"ReadAction\",\"target\":[\"https:\\\/\\\/fuentesfidedignas.com.mx\\\/index.php\\\/2023\\\/10\\\/19\\\/julio-cesar-chavez-jr-demerita-leyenda-de-su-papa-peleo-con-puro-taxista-video\\\/\"]}]},{\"@type\":\"ImageObject\",\"inLanguage\":\"es\",\"@id\":\"https:\\\/\\\/fuentesfidedignas.com.mx\\\/index.php\\\/2023\\\/10\\\/19\\\/julio-cesar-chavez-jr-demerita-leyenda-de-su-papa-peleo-con-puro-taxista-video\\\/#primaryimage\",\"url\":\"https:\\\/\\\/fuentesfidedignas.com.mx\\\/wp-content\\\/uploads\\\/2023\\\/10\\\/JULIOS_CHAVEZ.jpg\",\"contentUrl\":\"https:\\\/\\\/fuentesfidedignas.com.mx\\\/wp-content\\\/uploads\\\/2023\\\/10\\\/JULIOS_CHAVEZ.jpg\",\"width\":1323,\"height\":821},{\"@type\":\"BreadcrumbList\",\"@id\":\"https:\\\/\\\/fuentesfidedignas.com.mx\\\/index.php\\\/2023\\\/10\\\/19\\\/julio-cesar-chavez-jr-demerita-leyenda-de-su-papa-peleo-con-puro-taxista-video\\\/#breadcrumb\",\"itemListElement\":[{\"@type\":\"ListItem\",\"position\":1,\"name\":\"Inicio\",\"item\":\"https:\\\/\\\/fuentesfidedignas.com.mx\\\/\"},{\"@type\":\"ListItem\",\"position\":2,\"name\":\"Julio C\u00e9sar Ch\u00e1vez Jr. DEMERITA leyenda de su pap\u00e1: \u2018Pele\u00f3 con puro taxista\u2019 (VIDEO)\"}]},{\"@type\":\"WebSite\",\"@id\":\"https:\\\/\\\/fuentesfidedignas.com.mx\\\/#website\",\"url\":\"https:\\\/\\\/fuentesfidedignas.com.mx\\\/\",\"name\":\"Fuentes Fidedignas\",\"description\":\"Otro sitio realizado con WordPress\",\"publisher\":{\"@id\":\"https:\\\/\\\/fuentesfidedignas.com.mx\\\/#organization\"},\"potentialAction\":[{\"@type\":\"SearchAction\",\"target\":{\"@type\":\"EntryPoint\",\"urlTemplate\":\"https:\\\/\\\/fuentesfidedignas.com.mx\\\/?s={search_term_string}\"},\"query-input\":{\"@type\":\"PropertyValueSpecification\",\"valueRequired\":true,\"valueName\":\"search_term_string\"}}],\"inLanguage\":\"es\"},{\"@type\":\"Organization\",\"@id\":\"https:\\\/\\\/fuentesfidedignas.com.mx\\\/#organization\",\"name\":\"Fuentes Fidedignas\",\"url\":\"https:\\\/\\\/fuentesfidedignas.com.mx\\\/\",\"logo\":{\"@type\":\"ImageObject\",\"inLanguage\":\"es\",\"@id\":\"https:\\\/\\\/fuentesfidedignas.com.mx\\\/#\\\/schema\\\/logo\\\/image\\\/\",\"url\":\"https:\\\/\\\/fuentesfidedignas.com.mx\\\/wp-content\\\/uploads\\\/2021\\\/04\\\/logo-retina.png\",\"contentUrl\":\"https:\\\/\\\/fuentesfidedignas.com.mx\\\/wp-content\\\/uploads\\\/2021\\\/04\\\/logo-retina.png\",\"width\":280,\"height\":51,\"caption\":\"Fuentes Fidedignas\"},\"image\":{\"@id\":\"https:\\\/\\\/fuentesfidedignas.com.mx\\\/#\\\/schema\\\/logo\\\/image\\\/\"},\"sameAs\":[\"https:\\\/\\\/www.facebook.com\\\/Fuentes-Fidedignas-368234489921644\",\"https:\\\/\\\/x.com\\\/fidedignas\"]},{\"@type\":\"Person\",\"@id\":\"https:\\\/\\\/fuentesfidedignas.com.mx\\\/#\\\/schema\\\/person\\\/8ba63136cee56ba5f6a7ae7d678cb182\",\"name\":\"Fox Sports\",\"image\":{\"@type\":\"ImageObject\",\"inLanguage\":\"es\",\"@id\":\"https:\\\/\\\/secure.gravatar.com\\\/avatar\\\/f4a37310220ea57dec1e9ff34042d02cc36c348e4baace84adb259bd69f6d33c?s=96&d=mm&r=g\",\"url\":\"https:\\\/\\\/secure.gravatar.com\\\/avatar\\\/f4a37310220ea57dec1e9ff34042d02cc36c348e4baace84adb259bd69f6d33c?s=96&d=mm&r=g\",\"contentUrl\":\"https:\\\/\\\/secure.gravatar.com\\\/avatar\\\/f4a37310220ea57dec1e9ff34042d02cc36c348e4baace84adb259bd69f6d33c?s=96&d=mm&r=g\",\"caption\":\"Fox Sports\"},\"url\":\"https:\\\/\\\/fuentesfidedignas.com.mx\\\/index.php\\\/author\\\/fox-sports\\\/\"}]}<\/script>\n<!-- \/ Yoast SEO plugin. -->","yoast_head_json":{"title":"Julio C\u00e9sar Ch\u00e1vez Jr. DEMERITA leyenda de su pap\u00e1: \u2018Pele\u00f3 con puro taxista\u2019 (VIDEO) - Fuentes Fidedignas","robots":{"index":"index","follow":"follow","max-snippet":"max-snippet:-1","max-image-preview":"max-image-preview:large","max-video-preview":"max-video-preview:-1"},"canonical":"https:\/\/fuentesfidedignas.com.mx\/index.php\/2023\/10\/19\/julio-cesar-chavez-jr-demerita-leyenda-de-su-papa-peleo-con-puro-taxista-video\/","og_locale":"es_MX","og_type":"article","og_title":"Julio C\u00e9sar Ch\u00e1vez Jr. DEMERITA leyenda de su pap\u00e1: \u2018Pele\u00f3 con puro taxista\u2019 (VIDEO) - Fuentes Fidedignas","og_description":"Ch\u00e1vez Jr. puso en duda la marca de 89 peleas invicto de su padre Julio C\u00e9sar Ch\u00e1vez Ciudad de M\u00e9xico.- Julio C\u00e9sar Ch\u00e1vez Jr. no esquiva las pol\u00e9micas y ahora solt\u00f3 un golpe bajo a su propio padre Julio C\u00e9sar Ch\u00e1vez. Y es que el Junior puso en entredicho el r\u00e9cord de 89 peleas invictas [&hellip;]","og_url":"https:\/\/fuentesfidedignas.com.mx\/index.php\/2023\/10\/19\/julio-cesar-chavez-jr-demerita-leyenda-de-su-papa-peleo-con-puro-taxista-video\/","og_site_name":"Fuentes Fidedignas","article_publisher":"https:\/\/www.facebook.com\/Fuentes-Fidedignas-368234489921644","article_published_time":"2023-10-19T20:27:01+00:00","article_modified_time":"2023-10-19T20:54:55+00:00","og_image":[{"width":1323,"height":821,"url":"https:\/\/fuentesfidedignas.com.mx\/wp-content\/uploads\/2023\/10\/JULIOS_CHAVEZ.jpg","type":"image\/jpeg"}],"author":"Fox Sports","twitter_card":"summary_large_image","twitter_creator":"@fidedignas","twitter_site":"@fidedignas","twitter_misc":{"Escrito por":"Fox Sports","Tiempo de lectura":"2 minutos"},"schema":{"@context":"https:\/\/schema.org","@graph":[{"@type":"Article","@id":"https:\/\/fuentesfidedignas.com.mx\/index.php\/2023\/10\/19\/julio-cesar-chavez-jr-demerita-leyenda-de-su-papa-peleo-con-puro-taxista-video\/#article","isPartOf":{"@id":"https:\/\/fuentesfidedignas.com.mx\/index.php\/2023\/10\/19\/julio-cesar-chavez-jr-demerita-leyenda-de-su-papa-peleo-con-puro-taxista-video\/"},"author":{"name":"Fox Sports","@id":"https:\/\/fuentesfidedignas.com.mx\/#\/schema\/person\/8ba63136cee56ba5f6a7ae7d678cb182"},"headline":"Julio C\u00e9sar Ch\u00e1vez Jr. DEMERITA leyenda de su pap\u00e1: \u2018Pele\u00f3 con puro taxista\u2019 (VIDEO)","datePublished":"2023-10-19T20:27:01+00:00","dateModified":"2023-10-19T20:54:55+00:00","mainEntityOfPage":{"@id":"https:\/\/fuentesfidedignas.com.mx\/index.php\/2023\/10\/19\/julio-cesar-chavez-jr-demerita-leyenda-de-su-papa-peleo-con-puro-taxista-video\/"},"wordCount":422,"commentCount":0,"publisher":{"@id":"https:\/\/fuentesfidedignas.com.mx\/#organization"},"image":{"@id":"https:\/\/fuentesfidedignas.com.mx\/index.php\/2023\/10\/19\/julio-cesar-chavez-jr-demerita-leyenda-de-su-papa-peleo-con-puro-taxista-video\/#primaryimage"},"thumbnailUrl":"https:\/\/fuentesfidedignas.com.mx\/wp-content\/uploads\/2023\/10\/JULIOS_CHAVEZ.jpg","articleSection":["NOTICIAS NACIONALES"],"inLanguage":"es","potentialAction":[{"@type":"CommentAction","name":"Comment","target":["https:\/\/fuentesfidedignas.com.mx\/index.php\/2023\/10\/19\/julio-cesar-chavez-jr-demerita-leyenda-de-su-papa-peleo-con-puro-taxista-video\/#respond"]}]},{"@type":"WebPage","@id":"https:\/\/fuentesfidedignas.com.mx\/index.php\/2023\/10\/19\/julio-cesar-chavez-jr-demerita-leyenda-de-su-papa-peleo-con-puro-taxista-video\/","url":"https:\/\/fuentesfidedignas.com.mx\/index.php\/2023\/10\/19\/julio-cesar-chavez-jr-demerita-leyenda-de-su-papa-peleo-con-puro-taxista-video\/","name":"Julio C\u00e9sar Ch\u00e1vez Jr. DEMERITA leyenda de su pap\u00e1: \u2018Pele\u00f3 con puro taxista\u2019 (VIDEO) - Fuentes Fidedignas","isPartOf":{"@id":"https:\/\/fuentesfidedignas.com.mx\/#website"},"primaryImageOfPage":{"@id":"https:\/\/fuentesfidedignas.com.mx\/index.php\/2023\/10\/19\/julio-cesar-chavez-jr-demerita-leyenda-de-su-papa-peleo-con-puro-taxista-video\/#primaryimage"},"image":{"@id":"https:\/\/fuentesfidedignas.com.mx\/index.php\/2023\/10\/19\/julio-cesar-chavez-jr-demerita-leyenda-de-su-papa-peleo-con-puro-taxista-video\/#primaryimage"},"thumbnailUrl":"https:\/\/fuentesfidedignas.com.mx\/wp-content\/uploads\/2023\/10\/JULIOS_CHAVEZ.jpg","datePublished":"2023-10-19T20:27:01+00:00","dateModified":"2023-10-19T20:54:55+00:00","breadcrumb":{"@id":"https:\/\/fuentesfidedignas.com.mx\/index.php\/2023\/10\/19\/julio-cesar-chavez-jr-demerita-leyenda-de-su-papa-peleo-con-puro-taxista-video\/#breadcrumb"},"inLanguage":"es","potentialAction":[{"@type":"ReadAction","target":["https:\/\/fuentesfidedignas.com.mx\/index.php\/2023\/10\/19\/julio-cesar-chavez-jr-demerita-leyenda-de-su-papa-peleo-con-puro-taxista-video\/"]}]},{"@type":"ImageObject","inLanguage":"es","@id":"https:\/\/fuentesfidedignas.com.mx\/index.php\/2023\/10\/19\/julio-cesar-chavez-jr-demerita-leyenda-de-su-papa-peleo-con-puro-taxista-video\/#primaryimage","url":"https:\/\/fuentesfidedignas.com.mx\/wp-content\/uploads\/2023\/10\/JULIOS_CHAVEZ.jpg","contentUrl":"https:\/\/fuentesfidedignas.com.mx\/wp-content\/uploads\/2023\/10\/JULIOS_CHAVEZ.jpg","width":1323,"height":821},{"@type":"BreadcrumbList","@id":"https:\/\/fuentesfidedignas.com.mx\/index.php\/2023\/10\/19\/julio-cesar-chavez-jr-demerita-leyenda-de-su-papa-peleo-con-puro-taxista-video\/#breadcrumb","itemListElement":[{"@type":"ListItem","position":1,"name":"Inicio","item":"https:\/\/fuentesfidedignas.com.mx\/"},{"@type":"ListItem","position":2,"name":"Julio C\u00e9sar Ch\u00e1vez Jr. DEMERITA leyenda de su pap\u00e1: \u2018Pele\u00f3 con puro taxista\u2019 (VIDEO)"}]},{"@type":"WebSite","@id":"https:\/\/fuentesfidedignas.com.mx\/#website","url":"https:\/\/fuentesfidedignas.com.mx\/","name":"Fuentes Fidedignas","description":"Otro sitio realizado con WordPress","publisher":{"@id":"https:\/\/fuentesfidedignas.com.mx\/#organization"},"potentialAction":[{"@type":"SearchAction","target":{"@type":"EntryPoint","urlTemplate":"https:\/\/fuentesfidedignas.com.mx\/?s={search_term_string}"},"query-input":{"@type":"PropertyValueSpecification","valueRequired":true,"valueName":"search_term_string"}}],"inLanguage":"es"},{"@type":"Organization","@id":"https:\/\/fuentesfidedignas.com.mx\/#organization","name":"Fuentes Fidedignas","url":"https:\/\/fuentesfidedignas.com.mx\/","logo":{"@type":"ImageObject","inLanguage":"es","@id":"https:\/\/fuentesfidedignas.com.mx\/#\/schema\/logo\/image\/","url":"https:\/\/fuentesfidedignas.com.mx\/wp-content\/uploads\/2021\/04\/logo-retina.png","contentUrl":"https:\/\/fuentesfidedignas.com.mx\/wp-content\/uploads\/2021\/04\/logo-retina.png","width":280,"height":51,"caption":"Fuentes Fidedignas"},"image":{"@id":"https:\/\/fuentesfidedignas.com.mx\/#\/schema\/logo\/image\/"},"sameAs":["https:\/\/www.facebook.com\/Fuentes-Fidedignas-368234489921644","https:\/\/x.com\/fidedignas"]},{"@type":"Person","@id":"https:\/\/fuentesfidedignas.com.mx\/#\/schema\/person\/8ba63136cee56ba5f6a7ae7d678cb182","name":"Fox Sports","image":{"@type":"ImageObject","inLanguage":"es","@id":"https:\/\/secure.gravatar.com\/avatar\/f4a37310220ea57dec1e9ff34042d02cc36c348e4baace84adb259bd69f6d33c?s=96&d=mm&r=g","url":"https:\/\/secure.gravatar.com\/avatar\/f4a37310220ea57dec1e9ff34042d02cc36c348e4baace84adb259bd69f6d33c?s=96&d=mm&r=g","contentUrl":"https:\/\/secure.gravatar.com\/avatar\/f4a37310220ea57dec1e9ff34042d02cc36c348e4baace84adb259bd69f6d33c?s=96&d=mm&r=g","caption":"Fox Sports"},"url":"https:\/\/fuentesfidedignas.com.mx\/index.php\/author\/fox-sports\/"}]}},"_links":{"self":[{"href":"https:\/\/fuentesfidedignas.com.mx\/index.php\/wp-json\/wp\/v2\/posts\/62998","targetHints":{"allow":["GET"]}}],"collection":[{"href":"https:\/\/fuentesfidedignas.com.mx\/index.php\/wp-json\/wp\/v2\/posts"}],"about":[{"href":"https:\/\/fuentesfidedignas.com.mx\/index.php\/wp-json\/wp\/v2\/types\/post"}],"author":[{"embeddable":true,"href":"https:\/\/fuentesfidedignas.com.mx\/index.php\/wp-json\/wp\/v2\/users\/134"}],"replies":[{"embeddable":true,"href":"https:\/\/fuentesfidedignas.com.mx\/index.php\/wp-json\/wp\/v2\/comments?post=62998"}],"version-history":[{"count":1,"href":"https:\/\/fuentesfidedignas.com.mx\/index.php\/wp-json\/wp\/v2\/posts\/62998\/revisions"}],"predecessor-version":[{"id":63000,"href":"https:\/\/fuentesfidedignas.com.mx\/index.php\/wp-json\/wp\/v2\/posts\/62998\/revisions\/63000"}],"wp:featuredmedia":[{"embeddable":true,"href":"https:\/\/fuentesfidedignas.com.mx\/index.php\/wp-json\/wp\/v2\/media\/62999"}],"wp:attachment":[{"href":"https:\/\/fuentesfidedignas.com.mx\/index.php\/wp-json\/wp\/v2\/media?parent=62998"}],"wp:term":[{"taxonomy":"category","embeddable":true,"href":"https:\/\/fuentesfidedignas.com.mx\/index.php\/wp-json\/wp\/v2\/categories?post=62998"},{"taxonomy":"post_tag","embeddable":true,"href":"https:\/\/fuentesfidedignas.com.mx\/index.php\/wp-json\/wp\/v2\/tags?post=62998"}],"curies":[{"name":"wp","href":"https:\/\/api.w.org\/{rel}","templated":true}]}}