{"id":62903,"date":"2023-10-18T17:17:12","date_gmt":"2023-10-19T00:17:12","guid":{"rendered":"https:\/\/fuentesfidedignas.com.mx\/?p=62903"},"modified":"2023-10-18T17:18:27","modified_gmt":"2023-10-19T00:18:27","slug":"inauguran-congreso-azcarm-2023-en-mazatlan","status":"publish","type":"post","link":"https:\/\/fuentesfidedignas.com.mx\/index.php\/2023\/10\/18\/inauguran-congreso-azcarm-2023-en-mazatlan\/","title":{"rendered":"Inauguran Congreso Azcarm 2023 en Mazatl\u00e1n"},"content":{"rendered":"\n<p><strong><em>Especialistas, acad\u00e9micos, activistas, estudiantes, funcionarios y empresarios coinciden en que es inminente transformar nuestra relaci\u00f3n con la fauna silvestre para contener la acelerada p\u00e9rdida de biodiversidad.<\/em><\/strong><\/p>\n\n\n\n<p>Mazatl\u00e1n, Sin.- Ante la falta de presupuesto y de inter\u00e9s por parte de las autoridades para proteger a la fauna silvestre de nuestro p\u00edas, somos las instituciones zool\u00f3gicas y acuarias las que nos estamos encargando de rescatar, rehabilitar, proteger y albergar a miles de ejemplares y por su puesto de conservar cientos de especies para contener la alarmante p\u00e9rdida de biodiversidad que estamos padeciendo en nuestros mares y tierra, as\u00ed lo enfatiz\u00f3 Ernesto Zazueta, Presidente de la Asociaci\u00f3n de Zool\u00f3gicos, Criaderos y Acuarios de M\u00e9xico (AZCARM) durante la inauguraci\u00f3n de su Congreso Anual.<\/p>\n\n\n\n<p>En la Universidad Aut\u00f3noma de Sinaloa, Ricardo Velarde C\u00e1rdenas, Subsecretario de Turismo del Estado de Sinaloa, inaugur\u00f3 el Congreso AZCARM 2023, Unidos por la Fauna de Mar y Tierra. Celebr\u00f3 y agradeci\u00f3 que su estado sea sede de un evento de esta magnitud en donde se est\u00e1n dando cita m\u00e1s de 300 especialistas en vida silvestre y cientos de estudiantes de medicina veterinaria zootecnista, biolog\u00eda, etolog\u00eda, etc.<\/p>\n\n\n\n<p>Recalc\u00f3 que este evento es una muestra m\u00e1s del inter\u00e9s que tiene el gobierno sinaloense en la investigaci\u00f3n, educaci\u00f3n y conservaci\u00f3n de la fauna silvestre marina y terrestre. Y recalc\u00f3 que otra gran muestra es el nuevo Gran Acuario de Mazatl\u00e1n, una ventana oce\u00e1nica con m\u00e1s de 120 especies, 95 por ciento de ellas del mar de Cort\u00e9s, que tambi\u00e9n est\u00e1 siendo sede del Congreso y que ya ha sido visitado por 580 mil personas a tan solo cinco meses de su apertura,.<\/p>\n\n\n\n<p>Por su parte la Bi\u00f3loga, Eunice Mur\u00faa, Directora de Ecolog\u00eda y Medio Ambiente, en representaci\u00f3n del Alcalde de Mazatl\u00e1n, record\u00f3 que justo en esta zona del pa\u00eds cruza Tr\u00f3pico de C\u00e1ncer, una de las razones por la que es una regi\u00f3n con una enorme riqueza en biodiversidad.<\/p>\n\n\n\n<p>\u201cEsto nos obliga a redoblar esfuerzos para cuidarla. Por ejemplo, por primera vez hemos puesto en marcha el programa de rescate, resguardo y reubicaci\u00f3n de abejas. Este peque\u00f1o animal que es indispensable en nuestra vida, uno de los mas importantes del planeta, no estaba siendo protegido y muchas veces las personas simplemente les echan agua y acaban con ellas. A la fecha hemos logrado reubicar cerca de cuatro millones de abejas\u201d, inform\u00f3,<\/p>\n\n\n\n<p>Tambi\u00e9n aprovech\u00f3 para anunciar que est\u00e1n uniendo esfuerzos y trabajando intensamente para poder abrir en breve el Hospital de fauna silvestre, pues comparti\u00f3 que diariamente reciben decenas de denuncias de hallazgos de ejemplares maltratados, heridos o abandonados en las calles y playas de Mazatl\u00e1n.<\/p>\n\n\n\n<p>Ernesto Zazueta agradeci\u00f3 la sinerg\u00eda que la AZCARM ha podido tener con las autoridades de Sinaloa y del puerto de Mazatl\u00e1n para trabajar en favor de la fauna silvestre, pero recalc\u00f3 que no sucede lo mismo con otras autoridades federales y locales, hecho que entre muchos otros factores est\u00e1 poniendo en riesgo a nuestros animales.<\/p>\n\n\n\n<p>Y aprovech\u00f3 la presencia de tantos j\u00f3venes estudiantes para hacerles un llamado a transformar nuestra relaci\u00f3n con la naturaleza y a combatir juntos el cambio clim\u00e1tico que est\u00e1 acelerando gravemente la extinci\u00f3n de la vida silvestre, comenzado por acabar con los conflictos entre humanos y animales.<\/p>\n\n\n\n<p>\u201cLa matanza de fauna silvestre relacionada con los conflictos humanos afecta a m\u00e1s de 75 por ciento de las especies de felinos silvestres, a muchas otras especies de carn\u00edvoros terrestres y marinos, y a grandes herb\u00edvoros como a los elefantes. Sin ir mas lejos, arrancando este a\u00f1o, autoridades federales responsabilizaron sin ning\u00fan rigor cient\u00edfico a murci\u00e9lagos por el fallecimiento de menores en el estado de Oaxaca, lo que ha puesto en a\u00fan en mayor riesgo a esta especie en dicha regi\u00f3n tan vital para los ecosistemas\u201d.<\/p>\n\n\n\n<p>\u201cY hay que decirlo, el lobo mexicano pese al gran trabajo y tit\u00e1nicos esfuerzos de zool\u00f3gicos de M\u00e9xico y de Estados Unidos para recuperarlo y regresarlo exitosamente a vida silvestre, sigue estando en serio riesgo precisamente por conflictos con humanos provocados por desconocimiento, por falsas creencias que han estigmatizado a esta especie en el sector ganadero\u201d, advirti\u00f3.<\/p>\n\n\n\n<p>En este sentido dijo que la educaci\u00f3n es lo que nos queda, una educaci\u00f3n que nos reconcilie con la naturaleza, que impida que sigamos con insensatos h\u00e1bitos de consumo. Y para genera esa educaci\u00f3n y consciencia, dijo, est\u00e1n siendo fundamentales los zool\u00f3gicos y acuarios.<\/p>\n\n\n\n<p>\u201cLa concentraci\u00f3n de riqueza y de poder sin educaci\u00f3n han causado gran parte de los da\u00f1os ambientales que hoy ya no tienen vuelta atr\u00e1s. Orgullosamente aqu\u00ed, en este congreso est\u00e1n muchas y muchos especialistas, gente que verdaderamente se ha partido la madre investigando y conservando, educada en la tierra, en el mar, en el contacto permanente con la fauna silvestre. Educada para amar y conservar y no para ganar y destruir.<\/p>\n\n\n\n<p>Aprov\u00e9chenlos, investiguen en campo, vivan la vida silvestre, s\u00e1lganse de sus tel\u00e9fonos y de sus zonas y estados de confort. Luchemos cada uno desde nuestro campo y trinchera contra el falso desarrollo y el falso enriquecimiento, contra gobiernos indolentes, contra funcionarios ignorantes y contra da\u00f1inas ideolog\u00edas fuertemente patrocinadas\u201d, resalt\u00f3.<\/p>\n\n\n\n<p>El Diputado local, Jes\u00fas Ibarra Ramos, a\u00f1adi\u00f3 que las y los legisladores deben ser facilitadores y gestores de las causas m\u00e1s importantes y de las demandas de la gente, por ello asegur\u00f3 que \u00e9l junto con otros diputados est\u00e1n trabajando intensamente para lograr que la iniciativa impulsada por la AZCARM para que se imparta la materia de biodiversidad en el nivel de educaci\u00f3n b\u00e1sica, sea aprobada. Y se comprometi\u00f3 con los j\u00f3venes estudiantes a escuchar y recibir sus propuestas e iniciativas en favor de la vida silvestre del estado de Sinaloa.<\/p>\n\n\n\n<p>Durante la inauguraci\u00f3n del Congreso AZCARM 2023 tambi\u00e9n estuvieron presentes Simon Norris, Director General de Gran Acuario Mazatl\u00e1n Mar de Cort\u00e9s; el Lic. Rafael Liz\u00e1rraga Favela, Director Ejecutivo del Gran Acuario Mazatl\u00e1n Mar de Cort\u00e9s; Pedro Lu\u00eds de Le\u00f3n, Encargado de Despacho de la Profepa; y Lorena Alvarado Buend\u00eda, Secretaria Acad\u00e9mica de la Universidad Polit\u00e9cnica de Sinaloa.<\/p>\n","protected":false},"excerpt":{"rendered":"<p>Especialistas, acad\u00e9micos, activistas, estudiantes, funcionarios y empresarios coinciden en que es inminente transformar nuestra relaci\u00f3n con la fauna silvestre para contener la acelerada p\u00e9rdida de biodiversidad. Mazatl\u00e1n, Sin.- Ante la falta de presupuesto y de inter\u00e9s por parte de las autoridades para proteger a la fauna silvestre de nuestro p\u00edas, somos las instituciones zool\u00f3gicas y [&hellip;]<\/p>\n","protected":false},"author":4,"featured_media":62904,"comment_status":"open","ping_status":"open","sticky":false,"template":"","format":"standard","meta":{"tdm_status":"","tdm_grid_status":"","footnotes":""},"categories":[1],"tags":[],"class_list":{"0":"post-62903","1":"post","2":"type-post","3":"status-publish","4":"format-standard","5":"has-post-thumbnail","7":"category-sin-categoria"},"yoast_head":"<!-- This site is optimized with the Yoast SEO plugin v27.5 - https:\/\/yoast.com\/product\/yoast-seo-wordpress\/ -->\n<title>Inauguran Congreso Azcarm 2023 en Mazatl\u00e1n - Fuentes Fidedignas<\/title>\n<meta name=\"robots\" content=\"index, follow, max-snippet:-1, max-image-preview:large, max-video-preview:-1\" \/>\n<link rel=\"canonical\" href=\"https:\/\/fuentesfidedignas.com.mx\/index.php\/2023\/10\/18\/inauguran-congreso-azcarm-2023-en-mazatlan\/\" \/>\n<meta property=\"og:locale\" content=\"es_MX\" \/>\n<meta property=\"og:type\" content=\"article\" \/>\n<meta property=\"og:title\" content=\"Inauguran Congreso Azcarm 2023 en Mazatl\u00e1n - Fuentes Fidedignas\" \/>\n<meta property=\"og:description\" content=\"Especialistas, acad\u00e9micos, activistas, estudiantes, funcionarios y empresarios coinciden en que es inminente transformar nuestra relaci\u00f3n con la fauna silvestre para contener la acelerada p\u00e9rdida de biodiversidad. Mazatl\u00e1n, Sin.- Ante la falta de presupuesto y de inter\u00e9s por parte de las autoridades para proteger a la fauna silvestre de nuestro p\u00edas, somos las instituciones zool\u00f3gicas y [&hellip;]\" \/>\n<meta property=\"og:url\" content=\"https:\/\/fuentesfidedignas.com.mx\/index.php\/2023\/10\/18\/inauguran-congreso-azcarm-2023-en-mazatlan\/\" \/>\n<meta property=\"og:site_name\" content=\"Fuentes Fidedignas\" \/>\n<meta property=\"article:publisher\" content=\"https:\/\/www.facebook.com\/Fuentes-Fidedignas-368234489921644\" \/>\n<meta property=\"article:published_time\" content=\"2023-10-19T00:17:12+00:00\" \/>\n<meta property=\"article:modified_time\" content=\"2023-10-19T00:18:27+00:00\" \/>\n<meta property=\"og:image\" content=\"https:\/\/fuentesfidedignas.com.mx\/wp-content\/uploads\/2023\/10\/WhatsApp-Image-2023-10-17-at-7.27.03-PM.jpeg\" \/>\n\t<meta property=\"og:image:width\" content=\"1487\" \/>\n\t<meta property=\"og:image:height\" content=\"991\" \/>\n\t<meta property=\"og:image:type\" content=\"image\/jpeg\" \/>\n<meta name=\"author\" content=\"Redacci\u00f3n\" \/>\n<meta name=\"twitter:card\" content=\"summary_large_image\" \/>\n<meta name=\"twitter:creator\" content=\"@fidedignas\" \/>\n<meta name=\"twitter:site\" content=\"@fidedignas\" \/>\n<meta name=\"twitter:label1\" content=\"Escrito por\" \/>\n\t<meta name=\"twitter:data1\" content=\"Redacci\u00f3n\" \/>\n\t<meta name=\"twitter:label2\" content=\"Tiempo de lectura\" \/>\n\t<meta name=\"twitter:data2\" content=\"5 minutos\" \/>\n<script type=\"application\/ld+json\" class=\"yoast-schema-graph\">{\"@context\":\"https:\\\/\\\/schema.org\",\"@graph\":[{\"@type\":\"Article\",\"@id\":\"https:\\\/\\\/fuentesfidedignas.com.mx\\\/index.php\\\/2023\\\/10\\\/18\\\/inauguran-congreso-azcarm-2023-en-mazatlan\\\/#article\",\"isPartOf\":{\"@id\":\"https:\\\/\\\/fuentesfidedignas.com.mx\\\/index.php\\\/2023\\\/10\\\/18\\\/inauguran-congreso-azcarm-2023-en-mazatlan\\\/\"},\"author\":{\"name\":\"Redacci\u00f3n\",\"@id\":\"https:\\\/\\\/fuentesfidedignas.com.mx\\\/#\\\/schema\\\/person\\\/331be9283d37198e2acd5750279085b0\"},\"headline\":\"Inauguran Congreso Azcarm 2023 en Mazatl\u00e1n\",\"datePublished\":\"2023-10-19T00:17:12+00:00\",\"dateModified\":\"2023-10-19T00:18:27+00:00\",\"mainEntityOfPage\":{\"@id\":\"https:\\\/\\\/fuentesfidedignas.com.mx\\\/index.php\\\/2023\\\/10\\\/18\\\/inauguran-congreso-azcarm-2023-en-mazatlan\\\/\"},\"wordCount\":1083,\"commentCount\":0,\"publisher\":{\"@id\":\"https:\\\/\\\/fuentesfidedignas.com.mx\\\/#organization\"},\"image\":{\"@id\":\"https:\\\/\\\/fuentesfidedignas.com.mx\\\/index.php\\\/2023\\\/10\\\/18\\\/inauguran-congreso-azcarm-2023-en-mazatlan\\\/#primaryimage\"},\"thumbnailUrl\":\"https:\\\/\\\/fuentesfidedignas.com.mx\\\/wp-content\\\/uploads\\\/2023\\\/10\\\/WhatsApp-Image-2023-10-17-at-7.27.03-PM.jpeg\",\"inLanguage\":\"es\",\"potentialAction\":[{\"@type\":\"CommentAction\",\"name\":\"Comment\",\"target\":[\"https:\\\/\\\/fuentesfidedignas.com.mx\\\/index.php\\\/2023\\\/10\\\/18\\\/inauguran-congreso-azcarm-2023-en-mazatlan\\\/#respond\"]}]},{\"@type\":\"WebPage\",\"@id\":\"https:\\\/\\\/fuentesfidedignas.com.mx\\\/index.php\\\/2023\\\/10\\\/18\\\/inauguran-congreso-azcarm-2023-en-mazatlan\\\/\",\"url\":\"https:\\\/\\\/fuentesfidedignas.com.mx\\\/index.php\\\/2023\\\/10\\\/18\\\/inauguran-congreso-azcarm-2023-en-mazatlan\\\/\",\"name\":\"Inauguran Congreso Azcarm 2023 en Mazatl\u00e1n - Fuentes Fidedignas\",\"isPartOf\":{\"@id\":\"https:\\\/\\\/fuentesfidedignas.com.mx\\\/#website\"},\"primaryImageOfPage\":{\"@id\":\"https:\\\/\\\/fuentesfidedignas.com.mx\\\/index.php\\\/2023\\\/10\\\/18\\\/inauguran-congreso-azcarm-2023-en-mazatlan\\\/#primaryimage\"},\"image\":{\"@id\":\"https:\\\/\\\/fuentesfidedignas.com.mx\\\/index.php\\\/2023\\\/10\\\/18\\\/inauguran-congreso-azcarm-2023-en-mazatlan\\\/#primaryimage\"},\"thumbnailUrl\":\"https:\\\/\\\/fuentesfidedignas.com.mx\\\/wp-content\\\/uploads\\\/2023\\\/10\\\/WhatsApp-Image-2023-10-17-at-7.27.03-PM.jpeg\",\"datePublished\":\"2023-10-19T00:17:12+00:00\",\"dateModified\":\"2023-10-19T00:18:27+00:00\",\"breadcrumb\":{\"@id\":\"https:\\\/\\\/fuentesfidedignas.com.mx\\\/index.php\\\/2023\\\/10\\\/18\\\/inauguran-congreso-azcarm-2023-en-mazatlan\\\/#breadcrumb\"},\"inLanguage\":\"es\",\"potentialAction\":[{\"@type\":\"ReadAction\",\"target\":[\"https:\\\/\\\/fuentesfidedignas.com.mx\\\/index.php\\\/2023\\\/10\\\/18\\\/inauguran-congreso-azcarm-2023-en-mazatlan\\\/\"]}]},{\"@type\":\"ImageObject\",\"inLanguage\":\"es\",\"@id\":\"https:\\\/\\\/fuentesfidedignas.com.mx\\\/index.php\\\/2023\\\/10\\\/18\\\/inauguran-congreso-azcarm-2023-en-mazatlan\\\/#primaryimage\",\"url\":\"https:\\\/\\\/fuentesfidedignas.com.mx\\\/wp-content\\\/uploads\\\/2023\\\/10\\\/WhatsApp-Image-2023-10-17-at-7.27.03-PM.jpeg\",\"contentUrl\":\"https:\\\/\\\/fuentesfidedignas.com.mx\\\/wp-content\\\/uploads\\\/2023\\\/10\\\/WhatsApp-Image-2023-10-17-at-7.27.03-PM.jpeg\",\"width\":1487,\"height\":991},{\"@type\":\"BreadcrumbList\",\"@id\":\"https:\\\/\\\/fuentesfidedignas.com.mx\\\/index.php\\\/2023\\\/10\\\/18\\\/inauguran-congreso-azcarm-2023-en-mazatlan\\\/#breadcrumb\",\"itemListElement\":[{\"@type\":\"ListItem\",\"position\":1,\"name\":\"Inicio\",\"item\":\"https:\\\/\\\/fuentesfidedignas.com.mx\\\/\"},{\"@type\":\"ListItem\",\"position\":2,\"name\":\"Inauguran Congreso Azcarm 2023 en Mazatl\u00e1n\"}]},{\"@type\":\"WebSite\",\"@id\":\"https:\\\/\\\/fuentesfidedignas.com.mx\\\/#website\",\"url\":\"https:\\\/\\\/fuentesfidedignas.com.mx\\\/\",\"name\":\"Fuentes Fidedignas\",\"description\":\"Otro sitio realizado con WordPress\",\"publisher\":{\"@id\":\"https:\\\/\\\/fuentesfidedignas.com.mx\\\/#organization\"},\"potentialAction\":[{\"@type\":\"SearchAction\",\"target\":{\"@type\":\"EntryPoint\",\"urlTemplate\":\"https:\\\/\\\/fuentesfidedignas.com.mx\\\/?s={search_term_string}\"},\"query-input\":{\"@type\":\"PropertyValueSpecification\",\"valueRequired\":true,\"valueName\":\"search_term_string\"}}],\"inLanguage\":\"es\"},{\"@type\":\"Organization\",\"@id\":\"https:\\\/\\\/fuentesfidedignas.com.mx\\\/#organization\",\"name\":\"Fuentes Fidedignas\",\"url\":\"https:\\\/\\\/fuentesfidedignas.com.mx\\\/\",\"logo\":{\"@type\":\"ImageObject\",\"inLanguage\":\"es\",\"@id\":\"https:\\\/\\\/fuentesfidedignas.com.mx\\\/#\\\/schema\\\/logo\\\/image\\\/\",\"url\":\"https:\\\/\\\/fuentesfidedignas.com.mx\\\/wp-content\\\/uploads\\\/2021\\\/04\\\/logo-retina.png\",\"contentUrl\":\"https:\\\/\\\/fuentesfidedignas.com.mx\\\/wp-content\\\/uploads\\\/2021\\\/04\\\/logo-retina.png\",\"width\":280,\"height\":51,\"caption\":\"Fuentes Fidedignas\"},\"image\":{\"@id\":\"https:\\\/\\\/fuentesfidedignas.com.mx\\\/#\\\/schema\\\/logo\\\/image\\\/\"},\"sameAs\":[\"https:\\\/\\\/www.facebook.com\\\/Fuentes-Fidedignas-368234489921644\",\"https:\\\/\\\/x.com\\\/fidedignas\"]},{\"@type\":\"Person\",\"@id\":\"https:\\\/\\\/fuentesfidedignas.com.mx\\\/#\\\/schema\\\/person\\\/331be9283d37198e2acd5750279085b0\",\"name\":\"Redacci\u00f3n\",\"image\":{\"@type\":\"ImageObject\",\"inLanguage\":\"es\",\"@id\":\"https:\\\/\\\/secure.gravatar.com\\\/avatar\\\/f6d8782c11d12b2d4ad3fbb6931aeab5309937a4d6cd2fc9cfaa28a6396a5aec?s=96&d=mm&r=g\",\"url\":\"https:\\\/\\\/secure.gravatar.com\\\/avatar\\\/f6d8782c11d12b2d4ad3fbb6931aeab5309937a4d6cd2fc9cfaa28a6396a5aec?s=96&d=mm&r=g\",\"contentUrl\":\"https:\\\/\\\/secure.gravatar.com\\\/avatar\\\/f6d8782c11d12b2d4ad3fbb6931aeab5309937a4d6cd2fc9cfaa28a6396a5aec?s=96&d=mm&r=g\",\"caption\":\"Redacci\u00f3n\"},\"url\":\"https:\\\/\\\/fuentesfidedignas.com.mx\\\/index.php\\\/author\\\/redaccion\\\/\"}]}<\/script>\n<!-- \/ Yoast SEO plugin. -->","yoast_head_json":{"title":"Inauguran Congreso Azcarm 2023 en Mazatl\u00e1n - Fuentes Fidedignas","robots":{"index":"index","follow":"follow","max-snippet":"max-snippet:-1","max-image-preview":"max-image-preview:large","max-video-preview":"max-video-preview:-1"},"canonical":"https:\/\/fuentesfidedignas.com.mx\/index.php\/2023\/10\/18\/inauguran-congreso-azcarm-2023-en-mazatlan\/","og_locale":"es_MX","og_type":"article","og_title":"Inauguran Congreso Azcarm 2023 en Mazatl\u00e1n - Fuentes Fidedignas","og_description":"Especialistas, acad\u00e9micos, activistas, estudiantes, funcionarios y empresarios coinciden en que es inminente transformar nuestra relaci\u00f3n con la fauna silvestre para contener la acelerada p\u00e9rdida de biodiversidad. Mazatl\u00e1n, Sin.- Ante la falta de presupuesto y de inter\u00e9s por parte de las autoridades para proteger a la fauna silvestre de nuestro p\u00edas, somos las instituciones zool\u00f3gicas y [&hellip;]","og_url":"https:\/\/fuentesfidedignas.com.mx\/index.php\/2023\/10\/18\/inauguran-congreso-azcarm-2023-en-mazatlan\/","og_site_name":"Fuentes Fidedignas","article_publisher":"https:\/\/www.facebook.com\/Fuentes-Fidedignas-368234489921644","article_published_time":"2023-10-19T00:17:12+00:00","article_modified_time":"2023-10-19T00:18:27+00:00","og_image":[{"width":1487,"height":991,"url":"https:\/\/fuentesfidedignas.com.mx\/wp-content\/uploads\/2023\/10\/WhatsApp-Image-2023-10-17-at-7.27.03-PM.jpeg","type":"image\/jpeg"}],"author":"Redacci\u00f3n","twitter_card":"summary_large_image","twitter_creator":"@fidedignas","twitter_site":"@fidedignas","twitter_misc":{"Escrito por":"Redacci\u00f3n","Tiempo de lectura":"5 minutos"},"schema":{"@context":"https:\/\/schema.org","@graph":[{"@type":"Article","@id":"https:\/\/fuentesfidedignas.com.mx\/index.php\/2023\/10\/18\/inauguran-congreso-azcarm-2023-en-mazatlan\/#article","isPartOf":{"@id":"https:\/\/fuentesfidedignas.com.mx\/index.php\/2023\/10\/18\/inauguran-congreso-azcarm-2023-en-mazatlan\/"},"author":{"name":"Redacci\u00f3n","@id":"https:\/\/fuentesfidedignas.com.mx\/#\/schema\/person\/331be9283d37198e2acd5750279085b0"},"headline":"Inauguran Congreso Azcarm 2023 en Mazatl\u00e1n","datePublished":"2023-10-19T00:17:12+00:00","dateModified":"2023-10-19T00:18:27+00:00","mainEntityOfPage":{"@id":"https:\/\/fuentesfidedignas.com.mx\/index.php\/2023\/10\/18\/inauguran-congreso-azcarm-2023-en-mazatlan\/"},"wordCount":1083,"commentCount":0,"publisher":{"@id":"https:\/\/fuentesfidedignas.com.mx\/#organization"},"image":{"@id":"https:\/\/fuentesfidedignas.com.mx\/index.php\/2023\/10\/18\/inauguran-congreso-azcarm-2023-en-mazatlan\/#primaryimage"},"thumbnailUrl":"https:\/\/fuentesfidedignas.com.mx\/wp-content\/uploads\/2023\/10\/WhatsApp-Image-2023-10-17-at-7.27.03-PM.jpeg","inLanguage":"es","potentialAction":[{"@type":"CommentAction","name":"Comment","target":["https:\/\/fuentesfidedignas.com.mx\/index.php\/2023\/10\/18\/inauguran-congreso-azcarm-2023-en-mazatlan\/#respond"]}]},{"@type":"WebPage","@id":"https:\/\/fuentesfidedignas.com.mx\/index.php\/2023\/10\/18\/inauguran-congreso-azcarm-2023-en-mazatlan\/","url":"https:\/\/fuentesfidedignas.com.mx\/index.php\/2023\/10\/18\/inauguran-congreso-azcarm-2023-en-mazatlan\/","name":"Inauguran Congreso Azcarm 2023 en Mazatl\u00e1n - Fuentes Fidedignas","isPartOf":{"@id":"https:\/\/fuentesfidedignas.com.mx\/#website"},"primaryImageOfPage":{"@id":"https:\/\/fuentesfidedignas.com.mx\/index.php\/2023\/10\/18\/inauguran-congreso-azcarm-2023-en-mazatlan\/#primaryimage"},"image":{"@id":"https:\/\/fuentesfidedignas.com.mx\/index.php\/2023\/10\/18\/inauguran-congreso-azcarm-2023-en-mazatlan\/#primaryimage"},"thumbnailUrl":"https:\/\/fuentesfidedignas.com.mx\/wp-content\/uploads\/2023\/10\/WhatsApp-Image-2023-10-17-at-7.27.03-PM.jpeg","datePublished":"2023-10-19T00:17:12+00:00","dateModified":"2023-10-19T00:18:27+00:00","breadcrumb":{"@id":"https:\/\/fuentesfidedignas.com.mx\/index.php\/2023\/10\/18\/inauguran-congreso-azcarm-2023-en-mazatlan\/#breadcrumb"},"inLanguage":"es","potentialAction":[{"@type":"ReadAction","target":["https:\/\/fuentesfidedignas.com.mx\/index.php\/2023\/10\/18\/inauguran-congreso-azcarm-2023-en-mazatlan\/"]}]},{"@type":"ImageObject","inLanguage":"es","@id":"https:\/\/fuentesfidedignas.com.mx\/index.php\/2023\/10\/18\/inauguran-congreso-azcarm-2023-en-mazatlan\/#primaryimage","url":"https:\/\/fuentesfidedignas.com.mx\/wp-content\/uploads\/2023\/10\/WhatsApp-Image-2023-10-17-at-7.27.03-PM.jpeg","contentUrl":"https:\/\/fuentesfidedignas.com.mx\/wp-content\/uploads\/2023\/10\/WhatsApp-Image-2023-10-17-at-7.27.03-PM.jpeg","width":1487,"height":991},{"@type":"BreadcrumbList","@id":"https:\/\/fuentesfidedignas.com.mx\/index.php\/2023\/10\/18\/inauguran-congreso-azcarm-2023-en-mazatlan\/#breadcrumb","itemListElement":[{"@type":"ListItem","position":1,"name":"Inicio","item":"https:\/\/fuentesfidedignas.com.mx\/"},{"@type":"ListItem","position":2,"name":"Inauguran Congreso Azcarm 2023 en Mazatl\u00e1n"}]},{"@type":"WebSite","@id":"https:\/\/fuentesfidedignas.com.mx\/#website","url":"https:\/\/fuentesfidedignas.com.mx\/","name":"Fuentes Fidedignas","description":"Otro sitio realizado con WordPress","publisher":{"@id":"https:\/\/fuentesfidedignas.com.mx\/#organization"},"potentialAction":[{"@type":"SearchAction","target":{"@type":"EntryPoint","urlTemplate":"https:\/\/fuentesfidedignas.com.mx\/?s={search_term_string}"},"query-input":{"@type":"PropertyValueSpecification","valueRequired":true,"valueName":"search_term_string"}}],"inLanguage":"es"},{"@type":"Organization","@id":"https:\/\/fuentesfidedignas.com.mx\/#organization","name":"Fuentes Fidedignas","url":"https:\/\/fuentesfidedignas.com.mx\/","logo":{"@type":"ImageObject","inLanguage":"es","@id":"https:\/\/fuentesfidedignas.com.mx\/#\/schema\/logo\/image\/","url":"https:\/\/fuentesfidedignas.com.mx\/wp-content\/uploads\/2021\/04\/logo-retina.png","contentUrl":"https:\/\/fuentesfidedignas.com.mx\/wp-content\/uploads\/2021\/04\/logo-retina.png","width":280,"height":51,"caption":"Fuentes Fidedignas"},"image":{"@id":"https:\/\/fuentesfidedignas.com.mx\/#\/schema\/logo\/image\/"},"sameAs":["https:\/\/www.facebook.com\/Fuentes-Fidedignas-368234489921644","https:\/\/x.com\/fidedignas"]},{"@type":"Person","@id":"https:\/\/fuentesfidedignas.com.mx\/#\/schema\/person\/331be9283d37198e2acd5750279085b0","name":"Redacci\u00f3n","image":{"@type":"ImageObject","inLanguage":"es","@id":"https:\/\/secure.gravatar.com\/avatar\/f6d8782c11d12b2d4ad3fbb6931aeab5309937a4d6cd2fc9cfaa28a6396a5aec?s=96&d=mm&r=g","url":"https:\/\/secure.gravatar.com\/avatar\/f6d8782c11d12b2d4ad3fbb6931aeab5309937a4d6cd2fc9cfaa28a6396a5aec?s=96&d=mm&r=g","contentUrl":"https:\/\/secure.gravatar.com\/avatar\/f6d8782c11d12b2d4ad3fbb6931aeab5309937a4d6cd2fc9cfaa28a6396a5aec?s=96&d=mm&r=g","caption":"Redacci\u00f3n"},"url":"https:\/\/fuentesfidedignas.com.mx\/index.php\/author\/redaccion\/"}]}},"_links":{"self":[{"href":"https:\/\/fuentesfidedignas.com.mx\/index.php\/wp-json\/wp\/v2\/posts\/62903","targetHints":{"allow":["GET"]}}],"collection":[{"href":"https:\/\/fuentesfidedignas.com.mx\/index.php\/wp-json\/wp\/v2\/posts"}],"about":[{"href":"https:\/\/fuentesfidedignas.com.mx\/index.php\/wp-json\/wp\/v2\/types\/post"}],"author":[{"embeddable":true,"href":"https:\/\/fuentesfidedignas.com.mx\/index.php\/wp-json\/wp\/v2\/users\/4"}],"replies":[{"embeddable":true,"href":"https:\/\/fuentesfidedignas.com.mx\/index.php\/wp-json\/wp\/v2\/comments?post=62903"}],"version-history":[{"count":1,"href":"https:\/\/fuentesfidedignas.com.mx\/index.php\/wp-json\/wp\/v2\/posts\/62903\/revisions"}],"predecessor-version":[{"id":62905,"href":"https:\/\/fuentesfidedignas.com.mx\/index.php\/wp-json\/wp\/v2\/posts\/62903\/revisions\/62905"}],"wp:featuredmedia":[{"embeddable":true,"href":"https:\/\/fuentesfidedignas.com.mx\/index.php\/wp-json\/wp\/v2\/media\/62904"}],"wp:attachment":[{"href":"https:\/\/fuentesfidedignas.com.mx\/index.php\/wp-json\/wp\/v2\/media?parent=62903"}],"wp:term":[{"taxonomy":"category","embeddable":true,"href":"https:\/\/fuentesfidedignas.com.mx\/index.php\/wp-json\/wp\/v2\/categories?post=62903"},{"taxonomy":"post_tag","embeddable":true,"href":"https:\/\/fuentesfidedignas.com.mx\/index.php\/wp-json\/wp\/v2\/tags?post=62903"}],"curies":[{"name":"wp","href":"https:\/\/api.w.org\/{rel}","templated":true}]}}