{"id":62772,"date":"2023-10-17T19:11:57","date_gmt":"2023-10-18T02:11:57","guid":{"rendered":"https:\/\/fuentesfidedignas.com.mx\/?p=62772"},"modified":"2023-10-17T21:12:00","modified_gmt":"2023-10-18T04:12:00","slug":"reprobable-la-actitud-del-juez-y-de-la-fiscalia-denuncia-abogado-del-rector-de-la-uas","status":"publish","type":"post","link":"https:\/\/fuentesfidedignas.com.mx\/index.php\/2023\/10\/17\/reprobable-la-actitud-del-juez-y-de-la-fiscalia-denuncia-abogado-del-rector-de-la-uas\/","title":{"rendered":"Reprobable la actitud del juez y de la Fiscal\u00eda, denuncia abogado del rector de la UAS"},"content":{"rendered":"\n<p><strong><em>El abogado defensor Milton Ayala manifest\u00f3 estar muy molesto al ver que, a pesar del cambio de juez, sigan actuando con la misma parcialidad<\/em><\/strong><\/p>\n\n\n\n<p>Culiac\u00e1n, Sin.- Durante el receso de dos horas que otorg\u00f3 el juez Carlos Alberto Herrera en la audiencia del Rector de la Universidad Aut\u00f3noma de Sinaloa (UAS), doctor Jes\u00fas Madue\u00f1a Molina y el Comit\u00e9 de Adquisiciones, los abogados de la defensa universitaria reafirmaron una vez m\u00e1s estar luchando contra un sistema inquisitivo, donde quien los acusa, es \u00e9l mismo que los juzga.<\/p>\n\n\n\n<p>El abogado defensor Milton Ayala manifest\u00f3 estar muy molesto al ver que, a pesar del cambio de juez, sigan actuando con la misma parcialidad, ya que pidieron la separaci\u00f3n de cargo del Rector y de los funcionarios involucrados mientras dure el proceso penal.<\/p>\n\n\n\n<p>\u201cEs una barbaridad porque la Universidad, de acuerdo a lo que establece la Ley Org\u00e1nica que tiene sus bases en el art\u00edculo tercero, fracci\u00f3n s\u00e9ptima y octava en la Constituci\u00f3n Pol\u00edtica de los Estados Unidos Mexicanos, dice que el Consejo Universitario es la m\u00e1xima autoridad u \u00f3rgano de gobierno de esta instituci\u00f3n, y es el \u00fanico que puede nombrar, remover o suspender al rector y sus autoridades\u201d, detall\u00f3.<\/p>\n\n\n\n<p>Asimismo, describi\u00f3 como reprobable la actitud del juez y de la Fiscal\u00eda, mencionando que \u00e9sta en repetidas ocasiones asever\u00f3 hechos falsos, as\u00ed como se\u00f1alando documentos inexistentes, a lo que el juez no les llam\u00f3 ni la atenci\u00f3n ante estas acciones.<\/p>\n\n\n\n<p>\u201cLa audiencia que hoy nos ocupaba, o se trataba de hechos que ocurrieron del 14 de septiembre a la fecha; dicen que el Rector ha obstaculizado la investigaci\u00f3n, no hay de los datos de prueba ning\u00fan elemento que el Rector haya amenazado a un testigo, haya dicho que alguien no vaya a declarar o haya se\u00f1alado informaci\u00f3n falsa; al contrario, la Fiscal\u00eda frente al juez ha se\u00f1alado falsamente circunstancias que ni por asomo ha considerado el juez\u201d, expres\u00f3.<\/p>\n\n\n\n<p>Para finalizar, hizo el llamado a la comunidad universitaria a no desistir ni dejarse caer, reiterando que las tristezas de hoy y el mal sabor que el Poder Judicial ha provocado, ser\u00e1n las alegr\u00edas de ma\u00f1ana cuando los universitarios salgan avantes de esta guerra sucia de la que el Gobierno del Estado ha sido responsable.<\/p>\n","protected":false},"excerpt":{"rendered":"<p>El abogado defensor Milton Ayala manifest\u00f3 estar muy molesto al ver que, a pesar del cambio de juez, sigan actuando con la misma parcialidad Culiac\u00e1n, Sin.- Durante el receso de dos horas que otorg\u00f3 el juez Carlos Alberto Herrera en la audiencia del Rector de la Universidad Aut\u00f3noma de Sinaloa (UAS), doctor Jes\u00fas Madue\u00f1a Molina [&hellip;]<\/p>\n","protected":false},"author":4,"featured_media":62773,"comment_status":"open","ping_status":"open","sticky":false,"template":"","format":"standard","meta":{"tdm_status":"","tdm_grid_status":"","footnotes":""},"categories":[1],"tags":[],"class_list":{"0":"post-62772","1":"post","2":"type-post","3":"status-publish","4":"format-standard","5":"has-post-thumbnail","7":"category-sin-categoria"},"yoast_head":"<!-- This site is optimized with the Yoast SEO plugin v27.5 - https:\/\/yoast.com\/product\/yoast-seo-wordpress\/ -->\n<title>Reprobable la actitud del juez y de la Fiscal\u00eda, denuncia abogado del rector de la UAS - Fuentes Fidedignas<\/title>\n<meta name=\"robots\" content=\"index, follow, max-snippet:-1, max-image-preview:large, max-video-preview:-1\" \/>\n<link rel=\"canonical\" href=\"https:\/\/fuentesfidedignas.com.mx\/index.php\/2023\/10\/17\/reprobable-la-actitud-del-juez-y-de-la-fiscalia-denuncia-abogado-del-rector-de-la-uas\/\" \/>\n<meta property=\"og:locale\" content=\"es_MX\" \/>\n<meta property=\"og:type\" content=\"article\" \/>\n<meta property=\"og:title\" content=\"Reprobable la actitud del juez y de la Fiscal\u00eda, denuncia abogado del rector de la UAS - Fuentes Fidedignas\" \/>\n<meta property=\"og:description\" content=\"El abogado defensor Milton Ayala manifest\u00f3 estar muy molesto al ver que, a pesar del cambio de juez, sigan actuando con la misma parcialidad Culiac\u00e1n, Sin.- Durante el receso de dos horas que otorg\u00f3 el juez Carlos Alberto Herrera en la audiencia del Rector de la Universidad Aut\u00f3noma de Sinaloa (UAS), doctor Jes\u00fas Madue\u00f1a Molina [&hellip;]\" \/>\n<meta property=\"og:url\" content=\"https:\/\/fuentesfidedignas.com.mx\/index.php\/2023\/10\/17\/reprobable-la-actitud-del-juez-y-de-la-fiscalia-denuncia-abogado-del-rector-de-la-uas\/\" \/>\n<meta property=\"og:site_name\" content=\"Fuentes Fidedignas\" \/>\n<meta property=\"article:publisher\" content=\"https:\/\/www.facebook.com\/Fuentes-Fidedignas-368234489921644\" \/>\n<meta property=\"article:published_time\" content=\"2023-10-18T02:11:57+00:00\" \/>\n<meta property=\"article:modified_time\" content=\"2023-10-18T04:12:00+00:00\" \/>\n<meta property=\"og:image\" content=\"https:\/\/fuentesfidedignas.com.mx\/wp-content\/uploads\/2023\/10\/ABOGADOS-2-2.jpeg\" \/>\n\t<meta property=\"og:image:width\" content=\"1599\" \/>\n\t<meta property=\"og:image:height\" content=\"1066\" \/>\n\t<meta property=\"og:image:type\" content=\"image\/jpeg\" \/>\n<meta name=\"author\" content=\"Redacci\u00f3n\" \/>\n<meta name=\"twitter:card\" content=\"summary_large_image\" \/>\n<meta name=\"twitter:creator\" content=\"@fidedignas\" \/>\n<meta name=\"twitter:site\" content=\"@fidedignas\" \/>\n<meta name=\"twitter:label1\" content=\"Escrito por\" \/>\n\t<meta name=\"twitter:data1\" content=\"Redacci\u00f3n\" \/>\n\t<meta name=\"twitter:label2\" content=\"Tiempo de lectura\" \/>\n\t<meta name=\"twitter:data2\" content=\"2 minutos\" \/>\n<script type=\"application\/ld+json\" class=\"yoast-schema-graph\">{\"@context\":\"https:\\\/\\\/schema.org\",\"@graph\":[{\"@type\":\"Article\",\"@id\":\"https:\\\/\\\/fuentesfidedignas.com.mx\\\/index.php\\\/2023\\\/10\\\/17\\\/reprobable-la-actitud-del-juez-y-de-la-fiscalia-denuncia-abogado-del-rector-de-la-uas\\\/#article\",\"isPartOf\":{\"@id\":\"https:\\\/\\\/fuentesfidedignas.com.mx\\\/index.php\\\/2023\\\/10\\\/17\\\/reprobable-la-actitud-del-juez-y-de-la-fiscalia-denuncia-abogado-del-rector-de-la-uas\\\/\"},\"author\":{\"name\":\"Redacci\u00f3n\",\"@id\":\"https:\\\/\\\/fuentesfidedignas.com.mx\\\/#\\\/schema\\\/person\\\/331be9283d37198e2acd5750279085b0\"},\"headline\":\"Reprobable la actitud del juez y de la Fiscal\u00eda, denuncia abogado del rector de la UAS\",\"datePublished\":\"2023-10-18T02:11:57+00:00\",\"dateModified\":\"2023-10-18T04:12:00+00:00\",\"mainEntityOfPage\":{\"@id\":\"https:\\\/\\\/fuentesfidedignas.com.mx\\\/index.php\\\/2023\\\/10\\\/17\\\/reprobable-la-actitud-del-juez-y-de-la-fiscalia-denuncia-abogado-del-rector-de-la-uas\\\/\"},\"wordCount\":413,\"commentCount\":0,\"publisher\":{\"@id\":\"https:\\\/\\\/fuentesfidedignas.com.mx\\\/#organization\"},\"image\":{\"@id\":\"https:\\\/\\\/fuentesfidedignas.com.mx\\\/index.php\\\/2023\\\/10\\\/17\\\/reprobable-la-actitud-del-juez-y-de-la-fiscalia-denuncia-abogado-del-rector-de-la-uas\\\/#primaryimage\"},\"thumbnailUrl\":\"https:\\\/\\\/fuentesfidedignas.com.mx\\\/wp-content\\\/uploads\\\/2023\\\/10\\\/ABOGADOS-2-2.jpeg\",\"inLanguage\":\"es\",\"potentialAction\":[{\"@type\":\"CommentAction\",\"name\":\"Comment\",\"target\":[\"https:\\\/\\\/fuentesfidedignas.com.mx\\\/index.php\\\/2023\\\/10\\\/17\\\/reprobable-la-actitud-del-juez-y-de-la-fiscalia-denuncia-abogado-del-rector-de-la-uas\\\/#respond\"]}]},{\"@type\":\"WebPage\",\"@id\":\"https:\\\/\\\/fuentesfidedignas.com.mx\\\/index.php\\\/2023\\\/10\\\/17\\\/reprobable-la-actitud-del-juez-y-de-la-fiscalia-denuncia-abogado-del-rector-de-la-uas\\\/\",\"url\":\"https:\\\/\\\/fuentesfidedignas.com.mx\\\/index.php\\\/2023\\\/10\\\/17\\\/reprobable-la-actitud-del-juez-y-de-la-fiscalia-denuncia-abogado-del-rector-de-la-uas\\\/\",\"name\":\"Reprobable la actitud del juez y de la Fiscal\u00eda, denuncia abogado del rector de la UAS - Fuentes Fidedignas\",\"isPartOf\":{\"@id\":\"https:\\\/\\\/fuentesfidedignas.com.mx\\\/#website\"},\"primaryImageOfPage\":{\"@id\":\"https:\\\/\\\/fuentesfidedignas.com.mx\\\/index.php\\\/2023\\\/10\\\/17\\\/reprobable-la-actitud-del-juez-y-de-la-fiscalia-denuncia-abogado-del-rector-de-la-uas\\\/#primaryimage\"},\"image\":{\"@id\":\"https:\\\/\\\/fuentesfidedignas.com.mx\\\/index.php\\\/2023\\\/10\\\/17\\\/reprobable-la-actitud-del-juez-y-de-la-fiscalia-denuncia-abogado-del-rector-de-la-uas\\\/#primaryimage\"},\"thumbnailUrl\":\"https:\\\/\\\/fuentesfidedignas.com.mx\\\/wp-content\\\/uploads\\\/2023\\\/10\\\/ABOGADOS-2-2.jpeg\",\"datePublished\":\"2023-10-18T02:11:57+00:00\",\"dateModified\":\"2023-10-18T04:12:00+00:00\",\"breadcrumb\":{\"@id\":\"https:\\\/\\\/fuentesfidedignas.com.mx\\\/index.php\\\/2023\\\/10\\\/17\\\/reprobable-la-actitud-del-juez-y-de-la-fiscalia-denuncia-abogado-del-rector-de-la-uas\\\/#breadcrumb\"},\"inLanguage\":\"es\",\"potentialAction\":[{\"@type\":\"ReadAction\",\"target\":[\"https:\\\/\\\/fuentesfidedignas.com.mx\\\/index.php\\\/2023\\\/10\\\/17\\\/reprobable-la-actitud-del-juez-y-de-la-fiscalia-denuncia-abogado-del-rector-de-la-uas\\\/\"]}]},{\"@type\":\"ImageObject\",\"inLanguage\":\"es\",\"@id\":\"https:\\\/\\\/fuentesfidedignas.com.mx\\\/index.php\\\/2023\\\/10\\\/17\\\/reprobable-la-actitud-del-juez-y-de-la-fiscalia-denuncia-abogado-del-rector-de-la-uas\\\/#primaryimage\",\"url\":\"https:\\\/\\\/fuentesfidedignas.com.mx\\\/wp-content\\\/uploads\\\/2023\\\/10\\\/ABOGADOS-2-2.jpeg\",\"contentUrl\":\"https:\\\/\\\/fuentesfidedignas.com.mx\\\/wp-content\\\/uploads\\\/2023\\\/10\\\/ABOGADOS-2-2.jpeg\",\"width\":1599,\"height\":1066},{\"@type\":\"BreadcrumbList\",\"@id\":\"https:\\\/\\\/fuentesfidedignas.com.mx\\\/index.php\\\/2023\\\/10\\\/17\\\/reprobable-la-actitud-del-juez-y-de-la-fiscalia-denuncia-abogado-del-rector-de-la-uas\\\/#breadcrumb\",\"itemListElement\":[{\"@type\":\"ListItem\",\"position\":1,\"name\":\"Inicio\",\"item\":\"https:\\\/\\\/fuentesfidedignas.com.mx\\\/\"},{\"@type\":\"ListItem\",\"position\":2,\"name\":\"Reprobable la actitud del juez y de la Fiscal\u00eda, denuncia abogado del rector de la UAS\"}]},{\"@type\":\"WebSite\",\"@id\":\"https:\\\/\\\/fuentesfidedignas.com.mx\\\/#website\",\"url\":\"https:\\\/\\\/fuentesfidedignas.com.mx\\\/\",\"name\":\"Fuentes Fidedignas\",\"description\":\"Otro sitio realizado con WordPress\",\"publisher\":{\"@id\":\"https:\\\/\\\/fuentesfidedignas.com.mx\\\/#organization\"},\"potentialAction\":[{\"@type\":\"SearchAction\",\"target\":{\"@type\":\"EntryPoint\",\"urlTemplate\":\"https:\\\/\\\/fuentesfidedignas.com.mx\\\/?s={search_term_string}\"},\"query-input\":{\"@type\":\"PropertyValueSpecification\",\"valueRequired\":true,\"valueName\":\"search_term_string\"}}],\"inLanguage\":\"es\"},{\"@type\":\"Organization\",\"@id\":\"https:\\\/\\\/fuentesfidedignas.com.mx\\\/#organization\",\"name\":\"Fuentes Fidedignas\",\"url\":\"https:\\\/\\\/fuentesfidedignas.com.mx\\\/\",\"logo\":{\"@type\":\"ImageObject\",\"inLanguage\":\"es\",\"@id\":\"https:\\\/\\\/fuentesfidedignas.com.mx\\\/#\\\/schema\\\/logo\\\/image\\\/\",\"url\":\"https:\\\/\\\/fuentesfidedignas.com.mx\\\/wp-content\\\/uploads\\\/2021\\\/04\\\/logo-retina.png\",\"contentUrl\":\"https:\\\/\\\/fuentesfidedignas.com.mx\\\/wp-content\\\/uploads\\\/2021\\\/04\\\/logo-retina.png\",\"width\":280,\"height\":51,\"caption\":\"Fuentes Fidedignas\"},\"image\":{\"@id\":\"https:\\\/\\\/fuentesfidedignas.com.mx\\\/#\\\/schema\\\/logo\\\/image\\\/\"},\"sameAs\":[\"https:\\\/\\\/www.facebook.com\\\/Fuentes-Fidedignas-368234489921644\",\"https:\\\/\\\/x.com\\\/fidedignas\"]},{\"@type\":\"Person\",\"@id\":\"https:\\\/\\\/fuentesfidedignas.com.mx\\\/#\\\/schema\\\/person\\\/331be9283d37198e2acd5750279085b0\",\"name\":\"Redacci\u00f3n\",\"image\":{\"@type\":\"ImageObject\",\"inLanguage\":\"es\",\"@id\":\"https:\\\/\\\/secure.gravatar.com\\\/avatar\\\/f6d8782c11d12b2d4ad3fbb6931aeab5309937a4d6cd2fc9cfaa28a6396a5aec?s=96&d=mm&r=g\",\"url\":\"https:\\\/\\\/secure.gravatar.com\\\/avatar\\\/f6d8782c11d12b2d4ad3fbb6931aeab5309937a4d6cd2fc9cfaa28a6396a5aec?s=96&d=mm&r=g\",\"contentUrl\":\"https:\\\/\\\/secure.gravatar.com\\\/avatar\\\/f6d8782c11d12b2d4ad3fbb6931aeab5309937a4d6cd2fc9cfaa28a6396a5aec?s=96&d=mm&r=g\",\"caption\":\"Redacci\u00f3n\"},\"url\":\"https:\\\/\\\/fuentesfidedignas.com.mx\\\/index.php\\\/author\\\/redaccion\\\/\"}]}<\/script>\n<!-- \/ Yoast SEO plugin. -->","yoast_head_json":{"title":"Reprobable la actitud del juez y de la Fiscal\u00eda, denuncia abogado del rector de la UAS - Fuentes Fidedignas","robots":{"index":"index","follow":"follow","max-snippet":"max-snippet:-1","max-image-preview":"max-image-preview:large","max-video-preview":"max-video-preview:-1"},"canonical":"https:\/\/fuentesfidedignas.com.mx\/index.php\/2023\/10\/17\/reprobable-la-actitud-del-juez-y-de-la-fiscalia-denuncia-abogado-del-rector-de-la-uas\/","og_locale":"es_MX","og_type":"article","og_title":"Reprobable la actitud del juez y de la Fiscal\u00eda, denuncia abogado del rector de la UAS - Fuentes Fidedignas","og_description":"El abogado defensor Milton Ayala manifest\u00f3 estar muy molesto al ver que, a pesar del cambio de juez, sigan actuando con la misma parcialidad Culiac\u00e1n, Sin.- Durante el receso de dos horas que otorg\u00f3 el juez Carlos Alberto Herrera en la audiencia del Rector de la Universidad Aut\u00f3noma de Sinaloa (UAS), doctor Jes\u00fas Madue\u00f1a Molina [&hellip;]","og_url":"https:\/\/fuentesfidedignas.com.mx\/index.php\/2023\/10\/17\/reprobable-la-actitud-del-juez-y-de-la-fiscalia-denuncia-abogado-del-rector-de-la-uas\/","og_site_name":"Fuentes Fidedignas","article_publisher":"https:\/\/www.facebook.com\/Fuentes-Fidedignas-368234489921644","article_published_time":"2023-10-18T02:11:57+00:00","article_modified_time":"2023-10-18T04:12:00+00:00","og_image":[{"width":1599,"height":1066,"url":"https:\/\/fuentesfidedignas.com.mx\/wp-content\/uploads\/2023\/10\/ABOGADOS-2-2.jpeg","type":"image\/jpeg"}],"author":"Redacci\u00f3n","twitter_card":"summary_large_image","twitter_creator":"@fidedignas","twitter_site":"@fidedignas","twitter_misc":{"Escrito por":"Redacci\u00f3n","Tiempo de lectura":"2 minutos"},"schema":{"@context":"https:\/\/schema.org","@graph":[{"@type":"Article","@id":"https:\/\/fuentesfidedignas.com.mx\/index.php\/2023\/10\/17\/reprobable-la-actitud-del-juez-y-de-la-fiscalia-denuncia-abogado-del-rector-de-la-uas\/#article","isPartOf":{"@id":"https:\/\/fuentesfidedignas.com.mx\/index.php\/2023\/10\/17\/reprobable-la-actitud-del-juez-y-de-la-fiscalia-denuncia-abogado-del-rector-de-la-uas\/"},"author":{"name":"Redacci\u00f3n","@id":"https:\/\/fuentesfidedignas.com.mx\/#\/schema\/person\/331be9283d37198e2acd5750279085b0"},"headline":"Reprobable la actitud del juez y de la Fiscal\u00eda, denuncia abogado del rector de la UAS","datePublished":"2023-10-18T02:11:57+00:00","dateModified":"2023-10-18T04:12:00+00:00","mainEntityOfPage":{"@id":"https:\/\/fuentesfidedignas.com.mx\/index.php\/2023\/10\/17\/reprobable-la-actitud-del-juez-y-de-la-fiscalia-denuncia-abogado-del-rector-de-la-uas\/"},"wordCount":413,"commentCount":0,"publisher":{"@id":"https:\/\/fuentesfidedignas.com.mx\/#organization"},"image":{"@id":"https:\/\/fuentesfidedignas.com.mx\/index.php\/2023\/10\/17\/reprobable-la-actitud-del-juez-y-de-la-fiscalia-denuncia-abogado-del-rector-de-la-uas\/#primaryimage"},"thumbnailUrl":"https:\/\/fuentesfidedignas.com.mx\/wp-content\/uploads\/2023\/10\/ABOGADOS-2-2.jpeg","inLanguage":"es","potentialAction":[{"@type":"CommentAction","name":"Comment","target":["https:\/\/fuentesfidedignas.com.mx\/index.php\/2023\/10\/17\/reprobable-la-actitud-del-juez-y-de-la-fiscalia-denuncia-abogado-del-rector-de-la-uas\/#respond"]}]},{"@type":"WebPage","@id":"https:\/\/fuentesfidedignas.com.mx\/index.php\/2023\/10\/17\/reprobable-la-actitud-del-juez-y-de-la-fiscalia-denuncia-abogado-del-rector-de-la-uas\/","url":"https:\/\/fuentesfidedignas.com.mx\/index.php\/2023\/10\/17\/reprobable-la-actitud-del-juez-y-de-la-fiscalia-denuncia-abogado-del-rector-de-la-uas\/","name":"Reprobable la actitud del juez y de la Fiscal\u00eda, denuncia abogado del rector de la UAS - Fuentes Fidedignas","isPartOf":{"@id":"https:\/\/fuentesfidedignas.com.mx\/#website"},"primaryImageOfPage":{"@id":"https:\/\/fuentesfidedignas.com.mx\/index.php\/2023\/10\/17\/reprobable-la-actitud-del-juez-y-de-la-fiscalia-denuncia-abogado-del-rector-de-la-uas\/#primaryimage"},"image":{"@id":"https:\/\/fuentesfidedignas.com.mx\/index.php\/2023\/10\/17\/reprobable-la-actitud-del-juez-y-de-la-fiscalia-denuncia-abogado-del-rector-de-la-uas\/#primaryimage"},"thumbnailUrl":"https:\/\/fuentesfidedignas.com.mx\/wp-content\/uploads\/2023\/10\/ABOGADOS-2-2.jpeg","datePublished":"2023-10-18T02:11:57+00:00","dateModified":"2023-10-18T04:12:00+00:00","breadcrumb":{"@id":"https:\/\/fuentesfidedignas.com.mx\/index.php\/2023\/10\/17\/reprobable-la-actitud-del-juez-y-de-la-fiscalia-denuncia-abogado-del-rector-de-la-uas\/#breadcrumb"},"inLanguage":"es","potentialAction":[{"@type":"ReadAction","target":["https:\/\/fuentesfidedignas.com.mx\/index.php\/2023\/10\/17\/reprobable-la-actitud-del-juez-y-de-la-fiscalia-denuncia-abogado-del-rector-de-la-uas\/"]}]},{"@type":"ImageObject","inLanguage":"es","@id":"https:\/\/fuentesfidedignas.com.mx\/index.php\/2023\/10\/17\/reprobable-la-actitud-del-juez-y-de-la-fiscalia-denuncia-abogado-del-rector-de-la-uas\/#primaryimage","url":"https:\/\/fuentesfidedignas.com.mx\/wp-content\/uploads\/2023\/10\/ABOGADOS-2-2.jpeg","contentUrl":"https:\/\/fuentesfidedignas.com.mx\/wp-content\/uploads\/2023\/10\/ABOGADOS-2-2.jpeg","width":1599,"height":1066},{"@type":"BreadcrumbList","@id":"https:\/\/fuentesfidedignas.com.mx\/index.php\/2023\/10\/17\/reprobable-la-actitud-del-juez-y-de-la-fiscalia-denuncia-abogado-del-rector-de-la-uas\/#breadcrumb","itemListElement":[{"@type":"ListItem","position":1,"name":"Inicio","item":"https:\/\/fuentesfidedignas.com.mx\/"},{"@type":"ListItem","position":2,"name":"Reprobable la actitud del juez y de la Fiscal\u00eda, denuncia abogado del rector de la UAS"}]},{"@type":"WebSite","@id":"https:\/\/fuentesfidedignas.com.mx\/#website","url":"https:\/\/fuentesfidedignas.com.mx\/","name":"Fuentes Fidedignas","description":"Otro sitio realizado con WordPress","publisher":{"@id":"https:\/\/fuentesfidedignas.com.mx\/#organization"},"potentialAction":[{"@type":"SearchAction","target":{"@type":"EntryPoint","urlTemplate":"https:\/\/fuentesfidedignas.com.mx\/?s={search_term_string}"},"query-input":{"@type":"PropertyValueSpecification","valueRequired":true,"valueName":"search_term_string"}}],"inLanguage":"es"},{"@type":"Organization","@id":"https:\/\/fuentesfidedignas.com.mx\/#organization","name":"Fuentes Fidedignas","url":"https:\/\/fuentesfidedignas.com.mx\/","logo":{"@type":"ImageObject","inLanguage":"es","@id":"https:\/\/fuentesfidedignas.com.mx\/#\/schema\/logo\/image\/","url":"https:\/\/fuentesfidedignas.com.mx\/wp-content\/uploads\/2021\/04\/logo-retina.png","contentUrl":"https:\/\/fuentesfidedignas.com.mx\/wp-content\/uploads\/2021\/04\/logo-retina.png","width":280,"height":51,"caption":"Fuentes Fidedignas"},"image":{"@id":"https:\/\/fuentesfidedignas.com.mx\/#\/schema\/logo\/image\/"},"sameAs":["https:\/\/www.facebook.com\/Fuentes-Fidedignas-368234489921644","https:\/\/x.com\/fidedignas"]},{"@type":"Person","@id":"https:\/\/fuentesfidedignas.com.mx\/#\/schema\/person\/331be9283d37198e2acd5750279085b0","name":"Redacci\u00f3n","image":{"@type":"ImageObject","inLanguage":"es","@id":"https:\/\/secure.gravatar.com\/avatar\/f6d8782c11d12b2d4ad3fbb6931aeab5309937a4d6cd2fc9cfaa28a6396a5aec?s=96&d=mm&r=g","url":"https:\/\/secure.gravatar.com\/avatar\/f6d8782c11d12b2d4ad3fbb6931aeab5309937a4d6cd2fc9cfaa28a6396a5aec?s=96&d=mm&r=g","contentUrl":"https:\/\/secure.gravatar.com\/avatar\/f6d8782c11d12b2d4ad3fbb6931aeab5309937a4d6cd2fc9cfaa28a6396a5aec?s=96&d=mm&r=g","caption":"Redacci\u00f3n"},"url":"https:\/\/fuentesfidedignas.com.mx\/index.php\/author\/redaccion\/"}]}},"_links":{"self":[{"href":"https:\/\/fuentesfidedignas.com.mx\/index.php\/wp-json\/wp\/v2\/posts\/62772","targetHints":{"allow":["GET"]}}],"collection":[{"href":"https:\/\/fuentesfidedignas.com.mx\/index.php\/wp-json\/wp\/v2\/posts"}],"about":[{"href":"https:\/\/fuentesfidedignas.com.mx\/index.php\/wp-json\/wp\/v2\/types\/post"}],"author":[{"embeddable":true,"href":"https:\/\/fuentesfidedignas.com.mx\/index.php\/wp-json\/wp\/v2\/users\/4"}],"replies":[{"embeddable":true,"href":"https:\/\/fuentesfidedignas.com.mx\/index.php\/wp-json\/wp\/v2\/comments?post=62772"}],"version-history":[{"count":1,"href":"https:\/\/fuentesfidedignas.com.mx\/index.php\/wp-json\/wp\/v2\/posts\/62772\/revisions"}],"predecessor-version":[{"id":62774,"href":"https:\/\/fuentesfidedignas.com.mx\/index.php\/wp-json\/wp\/v2\/posts\/62772\/revisions\/62774"}],"wp:featuredmedia":[{"embeddable":true,"href":"https:\/\/fuentesfidedignas.com.mx\/index.php\/wp-json\/wp\/v2\/media\/62773"}],"wp:attachment":[{"href":"https:\/\/fuentesfidedignas.com.mx\/index.php\/wp-json\/wp\/v2\/media?parent=62772"}],"wp:term":[{"taxonomy":"category","embeddable":true,"href":"https:\/\/fuentesfidedignas.com.mx\/index.php\/wp-json\/wp\/v2\/categories?post=62772"},{"taxonomy":"post_tag","embeddable":true,"href":"https:\/\/fuentesfidedignas.com.mx\/index.php\/wp-json\/wp\/v2\/tags?post=62772"}],"curies":[{"name":"wp","href":"https:\/\/api.w.org\/{rel}","templated":true}]}}