{"id":62726,"date":"2023-10-17T14:20:51","date_gmt":"2023-10-17T21:20:51","guid":{"rendered":"https:\/\/fuentesfidedignas.com.mx\/?p=62726"},"modified":"2023-10-17T14:25:20","modified_gmt":"2023-10-17T21:25:20","slug":"memorias-del-primer-culiacanazo","status":"publish","type":"post","link":"https:\/\/fuentesfidedignas.com.mx\/index.php\/2023\/10\/17\/memorias-del-primer-culiacanazo\/","title":{"rendered":"Memorias del primer \u2018Culiacanazo\u2019"},"content":{"rendered":"\n<p>Hace cuatro a\u00f1os, ni\u00f1os y adultos, ricos y pobres, absolutamente todos fuimos moneda de cambio para el narcoestado; rehenes de una horrible realidad. Narcoterrorismo sembrado p\u00e1nico ante autoridades (estatales y federales) silenciadas ante el estruendo de las explosiones y las balas.<\/p>\n\n\n\n<p>Los peque\u00f1os sal\u00edan de clases y algunos adultos sal\u00edamos del trabajo, era la hora pico del 17 de octubre cuando inicio el infierno.&nbsp;Durante m\u00e1s de 4 horas, las fuerzas de seguridad lograron capturar Ovidio Guzm\u00e1n, hijo de \u2018El Chapo\u2019, se enfrentaron a integrantes del C\u00e1rtel de Sinaloa y, finalmente, fueron instruidos a dejarlo en libertad a causa de la ola de violencia que se desat\u00f3 en lo que ahora conocemos como el \u2018Culiacanazo\u2019.<\/p>\n\n\n\n<p>Ese d\u00eda le rogu\u00e9 a Dios. A pesar de considerarme atea, el p\u00e1nico me oblig\u00f3 a rogar a lo que fuera para que mis seres queridos estuvieran a salgo y parara el caos que estaba viviendo Culiac\u00e1n, porque las personas honoradas nunca deben vivir algo similar. Cientos de inocentes fuimos testigos de c\u00f3mo el c\u00e1ncer del narcotr\u00e1fico nos tiene invadidos; familias corriendo por sus vidas, gente trabajadora, estudiantes y ni\u00f1os buscando d\u00f3nde resguardarse, siendo testigos de algo que jam\u00e1s deben ver.<\/p>\n\n\n\n<p>Ese <strong>&#8220;Jueves Negro&#8221;<\/strong>, el miedo se apoder\u00f3 de m\u00ed, mis manos no paran de temblar, la impotencia me invadi\u00f3 al saber que mis sobrinos al igual que otros ni\u00f1os fueron testigos de la inmundicia del ser humano. Rogu\u00e9 para que lo de ese d\u00eda jam\u00e1s se volviera a repetir.<\/p>\n\n\n\n<p>La detenci\u00f3n y posterior liberaci\u00f3n de&nbsp;<em>El Rat\u00f3n&nbsp;<\/em>dej\u00f3 un saldo de&nbsp;<strong>ocho muertos&nbsp;<\/strong>\u2015cuatro civiles, militares y elementos del crimen organizado\u2015, al menos 21 heridos, cerca de una veintena de bloqueos de calles y carreteras, catorce enfrentamientos y tambi\u00e9n provoc\u00f3 la&nbsp;<strong>fuga de 51 internos<\/strong>&nbsp;del Centro Penitenciario de Aguaruto.<\/p>\n\n\n\n<p>Lamentablemente, no fue la \u00fanica vez, en un segundo operativo que s\u00ed culmin\u00f3 con la detenci\u00f3n y posterior extradici\u00f3n de Ovidio Guzm\u00e1n a Estados Unidos, se llev\u00f3 a cabo el&nbsp;<strong>5 de enero de 2023&nbsp;<\/strong>en el poblado de&nbsp;<strong>Jes\u00fas Mar\u00eda<\/strong>,&nbsp;<strong>Culiac\u00e1n<\/strong>, mismo que dej\u00f3 un saldo de 29 muertos: 10 militares y 19 presuntos integrantes del grupo criminal.<\/p>\n","protected":false},"excerpt":{"rendered":"<p>Hace cuatro a\u00f1os, ni\u00f1os y adultos, ricos y pobres, absolutamente todos fuimos moneda de cambio para el narcoestado; rehenes de una horrible realidad. Narcoterrorismo sembrado p\u00e1nico ante autoridades (estatales y federales) silenciadas ante el estruendo de las explosiones y las balas. Los peque\u00f1os sal\u00edan de clases y algunos adultos sal\u00edamos del trabajo, era la hora [&hellip;]<\/p>\n","protected":false},"author":11,"featured_media":62727,"comment_status":"open","ping_status":"open","sticky":false,"template":"","format":"standard","meta":{"tdm_status":"","tdm_grid_status":"","footnotes":""},"categories":[3064,2772],"tags":[],"class_list":{"0":"post-62726","1":"post","2":"type-post","3":"status-publish","4":"format-standard","5":"has-post-thumbnail","7":"category-columnas","8":"category-vis-a-vis"},"yoast_head":"<!-- This site is optimized with the Yoast SEO plugin v27.5 - https:\/\/yoast.com\/product\/yoast-seo-wordpress\/ -->\n<title>Memorias del primer \u2018Culiacanazo\u2019 - Fuentes Fidedignas<\/title>\n<meta name=\"robots\" content=\"index, follow, max-snippet:-1, max-image-preview:large, max-video-preview:-1\" \/>\n<link rel=\"canonical\" href=\"https:\/\/fuentesfidedignas.com.mx\/index.php\/2023\/10\/17\/memorias-del-primer-culiacanazo\/\" \/>\n<meta property=\"og:locale\" content=\"es_MX\" \/>\n<meta property=\"og:type\" content=\"article\" \/>\n<meta property=\"og:title\" content=\"Memorias del primer \u2018Culiacanazo\u2019 - Fuentes Fidedignas\" \/>\n<meta property=\"og:description\" content=\"Hace cuatro a\u00f1os, ni\u00f1os y adultos, ricos y pobres, absolutamente todos fuimos moneda de cambio para el narcoestado; rehenes de una horrible realidad. Narcoterrorismo sembrado p\u00e1nico ante autoridades (estatales y federales) silenciadas ante el estruendo de las explosiones y las balas. Los peque\u00f1os sal\u00edan de clases y algunos adultos sal\u00edamos del trabajo, era la hora [&hellip;]\" \/>\n<meta property=\"og:url\" content=\"https:\/\/fuentesfidedignas.com.mx\/index.php\/2023\/10\/17\/memorias-del-primer-culiacanazo\/\" \/>\n<meta property=\"og:site_name\" content=\"Fuentes Fidedignas\" \/>\n<meta property=\"article:publisher\" content=\"https:\/\/www.facebook.com\/Fuentes-Fidedignas-368234489921644\" \/>\n<meta property=\"article:published_time\" content=\"2023-10-17T21:20:51+00:00\" \/>\n<meta property=\"article:modified_time\" content=\"2023-10-17T21:25:20+00:00\" \/>\n<meta property=\"og:image\" content=\"https:\/\/fuentesfidedignas.com.mx\/wp-content\/uploads\/2023\/10\/72835367_10157622837855295_460819376333914112_n.jpg\" \/>\n\t<meta property=\"og:image:width\" content=\"960\" \/>\n\t<meta property=\"og:image:height\" content=\"794\" \/>\n\t<meta property=\"og:image:type\" content=\"image\/jpeg\" \/>\n<meta name=\"author\" content=\"Marissa Palafox\" \/>\n<meta name=\"twitter:card\" content=\"summary_large_image\" \/>\n<meta name=\"twitter:creator\" content=\"@fidedignas\" \/>\n<meta name=\"twitter:site\" content=\"@fidedignas\" \/>\n<meta name=\"twitter:label1\" content=\"Escrito por\" \/>\n\t<meta name=\"twitter:data1\" content=\"Marissa Palafox\" \/>\n\t<meta name=\"twitter:label2\" content=\"Tiempo de lectura\" \/>\n\t<meta name=\"twitter:data2\" content=\"2 minutos\" \/>\n<script type=\"application\/ld+json\" class=\"yoast-schema-graph\">{\"@context\":\"https:\\\/\\\/schema.org\",\"@graph\":[{\"@type\":\"Article\",\"@id\":\"https:\\\/\\\/fuentesfidedignas.com.mx\\\/index.php\\\/2023\\\/10\\\/17\\\/memorias-del-primer-culiacanazo\\\/#article\",\"isPartOf\":{\"@id\":\"https:\\\/\\\/fuentesfidedignas.com.mx\\\/index.php\\\/2023\\\/10\\\/17\\\/memorias-del-primer-culiacanazo\\\/\"},\"author\":{\"name\":\"Marissa Palafox\",\"@id\":\"https:\\\/\\\/fuentesfidedignas.com.mx\\\/#\\\/schema\\\/person\\\/2c10028b4a30078c05a056a215342ab9\"},\"headline\":\"Memorias del primer \u2018Culiacanazo\u2019\",\"datePublished\":\"2023-10-17T21:20:51+00:00\",\"dateModified\":\"2023-10-17T21:25:20+00:00\",\"mainEntityOfPage\":{\"@id\":\"https:\\\/\\\/fuentesfidedignas.com.mx\\\/index.php\\\/2023\\\/10\\\/17\\\/memorias-del-primer-culiacanazo\\\/\"},\"wordCount\":392,\"commentCount\":0,\"publisher\":{\"@id\":\"https:\\\/\\\/fuentesfidedignas.com.mx\\\/#organization\"},\"image\":{\"@id\":\"https:\\\/\\\/fuentesfidedignas.com.mx\\\/index.php\\\/2023\\\/10\\\/17\\\/memorias-del-primer-culiacanazo\\\/#primaryimage\"},\"thumbnailUrl\":\"https:\\\/\\\/fuentesfidedignas.com.mx\\\/wp-content\\\/uploads\\\/2023\\\/10\\\/72835367_10157622837855295_460819376333914112_n.jpg\",\"articleSection\":[\"COLUMNAS\",\"VIS \u00c0 VIS\"],\"inLanguage\":\"es\",\"potentialAction\":[{\"@type\":\"CommentAction\",\"name\":\"Comment\",\"target\":[\"https:\\\/\\\/fuentesfidedignas.com.mx\\\/index.php\\\/2023\\\/10\\\/17\\\/memorias-del-primer-culiacanazo\\\/#respond\"]}]},{\"@type\":\"WebPage\",\"@id\":\"https:\\\/\\\/fuentesfidedignas.com.mx\\\/index.php\\\/2023\\\/10\\\/17\\\/memorias-del-primer-culiacanazo\\\/\",\"url\":\"https:\\\/\\\/fuentesfidedignas.com.mx\\\/index.php\\\/2023\\\/10\\\/17\\\/memorias-del-primer-culiacanazo\\\/\",\"name\":\"Memorias del primer \u2018Culiacanazo\u2019 - Fuentes Fidedignas\",\"isPartOf\":{\"@id\":\"https:\\\/\\\/fuentesfidedignas.com.mx\\\/#website\"},\"primaryImageOfPage\":{\"@id\":\"https:\\\/\\\/fuentesfidedignas.com.mx\\\/index.php\\\/2023\\\/10\\\/17\\\/memorias-del-primer-culiacanazo\\\/#primaryimage\"},\"image\":{\"@id\":\"https:\\\/\\\/fuentesfidedignas.com.mx\\\/index.php\\\/2023\\\/10\\\/17\\\/memorias-del-primer-culiacanazo\\\/#primaryimage\"},\"thumbnailUrl\":\"https:\\\/\\\/fuentesfidedignas.com.mx\\\/wp-content\\\/uploads\\\/2023\\\/10\\\/72835367_10157622837855295_460819376333914112_n.jpg\",\"datePublished\":\"2023-10-17T21:20:51+00:00\",\"dateModified\":\"2023-10-17T21:25:20+00:00\",\"breadcrumb\":{\"@id\":\"https:\\\/\\\/fuentesfidedignas.com.mx\\\/index.php\\\/2023\\\/10\\\/17\\\/memorias-del-primer-culiacanazo\\\/#breadcrumb\"},\"inLanguage\":\"es\",\"potentialAction\":[{\"@type\":\"ReadAction\",\"target\":[\"https:\\\/\\\/fuentesfidedignas.com.mx\\\/index.php\\\/2023\\\/10\\\/17\\\/memorias-del-primer-culiacanazo\\\/\"]}]},{\"@type\":\"ImageObject\",\"inLanguage\":\"es\",\"@id\":\"https:\\\/\\\/fuentesfidedignas.com.mx\\\/index.php\\\/2023\\\/10\\\/17\\\/memorias-del-primer-culiacanazo\\\/#primaryimage\",\"url\":\"https:\\\/\\\/fuentesfidedignas.com.mx\\\/wp-content\\\/uploads\\\/2023\\\/10\\\/72835367_10157622837855295_460819376333914112_n.jpg\",\"contentUrl\":\"https:\\\/\\\/fuentesfidedignas.com.mx\\\/wp-content\\\/uploads\\\/2023\\\/10\\\/72835367_10157622837855295_460819376333914112_n.jpg\",\"width\":960,\"height\":794},{\"@type\":\"BreadcrumbList\",\"@id\":\"https:\\\/\\\/fuentesfidedignas.com.mx\\\/index.php\\\/2023\\\/10\\\/17\\\/memorias-del-primer-culiacanazo\\\/#breadcrumb\",\"itemListElement\":[{\"@type\":\"ListItem\",\"position\":1,\"name\":\"Inicio\",\"item\":\"https:\\\/\\\/fuentesfidedignas.com.mx\\\/\"},{\"@type\":\"ListItem\",\"position\":2,\"name\":\"Memorias del primer \u2018Culiacanazo\u2019\"}]},{\"@type\":\"WebSite\",\"@id\":\"https:\\\/\\\/fuentesfidedignas.com.mx\\\/#website\",\"url\":\"https:\\\/\\\/fuentesfidedignas.com.mx\\\/\",\"name\":\"Fuentes Fidedignas\",\"description\":\"Otro sitio realizado con WordPress\",\"publisher\":{\"@id\":\"https:\\\/\\\/fuentesfidedignas.com.mx\\\/#organization\"},\"potentialAction\":[{\"@type\":\"SearchAction\",\"target\":{\"@type\":\"EntryPoint\",\"urlTemplate\":\"https:\\\/\\\/fuentesfidedignas.com.mx\\\/?s={search_term_string}\"},\"query-input\":{\"@type\":\"PropertyValueSpecification\",\"valueRequired\":true,\"valueName\":\"search_term_string\"}}],\"inLanguage\":\"es\"},{\"@type\":\"Organization\",\"@id\":\"https:\\\/\\\/fuentesfidedignas.com.mx\\\/#organization\",\"name\":\"Fuentes Fidedignas\",\"url\":\"https:\\\/\\\/fuentesfidedignas.com.mx\\\/\",\"logo\":{\"@type\":\"ImageObject\",\"inLanguage\":\"es\",\"@id\":\"https:\\\/\\\/fuentesfidedignas.com.mx\\\/#\\\/schema\\\/logo\\\/image\\\/\",\"url\":\"https:\\\/\\\/fuentesfidedignas.com.mx\\\/wp-content\\\/uploads\\\/2021\\\/04\\\/logo-retina.png\",\"contentUrl\":\"https:\\\/\\\/fuentesfidedignas.com.mx\\\/wp-content\\\/uploads\\\/2021\\\/04\\\/logo-retina.png\",\"width\":280,\"height\":51,\"caption\":\"Fuentes Fidedignas\"},\"image\":{\"@id\":\"https:\\\/\\\/fuentesfidedignas.com.mx\\\/#\\\/schema\\\/logo\\\/image\\\/\"},\"sameAs\":[\"https:\\\/\\\/www.facebook.com\\\/Fuentes-Fidedignas-368234489921644\",\"https:\\\/\\\/x.com\\\/fidedignas\"]},{\"@type\":\"Person\",\"@id\":\"https:\\\/\\\/fuentesfidedignas.com.mx\\\/#\\\/schema\\\/person\\\/2c10028b4a30078c05a056a215342ab9\",\"name\":\"Marissa Palafox\",\"image\":{\"@type\":\"ImageObject\",\"inLanguage\":\"es\",\"@id\":\"https:\\\/\\\/secure.gravatar.com\\\/avatar\\\/20a43bdb2f2db10f20b22d4e98b96eb027faf98f7f76d29854dc5fab46d1cf71?s=96&d=mm&r=g\",\"url\":\"https:\\\/\\\/secure.gravatar.com\\\/avatar\\\/20a43bdb2f2db10f20b22d4e98b96eb027faf98f7f76d29854dc5fab46d1cf71?s=96&d=mm&r=g\",\"contentUrl\":\"https:\\\/\\\/secure.gravatar.com\\\/avatar\\\/20a43bdb2f2db10f20b22d4e98b96eb027faf98f7f76d29854dc5fab46d1cf71?s=96&d=mm&r=g\",\"caption\":\"Marissa Palafox\"},\"url\":\"https:\\\/\\\/fuentesfidedignas.com.mx\\\/index.php\\\/author\\\/marissa\\\/\"}]}<\/script>\n<!-- \/ Yoast SEO plugin. -->","yoast_head_json":{"title":"Memorias del primer \u2018Culiacanazo\u2019 - Fuentes Fidedignas","robots":{"index":"index","follow":"follow","max-snippet":"max-snippet:-1","max-image-preview":"max-image-preview:large","max-video-preview":"max-video-preview:-1"},"canonical":"https:\/\/fuentesfidedignas.com.mx\/index.php\/2023\/10\/17\/memorias-del-primer-culiacanazo\/","og_locale":"es_MX","og_type":"article","og_title":"Memorias del primer \u2018Culiacanazo\u2019 - Fuentes Fidedignas","og_description":"Hace cuatro a\u00f1os, ni\u00f1os y adultos, ricos y pobres, absolutamente todos fuimos moneda de cambio para el narcoestado; rehenes de una horrible realidad. Narcoterrorismo sembrado p\u00e1nico ante autoridades (estatales y federales) silenciadas ante el estruendo de las explosiones y las balas. Los peque\u00f1os sal\u00edan de clases y algunos adultos sal\u00edamos del trabajo, era la hora [&hellip;]","og_url":"https:\/\/fuentesfidedignas.com.mx\/index.php\/2023\/10\/17\/memorias-del-primer-culiacanazo\/","og_site_name":"Fuentes Fidedignas","article_publisher":"https:\/\/www.facebook.com\/Fuentes-Fidedignas-368234489921644","article_published_time":"2023-10-17T21:20:51+00:00","article_modified_time":"2023-10-17T21:25:20+00:00","og_image":[{"width":960,"height":794,"url":"https:\/\/fuentesfidedignas.com.mx\/wp-content\/uploads\/2023\/10\/72835367_10157622837855295_460819376333914112_n.jpg","type":"image\/jpeg"}],"author":"Marissa Palafox","twitter_card":"summary_large_image","twitter_creator":"@fidedignas","twitter_site":"@fidedignas","twitter_misc":{"Escrito por":"Marissa Palafox","Tiempo de lectura":"2 minutos"},"schema":{"@context":"https:\/\/schema.org","@graph":[{"@type":"Article","@id":"https:\/\/fuentesfidedignas.com.mx\/index.php\/2023\/10\/17\/memorias-del-primer-culiacanazo\/#article","isPartOf":{"@id":"https:\/\/fuentesfidedignas.com.mx\/index.php\/2023\/10\/17\/memorias-del-primer-culiacanazo\/"},"author":{"name":"Marissa Palafox","@id":"https:\/\/fuentesfidedignas.com.mx\/#\/schema\/person\/2c10028b4a30078c05a056a215342ab9"},"headline":"Memorias del primer \u2018Culiacanazo\u2019","datePublished":"2023-10-17T21:20:51+00:00","dateModified":"2023-10-17T21:25:20+00:00","mainEntityOfPage":{"@id":"https:\/\/fuentesfidedignas.com.mx\/index.php\/2023\/10\/17\/memorias-del-primer-culiacanazo\/"},"wordCount":392,"commentCount":0,"publisher":{"@id":"https:\/\/fuentesfidedignas.com.mx\/#organization"},"image":{"@id":"https:\/\/fuentesfidedignas.com.mx\/index.php\/2023\/10\/17\/memorias-del-primer-culiacanazo\/#primaryimage"},"thumbnailUrl":"https:\/\/fuentesfidedignas.com.mx\/wp-content\/uploads\/2023\/10\/72835367_10157622837855295_460819376333914112_n.jpg","articleSection":["COLUMNAS","VIS \u00c0 VIS"],"inLanguage":"es","potentialAction":[{"@type":"CommentAction","name":"Comment","target":["https:\/\/fuentesfidedignas.com.mx\/index.php\/2023\/10\/17\/memorias-del-primer-culiacanazo\/#respond"]}]},{"@type":"WebPage","@id":"https:\/\/fuentesfidedignas.com.mx\/index.php\/2023\/10\/17\/memorias-del-primer-culiacanazo\/","url":"https:\/\/fuentesfidedignas.com.mx\/index.php\/2023\/10\/17\/memorias-del-primer-culiacanazo\/","name":"Memorias del primer \u2018Culiacanazo\u2019 - Fuentes Fidedignas","isPartOf":{"@id":"https:\/\/fuentesfidedignas.com.mx\/#website"},"primaryImageOfPage":{"@id":"https:\/\/fuentesfidedignas.com.mx\/index.php\/2023\/10\/17\/memorias-del-primer-culiacanazo\/#primaryimage"},"image":{"@id":"https:\/\/fuentesfidedignas.com.mx\/index.php\/2023\/10\/17\/memorias-del-primer-culiacanazo\/#primaryimage"},"thumbnailUrl":"https:\/\/fuentesfidedignas.com.mx\/wp-content\/uploads\/2023\/10\/72835367_10157622837855295_460819376333914112_n.jpg","datePublished":"2023-10-17T21:20:51+00:00","dateModified":"2023-10-17T21:25:20+00:00","breadcrumb":{"@id":"https:\/\/fuentesfidedignas.com.mx\/index.php\/2023\/10\/17\/memorias-del-primer-culiacanazo\/#breadcrumb"},"inLanguage":"es","potentialAction":[{"@type":"ReadAction","target":["https:\/\/fuentesfidedignas.com.mx\/index.php\/2023\/10\/17\/memorias-del-primer-culiacanazo\/"]}]},{"@type":"ImageObject","inLanguage":"es","@id":"https:\/\/fuentesfidedignas.com.mx\/index.php\/2023\/10\/17\/memorias-del-primer-culiacanazo\/#primaryimage","url":"https:\/\/fuentesfidedignas.com.mx\/wp-content\/uploads\/2023\/10\/72835367_10157622837855295_460819376333914112_n.jpg","contentUrl":"https:\/\/fuentesfidedignas.com.mx\/wp-content\/uploads\/2023\/10\/72835367_10157622837855295_460819376333914112_n.jpg","width":960,"height":794},{"@type":"BreadcrumbList","@id":"https:\/\/fuentesfidedignas.com.mx\/index.php\/2023\/10\/17\/memorias-del-primer-culiacanazo\/#breadcrumb","itemListElement":[{"@type":"ListItem","position":1,"name":"Inicio","item":"https:\/\/fuentesfidedignas.com.mx\/"},{"@type":"ListItem","position":2,"name":"Memorias del primer \u2018Culiacanazo\u2019"}]},{"@type":"WebSite","@id":"https:\/\/fuentesfidedignas.com.mx\/#website","url":"https:\/\/fuentesfidedignas.com.mx\/","name":"Fuentes Fidedignas","description":"Otro sitio realizado con WordPress","publisher":{"@id":"https:\/\/fuentesfidedignas.com.mx\/#organization"},"potentialAction":[{"@type":"SearchAction","target":{"@type":"EntryPoint","urlTemplate":"https:\/\/fuentesfidedignas.com.mx\/?s={search_term_string}"},"query-input":{"@type":"PropertyValueSpecification","valueRequired":true,"valueName":"search_term_string"}}],"inLanguage":"es"},{"@type":"Organization","@id":"https:\/\/fuentesfidedignas.com.mx\/#organization","name":"Fuentes Fidedignas","url":"https:\/\/fuentesfidedignas.com.mx\/","logo":{"@type":"ImageObject","inLanguage":"es","@id":"https:\/\/fuentesfidedignas.com.mx\/#\/schema\/logo\/image\/","url":"https:\/\/fuentesfidedignas.com.mx\/wp-content\/uploads\/2021\/04\/logo-retina.png","contentUrl":"https:\/\/fuentesfidedignas.com.mx\/wp-content\/uploads\/2021\/04\/logo-retina.png","width":280,"height":51,"caption":"Fuentes Fidedignas"},"image":{"@id":"https:\/\/fuentesfidedignas.com.mx\/#\/schema\/logo\/image\/"},"sameAs":["https:\/\/www.facebook.com\/Fuentes-Fidedignas-368234489921644","https:\/\/x.com\/fidedignas"]},{"@type":"Person","@id":"https:\/\/fuentesfidedignas.com.mx\/#\/schema\/person\/2c10028b4a30078c05a056a215342ab9","name":"Marissa Palafox","image":{"@type":"ImageObject","inLanguage":"es","@id":"https:\/\/secure.gravatar.com\/avatar\/20a43bdb2f2db10f20b22d4e98b96eb027faf98f7f76d29854dc5fab46d1cf71?s=96&d=mm&r=g","url":"https:\/\/secure.gravatar.com\/avatar\/20a43bdb2f2db10f20b22d4e98b96eb027faf98f7f76d29854dc5fab46d1cf71?s=96&d=mm&r=g","contentUrl":"https:\/\/secure.gravatar.com\/avatar\/20a43bdb2f2db10f20b22d4e98b96eb027faf98f7f76d29854dc5fab46d1cf71?s=96&d=mm&r=g","caption":"Marissa Palafox"},"url":"https:\/\/fuentesfidedignas.com.mx\/index.php\/author\/marissa\/"}]}},"_links":{"self":[{"href":"https:\/\/fuentesfidedignas.com.mx\/index.php\/wp-json\/wp\/v2\/posts\/62726","targetHints":{"allow":["GET"]}}],"collection":[{"href":"https:\/\/fuentesfidedignas.com.mx\/index.php\/wp-json\/wp\/v2\/posts"}],"about":[{"href":"https:\/\/fuentesfidedignas.com.mx\/index.php\/wp-json\/wp\/v2\/types\/post"}],"author":[{"embeddable":true,"href":"https:\/\/fuentesfidedignas.com.mx\/index.php\/wp-json\/wp\/v2\/users\/11"}],"replies":[{"embeddable":true,"href":"https:\/\/fuentesfidedignas.com.mx\/index.php\/wp-json\/wp\/v2\/comments?post=62726"}],"version-history":[{"count":2,"href":"https:\/\/fuentesfidedignas.com.mx\/index.php\/wp-json\/wp\/v2\/posts\/62726\/revisions"}],"predecessor-version":[{"id":62729,"href":"https:\/\/fuentesfidedignas.com.mx\/index.php\/wp-json\/wp\/v2\/posts\/62726\/revisions\/62729"}],"wp:featuredmedia":[{"embeddable":true,"href":"https:\/\/fuentesfidedignas.com.mx\/index.php\/wp-json\/wp\/v2\/media\/62727"}],"wp:attachment":[{"href":"https:\/\/fuentesfidedignas.com.mx\/index.php\/wp-json\/wp\/v2\/media?parent=62726"}],"wp:term":[{"taxonomy":"category","embeddable":true,"href":"https:\/\/fuentesfidedignas.com.mx\/index.php\/wp-json\/wp\/v2\/categories?post=62726"},{"taxonomy":"post_tag","embeddable":true,"href":"https:\/\/fuentesfidedignas.com.mx\/index.php\/wp-json\/wp\/v2\/tags?post=62726"}],"curies":[{"name":"wp","href":"https:\/\/api.w.org\/{rel}","templated":true}]}}