{"id":62677,"date":"2023-10-17T09:21:12","date_gmt":"2023-10-17T16:21:12","guid":{"rendered":"https:\/\/fuentesfidedignas.com.mx\/?p=62677"},"modified":"2023-10-17T09:22:43","modified_gmt":"2023-10-17T16:22:43","slug":"a-cuatro-anos-del-culiacanazo-por-que-se-le-llamo-jueves-negro","status":"publish","type":"post","link":"https:\/\/fuentesfidedignas.com.mx\/index.php\/2023\/10\/17\/a-cuatro-anos-del-culiacanazo-por-que-se-le-llamo-jueves-negro\/","title":{"rendered":"A cuatro a\u00f1os del \u2018Culiacanazo\u2019: \u00bfPor qu\u00e9 se le llam\u00f3 \u2018jueves negro\u2019?"},"content":{"rendered":"\n<p><br><strong><em>La primera detenci\u00f3n de \u2018El Rat\u00f3n\u2019 ocurri\u00f3 en el Fraccionamiento Tres R\u00edos, ubicado en Culiac\u00e1n<\/em><\/strong><\/p>\n\n\n\n<p>Culiac\u00e1n, Sin. Este martes se cumplen cuatro a\u00f1os del \u2018Culiacanazo\u2019, la primera\u00a0<strong>detenci\u00f3n\u00a0<\/strong>de\u00a0<strong>Ovidio Guzm\u00e1n L\u00f3pez<\/strong>, hijo de Joaqu\u00edn \u2018El Chapo\u2019 Guzm\u00e1n e integrante de\u00a0<em>Los Chapitos<\/em>, facci\u00f3n del C\u00e1rtel de Sinaloa. Aquel d\u00eda,\u00a0<strong>Culiac\u00e1n\u00a0<\/strong>fue escenario de una serie de enfrentamientos y hechos violentos que dej\u00f3 un saldo total de ocho muertos y m\u00e1s de una decena de heridos.<\/p>\n\n\n\n<p>Los hechos sucedieron el\u00a0<strong>17 de octubre de 2019<\/strong>. Aquel d\u00eda, la Secretar\u00eda de la Defensa Nacional (Sedena) e integrantes de las fuerzas de seguridad estatales desplegaron un operativo para capturar a\u00a0<em><strong>El Rat\u00f3n<\/strong>.<\/em><\/p>\n\n\n\n<p>De acuerdo con las autoridades, el operativo respond\u00eda a una orden de aprehensi\u00f3n emitida poco m\u00e1s de un a\u00f1o antes \u20152 de abril de 2018\u2015por la Corte Federal de&nbsp;<strong>Columbia, Estados Unidos<\/strong>, quienes se\u00f1alaron a Ovidio Guzm\u00e1n como responsable de delitos de asociaci\u00f3n delictuosa para distribuir drogas.<\/p>\n\n\n\n<p>Seg\u00fan refiere una l\u00ednea cronol\u00f3gica de los hechos, filtrada por el grupo de hacktivista \u2018Guacamaya\u2019, el operativo de la Sedena tuvo una duraci\u00f3n de\u00a0<strong>4 horas y 15 minutos.\u00a0<\/strong>Durante ese tiempo, las fuerzas de seguridad lograron capturar al hijo de \u2018El Chapo\u2019, se enfrentaron a integrantes del C\u00e1rtel de Sinaloa y, finalmente, fueron instruidos a dejarlo en libertad a causa de la ola de violencia que se desat\u00f3.<\/p>\n\n\n\n<p><img decoding=\"async\" alt=\"ARCHIVO - Este fotograma prove\u00eddo por el gobierno mexicano muestra a Ovidio Guzm\u00e1n L\u00f3pez cuando es detenido en Culiac\u00e1n, M\u00e9xico, el 17 de octubre de 2019. (Foto: CEPROPIE v\u00eda AP\/Archivo)\" height=\"1332\" width=\"1941\" src=\"https:\/\/www.infobae.com\/new-resizer\/jAmYTTOBwEJv3uv_hXJMoPDtDnM=\/arc-anglerfish-arc2-prod-infobae\/public\/GXOIWHBSEA3EX5K3BTXFMRIIMY.jpg\" srcset=\"https:\/\/www.infobae.com\/new-resizer\/H7kYS3GHCKQrxvu611rCVBU6MPo=\/420x280\/filters:format(webp):quality(85)\/cloudfront-us-east-1.images.arcpublishing.com\/infobae\/GXOIWHBSEA3EX5K3BTXFMRIIMY.jpg 420w,https:\/\/www.infobae.com\/new-resizer\/5lc-e-25FyxQws9OJgidPFOVI_s=\/768x512\/filters:format(webp):quality(85)\/cloudfront-us-east-1.images.arcpublishing.com\/infobae\/GXOIWHBSEA3EX5K3BTXFMRIIMY.jpg 768w,https:\/\/www.infobae.com\/new-resizer\/o3qkyrx0k5uBDGECilZ6xETV8VE=\/992x661\/filters:format(webp):quality(85)\/cloudfront-us-east-1.images.arcpublishing.com\/infobae\/GXOIWHBSEA3EX5K3BTXFMRIIMY.jpg 992w,https:\/\/www.infobae.com\/new-resizer\/UXusE1o2DuiJq4qsLmjY8bRJNfU=\/1200x800\/filters:format(webp):quality(85)\/cloudfront-us-east-1.images.arcpublishing.com\/infobae\/GXOIWHBSEA3EX5K3BTXFMRIIMY.jpg 1200w,https:\/\/www.infobae.com\/new-resizer\/g8-YgDtbjDOlbvEokcwdCn5Og3Q=\/1440x960\/filters:format(webp):quality(85)\/cloudfront-us-east-1.images.arcpublishing.com\/infobae\/GXOIWHBSEA3EX5K3BTXFMRIIMY.jpg 1440w\">ARCHIVO &#8211; Este fotograma prove\u00eddo por el gobierno mexicano muestra a Ovidio Guzm\u00e1n L\u00f3pez cuando es detenido en Culiac\u00e1n, M\u00e9xico, el 17 de octubre de 2019. (Foto: CEPROPIE v\u00eda AP\/Archivo)<\/p>\n\n\n\n<h2 class=\"wp-block-heading\">\u2018Jueves negro\u2019, un d\u00eda que Culiac\u00e1n jam\u00e1s olvidar\u00e1<\/h2>\n\n\n\n<p>A la detenci\u00f3n de Ovidio Guzm\u00e1n se le conoce de dos maneras: \u2018Cualiacanazo\u2019 y \u2018Jueves negro\u2019.<\/p>\n\n\n\n<p>El primero refiere al hecho de que los acontecimientos se desarrollaron principalmente en la capital de Sinaloa, toda vez que&nbsp;<em>El Rat\u00f3n&nbsp;<\/em>se encontraba en una lujosa casa del&nbsp;<strong>Fraccionamiento \u2018Tres R\u00edos\u2019<\/strong>, Culiac\u00e1n.<\/p>\n\n\n\n<p>Por otra parte, se le nombr\u00f3 \u2018Jueves negro\u2019 al operativo fallido de la Sedena debido a que el 17 de octubre de 2019 cay\u00f3 en un d\u00eda\u00a0<strong>jueves<\/strong>, mientras los habitantes de Sinaloa realizaban sus actividades de manera cotidiana.<\/p>\n\n\n\n<p>Al respecto, cabe destacar que se trata de un acontecimiento que ha sido considerado como uno de los errores m\u00e1s grandes del gobierno del presidente&nbsp;<strong>Andr\u00e9s Manuel L\u00f3pez Obrador<\/strong>, toda vez que, cuando ya se ten\u00eda capturado a&nbsp;<em>El Rat\u00f3n<\/em>, orden\u00f3 su liberaci\u00f3n.<\/p>\n\n\n\n<p><img decoding=\"async\" height=\"1080\" width=\"1920\" srcset=\"https:\/\/www.infobae.com\/new-resizer\/sQmyo-7YPdQJEr5YWsbprCzhta8=\/420x236\/filters:format(webp):quality(85)\/cloudfront-us-east-1.images.arcpublishing.com\/infobae\/VEWW7TIO7NFDZKNEDA2PNC5BJE.jpg 420w,https:\/\/www.infobae.com\/new-resizer\/dwTNFXceGLEvRJEgV6ZhShJjr_0=\/768x432\/filters:format(webp):quality(85)\/cloudfront-us-east-1.images.arcpublishing.com\/infobae\/VEWW7TIO7NFDZKNEDA2PNC5BJE.jpg 768w,https:\/\/www.infobae.com\/new-resizer\/Djnu08DGmmQIt6Ii8bW-DxhE89U=\/992x558\/filters:format(webp):quality(85)\/cloudfront-us-east-1.images.arcpublishing.com\/infobae\/VEWW7TIO7NFDZKNEDA2PNC5BJE.jpg 992w,https:\/\/www.infobae.com\/new-resizer\/gIVj0d8zZa3jbYkZVAXKnRkGSoU=\/1200x675\/filters:format(webp):quality(85)\/cloudfront-us-east-1.images.arcpublishing.com\/infobae\/VEWW7TIO7NFDZKNEDA2PNC5BJE.jpg 1200w,https:\/\/www.infobae.com\/new-resizer\/4WYiFARS0OLoLW91pNTMXdy_wv8=\/1440x810\/filters:format(webp):quality(85)\/cloudfront-us-east-1.images.arcpublishing.com\/infobae\/VEWW7TIO7NFDZKNEDA2PNC5BJE.jpg 1440w\" src=\"https:\/\/www.infobae.com\/new-resizer\/X_dax2uINUtu7QXMTOzaft9n_mE=\/arc-anglerfish-arc2-prod-infobae\/public\/VEWW7TIO7NFDZKNEDA2PNC5BJE.jpg\" alt=\"(Fotos: Archivo y YT Andr\u00e9s Manuel L\u00f3pez Obrador)\">(Fotos: Archivo y YT Andr\u00e9s Manuel L\u00f3pez Obrador)<\/p>\n\n\n\n<p>Dos a\u00f1os despu\u00e9s, el l\u00edder del Ejecutivo record\u00f3 los hechos previo a una visita a Badiraguato, Sinaloa, y asegur\u00f3 que aquel d\u00eda tom\u00f3 la decisi\u00f3n de dejar en libertad a Ovidio Guzm\u00e1n porque no quer\u00eda<strong>&nbsp;poner en riesgo a la poblaci\u00f3n<\/strong>&nbsp;de Culiac\u00e1n y el resto del estado.<\/p>\n\n\n\n<p>La detenci\u00f3n y posterior liberaci\u00f3n de&nbsp;<em>El Rat\u00f3n&nbsp;<\/em>dej\u00f3 un saldo de&nbsp;<strong>ocho muertos&nbsp;<\/strong>\u2015cuatro civiles, militares y elementos del crimen organizado\u2015, al menos 21 heridos, cerca de una veintena de bloqueos de calles y carreteras, catorce enfrentamientos y tambi\u00e9n provoc\u00f3 la&nbsp;<strong>fuga de 51 internos<\/strong>&nbsp;del Centro Penitenciario de Aguaruto.<\/p>\n\n\n\n<h2 class=\"wp-block-heading\">El \u2018Culiacanazo\u2019 2.0<\/h2>\n\n\n\n<p>La segunda detenci\u00f3n de Ovidio Guzm\u00e1n se realiz\u00f3 poco m\u00e1s de tres a\u00f1os despu\u00e9s, solo que en esa ocasi\u00f3n el hijo del exl\u00edder del C\u00e1rtel de Sinaloa no fue puesto en libertad, sino traslado al Centro Federal de Readaptaci\u00f3n Social (<em>CEFERESO<\/em>) N\u00famero 1,&nbsp;<strong>\u201cEl Altiplano\u201d<\/strong>.<\/p>\n\n\n\n<p>El segundo operativo se llev\u00f3 a cabo el&nbsp;<strong>5 de enero de 2023&nbsp;<\/strong>en el poblado de&nbsp;<strong>Jes\u00fas Mar\u00eda<\/strong>,&nbsp;<strong>Culiac\u00e1n<\/strong>, mismo que dej\u00f3 un saldo de 29 muertos: 10 militares y 19 presuntos integrantes del grupo criminal.<\/p>\n\n\n\n<p>Un d\u00eda despu\u00e9s de los hechos, el secretario de Defensa Nacional, Luis Cresencio Sandoval, se\u00f1al\u00f3 que el segundo \u2018Culiacanazo\u2019 dej\u00f3 a 35 elementos del Ej\u00e9rcito heridos por arma de fuego. Tambi\u00e9n se detuvieron a 21 supuestos integrantes de\u00a0<em>Los Chapitos<\/em>.<\/p>\n\n\n\n<p>Ovidio Guzm\u00e1n fue extraditado a EEUU el pasado 15 de septiembre de 2023 y actualmente se encuentra recluido en el\u00a0<strong>Centro Correccional Metropolitano de Chicago<\/strong>.<\/p>\n","protected":false},"excerpt":{"rendered":"<p>La primera detenci\u00f3n de \u2018El Rat\u00f3n\u2019 ocurri\u00f3 en el Fraccionamiento Tres R\u00edos, ubicado en Culiac\u00e1n Culiac\u00e1n, Sin. Este martes se cumplen cuatro a\u00f1os del \u2018Culiacanazo\u2019, la primera\u00a0detenci\u00f3n\u00a0de\u00a0Ovidio Guzm\u00e1n L\u00f3pez, hijo de Joaqu\u00edn \u2018El Chapo\u2019 Guzm\u00e1n e integrante de\u00a0Los Chapitos, facci\u00f3n del C\u00e1rtel de Sinaloa. Aquel d\u00eda,\u00a0Culiac\u00e1n\u00a0fue escenario de una serie de enfrentamientos y hechos violentos [&hellip;]<\/p>\n","protected":false},"author":41,"featured_media":62679,"comment_status":"open","ping_status":"open","sticky":false,"template":"","format":"standard","meta":{"tdm_status":"","tdm_grid_status":"","footnotes":""},"categories":[37],"tags":[],"class_list":{"0":"post-62677","1":"post","2":"type-post","3":"status-publish","4":"format-standard","5":"has-post-thumbnail","7":"category-nota-principal"},"yoast_head":"<!-- This site is optimized with the Yoast SEO plugin v27.4 - https:\/\/yoast.com\/product\/yoast-seo-wordpress\/ -->\n<title>A cuatro a\u00f1os del \u2018Culiacanazo\u2019: \u00bfPor qu\u00e9 se le llam\u00f3 \u2018jueves negro\u2019? - Fuentes Fidedignas<\/title>\n<meta name=\"robots\" content=\"index, follow, max-snippet:-1, max-image-preview:large, max-video-preview:-1\" \/>\n<link rel=\"canonical\" href=\"https:\/\/fuentesfidedignas.com.mx\/index.php\/2023\/10\/17\/a-cuatro-anos-del-culiacanazo-por-que-se-le-llamo-jueves-negro\/\" \/>\n<meta property=\"og:locale\" content=\"es_MX\" \/>\n<meta property=\"og:type\" content=\"article\" \/>\n<meta property=\"og:title\" content=\"A cuatro a\u00f1os del \u2018Culiacanazo\u2019: \u00bfPor qu\u00e9 se le llam\u00f3 \u2018jueves negro\u2019? - Fuentes Fidedignas\" \/>\n<meta property=\"og:description\" content=\"La primera detenci\u00f3n de \u2018El Rat\u00f3n\u2019 ocurri\u00f3 en el Fraccionamiento Tres R\u00edos, ubicado en Culiac\u00e1n Culiac\u00e1n, Sin. Este martes se cumplen cuatro a\u00f1os del \u2018Culiacanazo\u2019, la primera\u00a0detenci\u00f3n\u00a0de\u00a0Ovidio Guzm\u00e1n L\u00f3pez, hijo de Joaqu\u00edn \u2018El Chapo\u2019 Guzm\u00e1n e integrante de\u00a0Los Chapitos, facci\u00f3n del C\u00e1rtel de Sinaloa. Aquel d\u00eda,\u00a0Culiac\u00e1n\u00a0fue escenario de una serie de enfrentamientos y hechos violentos [&hellip;]\" \/>\n<meta property=\"og:url\" content=\"https:\/\/fuentesfidedignas.com.mx\/index.php\/2023\/10\/17\/a-cuatro-anos-del-culiacanazo-por-que-se-le-llamo-jueves-negro\/\" \/>\n<meta property=\"og:site_name\" content=\"Fuentes Fidedignas\" \/>\n<meta property=\"article:publisher\" content=\"https:\/\/www.facebook.com\/Fuentes-Fidedignas-368234489921644\" \/>\n<meta property=\"article:published_time\" content=\"2023-10-17T16:21:12+00:00\" \/>\n<meta property=\"article:modified_time\" content=\"2023-10-17T16:22:43+00:00\" \/>\n<meta property=\"og:image\" content=\"https:\/\/fuentesfidedignas.com.mx\/wp-content\/uploads\/2023\/10\/GL2BAGOEOVDZJMNSOIJCZJS26Q.jpg\" \/>\n\t<meta property=\"og:image:width\" content=\"992\" \/>\n\t<meta property=\"og:image:height\" content=\"558\" \/>\n\t<meta property=\"og:image:type\" content=\"image\/jpeg\" \/>\n<meta name=\"author\" content=\"Infobae\" \/>\n<meta name=\"twitter:card\" content=\"summary_large_image\" \/>\n<meta name=\"twitter:creator\" content=\"@fidedignas\" \/>\n<meta name=\"twitter:site\" content=\"@fidedignas\" \/>\n<meta name=\"twitter:label1\" content=\"Escrito por\" \/>\n\t<meta name=\"twitter:data1\" content=\"Infobae\" \/>\n\t<meta name=\"twitter:label2\" content=\"Tiempo de lectura\" \/>\n\t<meta name=\"twitter:data2\" content=\"4 minutos\" \/>\n<script type=\"application\/ld+json\" class=\"yoast-schema-graph\">{\"@context\":\"https:\\\/\\\/schema.org\",\"@graph\":[{\"@type\":\"Article\",\"@id\":\"https:\\\/\\\/fuentesfidedignas.com.mx\\\/index.php\\\/2023\\\/10\\\/17\\\/a-cuatro-anos-del-culiacanazo-por-que-se-le-llamo-jueves-negro\\\/#article\",\"isPartOf\":{\"@id\":\"https:\\\/\\\/fuentesfidedignas.com.mx\\\/index.php\\\/2023\\\/10\\\/17\\\/a-cuatro-anos-del-culiacanazo-por-que-se-le-llamo-jueves-negro\\\/\"},\"author\":{\"name\":\"Infobae\",\"@id\":\"https:\\\/\\\/fuentesfidedignas.com.mx\\\/#\\\/schema\\\/person\\\/8575896a7c1067d352f6c1cd6582c389\"},\"headline\":\"A cuatro a\u00f1os del \u2018Culiacanazo\u2019: \u00bfPor qu\u00e9 se le llam\u00f3 \u2018jueves negro\u2019?\",\"datePublished\":\"2023-10-17T16:21:12+00:00\",\"dateModified\":\"2023-10-17T16:22:43+00:00\",\"mainEntityOfPage\":{\"@id\":\"https:\\\/\\\/fuentesfidedignas.com.mx\\\/index.php\\\/2023\\\/10\\\/17\\\/a-cuatro-anos-del-culiacanazo-por-que-se-le-llamo-jueves-negro\\\/\"},\"wordCount\":749,\"commentCount\":0,\"publisher\":{\"@id\":\"https:\\\/\\\/fuentesfidedignas.com.mx\\\/#organization\"},\"image\":{\"@id\":\"https:\\\/\\\/fuentesfidedignas.com.mx\\\/index.php\\\/2023\\\/10\\\/17\\\/a-cuatro-anos-del-culiacanazo-por-que-se-le-llamo-jueves-negro\\\/#primaryimage\"},\"thumbnailUrl\":\"https:\\\/\\\/fuentesfidedignas.com.mx\\\/wp-content\\\/uploads\\\/2023\\\/10\\\/GL2BAGOEOVDZJMNSOIJCZJS26Q.jpg\",\"articleSection\":[\"NOTA PRINCIPAL\"],\"inLanguage\":\"es\",\"potentialAction\":[{\"@type\":\"CommentAction\",\"name\":\"Comment\",\"target\":[\"https:\\\/\\\/fuentesfidedignas.com.mx\\\/index.php\\\/2023\\\/10\\\/17\\\/a-cuatro-anos-del-culiacanazo-por-que-se-le-llamo-jueves-negro\\\/#respond\"]}]},{\"@type\":\"WebPage\",\"@id\":\"https:\\\/\\\/fuentesfidedignas.com.mx\\\/index.php\\\/2023\\\/10\\\/17\\\/a-cuatro-anos-del-culiacanazo-por-que-se-le-llamo-jueves-negro\\\/\",\"url\":\"https:\\\/\\\/fuentesfidedignas.com.mx\\\/index.php\\\/2023\\\/10\\\/17\\\/a-cuatro-anos-del-culiacanazo-por-que-se-le-llamo-jueves-negro\\\/\",\"name\":\"A cuatro a\u00f1os del \u2018Culiacanazo\u2019: \u00bfPor qu\u00e9 se le llam\u00f3 \u2018jueves negro\u2019? - Fuentes Fidedignas\",\"isPartOf\":{\"@id\":\"https:\\\/\\\/fuentesfidedignas.com.mx\\\/#website\"},\"primaryImageOfPage\":{\"@id\":\"https:\\\/\\\/fuentesfidedignas.com.mx\\\/index.php\\\/2023\\\/10\\\/17\\\/a-cuatro-anos-del-culiacanazo-por-que-se-le-llamo-jueves-negro\\\/#primaryimage\"},\"image\":{\"@id\":\"https:\\\/\\\/fuentesfidedignas.com.mx\\\/index.php\\\/2023\\\/10\\\/17\\\/a-cuatro-anos-del-culiacanazo-por-que-se-le-llamo-jueves-negro\\\/#primaryimage\"},\"thumbnailUrl\":\"https:\\\/\\\/fuentesfidedignas.com.mx\\\/wp-content\\\/uploads\\\/2023\\\/10\\\/GL2BAGOEOVDZJMNSOIJCZJS26Q.jpg\",\"datePublished\":\"2023-10-17T16:21:12+00:00\",\"dateModified\":\"2023-10-17T16:22:43+00:00\",\"breadcrumb\":{\"@id\":\"https:\\\/\\\/fuentesfidedignas.com.mx\\\/index.php\\\/2023\\\/10\\\/17\\\/a-cuatro-anos-del-culiacanazo-por-que-se-le-llamo-jueves-negro\\\/#breadcrumb\"},\"inLanguage\":\"es\",\"potentialAction\":[{\"@type\":\"ReadAction\",\"target\":[\"https:\\\/\\\/fuentesfidedignas.com.mx\\\/index.php\\\/2023\\\/10\\\/17\\\/a-cuatro-anos-del-culiacanazo-por-que-se-le-llamo-jueves-negro\\\/\"]}]},{\"@type\":\"ImageObject\",\"inLanguage\":\"es\",\"@id\":\"https:\\\/\\\/fuentesfidedignas.com.mx\\\/index.php\\\/2023\\\/10\\\/17\\\/a-cuatro-anos-del-culiacanazo-por-que-se-le-llamo-jueves-negro\\\/#primaryimage\",\"url\":\"https:\\\/\\\/fuentesfidedignas.com.mx\\\/wp-content\\\/uploads\\\/2023\\\/10\\\/GL2BAGOEOVDZJMNSOIJCZJS26Q.jpg\",\"contentUrl\":\"https:\\\/\\\/fuentesfidedignas.com.mx\\\/wp-content\\\/uploads\\\/2023\\\/10\\\/GL2BAGOEOVDZJMNSOIJCZJS26Q.jpg\",\"width\":992,\"height\":558},{\"@type\":\"BreadcrumbList\",\"@id\":\"https:\\\/\\\/fuentesfidedignas.com.mx\\\/index.php\\\/2023\\\/10\\\/17\\\/a-cuatro-anos-del-culiacanazo-por-que-se-le-llamo-jueves-negro\\\/#breadcrumb\",\"itemListElement\":[{\"@type\":\"ListItem\",\"position\":1,\"name\":\"Inicio\",\"item\":\"https:\\\/\\\/fuentesfidedignas.com.mx\\\/\"},{\"@type\":\"ListItem\",\"position\":2,\"name\":\"A cuatro a\u00f1os del \u2018Culiacanazo\u2019: \u00bfPor qu\u00e9 se le llam\u00f3 \u2018jueves negro\u2019?\"}]},{\"@type\":\"WebSite\",\"@id\":\"https:\\\/\\\/fuentesfidedignas.com.mx\\\/#website\",\"url\":\"https:\\\/\\\/fuentesfidedignas.com.mx\\\/\",\"name\":\"Fuentes Fidedignas\",\"description\":\"Otro sitio realizado con WordPress\",\"publisher\":{\"@id\":\"https:\\\/\\\/fuentesfidedignas.com.mx\\\/#organization\"},\"potentialAction\":[{\"@type\":\"SearchAction\",\"target\":{\"@type\":\"EntryPoint\",\"urlTemplate\":\"https:\\\/\\\/fuentesfidedignas.com.mx\\\/?s={search_term_string}\"},\"query-input\":{\"@type\":\"PropertyValueSpecification\",\"valueRequired\":true,\"valueName\":\"search_term_string\"}}],\"inLanguage\":\"es\"},{\"@type\":\"Organization\",\"@id\":\"https:\\\/\\\/fuentesfidedignas.com.mx\\\/#organization\",\"name\":\"Fuentes Fidedignas\",\"url\":\"https:\\\/\\\/fuentesfidedignas.com.mx\\\/\",\"logo\":{\"@type\":\"ImageObject\",\"inLanguage\":\"es\",\"@id\":\"https:\\\/\\\/fuentesfidedignas.com.mx\\\/#\\\/schema\\\/logo\\\/image\\\/\",\"url\":\"https:\\\/\\\/fuentesfidedignas.com.mx\\\/wp-content\\\/uploads\\\/2021\\\/04\\\/logo-retina.png\",\"contentUrl\":\"https:\\\/\\\/fuentesfidedignas.com.mx\\\/wp-content\\\/uploads\\\/2021\\\/04\\\/logo-retina.png\",\"width\":280,\"height\":51,\"caption\":\"Fuentes Fidedignas\"},\"image\":{\"@id\":\"https:\\\/\\\/fuentesfidedignas.com.mx\\\/#\\\/schema\\\/logo\\\/image\\\/\"},\"sameAs\":[\"https:\\\/\\\/www.facebook.com\\\/Fuentes-Fidedignas-368234489921644\",\"https:\\\/\\\/x.com\\\/fidedignas\"]},{\"@type\":\"Person\",\"@id\":\"https:\\\/\\\/fuentesfidedignas.com.mx\\\/#\\\/schema\\\/person\\\/8575896a7c1067d352f6c1cd6582c389\",\"name\":\"Infobae\",\"image\":{\"@type\":\"ImageObject\",\"inLanguage\":\"es\",\"@id\":\"https:\\\/\\\/secure.gravatar.com\\\/avatar\\\/e4ec95706f8d1670343f6526fdcec45474bab17475a851434a64ca12b5acba1c?s=96&d=mm&r=g\",\"url\":\"https:\\\/\\\/secure.gravatar.com\\\/avatar\\\/e4ec95706f8d1670343f6526fdcec45474bab17475a851434a64ca12b5acba1c?s=96&d=mm&r=g\",\"contentUrl\":\"https:\\\/\\\/secure.gravatar.com\\\/avatar\\\/e4ec95706f8d1670343f6526fdcec45474bab17475a851434a64ca12b5acba1c?s=96&d=mm&r=g\",\"caption\":\"Infobae\"},\"url\":\"https:\\\/\\\/fuentesfidedignas.com.mx\\\/index.php\\\/author\\\/infobae\\\/\"}]}<\/script>\n<!-- \/ Yoast SEO plugin. -->","yoast_head_json":{"title":"A cuatro a\u00f1os del \u2018Culiacanazo\u2019: \u00bfPor qu\u00e9 se le llam\u00f3 \u2018jueves negro\u2019? - Fuentes Fidedignas","robots":{"index":"index","follow":"follow","max-snippet":"max-snippet:-1","max-image-preview":"max-image-preview:large","max-video-preview":"max-video-preview:-1"},"canonical":"https:\/\/fuentesfidedignas.com.mx\/index.php\/2023\/10\/17\/a-cuatro-anos-del-culiacanazo-por-que-se-le-llamo-jueves-negro\/","og_locale":"es_MX","og_type":"article","og_title":"A cuatro a\u00f1os del \u2018Culiacanazo\u2019: \u00bfPor qu\u00e9 se le llam\u00f3 \u2018jueves negro\u2019? - Fuentes Fidedignas","og_description":"La primera detenci\u00f3n de \u2018El Rat\u00f3n\u2019 ocurri\u00f3 en el Fraccionamiento Tres R\u00edos, ubicado en Culiac\u00e1n Culiac\u00e1n, Sin. Este martes se cumplen cuatro a\u00f1os del \u2018Culiacanazo\u2019, la primera\u00a0detenci\u00f3n\u00a0de\u00a0Ovidio Guzm\u00e1n L\u00f3pez, hijo de Joaqu\u00edn \u2018El Chapo\u2019 Guzm\u00e1n e integrante de\u00a0Los Chapitos, facci\u00f3n del C\u00e1rtel de Sinaloa. Aquel d\u00eda,\u00a0Culiac\u00e1n\u00a0fue escenario de una serie de enfrentamientos y hechos violentos [&hellip;]","og_url":"https:\/\/fuentesfidedignas.com.mx\/index.php\/2023\/10\/17\/a-cuatro-anos-del-culiacanazo-por-que-se-le-llamo-jueves-negro\/","og_site_name":"Fuentes Fidedignas","article_publisher":"https:\/\/www.facebook.com\/Fuentes-Fidedignas-368234489921644","article_published_time":"2023-10-17T16:21:12+00:00","article_modified_time":"2023-10-17T16:22:43+00:00","og_image":[{"width":992,"height":558,"url":"https:\/\/fuentesfidedignas.com.mx\/wp-content\/uploads\/2023\/10\/GL2BAGOEOVDZJMNSOIJCZJS26Q.jpg","type":"image\/jpeg"}],"author":"Infobae","twitter_card":"summary_large_image","twitter_creator":"@fidedignas","twitter_site":"@fidedignas","twitter_misc":{"Escrito por":"Infobae","Tiempo de lectura":"4 minutos"},"schema":{"@context":"https:\/\/schema.org","@graph":[{"@type":"Article","@id":"https:\/\/fuentesfidedignas.com.mx\/index.php\/2023\/10\/17\/a-cuatro-anos-del-culiacanazo-por-que-se-le-llamo-jueves-negro\/#article","isPartOf":{"@id":"https:\/\/fuentesfidedignas.com.mx\/index.php\/2023\/10\/17\/a-cuatro-anos-del-culiacanazo-por-que-se-le-llamo-jueves-negro\/"},"author":{"name":"Infobae","@id":"https:\/\/fuentesfidedignas.com.mx\/#\/schema\/person\/8575896a7c1067d352f6c1cd6582c389"},"headline":"A cuatro a\u00f1os del \u2018Culiacanazo\u2019: \u00bfPor qu\u00e9 se le llam\u00f3 \u2018jueves negro\u2019?","datePublished":"2023-10-17T16:21:12+00:00","dateModified":"2023-10-17T16:22:43+00:00","mainEntityOfPage":{"@id":"https:\/\/fuentesfidedignas.com.mx\/index.php\/2023\/10\/17\/a-cuatro-anos-del-culiacanazo-por-que-se-le-llamo-jueves-negro\/"},"wordCount":749,"commentCount":0,"publisher":{"@id":"https:\/\/fuentesfidedignas.com.mx\/#organization"},"image":{"@id":"https:\/\/fuentesfidedignas.com.mx\/index.php\/2023\/10\/17\/a-cuatro-anos-del-culiacanazo-por-que-se-le-llamo-jueves-negro\/#primaryimage"},"thumbnailUrl":"https:\/\/fuentesfidedignas.com.mx\/wp-content\/uploads\/2023\/10\/GL2BAGOEOVDZJMNSOIJCZJS26Q.jpg","articleSection":["NOTA PRINCIPAL"],"inLanguage":"es","potentialAction":[{"@type":"CommentAction","name":"Comment","target":["https:\/\/fuentesfidedignas.com.mx\/index.php\/2023\/10\/17\/a-cuatro-anos-del-culiacanazo-por-que-se-le-llamo-jueves-negro\/#respond"]}]},{"@type":"WebPage","@id":"https:\/\/fuentesfidedignas.com.mx\/index.php\/2023\/10\/17\/a-cuatro-anos-del-culiacanazo-por-que-se-le-llamo-jueves-negro\/","url":"https:\/\/fuentesfidedignas.com.mx\/index.php\/2023\/10\/17\/a-cuatro-anos-del-culiacanazo-por-que-se-le-llamo-jueves-negro\/","name":"A cuatro a\u00f1os del \u2018Culiacanazo\u2019: \u00bfPor qu\u00e9 se le llam\u00f3 \u2018jueves negro\u2019? - Fuentes Fidedignas","isPartOf":{"@id":"https:\/\/fuentesfidedignas.com.mx\/#website"},"primaryImageOfPage":{"@id":"https:\/\/fuentesfidedignas.com.mx\/index.php\/2023\/10\/17\/a-cuatro-anos-del-culiacanazo-por-que-se-le-llamo-jueves-negro\/#primaryimage"},"image":{"@id":"https:\/\/fuentesfidedignas.com.mx\/index.php\/2023\/10\/17\/a-cuatro-anos-del-culiacanazo-por-que-se-le-llamo-jueves-negro\/#primaryimage"},"thumbnailUrl":"https:\/\/fuentesfidedignas.com.mx\/wp-content\/uploads\/2023\/10\/GL2BAGOEOVDZJMNSOIJCZJS26Q.jpg","datePublished":"2023-10-17T16:21:12+00:00","dateModified":"2023-10-17T16:22:43+00:00","breadcrumb":{"@id":"https:\/\/fuentesfidedignas.com.mx\/index.php\/2023\/10\/17\/a-cuatro-anos-del-culiacanazo-por-que-se-le-llamo-jueves-negro\/#breadcrumb"},"inLanguage":"es","potentialAction":[{"@type":"ReadAction","target":["https:\/\/fuentesfidedignas.com.mx\/index.php\/2023\/10\/17\/a-cuatro-anos-del-culiacanazo-por-que-se-le-llamo-jueves-negro\/"]}]},{"@type":"ImageObject","inLanguage":"es","@id":"https:\/\/fuentesfidedignas.com.mx\/index.php\/2023\/10\/17\/a-cuatro-anos-del-culiacanazo-por-que-se-le-llamo-jueves-negro\/#primaryimage","url":"https:\/\/fuentesfidedignas.com.mx\/wp-content\/uploads\/2023\/10\/GL2BAGOEOVDZJMNSOIJCZJS26Q.jpg","contentUrl":"https:\/\/fuentesfidedignas.com.mx\/wp-content\/uploads\/2023\/10\/GL2BAGOEOVDZJMNSOIJCZJS26Q.jpg","width":992,"height":558},{"@type":"BreadcrumbList","@id":"https:\/\/fuentesfidedignas.com.mx\/index.php\/2023\/10\/17\/a-cuatro-anos-del-culiacanazo-por-que-se-le-llamo-jueves-negro\/#breadcrumb","itemListElement":[{"@type":"ListItem","position":1,"name":"Inicio","item":"https:\/\/fuentesfidedignas.com.mx\/"},{"@type":"ListItem","position":2,"name":"A cuatro a\u00f1os del \u2018Culiacanazo\u2019: \u00bfPor qu\u00e9 se le llam\u00f3 \u2018jueves negro\u2019?"}]},{"@type":"WebSite","@id":"https:\/\/fuentesfidedignas.com.mx\/#website","url":"https:\/\/fuentesfidedignas.com.mx\/","name":"Fuentes Fidedignas","description":"Otro sitio realizado con WordPress","publisher":{"@id":"https:\/\/fuentesfidedignas.com.mx\/#organization"},"potentialAction":[{"@type":"SearchAction","target":{"@type":"EntryPoint","urlTemplate":"https:\/\/fuentesfidedignas.com.mx\/?s={search_term_string}"},"query-input":{"@type":"PropertyValueSpecification","valueRequired":true,"valueName":"search_term_string"}}],"inLanguage":"es"},{"@type":"Organization","@id":"https:\/\/fuentesfidedignas.com.mx\/#organization","name":"Fuentes Fidedignas","url":"https:\/\/fuentesfidedignas.com.mx\/","logo":{"@type":"ImageObject","inLanguage":"es","@id":"https:\/\/fuentesfidedignas.com.mx\/#\/schema\/logo\/image\/","url":"https:\/\/fuentesfidedignas.com.mx\/wp-content\/uploads\/2021\/04\/logo-retina.png","contentUrl":"https:\/\/fuentesfidedignas.com.mx\/wp-content\/uploads\/2021\/04\/logo-retina.png","width":280,"height":51,"caption":"Fuentes Fidedignas"},"image":{"@id":"https:\/\/fuentesfidedignas.com.mx\/#\/schema\/logo\/image\/"},"sameAs":["https:\/\/www.facebook.com\/Fuentes-Fidedignas-368234489921644","https:\/\/x.com\/fidedignas"]},{"@type":"Person","@id":"https:\/\/fuentesfidedignas.com.mx\/#\/schema\/person\/8575896a7c1067d352f6c1cd6582c389","name":"Infobae","image":{"@type":"ImageObject","inLanguage":"es","@id":"https:\/\/secure.gravatar.com\/avatar\/e4ec95706f8d1670343f6526fdcec45474bab17475a851434a64ca12b5acba1c?s=96&d=mm&r=g","url":"https:\/\/secure.gravatar.com\/avatar\/e4ec95706f8d1670343f6526fdcec45474bab17475a851434a64ca12b5acba1c?s=96&d=mm&r=g","contentUrl":"https:\/\/secure.gravatar.com\/avatar\/e4ec95706f8d1670343f6526fdcec45474bab17475a851434a64ca12b5acba1c?s=96&d=mm&r=g","caption":"Infobae"},"url":"https:\/\/fuentesfidedignas.com.mx\/index.php\/author\/infobae\/"}]}},"_links":{"self":[{"href":"https:\/\/fuentesfidedignas.com.mx\/index.php\/wp-json\/wp\/v2\/posts\/62677","targetHints":{"allow":["GET"]}}],"collection":[{"href":"https:\/\/fuentesfidedignas.com.mx\/index.php\/wp-json\/wp\/v2\/posts"}],"about":[{"href":"https:\/\/fuentesfidedignas.com.mx\/index.php\/wp-json\/wp\/v2\/types\/post"}],"author":[{"embeddable":true,"href":"https:\/\/fuentesfidedignas.com.mx\/index.php\/wp-json\/wp\/v2\/users\/41"}],"replies":[{"embeddable":true,"href":"https:\/\/fuentesfidedignas.com.mx\/index.php\/wp-json\/wp\/v2\/comments?post=62677"}],"version-history":[{"count":1,"href":"https:\/\/fuentesfidedignas.com.mx\/index.php\/wp-json\/wp\/v2\/posts\/62677\/revisions"}],"predecessor-version":[{"id":62678,"href":"https:\/\/fuentesfidedignas.com.mx\/index.php\/wp-json\/wp\/v2\/posts\/62677\/revisions\/62678"}],"wp:featuredmedia":[{"embeddable":true,"href":"https:\/\/fuentesfidedignas.com.mx\/index.php\/wp-json\/wp\/v2\/media\/62679"}],"wp:attachment":[{"href":"https:\/\/fuentesfidedignas.com.mx\/index.php\/wp-json\/wp\/v2\/media?parent=62677"}],"wp:term":[{"taxonomy":"category","embeddable":true,"href":"https:\/\/fuentesfidedignas.com.mx\/index.php\/wp-json\/wp\/v2\/categories?post=62677"},{"taxonomy":"post_tag","embeddable":true,"href":"https:\/\/fuentesfidedignas.com.mx\/index.php\/wp-json\/wp\/v2\/tags?post=62677"}],"curies":[{"name":"wp","href":"https:\/\/api.w.org\/{rel}","templated":true}]}}