{"id":62666,"date":"2023-10-17T07:40:41","date_gmt":"2023-10-17T14:40:41","guid":{"rendered":"https:\/\/fuentesfidedignas.com.mx\/?p=62666"},"modified":"2023-10-17T07:12:33","modified_gmt":"2023-10-17T14:12:33","slug":"reportan-como-perdido-a-el-plaga-lugarteniente-del-cartel-de-sinaloa-en-mexicali","status":"publish","type":"post","link":"https:\/\/fuentesfidedignas.com.mx\/index.php\/2023\/10\/17\/reportan-como-perdido-a-el-plaga-lugarteniente-del-cartel-de-sinaloa-en-mexicali\/","title":{"rendered":"Reportan como \u2018perdido\u2019 a \u2018El Plaga\u2019, lugarteniente del C\u00e1rtel de Sinaloa en Mexicali"},"content":{"rendered":"\n<p><strong><em>Cristian Alexis Mendoza Guill\u00e9n fue detenido en 2022. Es identificado como miembro de Los Rusos, brazo armado que responde a las \u00f3rdenes de \u2018El Mayo\u2019 Zambada<\/em><\/strong><\/p>\n\n\n\n<p>A casi un a\u00f1o de haber sido detenido, autoridades de Baja California desconocen el paradero de Cristian Alexis Mendoza Guill\u00e9n o Eduardo Ren\u00e9 Robles L\u00f3pez, alias \u2018El Plaga\u2019, identificado como un miembro del C\u00e1rtel de Sinaloa.<\/p>\n\n\n\n<p>El pasado lunes 16 de octubre se llev\u00f3 a cabo una audiencia para modificar la medida cautelar contra \u2018El Plaga\u2019, detenido en noviembre de 2022. Sin embargo, un juez de control lo report\u00f3 como \u201cperdido o no localizado\u201d, en tanto que se desconoce cu\u00e1l es su actual ubicaci\u00f3n, seg\u00fan reportes de Zeta Tijuana.<\/p>\n\n\n\n<p>En esa audiencia se dio a conocer que el 6 de julio \u2018El Plaga\u2019 fue trasladado del Centro de Reinserci\u00f3n Social (Cereso) n\u00famero 2, conocido como \u201cEl Hongo\u201d, al Centro Federal de Readaptaci\u00f3n Social (Cefereso) n\u00famero 3 en el estado de Oaxaca, debido a un cargo del fuero federal.<\/p>\n\n\n\n<p>No obstante, autoridades oaxaque\u00f1as dijeron desconocer estas acciones, toda vez que el Cefereso n\u00famero 3 se ubica en el estado de Tamaulipas. Asimismo, la defensa del narcotraficante asegur\u00f3 no haber tenido contacto con \u00e9l desde su supuesto traslado.<\/p>\n\n\n\n<p>Es por ello que personal del Tribunal Superior de Justicia de Baja California (TSJEBC) solicit\u00f3 informaci\u00f3n en territorio oaxaque\u00f1o sobre estas acciones. Aunque la b\u00fasqueda se extendi\u00f3 a Chihuahua y Chiapas, en todas las entidades el paradero de dicho sujeto permanec\u00eda como una inc\u00f3gnita.<\/p>\n\n\n\n<p>Por lo anterior, el juez de control dej\u00f3 sin efecto la audiencia del lunes, en la que se iba a impugnar la medida cautelar de \u2018El Plaga\u2019 a prisi\u00f3n preventiva. Debido a que no ha sido localizado, no se estableci\u00f3 una fecha para la pr\u00f3xima audiencia hasta que su defensa no logre contactarlo.<\/p>\n\n\n\n<p><strong>Detenci\u00f3n de \u2018El Plaga\u2019<\/strong><br>El 19 de noviembre de 2022 se registr\u00f3 un enfrentamiento armado entre integrantes del crimen organizado y autoridades de Baja California en la colonia Alamitos, Mexicali.<\/p>\n\n\n\n<p>Tras el cruce de fuego se report\u00f3 la detenci\u00f3n de Cristian Alexis, identificado como lugarteniente de \u201cLos Rusos\u201d, el brazo armado del C\u00e1rtel de Sinaloa vinculado a Ismael \u2018El Mayo\u2019 Zambada.<\/p>\n\n\n\n<p>En un primer momento, \u2018El Plaga\u2019 fue acusado por el delito de \u201cposesi\u00f3n de cargadores de uso exclusivo del Ej\u00e9rcito\u201d. Once d\u00edas despu\u00e9s a su detenci\u00f3n, un juez federal orden\u00f3 su liberaci\u00f3n, ya que el delito no ameritaba prisi\u00f3n preventiva. Pero la Fiscal\u00eda de Baja California lo reaprehendi\u00f3 por tentativa de homicidio en contra de los agentes de seguridad.<\/p>\n\n\n\n<p>\u2018El Plaga\u2019 sol\u00eda operar en el Valle de Mexicali, donde se encargaba de supervisar el trasiego de drogas de la facci\u00f3n de \u2018El Mayo\u2019 Zambada. Aunque pertenecen a la misma organizaci\u00f3n criminal, Los Rusos mantienen diferencias con la c\u00e9lula de \u201cLos Chapitos\u201d, liderada por los hijos de Joaqu\u00edn \u2018El Chapo\u2019 Guzm\u00e1n.<\/p>\n\n\n\n<p><\/p>\n","protected":false},"excerpt":{"rendered":"<p>Cristian Alexis Mendoza Guill\u00e9n fue detenido en 2022. Es identificado como miembro de Los Rusos, brazo armado que responde a las \u00f3rdenes de \u2018El Mayo\u2019 Zambada A casi un a\u00f1o de haber sido detenido, autoridades de Baja California desconocen el paradero de Cristian Alexis Mendoza Guill\u00e9n o Eduardo Ren\u00e9 Robles L\u00f3pez, alias \u2018El Plaga\u2019, identificado [&hellip;]<\/p>\n","protected":false},"author":41,"featured_media":62667,"comment_status":"open","ping_status":"open","sticky":false,"template":"","format":"standard","meta":{"tdm_status":"","tdm_grid_status":"","footnotes":""},"categories":[39],"tags":[],"class_list":{"0":"post-62666","1":"post","2":"type-post","3":"status-publish","4":"format-standard","5":"has-post-thumbnail","7":"category-noticias-nacionales"},"yoast_head":"<!-- This site is optimized with the Yoast SEO plugin v27.4 - https:\/\/yoast.com\/product\/yoast-seo-wordpress\/ -->\n<title>Reportan como \u2018perdido\u2019 a \u2018El Plaga\u2019, lugarteniente del C\u00e1rtel de Sinaloa en Mexicali - Fuentes Fidedignas<\/title>\n<meta name=\"robots\" content=\"index, follow, max-snippet:-1, max-image-preview:large, max-video-preview:-1\" \/>\n<link rel=\"canonical\" href=\"https:\/\/fuentesfidedignas.com.mx\/index.php\/2023\/10\/17\/reportan-como-perdido-a-el-plaga-lugarteniente-del-cartel-de-sinaloa-en-mexicali\/\" \/>\n<meta property=\"og:locale\" content=\"es_MX\" \/>\n<meta property=\"og:type\" content=\"article\" \/>\n<meta property=\"og:title\" content=\"Reportan como \u2018perdido\u2019 a \u2018El Plaga\u2019, lugarteniente del C\u00e1rtel de Sinaloa en Mexicali - Fuentes Fidedignas\" \/>\n<meta property=\"og:description\" content=\"Cristian Alexis Mendoza Guill\u00e9n fue detenido en 2022. Es identificado como miembro de Los Rusos, brazo armado que responde a las \u00f3rdenes de \u2018El Mayo\u2019 Zambada A casi un a\u00f1o de haber sido detenido, autoridades de Baja California desconocen el paradero de Cristian Alexis Mendoza Guill\u00e9n o Eduardo Ren\u00e9 Robles L\u00f3pez, alias \u2018El Plaga\u2019, identificado [&hellip;]\" \/>\n<meta property=\"og:url\" content=\"https:\/\/fuentesfidedignas.com.mx\/index.php\/2023\/10\/17\/reportan-como-perdido-a-el-plaga-lugarteniente-del-cartel-de-sinaloa-en-mexicali\/\" \/>\n<meta property=\"og:site_name\" content=\"Fuentes Fidedignas\" \/>\n<meta property=\"article:publisher\" content=\"https:\/\/www.facebook.com\/Fuentes-Fidedignas-368234489921644\" \/>\n<meta property=\"article:published_time\" content=\"2023-10-17T14:40:41+00:00\" \/>\n<meta property=\"og:image\" content=\"https:\/\/fuentesfidedignas.com.mx\/wp-content\/uploads\/2023\/10\/EL-PLAGA.jpg\" \/>\n\t<meta property=\"og:image:width\" content=\"1059\" \/>\n\t<meta property=\"og:image:height\" content=\"601\" \/>\n\t<meta property=\"og:image:type\" content=\"image\/jpeg\" \/>\n<meta name=\"author\" content=\"Infobae\" \/>\n<meta name=\"twitter:card\" content=\"summary_large_image\" \/>\n<meta name=\"twitter:creator\" content=\"@fidedignas\" \/>\n<meta name=\"twitter:site\" content=\"@fidedignas\" \/>\n<meta name=\"twitter:label1\" content=\"Escrito por\" \/>\n\t<meta name=\"twitter:data1\" content=\"Infobae\" \/>\n\t<meta name=\"twitter:label2\" content=\"Tiempo de lectura\" \/>\n\t<meta name=\"twitter:data2\" content=\"3 minutos\" \/>\n<script type=\"application\/ld+json\" class=\"yoast-schema-graph\">{\"@context\":\"https:\\\/\\\/schema.org\",\"@graph\":[{\"@type\":\"Article\",\"@id\":\"https:\\\/\\\/fuentesfidedignas.com.mx\\\/index.php\\\/2023\\\/10\\\/17\\\/reportan-como-perdido-a-el-plaga-lugarteniente-del-cartel-de-sinaloa-en-mexicali\\\/#article\",\"isPartOf\":{\"@id\":\"https:\\\/\\\/fuentesfidedignas.com.mx\\\/index.php\\\/2023\\\/10\\\/17\\\/reportan-como-perdido-a-el-plaga-lugarteniente-del-cartel-de-sinaloa-en-mexicali\\\/\"},\"author\":{\"name\":\"Infobae\",\"@id\":\"https:\\\/\\\/fuentesfidedignas.com.mx\\\/#\\\/schema\\\/person\\\/8575896a7c1067d352f6c1cd6582c389\"},\"headline\":\"Reportan como \u2018perdido\u2019 a \u2018El Plaga\u2019, lugarteniente del C\u00e1rtel de Sinaloa en Mexicali\",\"datePublished\":\"2023-10-17T14:40:41+00:00\",\"mainEntityOfPage\":{\"@id\":\"https:\\\/\\\/fuentesfidedignas.com.mx\\\/index.php\\\/2023\\\/10\\\/17\\\/reportan-como-perdido-a-el-plaga-lugarteniente-del-cartel-de-sinaloa-en-mexicali\\\/\"},\"wordCount\":513,\"commentCount\":0,\"publisher\":{\"@id\":\"https:\\\/\\\/fuentesfidedignas.com.mx\\\/#organization\"},\"image\":{\"@id\":\"https:\\\/\\\/fuentesfidedignas.com.mx\\\/index.php\\\/2023\\\/10\\\/17\\\/reportan-como-perdido-a-el-plaga-lugarteniente-del-cartel-de-sinaloa-en-mexicali\\\/#primaryimage\"},\"thumbnailUrl\":\"https:\\\/\\\/fuentesfidedignas.com.mx\\\/wp-content\\\/uploads\\\/2023\\\/10\\\/EL-PLAGA.jpg\",\"articleSection\":[\"NOTICIAS NACIONALES\"],\"inLanguage\":\"es\",\"potentialAction\":[{\"@type\":\"CommentAction\",\"name\":\"Comment\",\"target\":[\"https:\\\/\\\/fuentesfidedignas.com.mx\\\/index.php\\\/2023\\\/10\\\/17\\\/reportan-como-perdido-a-el-plaga-lugarteniente-del-cartel-de-sinaloa-en-mexicali\\\/#respond\"]}]},{\"@type\":\"WebPage\",\"@id\":\"https:\\\/\\\/fuentesfidedignas.com.mx\\\/index.php\\\/2023\\\/10\\\/17\\\/reportan-como-perdido-a-el-plaga-lugarteniente-del-cartel-de-sinaloa-en-mexicali\\\/\",\"url\":\"https:\\\/\\\/fuentesfidedignas.com.mx\\\/index.php\\\/2023\\\/10\\\/17\\\/reportan-como-perdido-a-el-plaga-lugarteniente-del-cartel-de-sinaloa-en-mexicali\\\/\",\"name\":\"Reportan como \u2018perdido\u2019 a \u2018El Plaga\u2019, lugarteniente del C\u00e1rtel de Sinaloa en Mexicali - Fuentes Fidedignas\",\"isPartOf\":{\"@id\":\"https:\\\/\\\/fuentesfidedignas.com.mx\\\/#website\"},\"primaryImageOfPage\":{\"@id\":\"https:\\\/\\\/fuentesfidedignas.com.mx\\\/index.php\\\/2023\\\/10\\\/17\\\/reportan-como-perdido-a-el-plaga-lugarteniente-del-cartel-de-sinaloa-en-mexicali\\\/#primaryimage\"},\"image\":{\"@id\":\"https:\\\/\\\/fuentesfidedignas.com.mx\\\/index.php\\\/2023\\\/10\\\/17\\\/reportan-como-perdido-a-el-plaga-lugarteniente-del-cartel-de-sinaloa-en-mexicali\\\/#primaryimage\"},\"thumbnailUrl\":\"https:\\\/\\\/fuentesfidedignas.com.mx\\\/wp-content\\\/uploads\\\/2023\\\/10\\\/EL-PLAGA.jpg\",\"datePublished\":\"2023-10-17T14:40:41+00:00\",\"breadcrumb\":{\"@id\":\"https:\\\/\\\/fuentesfidedignas.com.mx\\\/index.php\\\/2023\\\/10\\\/17\\\/reportan-como-perdido-a-el-plaga-lugarteniente-del-cartel-de-sinaloa-en-mexicali\\\/#breadcrumb\"},\"inLanguage\":\"es\",\"potentialAction\":[{\"@type\":\"ReadAction\",\"target\":[\"https:\\\/\\\/fuentesfidedignas.com.mx\\\/index.php\\\/2023\\\/10\\\/17\\\/reportan-como-perdido-a-el-plaga-lugarteniente-del-cartel-de-sinaloa-en-mexicali\\\/\"]}]},{\"@type\":\"ImageObject\",\"inLanguage\":\"es\",\"@id\":\"https:\\\/\\\/fuentesfidedignas.com.mx\\\/index.php\\\/2023\\\/10\\\/17\\\/reportan-como-perdido-a-el-plaga-lugarteniente-del-cartel-de-sinaloa-en-mexicali\\\/#primaryimage\",\"url\":\"https:\\\/\\\/fuentesfidedignas.com.mx\\\/wp-content\\\/uploads\\\/2023\\\/10\\\/EL-PLAGA.jpg\",\"contentUrl\":\"https:\\\/\\\/fuentesfidedignas.com.mx\\\/wp-content\\\/uploads\\\/2023\\\/10\\\/EL-PLAGA.jpg\",\"width\":1059,\"height\":601},{\"@type\":\"BreadcrumbList\",\"@id\":\"https:\\\/\\\/fuentesfidedignas.com.mx\\\/index.php\\\/2023\\\/10\\\/17\\\/reportan-como-perdido-a-el-plaga-lugarteniente-del-cartel-de-sinaloa-en-mexicali\\\/#breadcrumb\",\"itemListElement\":[{\"@type\":\"ListItem\",\"position\":1,\"name\":\"Inicio\",\"item\":\"https:\\\/\\\/fuentesfidedignas.com.mx\\\/\"},{\"@type\":\"ListItem\",\"position\":2,\"name\":\"Reportan como \u2018perdido\u2019 a \u2018El Plaga\u2019, lugarteniente del C\u00e1rtel de Sinaloa en Mexicali\"}]},{\"@type\":\"WebSite\",\"@id\":\"https:\\\/\\\/fuentesfidedignas.com.mx\\\/#website\",\"url\":\"https:\\\/\\\/fuentesfidedignas.com.mx\\\/\",\"name\":\"Fuentes Fidedignas\",\"description\":\"Otro sitio realizado con WordPress\",\"publisher\":{\"@id\":\"https:\\\/\\\/fuentesfidedignas.com.mx\\\/#organization\"},\"potentialAction\":[{\"@type\":\"SearchAction\",\"target\":{\"@type\":\"EntryPoint\",\"urlTemplate\":\"https:\\\/\\\/fuentesfidedignas.com.mx\\\/?s={search_term_string}\"},\"query-input\":{\"@type\":\"PropertyValueSpecification\",\"valueRequired\":true,\"valueName\":\"search_term_string\"}}],\"inLanguage\":\"es\"},{\"@type\":\"Organization\",\"@id\":\"https:\\\/\\\/fuentesfidedignas.com.mx\\\/#organization\",\"name\":\"Fuentes Fidedignas\",\"url\":\"https:\\\/\\\/fuentesfidedignas.com.mx\\\/\",\"logo\":{\"@type\":\"ImageObject\",\"inLanguage\":\"es\",\"@id\":\"https:\\\/\\\/fuentesfidedignas.com.mx\\\/#\\\/schema\\\/logo\\\/image\\\/\",\"url\":\"https:\\\/\\\/fuentesfidedignas.com.mx\\\/wp-content\\\/uploads\\\/2021\\\/04\\\/logo-retina.png\",\"contentUrl\":\"https:\\\/\\\/fuentesfidedignas.com.mx\\\/wp-content\\\/uploads\\\/2021\\\/04\\\/logo-retina.png\",\"width\":280,\"height\":51,\"caption\":\"Fuentes Fidedignas\"},\"image\":{\"@id\":\"https:\\\/\\\/fuentesfidedignas.com.mx\\\/#\\\/schema\\\/logo\\\/image\\\/\"},\"sameAs\":[\"https:\\\/\\\/www.facebook.com\\\/Fuentes-Fidedignas-368234489921644\",\"https:\\\/\\\/x.com\\\/fidedignas\"]},{\"@type\":\"Person\",\"@id\":\"https:\\\/\\\/fuentesfidedignas.com.mx\\\/#\\\/schema\\\/person\\\/8575896a7c1067d352f6c1cd6582c389\",\"name\":\"Infobae\",\"image\":{\"@type\":\"ImageObject\",\"inLanguage\":\"es\",\"@id\":\"https:\\\/\\\/secure.gravatar.com\\\/avatar\\\/e4ec95706f8d1670343f6526fdcec45474bab17475a851434a64ca12b5acba1c?s=96&d=mm&r=g\",\"url\":\"https:\\\/\\\/secure.gravatar.com\\\/avatar\\\/e4ec95706f8d1670343f6526fdcec45474bab17475a851434a64ca12b5acba1c?s=96&d=mm&r=g\",\"contentUrl\":\"https:\\\/\\\/secure.gravatar.com\\\/avatar\\\/e4ec95706f8d1670343f6526fdcec45474bab17475a851434a64ca12b5acba1c?s=96&d=mm&r=g\",\"caption\":\"Infobae\"},\"url\":\"https:\\\/\\\/fuentesfidedignas.com.mx\\\/index.php\\\/author\\\/infobae\\\/\"}]}<\/script>\n<!-- \/ Yoast SEO plugin. -->","yoast_head_json":{"title":"Reportan como \u2018perdido\u2019 a \u2018El Plaga\u2019, lugarteniente del C\u00e1rtel de Sinaloa en Mexicali - Fuentes Fidedignas","robots":{"index":"index","follow":"follow","max-snippet":"max-snippet:-1","max-image-preview":"max-image-preview:large","max-video-preview":"max-video-preview:-1"},"canonical":"https:\/\/fuentesfidedignas.com.mx\/index.php\/2023\/10\/17\/reportan-como-perdido-a-el-plaga-lugarteniente-del-cartel-de-sinaloa-en-mexicali\/","og_locale":"es_MX","og_type":"article","og_title":"Reportan como \u2018perdido\u2019 a \u2018El Plaga\u2019, lugarteniente del C\u00e1rtel de Sinaloa en Mexicali - Fuentes Fidedignas","og_description":"Cristian Alexis Mendoza Guill\u00e9n fue detenido en 2022. Es identificado como miembro de Los Rusos, brazo armado que responde a las \u00f3rdenes de \u2018El Mayo\u2019 Zambada A casi un a\u00f1o de haber sido detenido, autoridades de Baja California desconocen el paradero de Cristian Alexis Mendoza Guill\u00e9n o Eduardo Ren\u00e9 Robles L\u00f3pez, alias \u2018El Plaga\u2019, identificado [&hellip;]","og_url":"https:\/\/fuentesfidedignas.com.mx\/index.php\/2023\/10\/17\/reportan-como-perdido-a-el-plaga-lugarteniente-del-cartel-de-sinaloa-en-mexicali\/","og_site_name":"Fuentes Fidedignas","article_publisher":"https:\/\/www.facebook.com\/Fuentes-Fidedignas-368234489921644","article_published_time":"2023-10-17T14:40:41+00:00","og_image":[{"width":1059,"height":601,"url":"https:\/\/fuentesfidedignas.com.mx\/wp-content\/uploads\/2023\/10\/EL-PLAGA.jpg","type":"image\/jpeg"}],"author":"Infobae","twitter_card":"summary_large_image","twitter_creator":"@fidedignas","twitter_site":"@fidedignas","twitter_misc":{"Escrito por":"Infobae","Tiempo de lectura":"3 minutos"},"schema":{"@context":"https:\/\/schema.org","@graph":[{"@type":"Article","@id":"https:\/\/fuentesfidedignas.com.mx\/index.php\/2023\/10\/17\/reportan-como-perdido-a-el-plaga-lugarteniente-del-cartel-de-sinaloa-en-mexicali\/#article","isPartOf":{"@id":"https:\/\/fuentesfidedignas.com.mx\/index.php\/2023\/10\/17\/reportan-como-perdido-a-el-plaga-lugarteniente-del-cartel-de-sinaloa-en-mexicali\/"},"author":{"name":"Infobae","@id":"https:\/\/fuentesfidedignas.com.mx\/#\/schema\/person\/8575896a7c1067d352f6c1cd6582c389"},"headline":"Reportan como \u2018perdido\u2019 a \u2018El Plaga\u2019, lugarteniente del C\u00e1rtel de Sinaloa en Mexicali","datePublished":"2023-10-17T14:40:41+00:00","mainEntityOfPage":{"@id":"https:\/\/fuentesfidedignas.com.mx\/index.php\/2023\/10\/17\/reportan-como-perdido-a-el-plaga-lugarteniente-del-cartel-de-sinaloa-en-mexicali\/"},"wordCount":513,"commentCount":0,"publisher":{"@id":"https:\/\/fuentesfidedignas.com.mx\/#organization"},"image":{"@id":"https:\/\/fuentesfidedignas.com.mx\/index.php\/2023\/10\/17\/reportan-como-perdido-a-el-plaga-lugarteniente-del-cartel-de-sinaloa-en-mexicali\/#primaryimage"},"thumbnailUrl":"https:\/\/fuentesfidedignas.com.mx\/wp-content\/uploads\/2023\/10\/EL-PLAGA.jpg","articleSection":["NOTICIAS NACIONALES"],"inLanguage":"es","potentialAction":[{"@type":"CommentAction","name":"Comment","target":["https:\/\/fuentesfidedignas.com.mx\/index.php\/2023\/10\/17\/reportan-como-perdido-a-el-plaga-lugarteniente-del-cartel-de-sinaloa-en-mexicali\/#respond"]}]},{"@type":"WebPage","@id":"https:\/\/fuentesfidedignas.com.mx\/index.php\/2023\/10\/17\/reportan-como-perdido-a-el-plaga-lugarteniente-del-cartel-de-sinaloa-en-mexicali\/","url":"https:\/\/fuentesfidedignas.com.mx\/index.php\/2023\/10\/17\/reportan-como-perdido-a-el-plaga-lugarteniente-del-cartel-de-sinaloa-en-mexicali\/","name":"Reportan como \u2018perdido\u2019 a \u2018El Plaga\u2019, lugarteniente del C\u00e1rtel de Sinaloa en Mexicali - Fuentes Fidedignas","isPartOf":{"@id":"https:\/\/fuentesfidedignas.com.mx\/#website"},"primaryImageOfPage":{"@id":"https:\/\/fuentesfidedignas.com.mx\/index.php\/2023\/10\/17\/reportan-como-perdido-a-el-plaga-lugarteniente-del-cartel-de-sinaloa-en-mexicali\/#primaryimage"},"image":{"@id":"https:\/\/fuentesfidedignas.com.mx\/index.php\/2023\/10\/17\/reportan-como-perdido-a-el-plaga-lugarteniente-del-cartel-de-sinaloa-en-mexicali\/#primaryimage"},"thumbnailUrl":"https:\/\/fuentesfidedignas.com.mx\/wp-content\/uploads\/2023\/10\/EL-PLAGA.jpg","datePublished":"2023-10-17T14:40:41+00:00","breadcrumb":{"@id":"https:\/\/fuentesfidedignas.com.mx\/index.php\/2023\/10\/17\/reportan-como-perdido-a-el-plaga-lugarteniente-del-cartel-de-sinaloa-en-mexicali\/#breadcrumb"},"inLanguage":"es","potentialAction":[{"@type":"ReadAction","target":["https:\/\/fuentesfidedignas.com.mx\/index.php\/2023\/10\/17\/reportan-como-perdido-a-el-plaga-lugarteniente-del-cartel-de-sinaloa-en-mexicali\/"]}]},{"@type":"ImageObject","inLanguage":"es","@id":"https:\/\/fuentesfidedignas.com.mx\/index.php\/2023\/10\/17\/reportan-como-perdido-a-el-plaga-lugarteniente-del-cartel-de-sinaloa-en-mexicali\/#primaryimage","url":"https:\/\/fuentesfidedignas.com.mx\/wp-content\/uploads\/2023\/10\/EL-PLAGA.jpg","contentUrl":"https:\/\/fuentesfidedignas.com.mx\/wp-content\/uploads\/2023\/10\/EL-PLAGA.jpg","width":1059,"height":601},{"@type":"BreadcrumbList","@id":"https:\/\/fuentesfidedignas.com.mx\/index.php\/2023\/10\/17\/reportan-como-perdido-a-el-plaga-lugarteniente-del-cartel-de-sinaloa-en-mexicali\/#breadcrumb","itemListElement":[{"@type":"ListItem","position":1,"name":"Inicio","item":"https:\/\/fuentesfidedignas.com.mx\/"},{"@type":"ListItem","position":2,"name":"Reportan como \u2018perdido\u2019 a \u2018El Plaga\u2019, lugarteniente del C\u00e1rtel de Sinaloa en Mexicali"}]},{"@type":"WebSite","@id":"https:\/\/fuentesfidedignas.com.mx\/#website","url":"https:\/\/fuentesfidedignas.com.mx\/","name":"Fuentes Fidedignas","description":"Otro sitio realizado con WordPress","publisher":{"@id":"https:\/\/fuentesfidedignas.com.mx\/#organization"},"potentialAction":[{"@type":"SearchAction","target":{"@type":"EntryPoint","urlTemplate":"https:\/\/fuentesfidedignas.com.mx\/?s={search_term_string}"},"query-input":{"@type":"PropertyValueSpecification","valueRequired":true,"valueName":"search_term_string"}}],"inLanguage":"es"},{"@type":"Organization","@id":"https:\/\/fuentesfidedignas.com.mx\/#organization","name":"Fuentes Fidedignas","url":"https:\/\/fuentesfidedignas.com.mx\/","logo":{"@type":"ImageObject","inLanguage":"es","@id":"https:\/\/fuentesfidedignas.com.mx\/#\/schema\/logo\/image\/","url":"https:\/\/fuentesfidedignas.com.mx\/wp-content\/uploads\/2021\/04\/logo-retina.png","contentUrl":"https:\/\/fuentesfidedignas.com.mx\/wp-content\/uploads\/2021\/04\/logo-retina.png","width":280,"height":51,"caption":"Fuentes Fidedignas"},"image":{"@id":"https:\/\/fuentesfidedignas.com.mx\/#\/schema\/logo\/image\/"},"sameAs":["https:\/\/www.facebook.com\/Fuentes-Fidedignas-368234489921644","https:\/\/x.com\/fidedignas"]},{"@type":"Person","@id":"https:\/\/fuentesfidedignas.com.mx\/#\/schema\/person\/8575896a7c1067d352f6c1cd6582c389","name":"Infobae","image":{"@type":"ImageObject","inLanguage":"es","@id":"https:\/\/secure.gravatar.com\/avatar\/e4ec95706f8d1670343f6526fdcec45474bab17475a851434a64ca12b5acba1c?s=96&d=mm&r=g","url":"https:\/\/secure.gravatar.com\/avatar\/e4ec95706f8d1670343f6526fdcec45474bab17475a851434a64ca12b5acba1c?s=96&d=mm&r=g","contentUrl":"https:\/\/secure.gravatar.com\/avatar\/e4ec95706f8d1670343f6526fdcec45474bab17475a851434a64ca12b5acba1c?s=96&d=mm&r=g","caption":"Infobae"},"url":"https:\/\/fuentesfidedignas.com.mx\/index.php\/author\/infobae\/"}]}},"_links":{"self":[{"href":"https:\/\/fuentesfidedignas.com.mx\/index.php\/wp-json\/wp\/v2\/posts\/62666","targetHints":{"allow":["GET"]}}],"collection":[{"href":"https:\/\/fuentesfidedignas.com.mx\/index.php\/wp-json\/wp\/v2\/posts"}],"about":[{"href":"https:\/\/fuentesfidedignas.com.mx\/index.php\/wp-json\/wp\/v2\/types\/post"}],"author":[{"embeddable":true,"href":"https:\/\/fuentesfidedignas.com.mx\/index.php\/wp-json\/wp\/v2\/users\/41"}],"replies":[{"embeddable":true,"href":"https:\/\/fuentesfidedignas.com.mx\/index.php\/wp-json\/wp\/v2\/comments?post=62666"}],"version-history":[{"count":1,"href":"https:\/\/fuentesfidedignas.com.mx\/index.php\/wp-json\/wp\/v2\/posts\/62666\/revisions"}],"predecessor-version":[{"id":62668,"href":"https:\/\/fuentesfidedignas.com.mx\/index.php\/wp-json\/wp\/v2\/posts\/62666\/revisions\/62668"}],"wp:featuredmedia":[{"embeddable":true,"href":"https:\/\/fuentesfidedignas.com.mx\/index.php\/wp-json\/wp\/v2\/media\/62667"}],"wp:attachment":[{"href":"https:\/\/fuentesfidedignas.com.mx\/index.php\/wp-json\/wp\/v2\/media?parent=62666"}],"wp:term":[{"taxonomy":"category","embeddable":true,"href":"https:\/\/fuentesfidedignas.com.mx\/index.php\/wp-json\/wp\/v2\/categories?post=62666"},{"taxonomy":"post_tag","embeddable":true,"href":"https:\/\/fuentesfidedignas.com.mx\/index.php\/wp-json\/wp\/v2\/tags?post=62666"}],"curies":[{"name":"wp","href":"https:\/\/api.w.org\/{rel}","templated":true}]}}