{"id":62633,"date":"2023-10-16T18:38:10","date_gmt":"2023-10-17T01:38:10","guid":{"rendered":"https:\/\/fuentesfidedignas.com.mx\/?p=62633"},"modified":"2023-10-16T18:38:45","modified_gmt":"2023-10-17T01:38:45","slug":"cofepris-da-opinion-favorable-a-vacuna-de-pfizer-contra-covid-19-y-se-la-niega-a-astrazeneca","status":"publish","type":"post","link":"https:\/\/fuentesfidedignas.com.mx\/index.php\/2023\/10\/16\/cofepris-da-opinion-favorable-a-vacuna-de-pfizer-contra-covid-19-y-se-la-niega-a-astrazeneca\/","title":{"rendered":"Cofepris da opini\u00f3n favorable a vacuna de Pfizer contra Covid-19 y se la niega a AstraZeneca"},"content":{"rendered":"\n<p><strong><em>Pfizer obtuvo una opini\u00f3n favorable sobre su vacuna contra el Covid-19 por lo que avanzar\u00e1 el proceso para su comercializaci\u00f3n en M\u00e9xico<\/em><\/strong><\/p>\n\n\n\n<p>Ciudad de M\u00e9xico.- Pfizer obtuvo una opini\u00f3n favorable sobre su vacuna contra el COVID-19 por lo que avanzar\u00e1 el proceso para su comercializaci\u00f3n en M\u00e9xico<\/p>\n\n\n\n<p>La Comisi\u00f3n Federal para la Protecci\u00f3n contra Riesgos Sanitarios (Cofepris) dio a conocer que el Comit\u00e9 de Mol\u00e9culas Nuevas (CMN) evalu\u00f3 la informaci\u00f3n t\u00e9cnica y cient\u00edfica proporcionada por Pfizer S.A. de C.V. sobre su vacuna contra el virus SARS-CoV-2, causante de COVID-19, y emiti\u00f3 una opini\u00f3n favorable.<\/p>\n\n\n\n<blockquote class=\"twitter-tweet\"><p lang=\"es\" dir=\"ltr\">Comit\u00e9 de Mol\u00e9culas Nuevas de Cofepris emite opini\u00f3n favorable a vacuna anti-COVID de Pfizer.<br><br>\ud83d\udc89<a href=\"https:\/\/t.co\/Hsm4Qfck4A\">https:\/\/t.co\/Hsm4Qfck4A<\/a> <a href=\"https:\/\/t.co\/WEzLXQwJr3\">pic.twitter.com\/WEzLXQwJr3<\/a><\/p>&mdash; COFEPRIS (@COFEPRIS) <a href=\"https:\/\/twitter.com\/COFEPRIS\/status\/1714062011368194177?ref_src=twsrc%5Etfw\">October 16, 2023<\/a><\/blockquote> <script async src=\"https:\/\/platform.twitter.com\/widgets.js\" charset=\"utf-8\"><\/script>\n\n\n\n<p>A trav\u00e9s de un comunicado, Cofepris indic\u00f3 que la opini\u00f3n favorable es el primer paso en el proceso de transici\u00f3n del uso de emergencia al registro sanitario, lo cual permitir\u00e1, en caso de completar exitosamente todas las etapas, su comercializaci\u00f3n en el mercado nacional.<\/p>\n\n\n\n<p>Por otra parte, neg\u00f3 este lunes la opini\u00f3n favorable a la vacuna de AstraZeneca, ChAdOx-1-S, para que contin\u00fae su proceso de registro para que pueda ser comercializada en M\u00e9xico.<\/p>\n\n\n\n<p>De acuerdo con reportes, los representantes de la farmac\u00e9utica no ofrecieron datos espec\u00edficos sobre la inmunogenicidad, sino datos observacionales sobre la efectividad de la vacuna.<\/p>\n\n\n\n<p>Tampoco habr\u00edan dado informaci\u00f3n sobre la farmacovigilancia y eventos adversos reportados en M\u00e9xico, adem\u00e1s de que tampoco se contest\u00f3 consistentemente los beneficios que da esta inoculaci\u00f3n a la poblaci\u00f3n vulnerable.<\/p>\n\n\n\n<p>La opini\u00f3n favorable es el primer paso en el proceso de transici\u00f3n del uso de emergencia al registro sanitario, lo cual permitir\u00e1, en caso de completar exitosamente todas las etapas, su comercializaci\u00f3n en el mercado nacional.<\/p>\n\n\n\n<p>El Comit\u00e9 de Mol\u00e9culas Nuevas tiene pendiente a\u00fan el an\u00e1lisis de las vacunas contra COVID-19 de Moderna (Spikevax y Spikevax bivalente), por lo que sesionar\u00e1 ma\u00f1ana martes 17 de octubre alrededor del mediod\u00eda.<\/p>\n","protected":false},"excerpt":{"rendered":"<p>Pfizer obtuvo una opini\u00f3n favorable sobre su vacuna contra el Covid-19 por lo que avanzar\u00e1 el proceso para su comercializaci\u00f3n en M\u00e9xico Ciudad de M\u00e9xico.- Pfizer obtuvo una opini\u00f3n favorable sobre su vacuna contra el COVID-19 por lo que avanzar\u00e1 el proceso para su comercializaci\u00f3n en M\u00e9xico La Comisi\u00f3n Federal para la Protecci\u00f3n contra Riesgos [&hellip;]<\/p>\n","protected":false},"author":47,"featured_media":62638,"comment_status":"open","ping_status":"open","sticky":false,"template":"","format":"standard","meta":{"tdm_status":"","tdm_grid_status":"","footnotes":""},"categories":[39],"tags":[],"class_list":{"0":"post-62633","1":"post","2":"type-post","3":"status-publish","4":"format-standard","5":"has-post-thumbnail","7":"category-noticias-nacionales"},"yoast_head":"<!-- This site is optimized with the Yoast SEO plugin v27.5 - https:\/\/yoast.com\/product\/yoast-seo-wordpress\/ -->\n<title>Cofepris da opini\u00f3n favorable a vacuna de Pfizer contra Covid-19 y se la niega a AstraZeneca - Fuentes Fidedignas<\/title>\n<meta name=\"robots\" content=\"index, follow, max-snippet:-1, max-image-preview:large, max-video-preview:-1\" \/>\n<link rel=\"canonical\" href=\"https:\/\/fuentesfidedignas.com.mx\/index.php\/2023\/10\/16\/cofepris-da-opinion-favorable-a-vacuna-de-pfizer-contra-covid-19-y-se-la-niega-a-astrazeneca\/\" \/>\n<meta property=\"og:locale\" content=\"es_MX\" \/>\n<meta property=\"og:type\" content=\"article\" \/>\n<meta property=\"og:title\" content=\"Cofepris da opini\u00f3n favorable a vacuna de Pfizer contra Covid-19 y se la niega a AstraZeneca - Fuentes Fidedignas\" \/>\n<meta property=\"og:description\" content=\"Pfizer obtuvo una opini\u00f3n favorable sobre su vacuna contra el Covid-19 por lo que avanzar\u00e1 el proceso para su comercializaci\u00f3n en M\u00e9xico Ciudad de M\u00e9xico.- Pfizer obtuvo una opini\u00f3n favorable sobre su vacuna contra el COVID-19 por lo que avanzar\u00e1 el proceso para su comercializaci\u00f3n en M\u00e9xico La Comisi\u00f3n Federal para la Protecci\u00f3n contra Riesgos [&hellip;]\" \/>\n<meta property=\"og:url\" content=\"https:\/\/fuentesfidedignas.com.mx\/index.php\/2023\/10\/16\/cofepris-da-opinion-favorable-a-vacuna-de-pfizer-contra-covid-19-y-se-la-niega-a-astrazeneca\/\" \/>\n<meta property=\"og:site_name\" content=\"Fuentes Fidedignas\" \/>\n<meta property=\"article:publisher\" content=\"https:\/\/www.facebook.com\/Fuentes-Fidedignas-368234489921644\" \/>\n<meta property=\"article:published_time\" content=\"2023-10-17T01:38:10+00:00\" \/>\n<meta property=\"article:modified_time\" content=\"2023-10-17T01:38:45+00:00\" \/>\n<meta property=\"og:image\" content=\"https:\/\/fuentesfidedignas.com.mx\/wp-content\/uploads\/2023\/10\/VACUNA_PFIZER.jpg\" \/>\n\t<meta property=\"og:image:width\" content=\"900\" \/>\n\t<meta property=\"og:image:height\" content=\"551\" \/>\n\t<meta property=\"og:image:type\" content=\"image\/jpeg\" \/>\n<meta name=\"author\" content=\"L\u00f3pez D\u00f3riga\" \/>\n<meta name=\"twitter:card\" content=\"summary_large_image\" \/>\n<meta name=\"twitter:creator\" content=\"@fidedignas\" \/>\n<meta name=\"twitter:site\" content=\"@fidedignas\" \/>\n<meta name=\"twitter:label1\" content=\"Escrito por\" \/>\n\t<meta name=\"twitter:data1\" content=\"L\u00f3pez D\u00f3riga\" \/>\n\t<meta name=\"twitter:label2\" content=\"Tiempo de lectura\" \/>\n\t<meta name=\"twitter:data2\" content=\"2 minutos\" \/>\n<script type=\"application\/ld+json\" class=\"yoast-schema-graph\">{\"@context\":\"https:\\\/\\\/schema.org\",\"@graph\":[{\"@type\":\"Article\",\"@id\":\"https:\\\/\\\/fuentesfidedignas.com.mx\\\/index.php\\\/2023\\\/10\\\/16\\\/cofepris-da-opinion-favorable-a-vacuna-de-pfizer-contra-covid-19-y-se-la-niega-a-astrazeneca\\\/#article\",\"isPartOf\":{\"@id\":\"https:\\\/\\\/fuentesfidedignas.com.mx\\\/index.php\\\/2023\\\/10\\\/16\\\/cofepris-da-opinion-favorable-a-vacuna-de-pfizer-contra-covid-19-y-se-la-niega-a-astrazeneca\\\/\"},\"author\":{\"name\":\"L\u00f3pez D\u00f3riga\",\"@id\":\"https:\\\/\\\/fuentesfidedignas.com.mx\\\/#\\\/schema\\\/person\\\/67d852f0557c8509146a4b9ddebd543a\"},\"headline\":\"Cofepris da opini\u00f3n favorable a vacuna de Pfizer contra Covid-19 y se la niega a AstraZeneca\",\"datePublished\":\"2023-10-17T01:38:10+00:00\",\"dateModified\":\"2023-10-17T01:38:45+00:00\",\"mainEntityOfPage\":{\"@id\":\"https:\\\/\\\/fuentesfidedignas.com.mx\\\/index.php\\\/2023\\\/10\\\/16\\\/cofepris-da-opinion-favorable-a-vacuna-de-pfizer-contra-covid-19-y-se-la-niega-a-astrazeneca\\\/\"},\"wordCount\":378,\"commentCount\":0,\"publisher\":{\"@id\":\"https:\\\/\\\/fuentesfidedignas.com.mx\\\/#organization\"},\"image\":{\"@id\":\"https:\\\/\\\/fuentesfidedignas.com.mx\\\/index.php\\\/2023\\\/10\\\/16\\\/cofepris-da-opinion-favorable-a-vacuna-de-pfizer-contra-covid-19-y-se-la-niega-a-astrazeneca\\\/#primaryimage\"},\"thumbnailUrl\":\"https:\\\/\\\/fuentesfidedignas.com.mx\\\/wp-content\\\/uploads\\\/2023\\\/10\\\/VACUNA_PFIZER.jpg\",\"articleSection\":[\"NOTICIAS NACIONALES\"],\"inLanguage\":\"es\",\"potentialAction\":[{\"@type\":\"CommentAction\",\"name\":\"Comment\",\"target\":[\"https:\\\/\\\/fuentesfidedignas.com.mx\\\/index.php\\\/2023\\\/10\\\/16\\\/cofepris-da-opinion-favorable-a-vacuna-de-pfizer-contra-covid-19-y-se-la-niega-a-astrazeneca\\\/#respond\"]}]},{\"@type\":\"WebPage\",\"@id\":\"https:\\\/\\\/fuentesfidedignas.com.mx\\\/index.php\\\/2023\\\/10\\\/16\\\/cofepris-da-opinion-favorable-a-vacuna-de-pfizer-contra-covid-19-y-se-la-niega-a-astrazeneca\\\/\",\"url\":\"https:\\\/\\\/fuentesfidedignas.com.mx\\\/index.php\\\/2023\\\/10\\\/16\\\/cofepris-da-opinion-favorable-a-vacuna-de-pfizer-contra-covid-19-y-se-la-niega-a-astrazeneca\\\/\",\"name\":\"Cofepris da opini\u00f3n favorable a vacuna de Pfizer contra Covid-19 y se la niega a AstraZeneca - Fuentes Fidedignas\",\"isPartOf\":{\"@id\":\"https:\\\/\\\/fuentesfidedignas.com.mx\\\/#website\"},\"primaryImageOfPage\":{\"@id\":\"https:\\\/\\\/fuentesfidedignas.com.mx\\\/index.php\\\/2023\\\/10\\\/16\\\/cofepris-da-opinion-favorable-a-vacuna-de-pfizer-contra-covid-19-y-se-la-niega-a-astrazeneca\\\/#primaryimage\"},\"image\":{\"@id\":\"https:\\\/\\\/fuentesfidedignas.com.mx\\\/index.php\\\/2023\\\/10\\\/16\\\/cofepris-da-opinion-favorable-a-vacuna-de-pfizer-contra-covid-19-y-se-la-niega-a-astrazeneca\\\/#primaryimage\"},\"thumbnailUrl\":\"https:\\\/\\\/fuentesfidedignas.com.mx\\\/wp-content\\\/uploads\\\/2023\\\/10\\\/VACUNA_PFIZER.jpg\",\"datePublished\":\"2023-10-17T01:38:10+00:00\",\"dateModified\":\"2023-10-17T01:38:45+00:00\",\"breadcrumb\":{\"@id\":\"https:\\\/\\\/fuentesfidedignas.com.mx\\\/index.php\\\/2023\\\/10\\\/16\\\/cofepris-da-opinion-favorable-a-vacuna-de-pfizer-contra-covid-19-y-se-la-niega-a-astrazeneca\\\/#breadcrumb\"},\"inLanguage\":\"es\",\"potentialAction\":[{\"@type\":\"ReadAction\",\"target\":[\"https:\\\/\\\/fuentesfidedignas.com.mx\\\/index.php\\\/2023\\\/10\\\/16\\\/cofepris-da-opinion-favorable-a-vacuna-de-pfizer-contra-covid-19-y-se-la-niega-a-astrazeneca\\\/\"]}]},{\"@type\":\"ImageObject\",\"inLanguage\":\"es\",\"@id\":\"https:\\\/\\\/fuentesfidedignas.com.mx\\\/index.php\\\/2023\\\/10\\\/16\\\/cofepris-da-opinion-favorable-a-vacuna-de-pfizer-contra-covid-19-y-se-la-niega-a-astrazeneca\\\/#primaryimage\",\"url\":\"https:\\\/\\\/fuentesfidedignas.com.mx\\\/wp-content\\\/uploads\\\/2023\\\/10\\\/VACUNA_PFIZER.jpg\",\"contentUrl\":\"https:\\\/\\\/fuentesfidedignas.com.mx\\\/wp-content\\\/uploads\\\/2023\\\/10\\\/VACUNA_PFIZER.jpg\",\"width\":900,\"height\":551},{\"@type\":\"BreadcrumbList\",\"@id\":\"https:\\\/\\\/fuentesfidedignas.com.mx\\\/index.php\\\/2023\\\/10\\\/16\\\/cofepris-da-opinion-favorable-a-vacuna-de-pfizer-contra-covid-19-y-se-la-niega-a-astrazeneca\\\/#breadcrumb\",\"itemListElement\":[{\"@type\":\"ListItem\",\"position\":1,\"name\":\"Inicio\",\"item\":\"https:\\\/\\\/fuentesfidedignas.com.mx\\\/\"},{\"@type\":\"ListItem\",\"position\":2,\"name\":\"Cofepris da opini\u00f3n favorable a vacuna de Pfizer contra Covid-19 y se la niega a AstraZeneca\"}]},{\"@type\":\"WebSite\",\"@id\":\"https:\\\/\\\/fuentesfidedignas.com.mx\\\/#website\",\"url\":\"https:\\\/\\\/fuentesfidedignas.com.mx\\\/\",\"name\":\"Fuentes Fidedignas\",\"description\":\"Otro sitio realizado con WordPress\",\"publisher\":{\"@id\":\"https:\\\/\\\/fuentesfidedignas.com.mx\\\/#organization\"},\"potentialAction\":[{\"@type\":\"SearchAction\",\"target\":{\"@type\":\"EntryPoint\",\"urlTemplate\":\"https:\\\/\\\/fuentesfidedignas.com.mx\\\/?s={search_term_string}\"},\"query-input\":{\"@type\":\"PropertyValueSpecification\",\"valueRequired\":true,\"valueName\":\"search_term_string\"}}],\"inLanguage\":\"es\"},{\"@type\":\"Organization\",\"@id\":\"https:\\\/\\\/fuentesfidedignas.com.mx\\\/#organization\",\"name\":\"Fuentes Fidedignas\",\"url\":\"https:\\\/\\\/fuentesfidedignas.com.mx\\\/\",\"logo\":{\"@type\":\"ImageObject\",\"inLanguage\":\"es\",\"@id\":\"https:\\\/\\\/fuentesfidedignas.com.mx\\\/#\\\/schema\\\/logo\\\/image\\\/\",\"url\":\"https:\\\/\\\/fuentesfidedignas.com.mx\\\/wp-content\\\/uploads\\\/2021\\\/04\\\/logo-retina.png\",\"contentUrl\":\"https:\\\/\\\/fuentesfidedignas.com.mx\\\/wp-content\\\/uploads\\\/2021\\\/04\\\/logo-retina.png\",\"width\":280,\"height\":51,\"caption\":\"Fuentes Fidedignas\"},\"image\":{\"@id\":\"https:\\\/\\\/fuentesfidedignas.com.mx\\\/#\\\/schema\\\/logo\\\/image\\\/\"},\"sameAs\":[\"https:\\\/\\\/www.facebook.com\\\/Fuentes-Fidedignas-368234489921644\",\"https:\\\/\\\/x.com\\\/fidedignas\"]},{\"@type\":\"Person\",\"@id\":\"https:\\\/\\\/fuentesfidedignas.com.mx\\\/#\\\/schema\\\/person\\\/67d852f0557c8509146a4b9ddebd543a\",\"name\":\"L\u00f3pez D\u00f3riga\",\"image\":{\"@type\":\"ImageObject\",\"inLanguage\":\"es\",\"@id\":\"https:\\\/\\\/secure.gravatar.com\\\/avatar\\\/e525b06574ca18b33cded59dfe5778d6c823b9513154eff47da551b0551bdd1e?s=96&d=mm&r=g\",\"url\":\"https:\\\/\\\/secure.gravatar.com\\\/avatar\\\/e525b06574ca18b33cded59dfe5778d6c823b9513154eff47da551b0551bdd1e?s=96&d=mm&r=g\",\"contentUrl\":\"https:\\\/\\\/secure.gravatar.com\\\/avatar\\\/e525b06574ca18b33cded59dfe5778d6c823b9513154eff47da551b0551bdd1e?s=96&d=mm&r=g\",\"caption\":\"L\u00f3pez D\u00f3riga\"},\"url\":\"https:\\\/\\\/fuentesfidedignas.com.mx\\\/index.php\\\/author\\\/doriga\\\/\"}]}<\/script>\n<!-- \/ Yoast SEO plugin. -->","yoast_head_json":{"title":"Cofepris da opini\u00f3n favorable a vacuna de Pfizer contra Covid-19 y se la niega a AstraZeneca - Fuentes Fidedignas","robots":{"index":"index","follow":"follow","max-snippet":"max-snippet:-1","max-image-preview":"max-image-preview:large","max-video-preview":"max-video-preview:-1"},"canonical":"https:\/\/fuentesfidedignas.com.mx\/index.php\/2023\/10\/16\/cofepris-da-opinion-favorable-a-vacuna-de-pfizer-contra-covid-19-y-se-la-niega-a-astrazeneca\/","og_locale":"es_MX","og_type":"article","og_title":"Cofepris da opini\u00f3n favorable a vacuna de Pfizer contra Covid-19 y se la niega a AstraZeneca - Fuentes Fidedignas","og_description":"Pfizer obtuvo una opini\u00f3n favorable sobre su vacuna contra el Covid-19 por lo que avanzar\u00e1 el proceso para su comercializaci\u00f3n en M\u00e9xico Ciudad de M\u00e9xico.- Pfizer obtuvo una opini\u00f3n favorable sobre su vacuna contra el COVID-19 por lo que avanzar\u00e1 el proceso para su comercializaci\u00f3n en M\u00e9xico La Comisi\u00f3n Federal para la Protecci\u00f3n contra Riesgos [&hellip;]","og_url":"https:\/\/fuentesfidedignas.com.mx\/index.php\/2023\/10\/16\/cofepris-da-opinion-favorable-a-vacuna-de-pfizer-contra-covid-19-y-se-la-niega-a-astrazeneca\/","og_site_name":"Fuentes Fidedignas","article_publisher":"https:\/\/www.facebook.com\/Fuentes-Fidedignas-368234489921644","article_published_time":"2023-10-17T01:38:10+00:00","article_modified_time":"2023-10-17T01:38:45+00:00","og_image":[{"width":900,"height":551,"url":"https:\/\/fuentesfidedignas.com.mx\/wp-content\/uploads\/2023\/10\/VACUNA_PFIZER.jpg","type":"image\/jpeg"}],"author":"L\u00f3pez D\u00f3riga","twitter_card":"summary_large_image","twitter_creator":"@fidedignas","twitter_site":"@fidedignas","twitter_misc":{"Escrito por":"L\u00f3pez D\u00f3riga","Tiempo de lectura":"2 minutos"},"schema":{"@context":"https:\/\/schema.org","@graph":[{"@type":"Article","@id":"https:\/\/fuentesfidedignas.com.mx\/index.php\/2023\/10\/16\/cofepris-da-opinion-favorable-a-vacuna-de-pfizer-contra-covid-19-y-se-la-niega-a-astrazeneca\/#article","isPartOf":{"@id":"https:\/\/fuentesfidedignas.com.mx\/index.php\/2023\/10\/16\/cofepris-da-opinion-favorable-a-vacuna-de-pfizer-contra-covid-19-y-se-la-niega-a-astrazeneca\/"},"author":{"name":"L\u00f3pez D\u00f3riga","@id":"https:\/\/fuentesfidedignas.com.mx\/#\/schema\/person\/67d852f0557c8509146a4b9ddebd543a"},"headline":"Cofepris da opini\u00f3n favorable a vacuna de Pfizer contra Covid-19 y se la niega a AstraZeneca","datePublished":"2023-10-17T01:38:10+00:00","dateModified":"2023-10-17T01:38:45+00:00","mainEntityOfPage":{"@id":"https:\/\/fuentesfidedignas.com.mx\/index.php\/2023\/10\/16\/cofepris-da-opinion-favorable-a-vacuna-de-pfizer-contra-covid-19-y-se-la-niega-a-astrazeneca\/"},"wordCount":378,"commentCount":0,"publisher":{"@id":"https:\/\/fuentesfidedignas.com.mx\/#organization"},"image":{"@id":"https:\/\/fuentesfidedignas.com.mx\/index.php\/2023\/10\/16\/cofepris-da-opinion-favorable-a-vacuna-de-pfizer-contra-covid-19-y-se-la-niega-a-astrazeneca\/#primaryimage"},"thumbnailUrl":"https:\/\/fuentesfidedignas.com.mx\/wp-content\/uploads\/2023\/10\/VACUNA_PFIZER.jpg","articleSection":["NOTICIAS NACIONALES"],"inLanguage":"es","potentialAction":[{"@type":"CommentAction","name":"Comment","target":["https:\/\/fuentesfidedignas.com.mx\/index.php\/2023\/10\/16\/cofepris-da-opinion-favorable-a-vacuna-de-pfizer-contra-covid-19-y-se-la-niega-a-astrazeneca\/#respond"]}]},{"@type":"WebPage","@id":"https:\/\/fuentesfidedignas.com.mx\/index.php\/2023\/10\/16\/cofepris-da-opinion-favorable-a-vacuna-de-pfizer-contra-covid-19-y-se-la-niega-a-astrazeneca\/","url":"https:\/\/fuentesfidedignas.com.mx\/index.php\/2023\/10\/16\/cofepris-da-opinion-favorable-a-vacuna-de-pfizer-contra-covid-19-y-se-la-niega-a-astrazeneca\/","name":"Cofepris da opini\u00f3n favorable a vacuna de Pfizer contra Covid-19 y se la niega a AstraZeneca - Fuentes Fidedignas","isPartOf":{"@id":"https:\/\/fuentesfidedignas.com.mx\/#website"},"primaryImageOfPage":{"@id":"https:\/\/fuentesfidedignas.com.mx\/index.php\/2023\/10\/16\/cofepris-da-opinion-favorable-a-vacuna-de-pfizer-contra-covid-19-y-se-la-niega-a-astrazeneca\/#primaryimage"},"image":{"@id":"https:\/\/fuentesfidedignas.com.mx\/index.php\/2023\/10\/16\/cofepris-da-opinion-favorable-a-vacuna-de-pfizer-contra-covid-19-y-se-la-niega-a-astrazeneca\/#primaryimage"},"thumbnailUrl":"https:\/\/fuentesfidedignas.com.mx\/wp-content\/uploads\/2023\/10\/VACUNA_PFIZER.jpg","datePublished":"2023-10-17T01:38:10+00:00","dateModified":"2023-10-17T01:38:45+00:00","breadcrumb":{"@id":"https:\/\/fuentesfidedignas.com.mx\/index.php\/2023\/10\/16\/cofepris-da-opinion-favorable-a-vacuna-de-pfizer-contra-covid-19-y-se-la-niega-a-astrazeneca\/#breadcrumb"},"inLanguage":"es","potentialAction":[{"@type":"ReadAction","target":["https:\/\/fuentesfidedignas.com.mx\/index.php\/2023\/10\/16\/cofepris-da-opinion-favorable-a-vacuna-de-pfizer-contra-covid-19-y-se-la-niega-a-astrazeneca\/"]}]},{"@type":"ImageObject","inLanguage":"es","@id":"https:\/\/fuentesfidedignas.com.mx\/index.php\/2023\/10\/16\/cofepris-da-opinion-favorable-a-vacuna-de-pfizer-contra-covid-19-y-se-la-niega-a-astrazeneca\/#primaryimage","url":"https:\/\/fuentesfidedignas.com.mx\/wp-content\/uploads\/2023\/10\/VACUNA_PFIZER.jpg","contentUrl":"https:\/\/fuentesfidedignas.com.mx\/wp-content\/uploads\/2023\/10\/VACUNA_PFIZER.jpg","width":900,"height":551},{"@type":"BreadcrumbList","@id":"https:\/\/fuentesfidedignas.com.mx\/index.php\/2023\/10\/16\/cofepris-da-opinion-favorable-a-vacuna-de-pfizer-contra-covid-19-y-se-la-niega-a-astrazeneca\/#breadcrumb","itemListElement":[{"@type":"ListItem","position":1,"name":"Inicio","item":"https:\/\/fuentesfidedignas.com.mx\/"},{"@type":"ListItem","position":2,"name":"Cofepris da opini\u00f3n favorable a vacuna de Pfizer contra Covid-19 y se la niega a AstraZeneca"}]},{"@type":"WebSite","@id":"https:\/\/fuentesfidedignas.com.mx\/#website","url":"https:\/\/fuentesfidedignas.com.mx\/","name":"Fuentes Fidedignas","description":"Otro sitio realizado con WordPress","publisher":{"@id":"https:\/\/fuentesfidedignas.com.mx\/#organization"},"potentialAction":[{"@type":"SearchAction","target":{"@type":"EntryPoint","urlTemplate":"https:\/\/fuentesfidedignas.com.mx\/?s={search_term_string}"},"query-input":{"@type":"PropertyValueSpecification","valueRequired":true,"valueName":"search_term_string"}}],"inLanguage":"es"},{"@type":"Organization","@id":"https:\/\/fuentesfidedignas.com.mx\/#organization","name":"Fuentes Fidedignas","url":"https:\/\/fuentesfidedignas.com.mx\/","logo":{"@type":"ImageObject","inLanguage":"es","@id":"https:\/\/fuentesfidedignas.com.mx\/#\/schema\/logo\/image\/","url":"https:\/\/fuentesfidedignas.com.mx\/wp-content\/uploads\/2021\/04\/logo-retina.png","contentUrl":"https:\/\/fuentesfidedignas.com.mx\/wp-content\/uploads\/2021\/04\/logo-retina.png","width":280,"height":51,"caption":"Fuentes Fidedignas"},"image":{"@id":"https:\/\/fuentesfidedignas.com.mx\/#\/schema\/logo\/image\/"},"sameAs":["https:\/\/www.facebook.com\/Fuentes-Fidedignas-368234489921644","https:\/\/x.com\/fidedignas"]},{"@type":"Person","@id":"https:\/\/fuentesfidedignas.com.mx\/#\/schema\/person\/67d852f0557c8509146a4b9ddebd543a","name":"L\u00f3pez D\u00f3riga","image":{"@type":"ImageObject","inLanguage":"es","@id":"https:\/\/secure.gravatar.com\/avatar\/e525b06574ca18b33cded59dfe5778d6c823b9513154eff47da551b0551bdd1e?s=96&d=mm&r=g","url":"https:\/\/secure.gravatar.com\/avatar\/e525b06574ca18b33cded59dfe5778d6c823b9513154eff47da551b0551bdd1e?s=96&d=mm&r=g","contentUrl":"https:\/\/secure.gravatar.com\/avatar\/e525b06574ca18b33cded59dfe5778d6c823b9513154eff47da551b0551bdd1e?s=96&d=mm&r=g","caption":"L\u00f3pez D\u00f3riga"},"url":"https:\/\/fuentesfidedignas.com.mx\/index.php\/author\/doriga\/"}]}},"_links":{"self":[{"href":"https:\/\/fuentesfidedignas.com.mx\/index.php\/wp-json\/wp\/v2\/posts\/62633","targetHints":{"allow":["GET"]}}],"collection":[{"href":"https:\/\/fuentesfidedignas.com.mx\/index.php\/wp-json\/wp\/v2\/posts"}],"about":[{"href":"https:\/\/fuentesfidedignas.com.mx\/index.php\/wp-json\/wp\/v2\/types\/post"}],"author":[{"embeddable":true,"href":"https:\/\/fuentesfidedignas.com.mx\/index.php\/wp-json\/wp\/v2\/users\/47"}],"replies":[{"embeddable":true,"href":"https:\/\/fuentesfidedignas.com.mx\/index.php\/wp-json\/wp\/v2\/comments?post=62633"}],"version-history":[{"count":1,"href":"https:\/\/fuentesfidedignas.com.mx\/index.php\/wp-json\/wp\/v2\/posts\/62633\/revisions"}],"predecessor-version":[{"id":62639,"href":"https:\/\/fuentesfidedignas.com.mx\/index.php\/wp-json\/wp\/v2\/posts\/62633\/revisions\/62639"}],"wp:featuredmedia":[{"embeddable":true,"href":"https:\/\/fuentesfidedignas.com.mx\/index.php\/wp-json\/wp\/v2\/media\/62638"}],"wp:attachment":[{"href":"https:\/\/fuentesfidedignas.com.mx\/index.php\/wp-json\/wp\/v2\/media?parent=62633"}],"wp:term":[{"taxonomy":"category","embeddable":true,"href":"https:\/\/fuentesfidedignas.com.mx\/index.php\/wp-json\/wp\/v2\/categories?post=62633"},{"taxonomy":"post_tag","embeddable":true,"href":"https:\/\/fuentesfidedignas.com.mx\/index.php\/wp-json\/wp\/v2\/tags?post=62633"}],"curies":[{"name":"wp","href":"https:\/\/api.w.org\/{rel}","templated":true}]}}