{"id":62630,"date":"2023-10-16T18:34:38","date_gmt":"2023-10-17T01:34:38","guid":{"rendered":"https:\/\/fuentesfidedignas.com.mx\/?p=62630"},"modified":"2023-10-16T18:38:27","modified_gmt":"2023-10-17T01:38:27","slug":"avances-en-inclusion-educativa-en-el-sistema-educativo-mexicano","status":"publish","type":"post","link":"https:\/\/fuentesfidedignas.com.mx\/index.php\/2023\/10\/16\/avances-en-inclusion-educativa-en-el-sistema-educativo-mexicano\/","title":{"rendered":"Avances en Inclusi\u00f3n Educativa en el sistema educativo mexicano"},"content":{"rendered":"\n<p>\u00a0<br>La educaci\u00f3n es un pilar fundamental para el desarrollo de cualquier pa\u00eds. En M\u00e9xico, desde el a\u00f1o 2000, se han llevado a cabo importantes reformas educativas con el prop\u00f3sito de mejorar la calidad y la equidad en el sistema educativo, haciendo \u00e9nfasis en la inclusi\u00f3n de todos los estudiantes, independientemente de sus caracter\u00edsticas personales. A lo largo de estas dos d\u00e9cadas, se han logrado avances significativos hacia una educaci\u00f3n m\u00e1s inclusiva, culminando en la implementaci\u00f3n de la Nueva Escuela Mexicana (NEM).<br>\u00a0<br><strong>Inicio del Siglo XXI: Primeros Esfuerzos<br><\/strong>\u00a0<br>En los albores del siglo XXI, M\u00e9xico ya se encontraba en la senda de la modernizaci\u00f3n educativa. Durante la primera d\u00e9cada del nuevo milenio, se llevaron a cabo reformas clave en la educaci\u00f3n, como la creaci\u00f3n de programas de educaci\u00f3n inclusiva que buscaban garantizar la participaci\u00f3n de estudiantes con discapacidad en el sistema educativo. Sin embargo, en ese momento, estos esfuerzos a\u00fan estaban en una etapa incipiente.<br>\u00a0<br><strong>Reforma Educativa de 2013: Compromiso con la Inclusi\u00f3n<br><\/strong>\u00a0<br>Un hito importante en la historia de la educaci\u00f3n mexicana fue la Reforma Educativa de 2013. Esta reforma estableci\u00f3 la obligatoriedad de la educaci\u00f3n inclusiva en todos los niveles educativos, lo que signific\u00f3 un compromiso fundamental para garantizar que todos los estudiantes, sin importar sus caracter\u00edsticas, tuvieran acceso a una educaci\u00f3n de calidad. Adem\u00e1s, se promovi\u00f3 la creaci\u00f3n de un sistema de educaci\u00f3n inclusiva que buscaba asegurar el acceso, la permanencia, la participaci\u00f3n y el aprendizaje de todos los estudiantes, incluyendo aquellos con discapacidad, en igualdad de condiciones con los dem\u00e1s.<br>\u00a0<br><strong>Nueva Escuela Mexicana (NEM): Un Modelo Inclusivo<br><\/strong>\u00a0<br>Con la implementaci\u00f3n de la Nueva Escuela Mexicana (NEM), M\u00e9xico da un paso significativo hacia una educaci\u00f3n m\u00e1s inclusiva y equitativa. La NEM busca formar ciudadanos activos, participativos y respetuosos de los derechos humanos y la diversidad. Adem\u00e1s, promueve el desarrollo de una alta autoestima, estabilidad emocional, salud f\u00edsica, sexual y reproductiva, y la capacidad de convivir en armon\u00eda con los dem\u00e1s y con el medio ambiente. La NEM tambi\u00e9n enfatiza el fomento del pensamiento cr\u00edtico, propio e independiente, que incluye los saberes culturales aprendidos desde la localidad.<br>\u00a0<br><strong>Un Camino Hacia una Educaci\u00f3n Inclusiva<br><\/strong>\u00a0<br>A lo largo de las \u00faltimas dos d\u00e9cadas, M\u00e9xico ha recorrido un camino significativo en su b\u00fasqueda de una educaci\u00f3n m\u00e1s inclusiva y equitativa. Desde los primeros esfuerzos en la inclusi\u00f3n educativa en el inicio del siglo XXI hasta la Reforma Educativa de 2013 y la implementaci\u00f3n de la Nueva Escuela Mexicana, se han dado pasos firmes hacia la garant\u00eda de una educaci\u00f3n de calidad para todos los estudiantes, independientemente de sus caracter\u00edsticas. El compromiso con la inclusi\u00f3n educativa se ha vuelto una prioridad en el sistema educativo mexicano, y se espera que siga siendo un pilar fundamental en el futuro de la educaci\u00f3n en el pa\u00eds.<\/p>\n","protected":false},"excerpt":{"rendered":"<p>\u00a0La educaci\u00f3n es un pilar fundamental para el desarrollo de cualquier pa\u00eds. En M\u00e9xico, desde el a\u00f1o 2000, se han llevado a cabo importantes reformas educativas con el prop\u00f3sito de mejorar la calidad y la equidad en el sistema educativo, haciendo \u00e9nfasis en la inclusi\u00f3n de todos los estudiantes, independientemente de sus caracter\u00edsticas personales. A [&hellip;]<\/p>\n","protected":false},"author":146,"featured_media":62634,"comment_status":"open","ping_status":"open","sticky":false,"template":"","format":"standard","meta":{"tdm_status":"","tdm_grid_status":"","footnotes":""},"categories":[3064,3089],"tags":[],"class_list":{"0":"post-62630","1":"post","2":"type-post","3":"status-publish","4":"format-standard","5":"has-post-thumbnail","7":"category-columnas","8":"category-nutriendo-la-mente"},"yoast_head":"<!-- This site is optimized with the Yoast SEO plugin v27.5 - https:\/\/yoast.com\/product\/yoast-seo-wordpress\/ -->\n<title>Avances en Inclusi\u00f3n Educativa en el sistema educativo mexicano - Fuentes Fidedignas<\/title>\n<meta name=\"robots\" content=\"index, follow, max-snippet:-1, max-image-preview:large, max-video-preview:-1\" \/>\n<link rel=\"canonical\" href=\"https:\/\/fuentesfidedignas.com.mx\/index.php\/2023\/10\/16\/avances-en-inclusion-educativa-en-el-sistema-educativo-mexicano\/\" \/>\n<meta property=\"og:locale\" content=\"es_MX\" \/>\n<meta property=\"og:type\" content=\"article\" \/>\n<meta property=\"og:title\" content=\"Avances en Inclusi\u00f3n Educativa en el sistema educativo mexicano - Fuentes Fidedignas\" \/>\n<meta property=\"og:description\" content=\"\u00a0La educaci\u00f3n es un pilar fundamental para el desarrollo de cualquier pa\u00eds. En M\u00e9xico, desde el a\u00f1o 2000, se han llevado a cabo importantes reformas educativas con el prop\u00f3sito de mejorar la calidad y la equidad en el sistema educativo, haciendo \u00e9nfasis en la inclusi\u00f3n de todos los estudiantes, independientemente de sus caracter\u00edsticas personales. A [&hellip;]\" \/>\n<meta property=\"og:url\" content=\"https:\/\/fuentesfidedignas.com.mx\/index.php\/2023\/10\/16\/avances-en-inclusion-educativa-en-el-sistema-educativo-mexicano\/\" \/>\n<meta property=\"og:site_name\" content=\"Fuentes Fidedignas\" \/>\n<meta property=\"article:publisher\" content=\"https:\/\/www.facebook.com\/Fuentes-Fidedignas-368234489921644\" \/>\n<meta property=\"article:published_time\" content=\"2023-10-17T01:34:38+00:00\" \/>\n<meta property=\"article:modified_time\" content=\"2023-10-17T01:38:27+00:00\" \/>\n<meta property=\"og:image\" content=\"https:\/\/fuentesfidedignas.com.mx\/wp-content\/uploads\/2023\/10\/pexels-pavel-danilyuk-8422206-scaled.jpg\" \/>\n\t<meta property=\"og:image:width\" content=\"1709\" \/>\n\t<meta property=\"og:image:height\" content=\"2560\" \/>\n\t<meta property=\"og:image:type\" content=\"image\/jpeg\" \/>\n<meta name=\"author\" content=\"Mtro. Horacio de Jes\u00fas Malcampo Moreno\" \/>\n<meta name=\"twitter:card\" content=\"summary_large_image\" \/>\n<meta name=\"twitter:creator\" content=\"@fidedignas\" \/>\n<meta name=\"twitter:site\" content=\"@fidedignas\" \/>\n<meta name=\"twitter:label1\" content=\"Escrito por\" \/>\n\t<meta name=\"twitter:data1\" content=\"Mtro. Horacio de Jes\u00fas Malcampo Moreno\" \/>\n\t<meta name=\"twitter:label2\" content=\"Tiempo de lectura\" \/>\n\t<meta name=\"twitter:data2\" content=\"3 minutos\" \/>\n<script type=\"application\/ld+json\" class=\"yoast-schema-graph\">{\"@context\":\"https:\\\/\\\/schema.org\",\"@graph\":[{\"@type\":\"Article\",\"@id\":\"https:\\\/\\\/fuentesfidedignas.com.mx\\\/index.php\\\/2023\\\/10\\\/16\\\/avances-en-inclusion-educativa-en-el-sistema-educativo-mexicano\\\/#article\",\"isPartOf\":{\"@id\":\"https:\\\/\\\/fuentesfidedignas.com.mx\\\/index.php\\\/2023\\\/10\\\/16\\\/avances-en-inclusion-educativa-en-el-sistema-educativo-mexicano\\\/\"},\"author\":{\"name\":\"Mtro. Horacio de Jes\u00fas Malcampo Moreno\",\"@id\":\"https:\\\/\\\/fuentesfidedignas.com.mx\\\/#\\\/schema\\\/person\\\/3f687c55082c557a647c7836bde45728\"},\"headline\":\"Avances en Inclusi\u00f3n Educativa en el sistema educativo mexicano\",\"datePublished\":\"2023-10-17T01:34:38+00:00\",\"dateModified\":\"2023-10-17T01:38:27+00:00\",\"mainEntityOfPage\":{\"@id\":\"https:\\\/\\\/fuentesfidedignas.com.mx\\\/index.php\\\/2023\\\/10\\\/16\\\/avances-en-inclusion-educativa-en-el-sistema-educativo-mexicano\\\/\"},\"wordCount\":520,\"commentCount\":0,\"publisher\":{\"@id\":\"https:\\\/\\\/fuentesfidedignas.com.mx\\\/#organization\"},\"image\":{\"@id\":\"https:\\\/\\\/fuentesfidedignas.com.mx\\\/index.php\\\/2023\\\/10\\\/16\\\/avances-en-inclusion-educativa-en-el-sistema-educativo-mexicano\\\/#primaryimage\"},\"thumbnailUrl\":\"https:\\\/\\\/fuentesfidedignas.com.mx\\\/wp-content\\\/uploads\\\/2023\\\/10\\\/pexels-pavel-danilyuk-8422206-scaled.jpg\",\"articleSection\":[\"COLUMNAS\",\"NUTRIENDO LA MENTE\"],\"inLanguage\":\"es\",\"potentialAction\":[{\"@type\":\"CommentAction\",\"name\":\"Comment\",\"target\":[\"https:\\\/\\\/fuentesfidedignas.com.mx\\\/index.php\\\/2023\\\/10\\\/16\\\/avances-en-inclusion-educativa-en-el-sistema-educativo-mexicano\\\/#respond\"]}]},{\"@type\":\"WebPage\",\"@id\":\"https:\\\/\\\/fuentesfidedignas.com.mx\\\/index.php\\\/2023\\\/10\\\/16\\\/avances-en-inclusion-educativa-en-el-sistema-educativo-mexicano\\\/\",\"url\":\"https:\\\/\\\/fuentesfidedignas.com.mx\\\/index.php\\\/2023\\\/10\\\/16\\\/avances-en-inclusion-educativa-en-el-sistema-educativo-mexicano\\\/\",\"name\":\"Avances en Inclusi\u00f3n Educativa en el sistema educativo mexicano - Fuentes Fidedignas\",\"isPartOf\":{\"@id\":\"https:\\\/\\\/fuentesfidedignas.com.mx\\\/#website\"},\"primaryImageOfPage\":{\"@id\":\"https:\\\/\\\/fuentesfidedignas.com.mx\\\/index.php\\\/2023\\\/10\\\/16\\\/avances-en-inclusion-educativa-en-el-sistema-educativo-mexicano\\\/#primaryimage\"},\"image\":{\"@id\":\"https:\\\/\\\/fuentesfidedignas.com.mx\\\/index.php\\\/2023\\\/10\\\/16\\\/avances-en-inclusion-educativa-en-el-sistema-educativo-mexicano\\\/#primaryimage\"},\"thumbnailUrl\":\"https:\\\/\\\/fuentesfidedignas.com.mx\\\/wp-content\\\/uploads\\\/2023\\\/10\\\/pexels-pavel-danilyuk-8422206-scaled.jpg\",\"datePublished\":\"2023-10-17T01:34:38+00:00\",\"dateModified\":\"2023-10-17T01:38:27+00:00\",\"breadcrumb\":{\"@id\":\"https:\\\/\\\/fuentesfidedignas.com.mx\\\/index.php\\\/2023\\\/10\\\/16\\\/avances-en-inclusion-educativa-en-el-sistema-educativo-mexicano\\\/#breadcrumb\"},\"inLanguage\":\"es\",\"potentialAction\":[{\"@type\":\"ReadAction\",\"target\":[\"https:\\\/\\\/fuentesfidedignas.com.mx\\\/index.php\\\/2023\\\/10\\\/16\\\/avances-en-inclusion-educativa-en-el-sistema-educativo-mexicano\\\/\"]}]},{\"@type\":\"ImageObject\",\"inLanguage\":\"es\",\"@id\":\"https:\\\/\\\/fuentesfidedignas.com.mx\\\/index.php\\\/2023\\\/10\\\/16\\\/avances-en-inclusion-educativa-en-el-sistema-educativo-mexicano\\\/#primaryimage\",\"url\":\"https:\\\/\\\/fuentesfidedignas.com.mx\\\/wp-content\\\/uploads\\\/2023\\\/10\\\/pexels-pavel-danilyuk-8422206-scaled.jpg\",\"contentUrl\":\"https:\\\/\\\/fuentesfidedignas.com.mx\\\/wp-content\\\/uploads\\\/2023\\\/10\\\/pexels-pavel-danilyuk-8422206-scaled.jpg\",\"width\":1709,\"height\":2560},{\"@type\":\"BreadcrumbList\",\"@id\":\"https:\\\/\\\/fuentesfidedignas.com.mx\\\/index.php\\\/2023\\\/10\\\/16\\\/avances-en-inclusion-educativa-en-el-sistema-educativo-mexicano\\\/#breadcrumb\",\"itemListElement\":[{\"@type\":\"ListItem\",\"position\":1,\"name\":\"Inicio\",\"item\":\"https:\\\/\\\/fuentesfidedignas.com.mx\\\/\"},{\"@type\":\"ListItem\",\"position\":2,\"name\":\"Avances en Inclusi\u00f3n Educativa en el sistema educativo mexicano\"}]},{\"@type\":\"WebSite\",\"@id\":\"https:\\\/\\\/fuentesfidedignas.com.mx\\\/#website\",\"url\":\"https:\\\/\\\/fuentesfidedignas.com.mx\\\/\",\"name\":\"Fuentes Fidedignas\",\"description\":\"Otro sitio realizado con WordPress\",\"publisher\":{\"@id\":\"https:\\\/\\\/fuentesfidedignas.com.mx\\\/#organization\"},\"potentialAction\":[{\"@type\":\"SearchAction\",\"target\":{\"@type\":\"EntryPoint\",\"urlTemplate\":\"https:\\\/\\\/fuentesfidedignas.com.mx\\\/?s={search_term_string}\"},\"query-input\":{\"@type\":\"PropertyValueSpecification\",\"valueRequired\":true,\"valueName\":\"search_term_string\"}}],\"inLanguage\":\"es\"},{\"@type\":\"Organization\",\"@id\":\"https:\\\/\\\/fuentesfidedignas.com.mx\\\/#organization\",\"name\":\"Fuentes Fidedignas\",\"url\":\"https:\\\/\\\/fuentesfidedignas.com.mx\\\/\",\"logo\":{\"@type\":\"ImageObject\",\"inLanguage\":\"es\",\"@id\":\"https:\\\/\\\/fuentesfidedignas.com.mx\\\/#\\\/schema\\\/logo\\\/image\\\/\",\"url\":\"https:\\\/\\\/fuentesfidedignas.com.mx\\\/wp-content\\\/uploads\\\/2021\\\/04\\\/logo-retina.png\",\"contentUrl\":\"https:\\\/\\\/fuentesfidedignas.com.mx\\\/wp-content\\\/uploads\\\/2021\\\/04\\\/logo-retina.png\",\"width\":280,\"height\":51,\"caption\":\"Fuentes Fidedignas\"},\"image\":{\"@id\":\"https:\\\/\\\/fuentesfidedignas.com.mx\\\/#\\\/schema\\\/logo\\\/image\\\/\"},\"sameAs\":[\"https:\\\/\\\/www.facebook.com\\\/Fuentes-Fidedignas-368234489921644\",\"https:\\\/\\\/x.com\\\/fidedignas\"]},{\"@type\":\"Person\",\"@id\":\"https:\\\/\\\/fuentesfidedignas.com.mx\\\/#\\\/schema\\\/person\\\/3f687c55082c557a647c7836bde45728\",\"name\":\"Mtro. Horacio de Jes\u00fas Malcampo Moreno\",\"image\":{\"@type\":\"ImageObject\",\"inLanguage\":\"es\",\"@id\":\"https:\\\/\\\/secure.gravatar.com\\\/avatar\\\/21fd667a5b9de079d383e44390566d4c728a6ce47b9b5e8419c61f1b793461ac?s=96&d=mm&r=g\",\"url\":\"https:\\\/\\\/secure.gravatar.com\\\/avatar\\\/21fd667a5b9de079d383e44390566d4c728a6ce47b9b5e8419c61f1b793461ac?s=96&d=mm&r=g\",\"contentUrl\":\"https:\\\/\\\/secure.gravatar.com\\\/avatar\\\/21fd667a5b9de079d383e44390566d4c728a6ce47b9b5e8419c61f1b793461ac?s=96&d=mm&r=g\",\"caption\":\"Mtro. Horacio de Jes\u00fas Malcampo Moreno\"},\"url\":\"https:\\\/\\\/fuentesfidedignas.com.mx\\\/index.php\\\/author\\\/horacio\\\/\"}]}<\/script>\n<!-- \/ Yoast SEO plugin. -->","yoast_head_json":{"title":"Avances en Inclusi\u00f3n Educativa en el sistema educativo mexicano - Fuentes Fidedignas","robots":{"index":"index","follow":"follow","max-snippet":"max-snippet:-1","max-image-preview":"max-image-preview:large","max-video-preview":"max-video-preview:-1"},"canonical":"https:\/\/fuentesfidedignas.com.mx\/index.php\/2023\/10\/16\/avances-en-inclusion-educativa-en-el-sistema-educativo-mexicano\/","og_locale":"es_MX","og_type":"article","og_title":"Avances en Inclusi\u00f3n Educativa en el sistema educativo mexicano - Fuentes Fidedignas","og_description":"\u00a0La educaci\u00f3n es un pilar fundamental para el desarrollo de cualquier pa\u00eds. En M\u00e9xico, desde el a\u00f1o 2000, se han llevado a cabo importantes reformas educativas con el prop\u00f3sito de mejorar la calidad y la equidad en el sistema educativo, haciendo \u00e9nfasis en la inclusi\u00f3n de todos los estudiantes, independientemente de sus caracter\u00edsticas personales. A [&hellip;]","og_url":"https:\/\/fuentesfidedignas.com.mx\/index.php\/2023\/10\/16\/avances-en-inclusion-educativa-en-el-sistema-educativo-mexicano\/","og_site_name":"Fuentes Fidedignas","article_publisher":"https:\/\/www.facebook.com\/Fuentes-Fidedignas-368234489921644","article_published_time":"2023-10-17T01:34:38+00:00","article_modified_time":"2023-10-17T01:38:27+00:00","og_image":[{"width":1709,"height":2560,"url":"https:\/\/fuentesfidedignas.com.mx\/wp-content\/uploads\/2023\/10\/pexels-pavel-danilyuk-8422206-scaled.jpg","type":"image\/jpeg"}],"author":"Mtro. Horacio de Jes\u00fas Malcampo Moreno","twitter_card":"summary_large_image","twitter_creator":"@fidedignas","twitter_site":"@fidedignas","twitter_misc":{"Escrito por":"Mtro. Horacio de Jes\u00fas Malcampo Moreno","Tiempo de lectura":"3 minutos"},"schema":{"@context":"https:\/\/schema.org","@graph":[{"@type":"Article","@id":"https:\/\/fuentesfidedignas.com.mx\/index.php\/2023\/10\/16\/avances-en-inclusion-educativa-en-el-sistema-educativo-mexicano\/#article","isPartOf":{"@id":"https:\/\/fuentesfidedignas.com.mx\/index.php\/2023\/10\/16\/avances-en-inclusion-educativa-en-el-sistema-educativo-mexicano\/"},"author":{"name":"Mtro. Horacio de Jes\u00fas Malcampo Moreno","@id":"https:\/\/fuentesfidedignas.com.mx\/#\/schema\/person\/3f687c55082c557a647c7836bde45728"},"headline":"Avances en Inclusi\u00f3n Educativa en el sistema educativo mexicano","datePublished":"2023-10-17T01:34:38+00:00","dateModified":"2023-10-17T01:38:27+00:00","mainEntityOfPage":{"@id":"https:\/\/fuentesfidedignas.com.mx\/index.php\/2023\/10\/16\/avances-en-inclusion-educativa-en-el-sistema-educativo-mexicano\/"},"wordCount":520,"commentCount":0,"publisher":{"@id":"https:\/\/fuentesfidedignas.com.mx\/#organization"},"image":{"@id":"https:\/\/fuentesfidedignas.com.mx\/index.php\/2023\/10\/16\/avances-en-inclusion-educativa-en-el-sistema-educativo-mexicano\/#primaryimage"},"thumbnailUrl":"https:\/\/fuentesfidedignas.com.mx\/wp-content\/uploads\/2023\/10\/pexels-pavel-danilyuk-8422206-scaled.jpg","articleSection":["COLUMNAS","NUTRIENDO LA MENTE"],"inLanguage":"es","potentialAction":[{"@type":"CommentAction","name":"Comment","target":["https:\/\/fuentesfidedignas.com.mx\/index.php\/2023\/10\/16\/avances-en-inclusion-educativa-en-el-sistema-educativo-mexicano\/#respond"]}]},{"@type":"WebPage","@id":"https:\/\/fuentesfidedignas.com.mx\/index.php\/2023\/10\/16\/avances-en-inclusion-educativa-en-el-sistema-educativo-mexicano\/","url":"https:\/\/fuentesfidedignas.com.mx\/index.php\/2023\/10\/16\/avances-en-inclusion-educativa-en-el-sistema-educativo-mexicano\/","name":"Avances en Inclusi\u00f3n Educativa en el sistema educativo mexicano - Fuentes Fidedignas","isPartOf":{"@id":"https:\/\/fuentesfidedignas.com.mx\/#website"},"primaryImageOfPage":{"@id":"https:\/\/fuentesfidedignas.com.mx\/index.php\/2023\/10\/16\/avances-en-inclusion-educativa-en-el-sistema-educativo-mexicano\/#primaryimage"},"image":{"@id":"https:\/\/fuentesfidedignas.com.mx\/index.php\/2023\/10\/16\/avances-en-inclusion-educativa-en-el-sistema-educativo-mexicano\/#primaryimage"},"thumbnailUrl":"https:\/\/fuentesfidedignas.com.mx\/wp-content\/uploads\/2023\/10\/pexels-pavel-danilyuk-8422206-scaled.jpg","datePublished":"2023-10-17T01:34:38+00:00","dateModified":"2023-10-17T01:38:27+00:00","breadcrumb":{"@id":"https:\/\/fuentesfidedignas.com.mx\/index.php\/2023\/10\/16\/avances-en-inclusion-educativa-en-el-sistema-educativo-mexicano\/#breadcrumb"},"inLanguage":"es","potentialAction":[{"@type":"ReadAction","target":["https:\/\/fuentesfidedignas.com.mx\/index.php\/2023\/10\/16\/avances-en-inclusion-educativa-en-el-sistema-educativo-mexicano\/"]}]},{"@type":"ImageObject","inLanguage":"es","@id":"https:\/\/fuentesfidedignas.com.mx\/index.php\/2023\/10\/16\/avances-en-inclusion-educativa-en-el-sistema-educativo-mexicano\/#primaryimage","url":"https:\/\/fuentesfidedignas.com.mx\/wp-content\/uploads\/2023\/10\/pexels-pavel-danilyuk-8422206-scaled.jpg","contentUrl":"https:\/\/fuentesfidedignas.com.mx\/wp-content\/uploads\/2023\/10\/pexels-pavel-danilyuk-8422206-scaled.jpg","width":1709,"height":2560},{"@type":"BreadcrumbList","@id":"https:\/\/fuentesfidedignas.com.mx\/index.php\/2023\/10\/16\/avances-en-inclusion-educativa-en-el-sistema-educativo-mexicano\/#breadcrumb","itemListElement":[{"@type":"ListItem","position":1,"name":"Inicio","item":"https:\/\/fuentesfidedignas.com.mx\/"},{"@type":"ListItem","position":2,"name":"Avances en Inclusi\u00f3n Educativa en el sistema educativo mexicano"}]},{"@type":"WebSite","@id":"https:\/\/fuentesfidedignas.com.mx\/#website","url":"https:\/\/fuentesfidedignas.com.mx\/","name":"Fuentes Fidedignas","description":"Otro sitio realizado con WordPress","publisher":{"@id":"https:\/\/fuentesfidedignas.com.mx\/#organization"},"potentialAction":[{"@type":"SearchAction","target":{"@type":"EntryPoint","urlTemplate":"https:\/\/fuentesfidedignas.com.mx\/?s={search_term_string}"},"query-input":{"@type":"PropertyValueSpecification","valueRequired":true,"valueName":"search_term_string"}}],"inLanguage":"es"},{"@type":"Organization","@id":"https:\/\/fuentesfidedignas.com.mx\/#organization","name":"Fuentes Fidedignas","url":"https:\/\/fuentesfidedignas.com.mx\/","logo":{"@type":"ImageObject","inLanguage":"es","@id":"https:\/\/fuentesfidedignas.com.mx\/#\/schema\/logo\/image\/","url":"https:\/\/fuentesfidedignas.com.mx\/wp-content\/uploads\/2021\/04\/logo-retina.png","contentUrl":"https:\/\/fuentesfidedignas.com.mx\/wp-content\/uploads\/2021\/04\/logo-retina.png","width":280,"height":51,"caption":"Fuentes Fidedignas"},"image":{"@id":"https:\/\/fuentesfidedignas.com.mx\/#\/schema\/logo\/image\/"},"sameAs":["https:\/\/www.facebook.com\/Fuentes-Fidedignas-368234489921644","https:\/\/x.com\/fidedignas"]},{"@type":"Person","@id":"https:\/\/fuentesfidedignas.com.mx\/#\/schema\/person\/3f687c55082c557a647c7836bde45728","name":"Mtro. Horacio de Jes\u00fas Malcampo Moreno","image":{"@type":"ImageObject","inLanguage":"es","@id":"https:\/\/secure.gravatar.com\/avatar\/21fd667a5b9de079d383e44390566d4c728a6ce47b9b5e8419c61f1b793461ac?s=96&d=mm&r=g","url":"https:\/\/secure.gravatar.com\/avatar\/21fd667a5b9de079d383e44390566d4c728a6ce47b9b5e8419c61f1b793461ac?s=96&d=mm&r=g","contentUrl":"https:\/\/secure.gravatar.com\/avatar\/21fd667a5b9de079d383e44390566d4c728a6ce47b9b5e8419c61f1b793461ac?s=96&d=mm&r=g","caption":"Mtro. Horacio de Jes\u00fas Malcampo Moreno"},"url":"https:\/\/fuentesfidedignas.com.mx\/index.php\/author\/horacio\/"}]}},"_links":{"self":[{"href":"https:\/\/fuentesfidedignas.com.mx\/index.php\/wp-json\/wp\/v2\/posts\/62630","targetHints":{"allow":["GET"]}}],"collection":[{"href":"https:\/\/fuentesfidedignas.com.mx\/index.php\/wp-json\/wp\/v2\/posts"}],"about":[{"href":"https:\/\/fuentesfidedignas.com.mx\/index.php\/wp-json\/wp\/v2\/types\/post"}],"author":[{"embeddable":true,"href":"https:\/\/fuentesfidedignas.com.mx\/index.php\/wp-json\/wp\/v2\/users\/146"}],"replies":[{"embeddable":true,"href":"https:\/\/fuentesfidedignas.com.mx\/index.php\/wp-json\/wp\/v2\/comments?post=62630"}],"version-history":[{"count":4,"href":"https:\/\/fuentesfidedignas.com.mx\/index.php\/wp-json\/wp\/v2\/posts\/62630\/revisions"}],"predecessor-version":[{"id":62641,"href":"https:\/\/fuentesfidedignas.com.mx\/index.php\/wp-json\/wp\/v2\/posts\/62630\/revisions\/62641"}],"wp:featuredmedia":[{"embeddable":true,"href":"https:\/\/fuentesfidedignas.com.mx\/index.php\/wp-json\/wp\/v2\/media\/62634"}],"wp:attachment":[{"href":"https:\/\/fuentesfidedignas.com.mx\/index.php\/wp-json\/wp\/v2\/media?parent=62630"}],"wp:term":[{"taxonomy":"category","embeddable":true,"href":"https:\/\/fuentesfidedignas.com.mx\/index.php\/wp-json\/wp\/v2\/categories?post=62630"},{"taxonomy":"post_tag","embeddable":true,"href":"https:\/\/fuentesfidedignas.com.mx\/index.php\/wp-json\/wp\/v2\/tags?post=62630"}],"curies":[{"name":"wp","href":"https:\/\/api.w.org\/{rel}","templated":true}]}}