{"id":62606,"date":"2023-10-16T17:08:48","date_gmt":"2023-10-17T00:08:48","guid":{"rendered":"https:\/\/fuentesfidedignas.com.mx\/?p=62606"},"modified":"2023-10-16T17:09:23","modified_gmt":"2023-10-17T00:09:23","slug":"prevenimss-uas-ponen-en-marcha-jornada-de-salud-vacunaran-contra-influenza-y-covid-19","status":"publish","type":"post","link":"https:\/\/fuentesfidedignas.com.mx\/index.php\/2023\/10\/16\/prevenimss-uas-ponen-en-marcha-jornada-de-salud-vacunaran-contra-influenza-y-covid-19\/","title":{"rendered":"PrevenIMSS-UAS ponen en marcha Jornada de salud; vacunar\u00e1n contra influenza y Covid-19"},"content":{"rendered":"\n<p><strong><em>Se invita a toda la comunidad universitaria para que asista a los diferentes puntos que tendr\u00e1 la UAS para la aplicaci\u00f3n de las vacunas.<\/em><\/strong><\/p>\n\n\n\n<p>Culiac\u00e1n, Sin.- La salud y bienestar de la comunidad universitaria es prioridad para la Universidad Aut\u00f3noma de Sinaloa (UAS) motivo por el cual se inaugur\u00f3 la Jornada PrevenIMSS-UAS con la cual inicia la Campa\u00f1a de Vacunaci\u00f3n de Influenza Temporada Invernal 2023-2024 y vacuna COVID en espacios de la Casa Rosalina.<\/p>\n\n\n\n<p>En representaci\u00f3n del Rector, doctor Jes\u00fas Madue\u00f1a Molina, inaugur\u00f3 el evento la directora de la Unidad de Bienestar Universitario, Sof\u00eda Angulo de Madue\u00f1a, quien agradeci\u00f3 a la delegada del IMSS, doctora Tania Clarissa Medina L\u00f3pez, tomar en cuenta a la Universidad para acercar este beneficio a los universitarios, ya que se estar\u00e1n aplicando las dosis en las Facultades de Qu\u00edmica, Enfermer\u00eda y Medicina y en el Jard\u00edn de Ni\u00f1os UAS.<\/p>\n\n\n\n<p>Se\u00f1al\u00f3 que es inter\u00e9s del Rector realizar estas actividades para fomentar el cuidado de la salud y prevenir enfermedades.<\/p>\n\n\n\n<p>\u201cQue mejor que tener un buen estado de salud, eso es muy importante para tener un personal activo y con mucho enfoque, siempre los cuidados preventivos son responsabilidad de cada quien (\u2026) ahora que inicia este periodo invernal la Influenza se ve muy activa y hay que prevenir un poco para cuidar nuestra salud\u201d, dijo.<\/p>\n\n\n\n<p>Exhort\u00f3 a que esta Jornada de vacunaci\u00f3n se difunda y se aproveche pues lo importante es protegerse en este tiempo en que el cambio de clima est\u00e1 iniciando y por lo tanto se presentan diversos problemas respiratorios adem\u00e1s de que el COVID a\u00fan est\u00e1 presente.<\/p>\n\n\n\n<p>La directora de Bienestar Universitario inform\u00f3 tambi\u00e9n que este lunes en la explanada del Edificio Central inici\u00f3 la Jornada Integral de Salud UAS 2023-2024 en el marco del D\u00eda Internacional de la lucha contra el c\u00e1ncer de mama, por lo que invit\u00f3 a las trabajadoras universitarias y al p\u00fablico en general a que asistan, desde hoy y hasta el 16 de noviembre de 8:00 a 14:00 horas, a realizarse de manera gratuita estudios de mastograf\u00eda, densitometr\u00eda \u00f3sea, ultrasonido y servicios diversos de nutrici\u00f3n, enfermer\u00eda, oftalmolog\u00eda, entre otros.<\/p>\n\n\n\n<p>El Vicerrector de la Unidad Regional Centro (URC), doctor Wenseslao Plata Rocha ponder\u00f3 la labor de prevenci\u00f3n que hoy inicia ya que el Rector plasm\u00f3 en su Plan de Desarrollo Institucional pol\u00edticas institucionales que tienen que ver con el bienestar, la prevenci\u00f3n y el cuidado de la salud de toda la comunidad universitaria y de la sociedad sinaloense.<\/p>\n\n\n\n<p>Se\u00f1al\u00f3 que esta Jornada tiene a bien vacunar para que se tengan defensas en contra de la Influenza y el COVID, por lo que invit\u00f3 a toda la comunidad universitaria para que asista a los diferentes puntos que tendr\u00e1 la UAS para la aplicaci\u00f3n de las vacunas.<\/p>\n","protected":false},"excerpt":{"rendered":"<p>Se invita a toda la comunidad universitaria para que asista a los diferentes puntos que tendr\u00e1 la UAS para la aplicaci\u00f3n de las vacunas. Culiac\u00e1n, Sin.- La salud y bienestar de la comunidad universitaria es prioridad para la Universidad Aut\u00f3noma de Sinaloa (UAS) motivo por el cual se inaugur\u00f3 la Jornada PrevenIMSS-UAS con la cual [&hellip;]<\/p>\n","protected":false},"author":4,"featured_media":62607,"comment_status":"open","ping_status":"open","sticky":false,"template":"","format":"standard","meta":{"tdm_status":"","tdm_grid_status":"","footnotes":""},"categories":[1],"tags":[],"class_list":{"0":"post-62606","1":"post","2":"type-post","3":"status-publish","4":"format-standard","5":"has-post-thumbnail","7":"category-sin-categoria"},"yoast_head":"<!-- This site is optimized with the Yoast SEO plugin v27.5 - https:\/\/yoast.com\/product\/yoast-seo-wordpress\/ -->\n<title>PrevenIMSS-UAS ponen en marcha Jornada de salud; vacunar\u00e1n contra influenza y Covid-19 - Fuentes Fidedignas<\/title>\n<meta name=\"robots\" content=\"index, follow, max-snippet:-1, max-image-preview:large, max-video-preview:-1\" \/>\n<link rel=\"canonical\" href=\"https:\/\/fuentesfidedignas.com.mx\/index.php\/2023\/10\/16\/prevenimss-uas-ponen-en-marcha-jornada-de-salud-vacunaran-contra-influenza-y-covid-19\/\" \/>\n<meta property=\"og:locale\" content=\"es_MX\" \/>\n<meta property=\"og:type\" content=\"article\" \/>\n<meta property=\"og:title\" content=\"PrevenIMSS-UAS ponen en marcha Jornada de salud; vacunar\u00e1n contra influenza y Covid-19 - Fuentes Fidedignas\" \/>\n<meta property=\"og:description\" content=\"Se invita a toda la comunidad universitaria para que asista a los diferentes puntos que tendr\u00e1 la UAS para la aplicaci\u00f3n de las vacunas. Culiac\u00e1n, Sin.- La salud y bienestar de la comunidad universitaria es prioridad para la Universidad Aut\u00f3noma de Sinaloa (UAS) motivo por el cual se inaugur\u00f3 la Jornada PrevenIMSS-UAS con la cual [&hellip;]\" \/>\n<meta property=\"og:url\" content=\"https:\/\/fuentesfidedignas.com.mx\/index.php\/2023\/10\/16\/prevenimss-uas-ponen-en-marcha-jornada-de-salud-vacunaran-contra-influenza-y-covid-19\/\" \/>\n<meta property=\"og:site_name\" content=\"Fuentes Fidedignas\" \/>\n<meta property=\"article:publisher\" content=\"https:\/\/www.facebook.com\/Fuentes-Fidedignas-368234489921644\" \/>\n<meta property=\"article:published_time\" content=\"2023-10-17T00:08:48+00:00\" \/>\n<meta property=\"article:modified_time\" content=\"2023-10-17T00:09:23+00:00\" \/>\n<meta property=\"og:image\" content=\"https:\/\/fuentesfidedignas.com.mx\/wp-content\/uploads\/2023\/10\/VACUNACION-5.jpg\" \/>\n\t<meta property=\"og:image:width\" content=\"2000\" \/>\n\t<meta property=\"og:image:height\" content=\"1333\" \/>\n\t<meta property=\"og:image:type\" content=\"image\/jpeg\" \/>\n<meta name=\"author\" content=\"Redacci\u00f3n\" \/>\n<meta name=\"twitter:card\" content=\"summary_large_image\" \/>\n<meta name=\"twitter:creator\" content=\"@fidedignas\" \/>\n<meta name=\"twitter:site\" content=\"@fidedignas\" \/>\n<meta name=\"twitter:label1\" content=\"Escrito por\" \/>\n\t<meta name=\"twitter:data1\" content=\"Redacci\u00f3n\" \/>\n\t<meta name=\"twitter:label2\" content=\"Tiempo de lectura\" \/>\n\t<meta name=\"twitter:data2\" content=\"3 minutos\" \/>\n<script type=\"application\/ld+json\" class=\"yoast-schema-graph\">{\"@context\":\"https:\\\/\\\/schema.org\",\"@graph\":[{\"@type\":\"Article\",\"@id\":\"https:\\\/\\\/fuentesfidedignas.com.mx\\\/index.php\\\/2023\\\/10\\\/16\\\/prevenimss-uas-ponen-en-marcha-jornada-de-salud-vacunaran-contra-influenza-y-covid-19\\\/#article\",\"isPartOf\":{\"@id\":\"https:\\\/\\\/fuentesfidedignas.com.mx\\\/index.php\\\/2023\\\/10\\\/16\\\/prevenimss-uas-ponen-en-marcha-jornada-de-salud-vacunaran-contra-influenza-y-covid-19\\\/\"},\"author\":{\"name\":\"Redacci\u00f3n\",\"@id\":\"https:\\\/\\\/fuentesfidedignas.com.mx\\\/#\\\/schema\\\/person\\\/331be9283d37198e2acd5750279085b0\"},\"headline\":\"PrevenIMSS-UAS ponen en marcha Jornada de salud; vacunar\u00e1n contra influenza y Covid-19\",\"datePublished\":\"2023-10-17T00:08:48+00:00\",\"dateModified\":\"2023-10-17T00:09:23+00:00\",\"mainEntityOfPage\":{\"@id\":\"https:\\\/\\\/fuentesfidedignas.com.mx\\\/index.php\\\/2023\\\/10\\\/16\\\/prevenimss-uas-ponen-en-marcha-jornada-de-salud-vacunaran-contra-influenza-y-covid-19\\\/\"},\"wordCount\":500,\"commentCount\":0,\"publisher\":{\"@id\":\"https:\\\/\\\/fuentesfidedignas.com.mx\\\/#organization\"},\"image\":{\"@id\":\"https:\\\/\\\/fuentesfidedignas.com.mx\\\/index.php\\\/2023\\\/10\\\/16\\\/prevenimss-uas-ponen-en-marcha-jornada-de-salud-vacunaran-contra-influenza-y-covid-19\\\/#primaryimage\"},\"thumbnailUrl\":\"https:\\\/\\\/fuentesfidedignas.com.mx\\\/wp-content\\\/uploads\\\/2023\\\/10\\\/VACUNACION-5.jpg\",\"inLanguage\":\"es\",\"potentialAction\":[{\"@type\":\"CommentAction\",\"name\":\"Comment\",\"target\":[\"https:\\\/\\\/fuentesfidedignas.com.mx\\\/index.php\\\/2023\\\/10\\\/16\\\/prevenimss-uas-ponen-en-marcha-jornada-de-salud-vacunaran-contra-influenza-y-covid-19\\\/#respond\"]}]},{\"@type\":\"WebPage\",\"@id\":\"https:\\\/\\\/fuentesfidedignas.com.mx\\\/index.php\\\/2023\\\/10\\\/16\\\/prevenimss-uas-ponen-en-marcha-jornada-de-salud-vacunaran-contra-influenza-y-covid-19\\\/\",\"url\":\"https:\\\/\\\/fuentesfidedignas.com.mx\\\/index.php\\\/2023\\\/10\\\/16\\\/prevenimss-uas-ponen-en-marcha-jornada-de-salud-vacunaran-contra-influenza-y-covid-19\\\/\",\"name\":\"PrevenIMSS-UAS ponen en marcha Jornada de salud; vacunar\u00e1n contra influenza y Covid-19 - Fuentes Fidedignas\",\"isPartOf\":{\"@id\":\"https:\\\/\\\/fuentesfidedignas.com.mx\\\/#website\"},\"primaryImageOfPage\":{\"@id\":\"https:\\\/\\\/fuentesfidedignas.com.mx\\\/index.php\\\/2023\\\/10\\\/16\\\/prevenimss-uas-ponen-en-marcha-jornada-de-salud-vacunaran-contra-influenza-y-covid-19\\\/#primaryimage\"},\"image\":{\"@id\":\"https:\\\/\\\/fuentesfidedignas.com.mx\\\/index.php\\\/2023\\\/10\\\/16\\\/prevenimss-uas-ponen-en-marcha-jornada-de-salud-vacunaran-contra-influenza-y-covid-19\\\/#primaryimage\"},\"thumbnailUrl\":\"https:\\\/\\\/fuentesfidedignas.com.mx\\\/wp-content\\\/uploads\\\/2023\\\/10\\\/VACUNACION-5.jpg\",\"datePublished\":\"2023-10-17T00:08:48+00:00\",\"dateModified\":\"2023-10-17T00:09:23+00:00\",\"breadcrumb\":{\"@id\":\"https:\\\/\\\/fuentesfidedignas.com.mx\\\/index.php\\\/2023\\\/10\\\/16\\\/prevenimss-uas-ponen-en-marcha-jornada-de-salud-vacunaran-contra-influenza-y-covid-19\\\/#breadcrumb\"},\"inLanguage\":\"es\",\"potentialAction\":[{\"@type\":\"ReadAction\",\"target\":[\"https:\\\/\\\/fuentesfidedignas.com.mx\\\/index.php\\\/2023\\\/10\\\/16\\\/prevenimss-uas-ponen-en-marcha-jornada-de-salud-vacunaran-contra-influenza-y-covid-19\\\/\"]}]},{\"@type\":\"ImageObject\",\"inLanguage\":\"es\",\"@id\":\"https:\\\/\\\/fuentesfidedignas.com.mx\\\/index.php\\\/2023\\\/10\\\/16\\\/prevenimss-uas-ponen-en-marcha-jornada-de-salud-vacunaran-contra-influenza-y-covid-19\\\/#primaryimage\",\"url\":\"https:\\\/\\\/fuentesfidedignas.com.mx\\\/wp-content\\\/uploads\\\/2023\\\/10\\\/VACUNACION-5.jpg\",\"contentUrl\":\"https:\\\/\\\/fuentesfidedignas.com.mx\\\/wp-content\\\/uploads\\\/2023\\\/10\\\/VACUNACION-5.jpg\",\"width\":2000,\"height\":1333},{\"@type\":\"BreadcrumbList\",\"@id\":\"https:\\\/\\\/fuentesfidedignas.com.mx\\\/index.php\\\/2023\\\/10\\\/16\\\/prevenimss-uas-ponen-en-marcha-jornada-de-salud-vacunaran-contra-influenza-y-covid-19\\\/#breadcrumb\",\"itemListElement\":[{\"@type\":\"ListItem\",\"position\":1,\"name\":\"Inicio\",\"item\":\"https:\\\/\\\/fuentesfidedignas.com.mx\\\/\"},{\"@type\":\"ListItem\",\"position\":2,\"name\":\"PrevenIMSS-UAS ponen en marcha Jornada de salud; vacunar\u00e1n contra influenza y Covid-19\"}]},{\"@type\":\"WebSite\",\"@id\":\"https:\\\/\\\/fuentesfidedignas.com.mx\\\/#website\",\"url\":\"https:\\\/\\\/fuentesfidedignas.com.mx\\\/\",\"name\":\"Fuentes Fidedignas\",\"description\":\"Otro sitio realizado con WordPress\",\"publisher\":{\"@id\":\"https:\\\/\\\/fuentesfidedignas.com.mx\\\/#organization\"},\"potentialAction\":[{\"@type\":\"SearchAction\",\"target\":{\"@type\":\"EntryPoint\",\"urlTemplate\":\"https:\\\/\\\/fuentesfidedignas.com.mx\\\/?s={search_term_string}\"},\"query-input\":{\"@type\":\"PropertyValueSpecification\",\"valueRequired\":true,\"valueName\":\"search_term_string\"}}],\"inLanguage\":\"es\"},{\"@type\":\"Organization\",\"@id\":\"https:\\\/\\\/fuentesfidedignas.com.mx\\\/#organization\",\"name\":\"Fuentes Fidedignas\",\"url\":\"https:\\\/\\\/fuentesfidedignas.com.mx\\\/\",\"logo\":{\"@type\":\"ImageObject\",\"inLanguage\":\"es\",\"@id\":\"https:\\\/\\\/fuentesfidedignas.com.mx\\\/#\\\/schema\\\/logo\\\/image\\\/\",\"url\":\"https:\\\/\\\/fuentesfidedignas.com.mx\\\/wp-content\\\/uploads\\\/2021\\\/04\\\/logo-retina.png\",\"contentUrl\":\"https:\\\/\\\/fuentesfidedignas.com.mx\\\/wp-content\\\/uploads\\\/2021\\\/04\\\/logo-retina.png\",\"width\":280,\"height\":51,\"caption\":\"Fuentes Fidedignas\"},\"image\":{\"@id\":\"https:\\\/\\\/fuentesfidedignas.com.mx\\\/#\\\/schema\\\/logo\\\/image\\\/\"},\"sameAs\":[\"https:\\\/\\\/www.facebook.com\\\/Fuentes-Fidedignas-368234489921644\",\"https:\\\/\\\/x.com\\\/fidedignas\"]},{\"@type\":\"Person\",\"@id\":\"https:\\\/\\\/fuentesfidedignas.com.mx\\\/#\\\/schema\\\/person\\\/331be9283d37198e2acd5750279085b0\",\"name\":\"Redacci\u00f3n\",\"image\":{\"@type\":\"ImageObject\",\"inLanguage\":\"es\",\"@id\":\"https:\\\/\\\/secure.gravatar.com\\\/avatar\\\/f6d8782c11d12b2d4ad3fbb6931aeab5309937a4d6cd2fc9cfaa28a6396a5aec?s=96&d=mm&r=g\",\"url\":\"https:\\\/\\\/secure.gravatar.com\\\/avatar\\\/f6d8782c11d12b2d4ad3fbb6931aeab5309937a4d6cd2fc9cfaa28a6396a5aec?s=96&d=mm&r=g\",\"contentUrl\":\"https:\\\/\\\/secure.gravatar.com\\\/avatar\\\/f6d8782c11d12b2d4ad3fbb6931aeab5309937a4d6cd2fc9cfaa28a6396a5aec?s=96&d=mm&r=g\",\"caption\":\"Redacci\u00f3n\"},\"url\":\"https:\\\/\\\/fuentesfidedignas.com.mx\\\/index.php\\\/author\\\/redaccion\\\/\"}]}<\/script>\n<!-- \/ Yoast SEO plugin. -->","yoast_head_json":{"title":"PrevenIMSS-UAS ponen en marcha Jornada de salud; vacunar\u00e1n contra influenza y Covid-19 - Fuentes Fidedignas","robots":{"index":"index","follow":"follow","max-snippet":"max-snippet:-1","max-image-preview":"max-image-preview:large","max-video-preview":"max-video-preview:-1"},"canonical":"https:\/\/fuentesfidedignas.com.mx\/index.php\/2023\/10\/16\/prevenimss-uas-ponen-en-marcha-jornada-de-salud-vacunaran-contra-influenza-y-covid-19\/","og_locale":"es_MX","og_type":"article","og_title":"PrevenIMSS-UAS ponen en marcha Jornada de salud; vacunar\u00e1n contra influenza y Covid-19 - Fuentes Fidedignas","og_description":"Se invita a toda la comunidad universitaria para que asista a los diferentes puntos que tendr\u00e1 la UAS para la aplicaci\u00f3n de las vacunas. Culiac\u00e1n, Sin.- La salud y bienestar de la comunidad universitaria es prioridad para la Universidad Aut\u00f3noma de Sinaloa (UAS) motivo por el cual se inaugur\u00f3 la Jornada PrevenIMSS-UAS con la cual [&hellip;]","og_url":"https:\/\/fuentesfidedignas.com.mx\/index.php\/2023\/10\/16\/prevenimss-uas-ponen-en-marcha-jornada-de-salud-vacunaran-contra-influenza-y-covid-19\/","og_site_name":"Fuentes Fidedignas","article_publisher":"https:\/\/www.facebook.com\/Fuentes-Fidedignas-368234489921644","article_published_time":"2023-10-17T00:08:48+00:00","article_modified_time":"2023-10-17T00:09:23+00:00","og_image":[{"width":2000,"height":1333,"url":"https:\/\/fuentesfidedignas.com.mx\/wp-content\/uploads\/2023\/10\/VACUNACION-5.jpg","type":"image\/jpeg"}],"author":"Redacci\u00f3n","twitter_card":"summary_large_image","twitter_creator":"@fidedignas","twitter_site":"@fidedignas","twitter_misc":{"Escrito por":"Redacci\u00f3n","Tiempo de lectura":"3 minutos"},"schema":{"@context":"https:\/\/schema.org","@graph":[{"@type":"Article","@id":"https:\/\/fuentesfidedignas.com.mx\/index.php\/2023\/10\/16\/prevenimss-uas-ponen-en-marcha-jornada-de-salud-vacunaran-contra-influenza-y-covid-19\/#article","isPartOf":{"@id":"https:\/\/fuentesfidedignas.com.mx\/index.php\/2023\/10\/16\/prevenimss-uas-ponen-en-marcha-jornada-de-salud-vacunaran-contra-influenza-y-covid-19\/"},"author":{"name":"Redacci\u00f3n","@id":"https:\/\/fuentesfidedignas.com.mx\/#\/schema\/person\/331be9283d37198e2acd5750279085b0"},"headline":"PrevenIMSS-UAS ponen en marcha Jornada de salud; vacunar\u00e1n contra influenza y Covid-19","datePublished":"2023-10-17T00:08:48+00:00","dateModified":"2023-10-17T00:09:23+00:00","mainEntityOfPage":{"@id":"https:\/\/fuentesfidedignas.com.mx\/index.php\/2023\/10\/16\/prevenimss-uas-ponen-en-marcha-jornada-de-salud-vacunaran-contra-influenza-y-covid-19\/"},"wordCount":500,"commentCount":0,"publisher":{"@id":"https:\/\/fuentesfidedignas.com.mx\/#organization"},"image":{"@id":"https:\/\/fuentesfidedignas.com.mx\/index.php\/2023\/10\/16\/prevenimss-uas-ponen-en-marcha-jornada-de-salud-vacunaran-contra-influenza-y-covid-19\/#primaryimage"},"thumbnailUrl":"https:\/\/fuentesfidedignas.com.mx\/wp-content\/uploads\/2023\/10\/VACUNACION-5.jpg","inLanguage":"es","potentialAction":[{"@type":"CommentAction","name":"Comment","target":["https:\/\/fuentesfidedignas.com.mx\/index.php\/2023\/10\/16\/prevenimss-uas-ponen-en-marcha-jornada-de-salud-vacunaran-contra-influenza-y-covid-19\/#respond"]}]},{"@type":"WebPage","@id":"https:\/\/fuentesfidedignas.com.mx\/index.php\/2023\/10\/16\/prevenimss-uas-ponen-en-marcha-jornada-de-salud-vacunaran-contra-influenza-y-covid-19\/","url":"https:\/\/fuentesfidedignas.com.mx\/index.php\/2023\/10\/16\/prevenimss-uas-ponen-en-marcha-jornada-de-salud-vacunaran-contra-influenza-y-covid-19\/","name":"PrevenIMSS-UAS ponen en marcha Jornada de salud; vacunar\u00e1n contra influenza y Covid-19 - Fuentes Fidedignas","isPartOf":{"@id":"https:\/\/fuentesfidedignas.com.mx\/#website"},"primaryImageOfPage":{"@id":"https:\/\/fuentesfidedignas.com.mx\/index.php\/2023\/10\/16\/prevenimss-uas-ponen-en-marcha-jornada-de-salud-vacunaran-contra-influenza-y-covid-19\/#primaryimage"},"image":{"@id":"https:\/\/fuentesfidedignas.com.mx\/index.php\/2023\/10\/16\/prevenimss-uas-ponen-en-marcha-jornada-de-salud-vacunaran-contra-influenza-y-covid-19\/#primaryimage"},"thumbnailUrl":"https:\/\/fuentesfidedignas.com.mx\/wp-content\/uploads\/2023\/10\/VACUNACION-5.jpg","datePublished":"2023-10-17T00:08:48+00:00","dateModified":"2023-10-17T00:09:23+00:00","breadcrumb":{"@id":"https:\/\/fuentesfidedignas.com.mx\/index.php\/2023\/10\/16\/prevenimss-uas-ponen-en-marcha-jornada-de-salud-vacunaran-contra-influenza-y-covid-19\/#breadcrumb"},"inLanguage":"es","potentialAction":[{"@type":"ReadAction","target":["https:\/\/fuentesfidedignas.com.mx\/index.php\/2023\/10\/16\/prevenimss-uas-ponen-en-marcha-jornada-de-salud-vacunaran-contra-influenza-y-covid-19\/"]}]},{"@type":"ImageObject","inLanguage":"es","@id":"https:\/\/fuentesfidedignas.com.mx\/index.php\/2023\/10\/16\/prevenimss-uas-ponen-en-marcha-jornada-de-salud-vacunaran-contra-influenza-y-covid-19\/#primaryimage","url":"https:\/\/fuentesfidedignas.com.mx\/wp-content\/uploads\/2023\/10\/VACUNACION-5.jpg","contentUrl":"https:\/\/fuentesfidedignas.com.mx\/wp-content\/uploads\/2023\/10\/VACUNACION-5.jpg","width":2000,"height":1333},{"@type":"BreadcrumbList","@id":"https:\/\/fuentesfidedignas.com.mx\/index.php\/2023\/10\/16\/prevenimss-uas-ponen-en-marcha-jornada-de-salud-vacunaran-contra-influenza-y-covid-19\/#breadcrumb","itemListElement":[{"@type":"ListItem","position":1,"name":"Inicio","item":"https:\/\/fuentesfidedignas.com.mx\/"},{"@type":"ListItem","position":2,"name":"PrevenIMSS-UAS ponen en marcha Jornada de salud; vacunar\u00e1n contra influenza y Covid-19"}]},{"@type":"WebSite","@id":"https:\/\/fuentesfidedignas.com.mx\/#website","url":"https:\/\/fuentesfidedignas.com.mx\/","name":"Fuentes Fidedignas","description":"Otro sitio realizado con WordPress","publisher":{"@id":"https:\/\/fuentesfidedignas.com.mx\/#organization"},"potentialAction":[{"@type":"SearchAction","target":{"@type":"EntryPoint","urlTemplate":"https:\/\/fuentesfidedignas.com.mx\/?s={search_term_string}"},"query-input":{"@type":"PropertyValueSpecification","valueRequired":true,"valueName":"search_term_string"}}],"inLanguage":"es"},{"@type":"Organization","@id":"https:\/\/fuentesfidedignas.com.mx\/#organization","name":"Fuentes Fidedignas","url":"https:\/\/fuentesfidedignas.com.mx\/","logo":{"@type":"ImageObject","inLanguage":"es","@id":"https:\/\/fuentesfidedignas.com.mx\/#\/schema\/logo\/image\/","url":"https:\/\/fuentesfidedignas.com.mx\/wp-content\/uploads\/2021\/04\/logo-retina.png","contentUrl":"https:\/\/fuentesfidedignas.com.mx\/wp-content\/uploads\/2021\/04\/logo-retina.png","width":280,"height":51,"caption":"Fuentes Fidedignas"},"image":{"@id":"https:\/\/fuentesfidedignas.com.mx\/#\/schema\/logo\/image\/"},"sameAs":["https:\/\/www.facebook.com\/Fuentes-Fidedignas-368234489921644","https:\/\/x.com\/fidedignas"]},{"@type":"Person","@id":"https:\/\/fuentesfidedignas.com.mx\/#\/schema\/person\/331be9283d37198e2acd5750279085b0","name":"Redacci\u00f3n","image":{"@type":"ImageObject","inLanguage":"es","@id":"https:\/\/secure.gravatar.com\/avatar\/f6d8782c11d12b2d4ad3fbb6931aeab5309937a4d6cd2fc9cfaa28a6396a5aec?s=96&d=mm&r=g","url":"https:\/\/secure.gravatar.com\/avatar\/f6d8782c11d12b2d4ad3fbb6931aeab5309937a4d6cd2fc9cfaa28a6396a5aec?s=96&d=mm&r=g","contentUrl":"https:\/\/secure.gravatar.com\/avatar\/f6d8782c11d12b2d4ad3fbb6931aeab5309937a4d6cd2fc9cfaa28a6396a5aec?s=96&d=mm&r=g","caption":"Redacci\u00f3n"},"url":"https:\/\/fuentesfidedignas.com.mx\/index.php\/author\/redaccion\/"}]}},"_links":{"self":[{"href":"https:\/\/fuentesfidedignas.com.mx\/index.php\/wp-json\/wp\/v2\/posts\/62606","targetHints":{"allow":["GET"]}}],"collection":[{"href":"https:\/\/fuentesfidedignas.com.mx\/index.php\/wp-json\/wp\/v2\/posts"}],"about":[{"href":"https:\/\/fuentesfidedignas.com.mx\/index.php\/wp-json\/wp\/v2\/types\/post"}],"author":[{"embeddable":true,"href":"https:\/\/fuentesfidedignas.com.mx\/index.php\/wp-json\/wp\/v2\/users\/4"}],"replies":[{"embeddable":true,"href":"https:\/\/fuentesfidedignas.com.mx\/index.php\/wp-json\/wp\/v2\/comments?post=62606"}],"version-history":[{"count":1,"href":"https:\/\/fuentesfidedignas.com.mx\/index.php\/wp-json\/wp\/v2\/posts\/62606\/revisions"}],"predecessor-version":[{"id":62608,"href":"https:\/\/fuentesfidedignas.com.mx\/index.php\/wp-json\/wp\/v2\/posts\/62606\/revisions\/62608"}],"wp:featuredmedia":[{"embeddable":true,"href":"https:\/\/fuentesfidedignas.com.mx\/index.php\/wp-json\/wp\/v2\/media\/62607"}],"wp:attachment":[{"href":"https:\/\/fuentesfidedignas.com.mx\/index.php\/wp-json\/wp\/v2\/media?parent=62606"}],"wp:term":[{"taxonomy":"category","embeddable":true,"href":"https:\/\/fuentesfidedignas.com.mx\/index.php\/wp-json\/wp\/v2\/categories?post=62606"},{"taxonomy":"post_tag","embeddable":true,"href":"https:\/\/fuentesfidedignas.com.mx\/index.php\/wp-json\/wp\/v2\/tags?post=62606"}],"curies":[{"name":"wp","href":"https:\/\/api.w.org\/{rel}","templated":true}]}}