{"id":62595,"date":"2023-10-16T16:59:32","date_gmt":"2023-10-16T23:59:32","guid":{"rendered":"https:\/\/fuentesfidedignas.com.mx\/?p=62595"},"modified":"2023-10-16T17:03:08","modified_gmt":"2023-10-17T00:03:08","slug":"alcalde-de-el-fuerte-premia-a-campeones-de-la-copa-magica-2023","status":"publish","type":"post","link":"https:\/\/fuentesfidedignas.com.mx\/index.php\/2023\/10\/16\/alcalde-de-el-fuerte-premia-a-campeones-de-la-copa-magica-2023\/","title":{"rendered":"Alcalde de El Fuerte premia a campeones de la Copa M\u00e1gica 2023"},"content":{"rendered":"\n<p><strong><em>Concluy\u00f3 la primera fase de esta s\u00e9ptima edici\u00f3n de la Copa M\u00e1gica, las disciplinas de softbol y basquetbol fueron los primeros en levantar su trofeo<\/em><\/strong><\/p>\n\n\n\n<p>El Fuerte, Sin.- Un fin de semana con intensa actividad deportiva se vivi\u00f3 en la cabecera municipal, durante la celebraci\u00f3n de la s\u00e9ptima edici\u00f3n de la Copa M\u00e1gica. En este primer fin de semana de juegos, participaron los equipos de softbol femenil y basquetbol, quienes fueron premiados en el Auditorio Antonio Mart\u00ednez Torres.<\/p>\n\n\n\n<figure class=\"wp-block-gallery has-nested-images columns-default is-cropped wp-block-gallery-1 is-layout-flex wp-block-gallery-is-layout-flex\">\n<figure class=\"wp-block-image size-large\"><img decoding=\"async\" width=\"1024\" height=\"682\" data-id=\"62598\" src=\"https:\/\/fuentesfidedignas.com.mx\/wp-content\/uploads\/2023\/10\/1000148867-1024x682.jpg\" alt=\"\" class=\"wp-image-62598\" srcset=\"https:\/\/fuentesfidedignas.com.mx\/wp-content\/uploads\/2023\/10\/1000148867-1024x682.jpg 1024w, https:\/\/fuentesfidedignas.com.mx\/wp-content\/uploads\/2023\/10\/1000148867-300x200.jpg 300w, https:\/\/fuentesfidedignas.com.mx\/wp-content\/uploads\/2023\/10\/1000148867-768x512.jpg 768w, https:\/\/fuentesfidedignas.com.mx\/wp-content\/uploads\/2023\/10\/1000148867-1536x1023.jpg 1536w, https:\/\/fuentesfidedignas.com.mx\/wp-content\/uploads\/2023\/10\/1000148867-696x464.jpg 696w, https:\/\/fuentesfidedignas.com.mx\/wp-content\/uploads\/2023\/10\/1000148867-1068x712.jpg 1068w, https:\/\/fuentesfidedignas.com.mx\/wp-content\/uploads\/2023\/10\/1000148867-630x420.jpg 630w, https:\/\/fuentesfidedignas.com.mx\/wp-content\/uploads\/2023\/10\/1000148867.jpg 1600w\" sizes=\"(max-width: 1024px) 100vw, 1024px\" \/><\/figure>\n\n\n\n<figure class=\"wp-block-image size-large\"><img decoding=\"async\" width=\"1024\" height=\"699\" data-id=\"62601\" src=\"https:\/\/fuentesfidedignas.com.mx\/wp-content\/uploads\/2023\/10\/1000148922-1024x699.jpg\" alt=\"\" class=\"wp-image-62601\" srcset=\"https:\/\/fuentesfidedignas.com.mx\/wp-content\/uploads\/2023\/10\/1000148922-1024x699.jpg 1024w, https:\/\/fuentesfidedignas.com.mx\/wp-content\/uploads\/2023\/10\/1000148922-300x205.jpg 300w, https:\/\/fuentesfidedignas.com.mx\/wp-content\/uploads\/2023\/10\/1000148922-768x524.jpg 768w, https:\/\/fuentesfidedignas.com.mx\/wp-content\/uploads\/2023\/10\/1000148922-1536x1048.jpg 1536w, https:\/\/fuentesfidedignas.com.mx\/wp-content\/uploads\/2023\/10\/1000148922-218x150.jpg 218w, https:\/\/fuentesfidedignas.com.mx\/wp-content\/uploads\/2023\/10\/1000148922-696x475.jpg 696w, https:\/\/fuentesfidedignas.com.mx\/wp-content\/uploads\/2023\/10\/1000148922-1068x729.jpg 1068w, https:\/\/fuentesfidedignas.com.mx\/wp-content\/uploads\/2023\/10\/1000148922-615x420.jpg 615w, https:\/\/fuentesfidedignas.com.mx\/wp-content\/uploads\/2023\/10\/1000148922.jpg 1600w\" sizes=\"(max-width: 1024px) 100vw, 1024px\" \/><\/figure>\n\n\n\n<figure class=\"wp-block-image size-large\"><img decoding=\"async\" width=\"1024\" height=\"729\" data-id=\"62600\" src=\"https:\/\/fuentesfidedignas.com.mx\/wp-content\/uploads\/2023\/10\/1000148925-1024x729.jpg\" alt=\"\" class=\"wp-image-62600\" srcset=\"https:\/\/fuentesfidedignas.com.mx\/wp-content\/uploads\/2023\/10\/1000148925-1024x729.jpg 1024w, https:\/\/fuentesfidedignas.com.mx\/wp-content\/uploads\/2023\/10\/1000148925-300x214.jpg 300w, https:\/\/fuentesfidedignas.com.mx\/wp-content\/uploads\/2023\/10\/1000148925-768x547.jpg 768w, https:\/\/fuentesfidedignas.com.mx\/wp-content\/uploads\/2023\/10\/1000148925-1536x1093.jpg 1536w, https:\/\/fuentesfidedignas.com.mx\/wp-content\/uploads\/2023\/10\/1000148925-696x495.jpg 696w, https:\/\/fuentesfidedignas.com.mx\/wp-content\/uploads\/2023\/10\/1000148925-1068x760.jpg 1068w, https:\/\/fuentesfidedignas.com.mx\/wp-content\/uploads\/2023\/10\/1000148925-590x420.jpg 590w, https:\/\/fuentesfidedignas.com.mx\/wp-content\/uploads\/2023\/10\/1000148925-100x70.jpg 100w, https:\/\/fuentesfidedignas.com.mx\/wp-content\/uploads\/2023\/10\/1000148925.jpg 1600w\" sizes=\"(max-width: 1024px) 100vw, 1024px\" \/><\/figure>\n\n\n\n<figure class=\"wp-block-image size-large\"><img decoding=\"async\" width=\"1024\" height=\"682\" data-id=\"62599\" src=\"https:\/\/fuentesfidedignas.com.mx\/wp-content\/uploads\/2023\/10\/1000148870-1024x682.jpg\" alt=\"\" class=\"wp-image-62599\" srcset=\"https:\/\/fuentesfidedignas.com.mx\/wp-content\/uploads\/2023\/10\/1000148870-1024x682.jpg 1024w, https:\/\/fuentesfidedignas.com.mx\/wp-content\/uploads\/2023\/10\/1000148870-300x200.jpg 300w, https:\/\/fuentesfidedignas.com.mx\/wp-content\/uploads\/2023\/10\/1000148870-768x512.jpg 768w, https:\/\/fuentesfidedignas.com.mx\/wp-content\/uploads\/2023\/10\/1000148870-1536x1023.jpg 1536w, https:\/\/fuentesfidedignas.com.mx\/wp-content\/uploads\/2023\/10\/1000148870-696x464.jpg 696w, https:\/\/fuentesfidedignas.com.mx\/wp-content\/uploads\/2023\/10\/1000148870-1068x712.jpg 1068w, https:\/\/fuentesfidedignas.com.mx\/wp-content\/uploads\/2023\/10\/1000148870-630x420.jpg 630w, https:\/\/fuentesfidedignas.com.mx\/wp-content\/uploads\/2023\/10\/1000148870.jpg 1600w\" sizes=\"(max-width: 1024px) 100vw, 1024px\" \/><\/figure>\n\n\n\n<figure class=\"wp-block-image size-large\"><img decoding=\"async\" width=\"1024\" height=\"660\" data-id=\"62603\" src=\"https:\/\/fuentesfidedignas.com.mx\/wp-content\/uploads\/2023\/10\/1000148873-1024x660.jpg\" alt=\"\" class=\"wp-image-62603\" srcset=\"https:\/\/fuentesfidedignas.com.mx\/wp-content\/uploads\/2023\/10\/1000148873-1024x660.jpg 1024w, https:\/\/fuentesfidedignas.com.mx\/wp-content\/uploads\/2023\/10\/1000148873-300x194.jpg 300w, https:\/\/fuentesfidedignas.com.mx\/wp-content\/uploads\/2023\/10\/1000148873-768x495.jpg 768w, https:\/\/fuentesfidedignas.com.mx\/wp-content\/uploads\/2023\/10\/1000148873-1536x991.jpg 1536w, https:\/\/fuentesfidedignas.com.mx\/wp-content\/uploads\/2023\/10\/1000148873-696x449.jpg 696w, https:\/\/fuentesfidedignas.com.mx\/wp-content\/uploads\/2023\/10\/1000148873-1068x689.jpg 1068w, https:\/\/fuentesfidedignas.com.mx\/wp-content\/uploads\/2023\/10\/1000148873-651x420.jpg 651w, https:\/\/fuentesfidedignas.com.mx\/wp-content\/uploads\/2023\/10\/1000148873.jpg 1600w\" sizes=\"(max-width: 1024px) 100vw, 1024px\" \/><\/figure>\n\n\n\n<figure class=\"wp-block-image size-large\"><img decoding=\"async\" width=\"1024\" height=\"682\" data-id=\"62602\" src=\"https:\/\/fuentesfidedignas.com.mx\/wp-content\/uploads\/2023\/10\/1000148861-1024x682.jpg\" alt=\"\" class=\"wp-image-62602\" srcset=\"https:\/\/fuentesfidedignas.com.mx\/wp-content\/uploads\/2023\/10\/1000148861-1024x682.jpg 1024w, https:\/\/fuentesfidedignas.com.mx\/wp-content\/uploads\/2023\/10\/1000148861-300x200.jpg 300w, https:\/\/fuentesfidedignas.com.mx\/wp-content\/uploads\/2023\/10\/1000148861-768x512.jpg 768w, https:\/\/fuentesfidedignas.com.mx\/wp-content\/uploads\/2023\/10\/1000148861-1536x1023.jpg 1536w, https:\/\/fuentesfidedignas.com.mx\/wp-content\/uploads\/2023\/10\/1000148861-696x464.jpg 696w, https:\/\/fuentesfidedignas.com.mx\/wp-content\/uploads\/2023\/10\/1000148861-1068x712.jpg 1068w, https:\/\/fuentesfidedignas.com.mx\/wp-content\/uploads\/2023\/10\/1000148861-630x420.jpg 630w, https:\/\/fuentesfidedignas.com.mx\/wp-content\/uploads\/2023\/10\/1000148861.jpg 1600w\" sizes=\"(max-width: 1024px) 100vw, 1024px\" \/><\/figure>\n<\/figure>\n\n\n\n<p>Al acto de premiaci\u00f3n acudi\u00f3 el Alcalde Gildardo Leyva Ortega, la Directora del Instituto Municipal del Deporte, Guadalupe Torres Zavala el Director de Turismo, Carlos Adri\u00e1n Cota Rodr\u00edguez. Los deportistas se mostraron contentos al levantar la copa de campeones y ser reconocidos por los ah\u00ed presentes.<\/p>\n\n\n\n<p>En basquetbol resultaron ganadores en la categor\u00eda Peques Mixtos, el equipo de NBA, en la categor\u00eda Micro Femenil, Pumas Academy, en Mini Varonil, Senda Mayo, Pasarela Femenil el triunfo fue para Cobras, en Pasarela Varonil y Cadetes Varonil el Colegio Josefa Ortiz de Dom\u00ednguez se llev\u00f3 ambas victorias, mientras que en Cadetes Femenil gan\u00f3 el equipo de Cobras. En las dos categor\u00edas de Veteranas las campeonas fueron el equipo Sonora y el equipo Mingo V\u00e1zquez.<\/p>\n\n\n\n<p>En cuanto al softbol femenil, el primer lugar fue para Alebrijes GL El Fuerte y el segundo lugar para Agr\u00edcola Vega.<\/p>\n\n\n\n<p>La Titular de IMDEF, Guadalupe Torres Zavala, agradeci\u00f3 la participaci\u00f3n de todos los deportistas, sus familias y entrenadores, quienes aprovechan la oportunidad para disfrutar de los atractivos del pueblo m\u00e1gico de El Fuerte. De igual forma realiz\u00f3 una invitaci\u00f3n para el siguiente fin de semana, para la segunda parte de actividades, en la que competir\u00e1n las siguientes disciplinas deportivas; futbol, voleibol de sala y b\u00e9isbol infantil.<\/p>\n\n\n\n<p>\u201cMuy contentos acompa\u00f1ados del Alcalde, premiamos a los campeones, muy felices de despedir a los deportistas y padres de familia, que este fin de semana nos acompa\u00f1aron y nos felicitaron por la organizaci\u00f3n y el evento, que siempre es un gusto visitar a El Fuerte. Decirles que el siguiente fin de semana los esperamos con m\u00e1s actividad deportiva\u201d, expres\u00f3.<\/p>\n\n\n\n<p>Con \u00e9xito se vivi\u00f3 un ambiente familiar y de sana convivencia entre los atletas, lo cual es el principal objetivo en la realizaci\u00f3n de estos eventos, con los que se busca crear espacios para que fomenten la pr\u00e1ctica deportiva y la promoci\u00f3n de valores, como la disciplina y el respeto entre jugadores.<\/p>\n","protected":false},"excerpt":{"rendered":"<p>Concluy\u00f3 la primera fase de esta s\u00e9ptima edici\u00f3n de la Copa M\u00e1gica, las disciplinas de softbol y basquetbol fueron los primeros en levantar su trofeo El Fuerte, Sin.- Un fin de semana con intensa actividad deportiva se vivi\u00f3 en la cabecera municipal, durante la celebraci\u00f3n de la s\u00e9ptima edici\u00f3n de la Copa M\u00e1gica. En este [&hellip;]<\/p>\n","protected":false},"author":4,"featured_media":62605,"comment_status":"open","ping_status":"open","sticky":false,"template":"","format":"standard","meta":{"tdm_status":"","tdm_grid_status":"","footnotes":""},"categories":[38,1],"tags":[],"class_list":{"0":"post-62595","1":"post","2":"type-post","3":"status-publish","4":"format-standard","5":"has-post-thumbnail","7":"category-noticias-locales","8":"category-sin-categoria"},"yoast_head":"<!-- This site is optimized with the Yoast SEO plugin v27.5 - https:\/\/yoast.com\/product\/yoast-seo-wordpress\/ -->\n<title>Alcalde de El Fuerte premia a campeones de la Copa M\u00e1gica 2023 - Fuentes Fidedignas<\/title>\n<meta name=\"robots\" content=\"index, follow, max-snippet:-1, max-image-preview:large, max-video-preview:-1\" \/>\n<link rel=\"canonical\" href=\"https:\/\/fuentesfidedignas.com.mx\/index.php\/2023\/10\/16\/alcalde-de-el-fuerte-premia-a-campeones-de-la-copa-magica-2023\/\" \/>\n<meta property=\"og:locale\" content=\"es_MX\" \/>\n<meta property=\"og:type\" content=\"article\" \/>\n<meta property=\"og:title\" content=\"Alcalde de El Fuerte premia a campeones de la Copa M\u00e1gica 2023 - Fuentes Fidedignas\" \/>\n<meta property=\"og:description\" content=\"Concluy\u00f3 la primera fase de esta s\u00e9ptima edici\u00f3n de la Copa M\u00e1gica, las disciplinas de softbol y basquetbol fueron los primeros en levantar su trofeo El Fuerte, Sin.- Un fin de semana con intensa actividad deportiva se vivi\u00f3 en la cabecera municipal, durante la celebraci\u00f3n de la s\u00e9ptima edici\u00f3n de la Copa M\u00e1gica. En este [&hellip;]\" \/>\n<meta property=\"og:url\" content=\"https:\/\/fuentesfidedignas.com.mx\/index.php\/2023\/10\/16\/alcalde-de-el-fuerte-premia-a-campeones-de-la-copa-magica-2023\/\" \/>\n<meta property=\"og:site_name\" content=\"Fuentes Fidedignas\" \/>\n<meta property=\"article:publisher\" content=\"https:\/\/www.facebook.com\/Fuentes-Fidedignas-368234489921644\" \/>\n<meta property=\"article:published_time\" content=\"2023-10-16T23:59:32+00:00\" \/>\n<meta property=\"article:modified_time\" content=\"2023-10-17T00:03:08+00:00\" \/>\n<meta property=\"og:image\" content=\"https:\/\/fuentesfidedignas.com.mx\/wp-content\/uploads\/2023\/10\/IMG-20231016-WA0031.jpg\" \/>\n\t<meta property=\"og:image:width\" content=\"1600\" \/>\n\t<meta property=\"og:image:height\" content=\"1066\" \/>\n\t<meta property=\"og:image:type\" content=\"image\/jpeg\" \/>\n<meta name=\"author\" content=\"Redacci\u00f3n\" \/>\n<meta name=\"twitter:card\" content=\"summary_large_image\" \/>\n<meta name=\"twitter:creator\" content=\"@fidedignas\" \/>\n<meta name=\"twitter:site\" content=\"@fidedignas\" \/>\n<meta name=\"twitter:label1\" content=\"Escrito por\" \/>\n\t<meta name=\"twitter:data1\" content=\"Redacci\u00f3n\" \/>\n\t<meta name=\"twitter:label2\" content=\"Tiempo de lectura\" \/>\n\t<meta name=\"twitter:data2\" content=\"4 minutos\" \/>\n<script type=\"application\/ld+json\" class=\"yoast-schema-graph\">{\"@context\":\"https:\\\/\\\/schema.org\",\"@graph\":[{\"@type\":\"Article\",\"@id\":\"https:\\\/\\\/fuentesfidedignas.com.mx\\\/index.php\\\/2023\\\/10\\\/16\\\/alcalde-de-el-fuerte-premia-a-campeones-de-la-copa-magica-2023\\\/#article\",\"isPartOf\":{\"@id\":\"https:\\\/\\\/fuentesfidedignas.com.mx\\\/index.php\\\/2023\\\/10\\\/16\\\/alcalde-de-el-fuerte-premia-a-campeones-de-la-copa-magica-2023\\\/\"},\"author\":{\"name\":\"Redacci\u00f3n\",\"@id\":\"https:\\\/\\\/fuentesfidedignas.com.mx\\\/#\\\/schema\\\/person\\\/331be9283d37198e2acd5750279085b0\"},\"headline\":\"Alcalde de El Fuerte premia a campeones de la Copa M\u00e1gica 2023\",\"datePublished\":\"2023-10-16T23:59:32+00:00\",\"dateModified\":\"2023-10-17T00:03:08+00:00\",\"mainEntityOfPage\":{\"@id\":\"https:\\\/\\\/fuentesfidedignas.com.mx\\\/index.php\\\/2023\\\/10\\\/16\\\/alcalde-de-el-fuerte-premia-a-campeones-de-la-copa-magica-2023\\\/\"},\"wordCount\":439,\"commentCount\":0,\"publisher\":{\"@id\":\"https:\\\/\\\/fuentesfidedignas.com.mx\\\/#organization\"},\"image\":{\"@id\":\"https:\\\/\\\/fuentesfidedignas.com.mx\\\/index.php\\\/2023\\\/10\\\/16\\\/alcalde-de-el-fuerte-premia-a-campeones-de-la-copa-magica-2023\\\/#primaryimage\"},\"thumbnailUrl\":\"https:\\\/\\\/fuentesfidedignas.com.mx\\\/wp-content\\\/uploads\\\/2023\\\/10\\\/IMG-20231016-WA0031.jpg\",\"articleSection\":[\"NOTICIAS LOCALES\"],\"inLanguage\":\"es\",\"potentialAction\":[{\"@type\":\"CommentAction\",\"name\":\"Comment\",\"target\":[\"https:\\\/\\\/fuentesfidedignas.com.mx\\\/index.php\\\/2023\\\/10\\\/16\\\/alcalde-de-el-fuerte-premia-a-campeones-de-la-copa-magica-2023\\\/#respond\"]}]},{\"@type\":\"WebPage\",\"@id\":\"https:\\\/\\\/fuentesfidedignas.com.mx\\\/index.php\\\/2023\\\/10\\\/16\\\/alcalde-de-el-fuerte-premia-a-campeones-de-la-copa-magica-2023\\\/\",\"url\":\"https:\\\/\\\/fuentesfidedignas.com.mx\\\/index.php\\\/2023\\\/10\\\/16\\\/alcalde-de-el-fuerte-premia-a-campeones-de-la-copa-magica-2023\\\/\",\"name\":\"Alcalde de El Fuerte premia a campeones de la Copa M\u00e1gica 2023 - Fuentes Fidedignas\",\"isPartOf\":{\"@id\":\"https:\\\/\\\/fuentesfidedignas.com.mx\\\/#website\"},\"primaryImageOfPage\":{\"@id\":\"https:\\\/\\\/fuentesfidedignas.com.mx\\\/index.php\\\/2023\\\/10\\\/16\\\/alcalde-de-el-fuerte-premia-a-campeones-de-la-copa-magica-2023\\\/#primaryimage\"},\"image\":{\"@id\":\"https:\\\/\\\/fuentesfidedignas.com.mx\\\/index.php\\\/2023\\\/10\\\/16\\\/alcalde-de-el-fuerte-premia-a-campeones-de-la-copa-magica-2023\\\/#primaryimage\"},\"thumbnailUrl\":\"https:\\\/\\\/fuentesfidedignas.com.mx\\\/wp-content\\\/uploads\\\/2023\\\/10\\\/IMG-20231016-WA0031.jpg\",\"datePublished\":\"2023-10-16T23:59:32+00:00\",\"dateModified\":\"2023-10-17T00:03:08+00:00\",\"breadcrumb\":{\"@id\":\"https:\\\/\\\/fuentesfidedignas.com.mx\\\/index.php\\\/2023\\\/10\\\/16\\\/alcalde-de-el-fuerte-premia-a-campeones-de-la-copa-magica-2023\\\/#breadcrumb\"},\"inLanguage\":\"es\",\"potentialAction\":[{\"@type\":\"ReadAction\",\"target\":[\"https:\\\/\\\/fuentesfidedignas.com.mx\\\/index.php\\\/2023\\\/10\\\/16\\\/alcalde-de-el-fuerte-premia-a-campeones-de-la-copa-magica-2023\\\/\"]}]},{\"@type\":\"ImageObject\",\"inLanguage\":\"es\",\"@id\":\"https:\\\/\\\/fuentesfidedignas.com.mx\\\/index.php\\\/2023\\\/10\\\/16\\\/alcalde-de-el-fuerte-premia-a-campeones-de-la-copa-magica-2023\\\/#primaryimage\",\"url\":\"https:\\\/\\\/fuentesfidedignas.com.mx\\\/wp-content\\\/uploads\\\/2023\\\/10\\\/IMG-20231016-WA0031.jpg\",\"contentUrl\":\"https:\\\/\\\/fuentesfidedignas.com.mx\\\/wp-content\\\/uploads\\\/2023\\\/10\\\/IMG-20231016-WA0031.jpg\",\"width\":1600,\"height\":1066},{\"@type\":\"BreadcrumbList\",\"@id\":\"https:\\\/\\\/fuentesfidedignas.com.mx\\\/index.php\\\/2023\\\/10\\\/16\\\/alcalde-de-el-fuerte-premia-a-campeones-de-la-copa-magica-2023\\\/#breadcrumb\",\"itemListElement\":[{\"@type\":\"ListItem\",\"position\":1,\"name\":\"Inicio\",\"item\":\"https:\\\/\\\/fuentesfidedignas.com.mx\\\/\"},{\"@type\":\"ListItem\",\"position\":2,\"name\":\"Alcalde de El Fuerte premia a campeones de la Copa M\u00e1gica 2023\"}]},{\"@type\":\"WebSite\",\"@id\":\"https:\\\/\\\/fuentesfidedignas.com.mx\\\/#website\",\"url\":\"https:\\\/\\\/fuentesfidedignas.com.mx\\\/\",\"name\":\"Fuentes Fidedignas\",\"description\":\"Otro sitio realizado con WordPress\",\"publisher\":{\"@id\":\"https:\\\/\\\/fuentesfidedignas.com.mx\\\/#organization\"},\"potentialAction\":[{\"@type\":\"SearchAction\",\"target\":{\"@type\":\"EntryPoint\",\"urlTemplate\":\"https:\\\/\\\/fuentesfidedignas.com.mx\\\/?s={search_term_string}\"},\"query-input\":{\"@type\":\"PropertyValueSpecification\",\"valueRequired\":true,\"valueName\":\"search_term_string\"}}],\"inLanguage\":\"es\"},{\"@type\":\"Organization\",\"@id\":\"https:\\\/\\\/fuentesfidedignas.com.mx\\\/#organization\",\"name\":\"Fuentes Fidedignas\",\"url\":\"https:\\\/\\\/fuentesfidedignas.com.mx\\\/\",\"logo\":{\"@type\":\"ImageObject\",\"inLanguage\":\"es\",\"@id\":\"https:\\\/\\\/fuentesfidedignas.com.mx\\\/#\\\/schema\\\/logo\\\/image\\\/\",\"url\":\"https:\\\/\\\/fuentesfidedignas.com.mx\\\/wp-content\\\/uploads\\\/2021\\\/04\\\/logo-retina.png\",\"contentUrl\":\"https:\\\/\\\/fuentesfidedignas.com.mx\\\/wp-content\\\/uploads\\\/2021\\\/04\\\/logo-retina.png\",\"width\":280,\"height\":51,\"caption\":\"Fuentes Fidedignas\"},\"image\":{\"@id\":\"https:\\\/\\\/fuentesfidedignas.com.mx\\\/#\\\/schema\\\/logo\\\/image\\\/\"},\"sameAs\":[\"https:\\\/\\\/www.facebook.com\\\/Fuentes-Fidedignas-368234489921644\",\"https:\\\/\\\/x.com\\\/fidedignas\"]},{\"@type\":\"Person\",\"@id\":\"https:\\\/\\\/fuentesfidedignas.com.mx\\\/#\\\/schema\\\/person\\\/331be9283d37198e2acd5750279085b0\",\"name\":\"Redacci\u00f3n\",\"image\":{\"@type\":\"ImageObject\",\"inLanguage\":\"es\",\"@id\":\"https:\\\/\\\/secure.gravatar.com\\\/avatar\\\/f6d8782c11d12b2d4ad3fbb6931aeab5309937a4d6cd2fc9cfaa28a6396a5aec?s=96&d=mm&r=g\",\"url\":\"https:\\\/\\\/secure.gravatar.com\\\/avatar\\\/f6d8782c11d12b2d4ad3fbb6931aeab5309937a4d6cd2fc9cfaa28a6396a5aec?s=96&d=mm&r=g\",\"contentUrl\":\"https:\\\/\\\/secure.gravatar.com\\\/avatar\\\/f6d8782c11d12b2d4ad3fbb6931aeab5309937a4d6cd2fc9cfaa28a6396a5aec?s=96&d=mm&r=g\",\"caption\":\"Redacci\u00f3n\"},\"url\":\"https:\\\/\\\/fuentesfidedignas.com.mx\\\/index.php\\\/author\\\/redaccion\\\/\"}]}<\/script>\n<!-- \/ Yoast SEO plugin. -->","yoast_head_json":{"title":"Alcalde de El Fuerte premia a campeones de la Copa M\u00e1gica 2023 - Fuentes Fidedignas","robots":{"index":"index","follow":"follow","max-snippet":"max-snippet:-1","max-image-preview":"max-image-preview:large","max-video-preview":"max-video-preview:-1"},"canonical":"https:\/\/fuentesfidedignas.com.mx\/index.php\/2023\/10\/16\/alcalde-de-el-fuerte-premia-a-campeones-de-la-copa-magica-2023\/","og_locale":"es_MX","og_type":"article","og_title":"Alcalde de El Fuerte premia a campeones de la Copa M\u00e1gica 2023 - Fuentes Fidedignas","og_description":"Concluy\u00f3 la primera fase de esta s\u00e9ptima edici\u00f3n de la Copa M\u00e1gica, las disciplinas de softbol y basquetbol fueron los primeros en levantar su trofeo El Fuerte, Sin.- Un fin de semana con intensa actividad deportiva se vivi\u00f3 en la cabecera municipal, durante la celebraci\u00f3n de la s\u00e9ptima edici\u00f3n de la Copa M\u00e1gica. En este [&hellip;]","og_url":"https:\/\/fuentesfidedignas.com.mx\/index.php\/2023\/10\/16\/alcalde-de-el-fuerte-premia-a-campeones-de-la-copa-magica-2023\/","og_site_name":"Fuentes Fidedignas","article_publisher":"https:\/\/www.facebook.com\/Fuentes-Fidedignas-368234489921644","article_published_time":"2023-10-16T23:59:32+00:00","article_modified_time":"2023-10-17T00:03:08+00:00","og_image":[{"width":1600,"height":1066,"url":"https:\/\/fuentesfidedignas.com.mx\/wp-content\/uploads\/2023\/10\/IMG-20231016-WA0031.jpg","type":"image\/jpeg"}],"author":"Redacci\u00f3n","twitter_card":"summary_large_image","twitter_creator":"@fidedignas","twitter_site":"@fidedignas","twitter_misc":{"Escrito por":"Redacci\u00f3n","Tiempo de lectura":"4 minutos"},"schema":{"@context":"https:\/\/schema.org","@graph":[{"@type":"Article","@id":"https:\/\/fuentesfidedignas.com.mx\/index.php\/2023\/10\/16\/alcalde-de-el-fuerte-premia-a-campeones-de-la-copa-magica-2023\/#article","isPartOf":{"@id":"https:\/\/fuentesfidedignas.com.mx\/index.php\/2023\/10\/16\/alcalde-de-el-fuerte-premia-a-campeones-de-la-copa-magica-2023\/"},"author":{"name":"Redacci\u00f3n","@id":"https:\/\/fuentesfidedignas.com.mx\/#\/schema\/person\/331be9283d37198e2acd5750279085b0"},"headline":"Alcalde de El Fuerte premia a campeones de la Copa M\u00e1gica 2023","datePublished":"2023-10-16T23:59:32+00:00","dateModified":"2023-10-17T00:03:08+00:00","mainEntityOfPage":{"@id":"https:\/\/fuentesfidedignas.com.mx\/index.php\/2023\/10\/16\/alcalde-de-el-fuerte-premia-a-campeones-de-la-copa-magica-2023\/"},"wordCount":439,"commentCount":0,"publisher":{"@id":"https:\/\/fuentesfidedignas.com.mx\/#organization"},"image":{"@id":"https:\/\/fuentesfidedignas.com.mx\/index.php\/2023\/10\/16\/alcalde-de-el-fuerte-premia-a-campeones-de-la-copa-magica-2023\/#primaryimage"},"thumbnailUrl":"https:\/\/fuentesfidedignas.com.mx\/wp-content\/uploads\/2023\/10\/IMG-20231016-WA0031.jpg","articleSection":["NOTICIAS LOCALES"],"inLanguage":"es","potentialAction":[{"@type":"CommentAction","name":"Comment","target":["https:\/\/fuentesfidedignas.com.mx\/index.php\/2023\/10\/16\/alcalde-de-el-fuerte-premia-a-campeones-de-la-copa-magica-2023\/#respond"]}]},{"@type":"WebPage","@id":"https:\/\/fuentesfidedignas.com.mx\/index.php\/2023\/10\/16\/alcalde-de-el-fuerte-premia-a-campeones-de-la-copa-magica-2023\/","url":"https:\/\/fuentesfidedignas.com.mx\/index.php\/2023\/10\/16\/alcalde-de-el-fuerte-premia-a-campeones-de-la-copa-magica-2023\/","name":"Alcalde de El Fuerte premia a campeones de la Copa M\u00e1gica 2023 - Fuentes Fidedignas","isPartOf":{"@id":"https:\/\/fuentesfidedignas.com.mx\/#website"},"primaryImageOfPage":{"@id":"https:\/\/fuentesfidedignas.com.mx\/index.php\/2023\/10\/16\/alcalde-de-el-fuerte-premia-a-campeones-de-la-copa-magica-2023\/#primaryimage"},"image":{"@id":"https:\/\/fuentesfidedignas.com.mx\/index.php\/2023\/10\/16\/alcalde-de-el-fuerte-premia-a-campeones-de-la-copa-magica-2023\/#primaryimage"},"thumbnailUrl":"https:\/\/fuentesfidedignas.com.mx\/wp-content\/uploads\/2023\/10\/IMG-20231016-WA0031.jpg","datePublished":"2023-10-16T23:59:32+00:00","dateModified":"2023-10-17T00:03:08+00:00","breadcrumb":{"@id":"https:\/\/fuentesfidedignas.com.mx\/index.php\/2023\/10\/16\/alcalde-de-el-fuerte-premia-a-campeones-de-la-copa-magica-2023\/#breadcrumb"},"inLanguage":"es","potentialAction":[{"@type":"ReadAction","target":["https:\/\/fuentesfidedignas.com.mx\/index.php\/2023\/10\/16\/alcalde-de-el-fuerte-premia-a-campeones-de-la-copa-magica-2023\/"]}]},{"@type":"ImageObject","inLanguage":"es","@id":"https:\/\/fuentesfidedignas.com.mx\/index.php\/2023\/10\/16\/alcalde-de-el-fuerte-premia-a-campeones-de-la-copa-magica-2023\/#primaryimage","url":"https:\/\/fuentesfidedignas.com.mx\/wp-content\/uploads\/2023\/10\/IMG-20231016-WA0031.jpg","contentUrl":"https:\/\/fuentesfidedignas.com.mx\/wp-content\/uploads\/2023\/10\/IMG-20231016-WA0031.jpg","width":1600,"height":1066},{"@type":"BreadcrumbList","@id":"https:\/\/fuentesfidedignas.com.mx\/index.php\/2023\/10\/16\/alcalde-de-el-fuerte-premia-a-campeones-de-la-copa-magica-2023\/#breadcrumb","itemListElement":[{"@type":"ListItem","position":1,"name":"Inicio","item":"https:\/\/fuentesfidedignas.com.mx\/"},{"@type":"ListItem","position":2,"name":"Alcalde de El Fuerte premia a campeones de la Copa M\u00e1gica 2023"}]},{"@type":"WebSite","@id":"https:\/\/fuentesfidedignas.com.mx\/#website","url":"https:\/\/fuentesfidedignas.com.mx\/","name":"Fuentes Fidedignas","description":"Otro sitio realizado con WordPress","publisher":{"@id":"https:\/\/fuentesfidedignas.com.mx\/#organization"},"potentialAction":[{"@type":"SearchAction","target":{"@type":"EntryPoint","urlTemplate":"https:\/\/fuentesfidedignas.com.mx\/?s={search_term_string}"},"query-input":{"@type":"PropertyValueSpecification","valueRequired":true,"valueName":"search_term_string"}}],"inLanguage":"es"},{"@type":"Organization","@id":"https:\/\/fuentesfidedignas.com.mx\/#organization","name":"Fuentes Fidedignas","url":"https:\/\/fuentesfidedignas.com.mx\/","logo":{"@type":"ImageObject","inLanguage":"es","@id":"https:\/\/fuentesfidedignas.com.mx\/#\/schema\/logo\/image\/","url":"https:\/\/fuentesfidedignas.com.mx\/wp-content\/uploads\/2021\/04\/logo-retina.png","contentUrl":"https:\/\/fuentesfidedignas.com.mx\/wp-content\/uploads\/2021\/04\/logo-retina.png","width":280,"height":51,"caption":"Fuentes Fidedignas"},"image":{"@id":"https:\/\/fuentesfidedignas.com.mx\/#\/schema\/logo\/image\/"},"sameAs":["https:\/\/www.facebook.com\/Fuentes-Fidedignas-368234489921644","https:\/\/x.com\/fidedignas"]},{"@type":"Person","@id":"https:\/\/fuentesfidedignas.com.mx\/#\/schema\/person\/331be9283d37198e2acd5750279085b0","name":"Redacci\u00f3n","image":{"@type":"ImageObject","inLanguage":"es","@id":"https:\/\/secure.gravatar.com\/avatar\/f6d8782c11d12b2d4ad3fbb6931aeab5309937a4d6cd2fc9cfaa28a6396a5aec?s=96&d=mm&r=g","url":"https:\/\/secure.gravatar.com\/avatar\/f6d8782c11d12b2d4ad3fbb6931aeab5309937a4d6cd2fc9cfaa28a6396a5aec?s=96&d=mm&r=g","contentUrl":"https:\/\/secure.gravatar.com\/avatar\/f6d8782c11d12b2d4ad3fbb6931aeab5309937a4d6cd2fc9cfaa28a6396a5aec?s=96&d=mm&r=g","caption":"Redacci\u00f3n"},"url":"https:\/\/fuentesfidedignas.com.mx\/index.php\/author\/redaccion\/"}]}},"_links":{"self":[{"href":"https:\/\/fuentesfidedignas.com.mx\/index.php\/wp-json\/wp\/v2\/posts\/62595","targetHints":{"allow":["GET"]}}],"collection":[{"href":"https:\/\/fuentesfidedignas.com.mx\/index.php\/wp-json\/wp\/v2\/posts"}],"about":[{"href":"https:\/\/fuentesfidedignas.com.mx\/index.php\/wp-json\/wp\/v2\/types\/post"}],"author":[{"embeddable":true,"href":"https:\/\/fuentesfidedignas.com.mx\/index.php\/wp-json\/wp\/v2\/users\/4"}],"replies":[{"embeddable":true,"href":"https:\/\/fuentesfidedignas.com.mx\/index.php\/wp-json\/wp\/v2\/comments?post=62595"}],"version-history":[{"count":2,"href":"https:\/\/fuentesfidedignas.com.mx\/index.php\/wp-json\/wp\/v2\/posts\/62595\/revisions"}],"predecessor-version":[{"id":62604,"href":"https:\/\/fuentesfidedignas.com.mx\/index.php\/wp-json\/wp\/v2\/posts\/62595\/revisions\/62604"}],"wp:featuredmedia":[{"embeddable":true,"href":"https:\/\/fuentesfidedignas.com.mx\/index.php\/wp-json\/wp\/v2\/media\/62605"}],"wp:attachment":[{"href":"https:\/\/fuentesfidedignas.com.mx\/index.php\/wp-json\/wp\/v2\/media?parent=62595"}],"wp:term":[{"taxonomy":"category","embeddable":true,"href":"https:\/\/fuentesfidedignas.com.mx\/index.php\/wp-json\/wp\/v2\/categories?post=62595"},{"taxonomy":"post_tag","embeddable":true,"href":"https:\/\/fuentesfidedignas.com.mx\/index.php\/wp-json\/wp\/v2\/tags?post=62595"}],"curies":[{"name":"wp","href":"https:\/\/api.w.org\/{rel}","templated":true}]}}