{"id":62537,"date":"2023-10-16T06:58:01","date_gmt":"2023-10-16T13:58:01","guid":{"rendered":"https:\/\/fuentesfidedignas.com.mx\/?p=62537"},"modified":"2023-10-16T06:58:37","modified_gmt":"2023-10-16T13:58:37","slug":"abuelita-descubre-que-llevo-una-aguja-en-el-cerebro-por-80-anos","status":"publish","type":"post","link":"https:\/\/fuentesfidedignas.com.mx\/index.php\/2023\/10\/16\/abuelita-descubre-que-llevo-una-aguja-en-el-cerebro-por-80-anos\/","title":{"rendered":"Abuelita descubre que llev\u00f3 una aguja en el cerebro por 80 a\u00f1os"},"content":{"rendered":"\n<p><strong><em>M\u00e9dicos detallaron que el objeto estuvo alojado en su cerebro desde su nacimiento y explicaron que es probable que sus padres hayan trataron de matarla en su infancia.<\/em><\/strong><\/p>\n\n\n\n<p>Lo que era un chequeo m\u00e9dico rutinario se convirti\u00f3 en una pesadilla luego de que especialistas hallaron una aguja de 3 cent\u00edmetros de largo en el cerebro de una mujer de 80 a\u00f1os en Rusia.<\/p>\n\n\n\n<p>De acuerdo con el Ministerio de Salud, radi\u00f3logos dieron con el objeto en una radiograf\u00eda. Un caso muy similar al que ocurri\u00f3 hace varios a\u00f1os, cuando le encontraron a un soldado afgano un explosivo en la cabeza.<\/p>\n\n\n\n<p>Aunque no se han revelado detalles del lugar exacto en donde ocurri\u00f3 este suceso, o la fecha en la que se registr\u00f3, autoridades sanitarias dijeron que la aguja se encontraba en el l\u00f3bulo parietal izquierdo de la mujer an\u00f3nima quien al parecer la tuvo alojada en el cerebro desde que era una beb\u00e9 y nunca le provoc\u00f3 molestias ni dolores de cabeza.<\/p>\n\n\n\n<p>En tanto, los m\u00e9dicos detallaron que el objeto estuvo alojado en su cerebro desde su nacimiento y explicaron que es probable que sus padres hayan trataron de matarla en su infancia, una pr\u00e1ctica muy recurrida en tiempos de guerra y hambruna.<\/p>\n\n\n\n<p>Durante la Segunda Guerra Mundial los padres desesperados introduc\u00edan una aguja en un punto blando de la cabeza del reci\u00e9n nacido, conocido como la fontanela, donde los huesos del cr\u00e1neo a\u00fan no se hab\u00edan fusionado, el punto se cierra y oculta la aguja, y el beb\u00e9 mor\u00eda.<\/p>\n\n\n\n<p>Los m\u00e9dicos decidieron no retirar el objeto del cebero de la mujer, ya que no representa un peligro para ella y ha vivido sin problemas de salud durante toda su vida, por lo que someterla a una cirug\u00eda podr\u00eda ser riesgoso por su edad y podr\u00eda ser grave para ella.<\/p>\n","protected":false},"excerpt":{"rendered":"<p>M\u00e9dicos detallaron que el objeto estuvo alojado en su cerebro desde su nacimiento y explicaron que es probable que sus padres hayan trataron de matarla en su infancia. Lo que era un chequeo m\u00e9dico rutinario se convirti\u00f3 en una pesadilla luego de que especialistas hallaron una aguja de 3 cent\u00edmetros de largo en el cerebro [&hellip;]<\/p>\n","protected":false},"author":7,"featured_media":62538,"comment_status":"open","ping_status":"open","sticky":false,"template":"","format":"standard","meta":{"tdm_status":"","tdm_grid_status":"","footnotes":""},"categories":[40],"tags":[],"class_list":{"0":"post-62537","1":"post","2":"type-post","3":"status-publish","4":"format-standard","5":"has-post-thumbnail","7":"category-las-asombrosas"},"yoast_head":"<!-- This site is optimized with the Yoast SEO plugin v27.4 - https:\/\/yoast.com\/product\/yoast-seo-wordpress\/ -->\n<title>Abuelita descubre que llev\u00f3 una aguja en el cerebro por 80 a\u00f1os - Fuentes Fidedignas<\/title>\n<meta name=\"robots\" content=\"index, follow, max-snippet:-1, max-image-preview:large, max-video-preview:-1\" \/>\n<link rel=\"canonical\" href=\"https:\/\/fuentesfidedignas.com.mx\/index.php\/2023\/10\/16\/abuelita-descubre-que-llevo-una-aguja-en-el-cerebro-por-80-anos\/\" \/>\n<meta property=\"og:locale\" content=\"es_MX\" \/>\n<meta property=\"og:type\" content=\"article\" \/>\n<meta property=\"og:title\" content=\"Abuelita descubre que llev\u00f3 una aguja en el cerebro por 80 a\u00f1os - Fuentes Fidedignas\" \/>\n<meta property=\"og:description\" content=\"M\u00e9dicos detallaron que el objeto estuvo alojado en su cerebro desde su nacimiento y explicaron que es probable que sus padres hayan trataron de matarla en su infancia. Lo que era un chequeo m\u00e9dico rutinario se convirti\u00f3 en una pesadilla luego de que especialistas hallaron una aguja de 3 cent\u00edmetros de largo en el cerebro [&hellip;]\" \/>\n<meta property=\"og:url\" content=\"https:\/\/fuentesfidedignas.com.mx\/index.php\/2023\/10\/16\/abuelita-descubre-que-llevo-una-aguja-en-el-cerebro-por-80-anos\/\" \/>\n<meta property=\"og:site_name\" content=\"Fuentes Fidedignas\" \/>\n<meta property=\"article:publisher\" content=\"https:\/\/www.facebook.com\/Fuentes-Fidedignas-368234489921644\" \/>\n<meta property=\"article:published_time\" content=\"2023-10-16T13:58:01+00:00\" \/>\n<meta property=\"article:modified_time\" content=\"2023-10-16T13:58:37+00:00\" \/>\n<meta property=\"og:image\" content=\"https:\/\/fuentesfidedignas.com.mx\/wp-content\/uploads\/2023\/10\/ABUELA_AHUJERO.jpg\" \/>\n\t<meta property=\"og:image:width\" content=\"800\" \/>\n\t<meta property=\"og:image:height\" content=\"600\" \/>\n\t<meta property=\"og:image:type\" content=\"image\/jpeg\" \/>\n<meta name=\"author\" content=\"Exc\u00e9lsior\" \/>\n<meta name=\"twitter:card\" content=\"summary_large_image\" \/>\n<meta name=\"twitter:creator\" content=\"@fidedignas\" \/>\n<meta name=\"twitter:site\" content=\"@fidedignas\" \/>\n<meta name=\"twitter:label1\" content=\"Escrito por\" \/>\n\t<meta name=\"twitter:data1\" content=\"Exc\u00e9lsior\" \/>\n\t<meta name=\"twitter:label2\" content=\"Tiempo de lectura\" \/>\n\t<meta name=\"twitter:data2\" content=\"2 minutos\" \/>\n<script type=\"application\/ld+json\" class=\"yoast-schema-graph\">{\"@context\":\"https:\\\/\\\/schema.org\",\"@graph\":[{\"@type\":\"Article\",\"@id\":\"https:\\\/\\\/fuentesfidedignas.com.mx\\\/index.php\\\/2023\\\/10\\\/16\\\/abuelita-descubre-que-llevo-una-aguja-en-el-cerebro-por-80-anos\\\/#article\",\"isPartOf\":{\"@id\":\"https:\\\/\\\/fuentesfidedignas.com.mx\\\/index.php\\\/2023\\\/10\\\/16\\\/abuelita-descubre-que-llevo-una-aguja-en-el-cerebro-por-80-anos\\\/\"},\"author\":{\"name\":\"Exc\u00e9lsior\",\"@id\":\"https:\\\/\\\/fuentesfidedignas.com.mx\\\/#\\\/schema\\\/person\\\/ec4edd1fbf5efa3e44fce34fe2787780\"},\"headline\":\"Abuelita descubre que llev\u00f3 una aguja en el cerebro por 80 a\u00f1os\",\"datePublished\":\"2023-10-16T13:58:01+00:00\",\"dateModified\":\"2023-10-16T13:58:37+00:00\",\"mainEntityOfPage\":{\"@id\":\"https:\\\/\\\/fuentesfidedignas.com.mx\\\/index.php\\\/2023\\\/10\\\/16\\\/abuelita-descubre-que-llevo-una-aguja-en-el-cerebro-por-80-anos\\\/\"},\"wordCount\":331,\"commentCount\":0,\"publisher\":{\"@id\":\"https:\\\/\\\/fuentesfidedignas.com.mx\\\/#organization\"},\"image\":{\"@id\":\"https:\\\/\\\/fuentesfidedignas.com.mx\\\/index.php\\\/2023\\\/10\\\/16\\\/abuelita-descubre-que-llevo-una-aguja-en-el-cerebro-por-80-anos\\\/#primaryimage\"},\"thumbnailUrl\":\"https:\\\/\\\/fuentesfidedignas.com.mx\\\/wp-content\\\/uploads\\\/2023\\\/10\\\/ABUELA_AHUJERO.jpg\",\"articleSection\":[\"LAS ASOMBROSAS\"],\"inLanguage\":\"es\",\"potentialAction\":[{\"@type\":\"CommentAction\",\"name\":\"Comment\",\"target\":[\"https:\\\/\\\/fuentesfidedignas.com.mx\\\/index.php\\\/2023\\\/10\\\/16\\\/abuelita-descubre-que-llevo-una-aguja-en-el-cerebro-por-80-anos\\\/#respond\"]}]},{\"@type\":\"WebPage\",\"@id\":\"https:\\\/\\\/fuentesfidedignas.com.mx\\\/index.php\\\/2023\\\/10\\\/16\\\/abuelita-descubre-que-llevo-una-aguja-en-el-cerebro-por-80-anos\\\/\",\"url\":\"https:\\\/\\\/fuentesfidedignas.com.mx\\\/index.php\\\/2023\\\/10\\\/16\\\/abuelita-descubre-que-llevo-una-aguja-en-el-cerebro-por-80-anos\\\/\",\"name\":\"Abuelita descubre que llev\u00f3 una aguja en el cerebro por 80 a\u00f1os - Fuentes Fidedignas\",\"isPartOf\":{\"@id\":\"https:\\\/\\\/fuentesfidedignas.com.mx\\\/#website\"},\"primaryImageOfPage\":{\"@id\":\"https:\\\/\\\/fuentesfidedignas.com.mx\\\/index.php\\\/2023\\\/10\\\/16\\\/abuelita-descubre-que-llevo-una-aguja-en-el-cerebro-por-80-anos\\\/#primaryimage\"},\"image\":{\"@id\":\"https:\\\/\\\/fuentesfidedignas.com.mx\\\/index.php\\\/2023\\\/10\\\/16\\\/abuelita-descubre-que-llevo-una-aguja-en-el-cerebro-por-80-anos\\\/#primaryimage\"},\"thumbnailUrl\":\"https:\\\/\\\/fuentesfidedignas.com.mx\\\/wp-content\\\/uploads\\\/2023\\\/10\\\/ABUELA_AHUJERO.jpg\",\"datePublished\":\"2023-10-16T13:58:01+00:00\",\"dateModified\":\"2023-10-16T13:58:37+00:00\",\"breadcrumb\":{\"@id\":\"https:\\\/\\\/fuentesfidedignas.com.mx\\\/index.php\\\/2023\\\/10\\\/16\\\/abuelita-descubre-que-llevo-una-aguja-en-el-cerebro-por-80-anos\\\/#breadcrumb\"},\"inLanguage\":\"es\",\"potentialAction\":[{\"@type\":\"ReadAction\",\"target\":[\"https:\\\/\\\/fuentesfidedignas.com.mx\\\/index.php\\\/2023\\\/10\\\/16\\\/abuelita-descubre-que-llevo-una-aguja-en-el-cerebro-por-80-anos\\\/\"]}]},{\"@type\":\"ImageObject\",\"inLanguage\":\"es\",\"@id\":\"https:\\\/\\\/fuentesfidedignas.com.mx\\\/index.php\\\/2023\\\/10\\\/16\\\/abuelita-descubre-que-llevo-una-aguja-en-el-cerebro-por-80-anos\\\/#primaryimage\",\"url\":\"https:\\\/\\\/fuentesfidedignas.com.mx\\\/wp-content\\\/uploads\\\/2023\\\/10\\\/ABUELA_AHUJERO.jpg\",\"contentUrl\":\"https:\\\/\\\/fuentesfidedignas.com.mx\\\/wp-content\\\/uploads\\\/2023\\\/10\\\/ABUELA_AHUJERO.jpg\",\"width\":800,\"height\":600},{\"@type\":\"BreadcrumbList\",\"@id\":\"https:\\\/\\\/fuentesfidedignas.com.mx\\\/index.php\\\/2023\\\/10\\\/16\\\/abuelita-descubre-que-llevo-una-aguja-en-el-cerebro-por-80-anos\\\/#breadcrumb\",\"itemListElement\":[{\"@type\":\"ListItem\",\"position\":1,\"name\":\"Inicio\",\"item\":\"https:\\\/\\\/fuentesfidedignas.com.mx\\\/\"},{\"@type\":\"ListItem\",\"position\":2,\"name\":\"Abuelita descubre que llev\u00f3 una aguja en el cerebro por 80 a\u00f1os\"}]},{\"@type\":\"WebSite\",\"@id\":\"https:\\\/\\\/fuentesfidedignas.com.mx\\\/#website\",\"url\":\"https:\\\/\\\/fuentesfidedignas.com.mx\\\/\",\"name\":\"Fuentes Fidedignas\",\"description\":\"Otro sitio realizado con WordPress\",\"publisher\":{\"@id\":\"https:\\\/\\\/fuentesfidedignas.com.mx\\\/#organization\"},\"potentialAction\":[{\"@type\":\"SearchAction\",\"target\":{\"@type\":\"EntryPoint\",\"urlTemplate\":\"https:\\\/\\\/fuentesfidedignas.com.mx\\\/?s={search_term_string}\"},\"query-input\":{\"@type\":\"PropertyValueSpecification\",\"valueRequired\":true,\"valueName\":\"search_term_string\"}}],\"inLanguage\":\"es\"},{\"@type\":\"Organization\",\"@id\":\"https:\\\/\\\/fuentesfidedignas.com.mx\\\/#organization\",\"name\":\"Fuentes Fidedignas\",\"url\":\"https:\\\/\\\/fuentesfidedignas.com.mx\\\/\",\"logo\":{\"@type\":\"ImageObject\",\"inLanguage\":\"es\",\"@id\":\"https:\\\/\\\/fuentesfidedignas.com.mx\\\/#\\\/schema\\\/logo\\\/image\\\/\",\"url\":\"https:\\\/\\\/fuentesfidedignas.com.mx\\\/wp-content\\\/uploads\\\/2021\\\/04\\\/logo-retina.png\",\"contentUrl\":\"https:\\\/\\\/fuentesfidedignas.com.mx\\\/wp-content\\\/uploads\\\/2021\\\/04\\\/logo-retina.png\",\"width\":280,\"height\":51,\"caption\":\"Fuentes Fidedignas\"},\"image\":{\"@id\":\"https:\\\/\\\/fuentesfidedignas.com.mx\\\/#\\\/schema\\\/logo\\\/image\\\/\"},\"sameAs\":[\"https:\\\/\\\/www.facebook.com\\\/Fuentes-Fidedignas-368234489921644\",\"https:\\\/\\\/x.com\\\/fidedignas\"]},{\"@type\":\"Person\",\"@id\":\"https:\\\/\\\/fuentesfidedignas.com.mx\\\/#\\\/schema\\\/person\\\/ec4edd1fbf5efa3e44fce34fe2787780\",\"name\":\"Exc\u00e9lsior\",\"image\":{\"@type\":\"ImageObject\",\"inLanguage\":\"es\",\"@id\":\"https:\\\/\\\/secure.gravatar.com\\\/avatar\\\/4b7ee9206b48be08447852b3f0814dbc7c0f3b51541b164f1464a2725614020b?s=96&d=mm&r=g\",\"url\":\"https:\\\/\\\/secure.gravatar.com\\\/avatar\\\/4b7ee9206b48be08447852b3f0814dbc7c0f3b51541b164f1464a2725614020b?s=96&d=mm&r=g\",\"contentUrl\":\"https:\\\/\\\/secure.gravatar.com\\\/avatar\\\/4b7ee9206b48be08447852b3f0814dbc7c0f3b51541b164f1464a2725614020b?s=96&d=mm&r=g\",\"caption\":\"Exc\u00e9lsior\"},\"url\":\"https:\\\/\\\/fuentesfidedignas.com.mx\\\/index.php\\\/author\\\/excelsior\\\/\"}]}<\/script>\n<!-- \/ Yoast SEO plugin. -->","yoast_head_json":{"title":"Abuelita descubre que llev\u00f3 una aguja en el cerebro por 80 a\u00f1os - Fuentes Fidedignas","robots":{"index":"index","follow":"follow","max-snippet":"max-snippet:-1","max-image-preview":"max-image-preview:large","max-video-preview":"max-video-preview:-1"},"canonical":"https:\/\/fuentesfidedignas.com.mx\/index.php\/2023\/10\/16\/abuelita-descubre-que-llevo-una-aguja-en-el-cerebro-por-80-anos\/","og_locale":"es_MX","og_type":"article","og_title":"Abuelita descubre que llev\u00f3 una aguja en el cerebro por 80 a\u00f1os - Fuentes Fidedignas","og_description":"M\u00e9dicos detallaron que el objeto estuvo alojado en su cerebro desde su nacimiento y explicaron que es probable que sus padres hayan trataron de matarla en su infancia. Lo que era un chequeo m\u00e9dico rutinario se convirti\u00f3 en una pesadilla luego de que especialistas hallaron una aguja de 3 cent\u00edmetros de largo en el cerebro [&hellip;]","og_url":"https:\/\/fuentesfidedignas.com.mx\/index.php\/2023\/10\/16\/abuelita-descubre-que-llevo-una-aguja-en-el-cerebro-por-80-anos\/","og_site_name":"Fuentes Fidedignas","article_publisher":"https:\/\/www.facebook.com\/Fuentes-Fidedignas-368234489921644","article_published_time":"2023-10-16T13:58:01+00:00","article_modified_time":"2023-10-16T13:58:37+00:00","og_image":[{"width":800,"height":600,"url":"https:\/\/fuentesfidedignas.com.mx\/wp-content\/uploads\/2023\/10\/ABUELA_AHUJERO.jpg","type":"image\/jpeg"}],"author":"Exc\u00e9lsior","twitter_card":"summary_large_image","twitter_creator":"@fidedignas","twitter_site":"@fidedignas","twitter_misc":{"Escrito por":"Exc\u00e9lsior","Tiempo de lectura":"2 minutos"},"schema":{"@context":"https:\/\/schema.org","@graph":[{"@type":"Article","@id":"https:\/\/fuentesfidedignas.com.mx\/index.php\/2023\/10\/16\/abuelita-descubre-que-llevo-una-aguja-en-el-cerebro-por-80-anos\/#article","isPartOf":{"@id":"https:\/\/fuentesfidedignas.com.mx\/index.php\/2023\/10\/16\/abuelita-descubre-que-llevo-una-aguja-en-el-cerebro-por-80-anos\/"},"author":{"name":"Exc\u00e9lsior","@id":"https:\/\/fuentesfidedignas.com.mx\/#\/schema\/person\/ec4edd1fbf5efa3e44fce34fe2787780"},"headline":"Abuelita descubre que llev\u00f3 una aguja en el cerebro por 80 a\u00f1os","datePublished":"2023-10-16T13:58:01+00:00","dateModified":"2023-10-16T13:58:37+00:00","mainEntityOfPage":{"@id":"https:\/\/fuentesfidedignas.com.mx\/index.php\/2023\/10\/16\/abuelita-descubre-que-llevo-una-aguja-en-el-cerebro-por-80-anos\/"},"wordCount":331,"commentCount":0,"publisher":{"@id":"https:\/\/fuentesfidedignas.com.mx\/#organization"},"image":{"@id":"https:\/\/fuentesfidedignas.com.mx\/index.php\/2023\/10\/16\/abuelita-descubre-que-llevo-una-aguja-en-el-cerebro-por-80-anos\/#primaryimage"},"thumbnailUrl":"https:\/\/fuentesfidedignas.com.mx\/wp-content\/uploads\/2023\/10\/ABUELA_AHUJERO.jpg","articleSection":["LAS ASOMBROSAS"],"inLanguage":"es","potentialAction":[{"@type":"CommentAction","name":"Comment","target":["https:\/\/fuentesfidedignas.com.mx\/index.php\/2023\/10\/16\/abuelita-descubre-que-llevo-una-aguja-en-el-cerebro-por-80-anos\/#respond"]}]},{"@type":"WebPage","@id":"https:\/\/fuentesfidedignas.com.mx\/index.php\/2023\/10\/16\/abuelita-descubre-que-llevo-una-aguja-en-el-cerebro-por-80-anos\/","url":"https:\/\/fuentesfidedignas.com.mx\/index.php\/2023\/10\/16\/abuelita-descubre-que-llevo-una-aguja-en-el-cerebro-por-80-anos\/","name":"Abuelita descubre que llev\u00f3 una aguja en el cerebro por 80 a\u00f1os - Fuentes Fidedignas","isPartOf":{"@id":"https:\/\/fuentesfidedignas.com.mx\/#website"},"primaryImageOfPage":{"@id":"https:\/\/fuentesfidedignas.com.mx\/index.php\/2023\/10\/16\/abuelita-descubre-que-llevo-una-aguja-en-el-cerebro-por-80-anos\/#primaryimage"},"image":{"@id":"https:\/\/fuentesfidedignas.com.mx\/index.php\/2023\/10\/16\/abuelita-descubre-que-llevo-una-aguja-en-el-cerebro-por-80-anos\/#primaryimage"},"thumbnailUrl":"https:\/\/fuentesfidedignas.com.mx\/wp-content\/uploads\/2023\/10\/ABUELA_AHUJERO.jpg","datePublished":"2023-10-16T13:58:01+00:00","dateModified":"2023-10-16T13:58:37+00:00","breadcrumb":{"@id":"https:\/\/fuentesfidedignas.com.mx\/index.php\/2023\/10\/16\/abuelita-descubre-que-llevo-una-aguja-en-el-cerebro-por-80-anos\/#breadcrumb"},"inLanguage":"es","potentialAction":[{"@type":"ReadAction","target":["https:\/\/fuentesfidedignas.com.mx\/index.php\/2023\/10\/16\/abuelita-descubre-que-llevo-una-aguja-en-el-cerebro-por-80-anos\/"]}]},{"@type":"ImageObject","inLanguage":"es","@id":"https:\/\/fuentesfidedignas.com.mx\/index.php\/2023\/10\/16\/abuelita-descubre-que-llevo-una-aguja-en-el-cerebro-por-80-anos\/#primaryimage","url":"https:\/\/fuentesfidedignas.com.mx\/wp-content\/uploads\/2023\/10\/ABUELA_AHUJERO.jpg","contentUrl":"https:\/\/fuentesfidedignas.com.mx\/wp-content\/uploads\/2023\/10\/ABUELA_AHUJERO.jpg","width":800,"height":600},{"@type":"BreadcrumbList","@id":"https:\/\/fuentesfidedignas.com.mx\/index.php\/2023\/10\/16\/abuelita-descubre-que-llevo-una-aguja-en-el-cerebro-por-80-anos\/#breadcrumb","itemListElement":[{"@type":"ListItem","position":1,"name":"Inicio","item":"https:\/\/fuentesfidedignas.com.mx\/"},{"@type":"ListItem","position":2,"name":"Abuelita descubre que llev\u00f3 una aguja en el cerebro por 80 a\u00f1os"}]},{"@type":"WebSite","@id":"https:\/\/fuentesfidedignas.com.mx\/#website","url":"https:\/\/fuentesfidedignas.com.mx\/","name":"Fuentes Fidedignas","description":"Otro sitio realizado con WordPress","publisher":{"@id":"https:\/\/fuentesfidedignas.com.mx\/#organization"},"potentialAction":[{"@type":"SearchAction","target":{"@type":"EntryPoint","urlTemplate":"https:\/\/fuentesfidedignas.com.mx\/?s={search_term_string}"},"query-input":{"@type":"PropertyValueSpecification","valueRequired":true,"valueName":"search_term_string"}}],"inLanguage":"es"},{"@type":"Organization","@id":"https:\/\/fuentesfidedignas.com.mx\/#organization","name":"Fuentes Fidedignas","url":"https:\/\/fuentesfidedignas.com.mx\/","logo":{"@type":"ImageObject","inLanguage":"es","@id":"https:\/\/fuentesfidedignas.com.mx\/#\/schema\/logo\/image\/","url":"https:\/\/fuentesfidedignas.com.mx\/wp-content\/uploads\/2021\/04\/logo-retina.png","contentUrl":"https:\/\/fuentesfidedignas.com.mx\/wp-content\/uploads\/2021\/04\/logo-retina.png","width":280,"height":51,"caption":"Fuentes Fidedignas"},"image":{"@id":"https:\/\/fuentesfidedignas.com.mx\/#\/schema\/logo\/image\/"},"sameAs":["https:\/\/www.facebook.com\/Fuentes-Fidedignas-368234489921644","https:\/\/x.com\/fidedignas"]},{"@type":"Person","@id":"https:\/\/fuentesfidedignas.com.mx\/#\/schema\/person\/ec4edd1fbf5efa3e44fce34fe2787780","name":"Exc\u00e9lsior","image":{"@type":"ImageObject","inLanguage":"es","@id":"https:\/\/secure.gravatar.com\/avatar\/4b7ee9206b48be08447852b3f0814dbc7c0f3b51541b164f1464a2725614020b?s=96&d=mm&r=g","url":"https:\/\/secure.gravatar.com\/avatar\/4b7ee9206b48be08447852b3f0814dbc7c0f3b51541b164f1464a2725614020b?s=96&d=mm&r=g","contentUrl":"https:\/\/secure.gravatar.com\/avatar\/4b7ee9206b48be08447852b3f0814dbc7c0f3b51541b164f1464a2725614020b?s=96&d=mm&r=g","caption":"Exc\u00e9lsior"},"url":"https:\/\/fuentesfidedignas.com.mx\/index.php\/author\/excelsior\/"}]}},"_links":{"self":[{"href":"https:\/\/fuentesfidedignas.com.mx\/index.php\/wp-json\/wp\/v2\/posts\/62537","targetHints":{"allow":["GET"]}}],"collection":[{"href":"https:\/\/fuentesfidedignas.com.mx\/index.php\/wp-json\/wp\/v2\/posts"}],"about":[{"href":"https:\/\/fuentesfidedignas.com.mx\/index.php\/wp-json\/wp\/v2\/types\/post"}],"author":[{"embeddable":true,"href":"https:\/\/fuentesfidedignas.com.mx\/index.php\/wp-json\/wp\/v2\/users\/7"}],"replies":[{"embeddable":true,"href":"https:\/\/fuentesfidedignas.com.mx\/index.php\/wp-json\/wp\/v2\/comments?post=62537"}],"version-history":[{"count":1,"href":"https:\/\/fuentesfidedignas.com.mx\/index.php\/wp-json\/wp\/v2\/posts\/62537\/revisions"}],"predecessor-version":[{"id":62539,"href":"https:\/\/fuentesfidedignas.com.mx\/index.php\/wp-json\/wp\/v2\/posts\/62537\/revisions\/62539"}],"wp:featuredmedia":[{"embeddable":true,"href":"https:\/\/fuentesfidedignas.com.mx\/index.php\/wp-json\/wp\/v2\/media\/62538"}],"wp:attachment":[{"href":"https:\/\/fuentesfidedignas.com.mx\/index.php\/wp-json\/wp\/v2\/media?parent=62537"}],"wp:term":[{"taxonomy":"category","embeddable":true,"href":"https:\/\/fuentesfidedignas.com.mx\/index.php\/wp-json\/wp\/v2\/categories?post=62537"},{"taxonomy":"post_tag","embeddable":true,"href":"https:\/\/fuentesfidedignas.com.mx\/index.php\/wp-json\/wp\/v2\/tags?post=62537"}],"curies":[{"name":"wp","href":"https:\/\/api.w.org\/{rel}","templated":true}]}}