{"id":62474,"date":"2023-10-15T09:45:39","date_gmt":"2023-10-15T16:45:39","guid":{"rendered":"https:\/\/fuentesfidedignas.com.mx\/?p=62474"},"modified":"2023-10-15T09:46:10","modified_gmt":"2023-10-15T16:46:10","slug":"puente-aereo-rescata-de-israel-a-158-mexicanos","status":"publish","type":"post","link":"https:\/\/fuentesfidedignas.com.mx\/index.php\/2023\/10\/15\/puente-aereo-rescata-de-israel-a-158-mexicanos\/","title":{"rendered":"Puente a\u00e9reo rescata de Israel a 158 mexicanos"},"content":{"rendered":"\n<p><strong><em>Otros 158 connacionales atrapados por la guerra fueron sacados de Israel y llevados a Madrid, Espa\u00f1a, como parte del puente a\u00e9reo para su regreso a M\u00e9xico<\/em><\/strong><\/p>\n\n\n\n<p>Unos 158 mexicanos salieron de Israel gracias al puente a\u00e9reo establecido por el Gobierno Federal a trav\u00e9s de la Secretar\u00eda de la Defensa Nacional (Sedena).<\/p>\n\n\n\n<p>La Secretar\u00eda de Relaciones Exteriores (SRE) inform\u00f3 que los connacionales despegaron en dos vuelos distintos desde el Aeropuerto Internacional de Tel Aviv.<\/p>\n\n\n\n<blockquote class=\"twitter-tweet\"><p lang=\"es\" dir=\"ltr\">\ud83d\udcf8 En el Aeropuerto Internacional Ben Guri\u00f3n, la tripulaci\u00f3n de los dos aviones de la Fuerza A\u00e9rea Mexicana de la <a href=\"https:\/\/twitter.com\/SEDENAmx?ref_src=twsrc%5Etfw\">@SEDENAmx<\/a>, coordinados con apoyo de la <a href=\"https:\/\/twitter.com\/SRE_mx?ref_src=twsrc%5Etfw\">@SRE_mx<\/a> y <a href=\"https:\/\/twitter.com\/EmbaMexIsr?ref_src=twsrc%5Etfw\">@EmbaMexIsr<\/a>, concluy\u00f3 con \u00e9xito el abordaje de 158 connacionales que utilizan el puente a\u00e9reo entre Tel Aviv y\u2026 <a href=\"https:\/\/t.co\/NUHVWRQ28l\">pic.twitter.com\/NUHVWRQ28l<\/a><\/p>&mdash; Relaciones Exteriores (@SRE_mx) <a href=\"https:\/\/twitter.com\/SRE_mx\/status\/1713502829439078443?ref_src=twsrc%5Etfw\">October 15, 2023<\/a><\/blockquote> <script async src=\"https:\/\/platform.twitter.com\/widgets.js\" charset=\"utf-8\"><\/script>\n\n\n\n<p>La Embajada de M\u00e9xico en Espa\u00f1a destac\u00f3 que consigui\u00f3 precio preferencial en los boletos de avi\u00f3n para los connacionales, as\u00ed como descuentos en hoteles para aquellos que deban esperar por un vuelo.<\/p>\n\n\n\n<blockquote class=\"twitter-tweet\"><p lang=\"es\" dir=\"ltr\">\ud83d\udcf8 Desde Espa\u00f1a, la <a href=\"https:\/\/twitter.com\/EmbaMexEsp?ref_src=twsrc%5Etfw\">@EmbaMexEsp<\/a> gestion\u00f3 un precio preferencial a connacionales del puente a\u00e9reo, para asientos en los vuelos Madrid-M\u00e9xico con la aerol\u00ednea Iberia, como apoyo para el regreso hasta nuestro pa\u00eds. Asimismo, se contar\u00e1 con descuentos en hoteles y albergues en la\u2026 <a href=\"https:\/\/t.co\/3u4DoLLFGh\">pic.twitter.com\/3u4DoLLFGh<\/a><\/p>&mdash; Relaciones Exteriores (@SRE_mx) <a href=\"https:\/\/twitter.com\/SRE_mx\/status\/1713568176183668950?ref_src=twsrc%5Etfw\">October 15, 2023<\/a><\/blockquote> <script async src=\"https:\/\/platform.twitter.com\/widgets.js\" charset=\"utf-8\"><\/script>\n\n\n\n<p>Para rescatar a los connacionales atrapados por la guerra, el gobierno mexicano inici\u00f3 un puente a\u00e9reo hacia Madrid, Espa\u00f1a.<\/p>\n\n\n\n<p>La SRE explic\u00f3 que para ser considerado en los vuelos del puente a\u00e9reo Tel Aviv-Madrid, las personas deber\u00e1n registrarse en un nuevo formulario en internet.<\/p>\n\n\n\n<p>El Gobierno israel\u00ed confirm\u00f3 este domingo que m\u00e1s de mil 400 personas murieron desde el comienzo de la guerra con las milicias de Gaza, y que al menos 120 fueron secuestrados y llevados a la Franja como rehenes.<\/p>\n\n\n\n<p>Las cifras fueron difundidas por la Oficina de Prensa del Gobierno de Israel, que inform\u00f3 adem\u00e1s que 3 mil 500 personas resultaron heridas desde el comienzo de las hostilidades.<\/p>\n\n\n\n<p>Seg\u00fan el Ministerio de Sanidad palestino, 2 mil 329 personas han fallecido hasta el momento en la Franja producto de los ataques del Ej\u00e9rcito israel\u00ed, que han dejado tambi\u00e9n un saldo de m\u00e1s de 9 mil heridos.<\/p>\n\n\n\n<p>A estas cifras se suman unos mil 200 muertos entre los milicianos de Ham\u00e1s ca\u00eddos combatiendo con las fuerzas de seguridad en territorio israel\u00ed durante los enfrentamientos armados que se prolongaron hasta el martes.<\/p>\n","protected":false},"excerpt":{"rendered":"<p>Otros 158 connacionales atrapados por la guerra fueron sacados de Israel y llevados a Madrid, Espa\u00f1a, como parte del puente a\u00e9reo para su regreso a M\u00e9xico Unos 158 mexicanos salieron de Israel gracias al puente a\u00e9reo establecido por el Gobierno Federal a trav\u00e9s de la Secretar\u00eda de la Defensa Nacional (Sedena). La Secretar\u00eda de Relaciones [&hellip;]<\/p>\n","protected":false},"author":47,"featured_media":62475,"comment_status":"open","ping_status":"open","sticky":false,"template":"","format":"standard","meta":{"tdm_status":"","tdm_grid_status":"","footnotes":""},"categories":[39],"tags":[],"class_list":{"0":"post-62474","1":"post","2":"type-post","3":"status-publish","4":"format-standard","5":"has-post-thumbnail","7":"category-noticias-nacionales"},"yoast_head":"<!-- This site is optimized with the Yoast SEO plugin v27.5 - https:\/\/yoast.com\/product\/yoast-seo-wordpress\/ -->\n<title>Puente a\u00e9reo rescata de Israel a 158 mexicanos - Fuentes Fidedignas<\/title>\n<meta name=\"robots\" content=\"index, follow, max-snippet:-1, max-image-preview:large, max-video-preview:-1\" \/>\n<link rel=\"canonical\" href=\"https:\/\/fuentesfidedignas.com.mx\/index.php\/2023\/10\/15\/puente-aereo-rescata-de-israel-a-158-mexicanos\/\" \/>\n<meta property=\"og:locale\" content=\"es_MX\" \/>\n<meta property=\"og:type\" content=\"article\" \/>\n<meta property=\"og:title\" content=\"Puente a\u00e9reo rescata de Israel a 158 mexicanos - Fuentes Fidedignas\" \/>\n<meta property=\"og:description\" content=\"Otros 158 connacionales atrapados por la guerra fueron sacados de Israel y llevados a Madrid, Espa\u00f1a, como parte del puente a\u00e9reo para su regreso a M\u00e9xico Unos 158 mexicanos salieron de Israel gracias al puente a\u00e9reo establecido por el Gobierno Federal a trav\u00e9s de la Secretar\u00eda de la Defensa Nacional (Sedena). La Secretar\u00eda de Relaciones [&hellip;]\" \/>\n<meta property=\"og:url\" content=\"https:\/\/fuentesfidedignas.com.mx\/index.php\/2023\/10\/15\/puente-aereo-rescata-de-israel-a-158-mexicanos\/\" \/>\n<meta property=\"og:site_name\" content=\"Fuentes Fidedignas\" \/>\n<meta property=\"article:publisher\" content=\"https:\/\/www.facebook.com\/Fuentes-Fidedignas-368234489921644\" \/>\n<meta property=\"article:published_time\" content=\"2023-10-15T16:45:39+00:00\" \/>\n<meta property=\"article:modified_time\" content=\"2023-10-15T16:46:10+00:00\" \/>\n<meta property=\"og:image\" content=\"https:\/\/fuentesfidedignas.com.mx\/wp-content\/uploads\/2023\/10\/AVION_SEDENA1.jpg\" \/>\n\t<meta property=\"og:image:width\" content=\"1106\" \/>\n\t<meta property=\"og:image:height\" content=\"778\" \/>\n\t<meta property=\"og:image:type\" content=\"image\/jpeg\" \/>\n<meta name=\"author\" content=\"L\u00f3pez D\u00f3riga\" \/>\n<meta name=\"twitter:card\" content=\"summary_large_image\" \/>\n<meta name=\"twitter:creator\" content=\"@fidedignas\" \/>\n<meta name=\"twitter:site\" content=\"@fidedignas\" \/>\n<meta name=\"twitter:label1\" content=\"Escrito por\" \/>\n\t<meta name=\"twitter:data1\" content=\"L\u00f3pez D\u00f3riga\" \/>\n\t<meta name=\"twitter:label2\" content=\"Tiempo de lectura\" \/>\n\t<meta name=\"twitter:data2\" content=\"2 minutos\" \/>\n<script type=\"application\/ld+json\" class=\"yoast-schema-graph\">{\"@context\":\"https:\\\/\\\/schema.org\",\"@graph\":[{\"@type\":\"Article\",\"@id\":\"https:\\\/\\\/fuentesfidedignas.com.mx\\\/index.php\\\/2023\\\/10\\\/15\\\/puente-aereo-rescata-de-israel-a-158-mexicanos\\\/#article\",\"isPartOf\":{\"@id\":\"https:\\\/\\\/fuentesfidedignas.com.mx\\\/index.php\\\/2023\\\/10\\\/15\\\/puente-aereo-rescata-de-israel-a-158-mexicanos\\\/\"},\"author\":{\"name\":\"L\u00f3pez D\u00f3riga\",\"@id\":\"https:\\\/\\\/fuentesfidedignas.com.mx\\\/#\\\/schema\\\/person\\\/67d852f0557c8509146a4b9ddebd543a\"},\"headline\":\"Puente a\u00e9reo rescata de Israel a 158 mexicanos\",\"datePublished\":\"2023-10-15T16:45:39+00:00\",\"dateModified\":\"2023-10-15T16:46:10+00:00\",\"mainEntityOfPage\":{\"@id\":\"https:\\\/\\\/fuentesfidedignas.com.mx\\\/index.php\\\/2023\\\/10\\\/15\\\/puente-aereo-rescata-de-israel-a-158-mexicanos\\\/\"},\"wordCount\":425,\"commentCount\":0,\"publisher\":{\"@id\":\"https:\\\/\\\/fuentesfidedignas.com.mx\\\/#organization\"},\"image\":{\"@id\":\"https:\\\/\\\/fuentesfidedignas.com.mx\\\/index.php\\\/2023\\\/10\\\/15\\\/puente-aereo-rescata-de-israel-a-158-mexicanos\\\/#primaryimage\"},\"thumbnailUrl\":\"https:\\\/\\\/fuentesfidedignas.com.mx\\\/wp-content\\\/uploads\\\/2023\\\/10\\\/AVION_SEDENA1.jpg\",\"articleSection\":[\"NOTICIAS NACIONALES\"],\"inLanguage\":\"es\",\"potentialAction\":[{\"@type\":\"CommentAction\",\"name\":\"Comment\",\"target\":[\"https:\\\/\\\/fuentesfidedignas.com.mx\\\/index.php\\\/2023\\\/10\\\/15\\\/puente-aereo-rescata-de-israel-a-158-mexicanos\\\/#respond\"]}]},{\"@type\":\"WebPage\",\"@id\":\"https:\\\/\\\/fuentesfidedignas.com.mx\\\/index.php\\\/2023\\\/10\\\/15\\\/puente-aereo-rescata-de-israel-a-158-mexicanos\\\/\",\"url\":\"https:\\\/\\\/fuentesfidedignas.com.mx\\\/index.php\\\/2023\\\/10\\\/15\\\/puente-aereo-rescata-de-israel-a-158-mexicanos\\\/\",\"name\":\"Puente a\u00e9reo rescata de Israel a 158 mexicanos - Fuentes Fidedignas\",\"isPartOf\":{\"@id\":\"https:\\\/\\\/fuentesfidedignas.com.mx\\\/#website\"},\"primaryImageOfPage\":{\"@id\":\"https:\\\/\\\/fuentesfidedignas.com.mx\\\/index.php\\\/2023\\\/10\\\/15\\\/puente-aereo-rescata-de-israel-a-158-mexicanos\\\/#primaryimage\"},\"image\":{\"@id\":\"https:\\\/\\\/fuentesfidedignas.com.mx\\\/index.php\\\/2023\\\/10\\\/15\\\/puente-aereo-rescata-de-israel-a-158-mexicanos\\\/#primaryimage\"},\"thumbnailUrl\":\"https:\\\/\\\/fuentesfidedignas.com.mx\\\/wp-content\\\/uploads\\\/2023\\\/10\\\/AVION_SEDENA1.jpg\",\"datePublished\":\"2023-10-15T16:45:39+00:00\",\"dateModified\":\"2023-10-15T16:46:10+00:00\",\"breadcrumb\":{\"@id\":\"https:\\\/\\\/fuentesfidedignas.com.mx\\\/index.php\\\/2023\\\/10\\\/15\\\/puente-aereo-rescata-de-israel-a-158-mexicanos\\\/#breadcrumb\"},\"inLanguage\":\"es\",\"potentialAction\":[{\"@type\":\"ReadAction\",\"target\":[\"https:\\\/\\\/fuentesfidedignas.com.mx\\\/index.php\\\/2023\\\/10\\\/15\\\/puente-aereo-rescata-de-israel-a-158-mexicanos\\\/\"]}]},{\"@type\":\"ImageObject\",\"inLanguage\":\"es\",\"@id\":\"https:\\\/\\\/fuentesfidedignas.com.mx\\\/index.php\\\/2023\\\/10\\\/15\\\/puente-aereo-rescata-de-israel-a-158-mexicanos\\\/#primaryimage\",\"url\":\"https:\\\/\\\/fuentesfidedignas.com.mx\\\/wp-content\\\/uploads\\\/2023\\\/10\\\/AVION_SEDENA1.jpg\",\"contentUrl\":\"https:\\\/\\\/fuentesfidedignas.com.mx\\\/wp-content\\\/uploads\\\/2023\\\/10\\\/AVION_SEDENA1.jpg\",\"width\":1106,\"height\":778},{\"@type\":\"BreadcrumbList\",\"@id\":\"https:\\\/\\\/fuentesfidedignas.com.mx\\\/index.php\\\/2023\\\/10\\\/15\\\/puente-aereo-rescata-de-israel-a-158-mexicanos\\\/#breadcrumb\",\"itemListElement\":[{\"@type\":\"ListItem\",\"position\":1,\"name\":\"Inicio\",\"item\":\"https:\\\/\\\/fuentesfidedignas.com.mx\\\/\"},{\"@type\":\"ListItem\",\"position\":2,\"name\":\"Puente a\u00e9reo rescata de Israel a 158 mexicanos\"}]},{\"@type\":\"WebSite\",\"@id\":\"https:\\\/\\\/fuentesfidedignas.com.mx\\\/#website\",\"url\":\"https:\\\/\\\/fuentesfidedignas.com.mx\\\/\",\"name\":\"Fuentes Fidedignas\",\"description\":\"Otro sitio realizado con WordPress\",\"publisher\":{\"@id\":\"https:\\\/\\\/fuentesfidedignas.com.mx\\\/#organization\"},\"potentialAction\":[{\"@type\":\"SearchAction\",\"target\":{\"@type\":\"EntryPoint\",\"urlTemplate\":\"https:\\\/\\\/fuentesfidedignas.com.mx\\\/?s={search_term_string}\"},\"query-input\":{\"@type\":\"PropertyValueSpecification\",\"valueRequired\":true,\"valueName\":\"search_term_string\"}}],\"inLanguage\":\"es\"},{\"@type\":\"Organization\",\"@id\":\"https:\\\/\\\/fuentesfidedignas.com.mx\\\/#organization\",\"name\":\"Fuentes Fidedignas\",\"url\":\"https:\\\/\\\/fuentesfidedignas.com.mx\\\/\",\"logo\":{\"@type\":\"ImageObject\",\"inLanguage\":\"es\",\"@id\":\"https:\\\/\\\/fuentesfidedignas.com.mx\\\/#\\\/schema\\\/logo\\\/image\\\/\",\"url\":\"https:\\\/\\\/fuentesfidedignas.com.mx\\\/wp-content\\\/uploads\\\/2021\\\/04\\\/logo-retina.png\",\"contentUrl\":\"https:\\\/\\\/fuentesfidedignas.com.mx\\\/wp-content\\\/uploads\\\/2021\\\/04\\\/logo-retina.png\",\"width\":280,\"height\":51,\"caption\":\"Fuentes Fidedignas\"},\"image\":{\"@id\":\"https:\\\/\\\/fuentesfidedignas.com.mx\\\/#\\\/schema\\\/logo\\\/image\\\/\"},\"sameAs\":[\"https:\\\/\\\/www.facebook.com\\\/Fuentes-Fidedignas-368234489921644\",\"https:\\\/\\\/x.com\\\/fidedignas\"]},{\"@type\":\"Person\",\"@id\":\"https:\\\/\\\/fuentesfidedignas.com.mx\\\/#\\\/schema\\\/person\\\/67d852f0557c8509146a4b9ddebd543a\",\"name\":\"L\u00f3pez D\u00f3riga\",\"image\":{\"@type\":\"ImageObject\",\"inLanguage\":\"es\",\"@id\":\"https:\\\/\\\/secure.gravatar.com\\\/avatar\\\/e525b06574ca18b33cded59dfe5778d6c823b9513154eff47da551b0551bdd1e?s=96&d=mm&r=g\",\"url\":\"https:\\\/\\\/secure.gravatar.com\\\/avatar\\\/e525b06574ca18b33cded59dfe5778d6c823b9513154eff47da551b0551bdd1e?s=96&d=mm&r=g\",\"contentUrl\":\"https:\\\/\\\/secure.gravatar.com\\\/avatar\\\/e525b06574ca18b33cded59dfe5778d6c823b9513154eff47da551b0551bdd1e?s=96&d=mm&r=g\",\"caption\":\"L\u00f3pez D\u00f3riga\"},\"url\":\"https:\\\/\\\/fuentesfidedignas.com.mx\\\/index.php\\\/author\\\/doriga\\\/\"}]}<\/script>\n<!-- \/ Yoast SEO plugin. -->","yoast_head_json":{"title":"Puente a\u00e9reo rescata de Israel a 158 mexicanos - Fuentes Fidedignas","robots":{"index":"index","follow":"follow","max-snippet":"max-snippet:-1","max-image-preview":"max-image-preview:large","max-video-preview":"max-video-preview:-1"},"canonical":"https:\/\/fuentesfidedignas.com.mx\/index.php\/2023\/10\/15\/puente-aereo-rescata-de-israel-a-158-mexicanos\/","og_locale":"es_MX","og_type":"article","og_title":"Puente a\u00e9reo rescata de Israel a 158 mexicanos - Fuentes Fidedignas","og_description":"Otros 158 connacionales atrapados por la guerra fueron sacados de Israel y llevados a Madrid, Espa\u00f1a, como parte del puente a\u00e9reo para su regreso a M\u00e9xico Unos 158 mexicanos salieron de Israel gracias al puente a\u00e9reo establecido por el Gobierno Federal a trav\u00e9s de la Secretar\u00eda de la Defensa Nacional (Sedena). La Secretar\u00eda de Relaciones [&hellip;]","og_url":"https:\/\/fuentesfidedignas.com.mx\/index.php\/2023\/10\/15\/puente-aereo-rescata-de-israel-a-158-mexicanos\/","og_site_name":"Fuentes Fidedignas","article_publisher":"https:\/\/www.facebook.com\/Fuentes-Fidedignas-368234489921644","article_published_time":"2023-10-15T16:45:39+00:00","article_modified_time":"2023-10-15T16:46:10+00:00","og_image":[{"width":1106,"height":778,"url":"https:\/\/fuentesfidedignas.com.mx\/wp-content\/uploads\/2023\/10\/AVION_SEDENA1.jpg","type":"image\/jpeg"}],"author":"L\u00f3pez D\u00f3riga","twitter_card":"summary_large_image","twitter_creator":"@fidedignas","twitter_site":"@fidedignas","twitter_misc":{"Escrito por":"L\u00f3pez D\u00f3riga","Tiempo de lectura":"2 minutos"},"schema":{"@context":"https:\/\/schema.org","@graph":[{"@type":"Article","@id":"https:\/\/fuentesfidedignas.com.mx\/index.php\/2023\/10\/15\/puente-aereo-rescata-de-israel-a-158-mexicanos\/#article","isPartOf":{"@id":"https:\/\/fuentesfidedignas.com.mx\/index.php\/2023\/10\/15\/puente-aereo-rescata-de-israel-a-158-mexicanos\/"},"author":{"name":"L\u00f3pez D\u00f3riga","@id":"https:\/\/fuentesfidedignas.com.mx\/#\/schema\/person\/67d852f0557c8509146a4b9ddebd543a"},"headline":"Puente a\u00e9reo rescata de Israel a 158 mexicanos","datePublished":"2023-10-15T16:45:39+00:00","dateModified":"2023-10-15T16:46:10+00:00","mainEntityOfPage":{"@id":"https:\/\/fuentesfidedignas.com.mx\/index.php\/2023\/10\/15\/puente-aereo-rescata-de-israel-a-158-mexicanos\/"},"wordCount":425,"commentCount":0,"publisher":{"@id":"https:\/\/fuentesfidedignas.com.mx\/#organization"},"image":{"@id":"https:\/\/fuentesfidedignas.com.mx\/index.php\/2023\/10\/15\/puente-aereo-rescata-de-israel-a-158-mexicanos\/#primaryimage"},"thumbnailUrl":"https:\/\/fuentesfidedignas.com.mx\/wp-content\/uploads\/2023\/10\/AVION_SEDENA1.jpg","articleSection":["NOTICIAS NACIONALES"],"inLanguage":"es","potentialAction":[{"@type":"CommentAction","name":"Comment","target":["https:\/\/fuentesfidedignas.com.mx\/index.php\/2023\/10\/15\/puente-aereo-rescata-de-israel-a-158-mexicanos\/#respond"]}]},{"@type":"WebPage","@id":"https:\/\/fuentesfidedignas.com.mx\/index.php\/2023\/10\/15\/puente-aereo-rescata-de-israel-a-158-mexicanos\/","url":"https:\/\/fuentesfidedignas.com.mx\/index.php\/2023\/10\/15\/puente-aereo-rescata-de-israel-a-158-mexicanos\/","name":"Puente a\u00e9reo rescata de Israel a 158 mexicanos - Fuentes Fidedignas","isPartOf":{"@id":"https:\/\/fuentesfidedignas.com.mx\/#website"},"primaryImageOfPage":{"@id":"https:\/\/fuentesfidedignas.com.mx\/index.php\/2023\/10\/15\/puente-aereo-rescata-de-israel-a-158-mexicanos\/#primaryimage"},"image":{"@id":"https:\/\/fuentesfidedignas.com.mx\/index.php\/2023\/10\/15\/puente-aereo-rescata-de-israel-a-158-mexicanos\/#primaryimage"},"thumbnailUrl":"https:\/\/fuentesfidedignas.com.mx\/wp-content\/uploads\/2023\/10\/AVION_SEDENA1.jpg","datePublished":"2023-10-15T16:45:39+00:00","dateModified":"2023-10-15T16:46:10+00:00","breadcrumb":{"@id":"https:\/\/fuentesfidedignas.com.mx\/index.php\/2023\/10\/15\/puente-aereo-rescata-de-israel-a-158-mexicanos\/#breadcrumb"},"inLanguage":"es","potentialAction":[{"@type":"ReadAction","target":["https:\/\/fuentesfidedignas.com.mx\/index.php\/2023\/10\/15\/puente-aereo-rescata-de-israel-a-158-mexicanos\/"]}]},{"@type":"ImageObject","inLanguage":"es","@id":"https:\/\/fuentesfidedignas.com.mx\/index.php\/2023\/10\/15\/puente-aereo-rescata-de-israel-a-158-mexicanos\/#primaryimage","url":"https:\/\/fuentesfidedignas.com.mx\/wp-content\/uploads\/2023\/10\/AVION_SEDENA1.jpg","contentUrl":"https:\/\/fuentesfidedignas.com.mx\/wp-content\/uploads\/2023\/10\/AVION_SEDENA1.jpg","width":1106,"height":778},{"@type":"BreadcrumbList","@id":"https:\/\/fuentesfidedignas.com.mx\/index.php\/2023\/10\/15\/puente-aereo-rescata-de-israel-a-158-mexicanos\/#breadcrumb","itemListElement":[{"@type":"ListItem","position":1,"name":"Inicio","item":"https:\/\/fuentesfidedignas.com.mx\/"},{"@type":"ListItem","position":2,"name":"Puente a\u00e9reo rescata de Israel a 158 mexicanos"}]},{"@type":"WebSite","@id":"https:\/\/fuentesfidedignas.com.mx\/#website","url":"https:\/\/fuentesfidedignas.com.mx\/","name":"Fuentes Fidedignas","description":"Otro sitio realizado con WordPress","publisher":{"@id":"https:\/\/fuentesfidedignas.com.mx\/#organization"},"potentialAction":[{"@type":"SearchAction","target":{"@type":"EntryPoint","urlTemplate":"https:\/\/fuentesfidedignas.com.mx\/?s={search_term_string}"},"query-input":{"@type":"PropertyValueSpecification","valueRequired":true,"valueName":"search_term_string"}}],"inLanguage":"es"},{"@type":"Organization","@id":"https:\/\/fuentesfidedignas.com.mx\/#organization","name":"Fuentes Fidedignas","url":"https:\/\/fuentesfidedignas.com.mx\/","logo":{"@type":"ImageObject","inLanguage":"es","@id":"https:\/\/fuentesfidedignas.com.mx\/#\/schema\/logo\/image\/","url":"https:\/\/fuentesfidedignas.com.mx\/wp-content\/uploads\/2021\/04\/logo-retina.png","contentUrl":"https:\/\/fuentesfidedignas.com.mx\/wp-content\/uploads\/2021\/04\/logo-retina.png","width":280,"height":51,"caption":"Fuentes Fidedignas"},"image":{"@id":"https:\/\/fuentesfidedignas.com.mx\/#\/schema\/logo\/image\/"},"sameAs":["https:\/\/www.facebook.com\/Fuentes-Fidedignas-368234489921644","https:\/\/x.com\/fidedignas"]},{"@type":"Person","@id":"https:\/\/fuentesfidedignas.com.mx\/#\/schema\/person\/67d852f0557c8509146a4b9ddebd543a","name":"L\u00f3pez D\u00f3riga","image":{"@type":"ImageObject","inLanguage":"es","@id":"https:\/\/secure.gravatar.com\/avatar\/e525b06574ca18b33cded59dfe5778d6c823b9513154eff47da551b0551bdd1e?s=96&d=mm&r=g","url":"https:\/\/secure.gravatar.com\/avatar\/e525b06574ca18b33cded59dfe5778d6c823b9513154eff47da551b0551bdd1e?s=96&d=mm&r=g","contentUrl":"https:\/\/secure.gravatar.com\/avatar\/e525b06574ca18b33cded59dfe5778d6c823b9513154eff47da551b0551bdd1e?s=96&d=mm&r=g","caption":"L\u00f3pez D\u00f3riga"},"url":"https:\/\/fuentesfidedignas.com.mx\/index.php\/author\/doriga\/"}]}},"_links":{"self":[{"href":"https:\/\/fuentesfidedignas.com.mx\/index.php\/wp-json\/wp\/v2\/posts\/62474","targetHints":{"allow":["GET"]}}],"collection":[{"href":"https:\/\/fuentesfidedignas.com.mx\/index.php\/wp-json\/wp\/v2\/posts"}],"about":[{"href":"https:\/\/fuentesfidedignas.com.mx\/index.php\/wp-json\/wp\/v2\/types\/post"}],"author":[{"embeddable":true,"href":"https:\/\/fuentesfidedignas.com.mx\/index.php\/wp-json\/wp\/v2\/users\/47"}],"replies":[{"embeddable":true,"href":"https:\/\/fuentesfidedignas.com.mx\/index.php\/wp-json\/wp\/v2\/comments?post=62474"}],"version-history":[{"count":1,"href":"https:\/\/fuentesfidedignas.com.mx\/index.php\/wp-json\/wp\/v2\/posts\/62474\/revisions"}],"predecessor-version":[{"id":62476,"href":"https:\/\/fuentesfidedignas.com.mx\/index.php\/wp-json\/wp\/v2\/posts\/62474\/revisions\/62476"}],"wp:featuredmedia":[{"embeddable":true,"href":"https:\/\/fuentesfidedignas.com.mx\/index.php\/wp-json\/wp\/v2\/media\/62475"}],"wp:attachment":[{"href":"https:\/\/fuentesfidedignas.com.mx\/index.php\/wp-json\/wp\/v2\/media?parent=62474"}],"wp:term":[{"taxonomy":"category","embeddable":true,"href":"https:\/\/fuentesfidedignas.com.mx\/index.php\/wp-json\/wp\/v2\/categories?post=62474"},{"taxonomy":"post_tag","embeddable":true,"href":"https:\/\/fuentesfidedignas.com.mx\/index.php\/wp-json\/wp\/v2\/tags?post=62474"}],"curies":[{"name":"wp","href":"https:\/\/api.w.org\/{rel}","templated":true}]}}