{"id":62402,"date":"2023-10-14T07:03:35","date_gmt":"2023-10-14T14:03:35","guid":{"rendered":"https:\/\/fuentesfidedignas.com.mx\/?p=62402"},"modified":"2023-10-14T11:41:42","modified_gmt":"2023-10-14T18:41:42","slug":"envivo-eclipse-solar-anular-en-mexico","status":"publish","type":"post","link":"https:\/\/fuentesfidedignas.com.mx\/index.php\/2023\/10\/14\/envivo-eclipse-solar-anular-en-mexico\/","title":{"rendered":"As\u00ed se vio la transmisi\u00f3n en vivo del Eclipse solar anular en M\u00e9xico"},"content":{"rendered":"\n<p><strong><em>En M\u00e9xico, el eclipse solar anular, denominado \u201cel anillo de fuego\u201d, se podr\u00e1 apreciar en la Pen\u00ednsula de Yucat\u00e1n<\/em><\/strong><\/p>\n\n\n\n<p>Este s\u00e1bado se producir\u00e1 un\u00a0<strong>eclipse solar anular<\/strong>\u00a0que ser\u00e1 visible en el oeste de los\u00a0<strong>Estados Unidos<\/strong>, en algunos puntos de\u00a0<strong>Am\u00e9rica Central y del Sur<\/strong>, en\u00a0<strong>M\u00e9xico<\/strong>\u00a0particularmente en la\u00a0<strong>Pen\u00ednsula de Yucat\u00e1n<\/strong>, y de manera residual en\u00a0<strong>Europa<\/strong>.<\/p>\n\n\n\n<figure class=\"wp-block-embed is-type-video is-provider-youtube wp-block-embed-youtube wp-embed-aspect-16-9 wp-has-aspect-ratio\"><div class=\"wp-block-embed__wrapper\">\n<iframe loading=\"lazy\" title=\"En vivo: Eclipse solar anular 2023\" width=\"696\" height=\"392\" src=\"https:\/\/www.youtube.com\/embed\/GOTxtEfOPes?feature=oembed\" frameborder=\"0\" allow=\"accelerometer; autoplay; clipboard-write; encrypted-media; gyroscope; picture-in-picture; web-share\" allowfullscreen><\/iframe>\n<\/div><\/figure>\n\n\n\n<p>Un eclipse sucede cuando un objeto astron\u00f3mico oculta a otro total o parcialmente. Desde la\u00a0<strong>Tierra<\/strong>, podemos ver eclipses de\u00a0<strong>Sol<\/strong>\u00a0y de\u00a0<strong>Luna<\/strong>. En el primer caso, la\u00a0<strong>Luna<\/strong>\u00a0oculta el disco solar y en el segundo, la\u00a0<strong>Luna<\/strong>\u00a0se interpone en la sombra que la\u00a0<strong>Tierra<\/strong>\u00a0proyecta en el espacio.<\/p>\n\n\n\n<p>En un eclipse anular como el de este s\u00e1bado, la\u00a0<strong>Luna<\/strong>\u00a0no llega a cubrir el disco del Sol, aunque sus centros est\u00e9n bien alineados, y el resultado es un anillo brillante anaranjado que rodea el disco lunar.<\/p>\n\n\n\n<p>El eclipse podr\u00e1 ser visto en&nbsp;<strong>Am\u00e9rica<\/strong>&nbsp;(menos en el extremo m\u00e1s meridional), mientras que la franja de anularidad (cuando mejor se ver\u00e1 el anillo) cruzar\u00e1 Am\u00e9rica de noroeste a sudeste, pasando por M\u00e9xico, Belice, Honduras, Nicaragua, Panam\u00e1, Colombia y Brasil.<\/p>\n\n\n\n<figure class=\"wp-block-image\" id=\"attachment_1567816\"><img decoding=\"async\" src=\"https:\/\/i0.wp.com\/lopezdoriga.com\/wp-content\/uploads\/2023\/10\/eclipse-solar-en-mexico-horario-trayectoria-e-indicaciones.jpg?resize=572%2C459&amp;ssl=1\" alt=\"#EnVivo Eclipse solar anular en M\u00e9xico - eclipse-solar-en-mexico-horario-trayectoria-e-indicaciones\" class=\"wp-image-1567816\" title=\"\"\/><figcaption class=\"wp-element-caption\">La franja de anularidad atravesar\u00e1 Am\u00e9rica de noroeste a sudeste, pasando por los siguientes pa\u00edses: Estados Unidos, M\u00e9xico, Belice, Honduras, Nicaragua, Panam\u00e1, Colombia y Brasil. Cr\u00e9dito: OAN<\/figcaption><\/figure>\n\n\n\n<p>En total, el eclipse durar\u00e1 351 minutos (algo menos de 6 horas).<\/p>\n\n\n\n<p>El m\u00e1ximo se producir\u00e1 a las 17:59 h (<strong>hora universal<\/strong>) en el&nbsp;<strong>mar Caribe<\/strong>, frente a&nbsp;<strong>Punta Gorda<\/strong>&nbsp;(Nicaragua), en ese momento la magnitud del eclipse ser\u00e1 0.95 (la fracci\u00f3n del di\u00e1metro solar ocultado por la Luna).<\/p>\n\n\n\n<h3 class=\"wp-block-heading\">\u00bfD\u00f3nde ser\u00e1 visible el eclipse en M\u00e9xico?<\/h3>\n\n\n\n<p>En M\u00e9xico el eclipse solar anular, denominado \u201cel anillo de fuego\u201d, se podr\u00e1 apreciar en la\u00a0<strong>Pen\u00ednsula de Yucat\u00e1n<\/strong>, particularmente en el Sur de Quintana Roo, el Sur de Yucat\u00e1n y el norte de Campeche, incluyendo zonas arqueol\u00f3gicas como\u00a0<strong>Oxkintok<\/strong>,\u00a0<strong>Uxmal<\/strong>\u00a0y\u00a0<strong>Edzn\u00e1<\/strong>.<\/p>\n\n\n\n<p>En el resto del pa\u00eds, el fen\u00f3meno se podr\u00e1 apreciar de\u00a0<strong>manera parcial<\/strong>, con un porcentaje de entre el 53 y el 80 por ciento. En\u00a0<strong>Ciudad de M\u00e9xico<\/strong>, la Luna cubrir\u00e1 alrededor del 70 por ciento del disco solar, mientras que en\u00a0<strong>Monterrey<\/strong>, el Sol se oscurecer\u00e1 hasta 83 por ciento.<\/p>\n\n\n\n<p><\/p>\n","protected":false},"excerpt":{"rendered":"<p>En M\u00e9xico, el eclipse solar anular, denominado \u201cel anillo de fuego\u201d, se podr\u00e1 apreciar en la Pen\u00ednsula de Yucat\u00e1n Este s\u00e1bado se producir\u00e1 un\u00a0eclipse solar anular\u00a0que ser\u00e1 visible en el oeste de los\u00a0Estados Unidos, en algunos puntos de\u00a0Am\u00e9rica Central y del Sur, en\u00a0M\u00e9xico\u00a0particularmente en la\u00a0Pen\u00ednsula de Yucat\u00e1n, y de manera residual en\u00a0Europa. Un eclipse sucede [&hellip;]<\/p>\n","protected":false},"author":47,"featured_media":62404,"comment_status":"open","ping_status":"open","sticky":false,"template":"","format":"standard","meta":{"tdm_status":"","tdm_grid_status":"","footnotes":""},"categories":[39],"tags":[],"class_list":{"0":"post-62402","1":"post","2":"type-post","3":"status-publish","4":"format-standard","5":"has-post-thumbnail","7":"category-noticias-nacionales"},"yoast_head":"<!-- This site is optimized with the Yoast SEO plugin v27.5 - https:\/\/yoast.com\/product\/yoast-seo-wordpress\/ -->\n<title>As\u00ed se vio la transmisi\u00f3n en vivo del Eclipse solar anular en M\u00e9xico - Fuentes Fidedignas<\/title>\n<meta name=\"robots\" content=\"index, follow, max-snippet:-1, max-image-preview:large, max-video-preview:-1\" \/>\n<link rel=\"canonical\" href=\"https:\/\/fuentesfidedignas.com.mx\/index.php\/2023\/10\/14\/envivo-eclipse-solar-anular-en-mexico\/\" \/>\n<meta property=\"og:locale\" content=\"es_MX\" \/>\n<meta property=\"og:type\" content=\"article\" \/>\n<meta property=\"og:title\" content=\"As\u00ed se vio la transmisi\u00f3n en vivo del Eclipse solar anular en M\u00e9xico - Fuentes Fidedignas\" \/>\n<meta property=\"og:description\" content=\"En M\u00e9xico, el eclipse solar anular, denominado \u201cel anillo de fuego\u201d, se podr\u00e1 apreciar en la Pen\u00ednsula de Yucat\u00e1n Este s\u00e1bado se producir\u00e1 un\u00a0eclipse solar anular\u00a0que ser\u00e1 visible en el oeste de los\u00a0Estados Unidos, en algunos puntos de\u00a0Am\u00e9rica Central y del Sur, en\u00a0M\u00e9xico\u00a0particularmente en la\u00a0Pen\u00ednsula de Yucat\u00e1n, y de manera residual en\u00a0Europa. Un eclipse sucede [&hellip;]\" \/>\n<meta property=\"og:url\" content=\"https:\/\/fuentesfidedignas.com.mx\/index.php\/2023\/10\/14\/envivo-eclipse-solar-anular-en-mexico\/\" \/>\n<meta property=\"og:site_name\" content=\"Fuentes Fidedignas\" \/>\n<meta property=\"article:publisher\" content=\"https:\/\/www.facebook.com\/Fuentes-Fidedignas-368234489921644\" \/>\n<meta property=\"article:published_time\" content=\"2023-10-14T14:03:35+00:00\" \/>\n<meta property=\"article:modified_time\" content=\"2023-10-14T18:41:42+00:00\" \/>\n<meta property=\"og:image\" content=\"https:\/\/fuentesfidedignas.com.mx\/wp-content\/uploads\/2023\/10\/eclipse-solar-en-mexico-horario-trayectoria-e-indicaciones-2-scaled-1.jpg\" \/>\n\t<meta property=\"og:image:width\" content=\"1024\" \/>\n\t<meta property=\"og:image:height\" content=\"682\" \/>\n\t<meta property=\"og:image:type\" content=\"image\/jpeg\" \/>\n<meta name=\"author\" content=\"L\u00f3pez D\u00f3riga\" \/>\n<meta name=\"twitter:card\" content=\"summary_large_image\" \/>\n<meta name=\"twitter:creator\" content=\"@fidedignas\" \/>\n<meta name=\"twitter:site\" content=\"@fidedignas\" \/>\n<meta name=\"twitter:label1\" content=\"Escrito por\" \/>\n\t<meta name=\"twitter:data1\" content=\"L\u00f3pez D\u00f3riga\" \/>\n\t<meta name=\"twitter:label2\" content=\"Tiempo de lectura\" \/>\n\t<meta name=\"twitter:data2\" content=\"2 minutos\" \/>\n<script type=\"application\/ld+json\" class=\"yoast-schema-graph\">{\"@context\":\"https:\\\/\\\/schema.org\",\"@graph\":[{\"@type\":\"Article\",\"@id\":\"https:\\\/\\\/fuentesfidedignas.com.mx\\\/index.php\\\/2023\\\/10\\\/14\\\/envivo-eclipse-solar-anular-en-mexico\\\/#article\",\"isPartOf\":{\"@id\":\"https:\\\/\\\/fuentesfidedignas.com.mx\\\/index.php\\\/2023\\\/10\\\/14\\\/envivo-eclipse-solar-anular-en-mexico\\\/\"},\"author\":{\"name\":\"L\u00f3pez D\u00f3riga\",\"@id\":\"https:\\\/\\\/fuentesfidedignas.com.mx\\\/#\\\/schema\\\/person\\\/67d852f0557c8509146a4b9ddebd543a\"},\"headline\":\"As\u00ed se vio la transmisi\u00f3n en vivo del Eclipse solar anular en M\u00e9xico\",\"datePublished\":\"2023-10-14T14:03:35+00:00\",\"dateModified\":\"2023-10-14T18:41:42+00:00\",\"mainEntityOfPage\":{\"@id\":\"https:\\\/\\\/fuentesfidedignas.com.mx\\\/index.php\\\/2023\\\/10\\\/14\\\/envivo-eclipse-solar-anular-en-mexico\\\/\"},\"wordCount\":417,\"commentCount\":0,\"publisher\":{\"@id\":\"https:\\\/\\\/fuentesfidedignas.com.mx\\\/#organization\"},\"image\":{\"@id\":\"https:\\\/\\\/fuentesfidedignas.com.mx\\\/index.php\\\/2023\\\/10\\\/14\\\/envivo-eclipse-solar-anular-en-mexico\\\/#primaryimage\"},\"thumbnailUrl\":\"https:\\\/\\\/fuentesfidedignas.com.mx\\\/wp-content\\\/uploads\\\/2023\\\/10\\\/eclipse-solar-en-mexico-horario-trayectoria-e-indicaciones-2-scaled-1.jpg\",\"articleSection\":[\"NOTICIAS NACIONALES\"],\"inLanguage\":\"es\",\"potentialAction\":[{\"@type\":\"CommentAction\",\"name\":\"Comment\",\"target\":[\"https:\\\/\\\/fuentesfidedignas.com.mx\\\/index.php\\\/2023\\\/10\\\/14\\\/envivo-eclipse-solar-anular-en-mexico\\\/#respond\"]}]},{\"@type\":\"WebPage\",\"@id\":\"https:\\\/\\\/fuentesfidedignas.com.mx\\\/index.php\\\/2023\\\/10\\\/14\\\/envivo-eclipse-solar-anular-en-mexico\\\/\",\"url\":\"https:\\\/\\\/fuentesfidedignas.com.mx\\\/index.php\\\/2023\\\/10\\\/14\\\/envivo-eclipse-solar-anular-en-mexico\\\/\",\"name\":\"As\u00ed se vio la transmisi\u00f3n en vivo del Eclipse solar anular en M\u00e9xico - Fuentes Fidedignas\",\"isPartOf\":{\"@id\":\"https:\\\/\\\/fuentesfidedignas.com.mx\\\/#website\"},\"primaryImageOfPage\":{\"@id\":\"https:\\\/\\\/fuentesfidedignas.com.mx\\\/index.php\\\/2023\\\/10\\\/14\\\/envivo-eclipse-solar-anular-en-mexico\\\/#primaryimage\"},\"image\":{\"@id\":\"https:\\\/\\\/fuentesfidedignas.com.mx\\\/index.php\\\/2023\\\/10\\\/14\\\/envivo-eclipse-solar-anular-en-mexico\\\/#primaryimage\"},\"thumbnailUrl\":\"https:\\\/\\\/fuentesfidedignas.com.mx\\\/wp-content\\\/uploads\\\/2023\\\/10\\\/eclipse-solar-en-mexico-horario-trayectoria-e-indicaciones-2-scaled-1.jpg\",\"datePublished\":\"2023-10-14T14:03:35+00:00\",\"dateModified\":\"2023-10-14T18:41:42+00:00\",\"breadcrumb\":{\"@id\":\"https:\\\/\\\/fuentesfidedignas.com.mx\\\/index.php\\\/2023\\\/10\\\/14\\\/envivo-eclipse-solar-anular-en-mexico\\\/#breadcrumb\"},\"inLanguage\":\"es\",\"potentialAction\":[{\"@type\":\"ReadAction\",\"target\":[\"https:\\\/\\\/fuentesfidedignas.com.mx\\\/index.php\\\/2023\\\/10\\\/14\\\/envivo-eclipse-solar-anular-en-mexico\\\/\"]}]},{\"@type\":\"ImageObject\",\"inLanguage\":\"es\",\"@id\":\"https:\\\/\\\/fuentesfidedignas.com.mx\\\/index.php\\\/2023\\\/10\\\/14\\\/envivo-eclipse-solar-anular-en-mexico\\\/#primaryimage\",\"url\":\"https:\\\/\\\/fuentesfidedignas.com.mx\\\/wp-content\\\/uploads\\\/2023\\\/10\\\/eclipse-solar-en-mexico-horario-trayectoria-e-indicaciones-2-scaled-1.jpg\",\"contentUrl\":\"https:\\\/\\\/fuentesfidedignas.com.mx\\\/wp-content\\\/uploads\\\/2023\\\/10\\\/eclipse-solar-en-mexico-horario-trayectoria-e-indicaciones-2-scaled-1.jpg\",\"width\":1024,\"height\":682},{\"@type\":\"BreadcrumbList\",\"@id\":\"https:\\\/\\\/fuentesfidedignas.com.mx\\\/index.php\\\/2023\\\/10\\\/14\\\/envivo-eclipse-solar-anular-en-mexico\\\/#breadcrumb\",\"itemListElement\":[{\"@type\":\"ListItem\",\"position\":1,\"name\":\"Inicio\",\"item\":\"https:\\\/\\\/fuentesfidedignas.com.mx\\\/\"},{\"@type\":\"ListItem\",\"position\":2,\"name\":\"As\u00ed se vio la transmisi\u00f3n en vivo del Eclipse solar anular en M\u00e9xico\"}]},{\"@type\":\"WebSite\",\"@id\":\"https:\\\/\\\/fuentesfidedignas.com.mx\\\/#website\",\"url\":\"https:\\\/\\\/fuentesfidedignas.com.mx\\\/\",\"name\":\"Fuentes Fidedignas\",\"description\":\"Otro sitio realizado con WordPress\",\"publisher\":{\"@id\":\"https:\\\/\\\/fuentesfidedignas.com.mx\\\/#organization\"},\"potentialAction\":[{\"@type\":\"SearchAction\",\"target\":{\"@type\":\"EntryPoint\",\"urlTemplate\":\"https:\\\/\\\/fuentesfidedignas.com.mx\\\/?s={search_term_string}\"},\"query-input\":{\"@type\":\"PropertyValueSpecification\",\"valueRequired\":true,\"valueName\":\"search_term_string\"}}],\"inLanguage\":\"es\"},{\"@type\":\"Organization\",\"@id\":\"https:\\\/\\\/fuentesfidedignas.com.mx\\\/#organization\",\"name\":\"Fuentes Fidedignas\",\"url\":\"https:\\\/\\\/fuentesfidedignas.com.mx\\\/\",\"logo\":{\"@type\":\"ImageObject\",\"inLanguage\":\"es\",\"@id\":\"https:\\\/\\\/fuentesfidedignas.com.mx\\\/#\\\/schema\\\/logo\\\/image\\\/\",\"url\":\"https:\\\/\\\/fuentesfidedignas.com.mx\\\/wp-content\\\/uploads\\\/2021\\\/04\\\/logo-retina.png\",\"contentUrl\":\"https:\\\/\\\/fuentesfidedignas.com.mx\\\/wp-content\\\/uploads\\\/2021\\\/04\\\/logo-retina.png\",\"width\":280,\"height\":51,\"caption\":\"Fuentes Fidedignas\"},\"image\":{\"@id\":\"https:\\\/\\\/fuentesfidedignas.com.mx\\\/#\\\/schema\\\/logo\\\/image\\\/\"},\"sameAs\":[\"https:\\\/\\\/www.facebook.com\\\/Fuentes-Fidedignas-368234489921644\",\"https:\\\/\\\/x.com\\\/fidedignas\"]},{\"@type\":\"Person\",\"@id\":\"https:\\\/\\\/fuentesfidedignas.com.mx\\\/#\\\/schema\\\/person\\\/67d852f0557c8509146a4b9ddebd543a\",\"name\":\"L\u00f3pez D\u00f3riga\",\"image\":{\"@type\":\"ImageObject\",\"inLanguage\":\"es\",\"@id\":\"https:\\\/\\\/secure.gravatar.com\\\/avatar\\\/e525b06574ca18b33cded59dfe5778d6c823b9513154eff47da551b0551bdd1e?s=96&d=mm&r=g\",\"url\":\"https:\\\/\\\/secure.gravatar.com\\\/avatar\\\/e525b06574ca18b33cded59dfe5778d6c823b9513154eff47da551b0551bdd1e?s=96&d=mm&r=g\",\"contentUrl\":\"https:\\\/\\\/secure.gravatar.com\\\/avatar\\\/e525b06574ca18b33cded59dfe5778d6c823b9513154eff47da551b0551bdd1e?s=96&d=mm&r=g\",\"caption\":\"L\u00f3pez D\u00f3riga\"},\"url\":\"https:\\\/\\\/fuentesfidedignas.com.mx\\\/index.php\\\/author\\\/doriga\\\/\"}]}<\/script>\n<!-- \/ Yoast SEO plugin. -->","yoast_head_json":{"title":"As\u00ed se vio la transmisi\u00f3n en vivo del Eclipse solar anular en M\u00e9xico - Fuentes Fidedignas","robots":{"index":"index","follow":"follow","max-snippet":"max-snippet:-1","max-image-preview":"max-image-preview:large","max-video-preview":"max-video-preview:-1"},"canonical":"https:\/\/fuentesfidedignas.com.mx\/index.php\/2023\/10\/14\/envivo-eclipse-solar-anular-en-mexico\/","og_locale":"es_MX","og_type":"article","og_title":"As\u00ed se vio la transmisi\u00f3n en vivo del Eclipse solar anular en M\u00e9xico - Fuentes Fidedignas","og_description":"En M\u00e9xico, el eclipse solar anular, denominado \u201cel anillo de fuego\u201d, se podr\u00e1 apreciar en la Pen\u00ednsula de Yucat\u00e1n Este s\u00e1bado se producir\u00e1 un\u00a0eclipse solar anular\u00a0que ser\u00e1 visible en el oeste de los\u00a0Estados Unidos, en algunos puntos de\u00a0Am\u00e9rica Central y del Sur, en\u00a0M\u00e9xico\u00a0particularmente en la\u00a0Pen\u00ednsula de Yucat\u00e1n, y de manera residual en\u00a0Europa. Un eclipse sucede [&hellip;]","og_url":"https:\/\/fuentesfidedignas.com.mx\/index.php\/2023\/10\/14\/envivo-eclipse-solar-anular-en-mexico\/","og_site_name":"Fuentes Fidedignas","article_publisher":"https:\/\/www.facebook.com\/Fuentes-Fidedignas-368234489921644","article_published_time":"2023-10-14T14:03:35+00:00","article_modified_time":"2023-10-14T18:41:42+00:00","og_image":[{"width":1024,"height":682,"url":"https:\/\/fuentesfidedignas.com.mx\/wp-content\/uploads\/2023\/10\/eclipse-solar-en-mexico-horario-trayectoria-e-indicaciones-2-scaled-1.jpg","type":"image\/jpeg"}],"author":"L\u00f3pez D\u00f3riga","twitter_card":"summary_large_image","twitter_creator":"@fidedignas","twitter_site":"@fidedignas","twitter_misc":{"Escrito por":"L\u00f3pez D\u00f3riga","Tiempo de lectura":"2 minutos"},"schema":{"@context":"https:\/\/schema.org","@graph":[{"@type":"Article","@id":"https:\/\/fuentesfidedignas.com.mx\/index.php\/2023\/10\/14\/envivo-eclipse-solar-anular-en-mexico\/#article","isPartOf":{"@id":"https:\/\/fuentesfidedignas.com.mx\/index.php\/2023\/10\/14\/envivo-eclipse-solar-anular-en-mexico\/"},"author":{"name":"L\u00f3pez D\u00f3riga","@id":"https:\/\/fuentesfidedignas.com.mx\/#\/schema\/person\/67d852f0557c8509146a4b9ddebd543a"},"headline":"As\u00ed se vio la transmisi\u00f3n en vivo del Eclipse solar anular en M\u00e9xico","datePublished":"2023-10-14T14:03:35+00:00","dateModified":"2023-10-14T18:41:42+00:00","mainEntityOfPage":{"@id":"https:\/\/fuentesfidedignas.com.mx\/index.php\/2023\/10\/14\/envivo-eclipse-solar-anular-en-mexico\/"},"wordCount":417,"commentCount":0,"publisher":{"@id":"https:\/\/fuentesfidedignas.com.mx\/#organization"},"image":{"@id":"https:\/\/fuentesfidedignas.com.mx\/index.php\/2023\/10\/14\/envivo-eclipse-solar-anular-en-mexico\/#primaryimage"},"thumbnailUrl":"https:\/\/fuentesfidedignas.com.mx\/wp-content\/uploads\/2023\/10\/eclipse-solar-en-mexico-horario-trayectoria-e-indicaciones-2-scaled-1.jpg","articleSection":["NOTICIAS NACIONALES"],"inLanguage":"es","potentialAction":[{"@type":"CommentAction","name":"Comment","target":["https:\/\/fuentesfidedignas.com.mx\/index.php\/2023\/10\/14\/envivo-eclipse-solar-anular-en-mexico\/#respond"]}]},{"@type":"WebPage","@id":"https:\/\/fuentesfidedignas.com.mx\/index.php\/2023\/10\/14\/envivo-eclipse-solar-anular-en-mexico\/","url":"https:\/\/fuentesfidedignas.com.mx\/index.php\/2023\/10\/14\/envivo-eclipse-solar-anular-en-mexico\/","name":"As\u00ed se vio la transmisi\u00f3n en vivo del Eclipse solar anular en M\u00e9xico - Fuentes Fidedignas","isPartOf":{"@id":"https:\/\/fuentesfidedignas.com.mx\/#website"},"primaryImageOfPage":{"@id":"https:\/\/fuentesfidedignas.com.mx\/index.php\/2023\/10\/14\/envivo-eclipse-solar-anular-en-mexico\/#primaryimage"},"image":{"@id":"https:\/\/fuentesfidedignas.com.mx\/index.php\/2023\/10\/14\/envivo-eclipse-solar-anular-en-mexico\/#primaryimage"},"thumbnailUrl":"https:\/\/fuentesfidedignas.com.mx\/wp-content\/uploads\/2023\/10\/eclipse-solar-en-mexico-horario-trayectoria-e-indicaciones-2-scaled-1.jpg","datePublished":"2023-10-14T14:03:35+00:00","dateModified":"2023-10-14T18:41:42+00:00","breadcrumb":{"@id":"https:\/\/fuentesfidedignas.com.mx\/index.php\/2023\/10\/14\/envivo-eclipse-solar-anular-en-mexico\/#breadcrumb"},"inLanguage":"es","potentialAction":[{"@type":"ReadAction","target":["https:\/\/fuentesfidedignas.com.mx\/index.php\/2023\/10\/14\/envivo-eclipse-solar-anular-en-mexico\/"]}]},{"@type":"ImageObject","inLanguage":"es","@id":"https:\/\/fuentesfidedignas.com.mx\/index.php\/2023\/10\/14\/envivo-eclipse-solar-anular-en-mexico\/#primaryimage","url":"https:\/\/fuentesfidedignas.com.mx\/wp-content\/uploads\/2023\/10\/eclipse-solar-en-mexico-horario-trayectoria-e-indicaciones-2-scaled-1.jpg","contentUrl":"https:\/\/fuentesfidedignas.com.mx\/wp-content\/uploads\/2023\/10\/eclipse-solar-en-mexico-horario-trayectoria-e-indicaciones-2-scaled-1.jpg","width":1024,"height":682},{"@type":"BreadcrumbList","@id":"https:\/\/fuentesfidedignas.com.mx\/index.php\/2023\/10\/14\/envivo-eclipse-solar-anular-en-mexico\/#breadcrumb","itemListElement":[{"@type":"ListItem","position":1,"name":"Inicio","item":"https:\/\/fuentesfidedignas.com.mx\/"},{"@type":"ListItem","position":2,"name":"As\u00ed se vio la transmisi\u00f3n en vivo del Eclipse solar anular en M\u00e9xico"}]},{"@type":"WebSite","@id":"https:\/\/fuentesfidedignas.com.mx\/#website","url":"https:\/\/fuentesfidedignas.com.mx\/","name":"Fuentes Fidedignas","description":"Otro sitio realizado con WordPress","publisher":{"@id":"https:\/\/fuentesfidedignas.com.mx\/#organization"},"potentialAction":[{"@type":"SearchAction","target":{"@type":"EntryPoint","urlTemplate":"https:\/\/fuentesfidedignas.com.mx\/?s={search_term_string}"},"query-input":{"@type":"PropertyValueSpecification","valueRequired":true,"valueName":"search_term_string"}}],"inLanguage":"es"},{"@type":"Organization","@id":"https:\/\/fuentesfidedignas.com.mx\/#organization","name":"Fuentes Fidedignas","url":"https:\/\/fuentesfidedignas.com.mx\/","logo":{"@type":"ImageObject","inLanguage":"es","@id":"https:\/\/fuentesfidedignas.com.mx\/#\/schema\/logo\/image\/","url":"https:\/\/fuentesfidedignas.com.mx\/wp-content\/uploads\/2021\/04\/logo-retina.png","contentUrl":"https:\/\/fuentesfidedignas.com.mx\/wp-content\/uploads\/2021\/04\/logo-retina.png","width":280,"height":51,"caption":"Fuentes Fidedignas"},"image":{"@id":"https:\/\/fuentesfidedignas.com.mx\/#\/schema\/logo\/image\/"},"sameAs":["https:\/\/www.facebook.com\/Fuentes-Fidedignas-368234489921644","https:\/\/x.com\/fidedignas"]},{"@type":"Person","@id":"https:\/\/fuentesfidedignas.com.mx\/#\/schema\/person\/67d852f0557c8509146a4b9ddebd543a","name":"L\u00f3pez D\u00f3riga","image":{"@type":"ImageObject","inLanguage":"es","@id":"https:\/\/secure.gravatar.com\/avatar\/e525b06574ca18b33cded59dfe5778d6c823b9513154eff47da551b0551bdd1e?s=96&d=mm&r=g","url":"https:\/\/secure.gravatar.com\/avatar\/e525b06574ca18b33cded59dfe5778d6c823b9513154eff47da551b0551bdd1e?s=96&d=mm&r=g","contentUrl":"https:\/\/secure.gravatar.com\/avatar\/e525b06574ca18b33cded59dfe5778d6c823b9513154eff47da551b0551bdd1e?s=96&d=mm&r=g","caption":"L\u00f3pez D\u00f3riga"},"url":"https:\/\/fuentesfidedignas.com.mx\/index.php\/author\/doriga\/"}]}},"_links":{"self":[{"href":"https:\/\/fuentesfidedignas.com.mx\/index.php\/wp-json\/wp\/v2\/posts\/62402","targetHints":{"allow":["GET"]}}],"collection":[{"href":"https:\/\/fuentesfidedignas.com.mx\/index.php\/wp-json\/wp\/v2\/posts"}],"about":[{"href":"https:\/\/fuentesfidedignas.com.mx\/index.php\/wp-json\/wp\/v2\/types\/post"}],"author":[{"embeddable":true,"href":"https:\/\/fuentesfidedignas.com.mx\/index.php\/wp-json\/wp\/v2\/users\/47"}],"replies":[{"embeddable":true,"href":"https:\/\/fuentesfidedignas.com.mx\/index.php\/wp-json\/wp\/v2\/comments?post=62402"}],"version-history":[{"count":2,"href":"https:\/\/fuentesfidedignas.com.mx\/index.php\/wp-json\/wp\/v2\/posts\/62402\/revisions"}],"predecessor-version":[{"id":62411,"href":"https:\/\/fuentesfidedignas.com.mx\/index.php\/wp-json\/wp\/v2\/posts\/62402\/revisions\/62411"}],"wp:featuredmedia":[{"embeddable":true,"href":"https:\/\/fuentesfidedignas.com.mx\/index.php\/wp-json\/wp\/v2\/media\/62404"}],"wp:attachment":[{"href":"https:\/\/fuentesfidedignas.com.mx\/index.php\/wp-json\/wp\/v2\/media?parent=62402"}],"wp:term":[{"taxonomy":"category","embeddable":true,"href":"https:\/\/fuentesfidedignas.com.mx\/index.php\/wp-json\/wp\/v2\/categories?post=62402"},{"taxonomy":"post_tag","embeddable":true,"href":"https:\/\/fuentesfidedignas.com.mx\/index.php\/wp-json\/wp\/v2\/tags?post=62402"}],"curies":[{"name":"wp","href":"https:\/\/api.w.org\/{rel}","templated":true}]}}